{"id":9987,"date":"2017-10-05T00:00:00","date_gmt":"2017-10-04T22:00:00","guid":{"rendered":"https:\/\/abd.ong\/sin-categorizar\/presentem-el-nou-cataleg-educacio-per-la-transformacio-amb-perspectiva-de-genere\/"},"modified":"2021-02-18T17:36:53","modified_gmt":"2021-02-18T16:36:53","slug":"presentem-el-nou-cataleg-educacio-per-la-transformacio-amb-perspectiva-de-genere","status":"publish","type":"post","link":"https:\/\/abd.ong\/ca\/general-ca\/presentem-el-nou-cataleg-educacio-per-la-transformacio-amb-perspectiva-de-genere\/","title":{"rendered":"Presentem el nou cat\u00e0leg: &#8220;Educaci\u00f3 per la transformaci\u00f3 amb perspectiva de g\u00e8nere&#8221;"},"content":{"rendered":"<p>Teniu davant vostre el cat\u00e0leg de propostes que el programa de l\u2019Associaci\u00f3 Benestar i Desenvolupament, us pot oferir pel vostre espai educatiu i formatiu en mat\u00e8ria de coeducaci\u00f3 i prevenci\u00f3 de viol\u00e8ncies. <strong>Els centres educatius s\u00f3n espais privilegiats per poder treballar per a l&#8217;eradicaci\u00f3 del masclisme i altres viol\u00e8ncies.<\/strong> <strong>A m\u00e9s, traslladar aquesta tasca a tota la comunitat educativa pot amplificar els seus resultats.<\/strong> Per aix\u00f2 les activitats formatives que us presentem estan adre\u00e7ades i adaptades a l\u2019alumnat de prim\u00e0ria i secund\u00e0ria, altres etapes formatives, professionals educatius i fam\u00edlies. La nostra proposta pedag\u00f2gica persegueix fomentar relacions igualit\u00e0ries i visibilitzar i posar en valor les diversitats, a trav\u00e9s d\u2019activitats l\u00fadiques i reflexions guiades, des de dos eixos essencialment: la construcci\u00f3 de g\u00e8nere i la resoluci\u00f3 de conflictes.<\/p>\n<p style=\"text-align: center;\"><a href=\"http:\/\/abd-ong.org\/wp-content\/uploads\/2017\/10\/TALLERES-LARIS.pdf\"><img fetchpriority=\"high\" decoding=\"async\" class=\"wp-image-9346 size-full alignnone\" src=\"http:\/\/abd-ong.org\/wp-content\/uploads\/2017\/10\/cataleg-genere.jpg\" alt=\"\" width=\"505\" height=\"474\"><\/a><\/p>\n","protected":false},"excerpt":{"rendered":"<p>Teniu davant vostre el cat\u00e0leg de propostes que el programa de l\u2019Associaci\u00f3 Benestar i Desenvolupament, us pot oferir pel vostre espai educatiu i formatiu en mat\u00e8ria de coeducaci\u00f3 i prevenci\u00f3&hellip;<\/p>\n","protected":false},"author":1,"featured_media":190,"comment_status":"closed","ping_status":"closed","sticky":false,"template":"","format":"standard","meta":{"_acf_changed":false,"footnotes":""},"categories":[66],"tags":[],"class_list":["post-9987","post","type-post","status-publish","format-standard","has-post-thumbnail","hentry","category-general-ca"],"acf":[],"yoast_head":"<!-- This site is optimized with the Yoast SEO plugin v27.4 - https:\/\/yoast.com\/product\/yoast-seo-wordpress\/ -->\n<title>Presentem el nou cat\u00e0leg: &quot;Educaci\u00f3 per la transformaci\u00f3 amb perspectiva de g\u00e8nere&quot; - ABD<\/title>\n<meta name=\"description\" content=\"Teniu davant vostre el cat\u00e0leg de propostes que el programa de l\u2019Associaci\u00f3 Benestar i Desenvolupament, us pot oferir pel vostre espai educatiu i formatiu\" \/>\n<meta name=\"robots\" content=\"index, follow, max-snippet:-1, max-image-preview:large, max-video-preview:-1\" \/>\n<link rel=\"canonical\" href=\"https:\/\/abd.ong\/ca\/general-ca\/presentem-el-nou-cataleg-educacio-per-la-transformacio-amb-perspectiva-de-genere\/\" \/>\n<meta property=\"og:locale\" content=\"ca_ES\" \/>\n<meta property=\"og:type\" content=\"article\" \/>\n<meta property=\"og:title\" content=\"Presentem el nou cat\u00e0leg: &quot;Educaci\u00f3 per la transformaci\u00f3 amb perspectiva de g\u00e8nere&quot; - ABD\" \/>\n<meta property=\"og:description\" content=\"Teniu davant vostre el cat\u00e0leg de propostes que el programa de l\u2019Associaci\u00f3 Benestar i Desenvolupament, us pot oferir pel vostre espai educatiu i formatiu\" \/>\n<meta property=\"og:url\" content=\"https:\/\/abd.ong\/ca\/general-ca\/presentem-el-nou-cataleg-educacio-per-la-transformacio-amb-perspectiva-de-genere\/\" \/>\n<meta property=\"og:site_name\" content=\"ABD\" \/>\n<meta property=\"article:publisher\" content=\"https:\/\/www.facebook.com\/abd.ong\" \/>\n<meta property=\"article:published_time\" content=\"2017-10-04T22:00:00+00:00\" \/>\n<meta property=\"article:modified_time\" content=\"2021-02-18T16:36:53+00:00\" \/>\n<meta property=\"og:image\" content=\"https:\/\/abd.ong\/wp-content\/uploads\/2019\/09\/pablo-7.png\" \/>\n\t<meta property=\"og:image:width\" content=\"1024\" \/>\n\t<meta property=\"og:image:height\" content=\"512\" \/>\n\t<meta property=\"og:image:type\" content=\"image\/png\" \/>\n<meta name=\"author\" content=\"M_Disseny\" \/>\n<meta name=\"twitter:card\" content=\"summary_large_image\" \/>\n<meta name=\"twitter:creator\" content=\"@abd_ong\" \/>\n<meta name=\"twitter:site\" content=\"@abd_ong\" \/>\n<meta name=\"twitter:label1\" content=\"Escrit per\" \/>\n\t<meta name=\"twitter:data1\" content=\"M_Disseny\" \/>\n\t<meta name=\"twitter:label2\" content=\"Temps estimat de lectura\" \/>\n\t<meta name=\"twitter:data2\" content=\"1 minut\" \/>\n<script type=\"application\/ld+json\" class=\"yoast-schema-graph\">{\"@context\":\"https:\\\/\\\/schema.org\",\"@graph\":[{\"@type\":\"Article\",\"@id\":\"https:\\\/\\\/abd.ong\\\/ca\\\/general-ca\\\/presentem-el-nou-cataleg-educacio-per-la-transformacio-amb-perspectiva-de-genere\\\/#article\",\"isPartOf\":{\"@id\":\"https:\\\/\\\/abd.ong\\\/ca\\\/general-ca\\\/presentem-el-nou-cataleg-educacio-per-la-transformacio-amb-perspectiva-de-genere\\\/\"},\"author\":{\"name\":\"M_Disseny\",\"@id\":\"https:\\\/\\\/abd.ong\\\/ca\\\/#\\\/schema\\\/person\\\/1b9cf116597cda3a4b8900a43c641f6e\"},\"headline\":\"Presentem el nou cat\u00e0leg: &#8220;Educaci\u00f3 per la transformaci\u00f3 amb perspectiva de g\u00e8nere&#8221;\",\"datePublished\":\"2017-10-04T22:00:00+00:00\",\"dateModified\":\"2021-02-18T16:36:53+00:00\",\"mainEntityOfPage\":{\"@id\":\"https:\\\/\\\/abd.ong\\\/ca\\\/general-ca\\\/presentem-el-nou-cataleg-educacio-per-la-transformacio-amb-perspectiva-de-genere\\\/\"},\"wordCount\":159,\"publisher\":{\"@id\":\"https:\\\/\\\/abd.ong\\\/ca\\\/#organization\"},\"image\":{\"@id\":\"https:\\\/\\\/abd.ong\\\/ca\\\/general-ca\\\/presentem-el-nou-cataleg-educacio-per-la-transformacio-amb-perspectiva-de-genere\\\/#primaryimage\"},\"thumbnailUrl\":\"https:\\\/\\\/abd.ong\\\/wp-content\\\/uploads\\\/2019\\\/09\\\/pablo-7.png\",\"articleSection\":[\"General\"],\"inLanguage\":\"ca\"},{\"@type\":\"WebPage\",\"@id\":\"https:\\\/\\\/abd.ong\\\/ca\\\/general-ca\\\/presentem-el-nou-cataleg-educacio-per-la-transformacio-amb-perspectiva-de-genere\\\/\",\"url\":\"https:\\\/\\\/abd.ong\\\/ca\\\/general-ca\\\/presentem-el-nou-cataleg-educacio-per-la-transformacio-amb-perspectiva-de-genere\\\/\",\"name\":\"Presentem el nou cat\u00e0leg: \\\"Educaci\u00f3 per la transformaci\u00f3 amb perspectiva de g\u00e8nere\\\" - ABD\",\"isPartOf\":{\"@id\":\"https:\\\/\\\/abd.ong\\\/ca\\\/#website\"},\"primaryImageOfPage\":{\"@id\":\"https:\\\/\\\/abd.ong\\\/ca\\\/general-ca\\\/presentem-el-nou-cataleg-educacio-per-la-transformacio-amb-perspectiva-de-genere\\\/#primaryimage\"},\"image\":{\"@id\":\"https:\\\/\\\/abd.ong\\\/ca\\\/general-ca\\\/presentem-el-nou-cataleg-educacio-per-la-transformacio-amb-perspectiva-de-genere\\\/#primaryimage\"},\"thumbnailUrl\":\"https:\\\/\\\/abd.ong\\\/wp-content\\\/uploads\\\/2019\\\/09\\\/pablo-7.png\",\"datePublished\":\"2017-10-04T22:00:00+00:00\",\"dateModified\":\"2021-02-18T16:36:53+00:00\",\"description\":\"Teniu davant vostre el cat\u00e0leg de propostes que el programa de l\u2019Associaci\u00f3 Benestar i Desenvolupament, us pot oferir pel vostre espai educatiu i formatiu\",\"breadcrumb\":{\"@id\":\"https:\\\/\\\/abd.ong\\\/ca\\\/general-ca\\\/presentem-el-nou-cataleg-educacio-per-la-transformacio-amb-perspectiva-de-genere\\\/#breadcrumb\"},\"inLanguage\":\"ca\",\"potentialAction\":[{\"@type\":\"ReadAction\",\"target\":[\"https:\\\/\\\/abd.ong\\\/ca\\\/general-ca\\\/presentem-el-nou-cataleg-educacio-per-la-transformacio-amb-perspectiva-de-genere\\\/\"]}]},{\"@type\":\"ImageObject\",\"inLanguage\":\"ca\",\"@id\":\"https:\\\/\\\/abd.ong\\\/ca\\\/general-ca\\\/presentem-el-nou-cataleg-educacio-per-la-transformacio-amb-perspectiva-de-genere\\\/#primaryimage\",\"url\":\"https:\\\/\\\/abd.ong\\\/wp-content\\\/uploads\\\/2019\\\/09\\\/pablo-7.png\",\"contentUrl\":\"https:\\\/\\\/abd.ong\\\/wp-content\\\/uploads\\\/2019\\\/09\\\/pablo-7.png\",\"width\":1024,\"height\":512},{\"@type\":\"BreadcrumbList\",\"@id\":\"https:\\\/\\\/abd.ong\\\/ca\\\/general-ca\\\/presentem-el-nou-cataleg-educacio-per-la-transformacio-amb-perspectiva-de-genere\\\/#breadcrumb\",\"itemListElement\":[{\"@type\":\"ListItem\",\"position\":1,\"name\":\"Inici\",\"item\":\"https:\\\/\\\/abd.ong\\\/ca\\\/\"},{\"@type\":\"ListItem\",\"position\":2,\"name\":\"Presentem el nou cat\u00e0leg: &#8220;Educaci\u00f3 per la transformaci\u00f3 amb perspectiva de g\u00e8nere&#8221;\"}]},{\"@type\":\"WebSite\",\"@id\":\"https:\\\/\\\/abd.ong\\\/ca\\\/#website\",\"url\":\"https:\\\/\\\/abd.ong\\\/ca\\\/\",\"name\":\"ABD\",\"description\":\"Asociaci\u00f3n Bienestar y Desarrollo\",\"publisher\":{\"@id\":\"https:\\\/\\\/abd.ong\\\/ca\\\/#organization\"},\"potentialAction\":[{\"@type\":\"SearchAction\",\"target\":{\"@type\":\"EntryPoint\",\"urlTemplate\":\"https:\\\/\\\/abd.ong\\\/ca\\\/?s={search_term_string}\"},\"query-input\":{\"@type\":\"PropertyValueSpecification\",\"valueRequired\":true,\"valueName\":\"search_term_string\"}}],\"inLanguage\":\"ca\"},{\"@type\":\"Organization\",\"@id\":\"https:\\\/\\\/abd.ong\\\/ca\\\/#organization\",\"name\":\"Associaci\u00f3 Benestar i Desenvolupament\",\"alternateName\":\"ABD\",\"url\":\"https:\\\/\\\/abd.ong\\\/ca\\\/\",\"logo\":{\"@type\":\"ImageObject\",\"inLanguage\":\"ca\",\"@id\":\"https:\\\/\\\/abd.ong\\\/ca\\\/#\\\/schema\\\/logo\\\/image\\\/\",\"url\":\"https:\\\/\\\/abd.ong\\\/wp-content\\\/uploads\\\/2023\\\/01\\\/Icona.png\",\"contentUrl\":\"https:\\\/\\\/abd.ong\\\/wp-content\\\/uploads\\\/2023\\\/01\\\/Icona.png\",\"width\":190,\"height\":187,\"caption\":\"Associaci\u00f3 Benestar i Desenvolupament\"},\"image\":{\"@id\":\"https:\\\/\\\/abd.ong\\\/ca\\\/#\\\/schema\\\/logo\\\/image\\\/\"},\"sameAs\":[\"https:\\\/\\\/www.facebook.com\\\/abd.ong\",\"https:\\\/\\\/x.com\\\/abd_ong\",\"https:\\\/\\\/www.instagram.com\\\/abd_ong\\\/\",\"https:\\\/\\\/www.linkedin.com\\\/company\\\/abdong\",\"https:\\\/\\\/www.youtube.com\\\/user\\\/CANALABD\"]},{\"@type\":\"Person\",\"@id\":\"https:\\\/\\\/abd.ong\\\/ca\\\/#\\\/schema\\\/person\\\/1b9cf116597cda3a4b8900a43c641f6e\",\"name\":\"M_Disseny\"}]}<\/script>\n<!-- \/ Yoast SEO plugin. -->","yoast_head_json":{"title":"Presentem el nou cat\u00e0leg: \"Educaci\u00f3 per la transformaci\u00f3 amb perspectiva de g\u00e8nere\" - ABD","description":"Teniu davant vostre el cat\u00e0leg de propostes que el programa de l\u2019Associaci\u00f3 Benestar i Desenvolupament, us pot oferir pel vostre espai educatiu i formatiu","robots":{"index":"index","follow":"follow","max-snippet":"max-snippet:-1","max-image-preview":"max-image-preview:large","max-video-preview":"max-video-preview:-1"},"canonical":"https:\/\/abd.ong\/ca\/general-ca\/presentem-el-nou-cataleg-educacio-per-la-transformacio-amb-perspectiva-de-genere\/","og_locale":"ca_ES","og_type":"article","og_title":"Presentem el nou cat\u00e0leg: \"Educaci\u00f3 per la transformaci\u00f3 amb perspectiva de g\u00e8nere\" - ABD","og_description":"Teniu davant vostre el cat\u00e0leg de propostes que el programa de l\u2019Associaci\u00f3 Benestar i Desenvolupament, us pot oferir pel vostre espai educatiu i formatiu","og_url":"https:\/\/abd.ong\/ca\/general-ca\/presentem-el-nou-cataleg-educacio-per-la-transformacio-amb-perspectiva-de-genere\/","og_site_name":"ABD","article_publisher":"https:\/\/www.facebook.com\/abd.ong","article_published_time":"2017-10-04T22:00:00+00:00","article_modified_time":"2021-02-18T16:36:53+00:00","og_image":[{"width":1024,"height":512,"url":"https:\/\/abd.ong\/wp-content\/uploads\/2019\/09\/pablo-7.png","type":"image\/png"}],"author":"M_Disseny","twitter_card":"summary_large_image","twitter_creator":"@abd_ong","twitter_site":"@abd_ong","twitter_misc":{"Escrit per":"M_Disseny","Temps estimat de lectura":"1 minut"},"schema":{"@context":"https:\/\/schema.org","@graph":[{"@type":"Article","@id":"https:\/\/abd.ong\/ca\/general-ca\/presentem-el-nou-cataleg-educacio-per-la-transformacio-amb-perspectiva-de-genere\/#article","isPartOf":{"@id":"https:\/\/abd.ong\/ca\/general-ca\/presentem-el-nou-cataleg-educacio-per-la-transformacio-amb-perspectiva-de-genere\/"},"author":{"name":"M_Disseny","@id":"https:\/\/abd.ong\/ca\/#\/schema\/person\/1b9cf116597cda3a4b8900a43c641f6e"},"headline":"Presentem el nou cat\u00e0leg: &#8220;Educaci\u00f3 per la transformaci\u00f3 amb perspectiva de g\u00e8nere&#8221;","datePublished":"2017-10-04T22:00:00+00:00","dateModified":"2021-02-18T16:36:53+00:00","mainEntityOfPage":{"@id":"https:\/\/abd.ong\/ca\/general-ca\/presentem-el-nou-cataleg-educacio-per-la-transformacio-amb-perspectiva-de-genere\/"},"wordCount":159,"publisher":{"@id":"https:\/\/abd.ong\/ca\/#organization"},"image":{"@id":"https:\/\/abd.ong\/ca\/general-ca\/presentem-el-nou-cataleg-educacio-per-la-transformacio-amb-perspectiva-de-genere\/#primaryimage"},"thumbnailUrl":"https:\/\/abd.ong\/wp-content\/uploads\/2019\/09\/pablo-7.png","articleSection":["General"],"inLanguage":"ca"},{"@type":"WebPage","@id":"https:\/\/abd.ong\/ca\/general-ca\/presentem-el-nou-cataleg-educacio-per-la-transformacio-amb-perspectiva-de-genere\/","url":"https:\/\/abd.ong\/ca\/general-ca\/presentem-el-nou-cataleg-educacio-per-la-transformacio-amb-perspectiva-de-genere\/","name":"Presentem el nou cat\u00e0leg: \"Educaci\u00f3 per la transformaci\u00f3 amb perspectiva de g\u00e8nere\" - ABD","isPartOf":{"@id":"https:\/\/abd.ong\/ca\/#website"},"primaryImageOfPage":{"@id":"https:\/\/abd.ong\/ca\/general-ca\/presentem-el-nou-cataleg-educacio-per-la-transformacio-amb-perspectiva-de-genere\/#primaryimage"},"image":{"@id":"https:\/\/abd.ong\/ca\/general-ca\/presentem-el-nou-cataleg-educacio-per-la-transformacio-amb-perspectiva-de-genere\/#primaryimage"},"thumbnailUrl":"https:\/\/abd.ong\/wp-content\/uploads\/2019\/09\/pablo-7.png","datePublished":"2017-10-04T22:00:00+00:00","dateModified":"2021-02-18T16:36:53+00:00","description":"Teniu davant vostre el cat\u00e0leg de propostes que el programa de l\u2019Associaci\u00f3 Benestar i Desenvolupament, us pot oferir pel vostre espai educatiu i formatiu","breadcrumb":{"@id":"https:\/\/abd.ong\/ca\/general-ca\/presentem-el-nou-cataleg-educacio-per-la-transformacio-amb-perspectiva-de-genere\/#breadcrumb"},"inLanguage":"ca","potentialAction":[{"@type":"ReadAction","target":["https:\/\/abd.ong\/ca\/general-ca\/presentem-el-nou-cataleg-educacio-per-la-transformacio-amb-perspectiva-de-genere\/"]}]},{"@type":"ImageObject","inLanguage":"ca","@id":"https:\/\/abd.ong\/ca\/general-ca\/presentem-el-nou-cataleg-educacio-per-la-transformacio-amb-perspectiva-de-genere\/#primaryimage","url":"https:\/\/abd.ong\/wp-content\/uploads\/2019\/09\/pablo-7.png","contentUrl":"https:\/\/abd.ong\/wp-content\/uploads\/2019\/09\/pablo-7.png","width":1024,"height":512},{"@type":"BreadcrumbList","@id":"https:\/\/abd.ong\/ca\/general-ca\/presentem-el-nou-cataleg-educacio-per-la-transformacio-amb-perspectiva-de-genere\/#breadcrumb","itemListElement":[{"@type":"ListItem","position":1,"name":"Inici","item":"https:\/\/abd.ong\/ca\/"},{"@type":"ListItem","position":2,"name":"Presentem el nou cat\u00e0leg: &#8220;Educaci\u00f3 per la transformaci\u00f3 amb perspectiva de g\u00e8nere&#8221;"}]},{"@type":"WebSite","@id":"https:\/\/abd.ong\/ca\/#website","url":"https:\/\/abd.ong\/ca\/","name":"ABD","description":"Asociaci\u00f3n Bienestar y Desarrollo","publisher":{"@id":"https:\/\/abd.ong\/ca\/#organization"},"potentialAction":[{"@type":"SearchAction","target":{"@type":"EntryPoint","urlTemplate":"https:\/\/abd.ong\/ca\/?s={search_term_string}"},"query-input":{"@type":"PropertyValueSpecification","valueRequired":true,"valueName":"search_term_string"}}],"inLanguage":"ca"},{"@type":"Organization","@id":"https:\/\/abd.ong\/ca\/#organization","name":"Associaci\u00f3 Benestar i Desenvolupament","alternateName":"ABD","url":"https:\/\/abd.ong\/ca\/","logo":{"@type":"ImageObject","inLanguage":"ca","@id":"https:\/\/abd.ong\/ca\/#\/schema\/logo\/image\/","url":"https:\/\/abd.ong\/wp-content\/uploads\/2023\/01\/Icona.png","contentUrl":"https:\/\/abd.ong\/wp-content\/uploads\/2023\/01\/Icona.png","width":190,"height":187,"caption":"Associaci\u00f3 Benestar i Desenvolupament"},"image":{"@id":"https:\/\/abd.ong\/ca\/#\/schema\/logo\/image\/"},"sameAs":["https:\/\/www.facebook.com\/abd.ong","https:\/\/x.com\/abd_ong","https:\/\/www.instagram.com\/abd_ong\/","https:\/\/www.linkedin.com\/company\/abdong","https:\/\/www.youtube.com\/user\/CANALABD"]},{"@type":"Person","@id":"https:\/\/abd.ong\/ca\/#\/schema\/person\/1b9cf116597cda3a4b8900a43c641f6e","name":"M_Disseny"}]}},"_links":{"self":[{"href":"https:\/\/abd.ong\/ca\/wp-json\/wp\/v2\/posts\/9987","targetHints":{"allow":["GET"]}}],"collection":[{"href":"https:\/\/abd.ong\/ca\/wp-json\/wp\/v2\/posts"}],"about":[{"href":"https:\/\/abd.ong\/ca\/wp-json\/wp\/v2\/types\/post"}],"author":[{"embeddable":true,"href":"https:\/\/abd.ong\/ca\/wp-json\/wp\/v2\/users\/1"}],"replies":[{"embeddable":true,"href":"https:\/\/abd.ong\/ca\/wp-json\/wp\/v2\/comments?post=9987"}],"version-history":[{"count":1,"href":"https:\/\/abd.ong\/ca\/wp-json\/wp\/v2\/posts\/9987\/revisions"}],"predecessor-version":[{"id":20670,"href":"https:\/\/abd.ong\/ca\/wp-json\/wp\/v2\/posts\/9987\/revisions\/20670"}],"wp:featuredmedia":[{"embeddable":true,"href":"https:\/\/abd.ong\/ca\/wp-json\/wp\/v2\/media\/190"}],"wp:attachment":[{"href":"https:\/\/abd.ong\/ca\/wp-json\/wp\/v2\/media?parent=9987"}],"wp:term":[{"taxonomy":"category","embeddable":true,"href":"https:\/\/abd.ong\/ca\/wp-json\/wp\/v2\/categories?post=9987"},{"taxonomy":"post_tag","embeddable":true,"href":"https:\/\/abd.ong\/ca\/wp-json\/wp\/v2\/tags?post=9987"}],"curies":[{"name":"wp","href":"https:\/\/api.w.org\/{rel}","templated":true}]}}