{"id":44847,"date":"2023-03-21T09:40:54","date_gmt":"2023-03-21T08:40:54","guid":{"rendered":"https:\/\/abd.ong\/sense-categoria\/abd-participa-en-el-projecte-espais-infantils-0-3-de-la-fundacio-la-caixa-a-traves-de-preinfant\/"},"modified":"2023-03-22T09:28:29","modified_gmt":"2023-03-22T08:28:29","slug":"abd-participa-en-el-projecte-espais-infantils-0-3-de-la-fundacio-la-caixa-a-traves-de-preinfant","status":"publish","type":"post","link":"https:\/\/abd.ong\/ca\/infancia-i-familia\/abd-participa-en-el-projecte-espais-infantils-0-3-de-la-fundacio-la-caixa-a-traves-de-preinfant\/","title":{"rendered":"ABD participa en el projecte Espais infantils 0-3 de la Fundaci\u00f3 &#8220;la Caixa&#8221; a trav\u00e9s de Preinfant"},"content":{"rendered":"\n<p>El grup\u00a0<span class=\"hiddenSpellError\">ABD<\/span>, a trav\u00e9s de\u00a0<span class=\"hiddenSpellError\">Preinfant<\/span>, \u00e9s una de les entitats que participa en el projecte de<strong> suport a la primera inf\u00e0ncia en fam\u00edlies en situaci\u00f3 de vulnerabilitat social per causa de la pobresa<\/strong> desenvolupada per Fundaci\u00f3 &#8220;la Caixa&#8221; i finan\u00e7at per la Uni\u00f3 Europea amb els fons Next Generation EU.<\/p>\n\n<p>La iniciativa es desenvolupa en el marc de la Inversi\u00f3 7 &#8220;Foment del creixement inclusiu mitjan\u00e7ant la vinculaci\u00f3 de les pol\u00edtiques d&#8217;inclusi\u00f3 social a l&#8217;Ingr\u00e9s M\u00ednim Vital&#8221; del<strong> Component 23 del Pla de Recuperaci\u00f3, Transformaci\u00f3 i Resili\u00e8ncia<\/strong> (<span class=\"hiddenSpellError\">PRTR<\/span>) gestionat pel <strong>Ministeri d&#8217;Inclusi\u00f3,\u00a0Seguretat Social i Migracions<\/strong> (<span class=\"hiddenSpellError\">MISSM<\/span>), que t\u00e9 per objecte pilotar un model d&#8217;acci\u00f3 socioeducativa amb fam\u00edlies i inf\u00e0ncia 0-3 de qualitat en l&#8217;acompanyament i amb costos proporcionalment ajustats (per a la seva futura sostenibilitat i\u00a0<span class=\"hiddenGrammarError\">replicabilitat<\/span>) que incideixi en la millora de les\u00a0seves\u00a0compet\u00e8ncies parentals i empoderament.<\/p>\n\n<p>El projecte <em><strong>&#8220;Suport a Fam\u00edlies 0-3. Pilotatge d&#8217;experi\u00e8ncies de suport a la primera inf\u00e0ncia en fam\u00edlies en situaci\u00f3 de vulnerabilitat social per causa de la pobresa (PROJECTE 0-3)&#8221;<\/strong><\/em> s&#8217;ha posat en marxa a 9 comunitats aut\u00f2nomes (Andalusia, Arag\u00f3, Can\u00e0ries, Castella i Lle\u00f3, Catalunya, Comunitat Valenciana, Pa\u00eds Basc, Comunitat de Madrid i M\u00farcia) amb <strong>20 experi\u00e8ncies pilot<\/strong> per donar suport de manera espec\u00edfica i intensiva a les fam\u00edlies amb fills\/es d&#8217;entre 0 i 3 anys en situaci\u00f3 de vulnerabilitat. Compte amb un finan\u00e7ament de m\u00e9s de 2,7 milions d&#8217;euros i est\u00e0 previst que arribi a un total de 944 fam\u00edlies.<\/p>\n\n<p><strong>Cada experi\u00e8ncia pilot del PROJECTE 0-3 estar\u00e0 connectada amb la xarxa territorial &#8220;<span class=\"hiddenSpellError\">Caixaproinf\u00e0ncia<\/span><\/strong>&#8221; i la intervenci\u00f3 es desenvolupar\u00e0 sota els principis rectors del model d&#8217;intervenci\u00f3 del programa (valoraci\u00f3 social, disseny de plans de treball, prestaci\u00f3 de serveis, seguiment i avaluaci\u00f3), comptant sempre amb l&#8217;adhesi\u00f3 volunt\u00e0ria i el comprom\u00eds de les fam\u00edlies.<\/p>\n\n<p>En concret, els seus <strong>objectius espec\u00edfics<\/strong> s\u00f3n:<\/p>\n\n<ul class=\"wp-block-list\">\n<li>Desenvolupar les compet\u00e8ncies parentals des del paradigma de la parentalitat positiva amb \u00e8mfasi en la cura, la crian\u00e7a i el suport educatiu.<\/li>\n\n\n\n<li>Empoderar mares i pares de la inf\u00e0ncia 0-3 mitjan\u00e7ant l&#8217;enfortiment d&#8217;habilitats socials i el suport a processos d&#8217;inserci\u00f3 laboral i social.<\/li>\n\n\n\n<li>Potenciar el desenvolupament psicomotriu, cognitiu i social de la inf\u00e0ncia 0-3.<\/li>\n\n\n\n<li>Comparar els efectes que produeix el desenvolupament de tallers familiars en la reducci\u00f3 de la vulnerabilitat social de les fam\u00edlies, lincrement de les compet\u00e8ncies familiars i el desenvolupament infantil dels nens i les nenes.<\/li>\n<\/ul>\n\n<div style=\"height:30px\" aria-hidden=\"true\" class=\"wp-block-spacer\"><\/div>\n\n<h3 class=\"wp-block-heading\">Projecte 0-3 amb Preinfant<\/h3>\n\n<p>El grup ABD acompanya fam\u00edlies amb fills i filles de 0-3 anys des de fa m\u00e9s de 30 anys.<\/p>\n\n<p>El 1997 posa en marxa el programa d&#8217;acompanyament a la maternitat\u00a0<span class=\"hiddenSpellError\">Preinfant<\/span>, amb l&#8217;objectiu principal de protegir la salut f\u00edsica i mental de la inf\u00e0ncia disminuint\u00a0<span class=\"hiddenGreenError\" style=\"padding-bottom: 2px; background-image: url('..\/..\/..\/..\/..\/images\/squiggle_green.png'); background-repeat: repeat-x; background-position: left bottom; cursor: default; color: #000000; font-family: 'Open Sans', Helvetica, Arial, sans-serif; font-size: 16px; font-style: normal; font-variant-ligatures: normal; font-variant-caps: normal; font-weight: 300; letter-spacing: normal; orphans: 2; text-align: start; text-indent: 0px; text-transform: none; white-space: normal; widows: 2; word-spacing: 0px; -webkit-text-stroke-width: 0px; text-decoration-thickness: initial; text-decoration-style: initial; text-decoration-color: initial;\">i\/o<\/span>\u00a0eliminant aquelles situacions de risc que es poden donar al llarg de l&#8217;embar\u00e0s i dels primers anys de vida del nen\/a en un context familiar d&#8217;alta vulnerabilitat social. At\u00e9n anualment una mitjana de<strong> 200 fam\u00edlies<\/strong> derivades dels diferents recursos, serveis i entitats del territori i ara se sumen<strong> 48 fam\u00edlies<\/strong> que participen en el projecte 0-3 desenvolupat per la Fundaci\u00f3 &#8220;la Caixa&#8221;.<\/p>\n\n<p><\/p>\n\n<figure class=\"wp-block-image\"><img decoding=\"async\" src=\"https:\/\/static.wixstatic.com\/media\/5baaef_fb8187a70de947ac9dfbcc014df5b55e~mv2.png\/v1\/fill\/w_930,h_102,al_c,q_85,usm_0.66_1.00_0.01,enc_auto\/LOGOS-FINACIADORES.png\" alt=\"LOGOS-FINACIADORS.png\"\/><\/figure>\n\n<p><\/p>\n","protected":false},"excerpt":{"rendered":"<p>El grup\u00a0ABD, a trav\u00e9s de\u00a0Preinfant, \u00e9s una de les entitats que participa en el projecte de suport a la primera inf\u00e0ncia en fam\u00edlies en situaci\u00f3 de vulnerabilitat social per causa&hellip;<\/p>\n","protected":false},"author":9,"featured_media":44840,"comment_status":"closed","ping_status":"closed","sticky":false,"template":"","format":"standard","meta":{"_acf_changed":false,"footnotes":""},"categories":[1303],"tags":[675,3400,2626,2693,3401,2292],"class_list":["post-44847","post","type-post","status-publish","format-standard","has-post-thumbnail","hentry","category-infancia-i-familia","tag-asociacion-bienestar-y-desarrollo-ca","tag-fundacio-la-caixa","tag-infancia-ca","tag-preinfant-ca","tag-projecte-0-3","tag-vulnerabilitat-social"],"acf":[],"yoast_head":"<!-- This site is optimized with the Yoast SEO plugin v27.4 - https:\/\/yoast.com\/product\/yoast-seo-wordpress\/ -->\n<title>ABD participa en el projecte Espais infantils 0-3 de la Fundaci\u00f3 &quot;la Caixa&quot; a trav\u00e9s de Preinfant - ABD<\/title>\n<meta name=\"description\" content=\"El grup\u00a0ABD, a trav\u00e9s de\u00a0Preinfant, \u00e9s una de les entitats que participa en el projecte de suport a la primera inf\u00e0ncia en fam\u00edlies en situaci\u00f3 de\" \/>\n<meta name=\"robots\" content=\"index, follow, max-snippet:-1, max-image-preview:large, max-video-preview:-1\" \/>\n<link rel=\"canonical\" href=\"https:\/\/abd.ong\/ca\/infancia-i-familia\/abd-participa-en-el-projecte-espais-infantils-0-3-de-la-fundacio-la-caixa-a-traves-de-preinfant\/\" \/>\n<meta property=\"og:locale\" content=\"ca_ES\" \/>\n<meta property=\"og:type\" content=\"article\" \/>\n<meta property=\"og:title\" content=\"ABD participa en el projecte Espais infantils 0-3 de la Fundaci\u00f3 &quot;la Caixa&quot; a trav\u00e9s de Preinfant - ABD\" \/>\n<meta property=\"og:description\" content=\"El grup\u00a0ABD, a trav\u00e9s de\u00a0Preinfant, \u00e9s una de les entitats que participa en el projecte de suport a la primera inf\u00e0ncia en fam\u00edlies en situaci\u00f3 de\" \/>\n<meta property=\"og:url\" content=\"https:\/\/abd.ong\/ca\/infancia-i-familia\/abd-participa-en-el-projecte-espais-infantils-0-3-de-la-fundacio-la-caixa-a-traves-de-preinfant\/\" \/>\n<meta property=\"og:site_name\" content=\"ABD\" \/>\n<meta property=\"article:publisher\" content=\"https:\/\/www.facebook.com\/abd.ong\" \/>\n<meta property=\"article:published_time\" content=\"2023-03-21T08:40:54+00:00\" \/>\n<meta property=\"article:modified_time\" content=\"2023-03-22T08:28:29+00:00\" \/>\n<meta property=\"og:image\" content=\"https:\/\/abd.ong\/wp-content\/uploads\/2023\/03\/WhatsApp-Image-2023-03-20-at-11.19.18-3-e1679385939979.jpeg\" \/>\n\t<meta property=\"og:image:width\" content=\"2048\" \/>\n\t<meta property=\"og:image:height\" content=\"1536\" \/>\n\t<meta property=\"og:image:type\" content=\"image\/jpeg\" \/>\n<meta name=\"author\" content=\"Maria Creixell\" \/>\n<meta name=\"twitter:card\" content=\"summary_large_image\" \/>\n<meta name=\"twitter:creator\" content=\"@abd_ong\" \/>\n<meta name=\"twitter:site\" content=\"@abd_ong\" \/>\n<meta name=\"twitter:label1\" content=\"Escrit per\" \/>\n\t<meta name=\"twitter:data1\" content=\"Maria Creixell\" \/>\n\t<meta name=\"twitter:label2\" content=\"Temps estimat de lectura\" \/>\n\t<meta name=\"twitter:data2\" content=\"3 minuts\" \/>\n<script type=\"application\/ld+json\" class=\"yoast-schema-graph\">{\"@context\":\"https:\\\/\\\/schema.org\",\"@graph\":[{\"@type\":\"Article\",\"@id\":\"https:\\\/\\\/abd.ong\\\/ca\\\/infancia-i-familia\\\/abd-participa-en-el-projecte-espais-infantils-0-3-de-la-fundacio-la-caixa-a-traves-de-preinfant\\\/#article\",\"isPartOf\":{\"@id\":\"https:\\\/\\\/abd.ong\\\/ca\\\/infancia-i-familia\\\/abd-participa-en-el-projecte-espais-infantils-0-3-de-la-fundacio-la-caixa-a-traves-de-preinfant\\\/\"},\"author\":{\"name\":\"Maria Creixell\",\"@id\":\"https:\\\/\\\/abd.ong\\\/ca\\\/#\\\/schema\\\/person\\\/d2e158b4173f683b3898e286f5b35a10\"},\"headline\":\"ABD participa en el projecte Espais infantils 0-3 de la Fundaci\u00f3 &#8220;la Caixa&#8221; a trav\u00e9s de Preinfant\",\"datePublished\":\"2023-03-21T08:40:54+00:00\",\"dateModified\":\"2023-03-22T08:28:29+00:00\",\"mainEntityOfPage\":{\"@id\":\"https:\\\/\\\/abd.ong\\\/ca\\\/infancia-i-familia\\\/abd-participa-en-el-projecte-espais-infantils-0-3-de-la-fundacio-la-caixa-a-traves-de-preinfant\\\/\"},\"wordCount\":574,\"publisher\":{\"@id\":\"https:\\\/\\\/abd.ong\\\/ca\\\/#organization\"},\"image\":{\"@id\":\"https:\\\/\\\/abd.ong\\\/ca\\\/infancia-i-familia\\\/abd-participa-en-el-projecte-espais-infantils-0-3-de-la-fundacio-la-caixa-a-traves-de-preinfant\\\/#primaryimage\"},\"thumbnailUrl\":\"https:\\\/\\\/abd.ong\\\/wp-content\\\/uploads\\\/2023\\\/03\\\/WhatsApp-Image-2023-03-20-at-11.19.18-3-e1679385939979.jpeg\",\"keywords\":[\"Asociaci\u00f3n Bienestar y Desarrollo\",\"Fundaci\u00f3 La Caixa\",\"inf\u00e0ncia\",\"Preinfant\",\"projecte 0-3\",\"vulnerabilitat social\"],\"articleSection\":[\"Inf\u00e0ncia i fam\u00edlia\"],\"inLanguage\":\"ca\"},{\"@type\":\"WebPage\",\"@id\":\"https:\\\/\\\/abd.ong\\\/ca\\\/infancia-i-familia\\\/abd-participa-en-el-projecte-espais-infantils-0-3-de-la-fundacio-la-caixa-a-traves-de-preinfant\\\/\",\"url\":\"https:\\\/\\\/abd.ong\\\/ca\\\/infancia-i-familia\\\/abd-participa-en-el-projecte-espais-infantils-0-3-de-la-fundacio-la-caixa-a-traves-de-preinfant\\\/\",\"name\":\"ABD participa en el projecte Espais infantils 0-3 de la Fundaci\u00f3 \\\"la Caixa\\\" a trav\u00e9s de Preinfant - ABD\",\"isPartOf\":{\"@id\":\"https:\\\/\\\/abd.ong\\\/ca\\\/#website\"},\"primaryImageOfPage\":{\"@id\":\"https:\\\/\\\/abd.ong\\\/ca\\\/infancia-i-familia\\\/abd-participa-en-el-projecte-espais-infantils-0-3-de-la-fundacio-la-caixa-a-traves-de-preinfant\\\/#primaryimage\"},\"image\":{\"@id\":\"https:\\\/\\\/abd.ong\\\/ca\\\/infancia-i-familia\\\/abd-participa-en-el-projecte-espais-infantils-0-3-de-la-fundacio-la-caixa-a-traves-de-preinfant\\\/#primaryimage\"},\"thumbnailUrl\":\"https:\\\/\\\/abd.ong\\\/wp-content\\\/uploads\\\/2023\\\/03\\\/WhatsApp-Image-2023-03-20-at-11.19.18-3-e1679385939979.jpeg\",\"datePublished\":\"2023-03-21T08:40:54+00:00\",\"dateModified\":\"2023-03-22T08:28:29+00:00\",\"description\":\"El grup\u00a0ABD, a trav\u00e9s de\u00a0Preinfant, \u00e9s una de les entitats que participa en el projecte de suport a la primera inf\u00e0ncia en fam\u00edlies en situaci\u00f3 de\",\"breadcrumb\":{\"@id\":\"https:\\\/\\\/abd.ong\\\/ca\\\/infancia-i-familia\\\/abd-participa-en-el-projecte-espais-infantils-0-3-de-la-fundacio-la-caixa-a-traves-de-preinfant\\\/#breadcrumb\"},\"inLanguage\":\"ca\",\"potentialAction\":[{\"@type\":\"ReadAction\",\"target\":[\"https:\\\/\\\/abd.ong\\\/ca\\\/infancia-i-familia\\\/abd-participa-en-el-projecte-espais-infantils-0-3-de-la-fundacio-la-caixa-a-traves-de-preinfant\\\/\"]}]},{\"@type\":\"ImageObject\",\"inLanguage\":\"ca\",\"@id\":\"https:\\\/\\\/abd.ong\\\/ca\\\/infancia-i-familia\\\/abd-participa-en-el-projecte-espais-infantils-0-3-de-la-fundacio-la-caixa-a-traves-de-preinfant\\\/#primaryimage\",\"url\":\"https:\\\/\\\/abd.ong\\\/wp-content\\\/uploads\\\/2023\\\/03\\\/WhatsApp-Image-2023-03-20-at-11.19.18-3-e1679385939979.jpeg\",\"contentUrl\":\"https:\\\/\\\/abd.ong\\\/wp-content\\\/uploads\\\/2023\\\/03\\\/WhatsApp-Image-2023-03-20-at-11.19.18-3-e1679385939979.jpeg\",\"width\":2048,\"height\":1536},{\"@type\":\"BreadcrumbList\",\"@id\":\"https:\\\/\\\/abd.ong\\\/ca\\\/infancia-i-familia\\\/abd-participa-en-el-projecte-espais-infantils-0-3-de-la-fundacio-la-caixa-a-traves-de-preinfant\\\/#breadcrumb\",\"itemListElement\":[{\"@type\":\"ListItem\",\"position\":1,\"name\":\"Inici\",\"item\":\"https:\\\/\\\/abd.ong\\\/ca\\\/\"},{\"@type\":\"ListItem\",\"position\":2,\"name\":\"ABD participa en el projecte Espais infantils 0-3 de la Fundaci\u00f3 &#8220;la Caixa&#8221; a trav\u00e9s de Preinfant\"}]},{\"@type\":\"WebSite\",\"@id\":\"https:\\\/\\\/abd.ong\\\/ca\\\/#website\",\"url\":\"https:\\\/\\\/abd.ong\\\/ca\\\/\",\"name\":\"ABD\",\"description\":\"Asociaci\u00f3n Bienestar y Desarrollo\",\"publisher\":{\"@id\":\"https:\\\/\\\/abd.ong\\\/ca\\\/#organization\"},\"potentialAction\":[{\"@type\":\"SearchAction\",\"target\":{\"@type\":\"EntryPoint\",\"urlTemplate\":\"https:\\\/\\\/abd.ong\\\/ca\\\/?s={search_term_string}\"},\"query-input\":{\"@type\":\"PropertyValueSpecification\",\"valueRequired\":true,\"valueName\":\"search_term_string\"}}],\"inLanguage\":\"ca\"},{\"@type\":\"Organization\",\"@id\":\"https:\\\/\\\/abd.ong\\\/ca\\\/#organization\",\"name\":\"Associaci\u00f3 Benestar i Desenvolupament\",\"alternateName\":\"ABD\",\"url\":\"https:\\\/\\\/abd.ong\\\/ca\\\/\",\"logo\":{\"@type\":\"ImageObject\",\"inLanguage\":\"ca\",\"@id\":\"https:\\\/\\\/abd.ong\\\/ca\\\/#\\\/schema\\\/logo\\\/image\\\/\",\"url\":\"https:\\\/\\\/abd.ong\\\/wp-content\\\/uploads\\\/2023\\\/01\\\/Icona.png\",\"contentUrl\":\"https:\\\/\\\/abd.ong\\\/wp-content\\\/uploads\\\/2023\\\/01\\\/Icona.png\",\"width\":190,\"height\":187,\"caption\":\"Associaci\u00f3 Benestar i Desenvolupament\"},\"image\":{\"@id\":\"https:\\\/\\\/abd.ong\\\/ca\\\/#\\\/schema\\\/logo\\\/image\\\/\"},\"sameAs\":[\"https:\\\/\\\/www.facebook.com\\\/abd.ong\",\"https:\\\/\\\/x.com\\\/abd_ong\",\"https:\\\/\\\/www.instagram.com\\\/abd_ong\\\/\",\"https:\\\/\\\/www.linkedin.com\\\/company\\\/abdong\",\"https:\\\/\\\/www.youtube.com\\\/user\\\/CANALABD\"]},{\"@type\":\"Person\",\"@id\":\"https:\\\/\\\/abd.ong\\\/ca\\\/#\\\/schema\\\/person\\\/d2e158b4173f683b3898e286f5b35a10\",\"name\":\"Maria Creixell\"}]}<\/script>\n<!-- \/ Yoast SEO plugin. -->","yoast_head_json":{"title":"ABD participa en el projecte Espais infantils 0-3 de la Fundaci\u00f3 \"la Caixa\" a trav\u00e9s de Preinfant - ABD","description":"El grup\u00a0ABD, a trav\u00e9s de\u00a0Preinfant, \u00e9s una de les entitats que participa en el projecte de suport a la primera inf\u00e0ncia en fam\u00edlies en situaci\u00f3 de","robots":{"index":"index","follow":"follow","max-snippet":"max-snippet:-1","max-image-preview":"max-image-preview:large","max-video-preview":"max-video-preview:-1"},"canonical":"https:\/\/abd.ong\/ca\/infancia-i-familia\/abd-participa-en-el-projecte-espais-infantils-0-3-de-la-fundacio-la-caixa-a-traves-de-preinfant\/","og_locale":"ca_ES","og_type":"article","og_title":"ABD participa en el projecte Espais infantils 0-3 de la Fundaci\u00f3 \"la Caixa\" a trav\u00e9s de Preinfant - ABD","og_description":"El grup\u00a0ABD, a trav\u00e9s de\u00a0Preinfant, \u00e9s una de les entitats que participa en el projecte de suport a la primera inf\u00e0ncia en fam\u00edlies en situaci\u00f3 de","og_url":"https:\/\/abd.ong\/ca\/infancia-i-familia\/abd-participa-en-el-projecte-espais-infantils-0-3-de-la-fundacio-la-caixa-a-traves-de-preinfant\/","og_site_name":"ABD","article_publisher":"https:\/\/www.facebook.com\/abd.ong","article_published_time":"2023-03-21T08:40:54+00:00","article_modified_time":"2023-03-22T08:28:29+00:00","og_image":[{"width":2048,"height":1536,"url":"https:\/\/abd.ong\/wp-content\/uploads\/2023\/03\/WhatsApp-Image-2023-03-20-at-11.19.18-3-e1679385939979.jpeg","type":"image\/jpeg"}],"author":"Maria Creixell","twitter_card":"summary_large_image","twitter_creator":"@abd_ong","twitter_site":"@abd_ong","twitter_misc":{"Escrit per":"Maria Creixell","Temps estimat de lectura":"3 minuts"},"schema":{"@context":"https:\/\/schema.org","@graph":[{"@type":"Article","@id":"https:\/\/abd.ong\/ca\/infancia-i-familia\/abd-participa-en-el-projecte-espais-infantils-0-3-de-la-fundacio-la-caixa-a-traves-de-preinfant\/#article","isPartOf":{"@id":"https:\/\/abd.ong\/ca\/infancia-i-familia\/abd-participa-en-el-projecte-espais-infantils-0-3-de-la-fundacio-la-caixa-a-traves-de-preinfant\/"},"author":{"name":"Maria Creixell","@id":"https:\/\/abd.ong\/ca\/#\/schema\/person\/d2e158b4173f683b3898e286f5b35a10"},"headline":"ABD participa en el projecte Espais infantils 0-3 de la Fundaci\u00f3 &#8220;la Caixa&#8221; a trav\u00e9s de Preinfant","datePublished":"2023-03-21T08:40:54+00:00","dateModified":"2023-03-22T08:28:29+00:00","mainEntityOfPage":{"@id":"https:\/\/abd.ong\/ca\/infancia-i-familia\/abd-participa-en-el-projecte-espais-infantils-0-3-de-la-fundacio-la-caixa-a-traves-de-preinfant\/"},"wordCount":574,"publisher":{"@id":"https:\/\/abd.ong\/ca\/#organization"},"image":{"@id":"https:\/\/abd.ong\/ca\/infancia-i-familia\/abd-participa-en-el-projecte-espais-infantils-0-3-de-la-fundacio-la-caixa-a-traves-de-preinfant\/#primaryimage"},"thumbnailUrl":"https:\/\/abd.ong\/wp-content\/uploads\/2023\/03\/WhatsApp-Image-2023-03-20-at-11.19.18-3-e1679385939979.jpeg","keywords":["Asociaci\u00f3n Bienestar y Desarrollo","Fundaci\u00f3 La Caixa","inf\u00e0ncia","Preinfant","projecte 0-3","vulnerabilitat social"],"articleSection":["Inf\u00e0ncia i fam\u00edlia"],"inLanguage":"ca"},{"@type":"WebPage","@id":"https:\/\/abd.ong\/ca\/infancia-i-familia\/abd-participa-en-el-projecte-espais-infantils-0-3-de-la-fundacio-la-caixa-a-traves-de-preinfant\/","url":"https:\/\/abd.ong\/ca\/infancia-i-familia\/abd-participa-en-el-projecte-espais-infantils-0-3-de-la-fundacio-la-caixa-a-traves-de-preinfant\/","name":"ABD participa en el projecte Espais infantils 0-3 de la Fundaci\u00f3 \"la Caixa\" a trav\u00e9s de Preinfant - ABD","isPartOf":{"@id":"https:\/\/abd.ong\/ca\/#website"},"primaryImageOfPage":{"@id":"https:\/\/abd.ong\/ca\/infancia-i-familia\/abd-participa-en-el-projecte-espais-infantils-0-3-de-la-fundacio-la-caixa-a-traves-de-preinfant\/#primaryimage"},"image":{"@id":"https:\/\/abd.ong\/ca\/infancia-i-familia\/abd-participa-en-el-projecte-espais-infantils-0-3-de-la-fundacio-la-caixa-a-traves-de-preinfant\/#primaryimage"},"thumbnailUrl":"https:\/\/abd.ong\/wp-content\/uploads\/2023\/03\/WhatsApp-Image-2023-03-20-at-11.19.18-3-e1679385939979.jpeg","datePublished":"2023-03-21T08:40:54+00:00","dateModified":"2023-03-22T08:28:29+00:00","description":"El grup\u00a0ABD, a trav\u00e9s de\u00a0Preinfant, \u00e9s una de les entitats que participa en el projecte de suport a la primera inf\u00e0ncia en fam\u00edlies en situaci\u00f3 de","breadcrumb":{"@id":"https:\/\/abd.ong\/ca\/infancia-i-familia\/abd-participa-en-el-projecte-espais-infantils-0-3-de-la-fundacio-la-caixa-a-traves-de-preinfant\/#breadcrumb"},"inLanguage":"ca","potentialAction":[{"@type":"ReadAction","target":["https:\/\/abd.ong\/ca\/infancia-i-familia\/abd-participa-en-el-projecte-espais-infantils-0-3-de-la-fundacio-la-caixa-a-traves-de-preinfant\/"]}]},{"@type":"ImageObject","inLanguage":"ca","@id":"https:\/\/abd.ong\/ca\/infancia-i-familia\/abd-participa-en-el-projecte-espais-infantils-0-3-de-la-fundacio-la-caixa-a-traves-de-preinfant\/#primaryimage","url":"https:\/\/abd.ong\/wp-content\/uploads\/2023\/03\/WhatsApp-Image-2023-03-20-at-11.19.18-3-e1679385939979.jpeg","contentUrl":"https:\/\/abd.ong\/wp-content\/uploads\/2023\/03\/WhatsApp-Image-2023-03-20-at-11.19.18-3-e1679385939979.jpeg","width":2048,"height":1536},{"@type":"BreadcrumbList","@id":"https:\/\/abd.ong\/ca\/infancia-i-familia\/abd-participa-en-el-projecte-espais-infantils-0-3-de-la-fundacio-la-caixa-a-traves-de-preinfant\/#breadcrumb","itemListElement":[{"@type":"ListItem","position":1,"name":"Inici","item":"https:\/\/abd.ong\/ca\/"},{"@type":"ListItem","position":2,"name":"ABD participa en el projecte Espais infantils 0-3 de la Fundaci\u00f3 &#8220;la Caixa&#8221; a trav\u00e9s de Preinfant"}]},{"@type":"WebSite","@id":"https:\/\/abd.ong\/ca\/#website","url":"https:\/\/abd.ong\/ca\/","name":"ABD","description":"Asociaci\u00f3n Bienestar y Desarrollo","publisher":{"@id":"https:\/\/abd.ong\/ca\/#organization"},"potentialAction":[{"@type":"SearchAction","target":{"@type":"EntryPoint","urlTemplate":"https:\/\/abd.ong\/ca\/?s={search_term_string}"},"query-input":{"@type":"PropertyValueSpecification","valueRequired":true,"valueName":"search_term_string"}}],"inLanguage":"ca"},{"@type":"Organization","@id":"https:\/\/abd.ong\/ca\/#organization","name":"Associaci\u00f3 Benestar i Desenvolupament","alternateName":"ABD","url":"https:\/\/abd.ong\/ca\/","logo":{"@type":"ImageObject","inLanguage":"ca","@id":"https:\/\/abd.ong\/ca\/#\/schema\/logo\/image\/","url":"https:\/\/abd.ong\/wp-content\/uploads\/2023\/01\/Icona.png","contentUrl":"https:\/\/abd.ong\/wp-content\/uploads\/2023\/01\/Icona.png","width":190,"height":187,"caption":"Associaci\u00f3 Benestar i Desenvolupament"},"image":{"@id":"https:\/\/abd.ong\/ca\/#\/schema\/logo\/image\/"},"sameAs":["https:\/\/www.facebook.com\/abd.ong","https:\/\/x.com\/abd_ong","https:\/\/www.instagram.com\/abd_ong\/","https:\/\/www.linkedin.com\/company\/abdong","https:\/\/www.youtube.com\/user\/CANALABD"]},{"@type":"Person","@id":"https:\/\/abd.ong\/ca\/#\/schema\/person\/d2e158b4173f683b3898e286f5b35a10","name":"Maria Creixell"}]}},"_links":{"self":[{"href":"https:\/\/abd.ong\/ca\/wp-json\/wp\/v2\/posts\/44847","targetHints":{"allow":["GET"]}}],"collection":[{"href":"https:\/\/abd.ong\/ca\/wp-json\/wp\/v2\/posts"}],"about":[{"href":"https:\/\/abd.ong\/ca\/wp-json\/wp\/v2\/types\/post"}],"author":[{"embeddable":true,"href":"https:\/\/abd.ong\/ca\/wp-json\/wp\/v2\/users\/9"}],"replies":[{"embeddable":true,"href":"https:\/\/abd.ong\/ca\/wp-json\/wp\/v2\/comments?post=44847"}],"version-history":[{"count":2,"href":"https:\/\/abd.ong\/ca\/wp-json\/wp\/v2\/posts\/44847\/revisions"}],"predecessor-version":[{"id":44897,"href":"https:\/\/abd.ong\/ca\/wp-json\/wp\/v2\/posts\/44847\/revisions\/44897"}],"wp:featuredmedia":[{"embeddable":true,"href":"https:\/\/abd.ong\/ca\/wp-json\/wp\/v2\/media\/44840"}],"wp:attachment":[{"href":"https:\/\/abd.ong\/ca\/wp-json\/wp\/v2\/media?parent=44847"}],"wp:term":[{"taxonomy":"category","embeddable":true,"href":"https:\/\/abd.ong\/ca\/wp-json\/wp\/v2\/categories?post=44847"},{"taxonomy":"post_tag","embeddable":true,"href":"https:\/\/abd.ong\/ca\/wp-json\/wp\/v2\/tags?post=44847"}],"curies":[{"name":"wp","href":"https:\/\/api.w.org\/{rel}","templated":true}]}}