{"id":44645,"date":"2023-03-16T10:16:35","date_gmt":"2023-03-16T09:16:35","guid":{"rendered":"https:\/\/abd.ong\/?p=44645"},"modified":"2023-03-16T10:25:20","modified_gmt":"2023-03-16T09:25:20","slug":"el-grup-abd-guanya-el-premi-avedis-donabedian-a-la-qualitat-per-la-seva-pagina-web","status":"publish","type":"post","link":"https:\/\/abd.ong\/ca\/general-ca\/el-grup-abd-guanya-el-premi-avedis-donabedian-a-la-qualitat-per-la-seva-pagina-web\/","title":{"rendered":"El Grup ABD guanya el premi Avedis Donabedian a la Qualitat per la seva p\u00e0gina web"},"content":{"rendered":"\n<p>El Grup ABD ha rebut un nou reconeixement. En aquest ocasi\u00f3 ha guanyat el premi Avedis Donabedian a la Qualitat en la categoria de \u2018P\u00e0gina web\u2019, que es distingeix per la promoci\u00f3 de la millora de la qualitat assistencial a persones usu\u00e0ries d&#8217;entitats del sector de salut i social.<\/p>\n\n\n\n<p>La p\u00e0gina web del Grup ABD es va renovar al maig del 2020 amb l\u2019objectiu de convertir-la en un instrument de sensibilitzaci\u00f3 i de transformaci\u00f3 social. L\u2019acte d\u2019entrega del guard\u00f3 se celebrar\u00e0 el proper 3 de maig a l\u2019Auditori Axa de Barcelona. Enguany se celebra l\u2019edici\u00f3 XXXIII dels premis.<\/p>\n\n\n\n<div style=\"height:50px\" aria-hidden=\"true\" class=\"wp-block-spacer\"><\/div>\n\n\n\n<h3 class=\"wp-block-heading\">Sobre el premi Avedis Donabedian<\/h3>\n\n\n\n<div style=\"height:50px\" aria-hidden=\"true\" class=\"wp-block-spacer\"><\/div>\n\n\n\n<p>La Fundaci\u00f3 Avedis Donabedian, en col\u00b7laboraci\u00f3 amb una s\u00e8rie de patrocinadors, va crear l&#8217;any 1989 els Premis Avedis Donabedian a la Qualitat en institucions sanit\u00e0ries, amb l&#8217;objectiu de recon\u00e8ixer diferents aspectes de la qualitat dels centres i marcar les tend\u00e8ncies de desenvolupament futur de les diferents \u00e0rees.<\/p>\n\n\n\n<p>El primer a veure la llum va ser el Premi a la millor Mem\u00f2ria d&#8217;una instituci\u00f3 sanit\u00e0ria i social, i va tenir una acollida tan bona per part dels professionals del sector, que el 1993 es van crear els Premis Avedis Donabedian a la Qualitat perqu\u00e8 aquelles institucions que tenien un pla de qualitat com a cam\u00ed cap a l&#8217;excel\u00b7l\u00e8ncia i que podien demostrar els resultats aconseguits en termes de millora de l&#8217;assist\u00e8ncia i la satisfacci\u00f3 de les persones usu\u00e0ries poguessin donar a con\u00e8ixer la seva tasca i rebre un reconeixement merescut.<\/p>\n","protected":false},"excerpt":{"rendered":"<p>El Grup ABD ha rebut un nou reconeixement. En aquest ocasi\u00f3 ha guanyat el premi Avedis Donabedian a la Qualitat en la categoria de \u2018P\u00e0gina web\u2019, que es distingeix per&hellip;<\/p>\n","protected":false},"author":2,"featured_media":44648,"comment_status":"closed","ping_status":"closed","sticky":false,"template":"","format":"standard","meta":{"_acf_changed":false,"footnotes":""},"categories":[66],"tags":[1897,675,3385,3387,2877,3386],"class_list":["post-44645","post","type-post","status-publish","format-standard","has-post-thumbnail","hentry","category-general-ca","tag-abd-2-ca","tag-asociacion-bienestar-y-desarrollo-ca","tag-associacio-benestar-i-desenvolupament-ca-3","tag-avedis-donabedian-ca","tag-grup-abd","tag-premi-avedis-donabedian"],"acf":[],"yoast_head":"<!-- This site is optimized with the Yoast SEO plugin v27.4 - https:\/\/yoast.com\/product\/yoast-seo-wordpress\/ -->\n<title>El Grup ABD guanya el premi Avedis Donabedian a la Qualitat per la seva p\u00e0gina web - ABD<\/title>\n<meta name=\"description\" content=\"El Grup ABD ha rebut un nou reconeixement. En aquest ocasi\u00f3 ha guanyat el premi Avedis Donabedian a la Qualitat en la categoria de \u2018P\u00e0gina web\u2019, que es\" \/>\n<meta name=\"robots\" content=\"index, follow, max-snippet:-1, max-image-preview:large, max-video-preview:-1\" \/>\n<link rel=\"canonical\" href=\"https:\/\/abd.ong\/ca\/general-ca\/el-grup-abd-guanya-el-premi-avedis-donabedian-a-la-qualitat-per-la-seva-pagina-web\/\" \/>\n<meta property=\"og:locale\" content=\"ca_ES\" \/>\n<meta property=\"og:type\" content=\"article\" \/>\n<meta property=\"og:title\" content=\"El Grup ABD guanya el premi Avedis Donabedian a la Qualitat per la seva p\u00e0gina web - ABD\" \/>\n<meta property=\"og:description\" content=\"El Grup ABD ha rebut un nou reconeixement. En aquest ocasi\u00f3 ha guanyat el premi Avedis Donabedian a la Qualitat en la categoria de \u2018P\u00e0gina web\u2019, que es\" \/>\n<meta property=\"og:url\" content=\"https:\/\/abd.ong\/ca\/general-ca\/el-grup-abd-guanya-el-premi-avedis-donabedian-a-la-qualitat-per-la-seva-pagina-web\/\" \/>\n<meta property=\"og:site_name\" content=\"ABD\" \/>\n<meta property=\"article:publisher\" content=\"https:\/\/www.facebook.com\/abd.ong\" \/>\n<meta property=\"article:published_time\" content=\"2023-03-16T09:16:35+00:00\" \/>\n<meta property=\"article:modified_time\" content=\"2023-03-16T09:25:20+00:00\" \/>\n<meta property=\"og:image\" content=\"https:\/\/abd.ong\/wp-content\/uploads\/2023\/03\/Infografia-2023.jpg\" \/>\n\t<meta property=\"og:image:width\" content=\"2048\" \/>\n\t<meta property=\"og:image:height\" content=\"1152\" \/>\n\t<meta property=\"og:image:type\" content=\"image\/jpeg\" \/>\n<meta name=\"author\" content=\"Enric Guinart\" \/>\n<meta name=\"twitter:card\" content=\"summary_large_image\" \/>\n<meta name=\"twitter:creator\" content=\"@abd_ong\" \/>\n<meta name=\"twitter:site\" content=\"@abd_ong\" \/>\n<meta name=\"twitter:label1\" content=\"Escrit per\" \/>\n\t<meta name=\"twitter:data1\" content=\"Enric Guinart\" \/>\n\t<meta name=\"twitter:label2\" content=\"Temps estimat de lectura\" \/>\n\t<meta name=\"twitter:data2\" content=\"2 minuts\" \/>\n<script type=\"application\/ld+json\" class=\"yoast-schema-graph\">{\"@context\":\"https:\\\/\\\/schema.org\",\"@graph\":[{\"@type\":\"Article\",\"@id\":\"https:\\\/\\\/abd.ong\\\/ca\\\/general-ca\\\/el-grup-abd-guanya-el-premi-avedis-donabedian-a-la-qualitat-per-la-seva-pagina-web\\\/#article\",\"isPartOf\":{\"@id\":\"https:\\\/\\\/abd.ong\\\/ca\\\/general-ca\\\/el-grup-abd-guanya-el-premi-avedis-donabedian-a-la-qualitat-per-la-seva-pagina-web\\\/\"},\"author\":{\"name\":\"Enric Guinart\",\"@id\":\"https:\\\/\\\/abd.ong\\\/ca\\\/#\\\/schema\\\/person\\\/d0f5fe279a7ad908de6a6d1332bfd7d8\"},\"headline\":\"El Grup ABD guanya el premi Avedis Donabedian a la Qualitat per la seva p\u00e0gina web\",\"datePublished\":\"2023-03-16T09:16:35+00:00\",\"dateModified\":\"2023-03-16T09:25:20+00:00\",\"mainEntityOfPage\":{\"@id\":\"https:\\\/\\\/abd.ong\\\/ca\\\/general-ca\\\/el-grup-abd-guanya-el-premi-avedis-donabedian-a-la-qualitat-per-la-seva-pagina-web\\\/\"},\"wordCount\":281,\"publisher\":{\"@id\":\"https:\\\/\\\/abd.ong\\\/ca\\\/#organization\"},\"image\":{\"@id\":\"https:\\\/\\\/abd.ong\\\/ca\\\/general-ca\\\/el-grup-abd-guanya-el-premi-avedis-donabedian-a-la-qualitat-per-la-seva-pagina-web\\\/#primaryimage\"},\"thumbnailUrl\":\"https:\\\/\\\/abd.ong\\\/wp-content\\\/uploads\\\/2023\\\/03\\\/Infografia-2023.jpg\",\"keywords\":[\"ABD\",\"Asociaci\u00f3n Bienestar y Desarrollo\",\"Associaci\u00f3 Benestar i Desenvolupament\",\"Avedis Donabedian\",\"grup ABD\",\"Premi Avedis Donabedian\"],\"articleSection\":[\"General\"],\"inLanguage\":\"ca\"},{\"@type\":\"WebPage\",\"@id\":\"https:\\\/\\\/abd.ong\\\/ca\\\/general-ca\\\/el-grup-abd-guanya-el-premi-avedis-donabedian-a-la-qualitat-per-la-seva-pagina-web\\\/\",\"url\":\"https:\\\/\\\/abd.ong\\\/ca\\\/general-ca\\\/el-grup-abd-guanya-el-premi-avedis-donabedian-a-la-qualitat-per-la-seva-pagina-web\\\/\",\"name\":\"El Grup ABD guanya el premi Avedis Donabedian a la Qualitat per la seva p\u00e0gina web - ABD\",\"isPartOf\":{\"@id\":\"https:\\\/\\\/abd.ong\\\/ca\\\/#website\"},\"primaryImageOfPage\":{\"@id\":\"https:\\\/\\\/abd.ong\\\/ca\\\/general-ca\\\/el-grup-abd-guanya-el-premi-avedis-donabedian-a-la-qualitat-per-la-seva-pagina-web\\\/#primaryimage\"},\"image\":{\"@id\":\"https:\\\/\\\/abd.ong\\\/ca\\\/general-ca\\\/el-grup-abd-guanya-el-premi-avedis-donabedian-a-la-qualitat-per-la-seva-pagina-web\\\/#primaryimage\"},\"thumbnailUrl\":\"https:\\\/\\\/abd.ong\\\/wp-content\\\/uploads\\\/2023\\\/03\\\/Infografia-2023.jpg\",\"datePublished\":\"2023-03-16T09:16:35+00:00\",\"dateModified\":\"2023-03-16T09:25:20+00:00\",\"description\":\"El Grup ABD ha rebut un nou reconeixement. En aquest ocasi\u00f3 ha guanyat el premi Avedis Donabedian a la Qualitat en la categoria de \u2018P\u00e0gina web\u2019, que es\",\"breadcrumb\":{\"@id\":\"https:\\\/\\\/abd.ong\\\/ca\\\/general-ca\\\/el-grup-abd-guanya-el-premi-avedis-donabedian-a-la-qualitat-per-la-seva-pagina-web\\\/#breadcrumb\"},\"inLanguage\":\"ca\",\"potentialAction\":[{\"@type\":\"ReadAction\",\"target\":[\"https:\\\/\\\/abd.ong\\\/ca\\\/general-ca\\\/el-grup-abd-guanya-el-premi-avedis-donabedian-a-la-qualitat-per-la-seva-pagina-web\\\/\"]}]},{\"@type\":\"ImageObject\",\"inLanguage\":\"ca\",\"@id\":\"https:\\\/\\\/abd.ong\\\/ca\\\/general-ca\\\/el-grup-abd-guanya-el-premi-avedis-donabedian-a-la-qualitat-per-la-seva-pagina-web\\\/#primaryimage\",\"url\":\"https:\\\/\\\/abd.ong\\\/wp-content\\\/uploads\\\/2023\\\/03\\\/Infografia-2023.jpg\",\"contentUrl\":\"https:\\\/\\\/abd.ong\\\/wp-content\\\/uploads\\\/2023\\\/03\\\/Infografia-2023.jpg\",\"width\":2048,\"height\":1152},{\"@type\":\"BreadcrumbList\",\"@id\":\"https:\\\/\\\/abd.ong\\\/ca\\\/general-ca\\\/el-grup-abd-guanya-el-premi-avedis-donabedian-a-la-qualitat-per-la-seva-pagina-web\\\/#breadcrumb\",\"itemListElement\":[{\"@type\":\"ListItem\",\"position\":1,\"name\":\"Inici\",\"item\":\"https:\\\/\\\/abd.ong\\\/ca\\\/\"},{\"@type\":\"ListItem\",\"position\":2,\"name\":\"El Grup ABD guanya el premi Avedis Donabedian a la Qualitat per la seva p\u00e0gina web\"}]},{\"@type\":\"WebSite\",\"@id\":\"https:\\\/\\\/abd.ong\\\/ca\\\/#website\",\"url\":\"https:\\\/\\\/abd.ong\\\/ca\\\/\",\"name\":\"ABD\",\"description\":\"Asociaci\u00f3n Bienestar y Desarrollo\",\"publisher\":{\"@id\":\"https:\\\/\\\/abd.ong\\\/ca\\\/#organization\"},\"potentialAction\":[{\"@type\":\"SearchAction\",\"target\":{\"@type\":\"EntryPoint\",\"urlTemplate\":\"https:\\\/\\\/abd.ong\\\/ca\\\/?s={search_term_string}\"},\"query-input\":{\"@type\":\"PropertyValueSpecification\",\"valueRequired\":true,\"valueName\":\"search_term_string\"}}],\"inLanguage\":\"ca\"},{\"@type\":\"Organization\",\"@id\":\"https:\\\/\\\/abd.ong\\\/ca\\\/#organization\",\"name\":\"Associaci\u00f3 Benestar i Desenvolupament\",\"alternateName\":\"ABD\",\"url\":\"https:\\\/\\\/abd.ong\\\/ca\\\/\",\"logo\":{\"@type\":\"ImageObject\",\"inLanguage\":\"ca\",\"@id\":\"https:\\\/\\\/abd.ong\\\/ca\\\/#\\\/schema\\\/logo\\\/image\\\/\",\"url\":\"https:\\\/\\\/abd.ong\\\/wp-content\\\/uploads\\\/2023\\\/01\\\/Icona.png\",\"contentUrl\":\"https:\\\/\\\/abd.ong\\\/wp-content\\\/uploads\\\/2023\\\/01\\\/Icona.png\",\"width\":190,\"height\":187,\"caption\":\"Associaci\u00f3 Benestar i Desenvolupament\"},\"image\":{\"@id\":\"https:\\\/\\\/abd.ong\\\/ca\\\/#\\\/schema\\\/logo\\\/image\\\/\"},\"sameAs\":[\"https:\\\/\\\/www.facebook.com\\\/abd.ong\",\"https:\\\/\\\/x.com\\\/abd_ong\",\"https:\\\/\\\/www.instagram.com\\\/abd_ong\\\/\",\"https:\\\/\\\/www.linkedin.com\\\/company\\\/abdong\",\"https:\\\/\\\/www.youtube.com\\\/user\\\/CANALABD\"]},{\"@type\":\"Person\",\"@id\":\"https:\\\/\\\/abd.ong\\\/ca\\\/#\\\/schema\\\/person\\\/d0f5fe279a7ad908de6a6d1332bfd7d8\",\"name\":\"Enric Guinart\"}]}<\/script>\n<!-- \/ Yoast SEO plugin. -->","yoast_head_json":{"title":"El Grup ABD guanya el premi Avedis Donabedian a la Qualitat per la seva p\u00e0gina web - ABD","description":"El Grup ABD ha rebut un nou reconeixement. En aquest ocasi\u00f3 ha guanyat el premi Avedis Donabedian a la Qualitat en la categoria de \u2018P\u00e0gina web\u2019, que es","robots":{"index":"index","follow":"follow","max-snippet":"max-snippet:-1","max-image-preview":"max-image-preview:large","max-video-preview":"max-video-preview:-1"},"canonical":"https:\/\/abd.ong\/ca\/general-ca\/el-grup-abd-guanya-el-premi-avedis-donabedian-a-la-qualitat-per-la-seva-pagina-web\/","og_locale":"ca_ES","og_type":"article","og_title":"El Grup ABD guanya el premi Avedis Donabedian a la Qualitat per la seva p\u00e0gina web - ABD","og_description":"El Grup ABD ha rebut un nou reconeixement. En aquest ocasi\u00f3 ha guanyat el premi Avedis Donabedian a la Qualitat en la categoria de \u2018P\u00e0gina web\u2019, que es","og_url":"https:\/\/abd.ong\/ca\/general-ca\/el-grup-abd-guanya-el-premi-avedis-donabedian-a-la-qualitat-per-la-seva-pagina-web\/","og_site_name":"ABD","article_publisher":"https:\/\/www.facebook.com\/abd.ong","article_published_time":"2023-03-16T09:16:35+00:00","article_modified_time":"2023-03-16T09:25:20+00:00","og_image":[{"width":2048,"height":1152,"url":"https:\/\/abd.ong\/wp-content\/uploads\/2023\/03\/Infografia-2023.jpg","type":"image\/jpeg"}],"author":"Enric Guinart","twitter_card":"summary_large_image","twitter_creator":"@abd_ong","twitter_site":"@abd_ong","twitter_misc":{"Escrit per":"Enric Guinart","Temps estimat de lectura":"2 minuts"},"schema":{"@context":"https:\/\/schema.org","@graph":[{"@type":"Article","@id":"https:\/\/abd.ong\/ca\/general-ca\/el-grup-abd-guanya-el-premi-avedis-donabedian-a-la-qualitat-per-la-seva-pagina-web\/#article","isPartOf":{"@id":"https:\/\/abd.ong\/ca\/general-ca\/el-grup-abd-guanya-el-premi-avedis-donabedian-a-la-qualitat-per-la-seva-pagina-web\/"},"author":{"name":"Enric Guinart","@id":"https:\/\/abd.ong\/ca\/#\/schema\/person\/d0f5fe279a7ad908de6a6d1332bfd7d8"},"headline":"El Grup ABD guanya el premi Avedis Donabedian a la Qualitat per la seva p\u00e0gina web","datePublished":"2023-03-16T09:16:35+00:00","dateModified":"2023-03-16T09:25:20+00:00","mainEntityOfPage":{"@id":"https:\/\/abd.ong\/ca\/general-ca\/el-grup-abd-guanya-el-premi-avedis-donabedian-a-la-qualitat-per-la-seva-pagina-web\/"},"wordCount":281,"publisher":{"@id":"https:\/\/abd.ong\/ca\/#organization"},"image":{"@id":"https:\/\/abd.ong\/ca\/general-ca\/el-grup-abd-guanya-el-premi-avedis-donabedian-a-la-qualitat-per-la-seva-pagina-web\/#primaryimage"},"thumbnailUrl":"https:\/\/abd.ong\/wp-content\/uploads\/2023\/03\/Infografia-2023.jpg","keywords":["ABD","Asociaci\u00f3n Bienestar y Desarrollo","Associaci\u00f3 Benestar i Desenvolupament","Avedis Donabedian","grup ABD","Premi Avedis Donabedian"],"articleSection":["General"],"inLanguage":"ca"},{"@type":"WebPage","@id":"https:\/\/abd.ong\/ca\/general-ca\/el-grup-abd-guanya-el-premi-avedis-donabedian-a-la-qualitat-per-la-seva-pagina-web\/","url":"https:\/\/abd.ong\/ca\/general-ca\/el-grup-abd-guanya-el-premi-avedis-donabedian-a-la-qualitat-per-la-seva-pagina-web\/","name":"El Grup ABD guanya el premi Avedis Donabedian a la Qualitat per la seva p\u00e0gina web - ABD","isPartOf":{"@id":"https:\/\/abd.ong\/ca\/#website"},"primaryImageOfPage":{"@id":"https:\/\/abd.ong\/ca\/general-ca\/el-grup-abd-guanya-el-premi-avedis-donabedian-a-la-qualitat-per-la-seva-pagina-web\/#primaryimage"},"image":{"@id":"https:\/\/abd.ong\/ca\/general-ca\/el-grup-abd-guanya-el-premi-avedis-donabedian-a-la-qualitat-per-la-seva-pagina-web\/#primaryimage"},"thumbnailUrl":"https:\/\/abd.ong\/wp-content\/uploads\/2023\/03\/Infografia-2023.jpg","datePublished":"2023-03-16T09:16:35+00:00","dateModified":"2023-03-16T09:25:20+00:00","description":"El Grup ABD ha rebut un nou reconeixement. En aquest ocasi\u00f3 ha guanyat el premi Avedis Donabedian a la Qualitat en la categoria de \u2018P\u00e0gina web\u2019, que es","breadcrumb":{"@id":"https:\/\/abd.ong\/ca\/general-ca\/el-grup-abd-guanya-el-premi-avedis-donabedian-a-la-qualitat-per-la-seva-pagina-web\/#breadcrumb"},"inLanguage":"ca","potentialAction":[{"@type":"ReadAction","target":["https:\/\/abd.ong\/ca\/general-ca\/el-grup-abd-guanya-el-premi-avedis-donabedian-a-la-qualitat-per-la-seva-pagina-web\/"]}]},{"@type":"ImageObject","inLanguage":"ca","@id":"https:\/\/abd.ong\/ca\/general-ca\/el-grup-abd-guanya-el-premi-avedis-donabedian-a-la-qualitat-per-la-seva-pagina-web\/#primaryimage","url":"https:\/\/abd.ong\/wp-content\/uploads\/2023\/03\/Infografia-2023.jpg","contentUrl":"https:\/\/abd.ong\/wp-content\/uploads\/2023\/03\/Infografia-2023.jpg","width":2048,"height":1152},{"@type":"BreadcrumbList","@id":"https:\/\/abd.ong\/ca\/general-ca\/el-grup-abd-guanya-el-premi-avedis-donabedian-a-la-qualitat-per-la-seva-pagina-web\/#breadcrumb","itemListElement":[{"@type":"ListItem","position":1,"name":"Inici","item":"https:\/\/abd.ong\/ca\/"},{"@type":"ListItem","position":2,"name":"El Grup ABD guanya el premi Avedis Donabedian a la Qualitat per la seva p\u00e0gina web"}]},{"@type":"WebSite","@id":"https:\/\/abd.ong\/ca\/#website","url":"https:\/\/abd.ong\/ca\/","name":"ABD","description":"Asociaci\u00f3n Bienestar y Desarrollo","publisher":{"@id":"https:\/\/abd.ong\/ca\/#organization"},"potentialAction":[{"@type":"SearchAction","target":{"@type":"EntryPoint","urlTemplate":"https:\/\/abd.ong\/ca\/?s={search_term_string}"},"query-input":{"@type":"PropertyValueSpecification","valueRequired":true,"valueName":"search_term_string"}}],"inLanguage":"ca"},{"@type":"Organization","@id":"https:\/\/abd.ong\/ca\/#organization","name":"Associaci\u00f3 Benestar i Desenvolupament","alternateName":"ABD","url":"https:\/\/abd.ong\/ca\/","logo":{"@type":"ImageObject","inLanguage":"ca","@id":"https:\/\/abd.ong\/ca\/#\/schema\/logo\/image\/","url":"https:\/\/abd.ong\/wp-content\/uploads\/2023\/01\/Icona.png","contentUrl":"https:\/\/abd.ong\/wp-content\/uploads\/2023\/01\/Icona.png","width":190,"height":187,"caption":"Associaci\u00f3 Benestar i Desenvolupament"},"image":{"@id":"https:\/\/abd.ong\/ca\/#\/schema\/logo\/image\/"},"sameAs":["https:\/\/www.facebook.com\/abd.ong","https:\/\/x.com\/abd_ong","https:\/\/www.instagram.com\/abd_ong\/","https:\/\/www.linkedin.com\/company\/abdong","https:\/\/www.youtube.com\/user\/CANALABD"]},{"@type":"Person","@id":"https:\/\/abd.ong\/ca\/#\/schema\/person\/d0f5fe279a7ad908de6a6d1332bfd7d8","name":"Enric Guinart"}]}},"_links":{"self":[{"href":"https:\/\/abd.ong\/ca\/wp-json\/wp\/v2\/posts\/44645","targetHints":{"allow":["GET"]}}],"collection":[{"href":"https:\/\/abd.ong\/ca\/wp-json\/wp\/v2\/posts"}],"about":[{"href":"https:\/\/abd.ong\/ca\/wp-json\/wp\/v2\/types\/post"}],"author":[{"embeddable":true,"href":"https:\/\/abd.ong\/ca\/wp-json\/wp\/v2\/users\/2"}],"replies":[{"embeddable":true,"href":"https:\/\/abd.ong\/ca\/wp-json\/wp\/v2\/comments?post=44645"}],"version-history":[{"count":3,"href":"https:\/\/abd.ong\/ca\/wp-json\/wp\/v2\/posts\/44645\/revisions"}],"predecessor-version":[{"id":44654,"href":"https:\/\/abd.ong\/ca\/wp-json\/wp\/v2\/posts\/44645\/revisions\/44654"}],"wp:featuredmedia":[{"embeddable":true,"href":"https:\/\/abd.ong\/ca\/wp-json\/wp\/v2\/media\/44648"}],"wp:attachment":[{"href":"https:\/\/abd.ong\/ca\/wp-json\/wp\/v2\/media?parent=44645"}],"wp:term":[{"taxonomy":"category","embeddable":true,"href":"https:\/\/abd.ong\/ca\/wp-json\/wp\/v2\/categories?post=44645"},{"taxonomy":"post_tag","embeddable":true,"href":"https:\/\/abd.ong\/ca\/wp-json\/wp\/v2\/tags?post=44645"}],"curies":[{"name":"wp","href":"https:\/\/api.w.org\/{rel}","templated":true}]}}