{"id":43874,"date":"2023-02-23T14:42:04","date_gmt":"2023-02-23T13:42:04","guid":{"rendered":"https:\/\/abd.ong\/?p=43874"},"modified":"2023-02-24T11:50:45","modified_gmt":"2023-02-24T10:50:45","slug":"angels-guiteras-presenta-el-model-de-gestio-dexit-de-la-botiga-durant-el-forum-social-metropolita","status":"publish","type":"post","link":"https:\/\/abd.ong\/ca\/general-ca\/angels-guiteras-presenta-el-model-de-gestio-dexit-de-la-botiga-durant-el-forum-social-metropolita\/","title":{"rendered":"\u00c0ngels Guiteras presenta el model de gesti\u00f3 d\u2019\u00e8xit de La Botiga durant el F\u00f2rum Social Metropolit\u00e0"},"content":{"rendered":"\n<h3 class=\"wp-block-heading\">La gerent del Grup ABD ha participat a la segona edici\u00f3 del F\u00f2rum Social Metropolit\u00e0 on s\u2019ha analitzat la contractaci\u00f3 i col\u00b7laboraci\u00f3 econ\u00f2mica i social entre els ajuntaments i les entitats socials<\/h3>\n\n\n\n<div style=\"height:50px\" aria-hidden=\"true\" class=\"wp-block-spacer\"><\/div>\n\n\n\n<p>\u201cLa gesti\u00f3 delegada fa que el projecte de<a href=\"https:\/\/abd.ong\/ca\/desigualtat\/neix-la-botiga-un-projecte-de-transformacio-social-per-a-garantir-el-dret-a-una-alimentacio-saludable-a-les-llars-en-situacio-de-vulnerabilitat\/\"> La Botiga<\/a> sigui un \u00e8xit\u201d. Aix\u00ed de clara i contundent s\u2019ha mostrat la gerent del <a href=\"https:\/\/abd.ong\/ca\/\">Grup ABD<\/a>, <strong>\u00c0ngels Guiteras<\/strong>, durant el transcurs de la segona edici\u00f3 del F\u00f2rum Social Metropolit\u00e0 que organitza l\u2019<a href=\"http:\/\/www.bcn.cat\/barcelonainclusiva\/ca\/\">Acord Ciutad\u00e0<\/a> per una Barcelona Inclusiva que s\u2019ha celebrat al Museu Picasso amb l\u2019assist\u00e8ncia de m\u00e9s de 200 persones en representaci\u00f3 de les entitats socials i dels ajuntaments de la regi\u00f3 metropolitana.<\/p>\n\n\n\n<div style=\"height:50px\" aria-hidden=\"true\" class=\"wp-block-spacer\"><\/div>\n\n\n\n<figure class=\"wp-block-image size-large\"><img fetchpriority=\"high\" decoding=\"async\" width=\"1024\" height=\"683\" src=\"https:\/\/abd.ong\/wp-content\/uploads\/2023\/02\/52707795846_121be3745a_o-1024x683.jpg\" alt=\"\" class=\"wp-image-43902\" srcset=\"https:\/\/abd.ong\/wp-content\/uploads\/2023\/02\/52707795846_121be3745a_o-1024x683.jpg 1024w, https:\/\/abd.ong\/wp-content\/uploads\/2023\/02\/52707795846_121be3745a_o-300x200.jpg 300w, https:\/\/abd.ong\/wp-content\/uploads\/2023\/02\/52707795846_121be3745a_o-768x512.jpg 768w, https:\/\/abd.ong\/wp-content\/uploads\/2023\/02\/52707795846_121be3745a_o-1536x1024.jpg 1536w, https:\/\/abd.ong\/wp-content\/uploads\/2023\/02\/52707795846_121be3745a_o-600x400.jpg 600w, https:\/\/abd.ong\/wp-content\/uploads\/2023\/02\/52707795846_121be3745a_o-1920x1280.jpg 1920w, https:\/\/abd.ong\/wp-content\/uploads\/2023\/02\/52707795846_121be3745a_o.jpg 2048w\" sizes=\"(max-width: 1024px) 100vw, 1024px\" \/><figcaption class=\"wp-element-caption\">\u00c0ngels Guiteras durant la seva intervenci\u00f3. Fotografia Acord Ciutad\u00e0.<\/figcaption><\/figure>\n\n\n\n<div style=\"height:50px\" aria-hidden=\"true\" class=\"wp-block-spacer\"><\/div>\n\n\n\n<p>Guiteras ha pres part en una taula rodona que tenia com a objectiu principal reflexionar al voltant de les<em> \u2018Experi\u00e8ncies reeixides de contractaci\u00f3 i cooperaci\u00f3 entre els Ajuntaments i el tercer Sector\u2019.<\/em> La gerent del Grup ABD ha defensat que el model de gesti\u00f3 delegada que s\u2019ha implantant conjuntament amb l\u2019<a href=\"https:\/\/www.elprat.cat\/\">Ajuntament del Prat del Llobregat<\/a> per tirar endavant la iniciativa de La Botiga \u201cens dona estabilitat i ens permet fer transformaci\u00f3 social i donar el millor de nosaltres mateixes\u201d. En aquest sentit, ho ha destacat com \u201cuna experi\u00e8ncia de gesti\u00f3 innovadora\u201d on el preu \u201cno \u00e9s la refer\u00e8ncia\u201d i, per tant, \u201cpredominen els criteris de qualitat\u201d.<\/p>\n\n\n\n<p>Guiteras ha contraposat aquest model innovador amb el model \u201cde gesti\u00f3 tradicional\u201d que es caracteritza per ser \u201cclientelista, cur terminista i poc flexible\u201d.  A la vegada, tamb\u00e9 ha lamentat que la gesti\u00f3 delegada tingui una implantaci\u00f3 minorit\u00e0ria. Per exemple, el Grup ABD durant el 2022 nom\u00e9s ha pogut aplicar el r\u00e8gim de gesti\u00f3 delegada en tres de 172 contractes.<\/p>\n\n\n\n<p>Finalment la gerent del Grup ABD tamb\u00e9 ha volgut agrair la col\u00b7laboraci\u00f3 d\u2019altres entitats com<a href=\"https:\/\/www2.cruzroja.es\/es\/web\/creu-roja\"> Creu Roja<\/a> o la <a href=\"https:\/\/espigoladors.cat\/ca\/\">Fundaci\u00f3 Espigoladors<\/a> alhora de posar en marxa el projecte de La Botiga<\/p>\n\n\n\n<p>En la mateixa l\u00ednia, el Cap de Servei de l\u2019\u00c0rea d\u2019Acci\u00f3 Social i Comunit\u00e0ria de l\u2019Ajuntament del Prat del Llobregat, <strong>Arnau Garcia<\/strong>, ha defensat que en el model de gesti\u00f3 delegada que s\u2019ha treballat conjuntament amb el Grup ABD \u201cel preu no hi juga\u201d i aix\u00f2 \u201cdona tranquil\u00b7litat i perspectiva\u201d al projecte de La Botiga.<\/p>\n\n\n\n<div style=\"height:50px\" aria-hidden=\"true\" class=\"wp-block-spacer\"><\/div>\n\n\n\n<h4 class=\"wp-block-heading\">Predomini dels criteris econ\u00f2mics <\/h4>\n\n\n\n<div style=\"height:50px\" aria-hidden=\"true\" class=\"wp-block-spacer\"><\/div>\n\n\n\n<p>A la taula rodona tamb\u00e9 han participat <strong>Maria Gil<\/strong>, Cap de Serveis Socials de l\u2019<a href=\"https:\/\/www.mataro.cat\/?set_language=ca\">Ajuntament de Matar\u00f3<\/a>; <strong>Ariadna Manent<\/strong>, Directora adjunta de la <a href=\"https:\/\/www.fundaciomaresme.cat\/\">Fundaci\u00f3 Maresme<\/a>; <strong>Merc\u00e8 Rosa<\/strong>, Cap del departament de Prestacions de l\u2019<a href=\"https:\/\/www.gramenet.cat\/\">Ajuntament de Santa Coloma de Gramenet<\/a>; i <strong>Mario Cuixart<\/strong>, Director de la <a href=\"https:\/\/germina.org\/\">Fundaci\u00f3 Germina<\/a>. La taula ha estat moderada per <strong>Aurora Corral<\/strong>, Secret\u00e0ria general de l<a href=\"https:\/\/www.cerdanyola.cat\/#\">\u2019Ajuntament de Cerdanyola del Vall\u00e8s<\/a> i ex-Presidenta del Col\u00b7legi de Secretaris, Interventors i Tresorers d\u2019Administraci\u00f3 Local (CSITAL).<\/p>\n\n\n\n<p>Pr\u00e8viament a la taula rodona, han intervingut<strong> Sonia Fuertes<\/strong>,<a href=\"https:\/\/ajuntament.barcelona.cat\/ca\/organigrama-municipal\/organ\/Comissionada%20d%27Acci%C3%B3%20Social\"> Comissionada d\u2019Acci\u00f3 Social de l\u2019Ajuntament de Barcelona<\/a> i <strong>Roger Civit<\/strong>, director de la <a href=\"https:\/\/www.tercersector.cat\/\">Taula d\u2019entitats del Tercer Sector Social de Catalunya<\/a>. Fuertes ha assenyalat la import\u00e0ncia de posar aquest tema sobre la taula ja que actualment \u201cestem en una din\u00e0mica que ens lliga molt i que dificulta impulsar processos d\u2019innovaci\u00f3 social\u201d. De la seva part, Civit ha defensat el paper de les entitats socials com a impulsores d\u2019uns serveis m\u00e9s flexibles, innovadors i arrelats al territori i ha lamentat el predomini dels criteris econ\u00f2mics davant la qualitat.<\/p>\n\n\n\n<div style=\"height:50px\" aria-hidden=\"true\" class=\"wp-block-spacer\"><\/div>\n\n\n\n<figure class=\"wp-block-image size-large\"><img decoding=\"async\" width=\"1024\" height=\"683\" src=\"https:\/\/abd.ong\/wp-content\/uploads\/2023\/02\/52707795136_6f3daff716_o-1024x683.jpg\" alt=\"\" class=\"wp-image-43905\" srcset=\"https:\/\/abd.ong\/wp-content\/uploads\/2023\/02\/52707795136_6f3daff716_o-1024x683.jpg 1024w, https:\/\/abd.ong\/wp-content\/uploads\/2023\/02\/52707795136_6f3daff716_o-300x200.jpg 300w, https:\/\/abd.ong\/wp-content\/uploads\/2023\/02\/52707795136_6f3daff716_o-768x512.jpg 768w, https:\/\/abd.ong\/wp-content\/uploads\/2023\/02\/52707795136_6f3daff716_o-1536x1024.jpg 1536w, https:\/\/abd.ong\/wp-content\/uploads\/2023\/02\/52707795136_6f3daff716_o-600x400.jpg 600w, https:\/\/abd.ong\/wp-content\/uploads\/2023\/02\/52707795136_6f3daff716_o-1920x1280.jpg 1920w, https:\/\/abd.ong\/wp-content\/uploads\/2023\/02\/52707795136_6f3daff716_o.jpg 2048w\" sizes=\"(max-width: 1024px) 100vw, 1024px\" \/><figcaption class=\"wp-element-caption\">Pilar Rodr\u00edguez durant la seva intervenci\u00f3. Fotografia Acord Ciutad\u00e0.<\/figcaption><\/figure>\n\n\n\n<div style=\"height:50px\" aria-hidden=\"true\" class=\"wp-block-spacer\"><\/div>\n\n\n\n<p>En el torn de debat tamb\u00e9 ha intervingut la directora de la Unitat Operativa Sociosanit\u00e0ria i adjunta a la ger\u00e8ncia,<strong> Pilar Rodr\u00edguez<\/strong>, la qual ha destacat que les bones pr\u00e0ctiques de contractaci\u00f3 s\u00f3n possibles \u201cgr\u00e0cies als valors compartits de comprom\u00eds, confian\u00e7a i sostenibilitat entre administraci\u00f3 i entitats del tercer sector\u201d. A m\u00e9s de lamentar \u201cla rigidesa que exclou a les entitats socials\u201d, Rodr\u00edguez ha reivindicat que \u201ccal passar a l\u2019acci\u00f3\u201d per tirar endavant accions que permetin que la contractaci\u00f3 \u201cno es basi sempre amb el preu\u201d.<\/p>\n\n\n\n<p>La jornada tamb\u00e9 ha comptat amb la participaci\u00f3 de<strong> Ramon Jan\u00e9<\/strong>, Coordinador Provincial de la Creu Roja, que ha exposat les properes passes a seguir en aquesta mat\u00e8ria. La cloenda ha anat a c\u00e0rrec de <strong>Fernando D\u00edaz<\/strong>, Director adjunt de la <a href=\"https:\/\/www.acollida.org\/\">Fundaci\u00f3 Acollida i Esperan\u00e7a.<\/a><\/p>\n\n\n\n<p>El F\u00f2rum \u00e9s una iniciativa promoguda per l\u2019Acord Ciutad\u00e0 per a una Barcelona Inclusiva. \u00c9s un espai horitzontal obert a totes les entitats socials amb activitat a la regi\u00f3 metropolitana, la ciutat dels 5 milions d\u2019habitants, i als ajuntaments que hi vulguin participar. L\u2019objectiu del F\u00f2rum \u00e9s identificar i fer front als reptes socials metropolitans desplegant una acci\u00f3 social tant en l\u2019\u00e0mbit intermunicipal com p\u00fablico-local \u2013 iniciativa social a l\u2019interior de l\u2019espai de la regi\u00f3 metropolitana.<\/p>\n\n\n\n<div style=\"height:50px\" aria-hidden=\"true\" class=\"wp-block-spacer\"><\/div>\n\n\n\n<h4 class=\"wp-block-heading\">Qu\u00e8 \u00e9s l\u2019Acord Ciutad\u00e0 per a una Barcelona Inclusiva?<\/h4>\n\n\n\n<div style=\"height:50px\" aria-hidden=\"true\" class=\"wp-block-spacer\"><\/div>\n\n\n\n<p>L\u2019Acord Ciutad\u00e0 per una Barcelona Inclusiva \u00e9s l\u2019actor que ofereix suport organitzatiu i metodol\u00f2gic entre les entitats del m\u00f3n local de la regi\u00f3 metropolitana de Barcelona. Despr\u00e9s de m\u00e9s d\u2019una d\u00e8cada de treball compartit, l\u2019Acord Ciutad\u00e0 ja est\u00e0 format per m\u00e9s de 800 entitats socials, de les quals, 289 de les que hi participen regularment, i tenen seu a Barcelona, per\u00f2 tamb\u00e9 a altres municipis metropolitans. Tamb\u00e9 formen part de l\u2019Acord federacions de l\u2019\u00e0mbit social, sindicats i governs intermunicipals. <\/p>\n\n\n\n<p>\u00c9s en aquest context que ara l\u2019Acord suma la iniciativa metropolitana del F\u00f2rum Social Metropolit\u00e0 per aix\u00ed promoure, facilitar i donar suport a les interdepend\u00e8ncies entre entitats socials i ajuntaments per afrontar amb major \u00e8xit els reptes socials de la metr\u00f2polis.\r\n\r\n<\/p>\n","protected":false},"excerpt":{"rendered":"<p>La gerent del Grup ABD ha participat a la segona edici\u00f3 del F\u00f2rum Social Metropolit\u00e0 on s\u2019ha analitzat la contractaci\u00f3 i col\u00b7laboraci\u00f3 econ\u00f2mica i social entre els ajuntaments i les&hellip;<\/p>\n","protected":false},"author":2,"featured_media":43868,"comment_status":"closed","ping_status":"closed","sticky":false,"template":"","format":"standard","meta":{"_acf_changed":false,"footnotes":""},"categories":[66,2],"tags":[1897,257,1117,675,3349,3348,3333,3347,1332,3033],"class_list":["post-43874","post","type-post","status-publish","format-standard","has-post-thumbnail","hentry","category-general-ca","category-sense-categoria","tag-abd-2-ca","tag-acord-ciutada","tag-angels-guiteras-ca-2","tag-asociacion-bienestar-y-desarrollo-ca","tag-contractacio-publica","tag-entitats-socials-ca","tag-forum-social-metropolita","tag-gestio-delegada","tag-tercer-sector-ca-2","tag-tercer-sector-social-ca"],"acf":[],"yoast_head":"<!-- This site is optimized with the Yoast SEO plugin v27.4 - https:\/\/yoast.com\/product\/yoast-seo-wordpress\/ -->\n<title>\u00c0ngels Guiteras presenta el model de gesti\u00f3 d\u2019\u00e8xit de La Botiga durant el F\u00f2rum Social Metropolit\u00e0 - ABD<\/title>\n<meta name=\"description\" content=\"La gerent del Grup ABD ha participat a la segona edici\u00f3 del F\u00f2rum Social Metropolit\u00e0 on s\u2019ha analitzat la contractaci\u00f3 i col\u00b7laboraci\u00f3 econ\u00f2mica i social\" \/>\n<meta name=\"robots\" content=\"index, follow, max-snippet:-1, max-image-preview:large, max-video-preview:-1\" \/>\n<link rel=\"canonical\" href=\"https:\/\/abd.ong\/ca\/general-ca\/angels-guiteras-presenta-el-model-de-gestio-dexit-de-la-botiga-durant-el-forum-social-metropolita\/\" \/>\n<meta property=\"og:locale\" content=\"ca_ES\" \/>\n<meta property=\"og:type\" content=\"article\" \/>\n<meta property=\"og:title\" content=\"\u00c0ngels Guiteras presenta el model de gesti\u00f3 d\u2019\u00e8xit de La Botiga durant el F\u00f2rum Social Metropolit\u00e0 - ABD\" \/>\n<meta property=\"og:description\" content=\"La gerent del Grup ABD ha participat a la segona edici\u00f3 del F\u00f2rum Social Metropolit\u00e0 on s\u2019ha analitzat la contractaci\u00f3 i col\u00b7laboraci\u00f3 econ\u00f2mica i social\" \/>\n<meta property=\"og:url\" content=\"https:\/\/abd.ong\/ca\/general-ca\/angels-guiteras-presenta-el-model-de-gestio-dexit-de-la-botiga-durant-el-forum-social-metropolita\/\" \/>\n<meta property=\"og:site_name\" content=\"ABD\" \/>\n<meta property=\"article:publisher\" content=\"https:\/\/www.facebook.com\/abd.ong\" \/>\n<meta property=\"article:published_time\" content=\"2023-02-23T13:42:04+00:00\" \/>\n<meta property=\"article:modified_time\" content=\"2023-02-24T10:50:45+00:00\" \/>\n<meta property=\"og:image\" content=\"https:\/\/abd.ong\/wp-content\/uploads\/2023\/02\/WhatsApp-Image-2023-02-23-at-10.05.05.jpeg\" \/>\n\t<meta property=\"og:image:width\" content=\"1024\" \/>\n\t<meta property=\"og:image:height\" content=\"768\" \/>\n\t<meta property=\"og:image:type\" content=\"image\/jpeg\" \/>\n<meta name=\"author\" content=\"Enric Guinart\" \/>\n<meta name=\"twitter:card\" content=\"summary_large_image\" \/>\n<meta name=\"twitter:creator\" content=\"@abd_ong\" \/>\n<meta name=\"twitter:site\" content=\"@abd_ong\" \/>\n<meta name=\"twitter:label1\" content=\"Escrit per\" \/>\n\t<meta name=\"twitter:data1\" content=\"Enric Guinart\" \/>\n\t<meta name=\"twitter:label2\" content=\"Temps estimat de lectura\" \/>\n\t<meta name=\"twitter:data2\" content=\"5 minuts\" \/>\n<script type=\"application\/ld+json\" class=\"yoast-schema-graph\">{\"@context\":\"https:\\\/\\\/schema.org\",\"@graph\":[{\"@type\":\"Article\",\"@id\":\"https:\\\/\\\/abd.ong\\\/ca\\\/general-ca\\\/angels-guiteras-presenta-el-model-de-gestio-dexit-de-la-botiga-durant-el-forum-social-metropolita\\\/#article\",\"isPartOf\":{\"@id\":\"https:\\\/\\\/abd.ong\\\/ca\\\/general-ca\\\/angels-guiteras-presenta-el-model-de-gestio-dexit-de-la-botiga-durant-el-forum-social-metropolita\\\/\"},\"author\":{\"name\":\"Enric Guinart\",\"@id\":\"https:\\\/\\\/abd.ong\\\/ca\\\/#\\\/schema\\\/person\\\/d0f5fe279a7ad908de6a6d1332bfd7d8\"},\"headline\":\"\u00c0ngels Guiteras presenta el model de gesti\u00f3 d\u2019\u00e8xit de La Botiga durant el F\u00f2rum Social Metropolit\u00e0\",\"datePublished\":\"2023-02-23T13:42:04+00:00\",\"dateModified\":\"2023-02-24T10:50:45+00:00\",\"mainEntityOfPage\":{\"@id\":\"https:\\\/\\\/abd.ong\\\/ca\\\/general-ca\\\/angels-guiteras-presenta-el-model-de-gestio-dexit-de-la-botiga-durant-el-forum-social-metropolita\\\/\"},\"wordCount\":983,\"publisher\":{\"@id\":\"https:\\\/\\\/abd.ong\\\/ca\\\/#organization\"},\"image\":{\"@id\":\"https:\\\/\\\/abd.ong\\\/ca\\\/general-ca\\\/angels-guiteras-presenta-el-model-de-gestio-dexit-de-la-botiga-durant-el-forum-social-metropolita\\\/#primaryimage\"},\"thumbnailUrl\":\"https:\\\/\\\/abd.ong\\\/wp-content\\\/uploads\\\/2023\\\/02\\\/WhatsApp-Image-2023-02-23-at-10.05.05.jpeg\",\"keywords\":[\"ABD\",\"Acord Ciutad\u00e0\",\"\u00c0ngels Guiteras\",\"Asociaci\u00f3n Bienestar y Desarrollo\",\"contractaci\u00f3 p\u00fablica\",\"entitats socials\",\"F\u00f2rum Social Metropolit\u00e0\",\"gesti\u00f3 delegada\",\"Tercer Sector\",\"tercer sector social\"],\"articleSection\":[\"General\"],\"inLanguage\":\"ca\"},{\"@type\":\"WebPage\",\"@id\":\"https:\\\/\\\/abd.ong\\\/ca\\\/general-ca\\\/angels-guiteras-presenta-el-model-de-gestio-dexit-de-la-botiga-durant-el-forum-social-metropolita\\\/\",\"url\":\"https:\\\/\\\/abd.ong\\\/ca\\\/general-ca\\\/angels-guiteras-presenta-el-model-de-gestio-dexit-de-la-botiga-durant-el-forum-social-metropolita\\\/\",\"name\":\"\u00c0ngels Guiteras presenta el model de gesti\u00f3 d\u2019\u00e8xit de La Botiga durant el F\u00f2rum Social Metropolit\u00e0 - ABD\",\"isPartOf\":{\"@id\":\"https:\\\/\\\/abd.ong\\\/ca\\\/#website\"},\"primaryImageOfPage\":{\"@id\":\"https:\\\/\\\/abd.ong\\\/ca\\\/general-ca\\\/angels-guiteras-presenta-el-model-de-gestio-dexit-de-la-botiga-durant-el-forum-social-metropolita\\\/#primaryimage\"},\"image\":{\"@id\":\"https:\\\/\\\/abd.ong\\\/ca\\\/general-ca\\\/angels-guiteras-presenta-el-model-de-gestio-dexit-de-la-botiga-durant-el-forum-social-metropolita\\\/#primaryimage\"},\"thumbnailUrl\":\"https:\\\/\\\/abd.ong\\\/wp-content\\\/uploads\\\/2023\\\/02\\\/WhatsApp-Image-2023-02-23-at-10.05.05.jpeg\",\"datePublished\":\"2023-02-23T13:42:04+00:00\",\"dateModified\":\"2023-02-24T10:50:45+00:00\",\"description\":\"La gerent del Grup ABD ha participat a la segona edici\u00f3 del F\u00f2rum Social Metropolit\u00e0 on s\u2019ha analitzat la contractaci\u00f3 i col\u00b7laboraci\u00f3 econ\u00f2mica i social\",\"breadcrumb\":{\"@id\":\"https:\\\/\\\/abd.ong\\\/ca\\\/general-ca\\\/angels-guiteras-presenta-el-model-de-gestio-dexit-de-la-botiga-durant-el-forum-social-metropolita\\\/#breadcrumb\"},\"inLanguage\":\"ca\",\"potentialAction\":[{\"@type\":\"ReadAction\",\"target\":[\"https:\\\/\\\/abd.ong\\\/ca\\\/general-ca\\\/angels-guiteras-presenta-el-model-de-gestio-dexit-de-la-botiga-durant-el-forum-social-metropolita\\\/\"]}]},{\"@type\":\"ImageObject\",\"inLanguage\":\"ca\",\"@id\":\"https:\\\/\\\/abd.ong\\\/ca\\\/general-ca\\\/angels-guiteras-presenta-el-model-de-gestio-dexit-de-la-botiga-durant-el-forum-social-metropolita\\\/#primaryimage\",\"url\":\"https:\\\/\\\/abd.ong\\\/wp-content\\\/uploads\\\/2023\\\/02\\\/WhatsApp-Image-2023-02-23-at-10.05.05.jpeg\",\"contentUrl\":\"https:\\\/\\\/abd.ong\\\/wp-content\\\/uploads\\\/2023\\\/02\\\/WhatsApp-Image-2023-02-23-at-10.05.05.jpeg\",\"width\":1024,\"height\":768},{\"@type\":\"BreadcrumbList\",\"@id\":\"https:\\\/\\\/abd.ong\\\/ca\\\/general-ca\\\/angels-guiteras-presenta-el-model-de-gestio-dexit-de-la-botiga-durant-el-forum-social-metropolita\\\/#breadcrumb\",\"itemListElement\":[{\"@type\":\"ListItem\",\"position\":1,\"name\":\"Inici\",\"item\":\"https:\\\/\\\/abd.ong\\\/ca\\\/\"},{\"@type\":\"ListItem\",\"position\":2,\"name\":\"\u00c0ngels Guiteras presenta el model de gesti\u00f3 d\u2019\u00e8xit de La Botiga durant el F\u00f2rum Social Metropolit\u00e0\"}]},{\"@type\":\"WebSite\",\"@id\":\"https:\\\/\\\/abd.ong\\\/ca\\\/#website\",\"url\":\"https:\\\/\\\/abd.ong\\\/ca\\\/\",\"name\":\"ABD\",\"description\":\"Asociaci\u00f3n Bienestar y Desarrollo\",\"publisher\":{\"@id\":\"https:\\\/\\\/abd.ong\\\/ca\\\/#organization\"},\"potentialAction\":[{\"@type\":\"SearchAction\",\"target\":{\"@type\":\"EntryPoint\",\"urlTemplate\":\"https:\\\/\\\/abd.ong\\\/ca\\\/?s={search_term_string}\"},\"query-input\":{\"@type\":\"PropertyValueSpecification\",\"valueRequired\":true,\"valueName\":\"search_term_string\"}}],\"inLanguage\":\"ca\"},{\"@type\":\"Organization\",\"@id\":\"https:\\\/\\\/abd.ong\\\/ca\\\/#organization\",\"name\":\"Associaci\u00f3 Benestar i Desenvolupament\",\"alternateName\":\"ABD\",\"url\":\"https:\\\/\\\/abd.ong\\\/ca\\\/\",\"logo\":{\"@type\":\"ImageObject\",\"inLanguage\":\"ca\",\"@id\":\"https:\\\/\\\/abd.ong\\\/ca\\\/#\\\/schema\\\/logo\\\/image\\\/\",\"url\":\"https:\\\/\\\/abd.ong\\\/wp-content\\\/uploads\\\/2023\\\/01\\\/Icona.png\",\"contentUrl\":\"https:\\\/\\\/abd.ong\\\/wp-content\\\/uploads\\\/2023\\\/01\\\/Icona.png\",\"width\":190,\"height\":187,\"caption\":\"Associaci\u00f3 Benestar i Desenvolupament\"},\"image\":{\"@id\":\"https:\\\/\\\/abd.ong\\\/ca\\\/#\\\/schema\\\/logo\\\/image\\\/\"},\"sameAs\":[\"https:\\\/\\\/www.facebook.com\\\/abd.ong\",\"https:\\\/\\\/x.com\\\/abd_ong\",\"https:\\\/\\\/www.instagram.com\\\/abd_ong\\\/\",\"https:\\\/\\\/www.linkedin.com\\\/company\\\/abdong\",\"https:\\\/\\\/www.youtube.com\\\/user\\\/CANALABD\"]},{\"@type\":\"Person\",\"@id\":\"https:\\\/\\\/abd.ong\\\/ca\\\/#\\\/schema\\\/person\\\/d0f5fe279a7ad908de6a6d1332bfd7d8\",\"name\":\"Enric Guinart\"}]}<\/script>\n<!-- \/ Yoast SEO plugin. -->","yoast_head_json":{"title":"\u00c0ngels Guiteras presenta el model de gesti\u00f3 d\u2019\u00e8xit de La Botiga durant el F\u00f2rum Social Metropolit\u00e0 - ABD","description":"La gerent del Grup ABD ha participat a la segona edici\u00f3 del F\u00f2rum Social Metropolit\u00e0 on s\u2019ha analitzat la contractaci\u00f3 i col\u00b7laboraci\u00f3 econ\u00f2mica i social","robots":{"index":"index","follow":"follow","max-snippet":"max-snippet:-1","max-image-preview":"max-image-preview:large","max-video-preview":"max-video-preview:-1"},"canonical":"https:\/\/abd.ong\/ca\/general-ca\/angels-guiteras-presenta-el-model-de-gestio-dexit-de-la-botiga-durant-el-forum-social-metropolita\/","og_locale":"ca_ES","og_type":"article","og_title":"\u00c0ngels Guiteras presenta el model de gesti\u00f3 d\u2019\u00e8xit de La Botiga durant el F\u00f2rum Social Metropolit\u00e0 - ABD","og_description":"La gerent del Grup ABD ha participat a la segona edici\u00f3 del F\u00f2rum Social Metropolit\u00e0 on s\u2019ha analitzat la contractaci\u00f3 i col\u00b7laboraci\u00f3 econ\u00f2mica i social","og_url":"https:\/\/abd.ong\/ca\/general-ca\/angels-guiteras-presenta-el-model-de-gestio-dexit-de-la-botiga-durant-el-forum-social-metropolita\/","og_site_name":"ABD","article_publisher":"https:\/\/www.facebook.com\/abd.ong","article_published_time":"2023-02-23T13:42:04+00:00","article_modified_time":"2023-02-24T10:50:45+00:00","og_image":[{"width":1024,"height":768,"url":"https:\/\/abd.ong\/wp-content\/uploads\/2023\/02\/WhatsApp-Image-2023-02-23-at-10.05.05.jpeg","type":"image\/jpeg"}],"author":"Enric Guinart","twitter_card":"summary_large_image","twitter_creator":"@abd_ong","twitter_site":"@abd_ong","twitter_misc":{"Escrit per":"Enric Guinart","Temps estimat de lectura":"5 minuts"},"schema":{"@context":"https:\/\/schema.org","@graph":[{"@type":"Article","@id":"https:\/\/abd.ong\/ca\/general-ca\/angels-guiteras-presenta-el-model-de-gestio-dexit-de-la-botiga-durant-el-forum-social-metropolita\/#article","isPartOf":{"@id":"https:\/\/abd.ong\/ca\/general-ca\/angels-guiteras-presenta-el-model-de-gestio-dexit-de-la-botiga-durant-el-forum-social-metropolita\/"},"author":{"name":"Enric Guinart","@id":"https:\/\/abd.ong\/ca\/#\/schema\/person\/d0f5fe279a7ad908de6a6d1332bfd7d8"},"headline":"\u00c0ngels Guiteras presenta el model de gesti\u00f3 d\u2019\u00e8xit de La Botiga durant el F\u00f2rum Social Metropolit\u00e0","datePublished":"2023-02-23T13:42:04+00:00","dateModified":"2023-02-24T10:50:45+00:00","mainEntityOfPage":{"@id":"https:\/\/abd.ong\/ca\/general-ca\/angels-guiteras-presenta-el-model-de-gestio-dexit-de-la-botiga-durant-el-forum-social-metropolita\/"},"wordCount":983,"publisher":{"@id":"https:\/\/abd.ong\/ca\/#organization"},"image":{"@id":"https:\/\/abd.ong\/ca\/general-ca\/angels-guiteras-presenta-el-model-de-gestio-dexit-de-la-botiga-durant-el-forum-social-metropolita\/#primaryimage"},"thumbnailUrl":"https:\/\/abd.ong\/wp-content\/uploads\/2023\/02\/WhatsApp-Image-2023-02-23-at-10.05.05.jpeg","keywords":["ABD","Acord Ciutad\u00e0","\u00c0ngels Guiteras","Asociaci\u00f3n Bienestar y Desarrollo","contractaci\u00f3 p\u00fablica","entitats socials","F\u00f2rum Social Metropolit\u00e0","gesti\u00f3 delegada","Tercer Sector","tercer sector social"],"articleSection":["General"],"inLanguage":"ca"},{"@type":"WebPage","@id":"https:\/\/abd.ong\/ca\/general-ca\/angels-guiteras-presenta-el-model-de-gestio-dexit-de-la-botiga-durant-el-forum-social-metropolita\/","url":"https:\/\/abd.ong\/ca\/general-ca\/angels-guiteras-presenta-el-model-de-gestio-dexit-de-la-botiga-durant-el-forum-social-metropolita\/","name":"\u00c0ngels Guiteras presenta el model de gesti\u00f3 d\u2019\u00e8xit de La Botiga durant el F\u00f2rum Social Metropolit\u00e0 - ABD","isPartOf":{"@id":"https:\/\/abd.ong\/ca\/#website"},"primaryImageOfPage":{"@id":"https:\/\/abd.ong\/ca\/general-ca\/angels-guiteras-presenta-el-model-de-gestio-dexit-de-la-botiga-durant-el-forum-social-metropolita\/#primaryimage"},"image":{"@id":"https:\/\/abd.ong\/ca\/general-ca\/angels-guiteras-presenta-el-model-de-gestio-dexit-de-la-botiga-durant-el-forum-social-metropolita\/#primaryimage"},"thumbnailUrl":"https:\/\/abd.ong\/wp-content\/uploads\/2023\/02\/WhatsApp-Image-2023-02-23-at-10.05.05.jpeg","datePublished":"2023-02-23T13:42:04+00:00","dateModified":"2023-02-24T10:50:45+00:00","description":"La gerent del Grup ABD ha participat a la segona edici\u00f3 del F\u00f2rum Social Metropolit\u00e0 on s\u2019ha analitzat la contractaci\u00f3 i col\u00b7laboraci\u00f3 econ\u00f2mica i social","breadcrumb":{"@id":"https:\/\/abd.ong\/ca\/general-ca\/angels-guiteras-presenta-el-model-de-gestio-dexit-de-la-botiga-durant-el-forum-social-metropolita\/#breadcrumb"},"inLanguage":"ca","potentialAction":[{"@type":"ReadAction","target":["https:\/\/abd.ong\/ca\/general-ca\/angels-guiteras-presenta-el-model-de-gestio-dexit-de-la-botiga-durant-el-forum-social-metropolita\/"]}]},{"@type":"ImageObject","inLanguage":"ca","@id":"https:\/\/abd.ong\/ca\/general-ca\/angels-guiteras-presenta-el-model-de-gestio-dexit-de-la-botiga-durant-el-forum-social-metropolita\/#primaryimage","url":"https:\/\/abd.ong\/wp-content\/uploads\/2023\/02\/WhatsApp-Image-2023-02-23-at-10.05.05.jpeg","contentUrl":"https:\/\/abd.ong\/wp-content\/uploads\/2023\/02\/WhatsApp-Image-2023-02-23-at-10.05.05.jpeg","width":1024,"height":768},{"@type":"BreadcrumbList","@id":"https:\/\/abd.ong\/ca\/general-ca\/angels-guiteras-presenta-el-model-de-gestio-dexit-de-la-botiga-durant-el-forum-social-metropolita\/#breadcrumb","itemListElement":[{"@type":"ListItem","position":1,"name":"Inici","item":"https:\/\/abd.ong\/ca\/"},{"@type":"ListItem","position":2,"name":"\u00c0ngels Guiteras presenta el model de gesti\u00f3 d\u2019\u00e8xit de La Botiga durant el F\u00f2rum Social Metropolit\u00e0"}]},{"@type":"WebSite","@id":"https:\/\/abd.ong\/ca\/#website","url":"https:\/\/abd.ong\/ca\/","name":"ABD","description":"Asociaci\u00f3n Bienestar y Desarrollo","publisher":{"@id":"https:\/\/abd.ong\/ca\/#organization"},"potentialAction":[{"@type":"SearchAction","target":{"@type":"EntryPoint","urlTemplate":"https:\/\/abd.ong\/ca\/?s={search_term_string}"},"query-input":{"@type":"PropertyValueSpecification","valueRequired":true,"valueName":"search_term_string"}}],"inLanguage":"ca"},{"@type":"Organization","@id":"https:\/\/abd.ong\/ca\/#organization","name":"Associaci\u00f3 Benestar i Desenvolupament","alternateName":"ABD","url":"https:\/\/abd.ong\/ca\/","logo":{"@type":"ImageObject","inLanguage":"ca","@id":"https:\/\/abd.ong\/ca\/#\/schema\/logo\/image\/","url":"https:\/\/abd.ong\/wp-content\/uploads\/2023\/01\/Icona.png","contentUrl":"https:\/\/abd.ong\/wp-content\/uploads\/2023\/01\/Icona.png","width":190,"height":187,"caption":"Associaci\u00f3 Benestar i Desenvolupament"},"image":{"@id":"https:\/\/abd.ong\/ca\/#\/schema\/logo\/image\/"},"sameAs":["https:\/\/www.facebook.com\/abd.ong","https:\/\/x.com\/abd_ong","https:\/\/www.instagram.com\/abd_ong\/","https:\/\/www.linkedin.com\/company\/abdong","https:\/\/www.youtube.com\/user\/CANALABD"]},{"@type":"Person","@id":"https:\/\/abd.ong\/ca\/#\/schema\/person\/d0f5fe279a7ad908de6a6d1332bfd7d8","name":"Enric Guinart"}]}},"_links":{"self":[{"href":"https:\/\/abd.ong\/ca\/wp-json\/wp\/v2\/posts\/43874","targetHints":{"allow":["GET"]}}],"collection":[{"href":"https:\/\/abd.ong\/ca\/wp-json\/wp\/v2\/posts"}],"about":[{"href":"https:\/\/abd.ong\/ca\/wp-json\/wp\/v2\/types\/post"}],"author":[{"embeddable":true,"href":"https:\/\/abd.ong\/ca\/wp-json\/wp\/v2\/users\/2"}],"replies":[{"embeddable":true,"href":"https:\/\/abd.ong\/ca\/wp-json\/wp\/v2\/comments?post=43874"}],"version-history":[{"count":3,"href":"https:\/\/abd.ong\/ca\/wp-json\/wp\/v2\/posts\/43874\/revisions"}],"predecessor-version":[{"id":43919,"href":"https:\/\/abd.ong\/ca\/wp-json\/wp\/v2\/posts\/43874\/revisions\/43919"}],"wp:featuredmedia":[{"embeddable":true,"href":"https:\/\/abd.ong\/ca\/wp-json\/wp\/v2\/media\/43868"}],"wp:attachment":[{"href":"https:\/\/abd.ong\/ca\/wp-json\/wp\/v2\/media?parent=43874"}],"wp:term":[{"taxonomy":"category","embeddable":true,"href":"https:\/\/abd.ong\/ca\/wp-json\/wp\/v2\/categories?post=43874"},{"taxonomy":"post_tag","embeddable":true,"href":"https:\/\/abd.ong\/ca\/wp-json\/wp\/v2\/tags?post=43874"}],"curies":[{"name":"wp","href":"https:\/\/api.w.org\/{rel}","templated":true}]}}