{"id":43618,"date":"2023-02-15T14:15:31","date_gmt":"2023-02-15T13:15:31","guid":{"rendered":"https:\/\/abd.ong\/?p=43618"},"modified":"2023-02-16T09:12:04","modified_gmt":"2023-02-16T08:12:04","slug":"energy-control-el-consum-de-tusibi-no-es-exclusiu-de-les-classes-altes","status":"publish","type":"post","link":"https:\/\/abd.ong\/ca\/drogues-i-salut\/energy-control-el-consum-de-tusibi-no-es-exclusiu-de-les-classes-altes\/","title":{"rendered":"Energy Control: \u201cEl consum de tusib\u00ed no \u00e9s exclusiu de les classes altes\u201d"},"content":{"rendered":"\n<h3 class=\"wp-block-heading\">Aquesta \u00e9s una de les conclusions de la primera edici\u00f3 de l&#8217;Observatori de consums, riscos i cura del programa de l&#8217;Associaci\u00f3 Benestar i Desenvolupament<\/h3>\n\n\n\n<div style=\"height:50px\" aria-hidden=\"true\" class=\"wp-block-spacer\"><\/div>\n\n\n\n<p><em>\u201cEl consum de tusib\u00ed, tamb\u00e9 anomenat err\u00f2niament com &#8216;coca\u00efna rosa&#8217; no \u00e9s una cosa exclusiva de les classes altes i sembla haver-se integrat en el repertori de subst\u00e0ncies que habitualment es consumeixen per sortir de festa\u201d<\/em>. Aquesta \u00e9s una de les conclusions de la primera edici\u00f3 de l&#8217;<a href=\"https:\/\/energycontrol.org\/energy-control-presenta-los-resultados-de-la-primera-edicion-de-su-observatorio-de-consumos-riesgos-y-cuidados\/\">Observatori de consums, riscos i cura del programa Energy Control<\/a> de l&#8217;<a href=\"https:\/\/abd.ong\/ca\/\">Associaci\u00f3 Benestar i Desenvolupament<\/a>. A trav\u00e9s d&#8217;una enquesta en l\u00ednia en qu\u00e8 van participar 1412 persones, es va comprovar que el 20% havia consumit tusib\u00ed alguna vegada l&#8217;\u00faltim any.<\/p>\n\n\n\n<p><strong>Aquest estudi \u00e9s el primer que es fa a Espanya amb l&#8217;objectiu de con\u00e8ixer millor el consum de tusib\u00ed<\/strong>. S&#8217;ha dut a terme entre persones que habitualment consumeixen subst\u00e0ncies psicoactives per sortir de festa i amb un perfil sociodemogr\u00e0fic que es correspon al d&#8217;una persona jove (26 anys de mitjana), que treballa per compte d&#8217;altri o estudia i viu a casa de la fam\u00edlia.<\/p>\n\n\n\n<p>Tot i que no es tracta de la principal subst\u00e0ncia que consumeixen, sembla que<strong> el tusib\u00ed s&#8217;ha integrat en un repertori extens de subst\u00e0ncies consumides<\/strong>, entre les quals destaquen no nom\u00e9s l&#8217;alcohol o el c\u00e0nnabis, sin\u00f3 tamb\u00e9 l&#8217;MDMA (\u00e8xtasi), l&#8217;amfetamina, la coca\u00efna i els poppers. De fet, sis de cada 10 reconeix haver combinat el tusib\u00ed amb altres drogues sempre que ho ha consumit.<\/p>\n\n\n\n<p>Acostuma a consumir-se esnifant la pols, estant de festa i amb les amistats. Els llocs on es consumeix s\u00f3n variats, sent els m\u00e9s esmentats les discoteques i les festes rave. Amb tot, sembla que <strong>el consum de tusib\u00ed \u00e9s for\u00e7a ocasional<\/strong>: tres de cada quatre reconeix haver-lo consumit tan sols entre 1 i 5 dies en els dotze \u00faltims mesos.<\/p>\n\n\n\n<p>Tot i <strong>la confusi\u00f3 que hi ha al voltant de la seva composici\u00f3<\/strong>, set de cada deu persones assenyala la MDMA i la ketamina com a components d&#8217;aquest producte. Per\u00f2 encara hi ha persones que tenen creences err\u00f2nies sobre la seva composici\u00f3 i assenyala subst\u00e0ncies com la coca\u00efna, la 2C-B o la LSD. Un 8% va assenyalar descon\u00e8ixer la composici\u00f3. Per aquesta ra\u00f3, <strong>entre <a href=\"https:\/\/energycontrol.org\/energy-control-presenta-los-resultados-de-la-primera-edicion-de-su-observatorio-de-consumos-riesgos-y-cuidados\/\">les recomanacions de l&#8217;Observatori<\/a> hi ha el seguir treballant per trencar l&#8217;associaci\u00f3 del tusib\u00ed amb la 2C-B o la coca\u00efna<\/strong>.<\/p>\n\n\n\n<div style=\"height:50px\" aria-hidden=\"true\" class=\"wp-block-spacer\"><\/div>\n\n\n\n<h4 class=\"wp-block-heading\"><strong>M\u00e9s enll\u00e0 del consum de tusib\u00ed<\/strong><\/h4>\n\n\n\n<div style=\"height:50px\" aria-hidden=\"true\" class=\"wp-block-spacer\"><\/div>\n\n\n\n<p>L&#8217;Observatori de consums, riscos i cures tamb\u00e9 ha incl\u00f2s, a m\u00e9s de l&#8217;enquesta en l\u00ednia, diverses entrevistes en profunditat i grups de discussi\u00f3 a quatre ciutats espanyoles per con\u00e8ixer millor les pautes de consum recreatiu de subst\u00e0ncies psicoactives i, aix\u00ed, orientar el desenvolupament d&#8217;accions de reducci\u00f3 de riscos i danys m\u00e9s efectives. Per aix\u00f2, a m\u00e9s del consum de tusib\u00ed,<strong> tamb\u00e9 s&#8217;ha posat el focus a con\u00e8ixer les maneres en qu\u00e8 les persones que consumeixen \u00e8xtasi dosifiquen tant el vidre com les pastilles, quines precaucions adopten en esnifar subst\u00e0ncies o les percepcions que tenen sobre l&#8217;\u00fas de filtres als porros com a estrat\u00e8gia per reduir els riscos de tipus respiratori<\/strong>, entre altres temes.<\/p>\n\n\n\n<p>Tot aix\u00f2 s&#8217;ha reunit <a href=\"https:\/\/energycontrol.org\/wp-content\/uploads\/2023\/01\/OEC2022_INFORME_DEF.pdf\">en un informe disponible a la p\u00e0gina web del programa Energy Control<\/a>. Aquesta primera edici\u00f3 de l\u2019Observatori ha estat finan\u00e7ada a trav\u00e9s de la convocat\u00f2ria 0,7 de subvencions per a la realitzaci\u00f3 d&#8217;activitats d&#8217;inter\u00e8s general considerades d&#8217;inter\u00e8s social, corresponent a la Secretaria d&#8217;Estat de Drets Socials (Convocat\u00f2ria 2021) del Ministeri de Drets Socials i Agenda 2030.<\/p>\n\n\n\n<div style=\"height:50px\" aria-hidden=\"true\" class=\"wp-block-spacer\"><\/div>\n\n\n\n<h4 class=\"wp-block-heading\"><strong>Sobre Energy Control<\/strong><\/h4>\n\n\n\n<div style=\"height:50px\" aria-hidden=\"true\" class=\"wp-block-spacer\"><\/div>\n\n\n\n<p>Energy Control \u00e9s un programa pioner d&#8217;intervenci\u00f3 des de la reducci\u00f3 de riscos a l&#8217;\u00e0mbit dels consums recreatius de drogues de l&#8217;Associaci\u00f3 Benestar i Desenvolupament. Compta amb la col\u00b7laboraci\u00f3 i el finan\u00e7ament del Pla Nacional sobre Drogues del Ministeri de Sanitat, de la <a href=\"https:\/\/www.madrid.es\/portales\/munimadrid\/es\/Inicio\/Servicios-sociales-y-salud\/Direcciones-y-telefonos\/Instituto-de-Adicciones\/?vgnextfmt=default&amp;vgnextoid=daf6e0e1f181c010VgnVCM1000000b205a0aRCRD&amp;vgnextchannel=2bc2c8eb248fe410VgnVCM1000000b205a0aRCRD\">Subdirecci\u00f3 General d\u2019Addiccions de l&#8217;Institut d\u2019Addiccions de Madrid Salut<\/a>, de la <a href=\"http:\/\/sac.gencat.cat\/sacgencat\/AppJava\/organisme_fitxa.jsp?codi=2922\">Subdirecci\u00f3 General d&#8217;Addiccions, VIH, Infeccions de Transmissi\u00f3 Sexual i Hepatitis V\u00edriques de la Secretaria de Salut P\u00fablica del Departament de Salut de la Generalitat de Catalunya y <\/a>de la <a href=\"https:\/\/www.juntadeandalucia.es\/organismos\/saludyconsumo.html\">Conselleria de Salut i Consum de la Junta d&#8217;Andalusia<\/a>.<\/p>\n","protected":false},"excerpt":{"rendered":"<p>Aquesta \u00e9s una de les conclusions de la primera edici\u00f3 de l&#8217;Observatori de consums, riscos i cura del programa de l&#8217;Associaci\u00f3 Benestar i Desenvolupament \u201cEl consum de tusib\u00ed, tamb\u00e9 anomenat&hellip;<\/p>\n","protected":false},"author":2,"featured_media":43613,"comment_status":"closed","ping_status":"closed","sticky":false,"template":"","format":"standard","meta":{"_acf_changed":false,"footnotes":""},"categories":[1301],"tags":[119,675,3265,3338,175,610,2451,3278,2877,3339,3276,2396,3337],"class_list":["post-43618","post","type-post","status-publish","format-standard","has-post-thumbnail","hentry","category-drogues-i-salut","tag-abd","tag-asociacion-bienestar-y-desarrollo-ca","tag-cocaina-ca","tag-cocaina-rosa-ca","tag-drogas-ca","tag-drogodependencias-ca","tag-energy-control-ca","tag-extasis-ca","tag-grup-abd","tag-ketamina-ca","tag-mdma-ca-2","tag-reduccio-de-danys-ca","tag-tusibi-ca","ods-educacio-de-qualitat","ods-salut-i-benestar","right-dret-a-leducacio","right-dret-a-la-salut"],"acf":[],"yoast_head":"<!-- This site is optimized with the Yoast SEO plugin v27.4 - https:\/\/yoast.com\/product\/yoast-seo-wordpress\/ -->\n<title>Energy Control: \u201cEl consum de tusib\u00ed no \u00e9s exclusiu de les classes altes\u201d - ABD<\/title>\n<meta name=\"description\" content=\"Aquesta \u00e9s una de les conclusions de la primera edici\u00f3 de l&#039;Observatori de consums, riscos i cura del programa de l&#039;Associaci\u00f3 Benestar i Desenvolupament\" \/>\n<meta name=\"robots\" content=\"index, follow, max-snippet:-1, max-image-preview:large, max-video-preview:-1\" \/>\n<link rel=\"canonical\" href=\"https:\/\/abd.ong\/ca\/drogues-i-salut\/energy-control-el-consum-de-tusibi-no-es-exclusiu-de-les-classes-altes\/\" \/>\n<meta property=\"og:locale\" content=\"ca_ES\" \/>\n<meta property=\"og:type\" content=\"article\" \/>\n<meta property=\"og:title\" content=\"Energy Control: \u201cEl consum de tusib\u00ed no \u00e9s exclusiu de les classes altes\u201d - ABD\" \/>\n<meta property=\"og:description\" content=\"Aquesta \u00e9s una de les conclusions de la primera edici\u00f3 de l&#039;Observatori de consums, riscos i cura del programa de l&#039;Associaci\u00f3 Benestar i Desenvolupament\" \/>\n<meta property=\"og:url\" content=\"https:\/\/abd.ong\/ca\/drogues-i-salut\/energy-control-el-consum-de-tusibi-no-es-exclusiu-de-les-classes-altes\/\" \/>\n<meta property=\"og:site_name\" content=\"ABD\" \/>\n<meta property=\"article:publisher\" content=\"https:\/\/www.facebook.com\/abd.ong\" \/>\n<meta property=\"article:published_time\" content=\"2023-02-15T13:15:31+00:00\" \/>\n<meta property=\"article:modified_time\" content=\"2023-02-16T08:12:04+00:00\" \/>\n<meta property=\"og:image\" content=\"https:\/\/abd.ong\/wp-content\/uploads\/2023\/02\/Campana-verano-FB-y-TW.png\" \/>\n\t<meta property=\"og:image:width\" content=\"1600\" \/>\n\t<meta property=\"og:image:height\" content=\"900\" \/>\n\t<meta property=\"og:image:type\" content=\"image\/png\" \/>\n<meta name=\"author\" content=\"Enric Guinart\" \/>\n<meta name=\"twitter:card\" content=\"summary_large_image\" \/>\n<meta name=\"twitter:creator\" content=\"@abd_ong\" \/>\n<meta name=\"twitter:site\" content=\"@abd_ong\" \/>\n<meta name=\"twitter:label1\" content=\"Escrit per\" \/>\n\t<meta name=\"twitter:data1\" content=\"Enric Guinart\" \/>\n\t<meta name=\"twitter:label2\" content=\"Temps estimat de lectura\" \/>\n\t<meta name=\"twitter:data2\" content=\"3 minuts\" \/>\n<script type=\"application\/ld+json\" class=\"yoast-schema-graph\">{\"@context\":\"https:\\\/\\\/schema.org\",\"@graph\":[{\"@type\":\"Article\",\"@id\":\"https:\\\/\\\/abd.ong\\\/ca\\\/drogues-i-salut\\\/energy-control-el-consum-de-tusibi-no-es-exclusiu-de-les-classes-altes\\\/#article\",\"isPartOf\":{\"@id\":\"https:\\\/\\\/abd.ong\\\/ca\\\/drogues-i-salut\\\/energy-control-el-consum-de-tusibi-no-es-exclusiu-de-les-classes-altes\\\/\"},\"author\":{\"name\":\"Enric Guinart\",\"@id\":\"https:\\\/\\\/abd.ong\\\/ca\\\/#\\\/schema\\\/person\\\/d0f5fe279a7ad908de6a6d1332bfd7d8\"},\"headline\":\"Energy Control: \u201cEl consum de tusib\u00ed no \u00e9s exclusiu de les classes altes\u201d\",\"datePublished\":\"2023-02-15T13:15:31+00:00\",\"dateModified\":\"2023-02-16T08:12:04+00:00\",\"mainEntityOfPage\":{\"@id\":\"https:\\\/\\\/abd.ong\\\/ca\\\/drogues-i-salut\\\/energy-control-el-consum-de-tusibi-no-es-exclusiu-de-les-classes-altes\\\/\"},\"wordCount\":740,\"publisher\":{\"@id\":\"https:\\\/\\\/abd.ong\\\/ca\\\/#organization\"},\"image\":{\"@id\":\"https:\\\/\\\/abd.ong\\\/ca\\\/drogues-i-salut\\\/energy-control-el-consum-de-tusibi-no-es-exclusiu-de-les-classes-altes\\\/#primaryimage\"},\"thumbnailUrl\":\"https:\\\/\\\/abd.ong\\\/wp-content\\\/uploads\\\/2023\\\/02\\\/Campana-verano-FB-y-TW.png\",\"keywords\":[\"ABD\",\"Asociaci\u00f3n Bienestar y Desarrollo\",\"coca\u00efna\",\"coca\u00edna rosa\",\"drogas\",\"drogodependencias\",\"Energy Control\",\"\u00e8xtasis\",\"grup ABD\",\"ketamina\",\"MDMA\",\"reducci\u00f3 de danys\",\"tusib\u00ed\"],\"articleSection\":[\"Drogues i salut\"],\"inLanguage\":\"ca\"},{\"@type\":\"WebPage\",\"@id\":\"https:\\\/\\\/abd.ong\\\/ca\\\/drogues-i-salut\\\/energy-control-el-consum-de-tusibi-no-es-exclusiu-de-les-classes-altes\\\/\",\"url\":\"https:\\\/\\\/abd.ong\\\/ca\\\/drogues-i-salut\\\/energy-control-el-consum-de-tusibi-no-es-exclusiu-de-les-classes-altes\\\/\",\"name\":\"Energy Control: \u201cEl consum de tusib\u00ed no \u00e9s exclusiu de les classes altes\u201d - ABD\",\"isPartOf\":{\"@id\":\"https:\\\/\\\/abd.ong\\\/ca\\\/#website\"},\"primaryImageOfPage\":{\"@id\":\"https:\\\/\\\/abd.ong\\\/ca\\\/drogues-i-salut\\\/energy-control-el-consum-de-tusibi-no-es-exclusiu-de-les-classes-altes\\\/#primaryimage\"},\"image\":{\"@id\":\"https:\\\/\\\/abd.ong\\\/ca\\\/drogues-i-salut\\\/energy-control-el-consum-de-tusibi-no-es-exclusiu-de-les-classes-altes\\\/#primaryimage\"},\"thumbnailUrl\":\"https:\\\/\\\/abd.ong\\\/wp-content\\\/uploads\\\/2023\\\/02\\\/Campana-verano-FB-y-TW.png\",\"datePublished\":\"2023-02-15T13:15:31+00:00\",\"dateModified\":\"2023-02-16T08:12:04+00:00\",\"description\":\"Aquesta \u00e9s una de les conclusions de la primera edici\u00f3 de l'Observatori de consums, riscos i cura del programa de l'Associaci\u00f3 Benestar i Desenvolupament\",\"breadcrumb\":{\"@id\":\"https:\\\/\\\/abd.ong\\\/ca\\\/drogues-i-salut\\\/energy-control-el-consum-de-tusibi-no-es-exclusiu-de-les-classes-altes\\\/#breadcrumb\"},\"inLanguage\":\"ca\",\"potentialAction\":[{\"@type\":\"ReadAction\",\"target\":[\"https:\\\/\\\/abd.ong\\\/ca\\\/drogues-i-salut\\\/energy-control-el-consum-de-tusibi-no-es-exclusiu-de-les-classes-altes\\\/\"]}]},{\"@type\":\"ImageObject\",\"inLanguage\":\"ca\",\"@id\":\"https:\\\/\\\/abd.ong\\\/ca\\\/drogues-i-salut\\\/energy-control-el-consum-de-tusibi-no-es-exclusiu-de-les-classes-altes\\\/#primaryimage\",\"url\":\"https:\\\/\\\/abd.ong\\\/wp-content\\\/uploads\\\/2023\\\/02\\\/Campana-verano-FB-y-TW.png\",\"contentUrl\":\"https:\\\/\\\/abd.ong\\\/wp-content\\\/uploads\\\/2023\\\/02\\\/Campana-verano-FB-y-TW.png\",\"width\":1600,\"height\":900},{\"@type\":\"BreadcrumbList\",\"@id\":\"https:\\\/\\\/abd.ong\\\/ca\\\/drogues-i-salut\\\/energy-control-el-consum-de-tusibi-no-es-exclusiu-de-les-classes-altes\\\/#breadcrumb\",\"itemListElement\":[{\"@type\":\"ListItem\",\"position\":1,\"name\":\"Inici\",\"item\":\"https:\\\/\\\/abd.ong\\\/ca\\\/\"},{\"@type\":\"ListItem\",\"position\":2,\"name\":\"Energy Control: \u201cEl consum de tusib\u00ed no \u00e9s exclusiu de les classes altes\u201d\"}]},{\"@type\":\"WebSite\",\"@id\":\"https:\\\/\\\/abd.ong\\\/ca\\\/#website\",\"url\":\"https:\\\/\\\/abd.ong\\\/ca\\\/\",\"name\":\"ABD\",\"description\":\"Asociaci\u00f3n Bienestar y Desarrollo\",\"publisher\":{\"@id\":\"https:\\\/\\\/abd.ong\\\/ca\\\/#organization\"},\"potentialAction\":[{\"@type\":\"SearchAction\",\"target\":{\"@type\":\"EntryPoint\",\"urlTemplate\":\"https:\\\/\\\/abd.ong\\\/ca\\\/?s={search_term_string}\"},\"query-input\":{\"@type\":\"PropertyValueSpecification\",\"valueRequired\":true,\"valueName\":\"search_term_string\"}}],\"inLanguage\":\"ca\"},{\"@type\":\"Organization\",\"@id\":\"https:\\\/\\\/abd.ong\\\/ca\\\/#organization\",\"name\":\"Associaci\u00f3 Benestar i Desenvolupament\",\"alternateName\":\"ABD\",\"url\":\"https:\\\/\\\/abd.ong\\\/ca\\\/\",\"logo\":{\"@type\":\"ImageObject\",\"inLanguage\":\"ca\",\"@id\":\"https:\\\/\\\/abd.ong\\\/ca\\\/#\\\/schema\\\/logo\\\/image\\\/\",\"url\":\"https:\\\/\\\/abd.ong\\\/wp-content\\\/uploads\\\/2023\\\/01\\\/Icona.png\",\"contentUrl\":\"https:\\\/\\\/abd.ong\\\/wp-content\\\/uploads\\\/2023\\\/01\\\/Icona.png\",\"width\":190,\"height\":187,\"caption\":\"Associaci\u00f3 Benestar i Desenvolupament\"},\"image\":{\"@id\":\"https:\\\/\\\/abd.ong\\\/ca\\\/#\\\/schema\\\/logo\\\/image\\\/\"},\"sameAs\":[\"https:\\\/\\\/www.facebook.com\\\/abd.ong\",\"https:\\\/\\\/x.com\\\/abd_ong\",\"https:\\\/\\\/www.instagram.com\\\/abd_ong\\\/\",\"https:\\\/\\\/www.linkedin.com\\\/company\\\/abdong\",\"https:\\\/\\\/www.youtube.com\\\/user\\\/CANALABD\"]},{\"@type\":\"Person\",\"@id\":\"https:\\\/\\\/abd.ong\\\/ca\\\/#\\\/schema\\\/person\\\/d0f5fe279a7ad908de6a6d1332bfd7d8\",\"name\":\"Enric Guinart\"}]}<\/script>\n<!-- \/ Yoast SEO plugin. -->","yoast_head_json":{"title":"Energy Control: \u201cEl consum de tusib\u00ed no \u00e9s exclusiu de les classes altes\u201d - ABD","description":"Aquesta \u00e9s una de les conclusions de la primera edici\u00f3 de l'Observatori de consums, riscos i cura del programa de l'Associaci\u00f3 Benestar i Desenvolupament","robots":{"index":"index","follow":"follow","max-snippet":"max-snippet:-1","max-image-preview":"max-image-preview:large","max-video-preview":"max-video-preview:-1"},"canonical":"https:\/\/abd.ong\/ca\/drogues-i-salut\/energy-control-el-consum-de-tusibi-no-es-exclusiu-de-les-classes-altes\/","og_locale":"ca_ES","og_type":"article","og_title":"Energy Control: \u201cEl consum de tusib\u00ed no \u00e9s exclusiu de les classes altes\u201d - ABD","og_description":"Aquesta \u00e9s una de les conclusions de la primera edici\u00f3 de l'Observatori de consums, riscos i cura del programa de l'Associaci\u00f3 Benestar i Desenvolupament","og_url":"https:\/\/abd.ong\/ca\/drogues-i-salut\/energy-control-el-consum-de-tusibi-no-es-exclusiu-de-les-classes-altes\/","og_site_name":"ABD","article_publisher":"https:\/\/www.facebook.com\/abd.ong","article_published_time":"2023-02-15T13:15:31+00:00","article_modified_time":"2023-02-16T08:12:04+00:00","og_image":[{"width":1600,"height":900,"url":"https:\/\/abd.ong\/wp-content\/uploads\/2023\/02\/Campana-verano-FB-y-TW.png","type":"image\/png"}],"author":"Enric Guinart","twitter_card":"summary_large_image","twitter_creator":"@abd_ong","twitter_site":"@abd_ong","twitter_misc":{"Escrit per":"Enric Guinart","Temps estimat de lectura":"3 minuts"},"schema":{"@context":"https:\/\/schema.org","@graph":[{"@type":"Article","@id":"https:\/\/abd.ong\/ca\/drogues-i-salut\/energy-control-el-consum-de-tusibi-no-es-exclusiu-de-les-classes-altes\/#article","isPartOf":{"@id":"https:\/\/abd.ong\/ca\/drogues-i-salut\/energy-control-el-consum-de-tusibi-no-es-exclusiu-de-les-classes-altes\/"},"author":{"name":"Enric Guinart","@id":"https:\/\/abd.ong\/ca\/#\/schema\/person\/d0f5fe279a7ad908de6a6d1332bfd7d8"},"headline":"Energy Control: \u201cEl consum de tusib\u00ed no \u00e9s exclusiu de les classes altes\u201d","datePublished":"2023-02-15T13:15:31+00:00","dateModified":"2023-02-16T08:12:04+00:00","mainEntityOfPage":{"@id":"https:\/\/abd.ong\/ca\/drogues-i-salut\/energy-control-el-consum-de-tusibi-no-es-exclusiu-de-les-classes-altes\/"},"wordCount":740,"publisher":{"@id":"https:\/\/abd.ong\/ca\/#organization"},"image":{"@id":"https:\/\/abd.ong\/ca\/drogues-i-salut\/energy-control-el-consum-de-tusibi-no-es-exclusiu-de-les-classes-altes\/#primaryimage"},"thumbnailUrl":"https:\/\/abd.ong\/wp-content\/uploads\/2023\/02\/Campana-verano-FB-y-TW.png","keywords":["ABD","Asociaci\u00f3n Bienestar y Desarrollo","coca\u00efna","coca\u00edna rosa","drogas","drogodependencias","Energy Control","\u00e8xtasis","grup ABD","ketamina","MDMA","reducci\u00f3 de danys","tusib\u00ed"],"articleSection":["Drogues i salut"],"inLanguage":"ca"},{"@type":"WebPage","@id":"https:\/\/abd.ong\/ca\/drogues-i-salut\/energy-control-el-consum-de-tusibi-no-es-exclusiu-de-les-classes-altes\/","url":"https:\/\/abd.ong\/ca\/drogues-i-salut\/energy-control-el-consum-de-tusibi-no-es-exclusiu-de-les-classes-altes\/","name":"Energy Control: \u201cEl consum de tusib\u00ed no \u00e9s exclusiu de les classes altes\u201d - ABD","isPartOf":{"@id":"https:\/\/abd.ong\/ca\/#website"},"primaryImageOfPage":{"@id":"https:\/\/abd.ong\/ca\/drogues-i-salut\/energy-control-el-consum-de-tusibi-no-es-exclusiu-de-les-classes-altes\/#primaryimage"},"image":{"@id":"https:\/\/abd.ong\/ca\/drogues-i-salut\/energy-control-el-consum-de-tusibi-no-es-exclusiu-de-les-classes-altes\/#primaryimage"},"thumbnailUrl":"https:\/\/abd.ong\/wp-content\/uploads\/2023\/02\/Campana-verano-FB-y-TW.png","datePublished":"2023-02-15T13:15:31+00:00","dateModified":"2023-02-16T08:12:04+00:00","description":"Aquesta \u00e9s una de les conclusions de la primera edici\u00f3 de l'Observatori de consums, riscos i cura del programa de l'Associaci\u00f3 Benestar i Desenvolupament","breadcrumb":{"@id":"https:\/\/abd.ong\/ca\/drogues-i-salut\/energy-control-el-consum-de-tusibi-no-es-exclusiu-de-les-classes-altes\/#breadcrumb"},"inLanguage":"ca","potentialAction":[{"@type":"ReadAction","target":["https:\/\/abd.ong\/ca\/drogues-i-salut\/energy-control-el-consum-de-tusibi-no-es-exclusiu-de-les-classes-altes\/"]}]},{"@type":"ImageObject","inLanguage":"ca","@id":"https:\/\/abd.ong\/ca\/drogues-i-salut\/energy-control-el-consum-de-tusibi-no-es-exclusiu-de-les-classes-altes\/#primaryimage","url":"https:\/\/abd.ong\/wp-content\/uploads\/2023\/02\/Campana-verano-FB-y-TW.png","contentUrl":"https:\/\/abd.ong\/wp-content\/uploads\/2023\/02\/Campana-verano-FB-y-TW.png","width":1600,"height":900},{"@type":"BreadcrumbList","@id":"https:\/\/abd.ong\/ca\/drogues-i-salut\/energy-control-el-consum-de-tusibi-no-es-exclusiu-de-les-classes-altes\/#breadcrumb","itemListElement":[{"@type":"ListItem","position":1,"name":"Inici","item":"https:\/\/abd.ong\/ca\/"},{"@type":"ListItem","position":2,"name":"Energy Control: \u201cEl consum de tusib\u00ed no \u00e9s exclusiu de les classes altes\u201d"}]},{"@type":"WebSite","@id":"https:\/\/abd.ong\/ca\/#website","url":"https:\/\/abd.ong\/ca\/","name":"ABD","description":"Asociaci\u00f3n Bienestar y Desarrollo","publisher":{"@id":"https:\/\/abd.ong\/ca\/#organization"},"potentialAction":[{"@type":"SearchAction","target":{"@type":"EntryPoint","urlTemplate":"https:\/\/abd.ong\/ca\/?s={search_term_string}"},"query-input":{"@type":"PropertyValueSpecification","valueRequired":true,"valueName":"search_term_string"}}],"inLanguage":"ca"},{"@type":"Organization","@id":"https:\/\/abd.ong\/ca\/#organization","name":"Associaci\u00f3 Benestar i Desenvolupament","alternateName":"ABD","url":"https:\/\/abd.ong\/ca\/","logo":{"@type":"ImageObject","inLanguage":"ca","@id":"https:\/\/abd.ong\/ca\/#\/schema\/logo\/image\/","url":"https:\/\/abd.ong\/wp-content\/uploads\/2023\/01\/Icona.png","contentUrl":"https:\/\/abd.ong\/wp-content\/uploads\/2023\/01\/Icona.png","width":190,"height":187,"caption":"Associaci\u00f3 Benestar i Desenvolupament"},"image":{"@id":"https:\/\/abd.ong\/ca\/#\/schema\/logo\/image\/"},"sameAs":["https:\/\/www.facebook.com\/abd.ong","https:\/\/x.com\/abd_ong","https:\/\/www.instagram.com\/abd_ong\/","https:\/\/www.linkedin.com\/company\/abdong","https:\/\/www.youtube.com\/user\/CANALABD"]},{"@type":"Person","@id":"https:\/\/abd.ong\/ca\/#\/schema\/person\/d0f5fe279a7ad908de6a6d1332bfd7d8","name":"Enric Guinart"}]}},"_links":{"self":[{"href":"https:\/\/abd.ong\/ca\/wp-json\/wp\/v2\/posts\/43618","targetHints":{"allow":["GET"]}}],"collection":[{"href":"https:\/\/abd.ong\/ca\/wp-json\/wp\/v2\/posts"}],"about":[{"href":"https:\/\/abd.ong\/ca\/wp-json\/wp\/v2\/types\/post"}],"author":[{"embeddable":true,"href":"https:\/\/abd.ong\/ca\/wp-json\/wp\/v2\/users\/2"}],"replies":[{"embeddable":true,"href":"https:\/\/abd.ong\/ca\/wp-json\/wp\/v2\/comments?post=43618"}],"version-history":[{"count":2,"href":"https:\/\/abd.ong\/ca\/wp-json\/wp\/v2\/posts\/43618\/revisions"}],"predecessor-version":[{"id":43645,"href":"https:\/\/abd.ong\/ca\/wp-json\/wp\/v2\/posts\/43618\/revisions\/43645"}],"wp:featuredmedia":[{"embeddable":true,"href":"https:\/\/abd.ong\/ca\/wp-json\/wp\/v2\/media\/43613"}],"wp:attachment":[{"href":"https:\/\/abd.ong\/ca\/wp-json\/wp\/v2\/media?parent=43618"}],"wp:term":[{"taxonomy":"category","embeddable":true,"href":"https:\/\/abd.ong\/ca\/wp-json\/wp\/v2\/categories?post=43618"},{"taxonomy":"post_tag","embeddable":true,"href":"https:\/\/abd.ong\/ca\/wp-json\/wp\/v2\/tags?post=43618"}],"curies":[{"name":"wp","href":"https:\/\/api.w.org\/{rel}","templated":true}]}}