{"id":43403,"date":"2023-02-10T12:20:29","date_gmt":"2023-02-10T11:20:29","guid":{"rendered":"https:\/\/abd.ong\/?p=43403"},"modified":"2023-02-15T12:25:39","modified_gmt":"2023-02-15T11:25:39","slug":"el-grup-abd-participa-a-la-jornada-del-forum-social-metropolita","status":"publish","type":"post","link":"https:\/\/abd.ong\/ca\/general-ca\/el-grup-abd-participa-a-la-jornada-del-forum-social-metropolita\/","title":{"rendered":"El Grup ABD participa a la Jornada del F\u00f2rum Social Metropolit\u00e0"},"content":{"rendered":"\n<h3 class=\"wp-block-heading\">\u00c0ngels Guiteras ser\u00e0 una de les ponents d\u2019un espai on representants dels ajuntaments i entitats socials de la regi\u00f3 metropolitana reflexionaran i aportaran les seves experi\u00e8ncies pel que fa a les pr\u00e0ctiques de contractaci\u00f3 i col\u00b7laboraci\u00f3 econ\u00f2mica i social.&#13;\n&#13;\n<\/h3>\n\n<div style=\"height:50px\" aria-hidden=\"true\" class=\"wp-block-spacer\"><\/div>\n\n<p>La gerent del <a href=\"https:\/\/abd.ong\/ca\/\">Grup ABD<\/a>, <strong>\u00c0ngels Guiteras<\/strong>, ser\u00e0 una de les ponents de la <a href=\"http:\/\/www.bcn.cat\/barcelonainclusiva\/ca\/noticies.html#fsm-0209094634\">Segona Jornada del F\u00f2rum Social Metropolit\u00e0<\/a> que se celebrar\u00e0 el dijous 23 de febrer al Museu Picasso de 9.30 a 12h de Barcelona. S&#8217;ha dissenyat un espai on representants dels ajuntaments i les entitats socials de la regi\u00f3 metropolitana reflexionaran i aportaran les seves experi\u00e8ncies pel que fa a les pr\u00e0ctiques de contractaci\u00f3 i col\u00b7laboraci\u00f3 econ\u00f2mica i social. La inscripci\u00f3 es pot fer <a href=\"https:\/\/fs3.formsite.com\/Formularis\/fsm\/index.html\">aqu\u00ed<\/a>. Tamb\u00e9 podeu <a href=\"https:\/\/abd.ong\/wp-content\/uploads\/2023\/02\/Cartell-FSM-a4-Programa-1.png\">consultar el programa<\/a>.<\/p>\n\n<p>El F\u00f2rum \u00e9s una iniciativa promoguda per l\u2019<a href=\"http:\/\/www.bcn.cat\/barcelonainclusiva\/ca\/\">Acord Ciutad\u00e0<\/a> per a una Barcelona Inclusiva. \u00c9s un espai horitzontal obert a totes les entitats socials amb activitat a la regi\u00f3 metropolitana, la ciutat dels 5 milions d\u2019habitants, i als ajuntaments que hi vulguin participar. L\u2019objectiu del F\u00f2rum \u00e9s identificar i fer front als reptes socials metropolitans desplegant una acci\u00f3 social tant en l\u2019\u00e0mbit intermunicipal com p\u00fablico-local &#8211; iniciativa social a l\u2019interior de l\u2019espai de la regi\u00f3 metropolitana.<\/p>\n\n<p>Els reptes als que s\u2019enfronten els municipis de la regi\u00f3 metropolitana de Barcelona avui en dia, tot i tenir les seves peculiaritats, generalment tendeixen a transcendir el l\u00edmit municipal. En aquest context \u00e9s molt important la pol\u00edtica en xarxa, no nom\u00e9s entre ajuntaments o entre entitats socials, sin\u00f3 tamb\u00e9 multinivell, entre els \u00f2rgans de govern i la societat civil organitzada. <\/p>\n\n<p>\u00c9s per aix\u00f2 que enguany, la jornada se centra en un repte compartit: les pr\u00e0ctiques de contractaci\u00f3 i col\u00b7laboraci\u00f3 tant econ\u00f2mica com social entre ajuntaments i entitats socials. Per fer-ho, s\u2019ha format una taula rodona on es compartiran pr\u00e0ctiques d\u2019\u00e8xit de diferents punts de la regi\u00f3 metropolitana, Matar\u00f3, Santa Coloma de Gramenet i El Prat del Llobregat, de manera que es puguin generar sinergies, coneixement i bones pr\u00e0ctiques. Finalment, s\u2019obrir\u00e0 un espai obert de participaci\u00f3 de manera que es pugui generar un espai horitzontal de participaci\u00f3 lliure.&#13;\n<\/p>\n\n<div style=\"height:50px\" aria-hidden=\"true\" class=\"wp-block-spacer\"><\/div>\n\n<h4 class=\"wp-block-heading\">Qu\u00e8 \u00e9s l\u2019Acord Ciutad\u00e0 per a una Barcelona Inclusiva?<\/h4>\n\n<div style=\"height:50px\" aria-hidden=\"true\" class=\"wp-block-spacer\"><\/div>\n\n<p>L\u2019Acord Ciutad\u00e0 per una Barcelona Inclusiva \u00e9s l\u2019actor que ofereix suport organitzatiu i metodol\u00f2gic entre les entitats del m\u00f3n local de la regi\u00f3 metropolitana de Barcelona. Despr\u00e9s de m\u00e9s d\u2019una d\u00e8cada de treball compartit, l\u2019Acord Ciutad\u00e0 ja est\u00e0 format per m\u00e9s de 800 entitats socials, de les quals, 289 de les que hi participen regularment, i tenen seu a Barcelona, per\u00f2 tamb\u00e9 a altres municipis metropolitans. Tamb\u00e9 formen part de l\u2019Acord federacions de l\u2019\u00e0mbit social, sindicats i governs intermunicipals. <\/p>\n\n<p>\u00c9s en aquest context que ara l\u2019Acord suma la iniciativa metropolitana del F\u00f2rum Social Metropolit\u00e0 per aix\u00ed promoure, facilitar i donar suport a les interdepend\u00e8ncies entre entitats socials i ajuntaments per afrontar amb major \u00e8xit els reptes socials de la metr\u00f2polis.&#13;\n&#13;\n<\/p>\n","protected":false},"excerpt":{"rendered":"<p>\u00c0ngels Guiteras ser\u00e0 una de les ponents d\u2019un espai on representants dels ajuntaments i entitats socials de la regi\u00f3 metropolitana reflexionaran i aportaran les seves experi\u00e8ncies pel que fa a&hellip;<\/p>\n","protected":false},"author":2,"featured_media":43393,"comment_status":"closed","ping_status":"closed","sticky":false,"template":"","format":"standard","meta":{"_acf_changed":false,"footnotes":""},"categories":[66],"tags":[1897,3332,675,3331,3333,2877],"class_list":["post-43403","post","type-post","status-publish","format-standard","has-post-thumbnail","hentry","category-general-ca","tag-abd-2-ca","tag-acord-ciutada-ca","tag-asociacion-bienestar-y-desarrollo-ca","tag-contractacio-public-privada-ca","tag-forum-social-metropolita","tag-grup-abd"],"acf":[],"yoast_head":"<!-- This site is optimized with the Yoast SEO plugin v27.4 - https:\/\/yoast.com\/product\/yoast-seo-wordpress\/ -->\n<title>El Grup ABD participa a la Jornada del F\u00f2rum Social Metropolit\u00e0 - ABD<\/title>\n<meta name=\"description\" content=\"\u00c0ngels Guiteras ser\u00e0 una de les ponents d\u2019un espai on representants dels ajuntaments i entitats socials de la regi\u00f3 metropolitana reflexionaran i\" \/>\n<meta name=\"robots\" content=\"index, follow, max-snippet:-1, max-image-preview:large, max-video-preview:-1\" \/>\n<link rel=\"canonical\" href=\"https:\/\/abd.ong\/ca\/general-ca\/el-grup-abd-participa-a-la-jornada-del-forum-social-metropolita\/\" \/>\n<meta property=\"og:locale\" content=\"ca_ES\" \/>\n<meta property=\"og:type\" content=\"article\" \/>\n<meta property=\"og:title\" content=\"El Grup ABD participa a la Jornada del F\u00f2rum Social Metropolit\u00e0 - ABD\" \/>\n<meta property=\"og:description\" content=\"\u00c0ngels Guiteras ser\u00e0 una de les ponents d\u2019un espai on representants dels ajuntaments i entitats socials de la regi\u00f3 metropolitana reflexionaran i\" \/>\n<meta property=\"og:url\" content=\"https:\/\/abd.ong\/ca\/general-ca\/el-grup-abd-participa-a-la-jornada-del-forum-social-metropolita\/\" \/>\n<meta property=\"og:site_name\" content=\"ABD\" \/>\n<meta property=\"article:publisher\" content=\"https:\/\/www.facebook.com\/abd.ong\" \/>\n<meta property=\"article:published_time\" content=\"2023-02-10T11:20:29+00:00\" \/>\n<meta property=\"article:modified_time\" content=\"2023-02-15T11:25:39+00:00\" \/>\n<meta property=\"og:image\" content=\"https:\/\/abd.ong\/wp-content\/uploads\/2023\/02\/Cartell-FSM-a4-Portada.png\" \/>\n\t<meta property=\"og:image:width\" content=\"2245\" \/>\n\t<meta property=\"og:image:height\" content=\"1587\" \/>\n\t<meta property=\"og:image:type\" content=\"image\/png\" \/>\n<meta name=\"author\" content=\"Enric Guinart\" \/>\n<meta name=\"twitter:card\" content=\"summary_large_image\" \/>\n<meta name=\"twitter:creator\" content=\"@abd_ong\" \/>\n<meta name=\"twitter:site\" content=\"@abd_ong\" \/>\n<meta name=\"twitter:label1\" content=\"Escrit per\" \/>\n\t<meta name=\"twitter:data1\" content=\"Enric Guinart\" \/>\n\t<meta name=\"twitter:label2\" content=\"Temps estimat de lectura\" \/>\n\t<meta name=\"twitter:data2\" content=\"3 minuts\" \/>\n<script type=\"application\/ld+json\" class=\"yoast-schema-graph\">{\"@context\":\"https:\\\/\\\/schema.org\",\"@graph\":[{\"@type\":\"Article\",\"@id\":\"https:\\\/\\\/abd.ong\\\/ca\\\/general-ca\\\/el-grup-abd-participa-a-la-jornada-del-forum-social-metropolita\\\/#article\",\"isPartOf\":{\"@id\":\"https:\\\/\\\/abd.ong\\\/ca\\\/general-ca\\\/el-grup-abd-participa-a-la-jornada-del-forum-social-metropolita\\\/\"},\"author\":{\"name\":\"Enric Guinart\",\"@id\":\"https:\\\/\\\/abd.ong\\\/ca\\\/#\\\/schema\\\/person\\\/d0f5fe279a7ad908de6a6d1332bfd7d8\"},\"headline\":\"El Grup ABD participa a la Jornada del F\u00f2rum Social Metropolit\u00e0\",\"datePublished\":\"2023-02-10T11:20:29+00:00\",\"dateModified\":\"2023-02-15T11:25:39+00:00\",\"mainEntityOfPage\":{\"@id\":\"https:\\\/\\\/abd.ong\\\/ca\\\/general-ca\\\/el-grup-abd-participa-a-la-jornada-del-forum-social-metropolita\\\/\"},\"wordCount\":530,\"publisher\":{\"@id\":\"https:\\\/\\\/abd.ong\\\/ca\\\/#organization\"},\"image\":{\"@id\":\"https:\\\/\\\/abd.ong\\\/ca\\\/general-ca\\\/el-grup-abd-participa-a-la-jornada-del-forum-social-metropolita\\\/#primaryimage\"},\"thumbnailUrl\":\"https:\\\/\\\/abd.ong\\\/wp-content\\\/uploads\\\/2023\\\/02\\\/Cartell-FSM-a4-Portada.png\",\"keywords\":[\"ABD\",\"Acord Ciutad\u00e0\",\"Asociaci\u00f3n Bienestar y Desarrollo\",\"contractaci\u00f3 p\u00fablic-privada\",\"F\u00f2rum Social Metropolit\u00e0\",\"grup ABD\"],\"articleSection\":[\"General\"],\"inLanguage\":\"ca\"},{\"@type\":\"WebPage\",\"@id\":\"https:\\\/\\\/abd.ong\\\/ca\\\/general-ca\\\/el-grup-abd-participa-a-la-jornada-del-forum-social-metropolita\\\/\",\"url\":\"https:\\\/\\\/abd.ong\\\/ca\\\/general-ca\\\/el-grup-abd-participa-a-la-jornada-del-forum-social-metropolita\\\/\",\"name\":\"El Grup ABD participa a la Jornada del F\u00f2rum Social Metropolit\u00e0 - ABD\",\"isPartOf\":{\"@id\":\"https:\\\/\\\/abd.ong\\\/ca\\\/#website\"},\"primaryImageOfPage\":{\"@id\":\"https:\\\/\\\/abd.ong\\\/ca\\\/general-ca\\\/el-grup-abd-participa-a-la-jornada-del-forum-social-metropolita\\\/#primaryimage\"},\"image\":{\"@id\":\"https:\\\/\\\/abd.ong\\\/ca\\\/general-ca\\\/el-grup-abd-participa-a-la-jornada-del-forum-social-metropolita\\\/#primaryimage\"},\"thumbnailUrl\":\"https:\\\/\\\/abd.ong\\\/wp-content\\\/uploads\\\/2023\\\/02\\\/Cartell-FSM-a4-Portada.png\",\"datePublished\":\"2023-02-10T11:20:29+00:00\",\"dateModified\":\"2023-02-15T11:25:39+00:00\",\"description\":\"\u00c0ngels Guiteras ser\u00e0 una de les ponents d\u2019un espai on representants dels ajuntaments i entitats socials de la regi\u00f3 metropolitana reflexionaran i\",\"breadcrumb\":{\"@id\":\"https:\\\/\\\/abd.ong\\\/ca\\\/general-ca\\\/el-grup-abd-participa-a-la-jornada-del-forum-social-metropolita\\\/#breadcrumb\"},\"inLanguage\":\"ca\",\"potentialAction\":[{\"@type\":\"ReadAction\",\"target\":[\"https:\\\/\\\/abd.ong\\\/ca\\\/general-ca\\\/el-grup-abd-participa-a-la-jornada-del-forum-social-metropolita\\\/\"]}]},{\"@type\":\"ImageObject\",\"inLanguage\":\"ca\",\"@id\":\"https:\\\/\\\/abd.ong\\\/ca\\\/general-ca\\\/el-grup-abd-participa-a-la-jornada-del-forum-social-metropolita\\\/#primaryimage\",\"url\":\"https:\\\/\\\/abd.ong\\\/wp-content\\\/uploads\\\/2023\\\/02\\\/Cartell-FSM-a4-Portada.png\",\"contentUrl\":\"https:\\\/\\\/abd.ong\\\/wp-content\\\/uploads\\\/2023\\\/02\\\/Cartell-FSM-a4-Portada.png\",\"width\":2245,\"height\":1587},{\"@type\":\"BreadcrumbList\",\"@id\":\"https:\\\/\\\/abd.ong\\\/ca\\\/general-ca\\\/el-grup-abd-participa-a-la-jornada-del-forum-social-metropolita\\\/#breadcrumb\",\"itemListElement\":[{\"@type\":\"ListItem\",\"position\":1,\"name\":\"Inici\",\"item\":\"https:\\\/\\\/abd.ong\\\/ca\\\/\"},{\"@type\":\"ListItem\",\"position\":2,\"name\":\"El Grup ABD participa a la Jornada del F\u00f2rum Social Metropolit\u00e0\"}]},{\"@type\":\"WebSite\",\"@id\":\"https:\\\/\\\/abd.ong\\\/ca\\\/#website\",\"url\":\"https:\\\/\\\/abd.ong\\\/ca\\\/\",\"name\":\"ABD\",\"description\":\"Asociaci\u00f3n Bienestar y Desarrollo\",\"publisher\":{\"@id\":\"https:\\\/\\\/abd.ong\\\/ca\\\/#organization\"},\"potentialAction\":[{\"@type\":\"SearchAction\",\"target\":{\"@type\":\"EntryPoint\",\"urlTemplate\":\"https:\\\/\\\/abd.ong\\\/ca\\\/?s={search_term_string}\"},\"query-input\":{\"@type\":\"PropertyValueSpecification\",\"valueRequired\":true,\"valueName\":\"search_term_string\"}}],\"inLanguage\":\"ca\"},{\"@type\":\"Organization\",\"@id\":\"https:\\\/\\\/abd.ong\\\/ca\\\/#organization\",\"name\":\"Associaci\u00f3 Benestar i Desenvolupament\",\"alternateName\":\"ABD\",\"url\":\"https:\\\/\\\/abd.ong\\\/ca\\\/\",\"logo\":{\"@type\":\"ImageObject\",\"inLanguage\":\"ca\",\"@id\":\"https:\\\/\\\/abd.ong\\\/ca\\\/#\\\/schema\\\/logo\\\/image\\\/\",\"url\":\"https:\\\/\\\/abd.ong\\\/wp-content\\\/uploads\\\/2023\\\/01\\\/Icona.png\",\"contentUrl\":\"https:\\\/\\\/abd.ong\\\/wp-content\\\/uploads\\\/2023\\\/01\\\/Icona.png\",\"width\":190,\"height\":187,\"caption\":\"Associaci\u00f3 Benestar i Desenvolupament\"},\"image\":{\"@id\":\"https:\\\/\\\/abd.ong\\\/ca\\\/#\\\/schema\\\/logo\\\/image\\\/\"},\"sameAs\":[\"https:\\\/\\\/www.facebook.com\\\/abd.ong\",\"https:\\\/\\\/x.com\\\/abd_ong\",\"https:\\\/\\\/www.instagram.com\\\/abd_ong\\\/\",\"https:\\\/\\\/www.linkedin.com\\\/company\\\/abdong\",\"https:\\\/\\\/www.youtube.com\\\/user\\\/CANALABD\"]},{\"@type\":\"Person\",\"@id\":\"https:\\\/\\\/abd.ong\\\/ca\\\/#\\\/schema\\\/person\\\/d0f5fe279a7ad908de6a6d1332bfd7d8\",\"name\":\"Enric Guinart\"}]}<\/script>\n<!-- \/ Yoast SEO plugin. -->","yoast_head_json":{"title":"El Grup ABD participa a la Jornada del F\u00f2rum Social Metropolit\u00e0 - ABD","description":"\u00c0ngels Guiteras ser\u00e0 una de les ponents d\u2019un espai on representants dels ajuntaments i entitats socials de la regi\u00f3 metropolitana reflexionaran i","robots":{"index":"index","follow":"follow","max-snippet":"max-snippet:-1","max-image-preview":"max-image-preview:large","max-video-preview":"max-video-preview:-1"},"canonical":"https:\/\/abd.ong\/ca\/general-ca\/el-grup-abd-participa-a-la-jornada-del-forum-social-metropolita\/","og_locale":"ca_ES","og_type":"article","og_title":"El Grup ABD participa a la Jornada del F\u00f2rum Social Metropolit\u00e0 - ABD","og_description":"\u00c0ngels Guiteras ser\u00e0 una de les ponents d\u2019un espai on representants dels ajuntaments i entitats socials de la regi\u00f3 metropolitana reflexionaran i","og_url":"https:\/\/abd.ong\/ca\/general-ca\/el-grup-abd-participa-a-la-jornada-del-forum-social-metropolita\/","og_site_name":"ABD","article_publisher":"https:\/\/www.facebook.com\/abd.ong","article_published_time":"2023-02-10T11:20:29+00:00","article_modified_time":"2023-02-15T11:25:39+00:00","og_image":[{"width":2245,"height":1587,"url":"https:\/\/abd.ong\/wp-content\/uploads\/2023\/02\/Cartell-FSM-a4-Portada.png","type":"image\/png"}],"author":"Enric Guinart","twitter_card":"summary_large_image","twitter_creator":"@abd_ong","twitter_site":"@abd_ong","twitter_misc":{"Escrit per":"Enric Guinart","Temps estimat de lectura":"3 minuts"},"schema":{"@context":"https:\/\/schema.org","@graph":[{"@type":"Article","@id":"https:\/\/abd.ong\/ca\/general-ca\/el-grup-abd-participa-a-la-jornada-del-forum-social-metropolita\/#article","isPartOf":{"@id":"https:\/\/abd.ong\/ca\/general-ca\/el-grup-abd-participa-a-la-jornada-del-forum-social-metropolita\/"},"author":{"name":"Enric Guinart","@id":"https:\/\/abd.ong\/ca\/#\/schema\/person\/d0f5fe279a7ad908de6a6d1332bfd7d8"},"headline":"El Grup ABD participa a la Jornada del F\u00f2rum Social Metropolit\u00e0","datePublished":"2023-02-10T11:20:29+00:00","dateModified":"2023-02-15T11:25:39+00:00","mainEntityOfPage":{"@id":"https:\/\/abd.ong\/ca\/general-ca\/el-grup-abd-participa-a-la-jornada-del-forum-social-metropolita\/"},"wordCount":530,"publisher":{"@id":"https:\/\/abd.ong\/ca\/#organization"},"image":{"@id":"https:\/\/abd.ong\/ca\/general-ca\/el-grup-abd-participa-a-la-jornada-del-forum-social-metropolita\/#primaryimage"},"thumbnailUrl":"https:\/\/abd.ong\/wp-content\/uploads\/2023\/02\/Cartell-FSM-a4-Portada.png","keywords":["ABD","Acord Ciutad\u00e0","Asociaci\u00f3n Bienestar y Desarrollo","contractaci\u00f3 p\u00fablic-privada","F\u00f2rum Social Metropolit\u00e0","grup ABD"],"articleSection":["General"],"inLanguage":"ca"},{"@type":"WebPage","@id":"https:\/\/abd.ong\/ca\/general-ca\/el-grup-abd-participa-a-la-jornada-del-forum-social-metropolita\/","url":"https:\/\/abd.ong\/ca\/general-ca\/el-grup-abd-participa-a-la-jornada-del-forum-social-metropolita\/","name":"El Grup ABD participa a la Jornada del F\u00f2rum Social Metropolit\u00e0 - ABD","isPartOf":{"@id":"https:\/\/abd.ong\/ca\/#website"},"primaryImageOfPage":{"@id":"https:\/\/abd.ong\/ca\/general-ca\/el-grup-abd-participa-a-la-jornada-del-forum-social-metropolita\/#primaryimage"},"image":{"@id":"https:\/\/abd.ong\/ca\/general-ca\/el-grup-abd-participa-a-la-jornada-del-forum-social-metropolita\/#primaryimage"},"thumbnailUrl":"https:\/\/abd.ong\/wp-content\/uploads\/2023\/02\/Cartell-FSM-a4-Portada.png","datePublished":"2023-02-10T11:20:29+00:00","dateModified":"2023-02-15T11:25:39+00:00","description":"\u00c0ngels Guiteras ser\u00e0 una de les ponents d\u2019un espai on representants dels ajuntaments i entitats socials de la regi\u00f3 metropolitana reflexionaran i","breadcrumb":{"@id":"https:\/\/abd.ong\/ca\/general-ca\/el-grup-abd-participa-a-la-jornada-del-forum-social-metropolita\/#breadcrumb"},"inLanguage":"ca","potentialAction":[{"@type":"ReadAction","target":["https:\/\/abd.ong\/ca\/general-ca\/el-grup-abd-participa-a-la-jornada-del-forum-social-metropolita\/"]}]},{"@type":"ImageObject","inLanguage":"ca","@id":"https:\/\/abd.ong\/ca\/general-ca\/el-grup-abd-participa-a-la-jornada-del-forum-social-metropolita\/#primaryimage","url":"https:\/\/abd.ong\/wp-content\/uploads\/2023\/02\/Cartell-FSM-a4-Portada.png","contentUrl":"https:\/\/abd.ong\/wp-content\/uploads\/2023\/02\/Cartell-FSM-a4-Portada.png","width":2245,"height":1587},{"@type":"BreadcrumbList","@id":"https:\/\/abd.ong\/ca\/general-ca\/el-grup-abd-participa-a-la-jornada-del-forum-social-metropolita\/#breadcrumb","itemListElement":[{"@type":"ListItem","position":1,"name":"Inici","item":"https:\/\/abd.ong\/ca\/"},{"@type":"ListItem","position":2,"name":"El Grup ABD participa a la Jornada del F\u00f2rum Social Metropolit\u00e0"}]},{"@type":"WebSite","@id":"https:\/\/abd.ong\/ca\/#website","url":"https:\/\/abd.ong\/ca\/","name":"ABD","description":"Asociaci\u00f3n Bienestar y Desarrollo","publisher":{"@id":"https:\/\/abd.ong\/ca\/#organization"},"potentialAction":[{"@type":"SearchAction","target":{"@type":"EntryPoint","urlTemplate":"https:\/\/abd.ong\/ca\/?s={search_term_string}"},"query-input":{"@type":"PropertyValueSpecification","valueRequired":true,"valueName":"search_term_string"}}],"inLanguage":"ca"},{"@type":"Organization","@id":"https:\/\/abd.ong\/ca\/#organization","name":"Associaci\u00f3 Benestar i Desenvolupament","alternateName":"ABD","url":"https:\/\/abd.ong\/ca\/","logo":{"@type":"ImageObject","inLanguage":"ca","@id":"https:\/\/abd.ong\/ca\/#\/schema\/logo\/image\/","url":"https:\/\/abd.ong\/wp-content\/uploads\/2023\/01\/Icona.png","contentUrl":"https:\/\/abd.ong\/wp-content\/uploads\/2023\/01\/Icona.png","width":190,"height":187,"caption":"Associaci\u00f3 Benestar i Desenvolupament"},"image":{"@id":"https:\/\/abd.ong\/ca\/#\/schema\/logo\/image\/"},"sameAs":["https:\/\/www.facebook.com\/abd.ong","https:\/\/x.com\/abd_ong","https:\/\/www.instagram.com\/abd_ong\/","https:\/\/www.linkedin.com\/company\/abdong","https:\/\/www.youtube.com\/user\/CANALABD"]},{"@type":"Person","@id":"https:\/\/abd.ong\/ca\/#\/schema\/person\/d0f5fe279a7ad908de6a6d1332bfd7d8","name":"Enric Guinart"}]}},"_links":{"self":[{"href":"https:\/\/abd.ong\/ca\/wp-json\/wp\/v2\/posts\/43403","targetHints":{"allow":["GET"]}}],"collection":[{"href":"https:\/\/abd.ong\/ca\/wp-json\/wp\/v2\/posts"}],"about":[{"href":"https:\/\/abd.ong\/ca\/wp-json\/wp\/v2\/types\/post"}],"author":[{"embeddable":true,"href":"https:\/\/abd.ong\/ca\/wp-json\/wp\/v2\/users\/2"}],"replies":[{"embeddable":true,"href":"https:\/\/abd.ong\/ca\/wp-json\/wp\/v2\/comments?post=43403"}],"version-history":[{"count":3,"href":"https:\/\/abd.ong\/ca\/wp-json\/wp\/v2\/posts\/43403\/revisions"}],"predecessor-version":[{"id":43607,"href":"https:\/\/abd.ong\/ca\/wp-json\/wp\/v2\/posts\/43403\/revisions\/43607"}],"wp:featuredmedia":[{"embeddable":true,"href":"https:\/\/abd.ong\/ca\/wp-json\/wp\/v2\/media\/43393"}],"wp:attachment":[{"href":"https:\/\/abd.ong\/ca\/wp-json\/wp\/v2\/media?parent=43403"}],"wp:term":[{"taxonomy":"category","embeddable":true,"href":"https:\/\/abd.ong\/ca\/wp-json\/wp\/v2\/categories?post=43403"},{"taxonomy":"post_tag","embeddable":true,"href":"https:\/\/abd.ong\/ca\/wp-json\/wp\/v2\/tags?post=43403"}],"curies":[{"name":"wp","href":"https:\/\/api.w.org\/{rel}","templated":true}]}}