{"id":42717,"date":"2023-01-30T14:55:04","date_gmt":"2023-01-30T13:55:04","guid":{"rendered":"https:\/\/abd.ong\/?p=42717"},"modified":"2023-01-31T10:08:30","modified_gmt":"2023-01-31T09:08:30","slug":"abd-als-mitjans-de-comunicacio-al-gener-4","status":"publish","type":"post","link":"https:\/\/abd.ong\/ca\/general-ca\/abd-als-mitjans-de-comunicacio-al-gener-4\/","title":{"rendered":"ABD als mitjans de comunicaci\u00f3 al gener"},"content":{"rendered":"\n<p><span style=\"font-weight: 400;\">El <a href=\"https:\/\/abd.ong\/ca\/\"><strong>Grup ABD<\/strong><\/a><\/span><span style=\"font-weight: 400;\">\u00a0ha estat present en els mitjans de comunicaci\u00f3 durant aquest mes de gener. A continuaci\u00f3, el resum de premsa de les not\u00edcies, articles i reportatges en els quals hem participat com a organirzaci\u00f3.<\/span><\/p>\n\n<div style=\"height:30px\" aria-hidden=\"true\" class=\"wp-block-spacer\"><\/div>\n\n<p><\/p>\n\n<p><strong>10\/01\/23 &#8211; La Cope<\/strong><\/p>\n\n<p><em>L&#8217;Associaci\u00f3 Benestar i Desenvolupament, sense \u00e0nim de lucre, ha llan\u00e7at una campanya per recaptar fons que permetin distribuir productes menstruals a m\u00e9s de mig miler de dones sense sostre i amb dificultats per mantenir un m\u00ednim d&#8217;higiene \u00edntima.<\/em><\/p>\n\n<p><a href=\"https:\/\/www.cope.es\/actualidad\/sociedad\/noticias\/una-ong-recauda-fondos-para-dar-productos-menstruales-las-mujeres-sin-techo-20230110_2486607\">Una ONG recapta fons per donar productes menstruals a les dones sense sostre<\/a><\/p>\n\n<p><strong>12\/01\/23 &#8211; Xarxanet<\/strong><\/p>\n\n<p><em>El projecte, nascut de la col\u00b7laboraci\u00f3 entre Fedelatina i l&#8217;Associaci\u00f3 Benestar i Desenvolupament, pret\u00e9n apropar a la joventut la sexualitat a trav\u00e9s de formacions i intervencions a l&#8217;espai p\u00fablic.<\/em><\/p>\n\n<p><a href=\"https:\/\/xarxanet.org\/comunitari\/noticies\/sexusrumba-promoure-la-salut-sexual-entre-joves-i-adolescents-des-duna\">&#8216;Sexus&amp;Rumba&#8217;, promoure la salut sexual entre joves i adolescents des d&#8217;una perspectiva intercultural<\/a><\/p>\n\n<p><strong>16\/01\/23 &#8211; La Vanguardia<\/strong><\/p>\n\n<p><em>Estudi &#8216;Els mercats de la MDMA, amfetamina i coca\u00efna a Espanya vistos mitjan\u00e7ant un servei d&#8217;an\u00e0lisi de subst\u00e0ncies&#8217;, elaborat pel programa Energy Control de la Fundaci\u00f3 Acci\u00f3, Benestar i Desenvolupament.<\/em><\/p>\n\n<p><a href=\"https:\/\/www.lavanguardia.com\/vida\/20230116\/8685968\/adulteracion-mdma-anfetamina-cocaina-disminuye-cafeina-principal-adulterante-sustancias-estimulantes.html\">L&#8217;adulteraci\u00f3 de MDMA, amfetamina i coca\u00efna disminueix i la cafe\u00efna \u00e9s el principal adulterant en subst\u00e0ncies estimulants<\/a><\/p>\n\n<p><strong>16\/01\/23 &#8211; RTVE Radio 4 &#8216;Avui Sortim&#8217;<\/strong><\/p>\n\n<p>Entrevista a la Mireia Ventura, directora dels serveis d&#8217;an\u00e0lisi d&#8217;Energy Control, que parla sobre les an\u00e0lisis de subst\u00e0ncies.<\/p>\n\n<p><strong><a href=\"https:\/\/www.rtve.es\/play\/audios\/avui-sortim\/primera-hora-16-01-23\/6776925\/\">Primera hora: Marat\u00f3 de Donants de sang i an\u00e0lisi de drogues<\/a><\/strong><\/p>\n\n<p><\/p>\n\n<p><strong>17\/01\/23 -El Debate<\/strong><\/p>\n\n<p id=\"m152-151-153\"><em>L&#8217;adulteraci\u00f3 de les amfetamines, la coca\u00efna i la MDMD \u00absembla haver disminu\u00eft a Espanya\u00bb, segons un informe d&#8217;Energy Control que mostra que no s&#8217;han identificat adulteracions especialment t\u00f2xiques a les drogues analitzades en el per\u00edode compr\u00e8s del 2014 al 2021.<\/em><\/p>\n\n<p><a href=\"https:\/\/www.eldebate.com\/sociedad\/20230117\/cafeina-principal-adulterante-drogas-espana_86829.html\">La cafe\u00efna, principal adulterant de les drogues a Espanya<\/a><\/p>\n\n<p><\/p>\n\n<p><\/p>\n\n<p><strong>19\/01\/23 &#8211; El Planteo<\/strong><\/p>\n\n<p><em>Un informe publicado por Energy Control asegura que se ha reducido la adulteraci\u00f3n de MDMA, coca\u00edna y anfetaminas en Espa\u00f1a. <\/em><\/p>\n\n<p><a href=\"https:\/\/elplanteo.com\/espana-drogas-adulteracion-mdma-anfetaminas-cocaina-consumo-fentanilo\/\">Drogues a Espanya: Baixa l&#8217;Adulteraci\u00f3 de MDMA, Amfetamines i Coca\u00efna<\/a><\/p>\n\n<p><\/p>\n\n<p><strong>23\/01\/23 &#8211; El Principal<\/strong><\/p>\n\n<p><em>En un extens informe, el programa Energy Control ha identificat els principals adulterants de la coca\u00efna, amfetamina i MDMA que es consumeix a Barcelona i altres punts de l&#8217;Estat.<\/em><\/p>\n\n<p><a href=\"https:\/\/www.principal.cat\/es\/sociedad\/20230123\/6182-drogas-cocaina-mdma-traficantes\">Coca\u00efna, amfetamina i MDMA: Qu\u00e8 porten realment les drogues consumides a Catalunya?<\/a><\/p>\n\n<p><\/p>\n\n<p><\/p>\n","protected":false},"excerpt":{"rendered":"<p>El Grup ABD\u00a0ha estat present en els mitjans de comunicaci\u00f3 durant aquest mes de gener. A continuaci\u00f3, el resum de premsa de les not\u00edcies, articles i reportatges en els quals&hellip;<\/p>\n","protected":false},"author":2,"featured_media":14666,"comment_status":"closed","ping_status":"closed","sticky":false,"template":"","format":"standard","meta":{"_acf_changed":false,"footnotes":""},"categories":[66],"tags":[1897,2450,675,3265,2446,175,3264,2260,435,835,2396,2305],"class_list":["post-42717","post","type-post","status-publish","format-standard","has-post-thumbnail","hentry","category-general-ca","tag-abd-2-ca","tag-adolescencia-ca","tag-asociacion-bienestar-y-desarrollo-ca","tag-cocaina-ca","tag-consum-de-drogues-ca","tag-drogas-ca","tag-educacio","tag-joventut","tag-mitjans-de-comunicacio","tag-noticies","tag-reduccio-de-danys-ca","tag-violencia-masclista"],"acf":[],"yoast_head":"<!-- This site is optimized with the Yoast SEO plugin v27.4 - https:\/\/yoast.com\/product\/yoast-seo-wordpress\/ -->\n<title>ABD als mitjans de comunicaci\u00f3 al gener - ABD<\/title>\n<meta name=\"description\" content=\"El Grup ABD\u00a0ha estat present en els mitjans de comunicaci\u00f3 durant aquest mes de gener. A continuaci\u00f3, el resum de premsa de les not\u00edcies, articles i\" \/>\n<meta name=\"robots\" content=\"index, follow, max-snippet:-1, max-image-preview:large, max-video-preview:-1\" \/>\n<link rel=\"canonical\" href=\"https:\/\/abd.ong\/ca\/general-ca\/abd-als-mitjans-de-comunicacio-al-gener-4\/\" \/>\n<meta property=\"og:locale\" content=\"ca_ES\" \/>\n<meta property=\"og:type\" content=\"article\" \/>\n<meta property=\"og:title\" content=\"ABD als mitjans de comunicaci\u00f3 al gener - ABD\" \/>\n<meta property=\"og:description\" content=\"El Grup ABD\u00a0ha estat present en els mitjans de comunicaci\u00f3 durant aquest mes de gener. A continuaci\u00f3, el resum de premsa de les not\u00edcies, articles i\" \/>\n<meta property=\"og:url\" content=\"https:\/\/abd.ong\/ca\/general-ca\/abd-als-mitjans-de-comunicacio-al-gener-4\/\" \/>\n<meta property=\"og:site_name\" content=\"ABD\" \/>\n<meta property=\"article:publisher\" content=\"https:\/\/www.facebook.com\/abd.ong\" \/>\n<meta property=\"article:published_time\" content=\"2023-01-30T13:55:04+00:00\" \/>\n<meta property=\"article:modified_time\" content=\"2023-01-31T09:08:30+00:00\" \/>\n<meta property=\"og:image\" content=\"https:\/\/abd.ong\/wp-content\/uploads\/2020\/05\/old-tv-1149416_1920.jpg\" \/>\n\t<meta property=\"og:image:width\" content=\"1919\" \/>\n\t<meta property=\"og:image:height\" content=\"977\" \/>\n\t<meta property=\"og:image:type\" content=\"image\/jpeg\" \/>\n<meta name=\"author\" content=\"Enric Guinart\" \/>\n<meta name=\"twitter:card\" content=\"summary_large_image\" \/>\n<meta name=\"twitter:creator\" content=\"@abd_ong\" \/>\n<meta name=\"twitter:site\" content=\"@abd_ong\" \/>\n<meta name=\"twitter:label1\" content=\"Escrit per\" \/>\n\t<meta name=\"twitter:data1\" content=\"Enric Guinart\" \/>\n\t<meta name=\"twitter:label2\" content=\"Temps estimat de lectura\" \/>\n\t<meta name=\"twitter:data2\" content=\"3 minuts\" \/>\n<script type=\"application\/ld+json\" class=\"yoast-schema-graph\">{\"@context\":\"https:\\\/\\\/schema.org\",\"@graph\":[{\"@type\":\"Article\",\"@id\":\"https:\\\/\\\/abd.ong\\\/ca\\\/general-ca\\\/abd-als-mitjans-de-comunicacio-al-gener-4\\\/#article\",\"isPartOf\":{\"@id\":\"https:\\\/\\\/abd.ong\\\/ca\\\/general-ca\\\/abd-als-mitjans-de-comunicacio-al-gener-4\\\/\"},\"author\":{\"name\":\"Enric Guinart\",\"@id\":\"https:\\\/\\\/abd.ong\\\/ca\\\/#\\\/schema\\\/person\\\/d0f5fe279a7ad908de6a6d1332bfd7d8\"},\"headline\":\"ABD als mitjans de comunicaci\u00f3 al gener\",\"datePublished\":\"2023-01-30T13:55:04+00:00\",\"dateModified\":\"2023-01-31T09:08:30+00:00\",\"mainEntityOfPage\":{\"@id\":\"https:\\\/\\\/abd.ong\\\/ca\\\/general-ca\\\/abd-als-mitjans-de-comunicacio-al-gener-4\\\/\"},\"wordCount\":398,\"publisher\":{\"@id\":\"https:\\\/\\\/abd.ong\\\/ca\\\/#organization\"},\"image\":{\"@id\":\"https:\\\/\\\/abd.ong\\\/ca\\\/general-ca\\\/abd-als-mitjans-de-comunicacio-al-gener-4\\\/#primaryimage\"},\"thumbnailUrl\":\"https:\\\/\\\/abd.ong\\\/wp-content\\\/uploads\\\/2020\\\/05\\\/old-tv-1149416_1920.jpg\",\"keywords\":[\"ABD\",\"adolesc\u00e8ncia\",\"Asociaci\u00f3n Bienestar y Desarrollo\",\"coca\u00efna\",\"consum de drogues\",\"drogas\",\"educaci\u00f3\",\"joventut\",\"mitjans de comunicaci\u00f3\",\"not\u00edcies\",\"reducci\u00f3 de danys\",\"viol\u00e8ncia masclista\"],\"articleSection\":[\"General\"],\"inLanguage\":\"ca\"},{\"@type\":\"WebPage\",\"@id\":\"https:\\\/\\\/abd.ong\\\/ca\\\/general-ca\\\/abd-als-mitjans-de-comunicacio-al-gener-4\\\/\",\"url\":\"https:\\\/\\\/abd.ong\\\/ca\\\/general-ca\\\/abd-als-mitjans-de-comunicacio-al-gener-4\\\/\",\"name\":\"ABD als mitjans de comunicaci\u00f3 al gener - ABD\",\"isPartOf\":{\"@id\":\"https:\\\/\\\/abd.ong\\\/ca\\\/#website\"},\"primaryImageOfPage\":{\"@id\":\"https:\\\/\\\/abd.ong\\\/ca\\\/general-ca\\\/abd-als-mitjans-de-comunicacio-al-gener-4\\\/#primaryimage\"},\"image\":{\"@id\":\"https:\\\/\\\/abd.ong\\\/ca\\\/general-ca\\\/abd-als-mitjans-de-comunicacio-al-gener-4\\\/#primaryimage\"},\"thumbnailUrl\":\"https:\\\/\\\/abd.ong\\\/wp-content\\\/uploads\\\/2020\\\/05\\\/old-tv-1149416_1920.jpg\",\"datePublished\":\"2023-01-30T13:55:04+00:00\",\"dateModified\":\"2023-01-31T09:08:30+00:00\",\"description\":\"El Grup ABD\u00a0ha estat present en els mitjans de comunicaci\u00f3 durant aquest mes de gener. A continuaci\u00f3, el resum de premsa de les not\u00edcies, articles i\",\"breadcrumb\":{\"@id\":\"https:\\\/\\\/abd.ong\\\/ca\\\/general-ca\\\/abd-als-mitjans-de-comunicacio-al-gener-4\\\/#breadcrumb\"},\"inLanguage\":\"ca\",\"potentialAction\":[{\"@type\":\"ReadAction\",\"target\":[\"https:\\\/\\\/abd.ong\\\/ca\\\/general-ca\\\/abd-als-mitjans-de-comunicacio-al-gener-4\\\/\"]}]},{\"@type\":\"ImageObject\",\"inLanguage\":\"ca\",\"@id\":\"https:\\\/\\\/abd.ong\\\/ca\\\/general-ca\\\/abd-als-mitjans-de-comunicacio-al-gener-4\\\/#primaryimage\",\"url\":\"https:\\\/\\\/abd.ong\\\/wp-content\\\/uploads\\\/2020\\\/05\\\/old-tv-1149416_1920.jpg\",\"contentUrl\":\"https:\\\/\\\/abd.ong\\\/wp-content\\\/uploads\\\/2020\\\/05\\\/old-tv-1149416_1920.jpg\",\"width\":1919,\"height\":977,\"caption\":\"medios de comunicaci\u00f3n\"},{\"@type\":\"BreadcrumbList\",\"@id\":\"https:\\\/\\\/abd.ong\\\/ca\\\/general-ca\\\/abd-als-mitjans-de-comunicacio-al-gener-4\\\/#breadcrumb\",\"itemListElement\":[{\"@type\":\"ListItem\",\"position\":1,\"name\":\"Inici\",\"item\":\"https:\\\/\\\/abd.ong\\\/ca\\\/\"},{\"@type\":\"ListItem\",\"position\":2,\"name\":\"ABD als mitjans de comunicaci\u00f3 al gener\"}]},{\"@type\":\"WebSite\",\"@id\":\"https:\\\/\\\/abd.ong\\\/ca\\\/#website\",\"url\":\"https:\\\/\\\/abd.ong\\\/ca\\\/\",\"name\":\"ABD\",\"description\":\"Asociaci\u00f3n Bienestar y Desarrollo\",\"publisher\":{\"@id\":\"https:\\\/\\\/abd.ong\\\/ca\\\/#organization\"},\"potentialAction\":[{\"@type\":\"SearchAction\",\"target\":{\"@type\":\"EntryPoint\",\"urlTemplate\":\"https:\\\/\\\/abd.ong\\\/ca\\\/?s={search_term_string}\"},\"query-input\":{\"@type\":\"PropertyValueSpecification\",\"valueRequired\":true,\"valueName\":\"search_term_string\"}}],\"inLanguage\":\"ca\"},{\"@type\":\"Organization\",\"@id\":\"https:\\\/\\\/abd.ong\\\/ca\\\/#organization\",\"name\":\"Associaci\u00f3 Benestar i Desenvolupament\",\"alternateName\":\"ABD\",\"url\":\"https:\\\/\\\/abd.ong\\\/ca\\\/\",\"logo\":{\"@type\":\"ImageObject\",\"inLanguage\":\"ca\",\"@id\":\"https:\\\/\\\/abd.ong\\\/ca\\\/#\\\/schema\\\/logo\\\/image\\\/\",\"url\":\"https:\\\/\\\/abd.ong\\\/wp-content\\\/uploads\\\/2023\\\/01\\\/Icona.png\",\"contentUrl\":\"https:\\\/\\\/abd.ong\\\/wp-content\\\/uploads\\\/2023\\\/01\\\/Icona.png\",\"width\":190,\"height\":187,\"caption\":\"Associaci\u00f3 Benestar i Desenvolupament\"},\"image\":{\"@id\":\"https:\\\/\\\/abd.ong\\\/ca\\\/#\\\/schema\\\/logo\\\/image\\\/\"},\"sameAs\":[\"https:\\\/\\\/www.facebook.com\\\/abd.ong\",\"https:\\\/\\\/x.com\\\/abd_ong\",\"https:\\\/\\\/www.instagram.com\\\/abd_ong\\\/\",\"https:\\\/\\\/www.linkedin.com\\\/company\\\/abdong\",\"https:\\\/\\\/www.youtube.com\\\/user\\\/CANALABD\"]},{\"@type\":\"Person\",\"@id\":\"https:\\\/\\\/abd.ong\\\/ca\\\/#\\\/schema\\\/person\\\/d0f5fe279a7ad908de6a6d1332bfd7d8\",\"name\":\"Enric Guinart\"}]}<\/script>\n<!-- \/ Yoast SEO plugin. -->","yoast_head_json":{"title":"ABD als mitjans de comunicaci\u00f3 al gener - ABD","description":"El Grup ABD\u00a0ha estat present en els mitjans de comunicaci\u00f3 durant aquest mes de gener. A continuaci\u00f3, el resum de premsa de les not\u00edcies, articles i","robots":{"index":"index","follow":"follow","max-snippet":"max-snippet:-1","max-image-preview":"max-image-preview:large","max-video-preview":"max-video-preview:-1"},"canonical":"https:\/\/abd.ong\/ca\/general-ca\/abd-als-mitjans-de-comunicacio-al-gener-4\/","og_locale":"ca_ES","og_type":"article","og_title":"ABD als mitjans de comunicaci\u00f3 al gener - ABD","og_description":"El Grup ABD\u00a0ha estat present en els mitjans de comunicaci\u00f3 durant aquest mes de gener. A continuaci\u00f3, el resum de premsa de les not\u00edcies, articles i","og_url":"https:\/\/abd.ong\/ca\/general-ca\/abd-als-mitjans-de-comunicacio-al-gener-4\/","og_site_name":"ABD","article_publisher":"https:\/\/www.facebook.com\/abd.ong","article_published_time":"2023-01-30T13:55:04+00:00","article_modified_time":"2023-01-31T09:08:30+00:00","og_image":[{"width":1919,"height":977,"url":"https:\/\/abd.ong\/wp-content\/uploads\/2020\/05\/old-tv-1149416_1920.jpg","type":"image\/jpeg"}],"author":"Enric Guinart","twitter_card":"summary_large_image","twitter_creator":"@abd_ong","twitter_site":"@abd_ong","twitter_misc":{"Escrit per":"Enric Guinart","Temps estimat de lectura":"3 minuts"},"schema":{"@context":"https:\/\/schema.org","@graph":[{"@type":"Article","@id":"https:\/\/abd.ong\/ca\/general-ca\/abd-als-mitjans-de-comunicacio-al-gener-4\/#article","isPartOf":{"@id":"https:\/\/abd.ong\/ca\/general-ca\/abd-als-mitjans-de-comunicacio-al-gener-4\/"},"author":{"name":"Enric Guinart","@id":"https:\/\/abd.ong\/ca\/#\/schema\/person\/d0f5fe279a7ad908de6a6d1332bfd7d8"},"headline":"ABD als mitjans de comunicaci\u00f3 al gener","datePublished":"2023-01-30T13:55:04+00:00","dateModified":"2023-01-31T09:08:30+00:00","mainEntityOfPage":{"@id":"https:\/\/abd.ong\/ca\/general-ca\/abd-als-mitjans-de-comunicacio-al-gener-4\/"},"wordCount":398,"publisher":{"@id":"https:\/\/abd.ong\/ca\/#organization"},"image":{"@id":"https:\/\/abd.ong\/ca\/general-ca\/abd-als-mitjans-de-comunicacio-al-gener-4\/#primaryimage"},"thumbnailUrl":"https:\/\/abd.ong\/wp-content\/uploads\/2020\/05\/old-tv-1149416_1920.jpg","keywords":["ABD","adolesc\u00e8ncia","Asociaci\u00f3n Bienestar y Desarrollo","coca\u00efna","consum de drogues","drogas","educaci\u00f3","joventut","mitjans de comunicaci\u00f3","not\u00edcies","reducci\u00f3 de danys","viol\u00e8ncia masclista"],"articleSection":["General"],"inLanguage":"ca"},{"@type":"WebPage","@id":"https:\/\/abd.ong\/ca\/general-ca\/abd-als-mitjans-de-comunicacio-al-gener-4\/","url":"https:\/\/abd.ong\/ca\/general-ca\/abd-als-mitjans-de-comunicacio-al-gener-4\/","name":"ABD als mitjans de comunicaci\u00f3 al gener - ABD","isPartOf":{"@id":"https:\/\/abd.ong\/ca\/#website"},"primaryImageOfPage":{"@id":"https:\/\/abd.ong\/ca\/general-ca\/abd-als-mitjans-de-comunicacio-al-gener-4\/#primaryimage"},"image":{"@id":"https:\/\/abd.ong\/ca\/general-ca\/abd-als-mitjans-de-comunicacio-al-gener-4\/#primaryimage"},"thumbnailUrl":"https:\/\/abd.ong\/wp-content\/uploads\/2020\/05\/old-tv-1149416_1920.jpg","datePublished":"2023-01-30T13:55:04+00:00","dateModified":"2023-01-31T09:08:30+00:00","description":"El Grup ABD\u00a0ha estat present en els mitjans de comunicaci\u00f3 durant aquest mes de gener. A continuaci\u00f3, el resum de premsa de les not\u00edcies, articles i","breadcrumb":{"@id":"https:\/\/abd.ong\/ca\/general-ca\/abd-als-mitjans-de-comunicacio-al-gener-4\/#breadcrumb"},"inLanguage":"ca","potentialAction":[{"@type":"ReadAction","target":["https:\/\/abd.ong\/ca\/general-ca\/abd-als-mitjans-de-comunicacio-al-gener-4\/"]}]},{"@type":"ImageObject","inLanguage":"ca","@id":"https:\/\/abd.ong\/ca\/general-ca\/abd-als-mitjans-de-comunicacio-al-gener-4\/#primaryimage","url":"https:\/\/abd.ong\/wp-content\/uploads\/2020\/05\/old-tv-1149416_1920.jpg","contentUrl":"https:\/\/abd.ong\/wp-content\/uploads\/2020\/05\/old-tv-1149416_1920.jpg","width":1919,"height":977,"caption":"medios de comunicaci\u00f3n"},{"@type":"BreadcrumbList","@id":"https:\/\/abd.ong\/ca\/general-ca\/abd-als-mitjans-de-comunicacio-al-gener-4\/#breadcrumb","itemListElement":[{"@type":"ListItem","position":1,"name":"Inici","item":"https:\/\/abd.ong\/ca\/"},{"@type":"ListItem","position":2,"name":"ABD als mitjans de comunicaci\u00f3 al gener"}]},{"@type":"WebSite","@id":"https:\/\/abd.ong\/ca\/#website","url":"https:\/\/abd.ong\/ca\/","name":"ABD","description":"Asociaci\u00f3n Bienestar y Desarrollo","publisher":{"@id":"https:\/\/abd.ong\/ca\/#organization"},"potentialAction":[{"@type":"SearchAction","target":{"@type":"EntryPoint","urlTemplate":"https:\/\/abd.ong\/ca\/?s={search_term_string}"},"query-input":{"@type":"PropertyValueSpecification","valueRequired":true,"valueName":"search_term_string"}}],"inLanguage":"ca"},{"@type":"Organization","@id":"https:\/\/abd.ong\/ca\/#organization","name":"Associaci\u00f3 Benestar i Desenvolupament","alternateName":"ABD","url":"https:\/\/abd.ong\/ca\/","logo":{"@type":"ImageObject","inLanguage":"ca","@id":"https:\/\/abd.ong\/ca\/#\/schema\/logo\/image\/","url":"https:\/\/abd.ong\/wp-content\/uploads\/2023\/01\/Icona.png","contentUrl":"https:\/\/abd.ong\/wp-content\/uploads\/2023\/01\/Icona.png","width":190,"height":187,"caption":"Associaci\u00f3 Benestar i Desenvolupament"},"image":{"@id":"https:\/\/abd.ong\/ca\/#\/schema\/logo\/image\/"},"sameAs":["https:\/\/www.facebook.com\/abd.ong","https:\/\/x.com\/abd_ong","https:\/\/www.instagram.com\/abd_ong\/","https:\/\/www.linkedin.com\/company\/abdong","https:\/\/www.youtube.com\/user\/CANALABD"]},{"@type":"Person","@id":"https:\/\/abd.ong\/ca\/#\/schema\/person\/d0f5fe279a7ad908de6a6d1332bfd7d8","name":"Enric Guinart"}]}},"_links":{"self":[{"href":"https:\/\/abd.ong\/ca\/wp-json\/wp\/v2\/posts\/42717","targetHints":{"allow":["GET"]}}],"collection":[{"href":"https:\/\/abd.ong\/ca\/wp-json\/wp\/v2\/posts"}],"about":[{"href":"https:\/\/abd.ong\/ca\/wp-json\/wp\/v2\/types\/post"}],"author":[{"embeddable":true,"href":"https:\/\/abd.ong\/ca\/wp-json\/wp\/v2\/users\/2"}],"replies":[{"embeddable":true,"href":"https:\/\/abd.ong\/ca\/wp-json\/wp\/v2\/comments?post=42717"}],"version-history":[{"count":3,"href":"https:\/\/abd.ong\/ca\/wp-json\/wp\/v2\/posts\/42717\/revisions"}],"predecessor-version":[{"id":42790,"href":"https:\/\/abd.ong\/ca\/wp-json\/wp\/v2\/posts\/42717\/revisions\/42790"}],"wp:featuredmedia":[{"embeddable":true,"href":"https:\/\/abd.ong\/ca\/wp-json\/wp\/v2\/media\/14666"}],"wp:attachment":[{"href":"https:\/\/abd.ong\/ca\/wp-json\/wp\/v2\/media?parent=42717"}],"wp:term":[{"taxonomy":"category","embeddable":true,"href":"https:\/\/abd.ong\/ca\/wp-json\/wp\/v2\/categories?post=42717"},{"taxonomy":"post_tag","embeddable":true,"href":"https:\/\/abd.ong\/ca\/wp-json\/wp\/v2\/tags?post=42717"}],"curies":[{"name":"wp","href":"https:\/\/api.w.org\/{rel}","templated":true}]}}