{"id":41601,"date":"2023-01-11T09:38:28","date_gmt":"2023-01-11T08:38:28","guid":{"rendered":"https:\/\/abd.ong\/?p=41601"},"modified":"2023-04-24T13:58:07","modified_gmt":"2023-04-24T11:58:07","slug":"comenca-un-nou-curs-del-grup-de-cures-collectives-de-abd","status":"publish","type":"post","link":"https:\/\/abd.ong\/ca\/infancia-i-familia\/comenca-un-nou-curs-del-grup-de-cures-collectives-de-abd\/","title":{"rendered":"Comen\u00e7a un nou curs del Grup de Cures Col\u00b7lectives de\u00a0ABD"},"content":{"rendered":"\n<p>Des de l&#8217;<strong>Associaci\u00f3 Benestar i Desenvolupament ABD<\/strong> reprenem el Grup de Cures Col\u00b7lectives, que es mant\u00e9 en format <strong>presencial<\/strong> com en el curs anterior. Continuar\u00e0 sent un espai obert, gratu\u00eft i confidencial per a totes aquelles persones que vulguin compartir com se senten, aportar la seva experi\u00e8ncia i con\u00e8ixer altres maneres de fer, passant d&#8217;una mirada individual a una m\u00e9s reflexiva i col\u00b7lectiva.<\/p>\n\n<div style=\"height:30px\" aria-hidden=\"true\" class=\"wp-block-spacer\"><\/div>\n\n<h3 class=\"wp-block-heading\" id=\"quien-puede-participar\"><em><strong>Qui pot participar?<\/strong><\/em><\/h3>\n\n<p><strong>Qualsevol persona o fam\u00edlia<\/strong> que estigui travessant alguna situaci\u00f3 de dificultat, de malestar&#8230; que vulgui compartir i con\u00e8ixer altres experi\u00e8ncies, altres maneres de fer.<\/p>\n\n<p>\u00c9s un grup obert, poden participar persones de totes les edats, caracter\u00edstiques socioculturals, or\u00edgens, professions&#8230;<\/p>\n\n<div style=\"height:40px\" aria-hidden=\"true\" class=\"wp-block-spacer\"><\/div>\n\n<h3 class=\"wp-block-heading\" id=\"como-se-puede-participar\"><em><strong>Com es pot participar?<\/strong><\/em><\/h3>\n\n<p>\u00c9s possible assistir-hi els dimecres 17 i 31 de maig, 14 i 28 de juny i 12 de juliol al Carrer Quevedo, 2 baixos de 16.30 a 18.00 hores, o tamb\u00e9 ens podeu contactar a trav\u00e9s del mail o tel\u00e8fon.<\/p>\n\n<div style=\"height:40px\" aria-hidden=\"true\" class=\"wp-block-spacer\"><\/div>\n\n<h3 class=\"wp-block-heading\" id=\"cual-es-su-objetivo\"><em><strong>Quin \u00e9s el seu objectiu?<\/strong><\/em><\/h3>\n\n<p>El grup de Cures Col\u00b7lectives ajuda a les persones a no sentir-se soles, a estar acompanyades i poder compartir i escoltar altres persones en situacions similars. En moltes ocasions no \u00e9s possible resoldre la situaci\u00f3 de malestar estant sols\/as i \u00e9s necessari comptar amb altres persones per a sentir-nos amb m\u00e9s for\u00e7a, en el grup podem ampliar la nostra mirada amb altres punts de vista i altres maneres de fer.&#13;\n<\/p>\n\n<figure class=\"wp-block-image size-large\"><img fetchpriority=\"high\" decoding=\"async\" width=\"1811\" height=\"2560\" src=\"https:\/\/abd.ong\/wp-content\/uploads\/2023\/04\/1-1-scaled.jpg\" alt=\"\" class=\"wp-image-148035\" srcset=\"https:\/\/abd.ong\/wp-content\/uploads\/2023\/04\/1-1-scaled.jpg 1811w, https:\/\/abd.ong\/wp-content\/uploads\/2023\/04\/1-1-212x300.jpg 212w, https:\/\/abd.ong\/wp-content\/uploads\/2023\/04\/1-1-724x1024.jpg 724w, https:\/\/abd.ong\/wp-content\/uploads\/2023\/04\/1-1-768x1086.jpg 768w, https:\/\/abd.ong\/wp-content\/uploads\/2023\/04\/1-1-1087x1536.jpg 1087w, https:\/\/abd.ong\/wp-content\/uploads\/2023\/04\/1-1-1449x2048.jpg 1449w\" sizes=\"(max-width: 1811px) 100vw, 1811px\" \/><\/figure>\n\n<div style=\"height:40px\" aria-hidden=\"true\" class=\"wp-block-spacer\"><\/div>\n\n<p><strong>Per a m\u00e9s informaci\u00f3 es pot contactar en el tel\u00e8fon 674033026 &#8211; 932890530 o en el mail <em>grupomultifamiliar@abd-ong.org<\/em>.<\/strong><\/p>\n","protected":false},"excerpt":{"rendered":"<p>Des de l&#8217;Associaci\u00f3 Benestar i Desenvolupament ABD reprenem el Grup de Cures Col\u00b7lectives, que es mant\u00e9 en format presencial com en el curs anterior. Continuar\u00e0 sent un espai obert, gratu\u00eft&hellip;<\/p>\n","protected":false},"author":2,"featured_media":28037,"comment_status":"closed","ping_status":"closed","sticky":false,"template":"","format":"standard","meta":{"_acf_changed":false,"footnotes":""},"categories":[1303],"tags":[675,2633,2636,2635,2634],"class_list":["post-41601","post","type-post","status-publish","format-standard","has-post-thumbnail","hentry","category-infancia-i-familia","tag-asociacion-bienestar-y-desarrollo-ca","tag-cures","tag-espai-de-cures-collectives","tag-malestar-ca","tag-multifamiliar-ca"],"acf":[],"yoast_head":"<!-- This site is optimized with the Yoast SEO plugin v27.4 - https:\/\/yoast.com\/product\/yoast-seo-wordpress\/ -->\n<title>Comen\u00e7a un nou curs del Grup de Cures Col\u00b7lectives de\u00a0ABD - ABD<\/title>\n<meta name=\"description\" content=\"Des de l&#039;Associaci\u00f3 Benestar i Desenvolupament ABD reprenem el Grup de Cures Col\u00b7lectives, que es mant\u00e9 en format presencial com en el curs anterior.\" \/>\n<meta name=\"robots\" content=\"index, follow, max-snippet:-1, max-image-preview:large, max-video-preview:-1\" \/>\n<link rel=\"canonical\" href=\"https:\/\/abd.ong\/ca\/infancia-i-familia\/comenca-un-nou-curs-del-grup-de-cures-collectives-de-abd\/\" \/>\n<meta property=\"og:locale\" content=\"ca_ES\" \/>\n<meta property=\"og:type\" content=\"article\" \/>\n<meta property=\"og:title\" content=\"Comen\u00e7a un nou curs del Grup de Cures Col\u00b7lectives de\u00a0ABD - ABD\" \/>\n<meta property=\"og:description\" content=\"Des de l&#039;Associaci\u00f3 Benestar i Desenvolupament ABD reprenem el Grup de Cures Col\u00b7lectives, que es mant\u00e9 en format presencial com en el curs anterior.\" \/>\n<meta property=\"og:url\" content=\"https:\/\/abd.ong\/ca\/infancia-i-familia\/comenca-un-nou-curs-del-grup-de-cures-collectives-de-abd\/\" \/>\n<meta property=\"og:site_name\" content=\"ABD\" \/>\n<meta property=\"article:publisher\" content=\"https:\/\/www.facebook.com\/abd.ong\" \/>\n<meta property=\"article:published_time\" content=\"2023-01-11T08:38:28+00:00\" \/>\n<meta property=\"article:modified_time\" content=\"2023-04-24T11:58:07+00:00\" \/>\n<meta property=\"og:image\" content=\"https:\/\/abd.ong\/wp-content\/uploads\/2021\/11\/pexels-keira-burton-6147117.jpg\" \/>\n\t<meta property=\"og:image:width\" content=\"2048\" \/>\n\t<meta property=\"og:image:height\" content=\"1365\" \/>\n\t<meta property=\"og:image:type\" content=\"image\/jpeg\" \/>\n<meta name=\"author\" content=\"Enric Guinart\" \/>\n<meta name=\"twitter:card\" content=\"summary_large_image\" \/>\n<meta name=\"twitter:creator\" content=\"@abd_ong\" \/>\n<meta name=\"twitter:site\" content=\"@abd_ong\" \/>\n<meta name=\"twitter:label1\" content=\"Escrit per\" \/>\n\t<meta name=\"twitter:data1\" content=\"Enric Guinart\" \/>\n\t<meta name=\"twitter:label2\" content=\"Temps estimat de lectura\" \/>\n\t<meta name=\"twitter:data2\" content=\"2 minuts\" \/>\n<script type=\"application\/ld+json\" class=\"yoast-schema-graph\">{\"@context\":\"https:\\\/\\\/schema.org\",\"@graph\":[{\"@type\":\"Article\",\"@id\":\"https:\\\/\\\/abd.ong\\\/ca\\\/infancia-i-familia\\\/comenca-un-nou-curs-del-grup-de-cures-collectives-de-abd\\\/#article\",\"isPartOf\":{\"@id\":\"https:\\\/\\\/abd.ong\\\/ca\\\/infancia-i-familia\\\/comenca-un-nou-curs-del-grup-de-cures-collectives-de-abd\\\/\"},\"author\":{\"name\":\"Enric Guinart\",\"@id\":\"https:\\\/\\\/abd.ong\\\/ca\\\/#\\\/schema\\\/person\\\/d0f5fe279a7ad908de6a6d1332bfd7d8\"},\"headline\":\"Comen\u00e7a un nou curs del Grup de Cures Col\u00b7lectives de\u00a0ABD\",\"datePublished\":\"2023-01-11T08:38:28+00:00\",\"dateModified\":\"2023-04-24T11:58:07+00:00\",\"mainEntityOfPage\":{\"@id\":\"https:\\\/\\\/abd.ong\\\/ca\\\/infancia-i-familia\\\/comenca-un-nou-curs-del-grup-de-cures-collectives-de-abd\\\/\"},\"wordCount\":268,\"publisher\":{\"@id\":\"https:\\\/\\\/abd.ong\\\/ca\\\/#organization\"},\"image\":{\"@id\":\"https:\\\/\\\/abd.ong\\\/ca\\\/infancia-i-familia\\\/comenca-un-nou-curs-del-grup-de-cures-collectives-de-abd\\\/#primaryimage\"},\"thumbnailUrl\":\"https:\\\/\\\/abd.ong\\\/wp-content\\\/uploads\\\/2021\\\/11\\\/pexels-keira-burton-6147117.jpg\",\"keywords\":[\"Asociaci\u00f3n Bienestar y Desarrollo\",\"cures\",\"Espai de Cures Col\u00b7lectives\",\"malestar\",\"multifamiliar\"],\"articleSection\":[\"Inf\u00e0ncia i fam\u00edlia\"],\"inLanguage\":\"ca\"},{\"@type\":\"WebPage\",\"@id\":\"https:\\\/\\\/abd.ong\\\/ca\\\/infancia-i-familia\\\/comenca-un-nou-curs-del-grup-de-cures-collectives-de-abd\\\/\",\"url\":\"https:\\\/\\\/abd.ong\\\/ca\\\/infancia-i-familia\\\/comenca-un-nou-curs-del-grup-de-cures-collectives-de-abd\\\/\",\"name\":\"Comen\u00e7a un nou curs del Grup de Cures Col\u00b7lectives de\u00a0ABD - ABD\",\"isPartOf\":{\"@id\":\"https:\\\/\\\/abd.ong\\\/ca\\\/#website\"},\"primaryImageOfPage\":{\"@id\":\"https:\\\/\\\/abd.ong\\\/ca\\\/infancia-i-familia\\\/comenca-un-nou-curs-del-grup-de-cures-collectives-de-abd\\\/#primaryimage\"},\"image\":{\"@id\":\"https:\\\/\\\/abd.ong\\\/ca\\\/infancia-i-familia\\\/comenca-un-nou-curs-del-grup-de-cures-collectives-de-abd\\\/#primaryimage\"},\"thumbnailUrl\":\"https:\\\/\\\/abd.ong\\\/wp-content\\\/uploads\\\/2021\\\/11\\\/pexels-keira-burton-6147117.jpg\",\"datePublished\":\"2023-01-11T08:38:28+00:00\",\"dateModified\":\"2023-04-24T11:58:07+00:00\",\"description\":\"Des de l'Associaci\u00f3 Benestar i Desenvolupament ABD reprenem el Grup de Cures Col\u00b7lectives, que es mant\u00e9 en format presencial com en el curs anterior.\",\"breadcrumb\":{\"@id\":\"https:\\\/\\\/abd.ong\\\/ca\\\/infancia-i-familia\\\/comenca-un-nou-curs-del-grup-de-cures-collectives-de-abd\\\/#breadcrumb\"},\"inLanguage\":\"ca\",\"potentialAction\":[{\"@type\":\"ReadAction\",\"target\":[\"https:\\\/\\\/abd.ong\\\/ca\\\/infancia-i-familia\\\/comenca-un-nou-curs-del-grup-de-cures-collectives-de-abd\\\/\"]}]},{\"@type\":\"ImageObject\",\"inLanguage\":\"ca\",\"@id\":\"https:\\\/\\\/abd.ong\\\/ca\\\/infancia-i-familia\\\/comenca-un-nou-curs-del-grup-de-cures-collectives-de-abd\\\/#primaryimage\",\"url\":\"https:\\\/\\\/abd.ong\\\/wp-content\\\/uploads\\\/2021\\\/11\\\/pexels-keira-burton-6147117.jpg\",\"contentUrl\":\"https:\\\/\\\/abd.ong\\\/wp-content\\\/uploads\\\/2021\\\/11\\\/pexels-keira-burton-6147117.jpg\",\"width\":2048,\"height\":1365},{\"@type\":\"BreadcrumbList\",\"@id\":\"https:\\\/\\\/abd.ong\\\/ca\\\/infancia-i-familia\\\/comenca-un-nou-curs-del-grup-de-cures-collectives-de-abd\\\/#breadcrumb\",\"itemListElement\":[{\"@type\":\"ListItem\",\"position\":1,\"name\":\"Inici\",\"item\":\"https:\\\/\\\/abd.ong\\\/ca\\\/\"},{\"@type\":\"ListItem\",\"position\":2,\"name\":\"Comen\u00e7a un nou curs del Grup de Cures Col\u00b7lectives de\u00a0ABD\"}]},{\"@type\":\"WebSite\",\"@id\":\"https:\\\/\\\/abd.ong\\\/ca\\\/#website\",\"url\":\"https:\\\/\\\/abd.ong\\\/ca\\\/\",\"name\":\"ABD\",\"description\":\"Asociaci\u00f3n Bienestar y Desarrollo\",\"publisher\":{\"@id\":\"https:\\\/\\\/abd.ong\\\/ca\\\/#organization\"},\"potentialAction\":[{\"@type\":\"SearchAction\",\"target\":{\"@type\":\"EntryPoint\",\"urlTemplate\":\"https:\\\/\\\/abd.ong\\\/ca\\\/?s={search_term_string}\"},\"query-input\":{\"@type\":\"PropertyValueSpecification\",\"valueRequired\":true,\"valueName\":\"search_term_string\"}}],\"inLanguage\":\"ca\"},{\"@type\":\"Organization\",\"@id\":\"https:\\\/\\\/abd.ong\\\/ca\\\/#organization\",\"name\":\"Associaci\u00f3 Benestar i Desenvolupament\",\"alternateName\":\"ABD\",\"url\":\"https:\\\/\\\/abd.ong\\\/ca\\\/\",\"logo\":{\"@type\":\"ImageObject\",\"inLanguage\":\"ca\",\"@id\":\"https:\\\/\\\/abd.ong\\\/ca\\\/#\\\/schema\\\/logo\\\/image\\\/\",\"url\":\"https:\\\/\\\/abd.ong\\\/wp-content\\\/uploads\\\/2023\\\/01\\\/Icona.png\",\"contentUrl\":\"https:\\\/\\\/abd.ong\\\/wp-content\\\/uploads\\\/2023\\\/01\\\/Icona.png\",\"width\":190,\"height\":187,\"caption\":\"Associaci\u00f3 Benestar i Desenvolupament\"},\"image\":{\"@id\":\"https:\\\/\\\/abd.ong\\\/ca\\\/#\\\/schema\\\/logo\\\/image\\\/\"},\"sameAs\":[\"https:\\\/\\\/www.facebook.com\\\/abd.ong\",\"https:\\\/\\\/x.com\\\/abd_ong\",\"https:\\\/\\\/www.instagram.com\\\/abd_ong\\\/\",\"https:\\\/\\\/www.linkedin.com\\\/company\\\/abdong\",\"https:\\\/\\\/www.youtube.com\\\/user\\\/CANALABD\"]},{\"@type\":\"Person\",\"@id\":\"https:\\\/\\\/abd.ong\\\/ca\\\/#\\\/schema\\\/person\\\/d0f5fe279a7ad908de6a6d1332bfd7d8\",\"name\":\"Enric Guinart\"}]}<\/script>\n<!-- \/ Yoast SEO plugin. -->","yoast_head_json":{"title":"Comen\u00e7a un nou curs del Grup de Cures Col\u00b7lectives de\u00a0ABD - ABD","description":"Des de l'Associaci\u00f3 Benestar i Desenvolupament ABD reprenem el Grup de Cures Col\u00b7lectives, que es mant\u00e9 en format presencial com en el curs anterior.","robots":{"index":"index","follow":"follow","max-snippet":"max-snippet:-1","max-image-preview":"max-image-preview:large","max-video-preview":"max-video-preview:-1"},"canonical":"https:\/\/abd.ong\/ca\/infancia-i-familia\/comenca-un-nou-curs-del-grup-de-cures-collectives-de-abd\/","og_locale":"ca_ES","og_type":"article","og_title":"Comen\u00e7a un nou curs del Grup de Cures Col\u00b7lectives de\u00a0ABD - ABD","og_description":"Des de l'Associaci\u00f3 Benestar i Desenvolupament ABD reprenem el Grup de Cures Col\u00b7lectives, que es mant\u00e9 en format presencial com en el curs anterior.","og_url":"https:\/\/abd.ong\/ca\/infancia-i-familia\/comenca-un-nou-curs-del-grup-de-cures-collectives-de-abd\/","og_site_name":"ABD","article_publisher":"https:\/\/www.facebook.com\/abd.ong","article_published_time":"2023-01-11T08:38:28+00:00","article_modified_time":"2023-04-24T11:58:07+00:00","og_image":[{"width":2048,"height":1365,"url":"https:\/\/abd.ong\/wp-content\/uploads\/2021\/11\/pexels-keira-burton-6147117.jpg","type":"image\/jpeg"}],"author":"Enric Guinart","twitter_card":"summary_large_image","twitter_creator":"@abd_ong","twitter_site":"@abd_ong","twitter_misc":{"Escrit per":"Enric Guinart","Temps estimat de lectura":"2 minuts"},"schema":{"@context":"https:\/\/schema.org","@graph":[{"@type":"Article","@id":"https:\/\/abd.ong\/ca\/infancia-i-familia\/comenca-un-nou-curs-del-grup-de-cures-collectives-de-abd\/#article","isPartOf":{"@id":"https:\/\/abd.ong\/ca\/infancia-i-familia\/comenca-un-nou-curs-del-grup-de-cures-collectives-de-abd\/"},"author":{"name":"Enric Guinart","@id":"https:\/\/abd.ong\/ca\/#\/schema\/person\/d0f5fe279a7ad908de6a6d1332bfd7d8"},"headline":"Comen\u00e7a un nou curs del Grup de Cures Col\u00b7lectives de\u00a0ABD","datePublished":"2023-01-11T08:38:28+00:00","dateModified":"2023-04-24T11:58:07+00:00","mainEntityOfPage":{"@id":"https:\/\/abd.ong\/ca\/infancia-i-familia\/comenca-un-nou-curs-del-grup-de-cures-collectives-de-abd\/"},"wordCount":268,"publisher":{"@id":"https:\/\/abd.ong\/ca\/#organization"},"image":{"@id":"https:\/\/abd.ong\/ca\/infancia-i-familia\/comenca-un-nou-curs-del-grup-de-cures-collectives-de-abd\/#primaryimage"},"thumbnailUrl":"https:\/\/abd.ong\/wp-content\/uploads\/2021\/11\/pexels-keira-burton-6147117.jpg","keywords":["Asociaci\u00f3n Bienestar y Desarrollo","cures","Espai de Cures Col\u00b7lectives","malestar","multifamiliar"],"articleSection":["Inf\u00e0ncia i fam\u00edlia"],"inLanguage":"ca"},{"@type":"WebPage","@id":"https:\/\/abd.ong\/ca\/infancia-i-familia\/comenca-un-nou-curs-del-grup-de-cures-collectives-de-abd\/","url":"https:\/\/abd.ong\/ca\/infancia-i-familia\/comenca-un-nou-curs-del-grup-de-cures-collectives-de-abd\/","name":"Comen\u00e7a un nou curs del Grup de Cures Col\u00b7lectives de\u00a0ABD - ABD","isPartOf":{"@id":"https:\/\/abd.ong\/ca\/#website"},"primaryImageOfPage":{"@id":"https:\/\/abd.ong\/ca\/infancia-i-familia\/comenca-un-nou-curs-del-grup-de-cures-collectives-de-abd\/#primaryimage"},"image":{"@id":"https:\/\/abd.ong\/ca\/infancia-i-familia\/comenca-un-nou-curs-del-grup-de-cures-collectives-de-abd\/#primaryimage"},"thumbnailUrl":"https:\/\/abd.ong\/wp-content\/uploads\/2021\/11\/pexels-keira-burton-6147117.jpg","datePublished":"2023-01-11T08:38:28+00:00","dateModified":"2023-04-24T11:58:07+00:00","description":"Des de l'Associaci\u00f3 Benestar i Desenvolupament ABD reprenem el Grup de Cures Col\u00b7lectives, que es mant\u00e9 en format presencial com en el curs anterior.","breadcrumb":{"@id":"https:\/\/abd.ong\/ca\/infancia-i-familia\/comenca-un-nou-curs-del-grup-de-cures-collectives-de-abd\/#breadcrumb"},"inLanguage":"ca","potentialAction":[{"@type":"ReadAction","target":["https:\/\/abd.ong\/ca\/infancia-i-familia\/comenca-un-nou-curs-del-grup-de-cures-collectives-de-abd\/"]}]},{"@type":"ImageObject","inLanguage":"ca","@id":"https:\/\/abd.ong\/ca\/infancia-i-familia\/comenca-un-nou-curs-del-grup-de-cures-collectives-de-abd\/#primaryimage","url":"https:\/\/abd.ong\/wp-content\/uploads\/2021\/11\/pexels-keira-burton-6147117.jpg","contentUrl":"https:\/\/abd.ong\/wp-content\/uploads\/2021\/11\/pexels-keira-burton-6147117.jpg","width":2048,"height":1365},{"@type":"BreadcrumbList","@id":"https:\/\/abd.ong\/ca\/infancia-i-familia\/comenca-un-nou-curs-del-grup-de-cures-collectives-de-abd\/#breadcrumb","itemListElement":[{"@type":"ListItem","position":1,"name":"Inici","item":"https:\/\/abd.ong\/ca\/"},{"@type":"ListItem","position":2,"name":"Comen\u00e7a un nou curs del Grup de Cures Col\u00b7lectives de\u00a0ABD"}]},{"@type":"WebSite","@id":"https:\/\/abd.ong\/ca\/#website","url":"https:\/\/abd.ong\/ca\/","name":"ABD","description":"Asociaci\u00f3n Bienestar y Desarrollo","publisher":{"@id":"https:\/\/abd.ong\/ca\/#organization"},"potentialAction":[{"@type":"SearchAction","target":{"@type":"EntryPoint","urlTemplate":"https:\/\/abd.ong\/ca\/?s={search_term_string}"},"query-input":{"@type":"PropertyValueSpecification","valueRequired":true,"valueName":"search_term_string"}}],"inLanguage":"ca"},{"@type":"Organization","@id":"https:\/\/abd.ong\/ca\/#organization","name":"Associaci\u00f3 Benestar i Desenvolupament","alternateName":"ABD","url":"https:\/\/abd.ong\/ca\/","logo":{"@type":"ImageObject","inLanguage":"ca","@id":"https:\/\/abd.ong\/ca\/#\/schema\/logo\/image\/","url":"https:\/\/abd.ong\/wp-content\/uploads\/2023\/01\/Icona.png","contentUrl":"https:\/\/abd.ong\/wp-content\/uploads\/2023\/01\/Icona.png","width":190,"height":187,"caption":"Associaci\u00f3 Benestar i Desenvolupament"},"image":{"@id":"https:\/\/abd.ong\/ca\/#\/schema\/logo\/image\/"},"sameAs":["https:\/\/www.facebook.com\/abd.ong","https:\/\/x.com\/abd_ong","https:\/\/www.instagram.com\/abd_ong\/","https:\/\/www.linkedin.com\/company\/abdong","https:\/\/www.youtube.com\/user\/CANALABD"]},{"@type":"Person","@id":"https:\/\/abd.ong\/ca\/#\/schema\/person\/d0f5fe279a7ad908de6a6d1332bfd7d8","name":"Enric Guinart"}]}},"_links":{"self":[{"href":"https:\/\/abd.ong\/ca\/wp-json\/wp\/v2\/posts\/41601","targetHints":{"allow":["GET"]}}],"collection":[{"href":"https:\/\/abd.ong\/ca\/wp-json\/wp\/v2\/posts"}],"about":[{"href":"https:\/\/abd.ong\/ca\/wp-json\/wp\/v2\/types\/post"}],"author":[{"embeddable":true,"href":"https:\/\/abd.ong\/ca\/wp-json\/wp\/v2\/users\/2"}],"replies":[{"embeddable":true,"href":"https:\/\/abd.ong\/ca\/wp-json\/wp\/v2\/comments?post=41601"}],"version-history":[{"count":3,"href":"https:\/\/abd.ong\/ca\/wp-json\/wp\/v2\/posts\/41601\/revisions"}],"predecessor-version":[{"id":148044,"href":"https:\/\/abd.ong\/ca\/wp-json\/wp\/v2\/posts\/41601\/revisions\/148044"}],"wp:featuredmedia":[{"embeddable":true,"href":"https:\/\/abd.ong\/ca\/wp-json\/wp\/v2\/media\/28037"}],"wp:attachment":[{"href":"https:\/\/abd.ong\/ca\/wp-json\/wp\/v2\/media?parent=41601"}],"wp:term":[{"taxonomy":"category","embeddable":true,"href":"https:\/\/abd.ong\/ca\/wp-json\/wp\/v2\/categories?post=41601"},{"taxonomy":"post_tag","embeddable":true,"href":"https:\/\/abd.ong\/ca\/wp-json\/wp\/v2\/tags?post=41601"}],"curies":[{"name":"wp","href":"https:\/\/api.w.org\/{rel}","templated":true}]}}