{"id":40973,"date":"2022-12-29T16:46:45","date_gmt":"2022-12-29T15:46:45","guid":{"rendered":"https:\/\/abd.ong\/?p=40973"},"modified":"2022-12-29T17:28:38","modified_gmt":"2022-12-29T16:28:38","slug":"abd-als-mitjans-de-comunicacio-al-desembre-4","status":"publish","type":"post","link":"https:\/\/abd.ong\/ca\/general-ca\/abd-als-mitjans-de-comunicacio-al-desembre-4\/","title":{"rendered":"ABD als mitjans de comunicaci\u00f3 al desembre"},"content":{"rendered":"\n<p><span style=\"font-weight: 400;\">L\u2019<\/span><a href=\"https:\/\/abd.ong\/ca\/\" target=\"_blank\" rel=\"noopener\"><b>Associaci\u00f3 Benestar i Desenvolupament (ABD)<\/b><\/a><span style=\"font-weight: 400;\"> ha estat present en els mitjans de comunicaci\u00f3 durant aquest mes de desembre. A continuaci\u00f3, el resum de premsa de les not\u00edcies, articles i reportatges en els quals hem participat com a entitat<\/span><\/p>\n\n\n\n<div style=\"height:30px\" aria-hidden=\"true\" class=\"wp-block-spacer\"><\/div>\n\n\n\n<p><\/p>\n\n\n\n<p><strong>02\/12\/2022 &#8211; Social.cat<\/strong><\/p>\n\n\n\n<p><em>La conclusi\u00f3 del projecte Cut All Ties \u00e9s que l&#8217;educaci\u00f3 sexual integral \u00e9s un dret i \u00e9s \u201cimprescindible per tenir acc\u00e9s democr\u00e0tic a la informaci\u00f3 i poder prendre decisions informades\u201d, han apuntat les responsables del projecte. \u00c9s, a m\u00e9s, una \u201ceina\u201d per a la transformaci\u00f3 social i ha d&#8217;estar \u201cgarantida en totes les etapes\u201d.<\/em><\/p>\n\n\n\n<p><a href=\"https:\/\/www.social.cat\/noticia\/17913\/cut-all-ties-o-com-millorar-la-capacitat-dels-joves-europeus-per-reconeixer-les-violencies?utm_source=dlvr.it&amp;utm_medium=twitter&amp;utm_campaign=socialpuntcat\" target=\"_blank\" rel=\"noopener\">\u2018Cut All Ties\u2019 o com millorar la capacitat dels joves europeus per recon\u00e8ixer les viol\u00e8ncies masclistes<\/a><\/p>\n\n\n\n<p><strong>02\/12\/2022 &#8211; Diario de Ibiza<\/strong><\/p>\n\n\n\n<p><em>El Govern balear va lliurar els premis al Voluntariat de Balears, creat per la vicepresid\u00e8ncia i conselleria de Transici\u00f3 Energ\u00e8tica, Sectors Productius i Mem\u00f2ria Democr\u00e0tica, per a recon\u00e8ixer i fomentar la labor de les entitats de voluntariat. El premi Olivera (Mallorca) va ser a l&#8217;Associaci\u00f3 Benestar i Desenvolupament (<span class=\"hiddenSpellError\">ABD<\/span>), pel programa &#8216;<span class=\"hiddenSpellError\">Energy<\/span> Control Balears&#8217;.<\/em><\/p>\n\n\n\n<p><a href=\"https:\/\/www.diariodeibiza.es\/formentera\/2022\/12\/02\/voluntarios-balears-recuerdan-teresa-costa-79428245.html\" target=\"_blank\" rel=\"noreferrer noopener\">Voluntaris de Balears recorden a Teresa Costa<\/a><\/p>\n\n\n\n<p><strong>3\/12\/2022 &#8211; Eldiario.es<\/strong><\/p>\n\n\n\n<p><em>\u201cAccedir a la maternitat tan aviat roman molt ocult i tots els missatges que ens travessen van en aquesta direcci\u00f3. S&#8217;associa a promiscu\u00eftat sexual, marginaci\u00f3, irresponsabilitat, inconsci\u00e8ncia, frac\u00e0s, immaduresa, ignor\u00e0ncia&#8230;\u201d, enumera la coordinadora del programa d&#8217;acompanyament a la maternitat Preinfant, Arancha D\u00edez.<\/em><\/p>\n\n\n\n<p><a href=\"https:\/\/www.eldiario.es\/sociedad\/madre-15-contarlo-cine_1_9716214.html\" target=\"_blank\" rel=\"noreferrer noopener\">Ser mare als 15 (i explicar-ho al cine)<\/a><\/p>\n\n\n\n<p><\/p>\n\n\n\n<p><strong>05\/12\/22 -El Pa\u00eds <\/strong><\/p>\n\n\n\n<p id=\"m152-151-153\"><em><span class=\"hiddenSpellError\">Energy<\/span> Control ha analitzat 150 mostres de coca\u00efna <span class=\"hiddenGrammarError\">rosa<\/span> entre 2019 i 2022, unes 40 nom\u00e9s a Madrid. En gaireb\u00e9 totes elles es <span class=\"hiddenGrammarError\">va<\/span> trobar colorant i nom\u00e9s en dues <span class=\"hiddenGrammarError\">coca\u00efna<\/span>. &#8220;\u00c9s important desmitificar la coca rosa. Al final \u00e9s un negoci rod\u00f3. Te l&#8217;estan venent com una cosa molt exclusiva, quan \u00e9s un trif\u00e0sic habitual&#8221;, assenyala la coordinadora d&#8217;Energy Control a Madrid, Berta de la Vega.<\/em><\/p>\n\n\n\n<p>Reportatge amb declaracions de la coordinadora d&#8217;Energy Control a Madrid, Berta de la Vega.<\/p>\n\n\n\n<p><a href=\"https:\/\/elpais.com\/espana\/madrid\/2022-12-05\/cocaina-rosa-la-droga-de-moda-entre-los-pijos-madrilenos-que-ni-es-cocaina-ni-es-de-lujo.html\" target=\"_blank\" rel=\"noopener\">\u2018Coca\u00efna rosa\u2019: la droga de moda entre els &#8216;pijos&#8217; madrilenys que ni \u00e9s coca\u00efna, ni \u00e9s de luxe<\/a><\/p>\n\n\n\n<p><\/p>\n\n\n\n<p><\/p>\n\n\n\n<p><strong>16\/12\/2022 &#8211; Diari P\u00fablic<\/strong><\/p>\n\n\n\n<p><em>El director de l&#8217;\u00e0rea de Drogues i Salut de l&#8217;Associaci\u00f3 Benestar i Desenvolupament (ABD), Josep Rovira, va comentar que a l&#8217;Hotel Social, el centre d&#8217;acolliment per a persones sense llar amb addiccions de Barcelona situat al districte d&#8217;Horta-Guinard\u00f3, t\u00e9 llistes d&#8217;espera de quatre a cinc mesos en el cas dels homes, que s\u00f3n el 85% del total d&#8217;atesos.<\/em><\/p>\n\n\n\n<p><em>Reportatge en el qual interv\u00e9 el director de l&#8217;\u00e0rea de Drogues i Salut de l&#8217;Associaci\u00f3 Benestar i Desenvolupament (ABD), Josep Rovira.<\/em><\/p>\n\n\n\n<p><a href=\"https:\/\/www.publico.es\/public\/centre-d-acollida-per-persones-amb-addiccions-barcelona-llistes-d-espera-fins-cinc-mesos.html\" target=\"_blank\" rel=\"noopener\">El centre d&#8217;acollida per a persones amb addiccions de Barcelona t\u00e9 una llista d&#8217;espera de fins a cinc mesos<\/a>\r\n\r\n&nbsp;<\/p>\n\n\n\n<p><\/p>\n\n\n\n<p><strong>16\/12\/22 &#8211; 20 minutos<\/strong><\/p>\n\n\n\n<p><\/p>\n\n\n\n<p>El director de Drogues i Salut de l&#8217;Associaci\u00f3 Benestar i Desenvolupament, Josep Rovira, va avisar que el consum d&#8217;estupefaents <strong>&#8220;\u00e9s una eina de superviv\u00e8ncia quan ets al carrer&#8221;<\/strong> i ha reivindicat que el centre d&#8217;acolliment \u00e9s capa\u00e7 de posar en contacte a aquestes persones amb els diferents recursos.<\/p>\n\n\n\n<p><em>Reportatge en el qual parla el director de l&#8217;\u00e0rea de Drogues i Salut de l&#8217;Associaci\u00f3 Benestar i Desenvolupament (ABD), Josep Rovira<\/em><\/p>\n\n\n\n<p><a href=\"https:\/\/www.20minutos.es\/noticia\/5085330\/0\/el-ayuntamiento-de-barcelona-insta-al-govern-a-abrir-mas-salas-de-venopuncion-porque-el-10-de-usuarios-entran-en-tratamiento\/\" target=\"_blank\" rel=\"noopener\">L&#8217;Ajuntament de Barcelona insta el Govern a obrir m\u00e9s sales de venopunci\u00f3n perqu\u00e8 el 10% d&#8217;usuaris entren en tractament<\/a><\/p>\n\n\n\n<p><strong>20\/12\/22 &#8211; Xarxanet<\/strong><\/p>\n\n\n\n<p><\/p>\n\n\n\n<p>ABD acaba l\u2019any posant en marxa la campanya<strong> \u2018<a href=\"https:\/\/www.migranodearena.org\/ca\/repte\/dona-dignidad\" target=\"_blank\" rel=\"noopener\">Dona Dignitat<\/a>\u2018<\/strong>, que t\u00e9 l\u2019objectiu d\u2019aconseguir <strong>8.000 euros <\/strong>per adquirir <strong>roba interior nova <\/strong>i <strong>productes d\u2019higiene i de salut b\u00e0sics <\/strong>per a 550 dones usu\u00e0ries de diferents programes i serveis de l\u2019entitat que es troben en una situaci\u00f3 d\u2019extrema vulnerabilitat.<\/p>\n\n\n\n<p><a href=\"https:\/\/xarxanet.org\/social\/noticies\/quan-estas-al-carrer-no-rentes-agafes-utilitzes-i-tires-roba\" target=\"_blank\" rel=\"noopener\">\u201cQuan est\u00e0s al carrer no rentes. Agafes, utilitzes i tires roba\u201d<\/a><\/p>\n\n\n\n<p><\/p>\n\n\n\n<p><\/p>\n","protected":false},"excerpt":{"rendered":"<p>L\u2019Associaci\u00f3 Benestar i Desenvolupament (ABD) ha estat present en els mitjans de comunicaci\u00f3 durant aquest mes de desembre. A continuaci\u00f3, el resum de premsa de les not\u00edcies, articles i reportatges&hellip;<\/p>\n","protected":false},"author":2,"featured_media":14666,"comment_status":"closed","ping_status":"closed","sticky":false,"template":"","format":"standard","meta":{"_acf_changed":false,"footnotes":""},"categories":[66],"tags":[119,2450,675,3265,2446,175,3264,2260,2299,2300,2396,2305],"class_list":["post-40973","post","type-post","status-publish","format-standard","has-post-thumbnail","hentry","category-general-ca","tag-abd","tag-adolescencia-ca","tag-asociacion-bienestar-y-desarrollo-ca","tag-cocaina-ca","tag-consum-de-drogues-ca","tag-drogas-ca","tag-educacio","tag-joventut","tag-mitjans-de-comunicacio-ca","tag-noticies-ca","tag-reduccio-de-danys-ca","tag-violencia-masclista"],"acf":[],"yoast_head":"<!-- This site is optimized with the Yoast SEO plugin v27.4 - https:\/\/yoast.com\/product\/yoast-seo-wordpress\/ -->\n<title>ABD als mitjans de comunicaci\u00f3 al desembre - ABD<\/title>\n<meta name=\"description\" content=\"L\u2019Associaci\u00f3 Benestar i Desenvolupament (ABD) ha estat present en els mitjans de comunicaci\u00f3 durant aquest mes de desembre. A continuaci\u00f3, el resum de\" \/>\n<meta name=\"robots\" content=\"index, follow, max-snippet:-1, max-image-preview:large, max-video-preview:-1\" \/>\n<link rel=\"canonical\" href=\"https:\/\/abd.ong\/ca\/general-ca\/abd-als-mitjans-de-comunicacio-al-desembre-4\/\" \/>\n<meta property=\"og:locale\" content=\"ca_ES\" \/>\n<meta property=\"og:type\" content=\"article\" \/>\n<meta property=\"og:title\" content=\"ABD als mitjans de comunicaci\u00f3 al desembre - ABD\" \/>\n<meta property=\"og:description\" content=\"L\u2019Associaci\u00f3 Benestar i Desenvolupament (ABD) ha estat present en els mitjans de comunicaci\u00f3 durant aquest mes de desembre. A continuaci\u00f3, el resum de\" \/>\n<meta property=\"og:url\" content=\"https:\/\/abd.ong\/ca\/general-ca\/abd-als-mitjans-de-comunicacio-al-desembre-4\/\" \/>\n<meta property=\"og:site_name\" content=\"ABD\" \/>\n<meta property=\"article:publisher\" content=\"https:\/\/www.facebook.com\/abd.ong\" \/>\n<meta property=\"article:published_time\" content=\"2022-12-29T15:46:45+00:00\" \/>\n<meta property=\"article:modified_time\" content=\"2022-12-29T16:28:38+00:00\" \/>\n<meta property=\"og:image\" content=\"https:\/\/abd.ong\/wp-content\/uploads\/2020\/05\/old-tv-1149416_1920.jpg\" \/>\n\t<meta property=\"og:image:width\" content=\"1919\" \/>\n\t<meta property=\"og:image:height\" content=\"977\" \/>\n\t<meta property=\"og:image:type\" content=\"image\/jpeg\" \/>\n<meta name=\"author\" content=\"Enric Guinart\" \/>\n<meta name=\"twitter:card\" content=\"summary_large_image\" \/>\n<meta name=\"twitter:creator\" content=\"@abd_ong\" \/>\n<meta name=\"twitter:site\" content=\"@abd_ong\" \/>\n<meta name=\"twitter:label1\" content=\"Escrit per\" \/>\n\t<meta name=\"twitter:data1\" content=\"Enric Guinart\" \/>\n\t<meta name=\"twitter:label2\" content=\"Temps estimat de lectura\" \/>\n\t<meta name=\"twitter:data2\" content=\"3 minuts\" \/>\n<script type=\"application\/ld+json\" class=\"yoast-schema-graph\">{\"@context\":\"https:\\\/\\\/schema.org\",\"@graph\":[{\"@type\":\"Article\",\"@id\":\"https:\\\/\\\/abd.ong\\\/ca\\\/general-ca\\\/abd-als-mitjans-de-comunicacio-al-desembre-4\\\/#article\",\"isPartOf\":{\"@id\":\"https:\\\/\\\/abd.ong\\\/ca\\\/general-ca\\\/abd-als-mitjans-de-comunicacio-al-desembre-4\\\/\"},\"author\":{\"name\":\"Enric Guinart\",\"@id\":\"https:\\\/\\\/abd.ong\\\/ca\\\/#\\\/schema\\\/person\\\/d0f5fe279a7ad908de6a6d1332bfd7d8\"},\"headline\":\"ABD als mitjans de comunicaci\u00f3 al desembre\",\"datePublished\":\"2022-12-29T15:46:45+00:00\",\"dateModified\":\"2022-12-29T16:28:38+00:00\",\"mainEntityOfPage\":{\"@id\":\"https:\\\/\\\/abd.ong\\\/ca\\\/general-ca\\\/abd-als-mitjans-de-comunicacio-al-desembre-4\\\/\"},\"wordCount\":646,\"publisher\":{\"@id\":\"https:\\\/\\\/abd.ong\\\/ca\\\/#organization\"},\"image\":{\"@id\":\"https:\\\/\\\/abd.ong\\\/ca\\\/general-ca\\\/abd-als-mitjans-de-comunicacio-al-desembre-4\\\/#primaryimage\"},\"thumbnailUrl\":\"https:\\\/\\\/abd.ong\\\/wp-content\\\/uploads\\\/2020\\\/05\\\/old-tv-1149416_1920.jpg\",\"keywords\":[\"ABD\",\"adolesc\u00e8ncia\",\"Asociaci\u00f3n Bienestar y Desarrollo\",\"coca\u00efna\",\"consum de drogues\",\"drogas\",\"educaci\u00f3\",\"joventut\",\"Mitjans de comunicaci\u00f3\",\"not\u00edcies\",\"reducci\u00f3 de danys\",\"viol\u00e8ncia masclista\"],\"articleSection\":[\"General\"],\"inLanguage\":\"ca\"},{\"@type\":\"WebPage\",\"@id\":\"https:\\\/\\\/abd.ong\\\/ca\\\/general-ca\\\/abd-als-mitjans-de-comunicacio-al-desembre-4\\\/\",\"url\":\"https:\\\/\\\/abd.ong\\\/ca\\\/general-ca\\\/abd-als-mitjans-de-comunicacio-al-desembre-4\\\/\",\"name\":\"ABD als mitjans de comunicaci\u00f3 al desembre - ABD\",\"isPartOf\":{\"@id\":\"https:\\\/\\\/abd.ong\\\/ca\\\/#website\"},\"primaryImageOfPage\":{\"@id\":\"https:\\\/\\\/abd.ong\\\/ca\\\/general-ca\\\/abd-als-mitjans-de-comunicacio-al-desembre-4\\\/#primaryimage\"},\"image\":{\"@id\":\"https:\\\/\\\/abd.ong\\\/ca\\\/general-ca\\\/abd-als-mitjans-de-comunicacio-al-desembre-4\\\/#primaryimage\"},\"thumbnailUrl\":\"https:\\\/\\\/abd.ong\\\/wp-content\\\/uploads\\\/2020\\\/05\\\/old-tv-1149416_1920.jpg\",\"datePublished\":\"2022-12-29T15:46:45+00:00\",\"dateModified\":\"2022-12-29T16:28:38+00:00\",\"description\":\"L\u2019Associaci\u00f3 Benestar i Desenvolupament (ABD) ha estat present en els mitjans de comunicaci\u00f3 durant aquest mes de desembre. A continuaci\u00f3, el resum de\",\"breadcrumb\":{\"@id\":\"https:\\\/\\\/abd.ong\\\/ca\\\/general-ca\\\/abd-als-mitjans-de-comunicacio-al-desembre-4\\\/#breadcrumb\"},\"inLanguage\":\"ca\",\"potentialAction\":[{\"@type\":\"ReadAction\",\"target\":[\"https:\\\/\\\/abd.ong\\\/ca\\\/general-ca\\\/abd-als-mitjans-de-comunicacio-al-desembre-4\\\/\"]}]},{\"@type\":\"ImageObject\",\"inLanguage\":\"ca\",\"@id\":\"https:\\\/\\\/abd.ong\\\/ca\\\/general-ca\\\/abd-als-mitjans-de-comunicacio-al-desembre-4\\\/#primaryimage\",\"url\":\"https:\\\/\\\/abd.ong\\\/wp-content\\\/uploads\\\/2020\\\/05\\\/old-tv-1149416_1920.jpg\",\"contentUrl\":\"https:\\\/\\\/abd.ong\\\/wp-content\\\/uploads\\\/2020\\\/05\\\/old-tv-1149416_1920.jpg\",\"width\":1919,\"height\":977,\"caption\":\"medios de comunicaci\u00f3n\"},{\"@type\":\"BreadcrumbList\",\"@id\":\"https:\\\/\\\/abd.ong\\\/ca\\\/general-ca\\\/abd-als-mitjans-de-comunicacio-al-desembre-4\\\/#breadcrumb\",\"itemListElement\":[{\"@type\":\"ListItem\",\"position\":1,\"name\":\"Inici\",\"item\":\"https:\\\/\\\/abd.ong\\\/ca\\\/\"},{\"@type\":\"ListItem\",\"position\":2,\"name\":\"ABD als mitjans de comunicaci\u00f3 al desembre\"}]},{\"@type\":\"WebSite\",\"@id\":\"https:\\\/\\\/abd.ong\\\/ca\\\/#website\",\"url\":\"https:\\\/\\\/abd.ong\\\/ca\\\/\",\"name\":\"ABD\",\"description\":\"Asociaci\u00f3n Bienestar y Desarrollo\",\"publisher\":{\"@id\":\"https:\\\/\\\/abd.ong\\\/ca\\\/#organization\"},\"potentialAction\":[{\"@type\":\"SearchAction\",\"target\":{\"@type\":\"EntryPoint\",\"urlTemplate\":\"https:\\\/\\\/abd.ong\\\/ca\\\/?s={search_term_string}\"},\"query-input\":{\"@type\":\"PropertyValueSpecification\",\"valueRequired\":true,\"valueName\":\"search_term_string\"}}],\"inLanguage\":\"ca\"},{\"@type\":\"Organization\",\"@id\":\"https:\\\/\\\/abd.ong\\\/ca\\\/#organization\",\"name\":\"Associaci\u00f3 Benestar i Desenvolupament\",\"alternateName\":\"ABD\",\"url\":\"https:\\\/\\\/abd.ong\\\/ca\\\/\",\"logo\":{\"@type\":\"ImageObject\",\"inLanguage\":\"ca\",\"@id\":\"https:\\\/\\\/abd.ong\\\/ca\\\/#\\\/schema\\\/logo\\\/image\\\/\",\"url\":\"https:\\\/\\\/abd.ong\\\/wp-content\\\/uploads\\\/2023\\\/01\\\/Icona.png\",\"contentUrl\":\"https:\\\/\\\/abd.ong\\\/wp-content\\\/uploads\\\/2023\\\/01\\\/Icona.png\",\"width\":190,\"height\":187,\"caption\":\"Associaci\u00f3 Benestar i Desenvolupament\"},\"image\":{\"@id\":\"https:\\\/\\\/abd.ong\\\/ca\\\/#\\\/schema\\\/logo\\\/image\\\/\"},\"sameAs\":[\"https:\\\/\\\/www.facebook.com\\\/abd.ong\",\"https:\\\/\\\/x.com\\\/abd_ong\",\"https:\\\/\\\/www.instagram.com\\\/abd_ong\\\/\",\"https:\\\/\\\/www.linkedin.com\\\/company\\\/abdong\",\"https:\\\/\\\/www.youtube.com\\\/user\\\/CANALABD\"]},{\"@type\":\"Person\",\"@id\":\"https:\\\/\\\/abd.ong\\\/ca\\\/#\\\/schema\\\/person\\\/d0f5fe279a7ad908de6a6d1332bfd7d8\",\"name\":\"Enric Guinart\"}]}<\/script>\n<!-- \/ Yoast SEO plugin. -->","yoast_head_json":{"title":"ABD als mitjans de comunicaci\u00f3 al desembre - ABD","description":"L\u2019Associaci\u00f3 Benestar i Desenvolupament (ABD) ha estat present en els mitjans de comunicaci\u00f3 durant aquest mes de desembre. A continuaci\u00f3, el resum de","robots":{"index":"index","follow":"follow","max-snippet":"max-snippet:-1","max-image-preview":"max-image-preview:large","max-video-preview":"max-video-preview:-1"},"canonical":"https:\/\/abd.ong\/ca\/general-ca\/abd-als-mitjans-de-comunicacio-al-desembre-4\/","og_locale":"ca_ES","og_type":"article","og_title":"ABD als mitjans de comunicaci\u00f3 al desembre - ABD","og_description":"L\u2019Associaci\u00f3 Benestar i Desenvolupament (ABD) ha estat present en els mitjans de comunicaci\u00f3 durant aquest mes de desembre. A continuaci\u00f3, el resum de","og_url":"https:\/\/abd.ong\/ca\/general-ca\/abd-als-mitjans-de-comunicacio-al-desembre-4\/","og_site_name":"ABD","article_publisher":"https:\/\/www.facebook.com\/abd.ong","article_published_time":"2022-12-29T15:46:45+00:00","article_modified_time":"2022-12-29T16:28:38+00:00","og_image":[{"width":1919,"height":977,"url":"https:\/\/abd.ong\/wp-content\/uploads\/2020\/05\/old-tv-1149416_1920.jpg","type":"image\/jpeg"}],"author":"Enric Guinart","twitter_card":"summary_large_image","twitter_creator":"@abd_ong","twitter_site":"@abd_ong","twitter_misc":{"Escrit per":"Enric Guinart","Temps estimat de lectura":"3 minuts"},"schema":{"@context":"https:\/\/schema.org","@graph":[{"@type":"Article","@id":"https:\/\/abd.ong\/ca\/general-ca\/abd-als-mitjans-de-comunicacio-al-desembre-4\/#article","isPartOf":{"@id":"https:\/\/abd.ong\/ca\/general-ca\/abd-als-mitjans-de-comunicacio-al-desembre-4\/"},"author":{"name":"Enric Guinart","@id":"https:\/\/abd.ong\/ca\/#\/schema\/person\/d0f5fe279a7ad908de6a6d1332bfd7d8"},"headline":"ABD als mitjans de comunicaci\u00f3 al desembre","datePublished":"2022-12-29T15:46:45+00:00","dateModified":"2022-12-29T16:28:38+00:00","mainEntityOfPage":{"@id":"https:\/\/abd.ong\/ca\/general-ca\/abd-als-mitjans-de-comunicacio-al-desembre-4\/"},"wordCount":646,"publisher":{"@id":"https:\/\/abd.ong\/ca\/#organization"},"image":{"@id":"https:\/\/abd.ong\/ca\/general-ca\/abd-als-mitjans-de-comunicacio-al-desembre-4\/#primaryimage"},"thumbnailUrl":"https:\/\/abd.ong\/wp-content\/uploads\/2020\/05\/old-tv-1149416_1920.jpg","keywords":["ABD","adolesc\u00e8ncia","Asociaci\u00f3n Bienestar y Desarrollo","coca\u00efna","consum de drogues","drogas","educaci\u00f3","joventut","Mitjans de comunicaci\u00f3","not\u00edcies","reducci\u00f3 de danys","viol\u00e8ncia masclista"],"articleSection":["General"],"inLanguage":"ca"},{"@type":"WebPage","@id":"https:\/\/abd.ong\/ca\/general-ca\/abd-als-mitjans-de-comunicacio-al-desembre-4\/","url":"https:\/\/abd.ong\/ca\/general-ca\/abd-als-mitjans-de-comunicacio-al-desembre-4\/","name":"ABD als mitjans de comunicaci\u00f3 al desembre - ABD","isPartOf":{"@id":"https:\/\/abd.ong\/ca\/#website"},"primaryImageOfPage":{"@id":"https:\/\/abd.ong\/ca\/general-ca\/abd-als-mitjans-de-comunicacio-al-desembre-4\/#primaryimage"},"image":{"@id":"https:\/\/abd.ong\/ca\/general-ca\/abd-als-mitjans-de-comunicacio-al-desembre-4\/#primaryimage"},"thumbnailUrl":"https:\/\/abd.ong\/wp-content\/uploads\/2020\/05\/old-tv-1149416_1920.jpg","datePublished":"2022-12-29T15:46:45+00:00","dateModified":"2022-12-29T16:28:38+00:00","description":"L\u2019Associaci\u00f3 Benestar i Desenvolupament (ABD) ha estat present en els mitjans de comunicaci\u00f3 durant aquest mes de desembre. A continuaci\u00f3, el resum de","breadcrumb":{"@id":"https:\/\/abd.ong\/ca\/general-ca\/abd-als-mitjans-de-comunicacio-al-desembre-4\/#breadcrumb"},"inLanguage":"ca","potentialAction":[{"@type":"ReadAction","target":["https:\/\/abd.ong\/ca\/general-ca\/abd-als-mitjans-de-comunicacio-al-desembre-4\/"]}]},{"@type":"ImageObject","inLanguage":"ca","@id":"https:\/\/abd.ong\/ca\/general-ca\/abd-als-mitjans-de-comunicacio-al-desembre-4\/#primaryimage","url":"https:\/\/abd.ong\/wp-content\/uploads\/2020\/05\/old-tv-1149416_1920.jpg","contentUrl":"https:\/\/abd.ong\/wp-content\/uploads\/2020\/05\/old-tv-1149416_1920.jpg","width":1919,"height":977,"caption":"medios de comunicaci\u00f3n"},{"@type":"BreadcrumbList","@id":"https:\/\/abd.ong\/ca\/general-ca\/abd-als-mitjans-de-comunicacio-al-desembre-4\/#breadcrumb","itemListElement":[{"@type":"ListItem","position":1,"name":"Inici","item":"https:\/\/abd.ong\/ca\/"},{"@type":"ListItem","position":2,"name":"ABD als mitjans de comunicaci\u00f3 al desembre"}]},{"@type":"WebSite","@id":"https:\/\/abd.ong\/ca\/#website","url":"https:\/\/abd.ong\/ca\/","name":"ABD","description":"Asociaci\u00f3n Bienestar y Desarrollo","publisher":{"@id":"https:\/\/abd.ong\/ca\/#organization"},"potentialAction":[{"@type":"SearchAction","target":{"@type":"EntryPoint","urlTemplate":"https:\/\/abd.ong\/ca\/?s={search_term_string}"},"query-input":{"@type":"PropertyValueSpecification","valueRequired":true,"valueName":"search_term_string"}}],"inLanguage":"ca"},{"@type":"Organization","@id":"https:\/\/abd.ong\/ca\/#organization","name":"Associaci\u00f3 Benestar i Desenvolupament","alternateName":"ABD","url":"https:\/\/abd.ong\/ca\/","logo":{"@type":"ImageObject","inLanguage":"ca","@id":"https:\/\/abd.ong\/ca\/#\/schema\/logo\/image\/","url":"https:\/\/abd.ong\/wp-content\/uploads\/2023\/01\/Icona.png","contentUrl":"https:\/\/abd.ong\/wp-content\/uploads\/2023\/01\/Icona.png","width":190,"height":187,"caption":"Associaci\u00f3 Benestar i Desenvolupament"},"image":{"@id":"https:\/\/abd.ong\/ca\/#\/schema\/logo\/image\/"},"sameAs":["https:\/\/www.facebook.com\/abd.ong","https:\/\/x.com\/abd_ong","https:\/\/www.instagram.com\/abd_ong\/","https:\/\/www.linkedin.com\/company\/abdong","https:\/\/www.youtube.com\/user\/CANALABD"]},{"@type":"Person","@id":"https:\/\/abd.ong\/ca\/#\/schema\/person\/d0f5fe279a7ad908de6a6d1332bfd7d8","name":"Enric Guinart"}]}},"_links":{"self":[{"href":"https:\/\/abd.ong\/ca\/wp-json\/wp\/v2\/posts\/40973","targetHints":{"allow":["GET"]}}],"collection":[{"href":"https:\/\/abd.ong\/ca\/wp-json\/wp\/v2\/posts"}],"about":[{"href":"https:\/\/abd.ong\/ca\/wp-json\/wp\/v2\/types\/post"}],"author":[{"embeddable":true,"href":"https:\/\/abd.ong\/ca\/wp-json\/wp\/v2\/users\/2"}],"replies":[{"embeddable":true,"href":"https:\/\/abd.ong\/ca\/wp-json\/wp\/v2\/comments?post=40973"}],"version-history":[{"count":3,"href":"https:\/\/abd.ong\/ca\/wp-json\/wp\/v2\/posts\/40973\/revisions"}],"predecessor-version":[{"id":40989,"href":"https:\/\/abd.ong\/ca\/wp-json\/wp\/v2\/posts\/40973\/revisions\/40989"}],"wp:featuredmedia":[{"embeddable":true,"href":"https:\/\/abd.ong\/ca\/wp-json\/wp\/v2\/media\/14666"}],"wp:attachment":[{"href":"https:\/\/abd.ong\/ca\/wp-json\/wp\/v2\/media?parent=40973"}],"wp:term":[{"taxonomy":"category","embeddable":true,"href":"https:\/\/abd.ong\/ca\/wp-json\/wp\/v2\/categories?post=40973"},{"taxonomy":"post_tag","embeddable":true,"href":"https:\/\/abd.ong\/ca\/wp-json\/wp\/v2\/tags?post=40973"}],"curies":[{"name":"wp","href":"https:\/\/api.w.org\/{rel}","templated":true}]}}