{"id":39806,"date":"2022-12-02T10:31:34","date_gmt":"2022-12-02T09:31:34","guid":{"rendered":"https:\/\/abd.ong\/sense-categoria\/abd-energy-control-reben-el-premi-de-voluntariat-del-govern-de-les-balears\/"},"modified":"2022-12-28T13:14:50","modified_gmt":"2022-12-28T12:14:50","slug":"abd-energy-control-reben-el-premi-de-voluntariat-del-govern-de-les-balears","status":"publish","type":"post","link":"https:\/\/abd.ong\/ca\/voluntariat\/abd-energy-control-reben-el-premi-de-voluntariat-del-govern-de-les-balears\/","title":{"rendered":"ABD-Energy Control reben el premi de Voluntariat del govern de les Balears"},"content":{"rendered":"\n<p><em>&#8220;Energy Control Balears&#8221; va rebre el Premi Olivera, que reconeix la tasca d&#8217;una entitat de voluntariat a Mallorca<\/em><\/p>\n\n\n\n<p>L&#8217;<a href=\"https:\/\/abd.ong\/ca\/\" target=\"_blank\" rel=\"noopener\">Associaci\u00f3 Benestar i Desenvolupament<\/a> i el seu programa <a href=\"https:\/\/energycontrol.org\/\" target=\"_blank\" rel=\"noopener\">Energy Control<\/a> Balears van rebre aquest dijous el <strong>Premi Olivera<\/strong>, que reconeix la tasca d&#8217;<strong>una entitat de voluntariat a Mallorca<\/strong>. Els premis de Voluntariat de les Illes Balears, impulsats per la Vicepresid\u00e8ncia del Govern i Conselleria de Transici\u00f3 Energ\u00e8tica, Sectors Productius i Mem\u00f2ria Democr\u00e0tica, des de la Direcci\u00f3 General de Participaci\u00f3, Transpar\u00e8ncia i Voluntariat, tenen l&#8217;objectiu de <strong>recon\u00e8ixer i fomentar la tasca de les entitats de voluntariat<\/strong> que desenvolupen la seva activitat en la comunitat aut\u00f2noma de les Illes Balears.<\/p>\n\n\n\n<p><strong>Energy Control<\/strong> \u00e9s un programa d&#8217;ABD dedicat en la reducci\u00f3 de riscos i gesti\u00f3 de plaers en l&#8217;\u00e0mbit dels consums recreatius de subst\u00e0ncies, nascut a Barcelona el 1997 com a projecte pioner a Espanya, que sobretot at\u00e9n persones joves i adultes que consumeixen o no subst\u00e0ncies, que freq\u00fcenten els espais d&#8217;oci, principalment nocturns. Les seves <strong><a href=\"https:\/\/energycontrol.org\/voluntariado\/\" target=\"_blank\" rel=\"noopener\">iniciatives de voluntariat<\/a> tenen lloc a Barcelona, Madrid, Andalusia i Balears<\/strong>. Durant el lliurament de premis, la coordinadora de la Delegaci\u00f3 de Balears d&#8217;Energy Control, <strong>Alicia Bustos Vargas<\/strong>, va agrair a les persones volunt\u00e0ries de Balears la seva <strong>&#8220;il\u00b7lusi\u00f3, motivaci\u00f3 i energia&#8221;<\/strong>, aix\u00ed com a l&#8217;equip t\u00e8cnic per acompanyar-los en la seva labor. A la cerim\u00f2nia tamb\u00e9 va assistir el director de l&#8217;\u00e0rea de Drogues de l&#8217;entitat, <strong>Josep Rovira<\/strong>.<\/p>\n\n\n\n<p>&#8220;Fa gaireb\u00e9 tres anys que el Govern de les Illes Balears va recollir la reivindicaci\u00f3 del sector de la nostra comunitat que, amb bon criteri, plantejava que era necessari fer un reconeixement a les entitats de les quatre illes que ofereixen el seu treball desinteressat, el seu temps i la seva il\u00b7lusi\u00f3 per a ajudar al fet que aquest m\u00f3n sigui una mica millor&#8221;, ha recordat el secretari auton\u00f2mic de Sectors Productius i Mem\u00f2ria Democr\u00e0tica del Govern, Jes\u00fas Jurado, que presidia la gala celebrada a Formentera.<\/p>\n\n\n\n<p>A lo largo del acto, que ha contado con la presencia de la directora general de Participaci\u00f3n, Transparencia y Voluntariado del Gobierno belear, Marina Cresp\u00ed; el director general de Relaciones Institucionales y Cooperaci\u00f3n Local del Gobierno balear, Francesc Miralles; la directora insular de Vivienda, Participaci\u00f3n Ciudadana y Voluntariado de Menorca, Roser Rom\u00e1n; y el vicepresidente tercero y consejero de Bienestar Social, Gerencia, Vivienda y Transparencia del Consejo Insular de Formentera, Rafael Ram\u00edrez, entre otros, las autoridades libraron los Premios Auton\u00f3micos del Voluntariado 2022, unos premios que, seg\u00fan explic\u00f3 Cresp\u00ed, \u00abtienen en cuenta la idiosincrasia y el tejido voluntario de cada isla\u00bb, motivo por el cual hay diferentes distinciones para cada una de ellas:<\/p>\n\n\n\n<p><strong>Premi Tamarell (Menorca):<\/strong> C\u00e0ritas Diocesana de Menorca, pel programa \u00abInf\u00e0ncia i Joventut\/Refor\u00e7 Escolar\u00bb<\/p>\n\n\n\n<p><strong>Premi Olivera (Mallorca):<\/strong> Associaci\u00f3 Benestar i Desenvolupament (ABD), pel programa \u00abEnergy Control Balears\u00bb<\/p>\n\n\n\n<p><strong>Premi Savina (Formentera)<\/strong>: Acci\u00f3 Francisco Formentera, pel programa \u00abVoluntariat al refugi de gats es Torrent\u00bb<\/p>\n\n\n\n<figure class=\"wp-block-image size-large\"><img fetchpriority=\"high\" decoding=\"async\" width=\"1024\" height=\"576\" src=\"https:\/\/abd.ong\/wp-content\/uploads\/2022\/12\/Energy-Control-Mallorca-2-1024x576.jpeg\" alt=\"\" class=\"wp-image-39790\" srcset=\"https:\/\/abd.ong\/wp-content\/uploads\/2022\/12\/Energy-Control-Mallorca-2-1024x576.jpeg 1024w, https:\/\/abd.ong\/wp-content\/uploads\/2022\/12\/Energy-Control-Mallorca-2-300x169.jpeg 300w, https:\/\/abd.ong\/wp-content\/uploads\/2022\/12\/Energy-Control-Mallorca-2-768x432.jpeg 768w, https:\/\/abd.ong\/wp-content\/uploads\/2022\/12\/Energy-Control-Mallorca-2-1536x864.jpeg 1536w, https:\/\/abd.ong\/wp-content\/uploads\/2022\/12\/Energy-Control-Mallorca-2.jpeg 1600w\" sizes=\"(max-width: 1024px) 100vw, 1024px\" \/><\/figure>\n","protected":false},"excerpt":{"rendered":"<p>&#8220;Energy Control Balears&#8221; va rebre el Premi Olivera, que reconeix la tasca d&#8217;una entitat de voluntariat a Mallorca L&#8217;Associaci\u00f3 Benestar i Desenvolupament i el seu programa Energy Control Balears van&hellip;<\/p>\n","protected":false},"author":2,"featured_media":39785,"comment_status":"closed","ping_status":"closed","sticky":false,"template":"","format":"standard","meta":{"_acf_changed":false,"footnotes":""},"categories":[1301,83],"tags":[1897,119,675,124,3258,2451,129,118],"class_list":["post-39806","post","type-post","status-publish","format-standard","has-post-thumbnail","hentry","category-drogues-i-salut","category-voluntariat","tag-abd-2-ca","tag-abd","tag-asociacion-bienestar-y-desarrollo-ca","tag-associacio-benestar-desenvolupament","tag-balears","tag-energy-control-ca","tag-energy-control","tag-voluntariat"],"acf":[],"yoast_head":"<!-- This site is optimized with the Yoast SEO plugin v27.4 - https:\/\/yoast.com\/product\/yoast-seo-wordpress\/ -->\n<title>ABD-Energy Control reben el premi de Voluntariat del govern de les Balears - ABD<\/title>\n<meta name=\"description\" content=\"&quot;Energy Control Balears&quot; va rebre el Premi Olivera, que reconeix la tasca d&#039;una entitat de voluntariat a Mallorca L&#039;Associaci\u00f3 Benestar i Desenvolupament\" \/>\n<meta name=\"robots\" content=\"index, follow, max-snippet:-1, max-image-preview:large, max-video-preview:-1\" \/>\n<link rel=\"canonical\" href=\"https:\/\/abd.ong\/ca\/voluntariat\/abd-energy-control-reben-el-premi-de-voluntariat-del-govern-de-les-balears\/\" \/>\n<meta property=\"og:locale\" content=\"ca_ES\" \/>\n<meta property=\"og:type\" content=\"article\" \/>\n<meta property=\"og:title\" content=\"ABD-Energy Control reben el premi de Voluntariat del govern de les Balears - ABD\" \/>\n<meta property=\"og:description\" content=\"&quot;Energy Control Balears&quot; va rebre el Premi Olivera, que reconeix la tasca d&#039;una entitat de voluntariat a Mallorca L&#039;Associaci\u00f3 Benestar i Desenvolupament\" \/>\n<meta property=\"og:url\" content=\"https:\/\/abd.ong\/ca\/voluntariat\/abd-energy-control-reben-el-premi-de-voluntariat-del-govern-de-les-balears\/\" \/>\n<meta property=\"og:site_name\" content=\"ABD\" \/>\n<meta property=\"article:publisher\" content=\"https:\/\/www.facebook.com\/abd.ong\" \/>\n<meta property=\"article:published_time\" content=\"2022-12-02T09:31:34+00:00\" \/>\n<meta property=\"article:modified_time\" content=\"2022-12-28T12:14:50+00:00\" \/>\n<meta property=\"og:image\" content=\"https:\/\/abd.ong\/wp-content\/uploads\/2022\/12\/Energy-Control-Mallorca.jpeg\" \/>\n\t<meta property=\"og:image:width\" content=\"2048\" \/>\n\t<meta property=\"og:image:height\" content=\"1536\" \/>\n\t<meta property=\"og:image:type\" content=\"image\/jpeg\" \/>\n<meta name=\"author\" content=\"Enric Guinart\" \/>\n<meta name=\"twitter:card\" content=\"summary_large_image\" \/>\n<meta name=\"twitter:creator\" content=\"@abd_ong\" \/>\n<meta name=\"twitter:site\" content=\"@abd_ong\" \/>\n<meta name=\"twitter:label1\" content=\"Escrit per\" \/>\n\t<meta name=\"twitter:data1\" content=\"Enric Guinart\" \/>\n\t<meta name=\"twitter:label2\" content=\"Temps estimat de lectura\" \/>\n\t<meta name=\"twitter:data2\" content=\"3 minuts\" \/>\n<script type=\"application\/ld+json\" class=\"yoast-schema-graph\">{\"@context\":\"https:\\\/\\\/schema.org\",\"@graph\":[{\"@type\":\"Article\",\"@id\":\"https:\\\/\\\/abd.ong\\\/ca\\\/voluntariat\\\/abd-energy-control-reben-el-premi-de-voluntariat-del-govern-de-les-balears\\\/#article\",\"isPartOf\":{\"@id\":\"https:\\\/\\\/abd.ong\\\/ca\\\/voluntariat\\\/abd-energy-control-reben-el-premi-de-voluntariat-del-govern-de-les-balears\\\/\"},\"author\":{\"name\":\"Enric Guinart\",\"@id\":\"https:\\\/\\\/abd.ong\\\/ca\\\/#\\\/schema\\\/person\\\/d0f5fe279a7ad908de6a6d1332bfd7d8\"},\"headline\":\"ABD-Energy Control reben el premi de Voluntariat del govern de les Balears\",\"datePublished\":\"2022-12-02T09:31:34+00:00\",\"dateModified\":\"2022-12-28T12:14:50+00:00\",\"mainEntityOfPage\":{\"@id\":\"https:\\\/\\\/abd.ong\\\/ca\\\/voluntariat\\\/abd-energy-control-reben-el-premi-de-voluntariat-del-govern-de-les-balears\\\/\"},\"wordCount\":522,\"publisher\":{\"@id\":\"https:\\\/\\\/abd.ong\\\/ca\\\/#organization\"},\"image\":{\"@id\":\"https:\\\/\\\/abd.ong\\\/ca\\\/voluntariat\\\/abd-energy-control-reben-el-premi-de-voluntariat-del-govern-de-les-balears\\\/#primaryimage\"},\"thumbnailUrl\":\"https:\\\/\\\/abd.ong\\\/wp-content\\\/uploads\\\/2022\\\/12\\\/Energy-Control-Mallorca.jpeg\",\"keywords\":[\"ABD\",\"ABD\",\"Asociaci\u00f3n Bienestar y Desarrollo\",\"Associaci\u00f3 Benestar Desenvolupament\",\"Balears\",\"Energy Control\",\"Energy Control\",\"Voluntariat\"],\"articleSection\":[\"Drogues i salut\",\"Voluntariat\"],\"inLanguage\":\"ca\"},{\"@type\":\"WebPage\",\"@id\":\"https:\\\/\\\/abd.ong\\\/ca\\\/voluntariat\\\/abd-energy-control-reben-el-premi-de-voluntariat-del-govern-de-les-balears\\\/\",\"url\":\"https:\\\/\\\/abd.ong\\\/ca\\\/voluntariat\\\/abd-energy-control-reben-el-premi-de-voluntariat-del-govern-de-les-balears\\\/\",\"name\":\"ABD-Energy Control reben el premi de Voluntariat del govern de les Balears - ABD\",\"isPartOf\":{\"@id\":\"https:\\\/\\\/abd.ong\\\/ca\\\/#website\"},\"primaryImageOfPage\":{\"@id\":\"https:\\\/\\\/abd.ong\\\/ca\\\/voluntariat\\\/abd-energy-control-reben-el-premi-de-voluntariat-del-govern-de-les-balears\\\/#primaryimage\"},\"image\":{\"@id\":\"https:\\\/\\\/abd.ong\\\/ca\\\/voluntariat\\\/abd-energy-control-reben-el-premi-de-voluntariat-del-govern-de-les-balears\\\/#primaryimage\"},\"thumbnailUrl\":\"https:\\\/\\\/abd.ong\\\/wp-content\\\/uploads\\\/2022\\\/12\\\/Energy-Control-Mallorca.jpeg\",\"datePublished\":\"2022-12-02T09:31:34+00:00\",\"dateModified\":\"2022-12-28T12:14:50+00:00\",\"description\":\"\\\"Energy Control Balears\\\" va rebre el Premi Olivera, que reconeix la tasca d'una entitat de voluntariat a Mallorca L'Associaci\u00f3 Benestar i Desenvolupament\",\"breadcrumb\":{\"@id\":\"https:\\\/\\\/abd.ong\\\/ca\\\/voluntariat\\\/abd-energy-control-reben-el-premi-de-voluntariat-del-govern-de-les-balears\\\/#breadcrumb\"},\"inLanguage\":\"ca\",\"potentialAction\":[{\"@type\":\"ReadAction\",\"target\":[\"https:\\\/\\\/abd.ong\\\/ca\\\/voluntariat\\\/abd-energy-control-reben-el-premi-de-voluntariat-del-govern-de-les-balears\\\/\"]}]},{\"@type\":\"ImageObject\",\"inLanguage\":\"ca\",\"@id\":\"https:\\\/\\\/abd.ong\\\/ca\\\/voluntariat\\\/abd-energy-control-reben-el-premi-de-voluntariat-del-govern-de-les-balears\\\/#primaryimage\",\"url\":\"https:\\\/\\\/abd.ong\\\/wp-content\\\/uploads\\\/2022\\\/12\\\/Energy-Control-Mallorca.jpeg\",\"contentUrl\":\"https:\\\/\\\/abd.ong\\\/wp-content\\\/uploads\\\/2022\\\/12\\\/Energy-Control-Mallorca.jpeg\",\"width\":2048,\"height\":1536},{\"@type\":\"BreadcrumbList\",\"@id\":\"https:\\\/\\\/abd.ong\\\/ca\\\/voluntariat\\\/abd-energy-control-reben-el-premi-de-voluntariat-del-govern-de-les-balears\\\/#breadcrumb\",\"itemListElement\":[{\"@type\":\"ListItem\",\"position\":1,\"name\":\"Inici\",\"item\":\"https:\\\/\\\/abd.ong\\\/ca\\\/\"},{\"@type\":\"ListItem\",\"position\":2,\"name\":\"ABD-Energy Control reben el premi de Voluntariat del govern de les Balears\"}]},{\"@type\":\"WebSite\",\"@id\":\"https:\\\/\\\/abd.ong\\\/ca\\\/#website\",\"url\":\"https:\\\/\\\/abd.ong\\\/ca\\\/\",\"name\":\"ABD\",\"description\":\"Asociaci\u00f3n Bienestar y Desarrollo\",\"publisher\":{\"@id\":\"https:\\\/\\\/abd.ong\\\/ca\\\/#organization\"},\"potentialAction\":[{\"@type\":\"SearchAction\",\"target\":{\"@type\":\"EntryPoint\",\"urlTemplate\":\"https:\\\/\\\/abd.ong\\\/ca\\\/?s={search_term_string}\"},\"query-input\":{\"@type\":\"PropertyValueSpecification\",\"valueRequired\":true,\"valueName\":\"search_term_string\"}}],\"inLanguage\":\"ca\"},{\"@type\":\"Organization\",\"@id\":\"https:\\\/\\\/abd.ong\\\/ca\\\/#organization\",\"name\":\"Associaci\u00f3 Benestar i Desenvolupament\",\"alternateName\":\"ABD\",\"url\":\"https:\\\/\\\/abd.ong\\\/ca\\\/\",\"logo\":{\"@type\":\"ImageObject\",\"inLanguage\":\"ca\",\"@id\":\"https:\\\/\\\/abd.ong\\\/ca\\\/#\\\/schema\\\/logo\\\/image\\\/\",\"url\":\"https:\\\/\\\/abd.ong\\\/wp-content\\\/uploads\\\/2023\\\/01\\\/Icona.png\",\"contentUrl\":\"https:\\\/\\\/abd.ong\\\/wp-content\\\/uploads\\\/2023\\\/01\\\/Icona.png\",\"width\":190,\"height\":187,\"caption\":\"Associaci\u00f3 Benestar i Desenvolupament\"},\"image\":{\"@id\":\"https:\\\/\\\/abd.ong\\\/ca\\\/#\\\/schema\\\/logo\\\/image\\\/\"},\"sameAs\":[\"https:\\\/\\\/www.facebook.com\\\/abd.ong\",\"https:\\\/\\\/x.com\\\/abd_ong\",\"https:\\\/\\\/www.instagram.com\\\/abd_ong\\\/\",\"https:\\\/\\\/www.linkedin.com\\\/company\\\/abdong\",\"https:\\\/\\\/www.youtube.com\\\/user\\\/CANALABD\"]},{\"@type\":\"Person\",\"@id\":\"https:\\\/\\\/abd.ong\\\/ca\\\/#\\\/schema\\\/person\\\/d0f5fe279a7ad908de6a6d1332bfd7d8\",\"name\":\"Enric Guinart\"}]}<\/script>\n<!-- \/ Yoast SEO plugin. -->","yoast_head_json":{"title":"ABD-Energy Control reben el premi de Voluntariat del govern de les Balears - ABD","description":"\"Energy Control Balears\" va rebre el Premi Olivera, que reconeix la tasca d'una entitat de voluntariat a Mallorca L'Associaci\u00f3 Benestar i Desenvolupament","robots":{"index":"index","follow":"follow","max-snippet":"max-snippet:-1","max-image-preview":"max-image-preview:large","max-video-preview":"max-video-preview:-1"},"canonical":"https:\/\/abd.ong\/ca\/voluntariat\/abd-energy-control-reben-el-premi-de-voluntariat-del-govern-de-les-balears\/","og_locale":"ca_ES","og_type":"article","og_title":"ABD-Energy Control reben el premi de Voluntariat del govern de les Balears - ABD","og_description":"\"Energy Control Balears\" va rebre el Premi Olivera, que reconeix la tasca d'una entitat de voluntariat a Mallorca L'Associaci\u00f3 Benestar i Desenvolupament","og_url":"https:\/\/abd.ong\/ca\/voluntariat\/abd-energy-control-reben-el-premi-de-voluntariat-del-govern-de-les-balears\/","og_site_name":"ABD","article_publisher":"https:\/\/www.facebook.com\/abd.ong","article_published_time":"2022-12-02T09:31:34+00:00","article_modified_time":"2022-12-28T12:14:50+00:00","og_image":[{"width":2048,"height":1536,"url":"https:\/\/abd.ong\/wp-content\/uploads\/2022\/12\/Energy-Control-Mallorca.jpeg","type":"image\/jpeg"}],"author":"Enric Guinart","twitter_card":"summary_large_image","twitter_creator":"@abd_ong","twitter_site":"@abd_ong","twitter_misc":{"Escrit per":"Enric Guinart","Temps estimat de lectura":"3 minuts"},"schema":{"@context":"https:\/\/schema.org","@graph":[{"@type":"Article","@id":"https:\/\/abd.ong\/ca\/voluntariat\/abd-energy-control-reben-el-premi-de-voluntariat-del-govern-de-les-balears\/#article","isPartOf":{"@id":"https:\/\/abd.ong\/ca\/voluntariat\/abd-energy-control-reben-el-premi-de-voluntariat-del-govern-de-les-balears\/"},"author":{"name":"Enric Guinart","@id":"https:\/\/abd.ong\/ca\/#\/schema\/person\/d0f5fe279a7ad908de6a6d1332bfd7d8"},"headline":"ABD-Energy Control reben el premi de Voluntariat del govern de les Balears","datePublished":"2022-12-02T09:31:34+00:00","dateModified":"2022-12-28T12:14:50+00:00","mainEntityOfPage":{"@id":"https:\/\/abd.ong\/ca\/voluntariat\/abd-energy-control-reben-el-premi-de-voluntariat-del-govern-de-les-balears\/"},"wordCount":522,"publisher":{"@id":"https:\/\/abd.ong\/ca\/#organization"},"image":{"@id":"https:\/\/abd.ong\/ca\/voluntariat\/abd-energy-control-reben-el-premi-de-voluntariat-del-govern-de-les-balears\/#primaryimage"},"thumbnailUrl":"https:\/\/abd.ong\/wp-content\/uploads\/2022\/12\/Energy-Control-Mallorca.jpeg","keywords":["ABD","ABD","Asociaci\u00f3n Bienestar y Desarrollo","Associaci\u00f3 Benestar Desenvolupament","Balears","Energy Control","Energy Control","Voluntariat"],"articleSection":["Drogues i salut","Voluntariat"],"inLanguage":"ca"},{"@type":"WebPage","@id":"https:\/\/abd.ong\/ca\/voluntariat\/abd-energy-control-reben-el-premi-de-voluntariat-del-govern-de-les-balears\/","url":"https:\/\/abd.ong\/ca\/voluntariat\/abd-energy-control-reben-el-premi-de-voluntariat-del-govern-de-les-balears\/","name":"ABD-Energy Control reben el premi de Voluntariat del govern de les Balears - ABD","isPartOf":{"@id":"https:\/\/abd.ong\/ca\/#website"},"primaryImageOfPage":{"@id":"https:\/\/abd.ong\/ca\/voluntariat\/abd-energy-control-reben-el-premi-de-voluntariat-del-govern-de-les-balears\/#primaryimage"},"image":{"@id":"https:\/\/abd.ong\/ca\/voluntariat\/abd-energy-control-reben-el-premi-de-voluntariat-del-govern-de-les-balears\/#primaryimage"},"thumbnailUrl":"https:\/\/abd.ong\/wp-content\/uploads\/2022\/12\/Energy-Control-Mallorca.jpeg","datePublished":"2022-12-02T09:31:34+00:00","dateModified":"2022-12-28T12:14:50+00:00","description":"\"Energy Control Balears\" va rebre el Premi Olivera, que reconeix la tasca d'una entitat de voluntariat a Mallorca L'Associaci\u00f3 Benestar i Desenvolupament","breadcrumb":{"@id":"https:\/\/abd.ong\/ca\/voluntariat\/abd-energy-control-reben-el-premi-de-voluntariat-del-govern-de-les-balears\/#breadcrumb"},"inLanguage":"ca","potentialAction":[{"@type":"ReadAction","target":["https:\/\/abd.ong\/ca\/voluntariat\/abd-energy-control-reben-el-premi-de-voluntariat-del-govern-de-les-balears\/"]}]},{"@type":"ImageObject","inLanguage":"ca","@id":"https:\/\/abd.ong\/ca\/voluntariat\/abd-energy-control-reben-el-premi-de-voluntariat-del-govern-de-les-balears\/#primaryimage","url":"https:\/\/abd.ong\/wp-content\/uploads\/2022\/12\/Energy-Control-Mallorca.jpeg","contentUrl":"https:\/\/abd.ong\/wp-content\/uploads\/2022\/12\/Energy-Control-Mallorca.jpeg","width":2048,"height":1536},{"@type":"BreadcrumbList","@id":"https:\/\/abd.ong\/ca\/voluntariat\/abd-energy-control-reben-el-premi-de-voluntariat-del-govern-de-les-balears\/#breadcrumb","itemListElement":[{"@type":"ListItem","position":1,"name":"Inici","item":"https:\/\/abd.ong\/ca\/"},{"@type":"ListItem","position":2,"name":"ABD-Energy Control reben el premi de Voluntariat del govern de les Balears"}]},{"@type":"WebSite","@id":"https:\/\/abd.ong\/ca\/#website","url":"https:\/\/abd.ong\/ca\/","name":"ABD","description":"Asociaci\u00f3n Bienestar y Desarrollo","publisher":{"@id":"https:\/\/abd.ong\/ca\/#organization"},"potentialAction":[{"@type":"SearchAction","target":{"@type":"EntryPoint","urlTemplate":"https:\/\/abd.ong\/ca\/?s={search_term_string}"},"query-input":{"@type":"PropertyValueSpecification","valueRequired":true,"valueName":"search_term_string"}}],"inLanguage":"ca"},{"@type":"Organization","@id":"https:\/\/abd.ong\/ca\/#organization","name":"Associaci\u00f3 Benestar i Desenvolupament","alternateName":"ABD","url":"https:\/\/abd.ong\/ca\/","logo":{"@type":"ImageObject","inLanguage":"ca","@id":"https:\/\/abd.ong\/ca\/#\/schema\/logo\/image\/","url":"https:\/\/abd.ong\/wp-content\/uploads\/2023\/01\/Icona.png","contentUrl":"https:\/\/abd.ong\/wp-content\/uploads\/2023\/01\/Icona.png","width":190,"height":187,"caption":"Associaci\u00f3 Benestar i Desenvolupament"},"image":{"@id":"https:\/\/abd.ong\/ca\/#\/schema\/logo\/image\/"},"sameAs":["https:\/\/www.facebook.com\/abd.ong","https:\/\/x.com\/abd_ong","https:\/\/www.instagram.com\/abd_ong\/","https:\/\/www.linkedin.com\/company\/abdong","https:\/\/www.youtube.com\/user\/CANALABD"]},{"@type":"Person","@id":"https:\/\/abd.ong\/ca\/#\/schema\/person\/d0f5fe279a7ad908de6a6d1332bfd7d8","name":"Enric Guinart"}]}},"_links":{"self":[{"href":"https:\/\/abd.ong\/ca\/wp-json\/wp\/v2\/posts\/39806","targetHints":{"allow":["GET"]}}],"collection":[{"href":"https:\/\/abd.ong\/ca\/wp-json\/wp\/v2\/posts"}],"about":[{"href":"https:\/\/abd.ong\/ca\/wp-json\/wp\/v2\/types\/post"}],"author":[{"embeddable":true,"href":"https:\/\/abd.ong\/ca\/wp-json\/wp\/v2\/users\/2"}],"replies":[{"embeddable":true,"href":"https:\/\/abd.ong\/ca\/wp-json\/wp\/v2\/comments?post=39806"}],"version-history":[{"count":3,"href":"https:\/\/abd.ong\/ca\/wp-json\/wp\/v2\/posts\/39806\/revisions"}],"predecessor-version":[{"id":39810,"href":"https:\/\/abd.ong\/ca\/wp-json\/wp\/v2\/posts\/39806\/revisions\/39810"}],"wp:featuredmedia":[{"embeddable":true,"href":"https:\/\/abd.ong\/ca\/wp-json\/wp\/v2\/media\/39785"}],"wp:attachment":[{"href":"https:\/\/abd.ong\/ca\/wp-json\/wp\/v2\/media?parent=39806"}],"wp:term":[{"taxonomy":"category","embeddable":true,"href":"https:\/\/abd.ong\/ca\/wp-json\/wp\/v2\/categories?post=39806"},{"taxonomy":"post_tag","embeddable":true,"href":"https:\/\/abd.ong\/ca\/wp-json\/wp\/v2\/tags?post=39806"}],"curies":[{"name":"wp","href":"https:\/\/api.w.org\/{rel}","templated":true}]}}