{"id":39525,"date":"2022-11-28T13:15:26","date_gmt":"2022-11-28T12:15:26","guid":{"rendered":"https:\/\/abd.ong\/?p=39525"},"modified":"2022-11-28T13:35:43","modified_gmt":"2022-11-28T12:35:43","slug":"abd-als-mitjans-de-comunicacio-al-novembre-4","status":"publish","type":"post","link":"https:\/\/abd.ong\/ca\/general-ca\/abd-als-mitjans-de-comunicacio-al-novembre-4\/","title":{"rendered":"ABD als mitjans de comunicaci\u00f3 al novembre"},"content":{"rendered":"\n<p><span style=\"font-weight: 400;\">L\u2019<\/span><a href=\"https:\/\/abd.ong\/ca\/\" target=\"_blank\" rel=\"noopener\"><b>Associaci\u00f3 Benestar i Desenvolupament (ABD)<\/b><\/a><span style=\"font-weight: 400;\"> ha estat present en els mitjans de comunicaci\u00f3 durant aquest mes de novembre. A continuaci\u00f3, el resum de premsa de les not\u00edcies, articles i reportatges en els quals hem participat com a entitat<\/span><\/p>\n\n\n\n<div style=\"height:30px\" aria-hidden=\"true\" class=\"wp-block-spacer\"><\/div>\n\n\n\n<p><strong>02\/11\/2022 &#8211; 20 minutos<\/strong><\/p>\n\n\n\n<p><em><strong>El programa&nbsp;<span class=\"hiddenSpellError\">Cut<\/span>&nbsp;All Ties va dirigit a abordar la viol\u00e8ncia de g\u00e8nere a trav\u00e9s d&#8217;un programa de formaci\u00f3 basat en la ludificaci\u00f3 i les noves tecnologies. Tamb\u00e9 va enfocat a formar als docents,<\/strong> pe\u00e7a clau en el desenvolupament de l&#8217;adolesc\u00e8ncia pel temps que passen amb els adolescents i la capacitat que tenen de prevenir i detectar conductes de risc.<\/em><\/p>\n\n\n\n<p><a href=\"https:\/\/www.20minutos.es\/noticia\/5072160\/0\/los-adolescentes-reclaman-mas-educacion-sexual-y-contra-la-violencia-de-genero-todo-lo-que-se-lo-he-encontrado-por-mi-misma\/\" target=\"_blank\" rel=\"noopener\">&#8220;Els adolescents reclamen m\u00e9s educaci\u00f3 sexual i contra la viol\u00e8ncia de g\u00e8nere: &#8220;Tot el que s\u00e9, ho he trobat per mi mateixa&#8221;<\/a><\/p>\n\n\n\n<p><\/p>\n\n\n\n<p><strong>07\/11\/22 -El Peri\u00f3dico <\/strong><\/p>\n\n\n\n<p id=\"m152-151-153\"><em>&#8220;Ens <strong>preocupa<\/strong> l&#8217;adulteraci\u00f3 del MDMA i sobretot enguany. Ho estem veient en tota Espanya. No sabem encara les <strong>conseq\u00fc\u00e8ncies<\/strong>. Les adulteracions que hem detectat s\u00f3n de<strong> baix risc<\/strong>, hem vist cafe\u00efna, algunes pastilles amb amfetamina&#8230; El problema \u00e9s que, en augmentar l&#8217;adulteraci\u00f3, s\u00ed que pot apar\u00e8ixer alguna subst\u00e0ncia de <strong>major risc<\/strong> que el MDMA&#8221;.<\/em><\/p>\n\n\n\n<p><em>Reportatge amb declaracions del director d&#8217;<a href=\"https:\/\/energycontrol.org\/\" target=\"_blank\" rel=\"noreferrer noopener\">Energy Control<\/a>, Claudio Vidal. <\/em><\/p>\n\n\n\n<p><a href=\"https:\/\/www.elperiodico.com\/es\/sanidad\/20221107\/alerta-consumo-extasis-fake-jovenes-mdma-78127971\" target=\"_blank\" rel=\"noopener\">Alerta pel consum d&#8217;\u00e8xtasi &#8216;fake&#8217; entre els joves espanyols<\/a><\/p>\n\n\n\n<p><\/p>\n\n\n\n<p><strong>12\/11\/2022 &#8211; Europa Press<\/strong><\/p>\n\n\n\n<p><em>M\u00e9s de 30 entitats i institucions, entre elles Energy Control, han fet front com\u00fa per a lluitar contra les addiccions, amb la constituci\u00f3, a Palma, de la comissi\u00f3 estrat\u00e8gica del <strong>Pla Estrat\u00e8gic Municipal de Prevenci\u00f3 de les Addiccions 2022-2026<\/strong> (Pempa), que tindr\u00e0 com a tasca impulsar accions conjuntes de manera preventiva, cooperar i consolidar el Pempa, promoure espais de participaci\u00f3, aix\u00ed com assessorar i avaluar el Pla.<\/em>\r\n\r\n<a href=\"https:\/\/www.europapress.es\/illes-balears\/noticia-mas-30-entidades-instituciones-hacen-frente-comun-luchar-contra-adicciones-palma-20221112121048.html\" target=\"_blank\" rel=\"noopener\">M\u00e9s de 30 entitats i institucions fan front com\u00fa per a lluitar contra les addiccions a Palma<\/a><\/p>\n\n\n\n<p><\/p>\n\n\n\n<p><strong>14\/11\/2022 &#8211; TV3<\/strong><\/p>\n\n\n\n<p><em>La majoria no \u00e9s conscient que si l&#8217;ab\u00fas es converteix en malaltia&nbsp;<span class=\"hiddenGreenError\" style=\"padding-bottom: 2px; background-image: url('..\/..\/..\/..\/..\/images\/squiggle_green.png'); background-repeat: repeat-x; background-position: left bottom; cursor: default; color: #000000; font-family: 'Open Sans', Helvetica, Arial, sans-serif; font-size: 16px; font-variant-ligatures: normal; font-variant-caps: normal; font-weight: 300; letter-spacing: normal; orphans: 2; text-align: start; text-indent: 0px; text-transform: none; white-space: normal; widows: 2; word-spacing: 0px; -webkit-text-stroke-width: 0px; text-decoration-thickness: initial; text-decoration-style: initial; text-decoration-color: initial;\">ser\u00e0<\/span>&nbsp;per tota la vida, alerta la doctora Mar Torrella Gil, psic\u00f2loga del CAS Horta de Barcelona, que avisa que<strong> el problema no \u00e9s nom\u00e9s la quantitat d&#8217;alcohol que es beu, sin\u00f3 el perqu\u00e8 es fa<\/strong>: &#8220;Tenir una depend\u00e8ncia a l&#8217;alcohol no \u00e9s m\u00e9s per la quantitat de consum, \u00e9s m\u00e9s per la necessitat, per la funcionalitat que aquest consum t\u00e9&#8221;.<\/em><\/p>\n\n\n\n<p><em>Reportatge en el qual interv\u00e9 la doctora Mar Torrella Gil, psic\u00f2loga del CAS Horta de Barcelona, gestionat per ABD.<\/em><\/p>\n\n\n\n<p><a href=\"https:\/\/www.ccma.cat\/324\/mes-risc-dalcoholisme-a-barcelona-es-duplica-el-consum-entre-dones-i-joves\/noticia\/3195864\/\" target=\"_blank\" rel=\"noopener\">M\u00e9s risc d&#8217;alcoholisme a Barcelona: es duplica el consum entre dones i joves<\/a><\/p>\n\n\n\n<p><\/p>\n\n\n\n<p><strong>14\/11\/22 &#8211; El Peri\u00f3dico<\/strong><\/p>\n\n\n\n<p><\/p>\n\n\n\n<p><em>En l&#8217;alcoholisme tamb\u00e9 hi ha r<strong>ols de g\u00e8nere<\/strong>: la dona, per vergonya, sol beure en solitari. Aix\u00f2, sovint, les porta a <strong>no demanar ajuda<\/strong>. &#8220;Al CAS Hora les dones venen soles, mentre que els homes venen acompanyats&#8221;, destaca la doctora Mar Torrella Gil, psic\u00f2loga del CAS Horta de Barcelona.<\/em><\/p>\n\n\n\n<p><em>Reportatge en el qual parla la doctora Mar Torrella Gil, psic\u00f2loga del CAS Horta de Barcelona, gestionat per ABD.<\/em><\/p>\n\n\n\n<p><a href=\"https:\/\/www.elperiodico.com\/es\/sanidad\/20221114\/aumenta-consumo-riesgo-compulsivo-alcohol-barcelona-78520797\" target=\"_blank\" rel=\"noopener\">Augmenta el consum de risc i compulsiu d&#8217;alcohol a Barcelona<\/a><\/p>\n\n\n\n<p><strong>17\/11\/22 &#8211; La Vanguardia<\/strong><\/p>\n\n\n\n<p><\/p>\n\n\n\n<p><em>\u201c<strong>A Catalunya tenim identitat de voluntariat. Soc optimista amb el Gran Recapte\u201d,<\/strong> ha agregat \u00c0ngels Guiteras, gerent de la Associaci\u00f3 Benestar i Desenvolupament (ABD), que, entre altres projectes, gestiona La Botiga del Prat, un supermercat que combina l&#8217;atenci\u00f3 aliment\u00e0ria a les persones sense recursos econ\u00f2mics amb itineraris d&#8217;inserci\u00f3 laboral.<\/em><\/p>\n\n\n\n<p><em>Not\u00edcia amb intervencions de la gerent d&#8217;ABD, \u00c0ngels Guiteras<\/em><\/p>\n\n\n\n<p><a href=\"https:\/\/www.lavanguardia.com\/local\/barcelona\/20221117\/8610677\/gran-recapte-busca-6-000-voluntarios-mas-volver-donacion-fisica.html\" target=\"_blank\" rel=\"noopener\">El Gran Recapte busca 6.000 voluntaris m\u00e9s per retornar a la donaci\u00f3 f\u00edsica d&#8217;aliments<\/a><\/p>\n\n\n\n<p><strong>22\/11\/22 &#8211; Cinco D\u00edas<\/strong><\/p>\n\n\n\n<p><\/p>\n\n\n\n<p><em>L&#8217;Associaci\u00f3 Madrilenya de Mediadors, que t\u00e9 com a prop\u00f2sit dignificar la figura del mediador en el desenvolupament de la seva professi\u00f3, lliurar\u00e0 a l&#8217;Associaci\u00f3 Benestar i Desenvolupament el Premi AMMI 2022 a la labor institucional en mediaci\u00f3 de la Comunitat de Madrid.<\/em><\/p>\n\n\n\n<p><a href=\"https:\/\/cincodias.elpais.com\/cincodias\/2022\/11\/22\/legal\/1669106504_027272.html\" target=\"_blank\" rel=\"noopener\">L&#8217;Associaci\u00f3 Madrilenya de Mediadors lliura els Premis AMMI 2022<\/a><\/p>\n\n\n\n<p><strong>21\/11\/22 &#8211; La Vanguardia<\/strong><\/p>\n\n\n\n<p><\/p>\n\n\n\n<p><em>Segons els pocs estudis existents en aquest \u00e0mbit, m\u00e9s del 60% de les dones drogodependents ha sofert viol\u00e8ncia sexual per part dels homes durant el seu per\u00edode de consum, aix\u00ed com abusos sexuals durant la seva inf\u00e0ncia i adolesc\u00e8ncia, un percentatge que, segons la vicepresidenta de la UNAD, Felisa P\u00e9rez, en l&#8217;\u00e0mbit internacional augmenta fins al 74% de les dones en tractament per ab\u00fas de subst\u00e0ncies.<\/em><\/p>\n\n\n\n<p><em>Not\u00edcia en la que parla la presidenta d&#8217;ABD i vicepresidenta de la UNAD, Felisa P\u00e9rez<\/em><\/p>\n\n\n\n<p><a href=\"https:\/\/www.lavanguardia.com\/vida\/20221121\/8616144\/unad-crea-observatorio-violencia-genero-adicciones-avanzar-deteccion-precoz.html\" target=\"_blank\" rel=\"noopener\">UNAD crea un Observatori de Viol\u00e8ncia de G\u00e8nere i Addiccions per a \u201cavan\u00e7ar\u201d en la seva detecci\u00f3 preco\u00e7<\/a><\/p>\n\n\n\n<p><strong>25\/11\/22 &#8211; ABC<\/strong><\/p>\n\n\n\n<p><\/p>\n\n\n\n<p><em>&#8220;Necessitem que l&#8217;educaci\u00f3 sexual estigui garantida en tots els cicles formatius d&#8217;una forma curricular i obligat\u00f2ria que no sigui un fet puntual d&#8217;abordatge dins dels centres educatius, sin\u00f3 que sigui una cosa que desenvolupi de forma continuada en els centres. <strong>L&#8217;educaci\u00f3 sexual \u00e9s un dret i al mateix temps \u00e9s una eina de transformaci\u00f3 social&#8221;<\/strong>.<\/em><\/p>\n\n\n\n<p><em>Entrevista a la responsable dels programes de Salut Sexual i VIH d&#8217;ABD, Aldana Men\u00e9ndez<\/em><\/p>\n\n\n\n<p><a href=\"https:\/\/www.abc.es\/sociedad\/ties-destaca-importancia-educacion-sexual-prevenir-violencias-20221125122749-vi.html?ref=https%3A%2F%2Fwww.google.com%2F\" target=\"_blank\" rel=\"noreferrer noopener\">&#8216;Cut all ties&#8217; destaca la import\u00e0ncia de l&#8217;educaci\u00f3 sexual per a prevenir viol\u00e8ncies<\/a><\/p>\n\n\n\n<p><\/p>\n","protected":false},"excerpt":{"rendered":"<p>L\u2019Associaci\u00f3 Benestar i Desenvolupament (ABD) ha estat present en els mitjans de comunicaci\u00f3 durant aquest mes de novembre. A continuaci\u00f3, el resum de premsa de les not\u00edcies, articles i reportatges&hellip;<\/p>\n","protected":false},"author":2,"featured_media":14666,"comment_status":"closed","ping_status":"closed","sticky":false,"template":"","format":"standard","meta":{"_acf_changed":false,"footnotes":""},"categories":[66],"tags":[119,675,2446,175,3132,2379,2299,2300,3131,2305],"class_list":["post-39525","post","type-post","status-publish","format-standard","has-post-thumbnail","hentry","category-general-ca","tag-abd","tag-asociacion-bienestar-y-desarrollo-ca","tag-consum-de-drogues-ca","tag-drogas-ca","tag-fentanil","tag-habitatge-ca","tag-mitjans-de-comunicacio-ca","tag-noticies-ca","tag-punxades","tag-violencia-masclista"],"acf":[],"yoast_head":"<!-- This site is optimized with the Yoast SEO plugin v27.4 - https:\/\/yoast.com\/product\/yoast-seo-wordpress\/ -->\n<title>ABD als mitjans de comunicaci\u00f3 al novembre - ABD<\/title>\n<meta name=\"description\" content=\"L\u2019Associaci\u00f3 Benestar i Desenvolupament (ABD) ha estat present en els mitjans de comunicaci\u00f3 durant aquest mes de novembre. A continuaci\u00f3, el resum de\" \/>\n<meta name=\"robots\" content=\"index, follow, max-snippet:-1, max-image-preview:large, max-video-preview:-1\" \/>\n<link rel=\"canonical\" href=\"https:\/\/abd.ong\/ca\/general-ca\/abd-als-mitjans-de-comunicacio-al-novembre-4\/\" \/>\n<meta property=\"og:locale\" content=\"ca_ES\" \/>\n<meta property=\"og:type\" content=\"article\" \/>\n<meta property=\"og:title\" content=\"ABD als mitjans de comunicaci\u00f3 al novembre - ABD\" \/>\n<meta property=\"og:description\" content=\"L\u2019Associaci\u00f3 Benestar i Desenvolupament (ABD) ha estat present en els mitjans de comunicaci\u00f3 durant aquest mes de novembre. A continuaci\u00f3, el resum de\" \/>\n<meta property=\"og:url\" content=\"https:\/\/abd.ong\/ca\/general-ca\/abd-als-mitjans-de-comunicacio-al-novembre-4\/\" \/>\n<meta property=\"og:site_name\" content=\"ABD\" \/>\n<meta property=\"article:publisher\" content=\"https:\/\/www.facebook.com\/abd.ong\" \/>\n<meta property=\"article:published_time\" content=\"2022-11-28T12:15:26+00:00\" \/>\n<meta property=\"article:modified_time\" content=\"2022-11-28T12:35:43+00:00\" \/>\n<meta property=\"og:image\" content=\"https:\/\/abd.ong\/wp-content\/uploads\/2020\/05\/old-tv-1149416_1920.jpg\" \/>\n\t<meta property=\"og:image:width\" content=\"1919\" \/>\n\t<meta property=\"og:image:height\" content=\"977\" \/>\n\t<meta property=\"og:image:type\" content=\"image\/jpeg\" \/>\n<meta name=\"author\" content=\"Enric Guinart\" \/>\n<meta name=\"twitter:card\" content=\"summary_large_image\" \/>\n<meta name=\"twitter:creator\" content=\"@abd_ong\" \/>\n<meta name=\"twitter:site\" content=\"@abd_ong\" \/>\n<meta name=\"twitter:label1\" content=\"Escrit per\" \/>\n\t<meta name=\"twitter:data1\" content=\"Enric Guinart\" \/>\n\t<meta name=\"twitter:label2\" content=\"Temps estimat de lectura\" \/>\n\t<meta name=\"twitter:data2\" content=\"4 minuts\" \/>\n<script type=\"application\/ld+json\" class=\"yoast-schema-graph\">{\"@context\":\"https:\\\/\\\/schema.org\",\"@graph\":[{\"@type\":\"Article\",\"@id\":\"https:\\\/\\\/abd.ong\\\/ca\\\/general-ca\\\/abd-als-mitjans-de-comunicacio-al-novembre-4\\\/#article\",\"isPartOf\":{\"@id\":\"https:\\\/\\\/abd.ong\\\/ca\\\/general-ca\\\/abd-als-mitjans-de-comunicacio-al-novembre-4\\\/\"},\"author\":{\"name\":\"Enric Guinart\",\"@id\":\"https:\\\/\\\/abd.ong\\\/ca\\\/#\\\/schema\\\/person\\\/d0f5fe279a7ad908de6a6d1332bfd7d8\"},\"headline\":\"ABD als mitjans de comunicaci\u00f3 al novembre\",\"datePublished\":\"2022-11-28T12:15:26+00:00\",\"dateModified\":\"2022-11-28T12:35:43+00:00\",\"mainEntityOfPage\":{\"@id\":\"https:\\\/\\\/abd.ong\\\/ca\\\/general-ca\\\/abd-als-mitjans-de-comunicacio-al-novembre-4\\\/\"},\"wordCount\":873,\"publisher\":{\"@id\":\"https:\\\/\\\/abd.ong\\\/ca\\\/#organization\"},\"image\":{\"@id\":\"https:\\\/\\\/abd.ong\\\/ca\\\/general-ca\\\/abd-als-mitjans-de-comunicacio-al-novembre-4\\\/#primaryimage\"},\"thumbnailUrl\":\"https:\\\/\\\/abd.ong\\\/wp-content\\\/uploads\\\/2020\\\/05\\\/old-tv-1149416_1920.jpg\",\"keywords\":[\"ABD\",\"Asociaci\u00f3n Bienestar y Desarrollo\",\"consum de drogues\",\"drogas\",\"fentanil\",\"habitatge\",\"Mitjans de comunicaci\u00f3\",\"not\u00edcies\",\"punxades\",\"viol\u00e8ncia masclista\"],\"articleSection\":[\"General\"],\"inLanguage\":\"ca\"},{\"@type\":\"WebPage\",\"@id\":\"https:\\\/\\\/abd.ong\\\/ca\\\/general-ca\\\/abd-als-mitjans-de-comunicacio-al-novembre-4\\\/\",\"url\":\"https:\\\/\\\/abd.ong\\\/ca\\\/general-ca\\\/abd-als-mitjans-de-comunicacio-al-novembre-4\\\/\",\"name\":\"ABD als mitjans de comunicaci\u00f3 al novembre - ABD\",\"isPartOf\":{\"@id\":\"https:\\\/\\\/abd.ong\\\/ca\\\/#website\"},\"primaryImageOfPage\":{\"@id\":\"https:\\\/\\\/abd.ong\\\/ca\\\/general-ca\\\/abd-als-mitjans-de-comunicacio-al-novembre-4\\\/#primaryimage\"},\"image\":{\"@id\":\"https:\\\/\\\/abd.ong\\\/ca\\\/general-ca\\\/abd-als-mitjans-de-comunicacio-al-novembre-4\\\/#primaryimage\"},\"thumbnailUrl\":\"https:\\\/\\\/abd.ong\\\/wp-content\\\/uploads\\\/2020\\\/05\\\/old-tv-1149416_1920.jpg\",\"datePublished\":\"2022-11-28T12:15:26+00:00\",\"dateModified\":\"2022-11-28T12:35:43+00:00\",\"description\":\"L\u2019Associaci\u00f3 Benestar i Desenvolupament (ABD) ha estat present en els mitjans de comunicaci\u00f3 durant aquest mes de novembre. A continuaci\u00f3, el resum de\",\"breadcrumb\":{\"@id\":\"https:\\\/\\\/abd.ong\\\/ca\\\/general-ca\\\/abd-als-mitjans-de-comunicacio-al-novembre-4\\\/#breadcrumb\"},\"inLanguage\":\"ca\",\"potentialAction\":[{\"@type\":\"ReadAction\",\"target\":[\"https:\\\/\\\/abd.ong\\\/ca\\\/general-ca\\\/abd-als-mitjans-de-comunicacio-al-novembre-4\\\/\"]}]},{\"@type\":\"ImageObject\",\"inLanguage\":\"ca\",\"@id\":\"https:\\\/\\\/abd.ong\\\/ca\\\/general-ca\\\/abd-als-mitjans-de-comunicacio-al-novembre-4\\\/#primaryimage\",\"url\":\"https:\\\/\\\/abd.ong\\\/wp-content\\\/uploads\\\/2020\\\/05\\\/old-tv-1149416_1920.jpg\",\"contentUrl\":\"https:\\\/\\\/abd.ong\\\/wp-content\\\/uploads\\\/2020\\\/05\\\/old-tv-1149416_1920.jpg\",\"width\":1919,\"height\":977,\"caption\":\"medios de comunicaci\u00f3n\"},{\"@type\":\"BreadcrumbList\",\"@id\":\"https:\\\/\\\/abd.ong\\\/ca\\\/general-ca\\\/abd-als-mitjans-de-comunicacio-al-novembre-4\\\/#breadcrumb\",\"itemListElement\":[{\"@type\":\"ListItem\",\"position\":1,\"name\":\"Inici\",\"item\":\"https:\\\/\\\/abd.ong\\\/ca\\\/\"},{\"@type\":\"ListItem\",\"position\":2,\"name\":\"ABD als mitjans de comunicaci\u00f3 al novembre\"}]},{\"@type\":\"WebSite\",\"@id\":\"https:\\\/\\\/abd.ong\\\/ca\\\/#website\",\"url\":\"https:\\\/\\\/abd.ong\\\/ca\\\/\",\"name\":\"ABD\",\"description\":\"Asociaci\u00f3n Bienestar y Desarrollo\",\"publisher\":{\"@id\":\"https:\\\/\\\/abd.ong\\\/ca\\\/#organization\"},\"potentialAction\":[{\"@type\":\"SearchAction\",\"target\":{\"@type\":\"EntryPoint\",\"urlTemplate\":\"https:\\\/\\\/abd.ong\\\/ca\\\/?s={search_term_string}\"},\"query-input\":{\"@type\":\"PropertyValueSpecification\",\"valueRequired\":true,\"valueName\":\"search_term_string\"}}],\"inLanguage\":\"ca\"},{\"@type\":\"Organization\",\"@id\":\"https:\\\/\\\/abd.ong\\\/ca\\\/#organization\",\"name\":\"Associaci\u00f3 Benestar i Desenvolupament\",\"alternateName\":\"ABD\",\"url\":\"https:\\\/\\\/abd.ong\\\/ca\\\/\",\"logo\":{\"@type\":\"ImageObject\",\"inLanguage\":\"ca\",\"@id\":\"https:\\\/\\\/abd.ong\\\/ca\\\/#\\\/schema\\\/logo\\\/image\\\/\",\"url\":\"https:\\\/\\\/abd.ong\\\/wp-content\\\/uploads\\\/2023\\\/01\\\/Icona.png\",\"contentUrl\":\"https:\\\/\\\/abd.ong\\\/wp-content\\\/uploads\\\/2023\\\/01\\\/Icona.png\",\"width\":190,\"height\":187,\"caption\":\"Associaci\u00f3 Benestar i Desenvolupament\"},\"image\":{\"@id\":\"https:\\\/\\\/abd.ong\\\/ca\\\/#\\\/schema\\\/logo\\\/image\\\/\"},\"sameAs\":[\"https:\\\/\\\/www.facebook.com\\\/abd.ong\",\"https:\\\/\\\/x.com\\\/abd_ong\",\"https:\\\/\\\/www.instagram.com\\\/abd_ong\\\/\",\"https:\\\/\\\/www.linkedin.com\\\/company\\\/abdong\",\"https:\\\/\\\/www.youtube.com\\\/user\\\/CANALABD\"]},{\"@type\":\"Person\",\"@id\":\"https:\\\/\\\/abd.ong\\\/ca\\\/#\\\/schema\\\/person\\\/d0f5fe279a7ad908de6a6d1332bfd7d8\",\"name\":\"Enric Guinart\"}]}<\/script>\n<!-- \/ Yoast SEO plugin. -->","yoast_head_json":{"title":"ABD als mitjans de comunicaci\u00f3 al novembre - ABD","description":"L\u2019Associaci\u00f3 Benestar i Desenvolupament (ABD) ha estat present en els mitjans de comunicaci\u00f3 durant aquest mes de novembre. A continuaci\u00f3, el resum de","robots":{"index":"index","follow":"follow","max-snippet":"max-snippet:-1","max-image-preview":"max-image-preview:large","max-video-preview":"max-video-preview:-1"},"canonical":"https:\/\/abd.ong\/ca\/general-ca\/abd-als-mitjans-de-comunicacio-al-novembre-4\/","og_locale":"ca_ES","og_type":"article","og_title":"ABD als mitjans de comunicaci\u00f3 al novembre - ABD","og_description":"L\u2019Associaci\u00f3 Benestar i Desenvolupament (ABD) ha estat present en els mitjans de comunicaci\u00f3 durant aquest mes de novembre. A continuaci\u00f3, el resum de","og_url":"https:\/\/abd.ong\/ca\/general-ca\/abd-als-mitjans-de-comunicacio-al-novembre-4\/","og_site_name":"ABD","article_publisher":"https:\/\/www.facebook.com\/abd.ong","article_published_time":"2022-11-28T12:15:26+00:00","article_modified_time":"2022-11-28T12:35:43+00:00","og_image":[{"width":1919,"height":977,"url":"https:\/\/abd.ong\/wp-content\/uploads\/2020\/05\/old-tv-1149416_1920.jpg","type":"image\/jpeg"}],"author":"Enric Guinart","twitter_card":"summary_large_image","twitter_creator":"@abd_ong","twitter_site":"@abd_ong","twitter_misc":{"Escrit per":"Enric Guinart","Temps estimat de lectura":"4 minuts"},"schema":{"@context":"https:\/\/schema.org","@graph":[{"@type":"Article","@id":"https:\/\/abd.ong\/ca\/general-ca\/abd-als-mitjans-de-comunicacio-al-novembre-4\/#article","isPartOf":{"@id":"https:\/\/abd.ong\/ca\/general-ca\/abd-als-mitjans-de-comunicacio-al-novembre-4\/"},"author":{"name":"Enric Guinart","@id":"https:\/\/abd.ong\/ca\/#\/schema\/person\/d0f5fe279a7ad908de6a6d1332bfd7d8"},"headline":"ABD als mitjans de comunicaci\u00f3 al novembre","datePublished":"2022-11-28T12:15:26+00:00","dateModified":"2022-11-28T12:35:43+00:00","mainEntityOfPage":{"@id":"https:\/\/abd.ong\/ca\/general-ca\/abd-als-mitjans-de-comunicacio-al-novembre-4\/"},"wordCount":873,"publisher":{"@id":"https:\/\/abd.ong\/ca\/#organization"},"image":{"@id":"https:\/\/abd.ong\/ca\/general-ca\/abd-als-mitjans-de-comunicacio-al-novembre-4\/#primaryimage"},"thumbnailUrl":"https:\/\/abd.ong\/wp-content\/uploads\/2020\/05\/old-tv-1149416_1920.jpg","keywords":["ABD","Asociaci\u00f3n Bienestar y Desarrollo","consum de drogues","drogas","fentanil","habitatge","Mitjans de comunicaci\u00f3","not\u00edcies","punxades","viol\u00e8ncia masclista"],"articleSection":["General"],"inLanguage":"ca"},{"@type":"WebPage","@id":"https:\/\/abd.ong\/ca\/general-ca\/abd-als-mitjans-de-comunicacio-al-novembre-4\/","url":"https:\/\/abd.ong\/ca\/general-ca\/abd-als-mitjans-de-comunicacio-al-novembre-4\/","name":"ABD als mitjans de comunicaci\u00f3 al novembre - ABD","isPartOf":{"@id":"https:\/\/abd.ong\/ca\/#website"},"primaryImageOfPage":{"@id":"https:\/\/abd.ong\/ca\/general-ca\/abd-als-mitjans-de-comunicacio-al-novembre-4\/#primaryimage"},"image":{"@id":"https:\/\/abd.ong\/ca\/general-ca\/abd-als-mitjans-de-comunicacio-al-novembre-4\/#primaryimage"},"thumbnailUrl":"https:\/\/abd.ong\/wp-content\/uploads\/2020\/05\/old-tv-1149416_1920.jpg","datePublished":"2022-11-28T12:15:26+00:00","dateModified":"2022-11-28T12:35:43+00:00","description":"L\u2019Associaci\u00f3 Benestar i Desenvolupament (ABD) ha estat present en els mitjans de comunicaci\u00f3 durant aquest mes de novembre. A continuaci\u00f3, el resum de","breadcrumb":{"@id":"https:\/\/abd.ong\/ca\/general-ca\/abd-als-mitjans-de-comunicacio-al-novembre-4\/#breadcrumb"},"inLanguage":"ca","potentialAction":[{"@type":"ReadAction","target":["https:\/\/abd.ong\/ca\/general-ca\/abd-als-mitjans-de-comunicacio-al-novembre-4\/"]}]},{"@type":"ImageObject","inLanguage":"ca","@id":"https:\/\/abd.ong\/ca\/general-ca\/abd-als-mitjans-de-comunicacio-al-novembre-4\/#primaryimage","url":"https:\/\/abd.ong\/wp-content\/uploads\/2020\/05\/old-tv-1149416_1920.jpg","contentUrl":"https:\/\/abd.ong\/wp-content\/uploads\/2020\/05\/old-tv-1149416_1920.jpg","width":1919,"height":977,"caption":"medios de comunicaci\u00f3n"},{"@type":"BreadcrumbList","@id":"https:\/\/abd.ong\/ca\/general-ca\/abd-als-mitjans-de-comunicacio-al-novembre-4\/#breadcrumb","itemListElement":[{"@type":"ListItem","position":1,"name":"Inici","item":"https:\/\/abd.ong\/ca\/"},{"@type":"ListItem","position":2,"name":"ABD als mitjans de comunicaci\u00f3 al novembre"}]},{"@type":"WebSite","@id":"https:\/\/abd.ong\/ca\/#website","url":"https:\/\/abd.ong\/ca\/","name":"ABD","description":"Asociaci\u00f3n Bienestar y Desarrollo","publisher":{"@id":"https:\/\/abd.ong\/ca\/#organization"},"potentialAction":[{"@type":"SearchAction","target":{"@type":"EntryPoint","urlTemplate":"https:\/\/abd.ong\/ca\/?s={search_term_string}"},"query-input":{"@type":"PropertyValueSpecification","valueRequired":true,"valueName":"search_term_string"}}],"inLanguage":"ca"},{"@type":"Organization","@id":"https:\/\/abd.ong\/ca\/#organization","name":"Associaci\u00f3 Benestar i Desenvolupament","alternateName":"ABD","url":"https:\/\/abd.ong\/ca\/","logo":{"@type":"ImageObject","inLanguage":"ca","@id":"https:\/\/abd.ong\/ca\/#\/schema\/logo\/image\/","url":"https:\/\/abd.ong\/wp-content\/uploads\/2023\/01\/Icona.png","contentUrl":"https:\/\/abd.ong\/wp-content\/uploads\/2023\/01\/Icona.png","width":190,"height":187,"caption":"Associaci\u00f3 Benestar i Desenvolupament"},"image":{"@id":"https:\/\/abd.ong\/ca\/#\/schema\/logo\/image\/"},"sameAs":["https:\/\/www.facebook.com\/abd.ong","https:\/\/x.com\/abd_ong","https:\/\/www.instagram.com\/abd_ong\/","https:\/\/www.linkedin.com\/company\/abdong","https:\/\/www.youtube.com\/user\/CANALABD"]},{"@type":"Person","@id":"https:\/\/abd.ong\/ca\/#\/schema\/person\/d0f5fe279a7ad908de6a6d1332bfd7d8","name":"Enric Guinart"}]}},"_links":{"self":[{"href":"https:\/\/abd.ong\/ca\/wp-json\/wp\/v2\/posts\/39525","targetHints":{"allow":["GET"]}}],"collection":[{"href":"https:\/\/abd.ong\/ca\/wp-json\/wp\/v2\/posts"}],"about":[{"href":"https:\/\/abd.ong\/ca\/wp-json\/wp\/v2\/types\/post"}],"author":[{"embeddable":true,"href":"https:\/\/abd.ong\/ca\/wp-json\/wp\/v2\/users\/2"}],"replies":[{"embeddable":true,"href":"https:\/\/abd.ong\/ca\/wp-json\/wp\/v2\/comments?post=39525"}],"version-history":[{"count":3,"href":"https:\/\/abd.ong\/ca\/wp-json\/wp\/v2\/posts\/39525\/revisions"}],"predecessor-version":[{"id":39547,"href":"https:\/\/abd.ong\/ca\/wp-json\/wp\/v2\/posts\/39525\/revisions\/39547"}],"wp:featuredmedia":[{"embeddable":true,"href":"https:\/\/abd.ong\/ca\/wp-json\/wp\/v2\/media\/14666"}],"wp:attachment":[{"href":"https:\/\/abd.ong\/ca\/wp-json\/wp\/v2\/media?parent=39525"}],"wp:term":[{"taxonomy":"category","embeddable":true,"href":"https:\/\/abd.ong\/ca\/wp-json\/wp\/v2\/categories?post=39525"},{"taxonomy":"post_tag","embeddable":true,"href":"https:\/\/abd.ong\/ca\/wp-json\/wp\/v2\/tags?post=39525"}],"curies":[{"name":"wp","href":"https:\/\/api.w.org\/{rel}","templated":true}]}}