{"id":39112,"date":"2022-11-17T16:16:54","date_gmt":"2022-11-17T15:16:54","guid":{"rendered":"https:\/\/abd.ong\/sense-categoria\/abd-participa-en-la-presentacio-de-la-14a-edicio-del-gran-recapte-del-banc-dels-aliments\/"},"modified":"2022-11-17T18:14:27","modified_gmt":"2022-11-17T17:14:27","slug":"abd-participa-en-la-presentacio-de-la-14a-edicio-del-gran-recapte-del-banc-dels-aliments","status":"publish","type":"post","link":"https:\/\/abd.ong\/ca\/sense-categoria\/abd-participa-en-la-presentacio-de-la-14a-edicio-del-gran-recapte-del-banc-dels-aliments\/","title":{"rendered":"ABD participa a la presentaci\u00f3 de la 14\u00aa edici\u00f3 del Gran recapte del Banc dels Aliments"},"content":{"rendered":"\n<p><em>La gerent d&#8217;ABD, \u00c0ngels Guiteras, ha recordat que l&#8217;entitat va rebre 200.000 kg del Banc dels Aliments en 2021, que van ser destinats a 3.000 persones usu\u00e0ries dels serveis i projectes de l&#8217;entitat<\/em><\/p>\n\n<p>La gerent de l&#8217;<a href=\"https:\/\/abd.ong\/ca\/\" target=\"_blank\" rel=\"noopener\">Associaci\u00f3 Benestar i Desenvolupament ABD<\/a>, \u00c0ngels Guiteras, ha intervingut aquest dijous en la roda de premsa de la 14\u00aa edici\u00f3 del <a href=\"https:\/\/www.granrecapte.com\/ca\/\" target=\"_blank\" rel=\"noopener\">Gran recapte<\/a> a Catalunya, juntament amb el president del Banc d&#8217;Aliments, Llu\u00eds Fatj\u00f3-Vilas, on han presentat la nova campanya sota el lema &#8220;Ajudar Omple&#8221;. Impulsada pels quatre Bancs dels Aliments de Catalunya, el Gran recapte se celebrar\u00e0 <strong>del 25 de novembre al 6 de desembre<\/strong>, i combinar\u00e0 les donacions d&#8217;aliments amb les donacions econ\u00f2miques.<\/p>\n\n<p>L&#8217;objectiu \u00e9s mobilitzar a la ciutadania, aconseguir <strong>18.000 persones volunt\u00e0ries<\/strong> i que les donacions, tant econ\u00f2miques com f\u00edsiques, arribin als cinc milions d&#8217;euros. En la seva intervenci\u00f3, Fatj\u00f3-Vilas ha destacat que, en un moment d&#8217;emerg\u00e8ncia social com l&#8217;actual, &#8220;la solidaritat ciutadana \u00e9s clau i el Gran recapte \u00e9s imprescindible <strong>per aconseguir la quantitat d&#8217;aliments b\u00e0sics necessaris per enfrontar el primer trimestre de 2023&#8243;.<\/strong><\/p>\n\n<p>Un dels elements que augmenta la necessitat del Banc dels Aliments \u00e9s la inflaci\u00f3. L&#8217;IPC actualment est\u00e0 en 7,3%, per\u00f2 la partida d&#8217;alimentaci\u00f3 est\u00e0 a 13,7%, segons les \u00faltimes dades publicades per l&#8217;Institut Nacional d&#8217;Estad\u00edstica.<strong> &#8220;Aix\u00f2 desestabilitza el pressupost del Banc dels Aliments, de les entitats, de les fam\u00edlies&#8230;<\/strong> de tots els que som aqu\u00ed que anem a comprar&#8221;, ha apuntat el president del Banc dels Aliments.<\/p>\n\n<p>Fatj\u00f3-Vilas ha puntualitzat que els aliments que m\u00e9s es necessiten s\u00f3n: llegums, llet, conserves de peix, olies pasta i arr\u00f2s. D&#8217;altra banda, ha afirmat que la donaci\u00f3 econ\u00f2mica fomenta l&#8217;autogesti\u00f3 de les persones, i ha emfatitzat que les dues maneres d&#8217;aportar s\u00f3n igual de v\u00e0lides.&#13;\n<\/p>\n\n<p>Per part seva, Guiteras ha recordat que <strong>ABD va rebre 200.000 kg del Banc dels Aliments el 2021, que van ser destinats a 3.000 persones usu\u00e0ries dels serveis i projectes de l&#8217;entitat<\/strong>. Encara es necessita un ter\u00e7 de les persones volunt\u00e0ries per a la campanya, per\u00f2 a la gerent de ABD no el preocupa la falta de participaci\u00f3 de la ciutadania, ja que considera que continua activa i que s&#8217;aconseguir\u00e0 arribar fins a les 18.000 persones. \u201cA Catalunya tenim identitat de voluntariat. Soc optimista amb el Gran recapte\u201d, ha opinat.<\/p>\n\n<p>El que s\u00ed que li preocupa, segons ha expressat, \u00e9s que s&#8217;aprovin els pressupostos de la Generalitat. \u201cEstem a l&#8217;espera dels pressupostos perqu\u00e8 les necessitats socials estan creixent i necessitem records per a donar-los cabuda&#8221;, ha assegurat. En aquest sentit, ha subratllat que a ABD van atendre un 25% m\u00e9s de persones el 2021 que el 2020.<\/p>\n\n<p>D&#8217;altra banda, Guiteras ha destacat <a href=\"https:\/\/abd.ong\/ca\/voluntariat\/busquem-voluntariat-per-a-la-botiga-energia-justa-i-persones-grans\/\" target=\"_blank\" rel=\"noopener\">La Botiga<\/a>, <strong>projecte innovador de transformaci\u00f3 social<\/strong> de l&#8217;Ajuntament del Prat de Llobregat gestionat per ABD en col\u00b7laboraci\u00f3 amb <a href=\"https:\/\/espigoladors.cat\/ca\/\" target=\"_blank\" rel=\"noopener\">Espigoladors<\/a>, que des de 2021 treballa per a garantir el dret a una alimentaci\u00f3 saludable en les llars en situaci\u00f3 de vulnerabilitat. Es tracta d&#8217;un espai obert a tota la ciutadania que sigui sostenible i que uneixi els objectius de sobirania aliment\u00e0ria amb la inserci\u00f3 social i laboral de col\u00b7lectius en situaci\u00f3 de vulnerabilitat, l&#8217;activaci\u00f3 comunit\u00e0ria inclusiva, la promoci\u00f3 d&#8217;h\u00e0bits saludables, el consum de productes de proximitat i socialment responsables, la cohesi\u00f3 social i la lluita contra el malbaratament alimentari.<\/p>\n\n<figure class=\"wp-block-image size-large\"><img fetchpriority=\"high\" decoding=\"async\" width=\"1024\" height=\"768\" src=\"https:\/\/abd.ong\/wp-content\/uploads\/2022\/11\/WhatsApp-Image-2022-11-17-at-13.11.14-1024x768.jpeg\" alt=\"\" class=\"wp-image-39096\" srcset=\"https:\/\/abd.ong\/wp-content\/uploads\/2022\/11\/WhatsApp-Image-2022-11-17-at-13.11.14-1024x768.jpeg 1024w, https:\/\/abd.ong\/wp-content\/uploads\/2022\/11\/WhatsApp-Image-2022-11-17-at-13.11.14-300x225.jpeg 300w, https:\/\/abd.ong\/wp-content\/uploads\/2022\/11\/WhatsApp-Image-2022-11-17-at-13.11.14-768x576.jpeg 768w, https:\/\/abd.ong\/wp-content\/uploads\/2022\/11\/WhatsApp-Image-2022-11-17-at-13.11.14-1536x1152.jpeg 1536w, https:\/\/abd.ong\/wp-content\/uploads\/2022\/11\/WhatsApp-Image-2022-11-17-at-13.11.14.jpeg 2048w\" sizes=\"(max-width: 1024px) 100vw, 1024px\" \/><\/figure>\n\n<figure class=\"wp-block-gallery has-nested-images columns-default is-cropped wp-block-gallery-2 is-layout-flex wp-block-gallery-is-layout-flex\">\n<figure class=\"wp-block-image size-large\"><img decoding=\"async\" width=\"1024\" height=\"768\" data-id=\"39099\" src=\"https:\/\/abd.ong\/wp-content\/uploads\/2022\/11\/WhatsApp-Image-2022-11-17-at-12.34.51-1.jpeg\" alt=\"\" class=\"wp-image-39099\" srcset=\"https:\/\/abd.ong\/wp-content\/uploads\/2022\/11\/WhatsApp-Image-2022-11-17-at-12.34.51-1.jpeg 1024w, https:\/\/abd.ong\/wp-content\/uploads\/2022\/11\/WhatsApp-Image-2022-11-17-at-12.34.51-1-300x225.jpeg 300w, https:\/\/abd.ong\/wp-content\/uploads\/2022\/11\/WhatsApp-Image-2022-11-17-at-12.34.51-1-768x576.jpeg 768w\" sizes=\"(max-width: 1024px) 100vw, 1024px\" \/><\/figure>\n\n\n\n<figure class=\"wp-block-image size-large\"><img decoding=\"async\" width=\"1024\" height=\"768\" data-id=\"39102\" src=\"https:\/\/abd.ong\/wp-content\/uploads\/2022\/11\/WhatsApp-Image-2022-11-17-at-12.36.52-1024x768.jpeg\" alt=\"\" class=\"wp-image-39102\" srcset=\"https:\/\/abd.ong\/wp-content\/uploads\/2022\/11\/WhatsApp-Image-2022-11-17-at-12.36.52-1024x768.jpeg 1024w, https:\/\/abd.ong\/wp-content\/uploads\/2022\/11\/WhatsApp-Image-2022-11-17-at-12.36.52-300x225.jpeg 300w, https:\/\/abd.ong\/wp-content\/uploads\/2022\/11\/WhatsApp-Image-2022-11-17-at-12.36.52-768x576.jpeg 768w, https:\/\/abd.ong\/wp-content\/uploads\/2022\/11\/WhatsApp-Image-2022-11-17-at-12.36.52-1536x1152.jpeg 1536w, https:\/\/abd.ong\/wp-content\/uploads\/2022\/11\/WhatsApp-Image-2022-11-17-at-12.36.52.jpeg 2048w\" sizes=\"(max-width: 1024px) 100vw, 1024px\" \/><\/figure>\n<\/figure>\n","protected":false},"excerpt":{"rendered":"<p>La gerent d&#8217;ABD, \u00c0ngels Guiteras, ha recordat que l&#8217;entitat va rebre 200.000 kg del Banc dels Aliments en 2021, que van ser destinats a 3.000 persones usu\u00e0ries dels serveis i&hellip;<\/p>\n","protected":false},"author":2,"featured_media":39090,"comment_status":"closed","ping_status":"closed","sticky":false,"template":"","format":"standard","meta":{"_acf_changed":false,"footnotes":""},"categories":[2],"tags":[],"class_list":["post-39112","post","type-post","status-publish","format-standard","has-post-thumbnail","hentry","category-sense-categoria"],"acf":[],"yoast_head":"<!-- This site is optimized with the Yoast SEO plugin v27.4 - https:\/\/yoast.com\/product\/yoast-seo-wordpress\/ -->\n<title>ABD participa a la presentaci\u00f3 de la 14\u00aa edici\u00f3 del Gran recapte del Banc dels Aliments - ABD<\/title>\n<meta name=\"description\" content=\"La gerent d&#039;ABD, \u00c0ngels Guiteras, ha recordat que l&#039;entitat va rebre 200.000 kg del Banc dels Aliments en 2021, que van ser destinats a 3.000 persones\" \/>\n<meta name=\"robots\" content=\"index, follow, max-snippet:-1, max-image-preview:large, max-video-preview:-1\" \/>\n<link rel=\"canonical\" href=\"https:\/\/abd.ong\/ca\/sense-categoria\/abd-participa-en-la-presentacio-de-la-14a-edicio-del-gran-recapte-del-banc-dels-aliments\/\" \/>\n<meta property=\"og:locale\" content=\"ca_ES\" \/>\n<meta property=\"og:type\" content=\"article\" \/>\n<meta property=\"og:title\" content=\"ABD participa a la presentaci\u00f3 de la 14\u00aa edici\u00f3 del Gran recapte del Banc dels Aliments - ABD\" \/>\n<meta property=\"og:description\" content=\"La gerent d&#039;ABD, \u00c0ngels Guiteras, ha recordat que l&#039;entitat va rebre 200.000 kg del Banc dels Aliments en 2021, que van ser destinats a 3.000 persones\" \/>\n<meta property=\"og:url\" content=\"https:\/\/abd.ong\/ca\/sense-categoria\/abd-participa-en-la-presentacio-de-la-14a-edicio-del-gran-recapte-del-banc-dels-aliments\/\" \/>\n<meta property=\"og:site_name\" content=\"ABD\" \/>\n<meta property=\"article:publisher\" content=\"https:\/\/www.facebook.com\/abd.ong\" \/>\n<meta property=\"article:published_time\" content=\"2022-11-17T15:16:54+00:00\" \/>\n<meta property=\"article:modified_time\" content=\"2022-11-17T17:14:27+00:00\" \/>\n<meta property=\"og:image\" content=\"https:\/\/abd.ong\/wp-content\/uploads\/2022\/11\/WhatsApp-Image-2022-11-17-at-12.33.04.jpeg\" \/>\n\t<meta property=\"og:image:width\" content=\"2048\" \/>\n\t<meta property=\"og:image:height\" content=\"1536\" \/>\n\t<meta property=\"og:image:type\" content=\"image\/jpeg\" \/>\n<meta name=\"author\" content=\"Enric Guinart\" \/>\n<meta name=\"twitter:card\" content=\"summary_large_image\" \/>\n<meta name=\"twitter:creator\" content=\"@abd_ong\" \/>\n<meta name=\"twitter:site\" content=\"@abd_ong\" \/>\n<meta name=\"twitter:label1\" content=\"Escrit per\" \/>\n\t<meta name=\"twitter:data1\" content=\"Enric Guinart\" \/>\n\t<meta name=\"twitter:label2\" content=\"Temps estimat de lectura\" \/>\n\t<meta name=\"twitter:data2\" content=\"3 minuts\" \/>\n<script type=\"application\/ld+json\" class=\"yoast-schema-graph\">{\"@context\":\"https:\\\/\\\/schema.org\",\"@graph\":[{\"@type\":\"Article\",\"@id\":\"https:\\\/\\\/abd.ong\\\/ca\\\/sense-categoria\\\/abd-participa-en-la-presentacio-de-la-14a-edicio-del-gran-recapte-del-banc-dels-aliments\\\/#article\",\"isPartOf\":{\"@id\":\"https:\\\/\\\/abd.ong\\\/ca\\\/sense-categoria\\\/abd-participa-en-la-presentacio-de-la-14a-edicio-del-gran-recapte-del-banc-dels-aliments\\\/\"},\"author\":{\"name\":\"Enric Guinart\",\"@id\":\"https:\\\/\\\/abd.ong\\\/ca\\\/#\\\/schema\\\/person\\\/d0f5fe279a7ad908de6a6d1332bfd7d8\"},\"headline\":\"ABD participa a la presentaci\u00f3 de la 14\u00aa edici\u00f3 del Gran recapte del Banc dels Aliments\",\"datePublished\":\"2022-11-17T15:16:54+00:00\",\"dateModified\":\"2022-11-17T17:14:27+00:00\",\"mainEntityOfPage\":{\"@id\":\"https:\\\/\\\/abd.ong\\\/ca\\\/sense-categoria\\\/abd-participa-en-la-presentacio-de-la-14a-edicio-del-gran-recapte-del-banc-dels-aliments\\\/\"},\"wordCount\":588,\"publisher\":{\"@id\":\"https:\\\/\\\/abd.ong\\\/ca\\\/#organization\"},\"image\":{\"@id\":\"https:\\\/\\\/abd.ong\\\/ca\\\/sense-categoria\\\/abd-participa-en-la-presentacio-de-la-14a-edicio-del-gran-recapte-del-banc-dels-aliments\\\/#primaryimage\"},\"thumbnailUrl\":\"https:\\\/\\\/abd.ong\\\/wp-content\\\/uploads\\\/2022\\\/11\\\/WhatsApp-Image-2022-11-17-at-12.33.04.jpeg\",\"inLanguage\":\"ca\"},{\"@type\":\"WebPage\",\"@id\":\"https:\\\/\\\/abd.ong\\\/ca\\\/sense-categoria\\\/abd-participa-en-la-presentacio-de-la-14a-edicio-del-gran-recapte-del-banc-dels-aliments\\\/\",\"url\":\"https:\\\/\\\/abd.ong\\\/ca\\\/sense-categoria\\\/abd-participa-en-la-presentacio-de-la-14a-edicio-del-gran-recapte-del-banc-dels-aliments\\\/\",\"name\":\"ABD participa a la presentaci\u00f3 de la 14\u00aa edici\u00f3 del Gran recapte del Banc dels Aliments - ABD\",\"isPartOf\":{\"@id\":\"https:\\\/\\\/abd.ong\\\/ca\\\/#website\"},\"primaryImageOfPage\":{\"@id\":\"https:\\\/\\\/abd.ong\\\/ca\\\/sense-categoria\\\/abd-participa-en-la-presentacio-de-la-14a-edicio-del-gran-recapte-del-banc-dels-aliments\\\/#primaryimage\"},\"image\":{\"@id\":\"https:\\\/\\\/abd.ong\\\/ca\\\/sense-categoria\\\/abd-participa-en-la-presentacio-de-la-14a-edicio-del-gran-recapte-del-banc-dels-aliments\\\/#primaryimage\"},\"thumbnailUrl\":\"https:\\\/\\\/abd.ong\\\/wp-content\\\/uploads\\\/2022\\\/11\\\/WhatsApp-Image-2022-11-17-at-12.33.04.jpeg\",\"datePublished\":\"2022-11-17T15:16:54+00:00\",\"dateModified\":\"2022-11-17T17:14:27+00:00\",\"description\":\"La gerent d'ABD, \u00c0ngels Guiteras, ha recordat que l'entitat va rebre 200.000 kg del Banc dels Aliments en 2021, que van ser destinats a 3.000 persones\",\"breadcrumb\":{\"@id\":\"https:\\\/\\\/abd.ong\\\/ca\\\/sense-categoria\\\/abd-participa-en-la-presentacio-de-la-14a-edicio-del-gran-recapte-del-banc-dels-aliments\\\/#breadcrumb\"},\"inLanguage\":\"ca\",\"potentialAction\":[{\"@type\":\"ReadAction\",\"target\":[\"https:\\\/\\\/abd.ong\\\/ca\\\/sense-categoria\\\/abd-participa-en-la-presentacio-de-la-14a-edicio-del-gran-recapte-del-banc-dels-aliments\\\/\"]}]},{\"@type\":\"ImageObject\",\"inLanguage\":\"ca\",\"@id\":\"https:\\\/\\\/abd.ong\\\/ca\\\/sense-categoria\\\/abd-participa-en-la-presentacio-de-la-14a-edicio-del-gran-recapte-del-banc-dels-aliments\\\/#primaryimage\",\"url\":\"https:\\\/\\\/abd.ong\\\/wp-content\\\/uploads\\\/2022\\\/11\\\/WhatsApp-Image-2022-11-17-at-12.33.04.jpeg\",\"contentUrl\":\"https:\\\/\\\/abd.ong\\\/wp-content\\\/uploads\\\/2022\\\/11\\\/WhatsApp-Image-2022-11-17-at-12.33.04.jpeg\",\"width\":2048,\"height\":1536,\"caption\":\"El Gran Recapte 2022\"},{\"@type\":\"BreadcrumbList\",\"@id\":\"https:\\\/\\\/abd.ong\\\/ca\\\/sense-categoria\\\/abd-participa-en-la-presentacio-de-la-14a-edicio-del-gran-recapte-del-banc-dels-aliments\\\/#breadcrumb\",\"itemListElement\":[{\"@type\":\"ListItem\",\"position\":1,\"name\":\"Inici\",\"item\":\"https:\\\/\\\/abd.ong\\\/ca\\\/\"},{\"@type\":\"ListItem\",\"position\":2,\"name\":\"ABD participa a la presentaci\u00f3 de la 14\u00aa edici\u00f3 del Gran recapte del Banc dels Aliments\"}]},{\"@type\":\"WebSite\",\"@id\":\"https:\\\/\\\/abd.ong\\\/ca\\\/#website\",\"url\":\"https:\\\/\\\/abd.ong\\\/ca\\\/\",\"name\":\"ABD\",\"description\":\"Asociaci\u00f3n Bienestar y Desarrollo\",\"publisher\":{\"@id\":\"https:\\\/\\\/abd.ong\\\/ca\\\/#organization\"},\"potentialAction\":[{\"@type\":\"SearchAction\",\"target\":{\"@type\":\"EntryPoint\",\"urlTemplate\":\"https:\\\/\\\/abd.ong\\\/ca\\\/?s={search_term_string}\"},\"query-input\":{\"@type\":\"PropertyValueSpecification\",\"valueRequired\":true,\"valueName\":\"search_term_string\"}}],\"inLanguage\":\"ca\"},{\"@type\":\"Organization\",\"@id\":\"https:\\\/\\\/abd.ong\\\/ca\\\/#organization\",\"name\":\"Associaci\u00f3 Benestar i Desenvolupament\",\"alternateName\":\"ABD\",\"url\":\"https:\\\/\\\/abd.ong\\\/ca\\\/\",\"logo\":{\"@type\":\"ImageObject\",\"inLanguage\":\"ca\",\"@id\":\"https:\\\/\\\/abd.ong\\\/ca\\\/#\\\/schema\\\/logo\\\/image\\\/\",\"url\":\"https:\\\/\\\/abd.ong\\\/wp-content\\\/uploads\\\/2023\\\/01\\\/Icona.png\",\"contentUrl\":\"https:\\\/\\\/abd.ong\\\/wp-content\\\/uploads\\\/2023\\\/01\\\/Icona.png\",\"width\":190,\"height\":187,\"caption\":\"Associaci\u00f3 Benestar i Desenvolupament\"},\"image\":{\"@id\":\"https:\\\/\\\/abd.ong\\\/ca\\\/#\\\/schema\\\/logo\\\/image\\\/\"},\"sameAs\":[\"https:\\\/\\\/www.facebook.com\\\/abd.ong\",\"https:\\\/\\\/x.com\\\/abd_ong\",\"https:\\\/\\\/www.instagram.com\\\/abd_ong\\\/\",\"https:\\\/\\\/www.linkedin.com\\\/company\\\/abdong\",\"https:\\\/\\\/www.youtube.com\\\/user\\\/CANALABD\"]},{\"@type\":\"Person\",\"@id\":\"https:\\\/\\\/abd.ong\\\/ca\\\/#\\\/schema\\\/person\\\/d0f5fe279a7ad908de6a6d1332bfd7d8\",\"name\":\"Enric Guinart\"}]}<\/script>\n<!-- \/ Yoast SEO plugin. -->","yoast_head_json":{"title":"ABD participa a la presentaci\u00f3 de la 14\u00aa edici\u00f3 del Gran recapte del Banc dels Aliments - ABD","description":"La gerent d'ABD, \u00c0ngels Guiteras, ha recordat que l'entitat va rebre 200.000 kg del Banc dels Aliments en 2021, que van ser destinats a 3.000 persones","robots":{"index":"index","follow":"follow","max-snippet":"max-snippet:-1","max-image-preview":"max-image-preview:large","max-video-preview":"max-video-preview:-1"},"canonical":"https:\/\/abd.ong\/ca\/sense-categoria\/abd-participa-en-la-presentacio-de-la-14a-edicio-del-gran-recapte-del-banc-dels-aliments\/","og_locale":"ca_ES","og_type":"article","og_title":"ABD participa a la presentaci\u00f3 de la 14\u00aa edici\u00f3 del Gran recapte del Banc dels Aliments - ABD","og_description":"La gerent d'ABD, \u00c0ngels Guiteras, ha recordat que l'entitat va rebre 200.000 kg del Banc dels Aliments en 2021, que van ser destinats a 3.000 persones","og_url":"https:\/\/abd.ong\/ca\/sense-categoria\/abd-participa-en-la-presentacio-de-la-14a-edicio-del-gran-recapte-del-banc-dels-aliments\/","og_site_name":"ABD","article_publisher":"https:\/\/www.facebook.com\/abd.ong","article_published_time":"2022-11-17T15:16:54+00:00","article_modified_time":"2022-11-17T17:14:27+00:00","og_image":[{"width":2048,"height":1536,"url":"https:\/\/abd.ong\/wp-content\/uploads\/2022\/11\/WhatsApp-Image-2022-11-17-at-12.33.04.jpeg","type":"image\/jpeg"}],"author":"Enric Guinart","twitter_card":"summary_large_image","twitter_creator":"@abd_ong","twitter_site":"@abd_ong","twitter_misc":{"Escrit per":"Enric Guinart","Temps estimat de lectura":"3 minuts"},"schema":{"@context":"https:\/\/schema.org","@graph":[{"@type":"Article","@id":"https:\/\/abd.ong\/ca\/sense-categoria\/abd-participa-en-la-presentacio-de-la-14a-edicio-del-gran-recapte-del-banc-dels-aliments\/#article","isPartOf":{"@id":"https:\/\/abd.ong\/ca\/sense-categoria\/abd-participa-en-la-presentacio-de-la-14a-edicio-del-gran-recapte-del-banc-dels-aliments\/"},"author":{"name":"Enric Guinart","@id":"https:\/\/abd.ong\/ca\/#\/schema\/person\/d0f5fe279a7ad908de6a6d1332bfd7d8"},"headline":"ABD participa a la presentaci\u00f3 de la 14\u00aa edici\u00f3 del Gran recapte del Banc dels Aliments","datePublished":"2022-11-17T15:16:54+00:00","dateModified":"2022-11-17T17:14:27+00:00","mainEntityOfPage":{"@id":"https:\/\/abd.ong\/ca\/sense-categoria\/abd-participa-en-la-presentacio-de-la-14a-edicio-del-gran-recapte-del-banc-dels-aliments\/"},"wordCount":588,"publisher":{"@id":"https:\/\/abd.ong\/ca\/#organization"},"image":{"@id":"https:\/\/abd.ong\/ca\/sense-categoria\/abd-participa-en-la-presentacio-de-la-14a-edicio-del-gran-recapte-del-banc-dels-aliments\/#primaryimage"},"thumbnailUrl":"https:\/\/abd.ong\/wp-content\/uploads\/2022\/11\/WhatsApp-Image-2022-11-17-at-12.33.04.jpeg","inLanguage":"ca"},{"@type":"WebPage","@id":"https:\/\/abd.ong\/ca\/sense-categoria\/abd-participa-en-la-presentacio-de-la-14a-edicio-del-gran-recapte-del-banc-dels-aliments\/","url":"https:\/\/abd.ong\/ca\/sense-categoria\/abd-participa-en-la-presentacio-de-la-14a-edicio-del-gran-recapte-del-banc-dels-aliments\/","name":"ABD participa a la presentaci\u00f3 de la 14\u00aa edici\u00f3 del Gran recapte del Banc dels Aliments - ABD","isPartOf":{"@id":"https:\/\/abd.ong\/ca\/#website"},"primaryImageOfPage":{"@id":"https:\/\/abd.ong\/ca\/sense-categoria\/abd-participa-en-la-presentacio-de-la-14a-edicio-del-gran-recapte-del-banc-dels-aliments\/#primaryimage"},"image":{"@id":"https:\/\/abd.ong\/ca\/sense-categoria\/abd-participa-en-la-presentacio-de-la-14a-edicio-del-gran-recapte-del-banc-dels-aliments\/#primaryimage"},"thumbnailUrl":"https:\/\/abd.ong\/wp-content\/uploads\/2022\/11\/WhatsApp-Image-2022-11-17-at-12.33.04.jpeg","datePublished":"2022-11-17T15:16:54+00:00","dateModified":"2022-11-17T17:14:27+00:00","description":"La gerent d'ABD, \u00c0ngels Guiteras, ha recordat que l'entitat va rebre 200.000 kg del Banc dels Aliments en 2021, que van ser destinats a 3.000 persones","breadcrumb":{"@id":"https:\/\/abd.ong\/ca\/sense-categoria\/abd-participa-en-la-presentacio-de-la-14a-edicio-del-gran-recapte-del-banc-dels-aliments\/#breadcrumb"},"inLanguage":"ca","potentialAction":[{"@type":"ReadAction","target":["https:\/\/abd.ong\/ca\/sense-categoria\/abd-participa-en-la-presentacio-de-la-14a-edicio-del-gran-recapte-del-banc-dels-aliments\/"]}]},{"@type":"ImageObject","inLanguage":"ca","@id":"https:\/\/abd.ong\/ca\/sense-categoria\/abd-participa-en-la-presentacio-de-la-14a-edicio-del-gran-recapte-del-banc-dels-aliments\/#primaryimage","url":"https:\/\/abd.ong\/wp-content\/uploads\/2022\/11\/WhatsApp-Image-2022-11-17-at-12.33.04.jpeg","contentUrl":"https:\/\/abd.ong\/wp-content\/uploads\/2022\/11\/WhatsApp-Image-2022-11-17-at-12.33.04.jpeg","width":2048,"height":1536,"caption":"El Gran Recapte 2022"},{"@type":"BreadcrumbList","@id":"https:\/\/abd.ong\/ca\/sense-categoria\/abd-participa-en-la-presentacio-de-la-14a-edicio-del-gran-recapte-del-banc-dels-aliments\/#breadcrumb","itemListElement":[{"@type":"ListItem","position":1,"name":"Inici","item":"https:\/\/abd.ong\/ca\/"},{"@type":"ListItem","position":2,"name":"ABD participa a la presentaci\u00f3 de la 14\u00aa edici\u00f3 del Gran recapte del Banc dels Aliments"}]},{"@type":"WebSite","@id":"https:\/\/abd.ong\/ca\/#website","url":"https:\/\/abd.ong\/ca\/","name":"ABD","description":"Asociaci\u00f3n Bienestar y Desarrollo","publisher":{"@id":"https:\/\/abd.ong\/ca\/#organization"},"potentialAction":[{"@type":"SearchAction","target":{"@type":"EntryPoint","urlTemplate":"https:\/\/abd.ong\/ca\/?s={search_term_string}"},"query-input":{"@type":"PropertyValueSpecification","valueRequired":true,"valueName":"search_term_string"}}],"inLanguage":"ca"},{"@type":"Organization","@id":"https:\/\/abd.ong\/ca\/#organization","name":"Associaci\u00f3 Benestar i Desenvolupament","alternateName":"ABD","url":"https:\/\/abd.ong\/ca\/","logo":{"@type":"ImageObject","inLanguage":"ca","@id":"https:\/\/abd.ong\/ca\/#\/schema\/logo\/image\/","url":"https:\/\/abd.ong\/wp-content\/uploads\/2023\/01\/Icona.png","contentUrl":"https:\/\/abd.ong\/wp-content\/uploads\/2023\/01\/Icona.png","width":190,"height":187,"caption":"Associaci\u00f3 Benestar i Desenvolupament"},"image":{"@id":"https:\/\/abd.ong\/ca\/#\/schema\/logo\/image\/"},"sameAs":["https:\/\/www.facebook.com\/abd.ong","https:\/\/x.com\/abd_ong","https:\/\/www.instagram.com\/abd_ong\/","https:\/\/www.linkedin.com\/company\/abdong","https:\/\/www.youtube.com\/user\/CANALABD"]},{"@type":"Person","@id":"https:\/\/abd.ong\/ca\/#\/schema\/person\/d0f5fe279a7ad908de6a6d1332bfd7d8","name":"Enric Guinart"}]}},"_links":{"self":[{"href":"https:\/\/abd.ong\/ca\/wp-json\/wp\/v2\/posts\/39112","targetHints":{"allow":["GET"]}}],"collection":[{"href":"https:\/\/abd.ong\/ca\/wp-json\/wp\/v2\/posts"}],"about":[{"href":"https:\/\/abd.ong\/ca\/wp-json\/wp\/v2\/types\/post"}],"author":[{"embeddable":true,"href":"https:\/\/abd.ong\/ca\/wp-json\/wp\/v2\/users\/2"}],"replies":[{"embeddable":true,"href":"https:\/\/abd.ong\/ca\/wp-json\/wp\/v2\/comments?post=39112"}],"version-history":[{"count":3,"href":"https:\/\/abd.ong\/ca\/wp-json\/wp\/v2\/posts\/39112\/revisions"}],"predecessor-version":[{"id":39125,"href":"https:\/\/abd.ong\/ca\/wp-json\/wp\/v2\/posts\/39112\/revisions\/39125"}],"wp:featuredmedia":[{"embeddable":true,"href":"https:\/\/abd.ong\/ca\/wp-json\/wp\/v2\/media\/39090"}],"wp:attachment":[{"href":"https:\/\/abd.ong\/ca\/wp-json\/wp\/v2\/media?parent=39112"}],"wp:term":[{"taxonomy":"category","embeddable":true,"href":"https:\/\/abd.ong\/ca\/wp-json\/wp\/v2\/categories?post=39112"},{"taxonomy":"post_tag","embeddable":true,"href":"https:\/\/abd.ong\/ca\/wp-json\/wp\/v2\/tags?post=39112"}],"curies":[{"name":"wp","href":"https:\/\/api.w.org\/{rel}","templated":true}]}}