{"id":38278,"date":"2022-10-25T16:41:47","date_gmt":"2022-10-25T14:41:47","guid":{"rendered":"https:\/\/abd.ong\/?p=38278"},"modified":"2022-10-27T09:37:36","modified_gmt":"2022-10-27T07:37:36","slug":"abd-als-mitjans-de-comunicacio-a-loctubre-3","status":"publish","type":"post","link":"https:\/\/abd.ong\/ca\/general-ca\/abd-als-mitjans-de-comunicacio-a-loctubre-3\/","title":{"rendered":"ABD als mitjans de comunicaci\u00f3 a l&#8217;octubre"},"content":{"rendered":"\n<p><span style=\"font-weight: 400;\">L\u2019<\/span><a href=\"https:\/\/abd.ong\/ca\/\" target=\"_blank\" rel=\"noopener\"><b>Associaci\u00f3 Benestar i Desenvolupament (ABD)<\/b><\/a><span style=\"font-weight: 400;\"> ha estat present en els mitjans de comunicaci\u00f3 durant aquest mes d&#8217;octubre. A continuaci\u00f3, el resum de premsa de les not\u00edcies, articles i reportatges en els quals hem participat com a entitat<\/span><\/p>\n\n\n\n<div style=\"height:30px\" aria-hidden=\"true\" class=\"wp-block-spacer\"><\/div>\n\n\n\n<p><strong>07\/10\/2022 \u2013 Revista C\u00e1\u00f1amo<\/strong><\/p>\n\n\n\n<p><em>Segons l\u2019alerta d\u2019Energy Control, el contingut de la pastilla era \u03b1-PiHP, una subst\u00e0ncia d\u2019\u00fas hum\u00e0 molt recent i de la qual existeix molt poca informaci\u00f3 disponible, els efectes del seu consum poden resultar imprevisibles i es recomana no consumir-la.<\/em><\/p>\n\n\n\n<p><a href=\"https:\/\/canamo.net\/noticias\/espana\/alertan-de-una-pastilla-de-2-cb-que-lleva-otra-sustancia-de-mayor-riesgo\" target=\"_blank\" rel=\"noreferrer noopener\">Alerten d\u2019una pastilla de 2-CB que porta una altra subst\u00e0ncia de major risc<\/a><\/p>\n\n\n\n<p><strong>10\/10\/22 \u2013 Valors a l\u2019Al\u00e7a<\/strong><\/p>\n\n\n\n<p id=\"m152-151-153\"><em>La coordinadora del programa Preinfant, Nausica Castell\u00f3, defensa que les dones tenen \u201cdret a ser acompanyades durant la seva maternitat per la societat\u201d. \u201cLa maternitat no pot ser nom\u00e9s una responsabilitat individual o familiar: s\u2019ha de poder criar en comunitat\u201d, assevera.<\/em><\/p>\n\n\n\n<p><em>Entrevista a la coordinadora del programa Preinfant, Nausica Castell\u00f3<\/em>.<\/p>\n\n\n\n<p><a href=\"https:\/\/mataroaudiovisual.alacarta.cat\/valors-alca\/tall\/valors-a-l-alca-gent-amb-valors-nausica-castello-10-10-2022\" target=\"_blank\" rel=\"noreferrer noopener\">Valors a l\u2019Al\u00e7a, Gent amb valors: Nausica Castell\u00f3<\/a><\/p>\n\n\n\n<p><strong>11\/10\/2022 \u2013 Peri\u00f3dico Hortaleza<\/strong><\/p>\n\n\n\n<p><em>El projecte Casa Gran \u00e9s un recurs dependent de la<a href=\"https:\/\/www.madrid.es\/portales\/munimadrid\/es\/Inicio\/Servicios-sociales-y-salud\/Direcciones-y-telefonos\/Direccion-General-de-Familias-Infancia-Educacion-y-Juventud-Ayuntamiento-de-Madrid\/?vgnextfmt=default&amp;vgnextoid=e529e0e1f181c010VgnVCM1000000b205a0aRCRD&amp;vgnextchannel=2bc2c8eb248fe410VgnVCM1000000b205a0aRCRD\" target=\"_blank\" rel=\"noreferrer noopener\">&nbsp;Direcci\u00f3 General de Fam\u00edlia i Inf\u00e0ncia<\/a>&nbsp;gestionat per&nbsp;<strong><a href=\"https:\/\/abd.ong\/ca\/\" target=\"_blank\" rel=\"noreferrer noopener\">ABD Associaci\u00f3 Benestar i Desenvolupament<\/a>,&nbsp;<\/strong>qui ha d\u2019encarregar-se que cada Casa Gran compti amb un equip de professionals en psicologia i educaci\u00f3 social, amb formaci\u00f3 en l\u2019atenci\u00f3 a la primera inf\u00e0ncia i les seves fam\u00edlies, i de qu\u00e8 es disposi del material per a les activitats.<strong><\/strong><\/em><\/p>\n\n\n\n<p><a href=\"https:\/\/www.periodicohortaleza.org\/el-proyecto-casa-grande-llega-al-distrito\/\" target=\"_blank\" rel=\"noreferrer noopener\">El projecte Casa Gran arriba al districte<\/a><\/p>\n\n\n\n<p><strong>11\/10\/2022 \u2013 Xarxanet<\/strong><\/p>\n\n\n\n<p>\u201cTenim moltes an\u00e0lisis i discursos, per\u00f2 el problema b\u00e0sic \u00e9s la situaci\u00f3 administrativa\u201d, explica Bel\u00e9n Masi, responsable del programa. I \u00e9s que han hagut de reformular el projecte en veure que el 90% de les participants no tenien papers, i han transformat les primeres formacions en tallers especialitzats en Estrangeria i seguiments individuals.<\/p>\n\n\n\n<p><em>Not\u00edcia en la qual parla la responsable del programa europeu&nbsp;<a href=\"https:\/\/abd.ong\/programas\/mumsatswork\/\" target=\"_blank\" rel=\"noreferrer noopener\">Mums@Work<\/a>, Bel\u00e9n Masi<\/em>.<\/p>\n\n\n\n<p><a href=\"https:\/\/xarxanet.org\/social\/noticies\/dones-migrades-i-mares-la-recerca-de-feina-en-un-entorn-hostil\" target=\"_blank\" rel=\"noreferrer noopener\">Dones, migrades, i mares: quan la recerca de feina \u00e9s una gimcana d\u2019hostilitats<\/a><\/p>\n\n\n\n<p><strong>23\/10\/22 \u2013 La Vanguardia<\/strong><\/p>\n\n\n\n<p>El 14,92% de les m\u00e9s de 530 pastilles venudes com MDMA i analitzades aquest estiu en festivals d\u2019Andalusia, Balears, Catalunya i Madrid per part dels serveis d\u2019an\u00e0lisis de subst\u00e0ncies del Programa Energy Control de l\u2019Associaci\u00f3 Benestar i Desenvolupament, un total de 80 van resultar ser falses.<\/p>\n\n\n\n<p><em>Reportatge que recoje la informaci\u00f3 d\u2019un informe em\u00e8s per Energy Control.<\/em><\/p>\n\n\n\n<p><a href=\"https:\/\/www.lavanguardia.com\/vida\/20221023\/8578534\/15-mas-530-pastillas-vendidas-mdma-analizadas-energy-control-verano-festivales-falsas.html\" target=\"_blank\" rel=\"noreferrer noopener\">El 15% de les m\u00e9s de 530 pastilles venudes com MDMA i analitzades per Energy Control aquest estiu en festivals eren falses<\/a><\/p>\n\n\n\n<p><\/p>\n\n\n\n<p><\/p>\n\n\n\n<p><\/p>\n\n\n\n<p><\/p>\n\n\n\n<p><\/p>\n","protected":false},"excerpt":{"rendered":"<p>L\u2019Associaci\u00f3 Benestar i Desenvolupament (ABD) ha estat present en els mitjans de comunicaci\u00f3 durant aquest mes d&#8217;octubre. A continuaci\u00f3, el resum de premsa de les not\u00edcies, articles i reportatges en&hellip;<\/p>\n","protected":false},"author":2,"featured_media":14666,"comment_status":"closed","ping_status":"closed","sticky":false,"template":"","format":"standard","meta":{"_acf_changed":false,"footnotes":""},"categories":[66],"tags":[119,675,2446,175,3132,2379,2299,2300,3131,2305],"class_list":["post-38278","post","type-post","status-publish","format-standard","has-post-thumbnail","hentry","category-general-ca","tag-abd","tag-asociacion-bienestar-y-desarrollo-ca","tag-consum-de-drogues-ca","tag-drogas-ca","tag-fentanil","tag-habitatge-ca","tag-mitjans-de-comunicacio-ca","tag-noticies-ca","tag-punxades","tag-violencia-masclista"],"acf":[],"yoast_head":"<!-- This site is optimized with the Yoast SEO plugin v27.4 - https:\/\/yoast.com\/product\/yoast-seo-wordpress\/ -->\n<title>ABD als mitjans de comunicaci\u00f3 a l&#039;octubre - ABD<\/title>\n<meta name=\"description\" content=\"L\u2019Associaci\u00f3 Benestar i Desenvolupament (ABD) ha estat present en els mitjans de comunicaci\u00f3 durant aquest mes d&#039;octubre. A continuaci\u00f3, el resum de\" \/>\n<meta name=\"robots\" content=\"index, follow, max-snippet:-1, max-image-preview:large, max-video-preview:-1\" \/>\n<link rel=\"canonical\" href=\"https:\/\/abd.ong\/ca\/general-ca\/abd-als-mitjans-de-comunicacio-a-loctubre-3\/\" \/>\n<meta property=\"og:locale\" content=\"ca_ES\" \/>\n<meta property=\"og:type\" content=\"article\" \/>\n<meta property=\"og:title\" content=\"ABD als mitjans de comunicaci\u00f3 a l&#039;octubre - ABD\" \/>\n<meta property=\"og:description\" content=\"L\u2019Associaci\u00f3 Benestar i Desenvolupament (ABD) ha estat present en els mitjans de comunicaci\u00f3 durant aquest mes d&#039;octubre. A continuaci\u00f3, el resum de\" \/>\n<meta property=\"og:url\" content=\"https:\/\/abd.ong\/ca\/general-ca\/abd-als-mitjans-de-comunicacio-a-loctubre-3\/\" \/>\n<meta property=\"og:site_name\" content=\"ABD\" \/>\n<meta property=\"article:publisher\" content=\"https:\/\/www.facebook.com\/abd.ong\" \/>\n<meta property=\"article:published_time\" content=\"2022-10-25T14:41:47+00:00\" \/>\n<meta property=\"article:modified_time\" content=\"2022-10-27T07:37:36+00:00\" \/>\n<meta property=\"og:image\" content=\"https:\/\/abd.ong\/wp-content\/uploads\/2020\/05\/old-tv-1149416_1920.jpg\" \/>\n\t<meta property=\"og:image:width\" content=\"1919\" \/>\n\t<meta property=\"og:image:height\" content=\"977\" \/>\n\t<meta property=\"og:image:type\" content=\"image\/jpeg\" \/>\n<meta name=\"author\" content=\"Enric Guinart\" \/>\n<meta name=\"twitter:card\" content=\"summary_large_image\" \/>\n<meta name=\"twitter:creator\" content=\"@abd_ong\" \/>\n<meta name=\"twitter:site\" content=\"@abd_ong\" \/>\n<meta name=\"twitter:label1\" content=\"Escrit per\" \/>\n\t<meta name=\"twitter:data1\" content=\"Enric Guinart\" \/>\n\t<meta name=\"twitter:label2\" content=\"Temps estimat de lectura\" \/>\n\t<meta name=\"twitter:data2\" content=\"2 minuts\" \/>\n<script type=\"application\/ld+json\" class=\"yoast-schema-graph\">{\"@context\":\"https:\\\/\\\/schema.org\",\"@graph\":[{\"@type\":\"Article\",\"@id\":\"https:\\\/\\\/abd.ong\\\/ca\\\/general-ca\\\/abd-als-mitjans-de-comunicacio-a-loctubre-3\\\/#article\",\"isPartOf\":{\"@id\":\"https:\\\/\\\/abd.ong\\\/ca\\\/general-ca\\\/abd-als-mitjans-de-comunicacio-a-loctubre-3\\\/\"},\"author\":{\"name\":\"Enric Guinart\",\"@id\":\"https:\\\/\\\/abd.ong\\\/ca\\\/#\\\/schema\\\/person\\\/d0f5fe279a7ad908de6a6d1332bfd7d8\"},\"headline\":\"ABD als mitjans de comunicaci\u00f3 a l&#8217;octubre\",\"datePublished\":\"2022-10-25T14:41:47+00:00\",\"dateModified\":\"2022-10-27T07:37:36+00:00\",\"mainEntityOfPage\":{\"@id\":\"https:\\\/\\\/abd.ong\\\/ca\\\/general-ca\\\/abd-als-mitjans-de-comunicacio-a-loctubre-3\\\/\"},\"wordCount\":432,\"publisher\":{\"@id\":\"https:\\\/\\\/abd.ong\\\/ca\\\/#organization\"},\"image\":{\"@id\":\"https:\\\/\\\/abd.ong\\\/ca\\\/general-ca\\\/abd-als-mitjans-de-comunicacio-a-loctubre-3\\\/#primaryimage\"},\"thumbnailUrl\":\"https:\\\/\\\/abd.ong\\\/wp-content\\\/uploads\\\/2020\\\/05\\\/old-tv-1149416_1920.jpg\",\"keywords\":[\"ABD\",\"Asociaci\u00f3n Bienestar y Desarrollo\",\"consum de drogues\",\"drogas\",\"fentanil\",\"habitatge\",\"Mitjans de comunicaci\u00f3\",\"not\u00edcies\",\"punxades\",\"viol\u00e8ncia masclista\"],\"articleSection\":[\"General\"],\"inLanguage\":\"ca\"},{\"@type\":\"WebPage\",\"@id\":\"https:\\\/\\\/abd.ong\\\/ca\\\/general-ca\\\/abd-als-mitjans-de-comunicacio-a-loctubre-3\\\/\",\"url\":\"https:\\\/\\\/abd.ong\\\/ca\\\/general-ca\\\/abd-als-mitjans-de-comunicacio-a-loctubre-3\\\/\",\"name\":\"ABD als mitjans de comunicaci\u00f3 a l'octubre - ABD\",\"isPartOf\":{\"@id\":\"https:\\\/\\\/abd.ong\\\/ca\\\/#website\"},\"primaryImageOfPage\":{\"@id\":\"https:\\\/\\\/abd.ong\\\/ca\\\/general-ca\\\/abd-als-mitjans-de-comunicacio-a-loctubre-3\\\/#primaryimage\"},\"image\":{\"@id\":\"https:\\\/\\\/abd.ong\\\/ca\\\/general-ca\\\/abd-als-mitjans-de-comunicacio-a-loctubre-3\\\/#primaryimage\"},\"thumbnailUrl\":\"https:\\\/\\\/abd.ong\\\/wp-content\\\/uploads\\\/2020\\\/05\\\/old-tv-1149416_1920.jpg\",\"datePublished\":\"2022-10-25T14:41:47+00:00\",\"dateModified\":\"2022-10-27T07:37:36+00:00\",\"description\":\"L\u2019Associaci\u00f3 Benestar i Desenvolupament (ABD) ha estat present en els mitjans de comunicaci\u00f3 durant aquest mes d'octubre. A continuaci\u00f3, el resum de\",\"breadcrumb\":{\"@id\":\"https:\\\/\\\/abd.ong\\\/ca\\\/general-ca\\\/abd-als-mitjans-de-comunicacio-a-loctubre-3\\\/#breadcrumb\"},\"inLanguage\":\"ca\",\"potentialAction\":[{\"@type\":\"ReadAction\",\"target\":[\"https:\\\/\\\/abd.ong\\\/ca\\\/general-ca\\\/abd-als-mitjans-de-comunicacio-a-loctubre-3\\\/\"]}]},{\"@type\":\"ImageObject\",\"inLanguage\":\"ca\",\"@id\":\"https:\\\/\\\/abd.ong\\\/ca\\\/general-ca\\\/abd-als-mitjans-de-comunicacio-a-loctubre-3\\\/#primaryimage\",\"url\":\"https:\\\/\\\/abd.ong\\\/wp-content\\\/uploads\\\/2020\\\/05\\\/old-tv-1149416_1920.jpg\",\"contentUrl\":\"https:\\\/\\\/abd.ong\\\/wp-content\\\/uploads\\\/2020\\\/05\\\/old-tv-1149416_1920.jpg\",\"width\":1919,\"height\":977,\"caption\":\"medios de comunicaci\u00f3n\"},{\"@type\":\"BreadcrumbList\",\"@id\":\"https:\\\/\\\/abd.ong\\\/ca\\\/general-ca\\\/abd-als-mitjans-de-comunicacio-a-loctubre-3\\\/#breadcrumb\",\"itemListElement\":[{\"@type\":\"ListItem\",\"position\":1,\"name\":\"Inici\",\"item\":\"https:\\\/\\\/abd.ong\\\/ca\\\/\"},{\"@type\":\"ListItem\",\"position\":2,\"name\":\"ABD als mitjans de comunicaci\u00f3 a l&#8217;octubre\"}]},{\"@type\":\"WebSite\",\"@id\":\"https:\\\/\\\/abd.ong\\\/ca\\\/#website\",\"url\":\"https:\\\/\\\/abd.ong\\\/ca\\\/\",\"name\":\"ABD\",\"description\":\"Asociaci\u00f3n Bienestar y Desarrollo\",\"publisher\":{\"@id\":\"https:\\\/\\\/abd.ong\\\/ca\\\/#organization\"},\"potentialAction\":[{\"@type\":\"SearchAction\",\"target\":{\"@type\":\"EntryPoint\",\"urlTemplate\":\"https:\\\/\\\/abd.ong\\\/ca\\\/?s={search_term_string}\"},\"query-input\":{\"@type\":\"PropertyValueSpecification\",\"valueRequired\":true,\"valueName\":\"search_term_string\"}}],\"inLanguage\":\"ca\"},{\"@type\":\"Organization\",\"@id\":\"https:\\\/\\\/abd.ong\\\/ca\\\/#organization\",\"name\":\"Associaci\u00f3 Benestar i Desenvolupament\",\"alternateName\":\"ABD\",\"url\":\"https:\\\/\\\/abd.ong\\\/ca\\\/\",\"logo\":{\"@type\":\"ImageObject\",\"inLanguage\":\"ca\",\"@id\":\"https:\\\/\\\/abd.ong\\\/ca\\\/#\\\/schema\\\/logo\\\/image\\\/\",\"url\":\"https:\\\/\\\/abd.ong\\\/wp-content\\\/uploads\\\/2023\\\/01\\\/Icona.png\",\"contentUrl\":\"https:\\\/\\\/abd.ong\\\/wp-content\\\/uploads\\\/2023\\\/01\\\/Icona.png\",\"width\":190,\"height\":187,\"caption\":\"Associaci\u00f3 Benestar i Desenvolupament\"},\"image\":{\"@id\":\"https:\\\/\\\/abd.ong\\\/ca\\\/#\\\/schema\\\/logo\\\/image\\\/\"},\"sameAs\":[\"https:\\\/\\\/www.facebook.com\\\/abd.ong\",\"https:\\\/\\\/x.com\\\/abd_ong\",\"https:\\\/\\\/www.instagram.com\\\/abd_ong\\\/\",\"https:\\\/\\\/www.linkedin.com\\\/company\\\/abdong\",\"https:\\\/\\\/www.youtube.com\\\/user\\\/CANALABD\"]},{\"@type\":\"Person\",\"@id\":\"https:\\\/\\\/abd.ong\\\/ca\\\/#\\\/schema\\\/person\\\/d0f5fe279a7ad908de6a6d1332bfd7d8\",\"name\":\"Enric Guinart\"}]}<\/script>\n<!-- \/ Yoast SEO plugin. -->","yoast_head_json":{"title":"ABD als mitjans de comunicaci\u00f3 a l'octubre - ABD","description":"L\u2019Associaci\u00f3 Benestar i Desenvolupament (ABD) ha estat present en els mitjans de comunicaci\u00f3 durant aquest mes d'octubre. A continuaci\u00f3, el resum de","robots":{"index":"index","follow":"follow","max-snippet":"max-snippet:-1","max-image-preview":"max-image-preview:large","max-video-preview":"max-video-preview:-1"},"canonical":"https:\/\/abd.ong\/ca\/general-ca\/abd-als-mitjans-de-comunicacio-a-loctubre-3\/","og_locale":"ca_ES","og_type":"article","og_title":"ABD als mitjans de comunicaci\u00f3 a l'octubre - ABD","og_description":"L\u2019Associaci\u00f3 Benestar i Desenvolupament (ABD) ha estat present en els mitjans de comunicaci\u00f3 durant aquest mes d'octubre. A continuaci\u00f3, el resum de","og_url":"https:\/\/abd.ong\/ca\/general-ca\/abd-als-mitjans-de-comunicacio-a-loctubre-3\/","og_site_name":"ABD","article_publisher":"https:\/\/www.facebook.com\/abd.ong","article_published_time":"2022-10-25T14:41:47+00:00","article_modified_time":"2022-10-27T07:37:36+00:00","og_image":[{"width":1919,"height":977,"url":"https:\/\/abd.ong\/wp-content\/uploads\/2020\/05\/old-tv-1149416_1920.jpg","type":"image\/jpeg"}],"author":"Enric Guinart","twitter_card":"summary_large_image","twitter_creator":"@abd_ong","twitter_site":"@abd_ong","twitter_misc":{"Escrit per":"Enric Guinart","Temps estimat de lectura":"2 minuts"},"schema":{"@context":"https:\/\/schema.org","@graph":[{"@type":"Article","@id":"https:\/\/abd.ong\/ca\/general-ca\/abd-als-mitjans-de-comunicacio-a-loctubre-3\/#article","isPartOf":{"@id":"https:\/\/abd.ong\/ca\/general-ca\/abd-als-mitjans-de-comunicacio-a-loctubre-3\/"},"author":{"name":"Enric Guinart","@id":"https:\/\/abd.ong\/ca\/#\/schema\/person\/d0f5fe279a7ad908de6a6d1332bfd7d8"},"headline":"ABD als mitjans de comunicaci\u00f3 a l&#8217;octubre","datePublished":"2022-10-25T14:41:47+00:00","dateModified":"2022-10-27T07:37:36+00:00","mainEntityOfPage":{"@id":"https:\/\/abd.ong\/ca\/general-ca\/abd-als-mitjans-de-comunicacio-a-loctubre-3\/"},"wordCount":432,"publisher":{"@id":"https:\/\/abd.ong\/ca\/#organization"},"image":{"@id":"https:\/\/abd.ong\/ca\/general-ca\/abd-als-mitjans-de-comunicacio-a-loctubre-3\/#primaryimage"},"thumbnailUrl":"https:\/\/abd.ong\/wp-content\/uploads\/2020\/05\/old-tv-1149416_1920.jpg","keywords":["ABD","Asociaci\u00f3n Bienestar y Desarrollo","consum de drogues","drogas","fentanil","habitatge","Mitjans de comunicaci\u00f3","not\u00edcies","punxades","viol\u00e8ncia masclista"],"articleSection":["General"],"inLanguage":"ca"},{"@type":"WebPage","@id":"https:\/\/abd.ong\/ca\/general-ca\/abd-als-mitjans-de-comunicacio-a-loctubre-3\/","url":"https:\/\/abd.ong\/ca\/general-ca\/abd-als-mitjans-de-comunicacio-a-loctubre-3\/","name":"ABD als mitjans de comunicaci\u00f3 a l'octubre - ABD","isPartOf":{"@id":"https:\/\/abd.ong\/ca\/#website"},"primaryImageOfPage":{"@id":"https:\/\/abd.ong\/ca\/general-ca\/abd-als-mitjans-de-comunicacio-a-loctubre-3\/#primaryimage"},"image":{"@id":"https:\/\/abd.ong\/ca\/general-ca\/abd-als-mitjans-de-comunicacio-a-loctubre-3\/#primaryimage"},"thumbnailUrl":"https:\/\/abd.ong\/wp-content\/uploads\/2020\/05\/old-tv-1149416_1920.jpg","datePublished":"2022-10-25T14:41:47+00:00","dateModified":"2022-10-27T07:37:36+00:00","description":"L\u2019Associaci\u00f3 Benestar i Desenvolupament (ABD) ha estat present en els mitjans de comunicaci\u00f3 durant aquest mes d'octubre. A continuaci\u00f3, el resum de","breadcrumb":{"@id":"https:\/\/abd.ong\/ca\/general-ca\/abd-als-mitjans-de-comunicacio-a-loctubre-3\/#breadcrumb"},"inLanguage":"ca","potentialAction":[{"@type":"ReadAction","target":["https:\/\/abd.ong\/ca\/general-ca\/abd-als-mitjans-de-comunicacio-a-loctubre-3\/"]}]},{"@type":"ImageObject","inLanguage":"ca","@id":"https:\/\/abd.ong\/ca\/general-ca\/abd-als-mitjans-de-comunicacio-a-loctubre-3\/#primaryimage","url":"https:\/\/abd.ong\/wp-content\/uploads\/2020\/05\/old-tv-1149416_1920.jpg","contentUrl":"https:\/\/abd.ong\/wp-content\/uploads\/2020\/05\/old-tv-1149416_1920.jpg","width":1919,"height":977,"caption":"medios de comunicaci\u00f3n"},{"@type":"BreadcrumbList","@id":"https:\/\/abd.ong\/ca\/general-ca\/abd-als-mitjans-de-comunicacio-a-loctubre-3\/#breadcrumb","itemListElement":[{"@type":"ListItem","position":1,"name":"Inici","item":"https:\/\/abd.ong\/ca\/"},{"@type":"ListItem","position":2,"name":"ABD als mitjans de comunicaci\u00f3 a l&#8217;octubre"}]},{"@type":"WebSite","@id":"https:\/\/abd.ong\/ca\/#website","url":"https:\/\/abd.ong\/ca\/","name":"ABD","description":"Asociaci\u00f3n Bienestar y Desarrollo","publisher":{"@id":"https:\/\/abd.ong\/ca\/#organization"},"potentialAction":[{"@type":"SearchAction","target":{"@type":"EntryPoint","urlTemplate":"https:\/\/abd.ong\/ca\/?s={search_term_string}"},"query-input":{"@type":"PropertyValueSpecification","valueRequired":true,"valueName":"search_term_string"}}],"inLanguage":"ca"},{"@type":"Organization","@id":"https:\/\/abd.ong\/ca\/#organization","name":"Associaci\u00f3 Benestar i Desenvolupament","alternateName":"ABD","url":"https:\/\/abd.ong\/ca\/","logo":{"@type":"ImageObject","inLanguage":"ca","@id":"https:\/\/abd.ong\/ca\/#\/schema\/logo\/image\/","url":"https:\/\/abd.ong\/wp-content\/uploads\/2023\/01\/Icona.png","contentUrl":"https:\/\/abd.ong\/wp-content\/uploads\/2023\/01\/Icona.png","width":190,"height":187,"caption":"Associaci\u00f3 Benestar i Desenvolupament"},"image":{"@id":"https:\/\/abd.ong\/ca\/#\/schema\/logo\/image\/"},"sameAs":["https:\/\/www.facebook.com\/abd.ong","https:\/\/x.com\/abd_ong","https:\/\/www.instagram.com\/abd_ong\/","https:\/\/www.linkedin.com\/company\/abdong","https:\/\/www.youtube.com\/user\/CANALABD"]},{"@type":"Person","@id":"https:\/\/abd.ong\/ca\/#\/schema\/person\/d0f5fe279a7ad908de6a6d1332bfd7d8","name":"Enric Guinart"}]}},"_links":{"self":[{"href":"https:\/\/abd.ong\/ca\/wp-json\/wp\/v2\/posts\/38278","targetHints":{"allow":["GET"]}}],"collection":[{"href":"https:\/\/abd.ong\/ca\/wp-json\/wp\/v2\/posts"}],"about":[{"href":"https:\/\/abd.ong\/ca\/wp-json\/wp\/v2\/types\/post"}],"author":[{"embeddable":true,"href":"https:\/\/abd.ong\/ca\/wp-json\/wp\/v2\/users\/2"}],"replies":[{"embeddable":true,"href":"https:\/\/abd.ong\/ca\/wp-json\/wp\/v2\/comments?post=38278"}],"version-history":[{"count":3,"href":"https:\/\/abd.ong\/ca\/wp-json\/wp\/v2\/posts\/38278\/revisions"}],"predecessor-version":[{"id":38398,"href":"https:\/\/abd.ong\/ca\/wp-json\/wp\/v2\/posts\/38278\/revisions\/38398"}],"wp:featuredmedia":[{"embeddable":true,"href":"https:\/\/abd.ong\/ca\/wp-json\/wp\/v2\/media\/14666"}],"wp:attachment":[{"href":"https:\/\/abd.ong\/ca\/wp-json\/wp\/v2\/media?parent=38278"}],"wp:term":[{"taxonomy":"category","embeddable":true,"href":"https:\/\/abd.ong\/ca\/wp-json\/wp\/v2\/categories?post=38278"},{"taxonomy":"post_tag","embeddable":true,"href":"https:\/\/abd.ong\/ca\/wp-json\/wp\/v2\/tags?post=38278"}],"curies":[{"name":"wp","href":"https:\/\/api.w.org\/{rel}","templated":true}]}}