{"id":37102,"date":"2022-09-29T14:52:28","date_gmt":"2022-09-29T12:52:28","guid":{"rendered":"https:\/\/abd.ong\/?p=37102"},"modified":"2022-10-26T11:08:10","modified_gmt":"2022-10-26T09:08:10","slug":"abd-organitza-la-formacio-desenvolupament-de-capacitats-digitals-organitzatives-per-a-liders-del-tercer-sector-social","status":"publish","type":"post","link":"https:\/\/abd.ong\/ca\/internacional-ca\/abd-organitza-la-formacio-desenvolupament-de-capacitats-digitals-organitzatives-per-a-liders-del-tercer-sector-social\/","title":{"rendered":"ABD organitza la formaci\u00f3 \u2018Desenvolupament de capacitats digitals organitzatives per a l\u00edders del tercer sector social\u2019"},"content":{"rendered":"\n<p><span style=\"font-weight: 400;\">Els dies 17 i 18 d\u2019octubre, l&#8217;<a href=\"http:\/\/abd.ong\/ca\" target=\"_blank\" rel=\"noopener\">Associaci\u00f3 Benestar i Desenvolupament ABD<\/a> organitza la formaci\u00f3 \u2018<em>Desenvolupament de capacitats digitals organitzatives per a l\u00edders del tercer sector social<\/em>\u2019 (Developing Organisational Digital Capabilities for Third Social Sector Leaders &#8211; GOVERNANCE AND STRATEGY FOR IMPACT and ETHICAL PRACTICES) dins del projecte europeu <\/span><a href=\"https:\/\/abd.ong\/ca\/programes\/eu3-digital\/\"><span style=\"font-weight: 400;\">EU3Digital<\/span><\/a><span style=\"font-weight: 400;\">.<\/span><\/p>\n\n<p><span style=\"font-weight: 400;\">La sessi\u00f3, que s\u2019impartir\u00e0 en angl\u00e8s, est\u00e0 <\/span><span style=\"font-weight: 400;\">pensada per<strong> acollir a 10 representants d\u2019organitzacions del Tercer Sector, d\u2019empreses socials i de l\u2019administraci\u00f3 p\u00fablica<\/strong> amb experi\u00e8ncia en lideratge i gesti\u00f3 d\u2019equips, estrat\u00e8gia d\u2019entitat, etc. Volem convidar a persones i organitzacions que estan impulsant canvis i projectes en relaci\u00f3 a la transformaci\u00f3 digital amb l&#8217;objectiu de generar un espai d&#8217;intercanvi de coneixement compartit.\u00a0<\/span><\/p>\n\n<p>A m\u00e9s a m\u00e9s, la formaci\u00f3 oferir\u00e0 l&#8217;oportunitat de crear sinergies i una nova xarxa amb organitzacions i experts de Portugal, Cro\u00e0cia, el Regne Unit i els Pa\u00efsos Baixos.<\/p>\n\n<p><span style=\"font-weight: 400;\">La formaci\u00f3 abordar\u00e0 els seg\u00fcents<strong> temes clau<\/strong> al llarg dels dos dies:\u00a0<\/span><\/p>\n\n<ul class=\"wp-block-list\"><li>Principis estrat\u00e8gics per a l&#8217;impacte<\/li><li>Avaluaci\u00f3 organitzativa<\/li><li>Models de govern per generar impacte<\/li><li>Digitalitzaci\u00f3: Riscos, Efici\u00e8ncia i Escalabilitat<\/li><li>La gesti\u00f3 del rendiment<\/li><li>Mesura de l&#8217;impacte i rendici\u00f3 de comptes<\/li><li>Eines digitals en el treball quotidi\u00e0 en una organitzaci\u00f3<\/li><\/ul>\n\n<p><span style=\"font-weight: 400;\">I anir\u00e0 <strong>a c\u00e0rrec de<\/strong>:<\/span><\/p>\n\n<ul class=\"wp-block-list\"><li>Carlos Azevedo, President del Consell d&#8217;Administraci\u00f3 i CEO de l&#8217;IES-Social Business School i expresident del Consell i fundador d&#8217;ESLIDER-PORTUGAL, la primera xarxa portuguesa de l\u00edders de la societat civil i empreses socials.<\/li><li>Luna Dabinovic. Llicenciada en Administraci\u00f3 d&#8217;Empreses per la IE University, Gerent d&#8217;Operacions de La Choza Chula a Guatemala. M\u00e9s tard, desenvolupadora de negoci per SDG Monitor. Les seves \u00e0rees d&#8217;especialitzaci\u00f3 es troben en el camp de la reducci\u00f3 del risc de desastres, la medici\u00f3 de l&#8217;impacte, el desenvolupament internacional, l&#8217;emprenedoria social i la tasca humanit\u00e0ria.<\/li><\/ul>\n\n<p><\/p>\n\n<h4 class=\"wp-block-heading\"><a href=\"https:\/\/drive.google.com\/file\/d\/1rv7I1j36cCpL9zs_bX7QWNFtM_DGHr0Z\/view?usp=sharing\" target=\"_blank\" rel=\"noreferrer noopener\">M\u00e9s informaci\u00f3 sobre la formaci\u00f3<\/a><\/h4>\n\n<p><\/p>\n\n<p>Les jornades se celebraran a la <a href=\"https:\/\/goo.gl\/maps\/ptpBqSZSvMAKU7Tw7\" target=\"_blank\" rel=\"noopener\">seu d&#8217;ABD a Barcelona<\/a> i \u00e9s necess\u00e0ria la <strong>inscripci\u00f3<\/strong> a trav\u00e9s del <strong><a href=\"https:\/\/docs.google.com\/forms\/d\/e\/1FAIpQLSeqWiLYFMoNhapEZZsW_0s4169hllJ747O3C3bzgPf0jpzC9Q\/viewform\" target=\"_blank\" rel=\"noopener\">seg\u00fcent formulari<\/a> <\/strong>per a reservar pla\u00e7a<\/p>\n\n<div style=\"height:42px\" aria-hidden=\"true\" class=\"wp-block-spacer\"><\/div>\n\n<div class=\"wp-block-buttons is-content-justification-center is-layout-flex wp-container-core-buttons-is-layout-16018d1d wp-block-buttons-is-layout-flex\">\n<div class=\"wp-block-button\"><a class=\"wp-block-button__link has-luminous-vivid-orange-background-color has-background\" href=\"https:\/\/docs.google.com\/forms\/d\/e\/1FAIpQLSeqWiLYFMoNhapEZZsW_0s4169hllJ747O3C3bzgPf0jpzC9Q\/viewform\" style=\"border-radius:69px\" target=\"_blank\" rel=\"noreferrer noopener\">Inscriu-te<\/a><\/div>\n<\/div>\n\n<div style=\"height:43px\" aria-hidden=\"true\" class=\"wp-block-spacer\"><\/div>\n","protected":false},"excerpt":{"rendered":"<p>Els dies 17 i 18 d\u2019octubre, l&#8217;Associaci\u00f3 Benestar i Desenvolupament ABD organitza la formaci\u00f3 \u2018Desenvolupament de capacitats digitals organitzatives per a l\u00edders del tercer sector social\u2019 (Developing Organisational Digital Capabilities&hellip;<\/p>\n","protected":false},"author":9,"featured_media":37095,"comment_status":"closed","ping_status":"closed","sticky":false,"template":"","format":"standard","meta":{"_acf_changed":false,"footnotes":""},"categories":[66,2296],"tags":[675,3138,2447,117,1332,3137],"class_list":["post-37102","post","type-post","status-publish","format-standard","has-post-thumbnail","hentry","category-general-ca","category-internacional-ca","tag-asociacion-bienestar-y-desarrollo-ca","tag-digital-ca","tag-digitalitzacio","tag-formacio","tag-tercer-sector-ca-2","tag-transformacio-digital"],"acf":[],"yoast_head":"<!-- This site is optimized with the Yoast SEO plugin v27.4 - https:\/\/yoast.com\/product\/yoast-seo-wordpress\/ -->\n<title>ABD organitza la formaci\u00f3 \u2018Desenvolupament de capacitats digitals organitzatives per a l\u00edders del tercer sector social\u2019 - ABD<\/title>\n<meta name=\"description\" content=\"Els dies 17 i 18 d\u2019octubre, l&#039;Associaci\u00f3 Benestar i Desenvolupament ABD organitza la formaci\u00f3 \u2018Desenvolupament de capacitats digitals organitzatives per a\" \/>\n<meta name=\"robots\" content=\"index, follow, max-snippet:-1, max-image-preview:large, max-video-preview:-1\" \/>\n<link rel=\"canonical\" href=\"https:\/\/abd.ong\/ca\/internacional-ca\/abd-organitza-la-formacio-desenvolupament-de-capacitats-digitals-organitzatives-per-a-liders-del-tercer-sector-social\/\" \/>\n<meta property=\"og:locale\" content=\"ca_ES\" \/>\n<meta property=\"og:type\" content=\"article\" \/>\n<meta property=\"og:title\" content=\"ABD organitza la formaci\u00f3 \u2018Desenvolupament de capacitats digitals organitzatives per a l\u00edders del tercer sector social\u2019 - ABD\" \/>\n<meta property=\"og:description\" content=\"Els dies 17 i 18 d\u2019octubre, l&#039;Associaci\u00f3 Benestar i Desenvolupament ABD organitza la formaci\u00f3 \u2018Desenvolupament de capacitats digitals organitzatives per a\" \/>\n<meta property=\"og:url\" content=\"https:\/\/abd.ong\/ca\/internacional-ca\/abd-organitza-la-formacio-desenvolupament-de-capacitats-digitals-organitzatives-per-a-liders-del-tercer-sector-social\/\" \/>\n<meta property=\"og:site_name\" content=\"ABD\" \/>\n<meta property=\"article:publisher\" content=\"https:\/\/www.facebook.com\/abd.ong\" \/>\n<meta property=\"article:published_time\" content=\"2022-09-29T12:52:28+00:00\" \/>\n<meta property=\"article:modified_time\" content=\"2022-10-26T09:08:10+00:00\" \/>\n<meta property=\"og:image\" content=\"https:\/\/abd.ong\/wp-content\/uploads\/2022\/09\/EU3Digital-Barcelona-Training-e1664455893790.jpg\" \/>\n\t<meta property=\"og:image:width\" content=\"1920\" \/>\n\t<meta property=\"og:image:height\" content=\"1080\" \/>\n\t<meta property=\"og:image:type\" content=\"image\/jpeg\" \/>\n<meta name=\"author\" content=\"Maria Creixell\" \/>\n<meta name=\"twitter:card\" content=\"summary_large_image\" \/>\n<meta name=\"twitter:creator\" content=\"@abd_ong\" \/>\n<meta name=\"twitter:site\" content=\"@abd_ong\" \/>\n<meta name=\"twitter:label1\" content=\"Escrit per\" \/>\n\t<meta name=\"twitter:data1\" content=\"Maria Creixell\" \/>\n\t<meta name=\"twitter:label2\" content=\"Temps estimat de lectura\" \/>\n\t<meta name=\"twitter:data2\" content=\"2 minuts\" \/>\n<script type=\"application\/ld+json\" class=\"yoast-schema-graph\">{\"@context\":\"https:\\\/\\\/schema.org\",\"@graph\":[{\"@type\":\"Article\",\"@id\":\"https:\\\/\\\/abd.ong\\\/ca\\\/internacional-ca\\\/abd-organitza-la-formacio-desenvolupament-de-capacitats-digitals-organitzatives-per-a-liders-del-tercer-sector-social\\\/#article\",\"isPartOf\":{\"@id\":\"https:\\\/\\\/abd.ong\\\/ca\\\/internacional-ca\\\/abd-organitza-la-formacio-desenvolupament-de-capacitats-digitals-organitzatives-per-a-liders-del-tercer-sector-social\\\/\"},\"author\":{\"name\":\"Maria Creixell\",\"@id\":\"https:\\\/\\\/abd.ong\\\/ca\\\/#\\\/schema\\\/person\\\/d2e158b4173f683b3898e286f5b35a10\"},\"headline\":\"ABD organitza la formaci\u00f3 \u2018Desenvolupament de capacitats digitals organitzatives per a l\u00edders del tercer sector social\u2019\",\"datePublished\":\"2022-09-29T12:52:28+00:00\",\"dateModified\":\"2022-10-26T09:08:10+00:00\",\"mainEntityOfPage\":{\"@id\":\"https:\\\/\\\/abd.ong\\\/ca\\\/internacional-ca\\\/abd-organitza-la-formacio-desenvolupament-de-capacitats-digitals-organitzatives-per-a-liders-del-tercer-sector-social\\\/\"},\"wordCount\":369,\"publisher\":{\"@id\":\"https:\\\/\\\/abd.ong\\\/ca\\\/#organization\"},\"image\":{\"@id\":\"https:\\\/\\\/abd.ong\\\/ca\\\/internacional-ca\\\/abd-organitza-la-formacio-desenvolupament-de-capacitats-digitals-organitzatives-per-a-liders-del-tercer-sector-social\\\/#primaryimage\"},\"thumbnailUrl\":\"https:\\\/\\\/abd.ong\\\/wp-content\\\/uploads\\\/2022\\\/09\\\/EU3Digital-Barcelona-Training-e1664455893790.jpg\",\"keywords\":[\"Asociaci\u00f3n Bienestar y Desarrollo\",\"digital\",\"digitalitzaci\u00f3\",\"Formaci\u00f3\",\"Tercer Sector\",\"transformaci\u00f3 digital\"],\"articleSection\":[\"General\",\"Internacional\"],\"inLanguage\":\"ca\"},{\"@type\":\"WebPage\",\"@id\":\"https:\\\/\\\/abd.ong\\\/ca\\\/internacional-ca\\\/abd-organitza-la-formacio-desenvolupament-de-capacitats-digitals-organitzatives-per-a-liders-del-tercer-sector-social\\\/\",\"url\":\"https:\\\/\\\/abd.ong\\\/ca\\\/internacional-ca\\\/abd-organitza-la-formacio-desenvolupament-de-capacitats-digitals-organitzatives-per-a-liders-del-tercer-sector-social\\\/\",\"name\":\"ABD organitza la formaci\u00f3 \u2018Desenvolupament de capacitats digitals organitzatives per a l\u00edders del tercer sector social\u2019 - ABD\",\"isPartOf\":{\"@id\":\"https:\\\/\\\/abd.ong\\\/ca\\\/#website\"},\"primaryImageOfPage\":{\"@id\":\"https:\\\/\\\/abd.ong\\\/ca\\\/internacional-ca\\\/abd-organitza-la-formacio-desenvolupament-de-capacitats-digitals-organitzatives-per-a-liders-del-tercer-sector-social\\\/#primaryimage\"},\"image\":{\"@id\":\"https:\\\/\\\/abd.ong\\\/ca\\\/internacional-ca\\\/abd-organitza-la-formacio-desenvolupament-de-capacitats-digitals-organitzatives-per-a-liders-del-tercer-sector-social\\\/#primaryimage\"},\"thumbnailUrl\":\"https:\\\/\\\/abd.ong\\\/wp-content\\\/uploads\\\/2022\\\/09\\\/EU3Digital-Barcelona-Training-e1664455893790.jpg\",\"datePublished\":\"2022-09-29T12:52:28+00:00\",\"dateModified\":\"2022-10-26T09:08:10+00:00\",\"description\":\"Els dies 17 i 18 d\u2019octubre, l'Associaci\u00f3 Benestar i Desenvolupament ABD organitza la formaci\u00f3 \u2018Desenvolupament de capacitats digitals organitzatives per a\",\"breadcrumb\":{\"@id\":\"https:\\\/\\\/abd.ong\\\/ca\\\/internacional-ca\\\/abd-organitza-la-formacio-desenvolupament-de-capacitats-digitals-organitzatives-per-a-liders-del-tercer-sector-social\\\/#breadcrumb\"},\"inLanguage\":\"ca\",\"potentialAction\":[{\"@type\":\"ReadAction\",\"target\":[\"https:\\\/\\\/abd.ong\\\/ca\\\/internacional-ca\\\/abd-organitza-la-formacio-desenvolupament-de-capacitats-digitals-organitzatives-per-a-liders-del-tercer-sector-social\\\/\"]}]},{\"@type\":\"ImageObject\",\"inLanguage\":\"ca\",\"@id\":\"https:\\\/\\\/abd.ong\\\/ca\\\/internacional-ca\\\/abd-organitza-la-formacio-desenvolupament-de-capacitats-digitals-organitzatives-per-a-liders-del-tercer-sector-social\\\/#primaryimage\",\"url\":\"https:\\\/\\\/abd.ong\\\/wp-content\\\/uploads\\\/2022\\\/09\\\/EU3Digital-Barcelona-Training-e1664455893790.jpg\",\"contentUrl\":\"https:\\\/\\\/abd.ong\\\/wp-content\\\/uploads\\\/2022\\\/09\\\/EU3Digital-Barcelona-Training-e1664455893790.jpg\",\"width\":1920,\"height\":1080},{\"@type\":\"BreadcrumbList\",\"@id\":\"https:\\\/\\\/abd.ong\\\/ca\\\/internacional-ca\\\/abd-organitza-la-formacio-desenvolupament-de-capacitats-digitals-organitzatives-per-a-liders-del-tercer-sector-social\\\/#breadcrumb\",\"itemListElement\":[{\"@type\":\"ListItem\",\"position\":1,\"name\":\"Inici\",\"item\":\"https:\\\/\\\/abd.ong\\\/ca\\\/\"},{\"@type\":\"ListItem\",\"position\":2,\"name\":\"ABD organitza la formaci\u00f3 \u2018Desenvolupament de capacitats digitals organitzatives per a l\u00edders del tercer sector social\u2019\"}]},{\"@type\":\"WebSite\",\"@id\":\"https:\\\/\\\/abd.ong\\\/ca\\\/#website\",\"url\":\"https:\\\/\\\/abd.ong\\\/ca\\\/\",\"name\":\"ABD\",\"description\":\"Asociaci\u00f3n Bienestar y Desarrollo\",\"publisher\":{\"@id\":\"https:\\\/\\\/abd.ong\\\/ca\\\/#organization\"},\"potentialAction\":[{\"@type\":\"SearchAction\",\"target\":{\"@type\":\"EntryPoint\",\"urlTemplate\":\"https:\\\/\\\/abd.ong\\\/ca\\\/?s={search_term_string}\"},\"query-input\":{\"@type\":\"PropertyValueSpecification\",\"valueRequired\":true,\"valueName\":\"search_term_string\"}}],\"inLanguage\":\"ca\"},{\"@type\":\"Organization\",\"@id\":\"https:\\\/\\\/abd.ong\\\/ca\\\/#organization\",\"name\":\"Associaci\u00f3 Benestar i Desenvolupament\",\"alternateName\":\"ABD\",\"url\":\"https:\\\/\\\/abd.ong\\\/ca\\\/\",\"logo\":{\"@type\":\"ImageObject\",\"inLanguage\":\"ca\",\"@id\":\"https:\\\/\\\/abd.ong\\\/ca\\\/#\\\/schema\\\/logo\\\/image\\\/\",\"url\":\"https:\\\/\\\/abd.ong\\\/wp-content\\\/uploads\\\/2023\\\/01\\\/Icona.png\",\"contentUrl\":\"https:\\\/\\\/abd.ong\\\/wp-content\\\/uploads\\\/2023\\\/01\\\/Icona.png\",\"width\":190,\"height\":187,\"caption\":\"Associaci\u00f3 Benestar i Desenvolupament\"},\"image\":{\"@id\":\"https:\\\/\\\/abd.ong\\\/ca\\\/#\\\/schema\\\/logo\\\/image\\\/\"},\"sameAs\":[\"https:\\\/\\\/www.facebook.com\\\/abd.ong\",\"https:\\\/\\\/x.com\\\/abd_ong\",\"https:\\\/\\\/www.instagram.com\\\/abd_ong\\\/\",\"https:\\\/\\\/www.linkedin.com\\\/company\\\/abdong\",\"https:\\\/\\\/www.youtube.com\\\/user\\\/CANALABD\"]},{\"@type\":\"Person\",\"@id\":\"https:\\\/\\\/abd.ong\\\/ca\\\/#\\\/schema\\\/person\\\/d2e158b4173f683b3898e286f5b35a10\",\"name\":\"Maria Creixell\"}]}<\/script>\n<!-- \/ Yoast SEO plugin. -->","yoast_head_json":{"title":"ABD organitza la formaci\u00f3 \u2018Desenvolupament de capacitats digitals organitzatives per a l\u00edders del tercer sector social\u2019 - ABD","description":"Els dies 17 i 18 d\u2019octubre, l'Associaci\u00f3 Benestar i Desenvolupament ABD organitza la formaci\u00f3 \u2018Desenvolupament de capacitats digitals organitzatives per a","robots":{"index":"index","follow":"follow","max-snippet":"max-snippet:-1","max-image-preview":"max-image-preview:large","max-video-preview":"max-video-preview:-1"},"canonical":"https:\/\/abd.ong\/ca\/internacional-ca\/abd-organitza-la-formacio-desenvolupament-de-capacitats-digitals-organitzatives-per-a-liders-del-tercer-sector-social\/","og_locale":"ca_ES","og_type":"article","og_title":"ABD organitza la formaci\u00f3 \u2018Desenvolupament de capacitats digitals organitzatives per a l\u00edders del tercer sector social\u2019 - ABD","og_description":"Els dies 17 i 18 d\u2019octubre, l'Associaci\u00f3 Benestar i Desenvolupament ABD organitza la formaci\u00f3 \u2018Desenvolupament de capacitats digitals organitzatives per a","og_url":"https:\/\/abd.ong\/ca\/internacional-ca\/abd-organitza-la-formacio-desenvolupament-de-capacitats-digitals-organitzatives-per-a-liders-del-tercer-sector-social\/","og_site_name":"ABD","article_publisher":"https:\/\/www.facebook.com\/abd.ong","article_published_time":"2022-09-29T12:52:28+00:00","article_modified_time":"2022-10-26T09:08:10+00:00","og_image":[{"width":1920,"height":1080,"url":"https:\/\/abd.ong\/wp-content\/uploads\/2022\/09\/EU3Digital-Barcelona-Training-e1664455893790.jpg","type":"image\/jpeg"}],"author":"Maria Creixell","twitter_card":"summary_large_image","twitter_creator":"@abd_ong","twitter_site":"@abd_ong","twitter_misc":{"Escrit per":"Maria Creixell","Temps estimat de lectura":"2 minuts"},"schema":{"@context":"https:\/\/schema.org","@graph":[{"@type":"Article","@id":"https:\/\/abd.ong\/ca\/internacional-ca\/abd-organitza-la-formacio-desenvolupament-de-capacitats-digitals-organitzatives-per-a-liders-del-tercer-sector-social\/#article","isPartOf":{"@id":"https:\/\/abd.ong\/ca\/internacional-ca\/abd-organitza-la-formacio-desenvolupament-de-capacitats-digitals-organitzatives-per-a-liders-del-tercer-sector-social\/"},"author":{"name":"Maria Creixell","@id":"https:\/\/abd.ong\/ca\/#\/schema\/person\/d2e158b4173f683b3898e286f5b35a10"},"headline":"ABD organitza la formaci\u00f3 \u2018Desenvolupament de capacitats digitals organitzatives per a l\u00edders del tercer sector social\u2019","datePublished":"2022-09-29T12:52:28+00:00","dateModified":"2022-10-26T09:08:10+00:00","mainEntityOfPage":{"@id":"https:\/\/abd.ong\/ca\/internacional-ca\/abd-organitza-la-formacio-desenvolupament-de-capacitats-digitals-organitzatives-per-a-liders-del-tercer-sector-social\/"},"wordCount":369,"publisher":{"@id":"https:\/\/abd.ong\/ca\/#organization"},"image":{"@id":"https:\/\/abd.ong\/ca\/internacional-ca\/abd-organitza-la-formacio-desenvolupament-de-capacitats-digitals-organitzatives-per-a-liders-del-tercer-sector-social\/#primaryimage"},"thumbnailUrl":"https:\/\/abd.ong\/wp-content\/uploads\/2022\/09\/EU3Digital-Barcelona-Training-e1664455893790.jpg","keywords":["Asociaci\u00f3n Bienestar y Desarrollo","digital","digitalitzaci\u00f3","Formaci\u00f3","Tercer Sector","transformaci\u00f3 digital"],"articleSection":["General","Internacional"],"inLanguage":"ca"},{"@type":"WebPage","@id":"https:\/\/abd.ong\/ca\/internacional-ca\/abd-organitza-la-formacio-desenvolupament-de-capacitats-digitals-organitzatives-per-a-liders-del-tercer-sector-social\/","url":"https:\/\/abd.ong\/ca\/internacional-ca\/abd-organitza-la-formacio-desenvolupament-de-capacitats-digitals-organitzatives-per-a-liders-del-tercer-sector-social\/","name":"ABD organitza la formaci\u00f3 \u2018Desenvolupament de capacitats digitals organitzatives per a l\u00edders del tercer sector social\u2019 - ABD","isPartOf":{"@id":"https:\/\/abd.ong\/ca\/#website"},"primaryImageOfPage":{"@id":"https:\/\/abd.ong\/ca\/internacional-ca\/abd-organitza-la-formacio-desenvolupament-de-capacitats-digitals-organitzatives-per-a-liders-del-tercer-sector-social\/#primaryimage"},"image":{"@id":"https:\/\/abd.ong\/ca\/internacional-ca\/abd-organitza-la-formacio-desenvolupament-de-capacitats-digitals-organitzatives-per-a-liders-del-tercer-sector-social\/#primaryimage"},"thumbnailUrl":"https:\/\/abd.ong\/wp-content\/uploads\/2022\/09\/EU3Digital-Barcelona-Training-e1664455893790.jpg","datePublished":"2022-09-29T12:52:28+00:00","dateModified":"2022-10-26T09:08:10+00:00","description":"Els dies 17 i 18 d\u2019octubre, l'Associaci\u00f3 Benestar i Desenvolupament ABD organitza la formaci\u00f3 \u2018Desenvolupament de capacitats digitals organitzatives per a","breadcrumb":{"@id":"https:\/\/abd.ong\/ca\/internacional-ca\/abd-organitza-la-formacio-desenvolupament-de-capacitats-digitals-organitzatives-per-a-liders-del-tercer-sector-social\/#breadcrumb"},"inLanguage":"ca","potentialAction":[{"@type":"ReadAction","target":["https:\/\/abd.ong\/ca\/internacional-ca\/abd-organitza-la-formacio-desenvolupament-de-capacitats-digitals-organitzatives-per-a-liders-del-tercer-sector-social\/"]}]},{"@type":"ImageObject","inLanguage":"ca","@id":"https:\/\/abd.ong\/ca\/internacional-ca\/abd-organitza-la-formacio-desenvolupament-de-capacitats-digitals-organitzatives-per-a-liders-del-tercer-sector-social\/#primaryimage","url":"https:\/\/abd.ong\/wp-content\/uploads\/2022\/09\/EU3Digital-Barcelona-Training-e1664455893790.jpg","contentUrl":"https:\/\/abd.ong\/wp-content\/uploads\/2022\/09\/EU3Digital-Barcelona-Training-e1664455893790.jpg","width":1920,"height":1080},{"@type":"BreadcrumbList","@id":"https:\/\/abd.ong\/ca\/internacional-ca\/abd-organitza-la-formacio-desenvolupament-de-capacitats-digitals-organitzatives-per-a-liders-del-tercer-sector-social\/#breadcrumb","itemListElement":[{"@type":"ListItem","position":1,"name":"Inici","item":"https:\/\/abd.ong\/ca\/"},{"@type":"ListItem","position":2,"name":"ABD organitza la formaci\u00f3 \u2018Desenvolupament de capacitats digitals organitzatives per a l\u00edders del tercer sector social\u2019"}]},{"@type":"WebSite","@id":"https:\/\/abd.ong\/ca\/#website","url":"https:\/\/abd.ong\/ca\/","name":"ABD","description":"Asociaci\u00f3n Bienestar y Desarrollo","publisher":{"@id":"https:\/\/abd.ong\/ca\/#organization"},"potentialAction":[{"@type":"SearchAction","target":{"@type":"EntryPoint","urlTemplate":"https:\/\/abd.ong\/ca\/?s={search_term_string}"},"query-input":{"@type":"PropertyValueSpecification","valueRequired":true,"valueName":"search_term_string"}}],"inLanguage":"ca"},{"@type":"Organization","@id":"https:\/\/abd.ong\/ca\/#organization","name":"Associaci\u00f3 Benestar i Desenvolupament","alternateName":"ABD","url":"https:\/\/abd.ong\/ca\/","logo":{"@type":"ImageObject","inLanguage":"ca","@id":"https:\/\/abd.ong\/ca\/#\/schema\/logo\/image\/","url":"https:\/\/abd.ong\/wp-content\/uploads\/2023\/01\/Icona.png","contentUrl":"https:\/\/abd.ong\/wp-content\/uploads\/2023\/01\/Icona.png","width":190,"height":187,"caption":"Associaci\u00f3 Benestar i Desenvolupament"},"image":{"@id":"https:\/\/abd.ong\/ca\/#\/schema\/logo\/image\/"},"sameAs":["https:\/\/www.facebook.com\/abd.ong","https:\/\/x.com\/abd_ong","https:\/\/www.instagram.com\/abd_ong\/","https:\/\/www.linkedin.com\/company\/abdong","https:\/\/www.youtube.com\/user\/CANALABD"]},{"@type":"Person","@id":"https:\/\/abd.ong\/ca\/#\/schema\/person\/d2e158b4173f683b3898e286f5b35a10","name":"Maria Creixell"}]}},"_links":{"self":[{"href":"https:\/\/abd.ong\/ca\/wp-json\/wp\/v2\/posts\/37102","targetHints":{"allow":["GET"]}}],"collection":[{"href":"https:\/\/abd.ong\/ca\/wp-json\/wp\/v2\/posts"}],"about":[{"href":"https:\/\/abd.ong\/ca\/wp-json\/wp\/v2\/types\/post"}],"author":[{"embeddable":true,"href":"https:\/\/abd.ong\/ca\/wp-json\/wp\/v2\/users\/9"}],"replies":[{"embeddable":true,"href":"https:\/\/abd.ong\/ca\/wp-json\/wp\/v2\/comments?post=37102"}],"version-history":[{"count":3,"href":"https:\/\/abd.ong\/ca\/wp-json\/wp\/v2\/posts\/37102\/revisions"}],"predecessor-version":[{"id":38318,"href":"https:\/\/abd.ong\/ca\/wp-json\/wp\/v2\/posts\/37102\/revisions\/38318"}],"wp:featuredmedia":[{"embeddable":true,"href":"https:\/\/abd.ong\/ca\/wp-json\/wp\/v2\/media\/37095"}],"wp:attachment":[{"href":"https:\/\/abd.ong\/ca\/wp-json\/wp\/v2\/media?parent=37102"}],"wp:term":[{"taxonomy":"category","embeddable":true,"href":"https:\/\/abd.ong\/ca\/wp-json\/wp\/v2\/categories?post=37102"},{"taxonomy":"post_tag","embeddable":true,"href":"https:\/\/abd.ong\/ca\/wp-json\/wp\/v2\/tags?post=37102"}],"curies":[{"name":"wp","href":"https:\/\/api.w.org\/{rel}","templated":true}]}}