{"id":36976,"date":"2022-09-28T10:15:58","date_gmt":"2022-09-28T08:15:58","guid":{"rendered":"https:\/\/abd.ong\/?p=36976"},"modified":"2022-09-28T11:00:58","modified_gmt":"2022-09-28T09:00:58","slug":"abd-als-mitjans-de-comunicacio-al-setembre-3","status":"publish","type":"post","link":"https:\/\/abd.ong\/ca\/general-ca\/abd-als-mitjans-de-comunicacio-al-setembre-3\/","title":{"rendered":"ABD als mitjans de comunicaci\u00f3 al setembre"},"content":{"rendered":"\n<p>L&#8217;<a href=\"https:\/\/abd.ong\/ca\/\" target=\"_blank\" rel=\"noreferrer noopener\"><strong>Associaci\u00f3 Benestar i Desenvolupament<\/strong><\/a><strong>\u00a0(ABD)<\/strong> ha estat present als mitjans de comunicaci\u00f3 durant aquest mes de setembre. A continuaci\u00f3, el resum de premsa de les not\u00edcies, articles i reportatges en els quals hem participat com a entitat<\/p>\n\n\n\n<div style=\"height:30px\" aria-hidden=\"true\" class=\"wp-block-spacer\"><\/div>\n\n\n\n<p><strong>01\/09\/2022 &#8211; Social.cat<\/strong><\/p>\n\n\n\n<p><em><em>\u201c\u00c9s dolor\u00f3s presenciar di\u00e0riament com all\u00f2 que hauria de ser un dret garantit ocupa un espai perif\u00e8ric en l&#8217;acci\u00f3 pol\u00edtica. No \u00e9s feina dels serveis socials ni de les entitats fer pol\u00edtiques d&#8217;habitatge&#8221;.<\/em><\/em><\/p>\n\n\n\n<p><em><em>Article d&#8217;opini\u00f3 redactat per la directora del Departament T\u00e8cnic i l&#8217;\u00c0rea d&#8217;Intervenci\u00f3 de Pobresa i inclusi\u00f3 d&#8217;Associaci\u00f3 Benestar i Desenvolupament ABD, M\u00f3nica Plana.<\/em><\/em><\/p>\n\n\n\n<p><a href=\"https:\/\/www.social.cat\/opinio\/17335\/urgencia-habitacional-i-respostes-apedacades\" target=\"_blank\" rel=\"noreferrer noopener\"><a href=\"https:\/\/www.social.cat\/opinio\/17335\/urgencia-habitacional-i-respostes-apedacades\" target=\"_blank\" rel=\"noreferrer noopener\">Urg\u00e8ncia residencial i respostes apeda\u00e7ades<\/a><\/a><\/p>\n\n\n\n<p><\/p>\n\n\n\n<p><strong>01\/0892022 &#8211; <strong>Revista C\u00e1\u00f1amo<\/strong><\/strong><\/p>\n\n\n\n<p><em><em>En la gran majoria de les mostres adulterades amb cafe\u00efna recollides per Energy Control, la concentraci\u00f3 de sulfat d&#8217;amfetamina (el que se suposa que \u00e9s l&#8217;\u00fanic component del speed, o almenys el principal) era menor del 50%.<\/em><\/em><\/p>\n\n\n\n<p>Reportatge en el qual interv\u00e9 la responsable d&#8217;an\u00e0lisi d&#8217;Energy Control, Mireia Ventura.<\/p>\n\n\n\n<p><a href=\"https:\/\/canamo.net\/noticias\/espana\/el-64-del-speed-analizado-en-espana-esta-adulterado-con-cafeina\" target=\"_blank\" rel=\"noreferrer noopener\"><a href=\"https:\/\/canamo.net\/noticias\/espana\/el-64-del-speed-analizado-en-espana-esta-adulterado-con-cafeina\" target=\"_blank\" rel=\"noreferrer noopener\">El 64% del speed analitzat a Espanya est\u00e0 adulterat amb cafe\u00efna<\/a><\/a><\/p>\n\n\n\n<p><\/p>\n\n\n\n<p><strong>06\/09\/2022 &#8211; M\u00e8dia.cat<\/strong><\/p>\n\n\n\n<p><em><em>&#8220;Les drogues s\u00f3n tractades com un problema social o d&#8217;ordre p\u00fablic capa\u00e7 de general p\u00e0nic moral&#8221;, s&#8217;afirma en la guia publicada per Energy Control, que a m\u00e9s assenyala que hi ha un &#8220;discurs medi\u00e0tic carregat de mites, estigmes i menyspreu a l&#8217;evid\u00e8ncia cient\u00edfica&#8221;.<\/em><\/em><\/p>\n\n\n\n<p><em><em>L&#8217;article presenta la guia de recomanacions en el tractament informatiu de les subst\u00e0ncies psicoactives publicada per\u00a0Energy\u00a0Control: &#8216;Digues s\u00ed a la bona informaci\u00f3: periodisme i drogues&#8217;.<\/em><\/em><\/p>\n\n\n\n<p><a href=\"https:\/\/www.media.cat\/2022\/09\/06\/desinformacio-sobre-drogues-al-discurs-mediatic\/\"><a href=\"https:\/\/www.elconfidencial.com\/espana\/2022-08-02\/pinchazo-jeringuilla-sumision-quimica-leyenda-urbana_3470003\/?fbclid=IwAR0EKGujfjGc6aNcVDEsp4oLEn1jHWsJWdo91xjVA2K032QTArj-bPUBxEw\" target=\"_blank\" rel=\"noreferrer noopener\">(Des)Informaci\u00f3 sobre drogues<\/a> <a href=\"https:\/\/www.media.cat\/2022\/09\/06\/desinformacio-sobre-drogues-al-discurs-mediatic\/\" target=\"_blank\" rel=\"noreferrer noopener\">al discurs medi\u00e0tic<\/a><\/a><\/p>\n\n\n\n<p><\/p>\n\n\n\n<p><strong>08\/09\/22 &#8211; 20 minutos<\/strong><\/p>\n\n\n\n<p><em><em>El director\u00a0d&#8217;Energy\u00a0Control,\u00a0Claudio Vidal, explica alguns dels problemes que planteja la q\u00fcesti\u00f3 de les subst\u00e0ncies. &#8220;Nosaltres hem volgut manifestar que es tracti de casos de submissi\u00f3 qu\u00edmica. Les punxades <strong>existeixen<\/strong>, per\u00f2 tenim molts dubtes que es tracti d&#8217;un m\u00e8tode d&#8217;administraci\u00f3 de subst\u00e0ncies amb la finalitat de cometre una agressi\u00f3 sexual&#8221;.<\/em><\/em><\/p>\n\n\n\n<p><em>Reportatge sobre les &#8220;punxades&#8221; a les discoteques en el qual participa el director de Energy Control, Claudio Vidal.<\/em><\/p>\n\n\n\n<p><a href=\"https:\/\/www.20minutos.es\/salud\/actualidad\/un-experto-explica-los-interrogantes-detras-de-los-pinchazos-a-mujeres-lo-que-se-esta-inoculando-es-miedo-5044021\/\" target=\"_blank\" rel=\"noreferrer noopener\">Els experts expliquen els interrogants darrere de les punxades a dones en discoteques: &#8220;El que s&#8217;est\u00e0 inoculant \u00e9s por&#8221;<\/a><\/p>\n\n\n\n<p><\/p>\n\n\n\n<p><strong>24\/09\/22 &#8211; RAC1<\/strong><\/p>\n\n\n\n<p><em><em>&#8220;A Catalunya no s&#8217;han detectat evid\u00e8ncies de consum habitual en els diferents seguiments de control que efectuem peri\u00f2dicament en punts recreatius i zones de consum supervisat de subst\u00e0ncies. Aix\u00f2 no vol dir que puntualment s&#8217;hagi localitzat algun resultat positiu, per\u00f2 sempre de manera a\u00efllada i excepcional i procedent de productes farmac\u00e8utics&#8221;, afegeix.<\/em><\/em><\/p>\n\n\n\n<p><em>Reportatge en el qual interv\u00e9 el director de l&#8217;\u00e0rea de drogues d&#8217;ABD, Josep Rovira.<\/em><\/p>\n\n\n\n<p><a href=\"https:\/\/www.rac1.cat\/societat\/20220923\/100615\/fentanil-addiccio-drogues-analgesic-medicament-legal-sobredosi-estats-units-morts-espanya-quart-pais-consum.html\" target=\"_blank\" rel=\"noreferrer noopener\"><a href=\"https:\/\/www.rac1.cat\/societat\/20220923\/100615\/fentanil-addiccio-drogues-analgesic-medicament-legal-sobredosi-estats-units-morts-espanya-quart-pais-consum.html\" target=\"_blank\" rel=\"noreferrer noopener\">Espanya \u00e9s el quart pa\u00eds del m\u00f3n amb m\u00e9s consum de fentanil, la droga que provoca centenars de morts al dia als Estats Units<\/a><\/a><\/p>\n\n\n\n<p><\/p>\n\n\n\n<p><strong>26\/09\/2022 &#8211; RTVE<\/strong><\/p>\n\n\n\n<p><em><em>&#8220;Les persones consumidores continuen tenint preocupaci\u00f3 per la seva salut, continuen tenint molts dubtes i moltes vegades la informaci\u00f3 que estan buscant que sigui objectiva i \u00fatil no \u00e9s f\u00e0cil d&#8217;aconseguir: des dels efectes que li pot provocar una subst\u00e0ncia, els temps de detecci\u00f3 de drogues en l&#8217;organisme, o q\u00fcestions legals\u2026&#8221;.<\/em><\/em><\/p>\n\n\n\n<p><em>Entrevista al director de Energy Control, Claudio Vidal<\/em>.<\/p>\n\n\n\n<p><a href=\"https:\/\/www.rtve.es\/play\/audios\/por-tres-razones\/peligros-turkey-teeth\/6700583\/\" target=\"_blank\" rel=\"noreferrer noopener\">&#8216;Turkey teeth&#8217;: el que \u00e9s barat surt car<\/a><\/p>\n\n\n\n<p><\/p>\n\n\n\n<p><\/p>\n","protected":false},"excerpt":{"rendered":"<p>L&#8217;Associaci\u00f3 Benestar i Desenvolupament\u00a0(ABD) ha estat present als mitjans de comunicaci\u00f3 durant aquest mes de setembre. A continuaci\u00f3, el resum de premsa de les not\u00edcies, articles i reportatges en els&hellip;<\/p>\n","protected":false},"author":2,"featured_media":14666,"comment_status":"closed","ping_status":"closed","sticky":false,"template":"","format":"standard","meta":{"_acf_changed":false,"footnotes":""},"categories":[66],"tags":[1897,675,2446,175,3132,2379,2299,2300,3131,2305],"class_list":["post-36976","post","type-post","status-publish","format-standard","has-post-thumbnail","hentry","category-general-ca","tag-abd-2-ca","tag-asociacion-bienestar-y-desarrollo-ca","tag-consum-de-drogues-ca","tag-drogas-ca","tag-fentanil","tag-habitatge-ca","tag-mitjans-de-comunicacio-ca","tag-noticies-ca","tag-punxades","tag-violencia-masclista"],"acf":[],"yoast_head":"<!-- This site is optimized with the Yoast SEO plugin v27.4 - https:\/\/yoast.com\/product\/yoast-seo-wordpress\/ -->\n<title>ABD als mitjans de comunicaci\u00f3 al setembre - ABD<\/title>\n<meta name=\"description\" content=\"L&#039;Associaci\u00f3 Benestar i Desenvolupament\u00a0(ABD) ha estat present als mitjans de comunicaci\u00f3 durant aquest mes de setembre. A continuaci\u00f3, el resum de premsa\" \/>\n<meta name=\"robots\" content=\"index, follow, max-snippet:-1, max-image-preview:large, max-video-preview:-1\" \/>\n<link rel=\"canonical\" href=\"https:\/\/abd.ong\/ca\/general-ca\/abd-als-mitjans-de-comunicacio-al-setembre-3\/\" \/>\n<meta property=\"og:locale\" content=\"ca_ES\" \/>\n<meta property=\"og:type\" content=\"article\" \/>\n<meta property=\"og:title\" content=\"ABD als mitjans de comunicaci\u00f3 al setembre - ABD\" \/>\n<meta property=\"og:description\" content=\"L&#039;Associaci\u00f3 Benestar i Desenvolupament\u00a0(ABD) ha estat present als mitjans de comunicaci\u00f3 durant aquest mes de setembre. A continuaci\u00f3, el resum de premsa\" \/>\n<meta property=\"og:url\" content=\"https:\/\/abd.ong\/ca\/general-ca\/abd-als-mitjans-de-comunicacio-al-setembre-3\/\" \/>\n<meta property=\"og:site_name\" content=\"ABD\" \/>\n<meta property=\"article:publisher\" content=\"https:\/\/www.facebook.com\/abd.ong\" \/>\n<meta property=\"article:published_time\" content=\"2022-09-28T08:15:58+00:00\" \/>\n<meta property=\"article:modified_time\" content=\"2022-09-28T09:00:58+00:00\" \/>\n<meta property=\"og:image\" content=\"https:\/\/abd.ong\/wp-content\/uploads\/2020\/05\/old-tv-1149416_1920.jpg\" \/>\n\t<meta property=\"og:image:width\" content=\"1919\" \/>\n\t<meta property=\"og:image:height\" content=\"977\" \/>\n\t<meta property=\"og:image:type\" content=\"image\/jpeg\" \/>\n<meta name=\"author\" content=\"Enric Guinart\" \/>\n<meta name=\"twitter:card\" content=\"summary_large_image\" \/>\n<meta name=\"twitter:creator\" content=\"@abd_ong\" \/>\n<meta name=\"twitter:site\" content=\"@abd_ong\" \/>\n<meta name=\"twitter:label1\" content=\"Escrit per\" \/>\n\t<meta name=\"twitter:data1\" content=\"Enric Guinart\" \/>\n\t<meta name=\"twitter:label2\" content=\"Temps estimat de lectura\" \/>\n\t<meta name=\"twitter:data2\" content=\"3 minuts\" \/>\n<script type=\"application\/ld+json\" class=\"yoast-schema-graph\">{\"@context\":\"https:\\\/\\\/schema.org\",\"@graph\":[{\"@type\":\"Article\",\"@id\":\"https:\\\/\\\/abd.ong\\\/ca\\\/general-ca\\\/abd-als-mitjans-de-comunicacio-al-setembre-3\\\/#article\",\"isPartOf\":{\"@id\":\"https:\\\/\\\/abd.ong\\\/ca\\\/general-ca\\\/abd-als-mitjans-de-comunicacio-al-setembre-3\\\/\"},\"author\":{\"name\":\"Enric Guinart\",\"@id\":\"https:\\\/\\\/abd.ong\\\/ca\\\/#\\\/schema\\\/person\\\/d0f5fe279a7ad908de6a6d1332bfd7d8\"},\"headline\":\"ABD als mitjans de comunicaci\u00f3 al setembre\",\"datePublished\":\"2022-09-28T08:15:58+00:00\",\"dateModified\":\"2022-09-28T09:00:58+00:00\",\"mainEntityOfPage\":{\"@id\":\"https:\\\/\\\/abd.ong\\\/ca\\\/general-ca\\\/abd-als-mitjans-de-comunicacio-al-setembre-3\\\/\"},\"wordCount\":566,\"publisher\":{\"@id\":\"https:\\\/\\\/abd.ong\\\/ca\\\/#organization\"},\"image\":{\"@id\":\"https:\\\/\\\/abd.ong\\\/ca\\\/general-ca\\\/abd-als-mitjans-de-comunicacio-al-setembre-3\\\/#primaryimage\"},\"thumbnailUrl\":\"https:\\\/\\\/abd.ong\\\/wp-content\\\/uploads\\\/2020\\\/05\\\/old-tv-1149416_1920.jpg\",\"keywords\":[\"ABD\",\"Asociaci\u00f3n Bienestar y Desarrollo\",\"consum de drogues\",\"drogas\",\"fentanil\",\"habitatge\",\"Mitjans de comunicaci\u00f3\",\"not\u00edcies\",\"punxades\",\"viol\u00e8ncia masclista\"],\"articleSection\":[\"General\"],\"inLanguage\":\"ca\"},{\"@type\":\"WebPage\",\"@id\":\"https:\\\/\\\/abd.ong\\\/ca\\\/general-ca\\\/abd-als-mitjans-de-comunicacio-al-setembre-3\\\/\",\"url\":\"https:\\\/\\\/abd.ong\\\/ca\\\/general-ca\\\/abd-als-mitjans-de-comunicacio-al-setembre-3\\\/\",\"name\":\"ABD als mitjans de comunicaci\u00f3 al setembre - ABD\",\"isPartOf\":{\"@id\":\"https:\\\/\\\/abd.ong\\\/ca\\\/#website\"},\"primaryImageOfPage\":{\"@id\":\"https:\\\/\\\/abd.ong\\\/ca\\\/general-ca\\\/abd-als-mitjans-de-comunicacio-al-setembre-3\\\/#primaryimage\"},\"image\":{\"@id\":\"https:\\\/\\\/abd.ong\\\/ca\\\/general-ca\\\/abd-als-mitjans-de-comunicacio-al-setembre-3\\\/#primaryimage\"},\"thumbnailUrl\":\"https:\\\/\\\/abd.ong\\\/wp-content\\\/uploads\\\/2020\\\/05\\\/old-tv-1149416_1920.jpg\",\"datePublished\":\"2022-09-28T08:15:58+00:00\",\"dateModified\":\"2022-09-28T09:00:58+00:00\",\"description\":\"L'Associaci\u00f3 Benestar i Desenvolupament\u00a0(ABD) ha estat present als mitjans de comunicaci\u00f3 durant aquest mes de setembre. A continuaci\u00f3, el resum de premsa\",\"breadcrumb\":{\"@id\":\"https:\\\/\\\/abd.ong\\\/ca\\\/general-ca\\\/abd-als-mitjans-de-comunicacio-al-setembre-3\\\/#breadcrumb\"},\"inLanguage\":\"ca\",\"potentialAction\":[{\"@type\":\"ReadAction\",\"target\":[\"https:\\\/\\\/abd.ong\\\/ca\\\/general-ca\\\/abd-als-mitjans-de-comunicacio-al-setembre-3\\\/\"]}]},{\"@type\":\"ImageObject\",\"inLanguage\":\"ca\",\"@id\":\"https:\\\/\\\/abd.ong\\\/ca\\\/general-ca\\\/abd-als-mitjans-de-comunicacio-al-setembre-3\\\/#primaryimage\",\"url\":\"https:\\\/\\\/abd.ong\\\/wp-content\\\/uploads\\\/2020\\\/05\\\/old-tv-1149416_1920.jpg\",\"contentUrl\":\"https:\\\/\\\/abd.ong\\\/wp-content\\\/uploads\\\/2020\\\/05\\\/old-tv-1149416_1920.jpg\",\"width\":1919,\"height\":977,\"caption\":\"medios de comunicaci\u00f3n\"},{\"@type\":\"BreadcrumbList\",\"@id\":\"https:\\\/\\\/abd.ong\\\/ca\\\/general-ca\\\/abd-als-mitjans-de-comunicacio-al-setembre-3\\\/#breadcrumb\",\"itemListElement\":[{\"@type\":\"ListItem\",\"position\":1,\"name\":\"Inici\",\"item\":\"https:\\\/\\\/abd.ong\\\/ca\\\/\"},{\"@type\":\"ListItem\",\"position\":2,\"name\":\"ABD als mitjans de comunicaci\u00f3 al setembre\"}]},{\"@type\":\"WebSite\",\"@id\":\"https:\\\/\\\/abd.ong\\\/ca\\\/#website\",\"url\":\"https:\\\/\\\/abd.ong\\\/ca\\\/\",\"name\":\"ABD\",\"description\":\"Asociaci\u00f3n Bienestar y Desarrollo\",\"publisher\":{\"@id\":\"https:\\\/\\\/abd.ong\\\/ca\\\/#organization\"},\"potentialAction\":[{\"@type\":\"SearchAction\",\"target\":{\"@type\":\"EntryPoint\",\"urlTemplate\":\"https:\\\/\\\/abd.ong\\\/ca\\\/?s={search_term_string}\"},\"query-input\":{\"@type\":\"PropertyValueSpecification\",\"valueRequired\":true,\"valueName\":\"search_term_string\"}}],\"inLanguage\":\"ca\"},{\"@type\":\"Organization\",\"@id\":\"https:\\\/\\\/abd.ong\\\/ca\\\/#organization\",\"name\":\"Associaci\u00f3 Benestar i Desenvolupament\",\"alternateName\":\"ABD\",\"url\":\"https:\\\/\\\/abd.ong\\\/ca\\\/\",\"logo\":{\"@type\":\"ImageObject\",\"inLanguage\":\"ca\",\"@id\":\"https:\\\/\\\/abd.ong\\\/ca\\\/#\\\/schema\\\/logo\\\/image\\\/\",\"url\":\"https:\\\/\\\/abd.ong\\\/wp-content\\\/uploads\\\/2023\\\/01\\\/Icona.png\",\"contentUrl\":\"https:\\\/\\\/abd.ong\\\/wp-content\\\/uploads\\\/2023\\\/01\\\/Icona.png\",\"width\":190,\"height\":187,\"caption\":\"Associaci\u00f3 Benestar i Desenvolupament\"},\"image\":{\"@id\":\"https:\\\/\\\/abd.ong\\\/ca\\\/#\\\/schema\\\/logo\\\/image\\\/\"},\"sameAs\":[\"https:\\\/\\\/www.facebook.com\\\/abd.ong\",\"https:\\\/\\\/x.com\\\/abd_ong\",\"https:\\\/\\\/www.instagram.com\\\/abd_ong\\\/\",\"https:\\\/\\\/www.linkedin.com\\\/company\\\/abdong\",\"https:\\\/\\\/www.youtube.com\\\/user\\\/CANALABD\"]},{\"@type\":\"Person\",\"@id\":\"https:\\\/\\\/abd.ong\\\/ca\\\/#\\\/schema\\\/person\\\/d0f5fe279a7ad908de6a6d1332bfd7d8\",\"name\":\"Enric Guinart\"}]}<\/script>\n<!-- \/ Yoast SEO plugin. -->","yoast_head_json":{"title":"ABD als mitjans de comunicaci\u00f3 al setembre - ABD","description":"L'Associaci\u00f3 Benestar i Desenvolupament\u00a0(ABD) ha estat present als mitjans de comunicaci\u00f3 durant aquest mes de setembre. A continuaci\u00f3, el resum de premsa","robots":{"index":"index","follow":"follow","max-snippet":"max-snippet:-1","max-image-preview":"max-image-preview:large","max-video-preview":"max-video-preview:-1"},"canonical":"https:\/\/abd.ong\/ca\/general-ca\/abd-als-mitjans-de-comunicacio-al-setembre-3\/","og_locale":"ca_ES","og_type":"article","og_title":"ABD als mitjans de comunicaci\u00f3 al setembre - ABD","og_description":"L'Associaci\u00f3 Benestar i Desenvolupament\u00a0(ABD) ha estat present als mitjans de comunicaci\u00f3 durant aquest mes de setembre. A continuaci\u00f3, el resum de premsa","og_url":"https:\/\/abd.ong\/ca\/general-ca\/abd-als-mitjans-de-comunicacio-al-setembre-3\/","og_site_name":"ABD","article_publisher":"https:\/\/www.facebook.com\/abd.ong","article_published_time":"2022-09-28T08:15:58+00:00","article_modified_time":"2022-09-28T09:00:58+00:00","og_image":[{"width":1919,"height":977,"url":"https:\/\/abd.ong\/wp-content\/uploads\/2020\/05\/old-tv-1149416_1920.jpg","type":"image\/jpeg"}],"author":"Enric Guinart","twitter_card":"summary_large_image","twitter_creator":"@abd_ong","twitter_site":"@abd_ong","twitter_misc":{"Escrit per":"Enric Guinart","Temps estimat de lectura":"3 minuts"},"schema":{"@context":"https:\/\/schema.org","@graph":[{"@type":"Article","@id":"https:\/\/abd.ong\/ca\/general-ca\/abd-als-mitjans-de-comunicacio-al-setembre-3\/#article","isPartOf":{"@id":"https:\/\/abd.ong\/ca\/general-ca\/abd-als-mitjans-de-comunicacio-al-setembre-3\/"},"author":{"name":"Enric Guinart","@id":"https:\/\/abd.ong\/ca\/#\/schema\/person\/d0f5fe279a7ad908de6a6d1332bfd7d8"},"headline":"ABD als mitjans de comunicaci\u00f3 al setembre","datePublished":"2022-09-28T08:15:58+00:00","dateModified":"2022-09-28T09:00:58+00:00","mainEntityOfPage":{"@id":"https:\/\/abd.ong\/ca\/general-ca\/abd-als-mitjans-de-comunicacio-al-setembre-3\/"},"wordCount":566,"publisher":{"@id":"https:\/\/abd.ong\/ca\/#organization"},"image":{"@id":"https:\/\/abd.ong\/ca\/general-ca\/abd-als-mitjans-de-comunicacio-al-setembre-3\/#primaryimage"},"thumbnailUrl":"https:\/\/abd.ong\/wp-content\/uploads\/2020\/05\/old-tv-1149416_1920.jpg","keywords":["ABD","Asociaci\u00f3n Bienestar y Desarrollo","consum de drogues","drogas","fentanil","habitatge","Mitjans de comunicaci\u00f3","not\u00edcies","punxades","viol\u00e8ncia masclista"],"articleSection":["General"],"inLanguage":"ca"},{"@type":"WebPage","@id":"https:\/\/abd.ong\/ca\/general-ca\/abd-als-mitjans-de-comunicacio-al-setembre-3\/","url":"https:\/\/abd.ong\/ca\/general-ca\/abd-als-mitjans-de-comunicacio-al-setembre-3\/","name":"ABD als mitjans de comunicaci\u00f3 al setembre - ABD","isPartOf":{"@id":"https:\/\/abd.ong\/ca\/#website"},"primaryImageOfPage":{"@id":"https:\/\/abd.ong\/ca\/general-ca\/abd-als-mitjans-de-comunicacio-al-setembre-3\/#primaryimage"},"image":{"@id":"https:\/\/abd.ong\/ca\/general-ca\/abd-als-mitjans-de-comunicacio-al-setembre-3\/#primaryimage"},"thumbnailUrl":"https:\/\/abd.ong\/wp-content\/uploads\/2020\/05\/old-tv-1149416_1920.jpg","datePublished":"2022-09-28T08:15:58+00:00","dateModified":"2022-09-28T09:00:58+00:00","description":"L'Associaci\u00f3 Benestar i Desenvolupament\u00a0(ABD) ha estat present als mitjans de comunicaci\u00f3 durant aquest mes de setembre. A continuaci\u00f3, el resum de premsa","breadcrumb":{"@id":"https:\/\/abd.ong\/ca\/general-ca\/abd-als-mitjans-de-comunicacio-al-setembre-3\/#breadcrumb"},"inLanguage":"ca","potentialAction":[{"@type":"ReadAction","target":["https:\/\/abd.ong\/ca\/general-ca\/abd-als-mitjans-de-comunicacio-al-setembre-3\/"]}]},{"@type":"ImageObject","inLanguage":"ca","@id":"https:\/\/abd.ong\/ca\/general-ca\/abd-als-mitjans-de-comunicacio-al-setembre-3\/#primaryimage","url":"https:\/\/abd.ong\/wp-content\/uploads\/2020\/05\/old-tv-1149416_1920.jpg","contentUrl":"https:\/\/abd.ong\/wp-content\/uploads\/2020\/05\/old-tv-1149416_1920.jpg","width":1919,"height":977,"caption":"medios de comunicaci\u00f3n"},{"@type":"BreadcrumbList","@id":"https:\/\/abd.ong\/ca\/general-ca\/abd-als-mitjans-de-comunicacio-al-setembre-3\/#breadcrumb","itemListElement":[{"@type":"ListItem","position":1,"name":"Inici","item":"https:\/\/abd.ong\/ca\/"},{"@type":"ListItem","position":2,"name":"ABD als mitjans de comunicaci\u00f3 al setembre"}]},{"@type":"WebSite","@id":"https:\/\/abd.ong\/ca\/#website","url":"https:\/\/abd.ong\/ca\/","name":"ABD","description":"Asociaci\u00f3n Bienestar y Desarrollo","publisher":{"@id":"https:\/\/abd.ong\/ca\/#organization"},"potentialAction":[{"@type":"SearchAction","target":{"@type":"EntryPoint","urlTemplate":"https:\/\/abd.ong\/ca\/?s={search_term_string}"},"query-input":{"@type":"PropertyValueSpecification","valueRequired":true,"valueName":"search_term_string"}}],"inLanguage":"ca"},{"@type":"Organization","@id":"https:\/\/abd.ong\/ca\/#organization","name":"Associaci\u00f3 Benestar i Desenvolupament","alternateName":"ABD","url":"https:\/\/abd.ong\/ca\/","logo":{"@type":"ImageObject","inLanguage":"ca","@id":"https:\/\/abd.ong\/ca\/#\/schema\/logo\/image\/","url":"https:\/\/abd.ong\/wp-content\/uploads\/2023\/01\/Icona.png","contentUrl":"https:\/\/abd.ong\/wp-content\/uploads\/2023\/01\/Icona.png","width":190,"height":187,"caption":"Associaci\u00f3 Benestar i Desenvolupament"},"image":{"@id":"https:\/\/abd.ong\/ca\/#\/schema\/logo\/image\/"},"sameAs":["https:\/\/www.facebook.com\/abd.ong","https:\/\/x.com\/abd_ong","https:\/\/www.instagram.com\/abd_ong\/","https:\/\/www.linkedin.com\/company\/abdong","https:\/\/www.youtube.com\/user\/CANALABD"]},{"@type":"Person","@id":"https:\/\/abd.ong\/ca\/#\/schema\/person\/d0f5fe279a7ad908de6a6d1332bfd7d8","name":"Enric Guinart"}]}},"_links":{"self":[{"href":"https:\/\/abd.ong\/ca\/wp-json\/wp\/v2\/posts\/36976","targetHints":{"allow":["GET"]}}],"collection":[{"href":"https:\/\/abd.ong\/ca\/wp-json\/wp\/v2\/posts"}],"about":[{"href":"https:\/\/abd.ong\/ca\/wp-json\/wp\/v2\/types\/post"}],"author":[{"embeddable":true,"href":"https:\/\/abd.ong\/ca\/wp-json\/wp\/v2\/users\/2"}],"replies":[{"embeddable":true,"href":"https:\/\/abd.ong\/ca\/wp-json\/wp\/v2\/comments?post=36976"}],"version-history":[{"count":3,"href":"https:\/\/abd.ong\/ca\/wp-json\/wp\/v2\/posts\/36976\/revisions"}],"predecessor-version":[{"id":36990,"href":"https:\/\/abd.ong\/ca\/wp-json\/wp\/v2\/posts\/36976\/revisions\/36990"}],"wp:featuredmedia":[{"embeddable":true,"href":"https:\/\/abd.ong\/ca\/wp-json\/wp\/v2\/media\/14666"}],"wp:attachment":[{"href":"https:\/\/abd.ong\/ca\/wp-json\/wp\/v2\/media?parent=36976"}],"wp:term":[{"taxonomy":"category","embeddable":true,"href":"https:\/\/abd.ong\/ca\/wp-json\/wp\/v2\/categories?post=36976"},{"taxonomy":"post_tag","embeddable":true,"href":"https:\/\/abd.ong\/ca\/wp-json\/wp\/v2\/tags?post=36976"}],"curies":[{"name":"wp","href":"https:\/\/api.w.org\/{rel}","templated":true}]}}