{"id":36321,"date":"2022-09-12T13:41:16","date_gmt":"2022-09-12T11:41:16","guid":{"rendered":"https:\/\/abd.ong\/sense-categoria\/abd-promou-la-formacio-de-la-plantilla-i-families-vinculades-a-lentitat-traves-de-lacord-amb-eae-business-school\/"},"modified":"2022-09-28T13:38:16","modified_gmt":"2022-09-28T11:38:16","slug":"abd-promou-la-formacio-de-la-plantilla-i-families-vinculades-a-lentitat-traves-de-lacord-amb-eae-business-school","status":"publish","type":"post","link":"https:\/\/abd.ong\/ca\/general-ca\/abd-promou-la-formacio-de-la-plantilla-i-families-vinculades-a-lentitat-traves-de-lacord-amb-eae-business-school\/","title":{"rendered":"ABD promou la formaci\u00f3 de la plantilla i fam\u00edlies vinculades a l&#8217;entitat trav\u00e9s de l&#8217;acord amb EAE Business School"},"content":{"rendered":"\n<p>Els i les treballadors\/es de l&#8217;<a href=\"http:\/\/abd.ong\/ca\" target=\"_blank\" rel=\"noopener\">Associaci\u00f3 Benestar i Desenvolupament ABD<\/a> i les fam\u00edlies vinculades a l&#8217;entitat podran accedir a beques per a la matr\u00edcula en M\u00e0sters i Programes Superiors a l&#8217;escola EAE Business School. Mitjan\u00e7ant l<a href=\"https:\/\/acuerdos.eaeformacion.com\/\" target=\"_blank\" rel=\"noopener\">&#8216;Acord 2022 Empreses<\/a>, s&#8217;ofereixen avantatges en les modalitats en l\u00ednia i semipresencial com un finan\u00e7ament sense interessos o places becades al 40%.<\/p>\n\n<p>La finalitat d&#8217;aquest acord \u00e9s donar l&#8217;oportunitat a les empreses i organitzacions de formar a la seva plantilla.<\/p>\n\n<p>Principals condicions:<\/p>\n\n<ul class=\"wp-block-list\"><li>Adre\u00e7at a empleats\/des i familiars<\/li><li><strong>Places Becades al 40%<\/strong> per a M\u00e0sters i Prog. Superiors<\/li><li><strong>Finan\u00e7ament gratu\u00eft<\/strong> i sense interessos a 24 mesos<\/li><li><strong>Modalitats flexibles<\/strong> (en l\u00ednia i semipresencial)<\/li><li>Obtenci\u00f3 de <strong>doble titulaci\u00f3<\/strong> amb la Universitat de Barcelona-IL3 i EAE<\/li><\/ul>\n\n<p>Consulta totes les formacions <a href=\"https:\/\/drive.google.com\/file\/d\/1wgCUJ5QvHLgUhuAk2PXbykC2Y8V4VeN3\/view?usp=sharing\" target=\"_blank\" rel=\"noreferrer noopener\"><strong>aqu\u00ed<\/strong><\/a><\/p>\n","protected":false},"excerpt":{"rendered":"<p>Els i les treballadors\/es de l&#8217;Associaci\u00f3 Benestar i Desenvolupament ABD i les fam\u00edlies vinculades a l&#8217;entitat podran accedir a beques per a la matr\u00edcula en M\u00e0sters i Programes Superiors a&hellip;<\/p>\n","protected":false},"author":9,"featured_media":36312,"comment_status":"closed","ping_status":"closed","sticky":false,"template":"","format":"standard","meta":{"_acf_changed":false,"footnotes":""},"categories":[66],"tags":[1897,675,3099,3098,3097],"class_list":["post-36321","post","type-post","status-publish","format-standard","has-post-thumbnail","hentry","category-general-ca","tag-abd-2-ca","tag-asociacion-bienestar-y-desarrollo-ca","tag-beques","tag-eae-business-school-ca","tag-rsc-ca"],"acf":[],"yoast_head":"<!-- This site is optimized with the Yoast SEO plugin v27.4 - https:\/\/yoast.com\/product\/yoast-seo-wordpress\/ -->\n<title>ABD promou la formaci\u00f3 de la plantilla i fam\u00edlies vinculades a l&#039;entitat trav\u00e9s de l&#039;acord amb EAE Business School - ABD<\/title>\n<meta name=\"description\" content=\"Els i les treballadors\/es de l&#039;Associaci\u00f3 Benestar i Desenvolupament ABD i les fam\u00edlies vinculades a l&#039;entitat podran accedir a beques per a la matr\u00edcula\" \/>\n<meta name=\"robots\" content=\"index, follow, max-snippet:-1, max-image-preview:large, max-video-preview:-1\" \/>\n<link rel=\"canonical\" href=\"https:\/\/abd.ong\/ca\/general-ca\/abd-promou-la-formacio-de-la-plantilla-i-families-vinculades-a-lentitat-traves-de-lacord-amb-eae-business-school\/\" \/>\n<meta property=\"og:locale\" content=\"ca_ES\" \/>\n<meta property=\"og:type\" content=\"article\" \/>\n<meta property=\"og:title\" content=\"ABD promou la formaci\u00f3 de la plantilla i fam\u00edlies vinculades a l&#039;entitat trav\u00e9s de l&#039;acord amb EAE Business School - ABD\" \/>\n<meta property=\"og:description\" content=\"Els i les treballadors\/es de l&#039;Associaci\u00f3 Benestar i Desenvolupament ABD i les fam\u00edlies vinculades a l&#039;entitat podran accedir a beques per a la matr\u00edcula\" \/>\n<meta property=\"og:url\" content=\"https:\/\/abd.ong\/ca\/general-ca\/abd-promou-la-formacio-de-la-plantilla-i-families-vinculades-a-lentitat-traves-de-lacord-amb-eae-business-school\/\" \/>\n<meta property=\"og:site_name\" content=\"ABD\" \/>\n<meta property=\"article:publisher\" content=\"https:\/\/www.facebook.com\/abd.ong\" \/>\n<meta property=\"article:published_time\" content=\"2022-09-12T11:41:16+00:00\" \/>\n<meta property=\"article:modified_time\" content=\"2022-09-28T11:38:16+00:00\" \/>\n<meta property=\"og:image\" content=\"https:\/\/abd.ong\/wp-content\/uploads\/2022\/09\/Acuerdo-EAE-Empresas-2022_Pagina_1-1.jpg\" \/>\n\t<meta property=\"og:image:width\" content=\"2048\" \/>\n\t<meta property=\"og:image:height\" content=\"997\" \/>\n\t<meta property=\"og:image:type\" content=\"image\/jpeg\" \/>\n<meta name=\"author\" content=\"Maria Creixell\" \/>\n<meta name=\"twitter:card\" content=\"summary_large_image\" \/>\n<meta name=\"twitter:creator\" content=\"@abd_ong\" \/>\n<meta name=\"twitter:site\" content=\"@abd_ong\" \/>\n<meta name=\"twitter:label1\" content=\"Escrit per\" \/>\n\t<meta name=\"twitter:data1\" content=\"Maria Creixell\" \/>\n\t<meta name=\"twitter:label2\" content=\"Temps estimat de lectura\" \/>\n\t<meta name=\"twitter:data2\" content=\"1 minut\" \/>\n<script type=\"application\/ld+json\" class=\"yoast-schema-graph\">{\"@context\":\"https:\\\/\\\/schema.org\",\"@graph\":[{\"@type\":\"Article\",\"@id\":\"https:\\\/\\\/abd.ong\\\/ca\\\/general-ca\\\/abd-promou-la-formacio-de-la-plantilla-i-families-vinculades-a-lentitat-traves-de-lacord-amb-eae-business-school\\\/#article\",\"isPartOf\":{\"@id\":\"https:\\\/\\\/abd.ong\\\/ca\\\/general-ca\\\/abd-promou-la-formacio-de-la-plantilla-i-families-vinculades-a-lentitat-traves-de-lacord-amb-eae-business-school\\\/\"},\"author\":{\"name\":\"Maria Creixell\",\"@id\":\"https:\\\/\\\/abd.ong\\\/ca\\\/#\\\/schema\\\/person\\\/d2e158b4173f683b3898e286f5b35a10\"},\"headline\":\"ABD promou la formaci\u00f3 de la plantilla i fam\u00edlies vinculades a l&#8217;entitat trav\u00e9s de l&#8217;acord amb EAE Business School\",\"datePublished\":\"2022-09-12T11:41:16+00:00\",\"dateModified\":\"2022-09-28T11:38:16+00:00\",\"mainEntityOfPage\":{\"@id\":\"https:\\\/\\\/abd.ong\\\/ca\\\/general-ca\\\/abd-promou-la-formacio-de-la-plantilla-i-families-vinculades-a-lentitat-traves-de-lacord-amb-eae-business-school\\\/\"},\"wordCount\":161,\"publisher\":{\"@id\":\"https:\\\/\\\/abd.ong\\\/ca\\\/#organization\"},\"image\":{\"@id\":\"https:\\\/\\\/abd.ong\\\/ca\\\/general-ca\\\/abd-promou-la-formacio-de-la-plantilla-i-families-vinculades-a-lentitat-traves-de-lacord-amb-eae-business-school\\\/#primaryimage\"},\"thumbnailUrl\":\"https:\\\/\\\/abd.ong\\\/wp-content\\\/uploads\\\/2022\\\/09\\\/Acuerdo-EAE-Empresas-2022_Pagina_1-1.jpg\",\"keywords\":[\"ABD\",\"Asociaci\u00f3n Bienestar y Desarrollo\",\"beques\",\"EAE Business School\",\"RSC\"],\"articleSection\":[\"General\"],\"inLanguage\":\"ca\"},{\"@type\":\"WebPage\",\"@id\":\"https:\\\/\\\/abd.ong\\\/ca\\\/general-ca\\\/abd-promou-la-formacio-de-la-plantilla-i-families-vinculades-a-lentitat-traves-de-lacord-amb-eae-business-school\\\/\",\"url\":\"https:\\\/\\\/abd.ong\\\/ca\\\/general-ca\\\/abd-promou-la-formacio-de-la-plantilla-i-families-vinculades-a-lentitat-traves-de-lacord-amb-eae-business-school\\\/\",\"name\":\"ABD promou la formaci\u00f3 de la plantilla i fam\u00edlies vinculades a l'entitat trav\u00e9s de l'acord amb EAE Business School - ABD\",\"isPartOf\":{\"@id\":\"https:\\\/\\\/abd.ong\\\/ca\\\/#website\"},\"primaryImageOfPage\":{\"@id\":\"https:\\\/\\\/abd.ong\\\/ca\\\/general-ca\\\/abd-promou-la-formacio-de-la-plantilla-i-families-vinculades-a-lentitat-traves-de-lacord-amb-eae-business-school\\\/#primaryimage\"},\"image\":{\"@id\":\"https:\\\/\\\/abd.ong\\\/ca\\\/general-ca\\\/abd-promou-la-formacio-de-la-plantilla-i-families-vinculades-a-lentitat-traves-de-lacord-amb-eae-business-school\\\/#primaryimage\"},\"thumbnailUrl\":\"https:\\\/\\\/abd.ong\\\/wp-content\\\/uploads\\\/2022\\\/09\\\/Acuerdo-EAE-Empresas-2022_Pagina_1-1.jpg\",\"datePublished\":\"2022-09-12T11:41:16+00:00\",\"dateModified\":\"2022-09-28T11:38:16+00:00\",\"description\":\"Els i les treballadors\\\/es de l'Associaci\u00f3 Benestar i Desenvolupament ABD i les fam\u00edlies vinculades a l'entitat podran accedir a beques per a la matr\u00edcula\",\"breadcrumb\":{\"@id\":\"https:\\\/\\\/abd.ong\\\/ca\\\/general-ca\\\/abd-promou-la-formacio-de-la-plantilla-i-families-vinculades-a-lentitat-traves-de-lacord-amb-eae-business-school\\\/#breadcrumb\"},\"inLanguage\":\"ca\",\"potentialAction\":[{\"@type\":\"ReadAction\",\"target\":[\"https:\\\/\\\/abd.ong\\\/ca\\\/general-ca\\\/abd-promou-la-formacio-de-la-plantilla-i-families-vinculades-a-lentitat-traves-de-lacord-amb-eae-business-school\\\/\"]}]},{\"@type\":\"ImageObject\",\"inLanguage\":\"ca\",\"@id\":\"https:\\\/\\\/abd.ong\\\/ca\\\/general-ca\\\/abd-promou-la-formacio-de-la-plantilla-i-families-vinculades-a-lentitat-traves-de-lacord-amb-eae-business-school\\\/#primaryimage\",\"url\":\"https:\\\/\\\/abd.ong\\\/wp-content\\\/uploads\\\/2022\\\/09\\\/Acuerdo-EAE-Empresas-2022_Pagina_1-1.jpg\",\"contentUrl\":\"https:\\\/\\\/abd.ong\\\/wp-content\\\/uploads\\\/2022\\\/09\\\/Acuerdo-EAE-Empresas-2022_Pagina_1-1.jpg\",\"width\":2048,\"height\":997},{\"@type\":\"BreadcrumbList\",\"@id\":\"https:\\\/\\\/abd.ong\\\/ca\\\/general-ca\\\/abd-promou-la-formacio-de-la-plantilla-i-families-vinculades-a-lentitat-traves-de-lacord-amb-eae-business-school\\\/#breadcrumb\",\"itemListElement\":[{\"@type\":\"ListItem\",\"position\":1,\"name\":\"Inici\",\"item\":\"https:\\\/\\\/abd.ong\\\/ca\\\/\"},{\"@type\":\"ListItem\",\"position\":2,\"name\":\"ABD promou la formaci\u00f3 de la plantilla i fam\u00edlies vinculades a l&#8217;entitat trav\u00e9s de l&#8217;acord amb EAE Business School\"}]},{\"@type\":\"WebSite\",\"@id\":\"https:\\\/\\\/abd.ong\\\/ca\\\/#website\",\"url\":\"https:\\\/\\\/abd.ong\\\/ca\\\/\",\"name\":\"ABD\",\"description\":\"Asociaci\u00f3n Bienestar y Desarrollo\",\"publisher\":{\"@id\":\"https:\\\/\\\/abd.ong\\\/ca\\\/#organization\"},\"potentialAction\":[{\"@type\":\"SearchAction\",\"target\":{\"@type\":\"EntryPoint\",\"urlTemplate\":\"https:\\\/\\\/abd.ong\\\/ca\\\/?s={search_term_string}\"},\"query-input\":{\"@type\":\"PropertyValueSpecification\",\"valueRequired\":true,\"valueName\":\"search_term_string\"}}],\"inLanguage\":\"ca\"},{\"@type\":\"Organization\",\"@id\":\"https:\\\/\\\/abd.ong\\\/ca\\\/#organization\",\"name\":\"Associaci\u00f3 Benestar i Desenvolupament\",\"alternateName\":\"ABD\",\"url\":\"https:\\\/\\\/abd.ong\\\/ca\\\/\",\"logo\":{\"@type\":\"ImageObject\",\"inLanguage\":\"ca\",\"@id\":\"https:\\\/\\\/abd.ong\\\/ca\\\/#\\\/schema\\\/logo\\\/image\\\/\",\"url\":\"https:\\\/\\\/abd.ong\\\/wp-content\\\/uploads\\\/2023\\\/01\\\/Icona.png\",\"contentUrl\":\"https:\\\/\\\/abd.ong\\\/wp-content\\\/uploads\\\/2023\\\/01\\\/Icona.png\",\"width\":190,\"height\":187,\"caption\":\"Associaci\u00f3 Benestar i Desenvolupament\"},\"image\":{\"@id\":\"https:\\\/\\\/abd.ong\\\/ca\\\/#\\\/schema\\\/logo\\\/image\\\/\"},\"sameAs\":[\"https:\\\/\\\/www.facebook.com\\\/abd.ong\",\"https:\\\/\\\/x.com\\\/abd_ong\",\"https:\\\/\\\/www.instagram.com\\\/abd_ong\\\/\",\"https:\\\/\\\/www.linkedin.com\\\/company\\\/abdong\",\"https:\\\/\\\/www.youtube.com\\\/user\\\/CANALABD\"]},{\"@type\":\"Person\",\"@id\":\"https:\\\/\\\/abd.ong\\\/ca\\\/#\\\/schema\\\/person\\\/d2e158b4173f683b3898e286f5b35a10\",\"name\":\"Maria Creixell\"}]}<\/script>\n<!-- \/ Yoast SEO plugin. -->","yoast_head_json":{"title":"ABD promou la formaci\u00f3 de la plantilla i fam\u00edlies vinculades a l'entitat trav\u00e9s de l'acord amb EAE Business School - ABD","description":"Els i les treballadors\/es de l'Associaci\u00f3 Benestar i Desenvolupament ABD i les fam\u00edlies vinculades a l'entitat podran accedir a beques per a la matr\u00edcula","robots":{"index":"index","follow":"follow","max-snippet":"max-snippet:-1","max-image-preview":"max-image-preview:large","max-video-preview":"max-video-preview:-1"},"canonical":"https:\/\/abd.ong\/ca\/general-ca\/abd-promou-la-formacio-de-la-plantilla-i-families-vinculades-a-lentitat-traves-de-lacord-amb-eae-business-school\/","og_locale":"ca_ES","og_type":"article","og_title":"ABD promou la formaci\u00f3 de la plantilla i fam\u00edlies vinculades a l'entitat trav\u00e9s de l'acord amb EAE Business School - ABD","og_description":"Els i les treballadors\/es de l'Associaci\u00f3 Benestar i Desenvolupament ABD i les fam\u00edlies vinculades a l'entitat podran accedir a beques per a la matr\u00edcula","og_url":"https:\/\/abd.ong\/ca\/general-ca\/abd-promou-la-formacio-de-la-plantilla-i-families-vinculades-a-lentitat-traves-de-lacord-amb-eae-business-school\/","og_site_name":"ABD","article_publisher":"https:\/\/www.facebook.com\/abd.ong","article_published_time":"2022-09-12T11:41:16+00:00","article_modified_time":"2022-09-28T11:38:16+00:00","og_image":[{"width":2048,"height":997,"url":"https:\/\/abd.ong\/wp-content\/uploads\/2022\/09\/Acuerdo-EAE-Empresas-2022_Pagina_1-1.jpg","type":"image\/jpeg"}],"author":"Maria Creixell","twitter_card":"summary_large_image","twitter_creator":"@abd_ong","twitter_site":"@abd_ong","twitter_misc":{"Escrit per":"Maria Creixell","Temps estimat de lectura":"1 minut"},"schema":{"@context":"https:\/\/schema.org","@graph":[{"@type":"Article","@id":"https:\/\/abd.ong\/ca\/general-ca\/abd-promou-la-formacio-de-la-plantilla-i-families-vinculades-a-lentitat-traves-de-lacord-amb-eae-business-school\/#article","isPartOf":{"@id":"https:\/\/abd.ong\/ca\/general-ca\/abd-promou-la-formacio-de-la-plantilla-i-families-vinculades-a-lentitat-traves-de-lacord-amb-eae-business-school\/"},"author":{"name":"Maria Creixell","@id":"https:\/\/abd.ong\/ca\/#\/schema\/person\/d2e158b4173f683b3898e286f5b35a10"},"headline":"ABD promou la formaci\u00f3 de la plantilla i fam\u00edlies vinculades a l&#8217;entitat trav\u00e9s de l&#8217;acord amb EAE Business School","datePublished":"2022-09-12T11:41:16+00:00","dateModified":"2022-09-28T11:38:16+00:00","mainEntityOfPage":{"@id":"https:\/\/abd.ong\/ca\/general-ca\/abd-promou-la-formacio-de-la-plantilla-i-families-vinculades-a-lentitat-traves-de-lacord-amb-eae-business-school\/"},"wordCount":161,"publisher":{"@id":"https:\/\/abd.ong\/ca\/#organization"},"image":{"@id":"https:\/\/abd.ong\/ca\/general-ca\/abd-promou-la-formacio-de-la-plantilla-i-families-vinculades-a-lentitat-traves-de-lacord-amb-eae-business-school\/#primaryimage"},"thumbnailUrl":"https:\/\/abd.ong\/wp-content\/uploads\/2022\/09\/Acuerdo-EAE-Empresas-2022_Pagina_1-1.jpg","keywords":["ABD","Asociaci\u00f3n Bienestar y Desarrollo","beques","EAE Business School","RSC"],"articleSection":["General"],"inLanguage":"ca"},{"@type":"WebPage","@id":"https:\/\/abd.ong\/ca\/general-ca\/abd-promou-la-formacio-de-la-plantilla-i-families-vinculades-a-lentitat-traves-de-lacord-amb-eae-business-school\/","url":"https:\/\/abd.ong\/ca\/general-ca\/abd-promou-la-formacio-de-la-plantilla-i-families-vinculades-a-lentitat-traves-de-lacord-amb-eae-business-school\/","name":"ABD promou la formaci\u00f3 de la plantilla i fam\u00edlies vinculades a l'entitat trav\u00e9s de l'acord amb EAE Business School - ABD","isPartOf":{"@id":"https:\/\/abd.ong\/ca\/#website"},"primaryImageOfPage":{"@id":"https:\/\/abd.ong\/ca\/general-ca\/abd-promou-la-formacio-de-la-plantilla-i-families-vinculades-a-lentitat-traves-de-lacord-amb-eae-business-school\/#primaryimage"},"image":{"@id":"https:\/\/abd.ong\/ca\/general-ca\/abd-promou-la-formacio-de-la-plantilla-i-families-vinculades-a-lentitat-traves-de-lacord-amb-eae-business-school\/#primaryimage"},"thumbnailUrl":"https:\/\/abd.ong\/wp-content\/uploads\/2022\/09\/Acuerdo-EAE-Empresas-2022_Pagina_1-1.jpg","datePublished":"2022-09-12T11:41:16+00:00","dateModified":"2022-09-28T11:38:16+00:00","description":"Els i les treballadors\/es de l'Associaci\u00f3 Benestar i Desenvolupament ABD i les fam\u00edlies vinculades a l'entitat podran accedir a beques per a la matr\u00edcula","breadcrumb":{"@id":"https:\/\/abd.ong\/ca\/general-ca\/abd-promou-la-formacio-de-la-plantilla-i-families-vinculades-a-lentitat-traves-de-lacord-amb-eae-business-school\/#breadcrumb"},"inLanguage":"ca","potentialAction":[{"@type":"ReadAction","target":["https:\/\/abd.ong\/ca\/general-ca\/abd-promou-la-formacio-de-la-plantilla-i-families-vinculades-a-lentitat-traves-de-lacord-amb-eae-business-school\/"]}]},{"@type":"ImageObject","inLanguage":"ca","@id":"https:\/\/abd.ong\/ca\/general-ca\/abd-promou-la-formacio-de-la-plantilla-i-families-vinculades-a-lentitat-traves-de-lacord-amb-eae-business-school\/#primaryimage","url":"https:\/\/abd.ong\/wp-content\/uploads\/2022\/09\/Acuerdo-EAE-Empresas-2022_Pagina_1-1.jpg","contentUrl":"https:\/\/abd.ong\/wp-content\/uploads\/2022\/09\/Acuerdo-EAE-Empresas-2022_Pagina_1-1.jpg","width":2048,"height":997},{"@type":"BreadcrumbList","@id":"https:\/\/abd.ong\/ca\/general-ca\/abd-promou-la-formacio-de-la-plantilla-i-families-vinculades-a-lentitat-traves-de-lacord-amb-eae-business-school\/#breadcrumb","itemListElement":[{"@type":"ListItem","position":1,"name":"Inici","item":"https:\/\/abd.ong\/ca\/"},{"@type":"ListItem","position":2,"name":"ABD promou la formaci\u00f3 de la plantilla i fam\u00edlies vinculades a l&#8217;entitat trav\u00e9s de l&#8217;acord amb EAE Business School"}]},{"@type":"WebSite","@id":"https:\/\/abd.ong\/ca\/#website","url":"https:\/\/abd.ong\/ca\/","name":"ABD","description":"Asociaci\u00f3n Bienestar y Desarrollo","publisher":{"@id":"https:\/\/abd.ong\/ca\/#organization"},"potentialAction":[{"@type":"SearchAction","target":{"@type":"EntryPoint","urlTemplate":"https:\/\/abd.ong\/ca\/?s={search_term_string}"},"query-input":{"@type":"PropertyValueSpecification","valueRequired":true,"valueName":"search_term_string"}}],"inLanguage":"ca"},{"@type":"Organization","@id":"https:\/\/abd.ong\/ca\/#organization","name":"Associaci\u00f3 Benestar i Desenvolupament","alternateName":"ABD","url":"https:\/\/abd.ong\/ca\/","logo":{"@type":"ImageObject","inLanguage":"ca","@id":"https:\/\/abd.ong\/ca\/#\/schema\/logo\/image\/","url":"https:\/\/abd.ong\/wp-content\/uploads\/2023\/01\/Icona.png","contentUrl":"https:\/\/abd.ong\/wp-content\/uploads\/2023\/01\/Icona.png","width":190,"height":187,"caption":"Associaci\u00f3 Benestar i Desenvolupament"},"image":{"@id":"https:\/\/abd.ong\/ca\/#\/schema\/logo\/image\/"},"sameAs":["https:\/\/www.facebook.com\/abd.ong","https:\/\/x.com\/abd_ong","https:\/\/www.instagram.com\/abd_ong\/","https:\/\/www.linkedin.com\/company\/abdong","https:\/\/www.youtube.com\/user\/CANALABD"]},{"@type":"Person","@id":"https:\/\/abd.ong\/ca\/#\/schema\/person\/d2e158b4173f683b3898e286f5b35a10","name":"Maria Creixell"}]}},"_links":{"self":[{"href":"https:\/\/abd.ong\/ca\/wp-json\/wp\/v2\/posts\/36321","targetHints":{"allow":["GET"]}}],"collection":[{"href":"https:\/\/abd.ong\/ca\/wp-json\/wp\/v2\/posts"}],"about":[{"href":"https:\/\/abd.ong\/ca\/wp-json\/wp\/v2\/types\/post"}],"author":[{"embeddable":true,"href":"https:\/\/abd.ong\/ca\/wp-json\/wp\/v2\/users\/9"}],"replies":[{"embeddable":true,"href":"https:\/\/abd.ong\/ca\/wp-json\/wp\/v2\/comments?post=36321"}],"version-history":[{"count":1,"href":"https:\/\/abd.ong\/ca\/wp-json\/wp\/v2\/posts\/36321\/revisions"}],"predecessor-version":[{"id":36322,"href":"https:\/\/abd.ong\/ca\/wp-json\/wp\/v2\/posts\/36321\/revisions\/36322"}],"wp:featuredmedia":[{"embeddable":true,"href":"https:\/\/abd.ong\/ca\/wp-json\/wp\/v2\/media\/36312"}],"wp:attachment":[{"href":"https:\/\/abd.ong\/ca\/wp-json\/wp\/v2\/media?parent=36321"}],"wp:term":[{"taxonomy":"category","embeddable":true,"href":"https:\/\/abd.ong\/ca\/wp-json\/wp\/v2\/categories?post=36321"},{"taxonomy":"post_tag","embeddable":true,"href":"https:\/\/abd.ong\/ca\/wp-json\/wp\/v2\/tags?post=36321"}],"curies":[{"name":"wp","href":"https:\/\/api.w.org\/{rel}","templated":true}]}}