{"id":35079,"date":"2022-08-01T09:11:04","date_gmt":"2022-08-01T07:11:04","guid":{"rendered":"https:\/\/abd.ong\/?p=35079"},"modified":"2022-09-06T10:37:23","modified_gmt":"2022-09-06T08:37:23","slug":"el-comite-detica-de-abd-celebra-la-segona-reunio-ordinaria-i-prepara-noves-formacions","status":"publish","type":"post","link":"https:\/\/abd.ong\/ca\/general-ca\/el-comite-detica-de-abd-celebra-la-segona-reunio-ordinaria-i-prepara-noves-formacions\/","title":{"rendered":"El Comit\u00e9 de \u00c9tica de ABD celebra la segunda reuni\u00f3n ordinaria y prepara nuevas formaciones"},"content":{"rendered":"\n<p class=\"has-text-align-left\"><em>El pr\u00f2xim taller tindr\u00e0 lloc a l&#8217;octubre i ser\u00e0 sobre metodologia de casos per donar resposta a dilemes \u00e8tics<\/em><\/p>\n\n<p>El <a href=\"https:\/\/abd.ong\/ca\/sense-categoria\/es-presenta-el-comite-detica-dabd\/\" target=\"_blank\" rel=\"noopener\">Comit\u00e8 d&#8217;\u00c8tica d&#8217;Intervenci\u00f3 Social<\/a> (CEISA) de l&#8217;<a href=\"https:\/\/abd.ong\/ca\/\" target=\"_blank\" rel=\"noopener\">Associaci\u00f3 Benestar i Desenvolupament ABD<\/a> ha celebrat aquest mes la segona reuni\u00f3 ordin\u00e0ria, en la qual s&#8217;ha donat la benvinguda a <strong>Susana Conesa<\/strong>, del Servei d&#8217;Intervenci\u00f3 Especialitzada (SIE) Garraf- Pened\u00e9s, que a partir d&#8217;ara formar\u00e0 part del comit\u00e8.<\/p>\n\n<p>En aquesta reuni\u00f3 han comen\u00e7at a preparar la nova formaci\u00f3 sobre <strong>Metodologia de casos per a donar resposta a dilemes \u00e8tics<\/strong>, que tindr\u00e0 lloc el mes vinent <strong>d&#8217;octubre<\/strong>, en la qual participar\u00e0 de nou el llicenciat en Filosofia, M\u00e0ster en Bio\u00e8tica i \u00e8tiques aplicades, Doctor en Filosofia, professor de Bio\u00e8tica a la Universitat de Barcelona i a la Universitat de Vic, <strong>Sergio Ramos Poz\u00f3n.<\/strong><\/p>\n\n<p>Aquesta formaci\u00f3 est\u00e0 dirigida a totes aquelles persones que estiguin interessades i s&#8217;obriran inscripcions al <strong>setembre<\/strong>.<\/p>\n\n<h2 class=\"wp-block-heading\">Sobre el comit\u00e9 d&#8217;\u00c8tica d&#8217;Intervenci\u00f3 Social<\/h2>\n\n<p>El comit\u00e8 de ABD va ser fundat el 2010 i est\u00e0 registrat a la Generalitat de Catalunya com Espai de Reflexi\u00f3 \u00c8tica, mentre que el Comit\u00e8 d&#8217;\u00c8tica de Serveis Socials de Catalunya es va establir el 2014. Una vegada instaurat el sistema de gesti\u00f3 de qualitat propi, que es va iniciar el 2001, l&#8217;entitat va veure la necessitat d&#8217;incorporar un altre instrument que ens permet\u00e9s promoure la sensibilitzaci\u00f3 sobre els valors \u00e8tics, fomentar les bones pr\u00e0ctiques i utilitzar metodologia per a la presa de decisions davant conflictes i\/o dilemes \u00e8tics.&#13;\n<\/p>\n","protected":false},"excerpt":{"rendered":"<p>El pr\u00f2xim taller tindr\u00e0 lloc a l&#8217;octubre i ser\u00e0 sobre metodologia de casos per donar resposta a dilemes \u00e8tics El Comit\u00e8 d&#8217;\u00c8tica d&#8217;Intervenci\u00f3 Social (CEISA) de l&#8217;Associaci\u00f3 Benestar i Desenvolupament&hellip;<\/p>\n","protected":false},"author":2,"featured_media":35072,"comment_status":"closed","ping_status":"closed","sticky":false,"template":"","format":"standard","meta":{"_acf_changed":false,"footnotes":""},"categories":[66],"tags":[1897,675,3035,2961,2449,3037,2456,3034,1332,3033],"class_list":["post-35079","post","type-post","status-publish","format-standard","has-post-thumbnail","hentry","category-general-ca","tag-abd-2-ca","tag-asociacion-bienestar-y-desarrollo-ca","tag-dilemes-etics","tag-etica-ca","tag-formacio-ca","tag-sergio-ramos-pozon-ca","tag-serveis-socials-ca","tag-sie-llobregat-ca","tag-tercer-sector-ca-2","tag-tercer-sector-social-ca"],"acf":[],"yoast_head":"<!-- This site is optimized with the Yoast SEO plugin v27.4 - https:\/\/yoast.com\/product\/yoast-seo-wordpress\/ -->\n<title>El Comit\u00e9 de \u00c9tica de ABD celebra la segunda reuni\u00f3n ordinaria y prepara nuevas formaciones - ABD<\/title>\n<meta name=\"description\" content=\"El pr\u00f2xim taller tindr\u00e0 lloc a l&#039;octubre i ser\u00e0 sobre metodologia de casos per donar resposta a dilemes \u00e8tics El Comit\u00e8 d&#039;\u00c8tica d&#039;Intervenci\u00f3 Social\" \/>\n<meta name=\"robots\" content=\"index, follow, max-snippet:-1, max-image-preview:large, max-video-preview:-1\" \/>\n<link rel=\"canonical\" href=\"https:\/\/abd.ong\/ca\/general-ca\/el-comite-detica-de-abd-celebra-la-segona-reunio-ordinaria-i-prepara-noves-formacions\/\" \/>\n<meta property=\"og:locale\" content=\"ca_ES\" \/>\n<meta property=\"og:type\" content=\"article\" \/>\n<meta property=\"og:title\" content=\"El Comit\u00e9 de \u00c9tica de ABD celebra la segunda reuni\u00f3n ordinaria y prepara nuevas formaciones - ABD\" \/>\n<meta property=\"og:description\" content=\"El pr\u00f2xim taller tindr\u00e0 lloc a l&#039;octubre i ser\u00e0 sobre metodologia de casos per donar resposta a dilemes \u00e8tics El Comit\u00e8 d&#039;\u00c8tica d&#039;Intervenci\u00f3 Social\" \/>\n<meta property=\"og:url\" content=\"https:\/\/abd.ong\/ca\/general-ca\/el-comite-detica-de-abd-celebra-la-segona-reunio-ordinaria-i-prepara-noves-formacions\/\" \/>\n<meta property=\"og:site_name\" content=\"ABD\" \/>\n<meta property=\"article:publisher\" content=\"https:\/\/www.facebook.com\/abd.ong\" \/>\n<meta property=\"article:published_time\" content=\"2022-08-01T07:11:04+00:00\" \/>\n<meta property=\"article:modified_time\" content=\"2022-09-06T08:37:23+00:00\" \/>\n<meta property=\"og:image\" content=\"https:\/\/abd.ong\/wp-content\/uploads\/2022\/07\/Comite-Etica-ABD-e1659078886863.jpg\" \/>\n\t<meta property=\"og:image:width\" content=\"553\" \/>\n\t<meta property=\"og:image:height\" content=\"310\" \/>\n\t<meta property=\"og:image:type\" content=\"image\/jpeg\" \/>\n<meta name=\"author\" content=\"Enric Guinart\" \/>\n<meta name=\"twitter:card\" content=\"summary_large_image\" \/>\n<meta name=\"twitter:creator\" content=\"@abd_ong\" \/>\n<meta name=\"twitter:site\" content=\"@abd_ong\" \/>\n<meta name=\"twitter:label1\" content=\"Escrit per\" \/>\n\t<meta name=\"twitter:data1\" content=\"Enric Guinart\" \/>\n\t<meta name=\"twitter:label2\" content=\"Temps estimat de lectura\" \/>\n\t<meta name=\"twitter:data2\" content=\"2 minuts\" \/>\n<script type=\"application\/ld+json\" class=\"yoast-schema-graph\">{\"@context\":\"https:\\\/\\\/schema.org\",\"@graph\":[{\"@type\":\"Article\",\"@id\":\"https:\\\/\\\/abd.ong\\\/ca\\\/general-ca\\\/el-comite-detica-de-abd-celebra-la-segona-reunio-ordinaria-i-prepara-noves-formacions\\\/#article\",\"isPartOf\":{\"@id\":\"https:\\\/\\\/abd.ong\\\/ca\\\/general-ca\\\/el-comite-detica-de-abd-celebra-la-segona-reunio-ordinaria-i-prepara-noves-formacions\\\/\"},\"author\":{\"name\":\"Enric Guinart\",\"@id\":\"https:\\\/\\\/abd.ong\\\/ca\\\/#\\\/schema\\\/person\\\/d0f5fe279a7ad908de6a6d1332bfd7d8\"},\"headline\":\"El Comit\u00e9 de \u00c9tica de ABD celebra la segunda reuni\u00f3n ordinaria y prepara nuevas formaciones\",\"datePublished\":\"2022-08-01T07:11:04+00:00\",\"dateModified\":\"2022-09-06T08:37:23+00:00\",\"mainEntityOfPage\":{\"@id\":\"https:\\\/\\\/abd.ong\\\/ca\\\/general-ca\\\/el-comite-detica-de-abd-celebra-la-segona-reunio-ordinaria-i-prepara-noves-formacions\\\/\"},\"wordCount\":278,\"publisher\":{\"@id\":\"https:\\\/\\\/abd.ong\\\/ca\\\/#organization\"},\"image\":{\"@id\":\"https:\\\/\\\/abd.ong\\\/ca\\\/general-ca\\\/el-comite-detica-de-abd-celebra-la-segona-reunio-ordinaria-i-prepara-noves-formacions\\\/#primaryimage\"},\"thumbnailUrl\":\"https:\\\/\\\/abd.ong\\\/wp-content\\\/uploads\\\/2022\\\/07\\\/Comite-Etica-ABD-e1659078886863.jpg\",\"keywords\":[\"ABD\",\"Asociaci\u00f3n Bienestar y Desarrollo\",\"dilemes \u00e8tics\",\"\u00e8tica\",\"formaci\u00f3\",\"Sergio Ramos Poz\u00f3n\",\"Serveis Socials\",\"SIE Llobregat\",\"Tercer Sector\",\"tercer sector social\"],\"articleSection\":[\"General\"],\"inLanguage\":\"ca\"},{\"@type\":\"WebPage\",\"@id\":\"https:\\\/\\\/abd.ong\\\/ca\\\/general-ca\\\/el-comite-detica-de-abd-celebra-la-segona-reunio-ordinaria-i-prepara-noves-formacions\\\/\",\"url\":\"https:\\\/\\\/abd.ong\\\/ca\\\/general-ca\\\/el-comite-detica-de-abd-celebra-la-segona-reunio-ordinaria-i-prepara-noves-formacions\\\/\",\"name\":\"El Comit\u00e9 de \u00c9tica de ABD celebra la segunda reuni\u00f3n ordinaria y prepara nuevas formaciones - ABD\",\"isPartOf\":{\"@id\":\"https:\\\/\\\/abd.ong\\\/ca\\\/#website\"},\"primaryImageOfPage\":{\"@id\":\"https:\\\/\\\/abd.ong\\\/ca\\\/general-ca\\\/el-comite-detica-de-abd-celebra-la-segona-reunio-ordinaria-i-prepara-noves-formacions\\\/#primaryimage\"},\"image\":{\"@id\":\"https:\\\/\\\/abd.ong\\\/ca\\\/general-ca\\\/el-comite-detica-de-abd-celebra-la-segona-reunio-ordinaria-i-prepara-noves-formacions\\\/#primaryimage\"},\"thumbnailUrl\":\"https:\\\/\\\/abd.ong\\\/wp-content\\\/uploads\\\/2022\\\/07\\\/Comite-Etica-ABD-e1659078886863.jpg\",\"datePublished\":\"2022-08-01T07:11:04+00:00\",\"dateModified\":\"2022-09-06T08:37:23+00:00\",\"description\":\"El pr\u00f2xim taller tindr\u00e0 lloc a l'octubre i ser\u00e0 sobre metodologia de casos per donar resposta a dilemes \u00e8tics El Comit\u00e8 d'\u00c8tica d'Intervenci\u00f3 Social\",\"breadcrumb\":{\"@id\":\"https:\\\/\\\/abd.ong\\\/ca\\\/general-ca\\\/el-comite-detica-de-abd-celebra-la-segona-reunio-ordinaria-i-prepara-noves-formacions\\\/#breadcrumb\"},\"inLanguage\":\"ca\",\"potentialAction\":[{\"@type\":\"ReadAction\",\"target\":[\"https:\\\/\\\/abd.ong\\\/ca\\\/general-ca\\\/el-comite-detica-de-abd-celebra-la-segona-reunio-ordinaria-i-prepara-noves-formacions\\\/\"]}]},{\"@type\":\"ImageObject\",\"inLanguage\":\"ca\",\"@id\":\"https:\\\/\\\/abd.ong\\\/ca\\\/general-ca\\\/el-comite-detica-de-abd-celebra-la-segona-reunio-ordinaria-i-prepara-noves-formacions\\\/#primaryimage\",\"url\":\"https:\\\/\\\/abd.ong\\\/wp-content\\\/uploads\\\/2022\\\/07\\\/Comite-Etica-ABD-e1659078886863.jpg\",\"contentUrl\":\"https:\\\/\\\/abd.ong\\\/wp-content\\\/uploads\\\/2022\\\/07\\\/Comite-Etica-ABD-e1659078886863.jpg\",\"width\":553,\"height\":310},{\"@type\":\"BreadcrumbList\",\"@id\":\"https:\\\/\\\/abd.ong\\\/ca\\\/general-ca\\\/el-comite-detica-de-abd-celebra-la-segona-reunio-ordinaria-i-prepara-noves-formacions\\\/#breadcrumb\",\"itemListElement\":[{\"@type\":\"ListItem\",\"position\":1,\"name\":\"Inici\",\"item\":\"https:\\\/\\\/abd.ong\\\/ca\\\/\"},{\"@type\":\"ListItem\",\"position\":2,\"name\":\"El Comit\u00e9 de \u00c9tica de ABD celebra la segunda reuni\u00f3n ordinaria y prepara nuevas formaciones\"}]},{\"@type\":\"WebSite\",\"@id\":\"https:\\\/\\\/abd.ong\\\/ca\\\/#website\",\"url\":\"https:\\\/\\\/abd.ong\\\/ca\\\/\",\"name\":\"ABD\",\"description\":\"Asociaci\u00f3n Bienestar y Desarrollo\",\"publisher\":{\"@id\":\"https:\\\/\\\/abd.ong\\\/ca\\\/#organization\"},\"potentialAction\":[{\"@type\":\"SearchAction\",\"target\":{\"@type\":\"EntryPoint\",\"urlTemplate\":\"https:\\\/\\\/abd.ong\\\/ca\\\/?s={search_term_string}\"},\"query-input\":{\"@type\":\"PropertyValueSpecification\",\"valueRequired\":true,\"valueName\":\"search_term_string\"}}],\"inLanguage\":\"ca\"},{\"@type\":\"Organization\",\"@id\":\"https:\\\/\\\/abd.ong\\\/ca\\\/#organization\",\"name\":\"Associaci\u00f3 Benestar i Desenvolupament\",\"alternateName\":\"ABD\",\"url\":\"https:\\\/\\\/abd.ong\\\/ca\\\/\",\"logo\":{\"@type\":\"ImageObject\",\"inLanguage\":\"ca\",\"@id\":\"https:\\\/\\\/abd.ong\\\/ca\\\/#\\\/schema\\\/logo\\\/image\\\/\",\"url\":\"https:\\\/\\\/abd.ong\\\/wp-content\\\/uploads\\\/2023\\\/01\\\/Icona.png\",\"contentUrl\":\"https:\\\/\\\/abd.ong\\\/wp-content\\\/uploads\\\/2023\\\/01\\\/Icona.png\",\"width\":190,\"height\":187,\"caption\":\"Associaci\u00f3 Benestar i Desenvolupament\"},\"image\":{\"@id\":\"https:\\\/\\\/abd.ong\\\/ca\\\/#\\\/schema\\\/logo\\\/image\\\/\"},\"sameAs\":[\"https:\\\/\\\/www.facebook.com\\\/abd.ong\",\"https:\\\/\\\/x.com\\\/abd_ong\",\"https:\\\/\\\/www.instagram.com\\\/abd_ong\\\/\",\"https:\\\/\\\/www.linkedin.com\\\/company\\\/abdong\",\"https:\\\/\\\/www.youtube.com\\\/user\\\/CANALABD\"]},{\"@type\":\"Person\",\"@id\":\"https:\\\/\\\/abd.ong\\\/ca\\\/#\\\/schema\\\/person\\\/d0f5fe279a7ad908de6a6d1332bfd7d8\",\"name\":\"Enric Guinart\"}]}<\/script>\n<!-- \/ Yoast SEO plugin. -->","yoast_head_json":{"title":"El Comit\u00e9 de \u00c9tica de ABD celebra la segunda reuni\u00f3n ordinaria y prepara nuevas formaciones - ABD","description":"El pr\u00f2xim taller tindr\u00e0 lloc a l'octubre i ser\u00e0 sobre metodologia de casos per donar resposta a dilemes \u00e8tics El Comit\u00e8 d'\u00c8tica d'Intervenci\u00f3 Social","robots":{"index":"index","follow":"follow","max-snippet":"max-snippet:-1","max-image-preview":"max-image-preview:large","max-video-preview":"max-video-preview:-1"},"canonical":"https:\/\/abd.ong\/ca\/general-ca\/el-comite-detica-de-abd-celebra-la-segona-reunio-ordinaria-i-prepara-noves-formacions\/","og_locale":"ca_ES","og_type":"article","og_title":"El Comit\u00e9 de \u00c9tica de ABD celebra la segunda reuni\u00f3n ordinaria y prepara nuevas formaciones - ABD","og_description":"El pr\u00f2xim taller tindr\u00e0 lloc a l'octubre i ser\u00e0 sobre metodologia de casos per donar resposta a dilemes \u00e8tics El Comit\u00e8 d'\u00c8tica d'Intervenci\u00f3 Social","og_url":"https:\/\/abd.ong\/ca\/general-ca\/el-comite-detica-de-abd-celebra-la-segona-reunio-ordinaria-i-prepara-noves-formacions\/","og_site_name":"ABD","article_publisher":"https:\/\/www.facebook.com\/abd.ong","article_published_time":"2022-08-01T07:11:04+00:00","article_modified_time":"2022-09-06T08:37:23+00:00","og_image":[{"width":553,"height":310,"url":"https:\/\/abd.ong\/wp-content\/uploads\/2022\/07\/Comite-Etica-ABD-e1659078886863.jpg","type":"image\/jpeg"}],"author":"Enric Guinart","twitter_card":"summary_large_image","twitter_creator":"@abd_ong","twitter_site":"@abd_ong","twitter_misc":{"Escrit per":"Enric Guinart","Temps estimat de lectura":"2 minuts"},"schema":{"@context":"https:\/\/schema.org","@graph":[{"@type":"Article","@id":"https:\/\/abd.ong\/ca\/general-ca\/el-comite-detica-de-abd-celebra-la-segona-reunio-ordinaria-i-prepara-noves-formacions\/#article","isPartOf":{"@id":"https:\/\/abd.ong\/ca\/general-ca\/el-comite-detica-de-abd-celebra-la-segona-reunio-ordinaria-i-prepara-noves-formacions\/"},"author":{"name":"Enric Guinart","@id":"https:\/\/abd.ong\/ca\/#\/schema\/person\/d0f5fe279a7ad908de6a6d1332bfd7d8"},"headline":"El Comit\u00e9 de \u00c9tica de ABD celebra la segunda reuni\u00f3n ordinaria y prepara nuevas formaciones","datePublished":"2022-08-01T07:11:04+00:00","dateModified":"2022-09-06T08:37:23+00:00","mainEntityOfPage":{"@id":"https:\/\/abd.ong\/ca\/general-ca\/el-comite-detica-de-abd-celebra-la-segona-reunio-ordinaria-i-prepara-noves-formacions\/"},"wordCount":278,"publisher":{"@id":"https:\/\/abd.ong\/ca\/#organization"},"image":{"@id":"https:\/\/abd.ong\/ca\/general-ca\/el-comite-detica-de-abd-celebra-la-segona-reunio-ordinaria-i-prepara-noves-formacions\/#primaryimage"},"thumbnailUrl":"https:\/\/abd.ong\/wp-content\/uploads\/2022\/07\/Comite-Etica-ABD-e1659078886863.jpg","keywords":["ABD","Asociaci\u00f3n Bienestar y Desarrollo","dilemes \u00e8tics","\u00e8tica","formaci\u00f3","Sergio Ramos Poz\u00f3n","Serveis Socials","SIE Llobregat","Tercer Sector","tercer sector social"],"articleSection":["General"],"inLanguage":"ca"},{"@type":"WebPage","@id":"https:\/\/abd.ong\/ca\/general-ca\/el-comite-detica-de-abd-celebra-la-segona-reunio-ordinaria-i-prepara-noves-formacions\/","url":"https:\/\/abd.ong\/ca\/general-ca\/el-comite-detica-de-abd-celebra-la-segona-reunio-ordinaria-i-prepara-noves-formacions\/","name":"El Comit\u00e9 de \u00c9tica de ABD celebra la segunda reuni\u00f3n ordinaria y prepara nuevas formaciones - ABD","isPartOf":{"@id":"https:\/\/abd.ong\/ca\/#website"},"primaryImageOfPage":{"@id":"https:\/\/abd.ong\/ca\/general-ca\/el-comite-detica-de-abd-celebra-la-segona-reunio-ordinaria-i-prepara-noves-formacions\/#primaryimage"},"image":{"@id":"https:\/\/abd.ong\/ca\/general-ca\/el-comite-detica-de-abd-celebra-la-segona-reunio-ordinaria-i-prepara-noves-formacions\/#primaryimage"},"thumbnailUrl":"https:\/\/abd.ong\/wp-content\/uploads\/2022\/07\/Comite-Etica-ABD-e1659078886863.jpg","datePublished":"2022-08-01T07:11:04+00:00","dateModified":"2022-09-06T08:37:23+00:00","description":"El pr\u00f2xim taller tindr\u00e0 lloc a l'octubre i ser\u00e0 sobre metodologia de casos per donar resposta a dilemes \u00e8tics El Comit\u00e8 d'\u00c8tica d'Intervenci\u00f3 Social","breadcrumb":{"@id":"https:\/\/abd.ong\/ca\/general-ca\/el-comite-detica-de-abd-celebra-la-segona-reunio-ordinaria-i-prepara-noves-formacions\/#breadcrumb"},"inLanguage":"ca","potentialAction":[{"@type":"ReadAction","target":["https:\/\/abd.ong\/ca\/general-ca\/el-comite-detica-de-abd-celebra-la-segona-reunio-ordinaria-i-prepara-noves-formacions\/"]}]},{"@type":"ImageObject","inLanguage":"ca","@id":"https:\/\/abd.ong\/ca\/general-ca\/el-comite-detica-de-abd-celebra-la-segona-reunio-ordinaria-i-prepara-noves-formacions\/#primaryimage","url":"https:\/\/abd.ong\/wp-content\/uploads\/2022\/07\/Comite-Etica-ABD-e1659078886863.jpg","contentUrl":"https:\/\/abd.ong\/wp-content\/uploads\/2022\/07\/Comite-Etica-ABD-e1659078886863.jpg","width":553,"height":310},{"@type":"BreadcrumbList","@id":"https:\/\/abd.ong\/ca\/general-ca\/el-comite-detica-de-abd-celebra-la-segona-reunio-ordinaria-i-prepara-noves-formacions\/#breadcrumb","itemListElement":[{"@type":"ListItem","position":1,"name":"Inici","item":"https:\/\/abd.ong\/ca\/"},{"@type":"ListItem","position":2,"name":"El Comit\u00e9 de \u00c9tica de ABD celebra la segunda reuni\u00f3n ordinaria y prepara nuevas formaciones"}]},{"@type":"WebSite","@id":"https:\/\/abd.ong\/ca\/#website","url":"https:\/\/abd.ong\/ca\/","name":"ABD","description":"Asociaci\u00f3n Bienestar y Desarrollo","publisher":{"@id":"https:\/\/abd.ong\/ca\/#organization"},"potentialAction":[{"@type":"SearchAction","target":{"@type":"EntryPoint","urlTemplate":"https:\/\/abd.ong\/ca\/?s={search_term_string}"},"query-input":{"@type":"PropertyValueSpecification","valueRequired":true,"valueName":"search_term_string"}}],"inLanguage":"ca"},{"@type":"Organization","@id":"https:\/\/abd.ong\/ca\/#organization","name":"Associaci\u00f3 Benestar i Desenvolupament","alternateName":"ABD","url":"https:\/\/abd.ong\/ca\/","logo":{"@type":"ImageObject","inLanguage":"ca","@id":"https:\/\/abd.ong\/ca\/#\/schema\/logo\/image\/","url":"https:\/\/abd.ong\/wp-content\/uploads\/2023\/01\/Icona.png","contentUrl":"https:\/\/abd.ong\/wp-content\/uploads\/2023\/01\/Icona.png","width":190,"height":187,"caption":"Associaci\u00f3 Benestar i Desenvolupament"},"image":{"@id":"https:\/\/abd.ong\/ca\/#\/schema\/logo\/image\/"},"sameAs":["https:\/\/www.facebook.com\/abd.ong","https:\/\/x.com\/abd_ong","https:\/\/www.instagram.com\/abd_ong\/","https:\/\/www.linkedin.com\/company\/abdong","https:\/\/www.youtube.com\/user\/CANALABD"]},{"@type":"Person","@id":"https:\/\/abd.ong\/ca\/#\/schema\/person\/d0f5fe279a7ad908de6a6d1332bfd7d8","name":"Enric Guinart"}]}},"_links":{"self":[{"href":"https:\/\/abd.ong\/ca\/wp-json\/wp\/v2\/posts\/35079","targetHints":{"allow":["GET"]}}],"collection":[{"href":"https:\/\/abd.ong\/ca\/wp-json\/wp\/v2\/posts"}],"about":[{"href":"https:\/\/abd.ong\/ca\/wp-json\/wp\/v2\/types\/post"}],"author":[{"embeddable":true,"href":"https:\/\/abd.ong\/ca\/wp-json\/wp\/v2\/users\/2"}],"replies":[{"embeddable":true,"href":"https:\/\/abd.ong\/ca\/wp-json\/wp\/v2\/comments?post=35079"}],"version-history":[{"count":3,"href":"https:\/\/abd.ong\/ca\/wp-json\/wp\/v2\/posts\/35079\/revisions"}],"predecessor-version":[{"id":36046,"href":"https:\/\/abd.ong\/ca\/wp-json\/wp\/v2\/posts\/35079\/revisions\/36046"}],"wp:featuredmedia":[{"embeddable":true,"href":"https:\/\/abd.ong\/ca\/wp-json\/wp\/v2\/media\/35072"}],"wp:attachment":[{"href":"https:\/\/abd.ong\/ca\/wp-json\/wp\/v2\/media?parent=35079"}],"wp:term":[{"taxonomy":"category","embeddable":true,"href":"https:\/\/abd.ong\/ca\/wp-json\/wp\/v2\/categories?post=35079"},{"taxonomy":"post_tag","embeddable":true,"href":"https:\/\/abd.ong\/ca\/wp-json\/wp\/v2\/tags?post=35079"}],"curies":[{"name":"wp","href":"https:\/\/api.w.org\/{rel}","templated":true}]}}