{"id":34886,"date":"2022-07-26T09:17:52","date_gmt":"2022-07-26T07:17:52","guid":{"rendered":"https:\/\/abd.ong\/?p=34886"},"modified":"2022-07-26T10:05:13","modified_gmt":"2022-07-26T08:05:13","slug":"abd-als-mitjans-de-comunicacio-al-juliol-2","status":"publish","type":"post","link":"https:\/\/abd.ong\/ca\/general-ca\/abd-als-mitjans-de-comunicacio-al-juliol-2\/","title":{"rendered":"ABD als mitjans de comunicaci\u00f3 al juliol"},"content":{"rendered":"\n<p>L&#8217;<a href=\"https:\/\/abd.ong\/ca\/\"><strong>Associaci\u00f3 Benestar i Desenvolupament<\/strong><\/a><strong>&nbsp;(ABD)<\/strong> ha estat present als mitjans de comunicaci\u00f3 durant aquest mes de juliol. A continuaci\u00f3, el resum de premsa de les not\u00edcies, articles i reportatges en els quals hem participat com a entitat<\/p>\n\n\n\n<div style=\"height:30px\" aria-hidden=\"true\" class=\"wp-block-spacer\"><\/div>\n\n\n\n<p><strong>01\/07\/2022 \u2013 65ym\u00e1s<\/strong><\/p>\n\n\n\n<p><em>La Confederaci\u00f3n Espa\u00f1ola de Organizaciones de Mayores (<a href=\"https:\/\/ceoma.org\/\">CEOMA<\/a>) va presentar el&nbsp;<a href=\"https:\/\/ceoma.org\/wp-content\/uploads\/2022\/06\/CEOMA_ManfiestoEnvejecimientoSaludable.pdf\">Manifest<\/a>&nbsp;per Impulsar l\u2019Envelliment Saludable a Espanya en l\u2019Il\u00b7lustre Col\u00b7legi Oficial de Metges de Madrid, acte en el qual diferents associacions i entitats, entre elles ABD, van signar el document per confirmar la seva adhesi\u00f3<\/em><\/p>\n\n\n\n<p><a href=\"https:\/\/www.65ymas.com\/sociedad\/asociaciones-de-mayores\/ceoma-30-instituciones-manifiesto-envejecimiento-saludable-en-espana_41142_102.html\">CEOMA i 30 institucions signen un manifest per impulsar l\u2019envelliment saludable a Espanya<\/a><\/p>\n\n\n\n<p><strong>04\/07\/2022 \u2013 TV3<\/strong><\/p>\n\n\n\n<p><em>Les dones ocupen la meitat dels c\u00e0rrecs de direcci\u00f3 de les entitats del tercer sector. \u00c9s una xifra que amaga desigualtats internes: algunes veus la troben insuficient per a un sector on el 75% de la for\u00e7a laboral s\u00f3n dones. En el cas de ABD, les dones arriben al 90% de la plantilla.<\/em><\/p>\n\n\n\n<p><em>Reportatge en el qual apareix la gerent de ABD, \u00c0ngels Guiteras<\/em><\/p>\n\n\n\n<p><a href=\"https:\/\/www.ccma.cat\/324\/mes-enlla-de-la-bretxa-salarial-la-desigualtat-de-genere-tambe-als-llocs-de-direccio\/noticia\/3173172\/\">M\u00e9s enll\u00e0 de la bretxa salarial: la desigualtat de g\u00e8nere, tamb\u00e9 als llocs de direcci\u00f3<\/a><\/p>\n\n\n\n<p><strong>07\/07\/2022 \u2013 Cadena SER<\/strong><\/p>\n\n\n\n<p><em>Mireia Ventura adverteix sobre el mite de la submissi\u00f3 qu\u00edmica per injecci\u00f3. \u201c\u00c9s dif\u00edcil trobar una subst\u00e0ncia que te la introdueixin per via intramuscular i que sigui tan efectiva i r\u00e0pida\u201d.<\/em><\/p>\n\n\n\n<p><em>Ho relata la coordinadora del servei d\u2019an\u00e0lisi de Energy Control, Mireia Ventura<\/em><\/p>\n\n\n\n<p><a href=\"https:\/\/www.ivoox.com\/entrevista-mireia-ventura-doctora-farmacia-coordinadora-del-audios-mp3_rf_89504918_1.html\"><em>Creixen les agressions per submissi\u00f3 qu\u00edmica<\/em><\/a><\/p>\n\n\n\n<p><strong>10\/07\/22 \u2013 La Vanguardia<\/strong><\/p>\n\n\n\n<p><em>El Programa Energy Control insta als qui desitgin gaudir d\u2019un festival aquest estiu \u201ci no morir en l\u2019intent\u201d a hidratar-se, utilitzar taps, allunyar-se dels altaveus i realitzar \u201cpauses\u201d durant la jornada.<\/em><\/p>\n\n\n\n<p><a href=\"https:\/\/www.lavanguardia.com\/vida\/20220710\/8398220\/energy-control-insta-asistentes-festivales-hidratarse-tapones-alejarse-altavoces-pausas.html\">Energy Control insta els assistents a festivals a hidratar-se, usar taps, allunyar-se dels altaveus i fer \u201cpauses\u201d<\/a><\/p>\n\n\n\n<p><\/p>\n\n\n\n<p><strong>11\/07\/22 \u2013 Acord Ciutad\u00e0 per una Barcelona Inclusiva<\/strong><\/p>\n\n\n\n<p><em>&#8220;La Botiga vol obrir-se a tota la ciutadania, tant als qui pateixen inseguretat aliment\u00e0ria com als qui no&#8221;<\/em><\/p>\n\n\n\n<p><a href=\"https:\/\/mailchi.mp\/b235cabefa7a\/entrevista-marinatorrent-8669981?utm_source=II%20\/%20Drets%20Socials&amp;utm_medium=email&amp;utm_campaign=Butlletins%202022&amp;utm_content=20220708_link_interviews_1_Butllet%C3%AD%20juliol%202022\" target=\"_blank\" rel=\"noreferrer noopener\">Entrevista a la<strong>\u00a0directora del Departament t\u00e8cnic d&#8217;ABD,<\/strong>\u00a0M\u00f2nica Plana<\/a><\/p>\n\n\n\n<p><strong>22\/07\/2022 \u2013 Noudiari<\/strong><\/p>\n\n\n\n<p><em>Davant l\u2019arribada d\u2019informacions relacionades amb la pres\u00e8ncia de fentanil a Eivissa, des de Energy Control van preguntar a el Servei de Toxicologia de l\u2019hospital de refer\u00e8ncia de Balears, a Son Espases, on els van informar que no tenien cap incid\u00e8ncia relacionada amb el fentanil.<\/em><\/p>\n\n\n\n<p><em>Ho explica la coordinadora de Energy Control a Balears, Alicia Bustos Vargas<\/em><\/p>\n\n\n\n<p><a href=\"https:\/\/www.noudiari.es\/local-ibiza\/energy-control-y-pillreport-desmienten-la-presencia-de-fentanilo-en-tuci-adulterado-en-ibiza-histeria-por-un-bulo\/\">Energy Control i PillReport desmenteixen la pres\u00e8ncia de fentanil en tuci adulterat a Eivissa: \u201cHist\u00e8ria per una bola\u201d<\/a><\/p>\n\n\n\n<p><strong>22\/07\/2022 \u2013 Consell de Ciutat<\/strong><\/p>\n\n\n\n<p>Guiteras ha afirmat que el Grup de Treball sobre la Barcelona postpand\u00e8mia s\u2019ha estructurat donant veu a moltes persones expertes, impulsant i fomentant el debat i la reflexi\u00f3 per a l\u2019elaboraci\u00f3 de recomanacions posteriors.<\/p>\n\n\n\n<p><em>Ho puntualitza la gerent d\u2019ABD, \u00c0ngels Guiteras<\/em><\/p>\n\n\n\n<p><a href=\"https:\/\/www.conselldeciutat.barcelona\/2022\/07\/22\/el-consell-de-ciutat-presenta-la-memoria-dactivitats-en-el-ple-municipal\/\">El Consell de Ciutat&nbsp;<\/a><a href=\"https:\/\/www.conselldeciutat.barcelona\/2022\/07\/22\/el-consell-de-ciutat-presenta-la-memoria-dactivitats-en-el-ple-municipal\/\" target=\"_blank\" rel=\"noreferrer noopener\">presenta la mem\u00f2ria d\u2019 activitats al Ple Municipal<\/a><\/p>\n","protected":false},"excerpt":{"rendered":"<p>L&#8217;Associaci\u00f3 Benestar i Desenvolupament&nbsp;(ABD) ha estat present als mitjans de comunicaci\u00f3 durant aquest mes de juliol. A continuaci\u00f3, el resum de premsa de les not\u00edcies, articles i reportatges en els&hellip;<\/p>\n","protected":false},"author":2,"featured_media":14666,"comment_status":"closed","ping_status":"closed","sticky":false,"template":"","format":"standard","meta":{"_acf_changed":false,"footnotes":""},"categories":[66],"tags":[675,175,2379,2299,2300,2226,2533],"class_list":["post-34886","post","type-post","status-publish","format-standard","has-post-thumbnail","hentry","category-general-ca","tag-asociacion-bienestar-y-desarrollo-ca","tag-drogas-ca","tag-habitatge-ca","tag-mitjans-de-comunicacio-ca","tag-noticies-ca","tag-pobresa-energetica-ca","tag-sexualitat-ca"],"acf":[],"yoast_head":"<!-- This site is optimized with the Yoast SEO plugin v27.4 - https:\/\/yoast.com\/product\/yoast-seo-wordpress\/ -->\n<title>ABD als mitjans de comunicaci\u00f3 al juliol - ABD<\/title>\n<meta name=\"description\" content=\"L&#039;Associaci\u00f3 Benestar i Desenvolupament&nbsp;(ABD) ha estat present als mitjans de comunicaci\u00f3 durant aquest mes de juliol. A continuaci\u00f3, el resum de\" \/>\n<meta name=\"robots\" content=\"index, follow, max-snippet:-1, max-image-preview:large, max-video-preview:-1\" \/>\n<link rel=\"canonical\" href=\"https:\/\/abd.ong\/ca\/general-ca\/abd-als-mitjans-de-comunicacio-al-juliol-2\/\" \/>\n<meta property=\"og:locale\" content=\"ca_ES\" \/>\n<meta property=\"og:type\" content=\"article\" \/>\n<meta property=\"og:title\" content=\"ABD als mitjans de comunicaci\u00f3 al juliol - ABD\" \/>\n<meta property=\"og:description\" content=\"L&#039;Associaci\u00f3 Benestar i Desenvolupament&nbsp;(ABD) ha estat present als mitjans de comunicaci\u00f3 durant aquest mes de juliol. A continuaci\u00f3, el resum de\" \/>\n<meta property=\"og:url\" content=\"https:\/\/abd.ong\/ca\/general-ca\/abd-als-mitjans-de-comunicacio-al-juliol-2\/\" \/>\n<meta property=\"og:site_name\" content=\"ABD\" \/>\n<meta property=\"article:publisher\" content=\"https:\/\/www.facebook.com\/abd.ong\" \/>\n<meta property=\"article:published_time\" content=\"2022-07-26T07:17:52+00:00\" \/>\n<meta property=\"article:modified_time\" content=\"2022-07-26T08:05:13+00:00\" \/>\n<meta property=\"og:image\" content=\"https:\/\/abd.ong\/wp-content\/uploads\/2020\/05\/old-tv-1149416_1920.jpg\" \/>\n\t<meta property=\"og:image:width\" content=\"1919\" \/>\n\t<meta property=\"og:image:height\" content=\"977\" \/>\n\t<meta property=\"og:image:type\" content=\"image\/jpeg\" \/>\n<meta name=\"author\" content=\"Enric Guinart\" \/>\n<meta name=\"twitter:card\" content=\"summary_large_image\" \/>\n<meta name=\"twitter:creator\" content=\"@abd_ong\" \/>\n<meta name=\"twitter:site\" content=\"@abd_ong\" \/>\n<meta name=\"twitter:label1\" content=\"Escrit per\" \/>\n\t<meta name=\"twitter:data1\" content=\"Enric Guinart\" \/>\n\t<meta name=\"twitter:label2\" content=\"Temps estimat de lectura\" \/>\n\t<meta name=\"twitter:data2\" content=\"3 minuts\" \/>\n<script type=\"application\/ld+json\" class=\"yoast-schema-graph\">{\"@context\":\"https:\\\/\\\/schema.org\",\"@graph\":[{\"@type\":\"Article\",\"@id\":\"https:\\\/\\\/abd.ong\\\/ca\\\/general-ca\\\/abd-als-mitjans-de-comunicacio-al-juliol-2\\\/#article\",\"isPartOf\":{\"@id\":\"https:\\\/\\\/abd.ong\\\/ca\\\/general-ca\\\/abd-als-mitjans-de-comunicacio-al-juliol-2\\\/\"},\"author\":{\"name\":\"Enric Guinart\",\"@id\":\"https:\\\/\\\/abd.ong\\\/ca\\\/#\\\/schema\\\/person\\\/d0f5fe279a7ad908de6a6d1332bfd7d8\"},\"headline\":\"ABD als mitjans de comunicaci\u00f3 al juliol\",\"datePublished\":\"2022-07-26T07:17:52+00:00\",\"dateModified\":\"2022-07-26T08:05:13+00:00\",\"mainEntityOfPage\":{\"@id\":\"https:\\\/\\\/abd.ong\\\/ca\\\/general-ca\\\/abd-als-mitjans-de-comunicacio-al-juliol-2\\\/\"},\"wordCount\":492,\"publisher\":{\"@id\":\"https:\\\/\\\/abd.ong\\\/ca\\\/#organization\"},\"image\":{\"@id\":\"https:\\\/\\\/abd.ong\\\/ca\\\/general-ca\\\/abd-als-mitjans-de-comunicacio-al-juliol-2\\\/#primaryimage\"},\"thumbnailUrl\":\"https:\\\/\\\/abd.ong\\\/wp-content\\\/uploads\\\/2020\\\/05\\\/old-tv-1149416_1920.jpg\",\"keywords\":[\"Asociaci\u00f3n Bienestar y Desarrollo\",\"drogas\",\"habitatge\",\"Mitjans de comunicaci\u00f3\",\"not\u00edcies\",\"pobresa energ\u00e8tica\",\"sexualitat\"],\"articleSection\":[\"General\"],\"inLanguage\":\"ca\"},{\"@type\":\"WebPage\",\"@id\":\"https:\\\/\\\/abd.ong\\\/ca\\\/general-ca\\\/abd-als-mitjans-de-comunicacio-al-juliol-2\\\/\",\"url\":\"https:\\\/\\\/abd.ong\\\/ca\\\/general-ca\\\/abd-als-mitjans-de-comunicacio-al-juliol-2\\\/\",\"name\":\"ABD als mitjans de comunicaci\u00f3 al juliol - ABD\",\"isPartOf\":{\"@id\":\"https:\\\/\\\/abd.ong\\\/ca\\\/#website\"},\"primaryImageOfPage\":{\"@id\":\"https:\\\/\\\/abd.ong\\\/ca\\\/general-ca\\\/abd-als-mitjans-de-comunicacio-al-juliol-2\\\/#primaryimage\"},\"image\":{\"@id\":\"https:\\\/\\\/abd.ong\\\/ca\\\/general-ca\\\/abd-als-mitjans-de-comunicacio-al-juliol-2\\\/#primaryimage\"},\"thumbnailUrl\":\"https:\\\/\\\/abd.ong\\\/wp-content\\\/uploads\\\/2020\\\/05\\\/old-tv-1149416_1920.jpg\",\"datePublished\":\"2022-07-26T07:17:52+00:00\",\"dateModified\":\"2022-07-26T08:05:13+00:00\",\"description\":\"L'Associaci\u00f3 Benestar i Desenvolupament&nbsp;(ABD) ha estat present als mitjans de comunicaci\u00f3 durant aquest mes de juliol. A continuaci\u00f3, el resum de\",\"breadcrumb\":{\"@id\":\"https:\\\/\\\/abd.ong\\\/ca\\\/general-ca\\\/abd-als-mitjans-de-comunicacio-al-juliol-2\\\/#breadcrumb\"},\"inLanguage\":\"ca\",\"potentialAction\":[{\"@type\":\"ReadAction\",\"target\":[\"https:\\\/\\\/abd.ong\\\/ca\\\/general-ca\\\/abd-als-mitjans-de-comunicacio-al-juliol-2\\\/\"]}]},{\"@type\":\"ImageObject\",\"inLanguage\":\"ca\",\"@id\":\"https:\\\/\\\/abd.ong\\\/ca\\\/general-ca\\\/abd-als-mitjans-de-comunicacio-al-juliol-2\\\/#primaryimage\",\"url\":\"https:\\\/\\\/abd.ong\\\/wp-content\\\/uploads\\\/2020\\\/05\\\/old-tv-1149416_1920.jpg\",\"contentUrl\":\"https:\\\/\\\/abd.ong\\\/wp-content\\\/uploads\\\/2020\\\/05\\\/old-tv-1149416_1920.jpg\",\"width\":1919,\"height\":977,\"caption\":\"medios de comunicaci\u00f3n\"},{\"@type\":\"BreadcrumbList\",\"@id\":\"https:\\\/\\\/abd.ong\\\/ca\\\/general-ca\\\/abd-als-mitjans-de-comunicacio-al-juliol-2\\\/#breadcrumb\",\"itemListElement\":[{\"@type\":\"ListItem\",\"position\":1,\"name\":\"Inici\",\"item\":\"https:\\\/\\\/abd.ong\\\/ca\\\/\"},{\"@type\":\"ListItem\",\"position\":2,\"name\":\"ABD als mitjans de comunicaci\u00f3 al juliol\"}]},{\"@type\":\"WebSite\",\"@id\":\"https:\\\/\\\/abd.ong\\\/ca\\\/#website\",\"url\":\"https:\\\/\\\/abd.ong\\\/ca\\\/\",\"name\":\"ABD\",\"description\":\"Asociaci\u00f3n Bienestar y Desarrollo\",\"publisher\":{\"@id\":\"https:\\\/\\\/abd.ong\\\/ca\\\/#organization\"},\"potentialAction\":[{\"@type\":\"SearchAction\",\"target\":{\"@type\":\"EntryPoint\",\"urlTemplate\":\"https:\\\/\\\/abd.ong\\\/ca\\\/?s={search_term_string}\"},\"query-input\":{\"@type\":\"PropertyValueSpecification\",\"valueRequired\":true,\"valueName\":\"search_term_string\"}}],\"inLanguage\":\"ca\"},{\"@type\":\"Organization\",\"@id\":\"https:\\\/\\\/abd.ong\\\/ca\\\/#organization\",\"name\":\"Associaci\u00f3 Benestar i Desenvolupament\",\"alternateName\":\"ABD\",\"url\":\"https:\\\/\\\/abd.ong\\\/ca\\\/\",\"logo\":{\"@type\":\"ImageObject\",\"inLanguage\":\"ca\",\"@id\":\"https:\\\/\\\/abd.ong\\\/ca\\\/#\\\/schema\\\/logo\\\/image\\\/\",\"url\":\"https:\\\/\\\/abd.ong\\\/wp-content\\\/uploads\\\/2023\\\/01\\\/Icona.png\",\"contentUrl\":\"https:\\\/\\\/abd.ong\\\/wp-content\\\/uploads\\\/2023\\\/01\\\/Icona.png\",\"width\":190,\"height\":187,\"caption\":\"Associaci\u00f3 Benestar i Desenvolupament\"},\"image\":{\"@id\":\"https:\\\/\\\/abd.ong\\\/ca\\\/#\\\/schema\\\/logo\\\/image\\\/\"},\"sameAs\":[\"https:\\\/\\\/www.facebook.com\\\/abd.ong\",\"https:\\\/\\\/x.com\\\/abd_ong\",\"https:\\\/\\\/www.instagram.com\\\/abd_ong\\\/\",\"https:\\\/\\\/www.linkedin.com\\\/company\\\/abdong\",\"https:\\\/\\\/www.youtube.com\\\/user\\\/CANALABD\"]},{\"@type\":\"Person\",\"@id\":\"https:\\\/\\\/abd.ong\\\/ca\\\/#\\\/schema\\\/person\\\/d0f5fe279a7ad908de6a6d1332bfd7d8\",\"name\":\"Enric Guinart\"}]}<\/script>\n<!-- \/ Yoast SEO plugin. -->","yoast_head_json":{"title":"ABD als mitjans de comunicaci\u00f3 al juliol - ABD","description":"L'Associaci\u00f3 Benestar i Desenvolupament&nbsp;(ABD) ha estat present als mitjans de comunicaci\u00f3 durant aquest mes de juliol. A continuaci\u00f3, el resum de","robots":{"index":"index","follow":"follow","max-snippet":"max-snippet:-1","max-image-preview":"max-image-preview:large","max-video-preview":"max-video-preview:-1"},"canonical":"https:\/\/abd.ong\/ca\/general-ca\/abd-als-mitjans-de-comunicacio-al-juliol-2\/","og_locale":"ca_ES","og_type":"article","og_title":"ABD als mitjans de comunicaci\u00f3 al juliol - ABD","og_description":"L'Associaci\u00f3 Benestar i Desenvolupament&nbsp;(ABD) ha estat present als mitjans de comunicaci\u00f3 durant aquest mes de juliol. A continuaci\u00f3, el resum de","og_url":"https:\/\/abd.ong\/ca\/general-ca\/abd-als-mitjans-de-comunicacio-al-juliol-2\/","og_site_name":"ABD","article_publisher":"https:\/\/www.facebook.com\/abd.ong","article_published_time":"2022-07-26T07:17:52+00:00","article_modified_time":"2022-07-26T08:05:13+00:00","og_image":[{"width":1919,"height":977,"url":"https:\/\/abd.ong\/wp-content\/uploads\/2020\/05\/old-tv-1149416_1920.jpg","type":"image\/jpeg"}],"author":"Enric Guinart","twitter_card":"summary_large_image","twitter_creator":"@abd_ong","twitter_site":"@abd_ong","twitter_misc":{"Escrit per":"Enric Guinart","Temps estimat de lectura":"3 minuts"},"schema":{"@context":"https:\/\/schema.org","@graph":[{"@type":"Article","@id":"https:\/\/abd.ong\/ca\/general-ca\/abd-als-mitjans-de-comunicacio-al-juliol-2\/#article","isPartOf":{"@id":"https:\/\/abd.ong\/ca\/general-ca\/abd-als-mitjans-de-comunicacio-al-juliol-2\/"},"author":{"name":"Enric Guinart","@id":"https:\/\/abd.ong\/ca\/#\/schema\/person\/d0f5fe279a7ad908de6a6d1332bfd7d8"},"headline":"ABD als mitjans de comunicaci\u00f3 al juliol","datePublished":"2022-07-26T07:17:52+00:00","dateModified":"2022-07-26T08:05:13+00:00","mainEntityOfPage":{"@id":"https:\/\/abd.ong\/ca\/general-ca\/abd-als-mitjans-de-comunicacio-al-juliol-2\/"},"wordCount":492,"publisher":{"@id":"https:\/\/abd.ong\/ca\/#organization"},"image":{"@id":"https:\/\/abd.ong\/ca\/general-ca\/abd-als-mitjans-de-comunicacio-al-juliol-2\/#primaryimage"},"thumbnailUrl":"https:\/\/abd.ong\/wp-content\/uploads\/2020\/05\/old-tv-1149416_1920.jpg","keywords":["Asociaci\u00f3n Bienestar y Desarrollo","drogas","habitatge","Mitjans de comunicaci\u00f3","not\u00edcies","pobresa energ\u00e8tica","sexualitat"],"articleSection":["General"],"inLanguage":"ca"},{"@type":"WebPage","@id":"https:\/\/abd.ong\/ca\/general-ca\/abd-als-mitjans-de-comunicacio-al-juliol-2\/","url":"https:\/\/abd.ong\/ca\/general-ca\/abd-als-mitjans-de-comunicacio-al-juliol-2\/","name":"ABD als mitjans de comunicaci\u00f3 al juliol - ABD","isPartOf":{"@id":"https:\/\/abd.ong\/ca\/#website"},"primaryImageOfPage":{"@id":"https:\/\/abd.ong\/ca\/general-ca\/abd-als-mitjans-de-comunicacio-al-juliol-2\/#primaryimage"},"image":{"@id":"https:\/\/abd.ong\/ca\/general-ca\/abd-als-mitjans-de-comunicacio-al-juliol-2\/#primaryimage"},"thumbnailUrl":"https:\/\/abd.ong\/wp-content\/uploads\/2020\/05\/old-tv-1149416_1920.jpg","datePublished":"2022-07-26T07:17:52+00:00","dateModified":"2022-07-26T08:05:13+00:00","description":"L'Associaci\u00f3 Benestar i Desenvolupament&nbsp;(ABD) ha estat present als mitjans de comunicaci\u00f3 durant aquest mes de juliol. A continuaci\u00f3, el resum de","breadcrumb":{"@id":"https:\/\/abd.ong\/ca\/general-ca\/abd-als-mitjans-de-comunicacio-al-juliol-2\/#breadcrumb"},"inLanguage":"ca","potentialAction":[{"@type":"ReadAction","target":["https:\/\/abd.ong\/ca\/general-ca\/abd-als-mitjans-de-comunicacio-al-juliol-2\/"]}]},{"@type":"ImageObject","inLanguage":"ca","@id":"https:\/\/abd.ong\/ca\/general-ca\/abd-als-mitjans-de-comunicacio-al-juliol-2\/#primaryimage","url":"https:\/\/abd.ong\/wp-content\/uploads\/2020\/05\/old-tv-1149416_1920.jpg","contentUrl":"https:\/\/abd.ong\/wp-content\/uploads\/2020\/05\/old-tv-1149416_1920.jpg","width":1919,"height":977,"caption":"medios de comunicaci\u00f3n"},{"@type":"BreadcrumbList","@id":"https:\/\/abd.ong\/ca\/general-ca\/abd-als-mitjans-de-comunicacio-al-juliol-2\/#breadcrumb","itemListElement":[{"@type":"ListItem","position":1,"name":"Inici","item":"https:\/\/abd.ong\/ca\/"},{"@type":"ListItem","position":2,"name":"ABD als mitjans de comunicaci\u00f3 al juliol"}]},{"@type":"WebSite","@id":"https:\/\/abd.ong\/ca\/#website","url":"https:\/\/abd.ong\/ca\/","name":"ABD","description":"Asociaci\u00f3n Bienestar y Desarrollo","publisher":{"@id":"https:\/\/abd.ong\/ca\/#organization"},"potentialAction":[{"@type":"SearchAction","target":{"@type":"EntryPoint","urlTemplate":"https:\/\/abd.ong\/ca\/?s={search_term_string}"},"query-input":{"@type":"PropertyValueSpecification","valueRequired":true,"valueName":"search_term_string"}}],"inLanguage":"ca"},{"@type":"Organization","@id":"https:\/\/abd.ong\/ca\/#organization","name":"Associaci\u00f3 Benestar i Desenvolupament","alternateName":"ABD","url":"https:\/\/abd.ong\/ca\/","logo":{"@type":"ImageObject","inLanguage":"ca","@id":"https:\/\/abd.ong\/ca\/#\/schema\/logo\/image\/","url":"https:\/\/abd.ong\/wp-content\/uploads\/2023\/01\/Icona.png","contentUrl":"https:\/\/abd.ong\/wp-content\/uploads\/2023\/01\/Icona.png","width":190,"height":187,"caption":"Associaci\u00f3 Benestar i Desenvolupament"},"image":{"@id":"https:\/\/abd.ong\/ca\/#\/schema\/logo\/image\/"},"sameAs":["https:\/\/www.facebook.com\/abd.ong","https:\/\/x.com\/abd_ong","https:\/\/www.instagram.com\/abd_ong\/","https:\/\/www.linkedin.com\/company\/abdong","https:\/\/www.youtube.com\/user\/CANALABD"]},{"@type":"Person","@id":"https:\/\/abd.ong\/ca\/#\/schema\/person\/d0f5fe279a7ad908de6a6d1332bfd7d8","name":"Enric Guinart"}]}},"_links":{"self":[{"href":"https:\/\/abd.ong\/ca\/wp-json\/wp\/v2\/posts\/34886","targetHints":{"allow":["GET"]}}],"collection":[{"href":"https:\/\/abd.ong\/ca\/wp-json\/wp\/v2\/posts"}],"about":[{"href":"https:\/\/abd.ong\/ca\/wp-json\/wp\/v2\/types\/post"}],"author":[{"embeddable":true,"href":"https:\/\/abd.ong\/ca\/wp-json\/wp\/v2\/users\/2"}],"replies":[{"embeddable":true,"href":"https:\/\/abd.ong\/ca\/wp-json\/wp\/v2\/comments?post=34886"}],"version-history":[{"count":3,"href":"https:\/\/abd.ong\/ca\/wp-json\/wp\/v2\/posts\/34886\/revisions"}],"predecessor-version":[{"id":34904,"href":"https:\/\/abd.ong\/ca\/wp-json\/wp\/v2\/posts\/34886\/revisions\/34904"}],"wp:featuredmedia":[{"embeddable":true,"href":"https:\/\/abd.ong\/ca\/wp-json\/wp\/v2\/media\/14666"}],"wp:attachment":[{"href":"https:\/\/abd.ong\/ca\/wp-json\/wp\/v2\/media?parent=34886"}],"wp:term":[{"taxonomy":"category","embeddable":true,"href":"https:\/\/abd.ong\/ca\/wp-json\/wp\/v2\/categories?post=34886"},{"taxonomy":"post_tag","embeddable":true,"href":"https:\/\/abd.ong\/ca\/wp-json\/wp\/v2\/tags?post=34886"}],"curies":[{"name":"wp","href":"https:\/\/api.w.org\/{rel}","templated":true}]}}