{"id":34772,"date":"2022-07-28T09:00:00","date_gmt":"2022-07-28T07:00:00","guid":{"rendered":"https:\/\/abd.ong\/?p=34772"},"modified":"2024-06-13T12:15:51","modified_gmt":"2024-06-13T10:15:51","slug":"neix-mamajove-una-nova-iniciativa-per-a-informar-i-assessorar-mares-adolescents-desenvolupada-amb-la-participacio-de-mares-joves","status":"publish","type":"post","link":"https:\/\/abd.ong\/ca\/infancia-i-familia\/neix-mamajove-una-nova-iniciativa-per-a-informar-i-assessorar-mares-adolescents-desenvolupada-amb-la-participacio-de-mares-joves\/","title":{"rendered":"Neix Mamajove, una nova iniciativa per a informar i assessorar mares adolescents desenvolupada amb la participaci\u00f3 de mares joves"},"content":{"rendered":"\n<p><strong><a href=\"http:\/\/www.preinfant.org\/\" target=\"_blank\" rel=\"noopener\">Preinfant<\/a><\/strong> i l&#8217;<strong><a href=\"http:\/\/abd.ong\/ca\" target=\"_blank\" rel=\"noopener\">Associaci\u00f3 Benestar i Desenvolupament ABD<\/a><\/strong> posen en marxa una nova iniciativa per a informar i assessorar adolescents embarassades: <a href=\"https:\/\/mamajove.cat\/\" target=\"_blank\" rel=\"noopener\"><strong>mamajove.cat<\/strong><\/a>. L&#8217;espai virtual est\u00e0 creat per professionals de la maternitat i per un <strong>grup de mares joves de Barcelona i Madrid<\/strong>, que tamb\u00e9 gestionen les xarxes socials del projecte (<a href=\"https:\/\/www.instagram.com\/mamajoven.preinfant\/\" target=\"_blank\" rel=\"noopener\">Instagram<\/a>, <a href=\"https:\/\/www.tiktok.com\/@mama.joven\" target=\"_blank\" rel=\"noopener\">Tik Tok<\/a> i <a href=\"https:\/\/www.youtube.com\/channel\/UCDjIXuH7z1EJWek1CpZlSfg\" target=\"_blank\" rel=\"noopener\">YouTube<\/a>).<\/p>\n\n<p><a href=\"https:\/\/mamajove.cat\/\" target=\"_blank\" rel=\"noreferrer noopener\"><strong>mamajove.cat <\/strong><\/a><strong>ofereix:<\/strong><\/p>\n\n<ul class=\"wp-block-list\">\n<li><strong>Informaci\u00f3<\/strong> sobre <strong>embar\u00e0s<\/strong> i <strong>crian\u00e7a<\/strong> (cuidar-se durant l&#8217;embar\u00e0s, estudiar durant l&#8217;embar\u00e0s, el part, necessitats infantils, lact\u00e0ncia, alimentaci\u00f3 complement\u00e0ria, joc infantil, moviment lliure, anticoncepci\u00f3\u2026)<\/li>\n\n\n\n<li><strong>Orientaci\u00f3 i acompanyament<\/strong> a les adolescents embarassades en la presa de decisions i en la millora del benestar emocional, a trav\u00e9s del <strong>servei de consultes via whatsapp<\/strong> (673 13 00 28). Les joves poden fer arribar els seus dubtes o preocupacions davant d&#8217;un possible embar\u00e0s o un embar\u00e0s confirmat, sobre la crian\u00e7a, etc.<\/li>\n\n\n\n<li><strong>Testimonis\/Experi\u00e8ncies<\/strong> de mares adolescents i joves.<\/li>\n\n\n\n<li>Eines i <strong>recursos (socials, educatius, sanitaris)<\/strong> en relaci\u00f3 amb l&#8217;embar\u00e0s i la maternitat en adolescents i joves. Espais familiars, grups de lact\u00e0ncia, grups de preparaci\u00f3 al part per a adolescents, xarxa de serveis socials, recursos jur\u00eddics gratu\u00efts, associacions de fam\u00edlies monoparentals, ajuts econ\u00f2mics per maternitat, etc.<\/li>\n\n\n\n<li>Informaci\u00f3 sobre anticoncepci\u00f3 i interrupci\u00f3 de l&#8217;embar\u00e0s.<\/li>\n<\/ul>\n\n<div style=\"height:31px\" aria-hidden=\"true\" class=\"wp-block-spacer\"><\/div>\n\n<h4 class=\"wp-block-heading\"><strong>M\u00e9s de 60 mares adolescents implicades en el proc\u00e9s de creaci\u00f3 de MamaJove<\/strong><\/h4>\n\n<p>Durant el 2021, m\u00e9s de 60 joves (embarassades i mares) usu\u00e0ries de diversos programes de la ABD (Preinfant, M\u00e9s Que Roba, Mamalyona, Comunitat Activa&#8230;) han participat en la creaci\u00f3 d&#8217;aquesta nova eina. A trav\u00e9s d&#8217;enquestes en l\u00ednia i grups de treball han mostrat les seves necessitats, quin tipus d&#8217;informaci\u00f3 busquen, en quin format, en quins canals\u2026 Posteriorment s&#8217;ha creat un grup de treball amb mares adolescents que han participat activament en la creaci\u00f3 de continguts per la web i les xarxes socials, <strong>amb l&#8217;objectiu d&#8217;arribar a altres mares joves, en el seu mateix llenguatge i en la seva mateixa situaci\u00f3<\/strong>.<\/p>\n\n<blockquote class=\"wp-block-quote is-style-plain is-layout-flow wp-block-quote-is-layout-flow\" style=\"font-style:normal;font-weight:600\">\n<p>&#8220;Participar en la creaci\u00f3 d\u02bbaquesta web m&#8217;ha ajudat a nivell personal, hi ha informaci\u00f3 que necessitava&#8221;<\/p>\n<cite>Danissie, mare jove.<\/cite><\/blockquote>\n\n<blockquote class=\"wp-block-quote is-style-plain is-layout-flow wp-block-quote-is-layout-flow\" style=\"font-style:normal;font-weight:600\">\n<p>\u201c\u00c9s una web molt intu\u00eftiva, s\u00faper \u00fatil, de deb\u00f2. Tant de bo hagu\u00e9s trobat una cosa aix\u00ed quan ho necessitava\u201d.<\/p>\n<cite>Tatiana<\/cite><\/blockquote>\n\n<blockquote class=\"wp-block-quote is-style-plain is-layout-flow wp-block-quote-is-layout-flow\" style=\"font-style:normal;font-weight:600\">\n<p>&#8220;M&#8217;encanta la veritat, est\u00e0 s\u00faper bonica alhora que organitzada&#8221;<\/p>\n<cite>Nuria, mare als 15 anys.<\/cite><\/blockquote>\n\n<div style=\"height:30px\" aria-hidden=\"true\" class=\"wp-block-spacer\"><\/div>\n\n<h4 class=\"wp-block-heading\"><strong>25 anys acompanyant a adolescents embarassades<\/strong><\/h4>\n\n<p>Des de 1997 en Preinfant (programa d&#8217;ABD) fem costat a adolescents i joves, acompanyant-les en la presa de decisions, l&#8217;embar\u00e0s, la crian\u00e7a i la vinculaci\u00f3 amb els seus fills i filles.<\/p>\n\n<p>Despr\u00e9s de m\u00e9s de 20 anys d&#8217;experi\u00e8ncia, i veient que un gran nombre de dones ateses eren adolescents, en 2012 vam posar en marxa preinfant.org, una web dirigida a adolescents embarassades, a les seves fam\u00edlies, i a les professionals que les acompanyen des de diferents \u00e0mbits (educatius, socials, de la salut\u2026). En 2022 fem un pas m\u00e9s i veu la llum <strong>Mamajove.cat<\/strong>, una web <strong>dirigida exclusivament a les adolescents embarassades i a mares joves, creada amb la seva participaci\u00f3<\/strong>. D&#8217;altra banda, preinfant.org es converteix en una web -amb una nova imatge- dirigida a la societat en general i a professionals.<\/p>\n\n<p>El servei d&#8217;atenci\u00f3 en l\u00ednia per a adolescents embarassades d&#8217;ABD rep el suport del Departament de Drets Socials de la Generalitat de Catalunya i \u00e9s una activitat subvencionada amb c\u00e0rrec a l&#8217;assignaci\u00f3 del 0,7% de l&#8217;IRPF.<\/p>\n","protected":false},"excerpt":{"rendered":"<p>Preinfant i l&#8217;Associaci\u00f3 Benestar i Desenvolupament ABD posen en marxa una nova iniciativa per a informar i assessorar adolescents embarassades: mamajove.cat. L&#8217;espai virtual est\u00e0 creat per professionals de la maternitat&hellip;<\/p>\n","protected":false},"author":9,"featured_media":34789,"comment_status":"closed","ping_status":"closed","sticky":false,"template":"","format":"standard","meta":{"_acf_changed":false,"footnotes":""},"categories":[1303,2304],"tags":[2994,675,2995,2996,2389,2997,2348,2998,2693,2992,2993],"class_list":["post-34772","post","type-post","status-publish","format-standard","has-post-thumbnail","hentry","category-infancia-i-familia","category-joves-ca","tag-adolescents","tag-asociacion-bienestar-y-desarrollo-ca","tag-embaras","tag-mamajoven-ca","tag-mares","tag-mares-adolescents","tag-maternitat","tag-nova-plataforma","tag-preinfant-ca","tag-suport-a-adolescents-embarassades","tag-web-ca"],"acf":[],"yoast_head":"<!-- This site is optimized with the Yoast SEO plugin v27.4 - https:\/\/yoast.com\/product\/yoast-seo-wordpress\/ -->\n<title>Neix Mamajove, una nova iniciativa per a informar i assessorar mares adolescents desenvolupada amb la participaci\u00f3 de mares joves - ABD<\/title>\n<meta name=\"description\" content=\"Preinfant i l&#039;Associaci\u00f3 Benestar i Desenvolupament ABD posen en marxa una nova iniciativa per a informar i assessorar adolescents embarassades:\" \/>\n<meta name=\"robots\" content=\"index, follow, max-snippet:-1, max-image-preview:large, max-video-preview:-1\" \/>\n<link rel=\"canonical\" href=\"https:\/\/abd.ong\/ca\/infancia-i-familia\/neix-mamajove-una-nova-iniciativa-per-a-informar-i-assessorar-mares-adolescents-desenvolupada-amb-la-participacio-de-mares-joves\/\" \/>\n<meta property=\"og:locale\" content=\"ca_ES\" \/>\n<meta property=\"og:type\" content=\"article\" \/>\n<meta property=\"og:title\" content=\"Neix Mamajove, una nova iniciativa per a informar i assessorar mares adolescents desenvolupada amb la participaci\u00f3 de mares joves - ABD\" \/>\n<meta property=\"og:description\" content=\"Preinfant i l&#039;Associaci\u00f3 Benestar i Desenvolupament ABD posen en marxa una nova iniciativa per a informar i assessorar adolescents embarassades:\" \/>\n<meta property=\"og:url\" content=\"https:\/\/abd.ong\/ca\/infancia-i-familia\/neix-mamajove-una-nova-iniciativa-per-a-informar-i-assessorar-mares-adolescents-desenvolupada-amb-la-participacio-de-mares-joves\/\" \/>\n<meta property=\"og:site_name\" content=\"ABD\" \/>\n<meta property=\"article:publisher\" content=\"https:\/\/www.facebook.com\/abd.ong\" \/>\n<meta property=\"article:published_time\" content=\"2022-07-28T07:00:00+00:00\" \/>\n<meta property=\"article:modified_time\" content=\"2024-06-13T10:15:51+00:00\" \/>\n<meta property=\"og:image\" content=\"https:\/\/abd.ong\/wp-content\/uploads\/2022\/07\/mamajove.jpg\" \/>\n\t<meta property=\"og:image:width\" content=\"1403\" \/>\n\t<meta property=\"og:image:height\" content=\"765\" \/>\n\t<meta property=\"og:image:type\" content=\"image\/jpeg\" \/>\n<meta name=\"author\" content=\"Maria Creixell\" \/>\n<meta name=\"twitter:card\" content=\"summary_large_image\" \/>\n<meta name=\"twitter:creator\" content=\"@abd_ong\" \/>\n<meta name=\"twitter:site\" content=\"@abd_ong\" \/>\n<meta name=\"twitter:label1\" content=\"Escrit per\" \/>\n\t<meta name=\"twitter:data1\" content=\"Maria Creixell\" \/>\n\t<meta name=\"twitter:label2\" content=\"Temps estimat de lectura\" \/>\n\t<meta name=\"twitter:data2\" content=\"3 minuts\" \/>\n<script type=\"application\/ld+json\" class=\"yoast-schema-graph\">{\"@context\":\"https:\\\/\\\/schema.org\",\"@graph\":[{\"@type\":\"Article\",\"@id\":\"https:\\\/\\\/abd.ong\\\/ca\\\/infancia-i-familia\\\/neix-mamajove-una-nova-iniciativa-per-a-informar-i-assessorar-mares-adolescents-desenvolupada-amb-la-participacio-de-mares-joves\\\/#article\",\"isPartOf\":{\"@id\":\"https:\\\/\\\/abd.ong\\\/ca\\\/infancia-i-familia\\\/neix-mamajove-una-nova-iniciativa-per-a-informar-i-assessorar-mares-adolescents-desenvolupada-amb-la-participacio-de-mares-joves\\\/\"},\"author\":{\"name\":\"Maria Creixell\",\"@id\":\"https:\\\/\\\/abd.ong\\\/ca\\\/#\\\/schema\\\/person\\\/d2e158b4173f683b3898e286f5b35a10\"},\"headline\":\"Neix Mamajove, una nova iniciativa per a informar i assessorar mares adolescents desenvolupada amb la participaci\u00f3 de mares joves\",\"datePublished\":\"2022-07-28T07:00:00+00:00\",\"dateModified\":\"2024-06-13T10:15:51+00:00\",\"mainEntityOfPage\":{\"@id\":\"https:\\\/\\\/abd.ong\\\/ca\\\/infancia-i-familia\\\/neix-mamajove-una-nova-iniciativa-per-a-informar-i-assessorar-mares-adolescents-desenvolupada-amb-la-participacio-de-mares-joves\\\/\"},\"wordCount\":604,\"publisher\":{\"@id\":\"https:\\\/\\\/abd.ong\\\/ca\\\/#organization\"},\"image\":{\"@id\":\"https:\\\/\\\/abd.ong\\\/ca\\\/infancia-i-familia\\\/neix-mamajove-una-nova-iniciativa-per-a-informar-i-assessorar-mares-adolescents-desenvolupada-amb-la-participacio-de-mares-joves\\\/#primaryimage\"},\"thumbnailUrl\":\"https:\\\/\\\/abd.ong\\\/wp-content\\\/uploads\\\/2022\\\/07\\\/mamajove.jpg\",\"keywords\":[\"adolescents\",\"Asociaci\u00f3n Bienestar y Desarrollo\",\"embar\u00e0s\",\"mamajoven\",\"mares\",\"mares adolescents\",\"maternitat\",\"nova plataforma\",\"Preinfant\",\"suport a adolescents embarassades\",\"web\"],\"articleSection\":[\"Inf\u00e0ncia i fam\u00edlia\",\"Joves\"],\"inLanguage\":\"ca\"},{\"@type\":\"WebPage\",\"@id\":\"https:\\\/\\\/abd.ong\\\/ca\\\/infancia-i-familia\\\/neix-mamajove-una-nova-iniciativa-per-a-informar-i-assessorar-mares-adolescents-desenvolupada-amb-la-participacio-de-mares-joves\\\/\",\"url\":\"https:\\\/\\\/abd.ong\\\/ca\\\/infancia-i-familia\\\/neix-mamajove-una-nova-iniciativa-per-a-informar-i-assessorar-mares-adolescents-desenvolupada-amb-la-participacio-de-mares-joves\\\/\",\"name\":\"Neix Mamajove, una nova iniciativa per a informar i assessorar mares adolescents desenvolupada amb la participaci\u00f3 de mares joves - ABD\",\"isPartOf\":{\"@id\":\"https:\\\/\\\/abd.ong\\\/ca\\\/#website\"},\"primaryImageOfPage\":{\"@id\":\"https:\\\/\\\/abd.ong\\\/ca\\\/infancia-i-familia\\\/neix-mamajove-una-nova-iniciativa-per-a-informar-i-assessorar-mares-adolescents-desenvolupada-amb-la-participacio-de-mares-joves\\\/#primaryimage\"},\"image\":{\"@id\":\"https:\\\/\\\/abd.ong\\\/ca\\\/infancia-i-familia\\\/neix-mamajove-una-nova-iniciativa-per-a-informar-i-assessorar-mares-adolescents-desenvolupada-amb-la-participacio-de-mares-joves\\\/#primaryimage\"},\"thumbnailUrl\":\"https:\\\/\\\/abd.ong\\\/wp-content\\\/uploads\\\/2022\\\/07\\\/mamajove.jpg\",\"datePublished\":\"2022-07-28T07:00:00+00:00\",\"dateModified\":\"2024-06-13T10:15:51+00:00\",\"description\":\"Preinfant i l'Associaci\u00f3 Benestar i Desenvolupament ABD posen en marxa una nova iniciativa per a informar i assessorar adolescents embarassades:\",\"breadcrumb\":{\"@id\":\"https:\\\/\\\/abd.ong\\\/ca\\\/infancia-i-familia\\\/neix-mamajove-una-nova-iniciativa-per-a-informar-i-assessorar-mares-adolescents-desenvolupada-amb-la-participacio-de-mares-joves\\\/#breadcrumb\"},\"inLanguage\":\"ca\",\"potentialAction\":[{\"@type\":\"ReadAction\",\"target\":[\"https:\\\/\\\/abd.ong\\\/ca\\\/infancia-i-familia\\\/neix-mamajove-una-nova-iniciativa-per-a-informar-i-assessorar-mares-adolescents-desenvolupada-amb-la-participacio-de-mares-joves\\\/\"]}]},{\"@type\":\"ImageObject\",\"inLanguage\":\"ca\",\"@id\":\"https:\\\/\\\/abd.ong\\\/ca\\\/infancia-i-familia\\\/neix-mamajove-una-nova-iniciativa-per-a-informar-i-assessorar-mares-adolescents-desenvolupada-amb-la-participacio-de-mares-joves\\\/#primaryimage\",\"url\":\"https:\\\/\\\/abd.ong\\\/wp-content\\\/uploads\\\/2022\\\/07\\\/mamajove.jpg\",\"contentUrl\":\"https:\\\/\\\/abd.ong\\\/wp-content\\\/uploads\\\/2022\\\/07\\\/mamajove.jpg\",\"width\":1403,\"height\":765},{\"@type\":\"BreadcrumbList\",\"@id\":\"https:\\\/\\\/abd.ong\\\/ca\\\/infancia-i-familia\\\/neix-mamajove-una-nova-iniciativa-per-a-informar-i-assessorar-mares-adolescents-desenvolupada-amb-la-participacio-de-mares-joves\\\/#breadcrumb\",\"itemListElement\":[{\"@type\":\"ListItem\",\"position\":1,\"name\":\"Inici\",\"item\":\"https:\\\/\\\/abd.ong\\\/ca\\\/\"},{\"@type\":\"ListItem\",\"position\":2,\"name\":\"Neix Mamajove, una nova iniciativa per a informar i assessorar mares adolescents desenvolupada amb la participaci\u00f3 de mares joves\"}]},{\"@type\":\"WebSite\",\"@id\":\"https:\\\/\\\/abd.ong\\\/ca\\\/#website\",\"url\":\"https:\\\/\\\/abd.ong\\\/ca\\\/\",\"name\":\"ABD\",\"description\":\"Asociaci\u00f3n Bienestar y Desarrollo\",\"publisher\":{\"@id\":\"https:\\\/\\\/abd.ong\\\/ca\\\/#organization\"},\"potentialAction\":[{\"@type\":\"SearchAction\",\"target\":{\"@type\":\"EntryPoint\",\"urlTemplate\":\"https:\\\/\\\/abd.ong\\\/ca\\\/?s={search_term_string}\"},\"query-input\":{\"@type\":\"PropertyValueSpecification\",\"valueRequired\":true,\"valueName\":\"search_term_string\"}}],\"inLanguage\":\"ca\"},{\"@type\":\"Organization\",\"@id\":\"https:\\\/\\\/abd.ong\\\/ca\\\/#organization\",\"name\":\"Associaci\u00f3 Benestar i Desenvolupament\",\"alternateName\":\"ABD\",\"url\":\"https:\\\/\\\/abd.ong\\\/ca\\\/\",\"logo\":{\"@type\":\"ImageObject\",\"inLanguage\":\"ca\",\"@id\":\"https:\\\/\\\/abd.ong\\\/ca\\\/#\\\/schema\\\/logo\\\/image\\\/\",\"url\":\"https:\\\/\\\/abd.ong\\\/wp-content\\\/uploads\\\/2023\\\/01\\\/Icona.png\",\"contentUrl\":\"https:\\\/\\\/abd.ong\\\/wp-content\\\/uploads\\\/2023\\\/01\\\/Icona.png\",\"width\":190,\"height\":187,\"caption\":\"Associaci\u00f3 Benestar i Desenvolupament\"},\"image\":{\"@id\":\"https:\\\/\\\/abd.ong\\\/ca\\\/#\\\/schema\\\/logo\\\/image\\\/\"},\"sameAs\":[\"https:\\\/\\\/www.facebook.com\\\/abd.ong\",\"https:\\\/\\\/x.com\\\/abd_ong\",\"https:\\\/\\\/www.instagram.com\\\/abd_ong\\\/\",\"https:\\\/\\\/www.linkedin.com\\\/company\\\/abdong\",\"https:\\\/\\\/www.youtube.com\\\/user\\\/CANALABD\"]},{\"@type\":\"Person\",\"@id\":\"https:\\\/\\\/abd.ong\\\/ca\\\/#\\\/schema\\\/person\\\/d2e158b4173f683b3898e286f5b35a10\",\"name\":\"Maria Creixell\"}]}<\/script>\n<!-- \/ Yoast SEO plugin. -->","yoast_head_json":{"title":"Neix Mamajove, una nova iniciativa per a informar i assessorar mares adolescents desenvolupada amb la participaci\u00f3 de mares joves - ABD","description":"Preinfant i l'Associaci\u00f3 Benestar i Desenvolupament ABD posen en marxa una nova iniciativa per a informar i assessorar adolescents embarassades:","robots":{"index":"index","follow":"follow","max-snippet":"max-snippet:-1","max-image-preview":"max-image-preview:large","max-video-preview":"max-video-preview:-1"},"canonical":"https:\/\/abd.ong\/ca\/infancia-i-familia\/neix-mamajove-una-nova-iniciativa-per-a-informar-i-assessorar-mares-adolescents-desenvolupada-amb-la-participacio-de-mares-joves\/","og_locale":"ca_ES","og_type":"article","og_title":"Neix Mamajove, una nova iniciativa per a informar i assessorar mares adolescents desenvolupada amb la participaci\u00f3 de mares joves - ABD","og_description":"Preinfant i l'Associaci\u00f3 Benestar i Desenvolupament ABD posen en marxa una nova iniciativa per a informar i assessorar adolescents embarassades:","og_url":"https:\/\/abd.ong\/ca\/infancia-i-familia\/neix-mamajove-una-nova-iniciativa-per-a-informar-i-assessorar-mares-adolescents-desenvolupada-amb-la-participacio-de-mares-joves\/","og_site_name":"ABD","article_publisher":"https:\/\/www.facebook.com\/abd.ong","article_published_time":"2022-07-28T07:00:00+00:00","article_modified_time":"2024-06-13T10:15:51+00:00","og_image":[{"width":1403,"height":765,"url":"https:\/\/abd.ong\/wp-content\/uploads\/2022\/07\/mamajove.jpg","type":"image\/jpeg"}],"author":"Maria Creixell","twitter_card":"summary_large_image","twitter_creator":"@abd_ong","twitter_site":"@abd_ong","twitter_misc":{"Escrit per":"Maria Creixell","Temps estimat de lectura":"3 minuts"},"schema":{"@context":"https:\/\/schema.org","@graph":[{"@type":"Article","@id":"https:\/\/abd.ong\/ca\/infancia-i-familia\/neix-mamajove-una-nova-iniciativa-per-a-informar-i-assessorar-mares-adolescents-desenvolupada-amb-la-participacio-de-mares-joves\/#article","isPartOf":{"@id":"https:\/\/abd.ong\/ca\/infancia-i-familia\/neix-mamajove-una-nova-iniciativa-per-a-informar-i-assessorar-mares-adolescents-desenvolupada-amb-la-participacio-de-mares-joves\/"},"author":{"name":"Maria Creixell","@id":"https:\/\/abd.ong\/ca\/#\/schema\/person\/d2e158b4173f683b3898e286f5b35a10"},"headline":"Neix Mamajove, una nova iniciativa per a informar i assessorar mares adolescents desenvolupada amb la participaci\u00f3 de mares joves","datePublished":"2022-07-28T07:00:00+00:00","dateModified":"2024-06-13T10:15:51+00:00","mainEntityOfPage":{"@id":"https:\/\/abd.ong\/ca\/infancia-i-familia\/neix-mamajove-una-nova-iniciativa-per-a-informar-i-assessorar-mares-adolescents-desenvolupada-amb-la-participacio-de-mares-joves\/"},"wordCount":604,"publisher":{"@id":"https:\/\/abd.ong\/ca\/#organization"},"image":{"@id":"https:\/\/abd.ong\/ca\/infancia-i-familia\/neix-mamajove-una-nova-iniciativa-per-a-informar-i-assessorar-mares-adolescents-desenvolupada-amb-la-participacio-de-mares-joves\/#primaryimage"},"thumbnailUrl":"https:\/\/abd.ong\/wp-content\/uploads\/2022\/07\/mamajove.jpg","keywords":["adolescents","Asociaci\u00f3n Bienestar y Desarrollo","embar\u00e0s","mamajoven","mares","mares adolescents","maternitat","nova plataforma","Preinfant","suport a adolescents embarassades","web"],"articleSection":["Inf\u00e0ncia i fam\u00edlia","Joves"],"inLanguage":"ca"},{"@type":"WebPage","@id":"https:\/\/abd.ong\/ca\/infancia-i-familia\/neix-mamajove-una-nova-iniciativa-per-a-informar-i-assessorar-mares-adolescents-desenvolupada-amb-la-participacio-de-mares-joves\/","url":"https:\/\/abd.ong\/ca\/infancia-i-familia\/neix-mamajove-una-nova-iniciativa-per-a-informar-i-assessorar-mares-adolescents-desenvolupada-amb-la-participacio-de-mares-joves\/","name":"Neix Mamajove, una nova iniciativa per a informar i assessorar mares adolescents desenvolupada amb la participaci\u00f3 de mares joves - ABD","isPartOf":{"@id":"https:\/\/abd.ong\/ca\/#website"},"primaryImageOfPage":{"@id":"https:\/\/abd.ong\/ca\/infancia-i-familia\/neix-mamajove-una-nova-iniciativa-per-a-informar-i-assessorar-mares-adolescents-desenvolupada-amb-la-participacio-de-mares-joves\/#primaryimage"},"image":{"@id":"https:\/\/abd.ong\/ca\/infancia-i-familia\/neix-mamajove-una-nova-iniciativa-per-a-informar-i-assessorar-mares-adolescents-desenvolupada-amb-la-participacio-de-mares-joves\/#primaryimage"},"thumbnailUrl":"https:\/\/abd.ong\/wp-content\/uploads\/2022\/07\/mamajove.jpg","datePublished":"2022-07-28T07:00:00+00:00","dateModified":"2024-06-13T10:15:51+00:00","description":"Preinfant i l'Associaci\u00f3 Benestar i Desenvolupament ABD posen en marxa una nova iniciativa per a informar i assessorar adolescents embarassades:","breadcrumb":{"@id":"https:\/\/abd.ong\/ca\/infancia-i-familia\/neix-mamajove-una-nova-iniciativa-per-a-informar-i-assessorar-mares-adolescents-desenvolupada-amb-la-participacio-de-mares-joves\/#breadcrumb"},"inLanguage":"ca","potentialAction":[{"@type":"ReadAction","target":["https:\/\/abd.ong\/ca\/infancia-i-familia\/neix-mamajove-una-nova-iniciativa-per-a-informar-i-assessorar-mares-adolescents-desenvolupada-amb-la-participacio-de-mares-joves\/"]}]},{"@type":"ImageObject","inLanguage":"ca","@id":"https:\/\/abd.ong\/ca\/infancia-i-familia\/neix-mamajove-una-nova-iniciativa-per-a-informar-i-assessorar-mares-adolescents-desenvolupada-amb-la-participacio-de-mares-joves\/#primaryimage","url":"https:\/\/abd.ong\/wp-content\/uploads\/2022\/07\/mamajove.jpg","contentUrl":"https:\/\/abd.ong\/wp-content\/uploads\/2022\/07\/mamajove.jpg","width":1403,"height":765},{"@type":"BreadcrumbList","@id":"https:\/\/abd.ong\/ca\/infancia-i-familia\/neix-mamajove-una-nova-iniciativa-per-a-informar-i-assessorar-mares-adolescents-desenvolupada-amb-la-participacio-de-mares-joves\/#breadcrumb","itemListElement":[{"@type":"ListItem","position":1,"name":"Inici","item":"https:\/\/abd.ong\/ca\/"},{"@type":"ListItem","position":2,"name":"Neix Mamajove, una nova iniciativa per a informar i assessorar mares adolescents desenvolupada amb la participaci\u00f3 de mares joves"}]},{"@type":"WebSite","@id":"https:\/\/abd.ong\/ca\/#website","url":"https:\/\/abd.ong\/ca\/","name":"ABD","description":"Asociaci\u00f3n Bienestar y Desarrollo","publisher":{"@id":"https:\/\/abd.ong\/ca\/#organization"},"potentialAction":[{"@type":"SearchAction","target":{"@type":"EntryPoint","urlTemplate":"https:\/\/abd.ong\/ca\/?s={search_term_string}"},"query-input":{"@type":"PropertyValueSpecification","valueRequired":true,"valueName":"search_term_string"}}],"inLanguage":"ca"},{"@type":"Organization","@id":"https:\/\/abd.ong\/ca\/#organization","name":"Associaci\u00f3 Benestar i Desenvolupament","alternateName":"ABD","url":"https:\/\/abd.ong\/ca\/","logo":{"@type":"ImageObject","inLanguage":"ca","@id":"https:\/\/abd.ong\/ca\/#\/schema\/logo\/image\/","url":"https:\/\/abd.ong\/wp-content\/uploads\/2023\/01\/Icona.png","contentUrl":"https:\/\/abd.ong\/wp-content\/uploads\/2023\/01\/Icona.png","width":190,"height":187,"caption":"Associaci\u00f3 Benestar i Desenvolupament"},"image":{"@id":"https:\/\/abd.ong\/ca\/#\/schema\/logo\/image\/"},"sameAs":["https:\/\/www.facebook.com\/abd.ong","https:\/\/x.com\/abd_ong","https:\/\/www.instagram.com\/abd_ong\/","https:\/\/www.linkedin.com\/company\/abdong","https:\/\/www.youtube.com\/user\/CANALABD"]},{"@type":"Person","@id":"https:\/\/abd.ong\/ca\/#\/schema\/person\/d2e158b4173f683b3898e286f5b35a10","name":"Maria Creixell"}]}},"_links":{"self":[{"href":"https:\/\/abd.ong\/ca\/wp-json\/wp\/v2\/posts\/34772","targetHints":{"allow":["GET"]}}],"collection":[{"href":"https:\/\/abd.ong\/ca\/wp-json\/wp\/v2\/posts"}],"about":[{"href":"https:\/\/abd.ong\/ca\/wp-json\/wp\/v2\/types\/post"}],"author":[{"embeddable":true,"href":"https:\/\/abd.ong\/ca\/wp-json\/wp\/v2\/users\/9"}],"replies":[{"embeddable":true,"href":"https:\/\/abd.ong\/ca\/wp-json\/wp\/v2\/comments?post=34772"}],"version-history":[{"count":3,"href":"https:\/\/abd.ong\/ca\/wp-json\/wp\/v2\/posts\/34772\/revisions"}],"predecessor-version":[{"id":161293,"href":"https:\/\/abd.ong\/ca\/wp-json\/wp\/v2\/posts\/34772\/revisions\/161293"}],"wp:featuredmedia":[{"embeddable":true,"href":"https:\/\/abd.ong\/ca\/wp-json\/wp\/v2\/media\/34789"}],"wp:attachment":[{"href":"https:\/\/abd.ong\/ca\/wp-json\/wp\/v2\/media?parent=34772"}],"wp:term":[{"taxonomy":"category","embeddable":true,"href":"https:\/\/abd.ong\/ca\/wp-json\/wp\/v2\/categories?post=34772"},{"taxonomy":"post_tag","embeddable":true,"href":"https:\/\/abd.ong\/ca\/wp-json\/wp\/v2\/tags?post=34772"}],"curies":[{"name":"wp","href":"https:\/\/api.w.org\/{rel}","templated":true}]}}