{"id":34151,"date":"2022-06-29T12:02:09","date_gmt":"2022-06-29T10:02:09","guid":{"rendered":"https:\/\/abd.ong\/?p=34151"},"modified":"2022-06-29T19:24:20","modified_gmt":"2022-06-29T17:24:20","slug":"abd-als-mitjans-de-comunicacio-al-juny-2","status":"publish","type":"post","link":"https:\/\/abd.ong\/ca\/general-ca\/abd-als-mitjans-de-comunicacio-al-juny-2\/","title":{"rendered":"ABD als mitjans de comunicaci\u00f3 al juny"},"content":{"rendered":"\n<p>L&#8217;<a href=\"https:\/\/abd.ong\/ca\/\"><strong>Associaci\u00f3 Benestar i Desenvolupament<\/strong><\/a><strong>&nbsp;(ABD)<\/strong> ha estat present als mitjans de comunicaci\u00f3 durant aquest mes de juny. A continuaci\u00f3, el resum de premsa de les not\u00edcies, articles i reportatges en els quals hem participat com a entitat<\/p>\n\n\n\n<div style=\"height:30px\" aria-hidden=\"true\" class=\"wp-block-spacer\"><\/div>\n\n\n\n<p><strong>06\/06\/2022 &#8211; Alcaldia de Medell\u00edn<\/strong><\/p>\n\n\n\n<p><em>La Fundaci\u00f3 ABD de Barcelona i la Corporaci\u00f3 Sorgir, amb l&#8217;acompanyament de l&#8217;Alcaldia de Medell\u00edn, han repr\u00e8s els Centres d&#8217;Escolta per enfortir el treball en reducci\u00f3 de danys pel consum de drogues per mitj\u00e0 de pr\u00e0ctiques que ajudin l&#8217;habitant de carrer a prendre consci\u00e8ncia de la seva salut<\/em><\/p>\n\n\n\n<p><\/p>\n\n\n\n<p><a href=\"https:\/\/www.medellin.gov.co\/irj\/portal\/medellin?NavigationTarget=contenido\/12499-Medellin-ha-recibido-mas-de-12-millones-de-dolares-del-Ayuntamiento-de-Barcelona-para-el-mejoramiento-de-la-calidad-de-vida\" target=\"_blank\" rel=\"noopener\">Medell\u00edn ha rebut m\u00e9s d&#8217;1.2 milions de d\u00f2lars de l&#8217;Ajuntament de Barcelona destinats a la millora de la qualitat de vida<\/a><\/p>\n\n\n\n<p><strong>08\/06\/2022 &#8211; Catalunya Migdia<\/strong><\/p>\n\n\n\n<p><em>&#8220;Els efectes s\u00f3n semblants als de l&#8217;\u00e8xtasi o la coca\u00efna, depenent de la subst\u00e0ncia que sigui, perqu\u00e8 la fam\u00edlia de les catinonas \u00e9s molt gran&#8221;<\/em><\/p>\n\n\n\n<p><em>Ho explica la farmac\u00e8utica Mireia Ventura d&#8217;Energy Control a Barcelona<\/em><\/p>\n\n\n\n<p><a href=\"https:\/\/www.ccma.cat\/catradio\/catalunya-migdia\/decomissen-a-barcelona-una-xifra-record-de-catinona-la-nova-droga-que-triomfa-a-europa\/noticia\/3168831\/\" target=\"_blank\" rel=\"noopener\">Decomissen a Barcelona una xifra r\u00e8cord de catinona, la nova droga que triomfa a Europa<\/a><\/p>\n\n\n\n<p><strong>08\/06\/22 &#8211; El Peri\u00f3dico<\/strong><\/p>\n\n\n\n<p><em>&#8220;La catinona s&#8217;obt\u00e9 de l&#8217;arbust afric\u00e0 de Khat (catha edulis) com la coca\u00efna s&#8217;obt\u00e9 de la fulla de la coca. Provoca en el consumidor un efecte &#8216;estimulant'&#8221;<\/em><\/p>\n\n\n\n<p><a href=\"https:\/\/www.elperiodico.com\/es\/sucesos\/20220610\/khat-que-es-catinonas-sinteticas-13807624\" target=\"_blank\" rel=\"noreferrer noopener\">\u00bfQu\u00e8 es el khat, la droga procedent d&#8217;\u00c0frica?<\/a><\/p>\n\n\n\n<p><\/p>\n\n\n\n<p><strong>14\/06\/2022 &#8211; Planta Baixa (TV3)<\/strong><\/p>\n\n\n\n<p><em>Els efectes que provoca s\u00f3n euforitzants, s\u00f3n subst\u00e0ncies que acostumen a pujar r\u00e0pid. Sobretot pugen r\u00e0pid quan s&#8217;esnifen, quan s\u00f3n via oral, poden tenir m\u00e9s efectes amb pat\u00f2gens, com tindria l&#8217;\u00e8xtasi<\/em><\/p>\n\n\n\n<p><a href=\"https:\/\/www.ccma.cat\/tv3\/alacarta\/planta-baixa\/nova-droga-al-port-de-barcelona\/video\/6163839\/\" target=\"_blank\" rel=\"noreferrer noopener\">Nova droga al port de Barcelona<\/a><\/p>\n\n\n\n<p><\/p>\n\n\n\n<p><strong>21\/05\/2022 &#8211; El Peri\u00f3dico<\/strong><\/p>\n\n\n\n<p><em>&#8220;La idea \u00e9s oferir alternatives d&#8217;oci m\u00e9s saludables, prevenir conductes de risc i eines per a gestionar conflictes sortint de marxa. Si un vol realitzar una pr\u00e0ctica de risc, com emborratxar-se o consumir drogues, les t\u00e8cniques del programa et diran &#8216;si \u00e9s el que vols, almenys fes-ho d&#8217;aquesta manera per evitar un problema innecessari'&#8221;<\/em><\/p>\n\n\n\n<p><em>Ho assenyala \u00c0lex Segura, director insular de Joventut<\/em><\/p>\n\n\n\n<p><a href=\"https:\/\/www.ultimahora.es\/noticias\/local\/2022\/06\/26\/1747945\/mallorca-plan-piloto-contra-consumo-drogas-ocio-nocturno.html\" target=\"_blank\" rel=\"noopener\">El Consell activa un pla aquest estiu per frenar el consum de drogues en l&#8217;oci nocturn<\/a><\/p>\n\n\n\n<p><\/p>\n\n\n\n<p><strong>26\/06\/2022 &#8211; El Espa\u00f1ol<\/strong><\/p>\n\n\n\n<p><em>&#8220;El consum de crack ha estat durant molts anys una cosa residual, per\u00f2 nosaltres portem veient un important avan\u00e7 entre el 2016 i el 2018&#8221;<\/em><\/p>\n\n\n\n<p><em>Ho explica el director de l&#8217;\u00e0rea de drogues i salut de l&#8217;Associaci\u00f3 Benestar i Desenvolupament, Josep Rovira<\/em><\/p>\n\n\n\n<p><a href=\"https:\/\/www.elespanol.com\/ciencia\/salud\/20220626\/crack-droga-pobres-resurge-espana-nadie-sale\/682682036_0.html\" target=\"_blank\" rel=\"noopener\">El crack, la droga dels pobres, ressorgeix a Espanya: &#8220;Ning\u00fa surt d&#8217;aix\u00f2 sol&#8221;<\/a><\/p>\n\n\n\n<p><\/p>\n\n\n\n<p><strong>28\/06\/22 &#8211; Valor Afegit (TV3)<\/strong><\/p>\n\n\n\n<p><em>&#8220;Nosaltres naixem molt focalitzats en tots els programes de drogodepend\u00e8ncies amb els problemes que hi havia a la ciutat als inicis dels 80. Sempre en termes de g\u00e8nere \u00e9s una entitat molt femenina perqu\u00e8 el tercer sector social ho \u00e9s&#8221;<\/em><\/p>\n\n\n\n<p><em>Ho relata la gerent de l&#8217;Associaci\u00f3 Benestar i Desenvolupament, \u00c1ngel Guiteras<\/em><\/p>\n\n\n\n<p><a href=\"https:\/\/www.ccma.cat\/tv3\/alacarta\/valor-afegit\/valor-afegit-directives-a-les-entitats-del-tercer-sector-representacio-insuficient\/video\/6166097\/\"><em>Valor afegit &#8211; Directives en les entitats del tercer sector, representaci\u00f3 insuficient?<\/em><\/a><\/p>\n","protected":false},"excerpt":{"rendered":"<p>L&#8217;Associaci\u00f3 Benestar i Desenvolupament&nbsp;(ABD) ha estat present als mitjans de comunicaci\u00f3 durant aquest mes de juny. A continuaci\u00f3, el resum de premsa de les not\u00edcies, articles i reportatges en els&hellip;<\/p>\n","protected":false},"author":2,"featured_media":14666,"comment_status":"closed","ping_status":"closed","sticky":false,"template":"","format":"standard","meta":{"_acf_changed":false,"footnotes":""},"categories":[66],"tags":[675,175,2379,2299,2300,2226,2533],"class_list":["post-34151","post","type-post","status-publish","format-standard","has-post-thumbnail","hentry","category-general-ca","tag-asociacion-bienestar-y-desarrollo-ca","tag-drogas-ca","tag-habitatge-ca","tag-mitjans-de-comunicacio-ca","tag-noticies-ca","tag-pobresa-energetica-ca","tag-sexualitat-ca"],"acf":[],"yoast_head":"<!-- This site is optimized with the Yoast SEO plugin v27.4 - https:\/\/yoast.com\/product\/yoast-seo-wordpress\/ -->\n<title>ABD als mitjans de comunicaci\u00f3 al juny - ABD<\/title>\n<meta name=\"description\" content=\"L&#039;Associaci\u00f3 Benestar i Desenvolupament&nbsp;(ABD) ha estat present als mitjans de comunicaci\u00f3 durant aquest mes de juny. A continuaci\u00f3, el resum de\" \/>\n<meta name=\"robots\" content=\"index, follow, max-snippet:-1, max-image-preview:large, max-video-preview:-1\" \/>\n<link rel=\"canonical\" href=\"https:\/\/abd.ong\/ca\/general-ca\/abd-als-mitjans-de-comunicacio-al-juny-2\/\" \/>\n<meta property=\"og:locale\" content=\"ca_ES\" \/>\n<meta property=\"og:type\" content=\"article\" \/>\n<meta property=\"og:title\" content=\"ABD als mitjans de comunicaci\u00f3 al juny - ABD\" \/>\n<meta property=\"og:description\" content=\"L&#039;Associaci\u00f3 Benestar i Desenvolupament&nbsp;(ABD) ha estat present als mitjans de comunicaci\u00f3 durant aquest mes de juny. A continuaci\u00f3, el resum de\" \/>\n<meta property=\"og:url\" content=\"https:\/\/abd.ong\/ca\/general-ca\/abd-als-mitjans-de-comunicacio-al-juny-2\/\" \/>\n<meta property=\"og:site_name\" content=\"ABD\" \/>\n<meta property=\"article:publisher\" content=\"https:\/\/www.facebook.com\/abd.ong\" \/>\n<meta property=\"article:published_time\" content=\"2022-06-29T10:02:09+00:00\" \/>\n<meta property=\"article:modified_time\" content=\"2022-06-29T17:24:20+00:00\" \/>\n<meta property=\"og:image\" content=\"https:\/\/abd.ong\/wp-content\/uploads\/2020\/05\/old-tv-1149416_1920.jpg\" \/>\n\t<meta property=\"og:image:width\" content=\"1919\" \/>\n\t<meta property=\"og:image:height\" content=\"977\" \/>\n\t<meta property=\"og:image:type\" content=\"image\/jpeg\" \/>\n<meta name=\"author\" content=\"Enric Guinart\" \/>\n<meta name=\"twitter:card\" content=\"summary_large_image\" \/>\n<meta name=\"twitter:creator\" content=\"@abd_ong\" \/>\n<meta name=\"twitter:site\" content=\"@abd_ong\" \/>\n<meta name=\"twitter:label1\" content=\"Escrit per\" \/>\n\t<meta name=\"twitter:data1\" content=\"Enric Guinart\" \/>\n\t<meta name=\"twitter:label2\" content=\"Temps estimat de lectura\" \/>\n\t<meta name=\"twitter:data2\" content=\"3 minuts\" \/>\n<script type=\"application\/ld+json\" class=\"yoast-schema-graph\">{\"@context\":\"https:\\\/\\\/schema.org\",\"@graph\":[{\"@type\":\"Article\",\"@id\":\"https:\\\/\\\/abd.ong\\\/ca\\\/general-ca\\\/abd-als-mitjans-de-comunicacio-al-juny-2\\\/#article\",\"isPartOf\":{\"@id\":\"https:\\\/\\\/abd.ong\\\/ca\\\/general-ca\\\/abd-als-mitjans-de-comunicacio-al-juny-2\\\/\"},\"author\":{\"name\":\"Enric Guinart\",\"@id\":\"https:\\\/\\\/abd.ong\\\/ca\\\/#\\\/schema\\\/person\\\/d0f5fe279a7ad908de6a6d1332bfd7d8\"},\"headline\":\"ABD als mitjans de comunicaci\u00f3 al juny\",\"datePublished\":\"2022-06-29T10:02:09+00:00\",\"dateModified\":\"2022-06-29T17:24:20+00:00\",\"mainEntityOfPage\":{\"@id\":\"https:\\\/\\\/abd.ong\\\/ca\\\/general-ca\\\/abd-als-mitjans-de-comunicacio-al-juny-2\\\/\"},\"wordCount\":506,\"publisher\":{\"@id\":\"https:\\\/\\\/abd.ong\\\/ca\\\/#organization\"},\"image\":{\"@id\":\"https:\\\/\\\/abd.ong\\\/ca\\\/general-ca\\\/abd-als-mitjans-de-comunicacio-al-juny-2\\\/#primaryimage\"},\"thumbnailUrl\":\"https:\\\/\\\/abd.ong\\\/wp-content\\\/uploads\\\/2020\\\/05\\\/old-tv-1149416_1920.jpg\",\"keywords\":[\"Asociaci\u00f3n Bienestar y Desarrollo\",\"drogas\",\"habitatge\",\"Mitjans de comunicaci\u00f3\",\"not\u00edcies\",\"pobresa energ\u00e8tica\",\"sexualitat\"],\"articleSection\":[\"General\"],\"inLanguage\":\"ca\"},{\"@type\":\"WebPage\",\"@id\":\"https:\\\/\\\/abd.ong\\\/ca\\\/general-ca\\\/abd-als-mitjans-de-comunicacio-al-juny-2\\\/\",\"url\":\"https:\\\/\\\/abd.ong\\\/ca\\\/general-ca\\\/abd-als-mitjans-de-comunicacio-al-juny-2\\\/\",\"name\":\"ABD als mitjans de comunicaci\u00f3 al juny - ABD\",\"isPartOf\":{\"@id\":\"https:\\\/\\\/abd.ong\\\/ca\\\/#website\"},\"primaryImageOfPage\":{\"@id\":\"https:\\\/\\\/abd.ong\\\/ca\\\/general-ca\\\/abd-als-mitjans-de-comunicacio-al-juny-2\\\/#primaryimage\"},\"image\":{\"@id\":\"https:\\\/\\\/abd.ong\\\/ca\\\/general-ca\\\/abd-als-mitjans-de-comunicacio-al-juny-2\\\/#primaryimage\"},\"thumbnailUrl\":\"https:\\\/\\\/abd.ong\\\/wp-content\\\/uploads\\\/2020\\\/05\\\/old-tv-1149416_1920.jpg\",\"datePublished\":\"2022-06-29T10:02:09+00:00\",\"dateModified\":\"2022-06-29T17:24:20+00:00\",\"description\":\"L'Associaci\u00f3 Benestar i Desenvolupament&nbsp;(ABD) ha estat present als mitjans de comunicaci\u00f3 durant aquest mes de juny. A continuaci\u00f3, el resum de\",\"breadcrumb\":{\"@id\":\"https:\\\/\\\/abd.ong\\\/ca\\\/general-ca\\\/abd-als-mitjans-de-comunicacio-al-juny-2\\\/#breadcrumb\"},\"inLanguage\":\"ca\",\"potentialAction\":[{\"@type\":\"ReadAction\",\"target\":[\"https:\\\/\\\/abd.ong\\\/ca\\\/general-ca\\\/abd-als-mitjans-de-comunicacio-al-juny-2\\\/\"]}]},{\"@type\":\"ImageObject\",\"inLanguage\":\"ca\",\"@id\":\"https:\\\/\\\/abd.ong\\\/ca\\\/general-ca\\\/abd-als-mitjans-de-comunicacio-al-juny-2\\\/#primaryimage\",\"url\":\"https:\\\/\\\/abd.ong\\\/wp-content\\\/uploads\\\/2020\\\/05\\\/old-tv-1149416_1920.jpg\",\"contentUrl\":\"https:\\\/\\\/abd.ong\\\/wp-content\\\/uploads\\\/2020\\\/05\\\/old-tv-1149416_1920.jpg\",\"width\":1919,\"height\":977,\"caption\":\"medios de comunicaci\u00f3n\"},{\"@type\":\"BreadcrumbList\",\"@id\":\"https:\\\/\\\/abd.ong\\\/ca\\\/general-ca\\\/abd-als-mitjans-de-comunicacio-al-juny-2\\\/#breadcrumb\",\"itemListElement\":[{\"@type\":\"ListItem\",\"position\":1,\"name\":\"Inici\",\"item\":\"https:\\\/\\\/abd.ong\\\/ca\\\/\"},{\"@type\":\"ListItem\",\"position\":2,\"name\":\"ABD als mitjans de comunicaci\u00f3 al juny\"}]},{\"@type\":\"WebSite\",\"@id\":\"https:\\\/\\\/abd.ong\\\/ca\\\/#website\",\"url\":\"https:\\\/\\\/abd.ong\\\/ca\\\/\",\"name\":\"ABD\",\"description\":\"Asociaci\u00f3n Bienestar y Desarrollo\",\"publisher\":{\"@id\":\"https:\\\/\\\/abd.ong\\\/ca\\\/#organization\"},\"potentialAction\":[{\"@type\":\"SearchAction\",\"target\":{\"@type\":\"EntryPoint\",\"urlTemplate\":\"https:\\\/\\\/abd.ong\\\/ca\\\/?s={search_term_string}\"},\"query-input\":{\"@type\":\"PropertyValueSpecification\",\"valueRequired\":true,\"valueName\":\"search_term_string\"}}],\"inLanguage\":\"ca\"},{\"@type\":\"Organization\",\"@id\":\"https:\\\/\\\/abd.ong\\\/ca\\\/#organization\",\"name\":\"Associaci\u00f3 Benestar i Desenvolupament\",\"alternateName\":\"ABD\",\"url\":\"https:\\\/\\\/abd.ong\\\/ca\\\/\",\"logo\":{\"@type\":\"ImageObject\",\"inLanguage\":\"ca\",\"@id\":\"https:\\\/\\\/abd.ong\\\/ca\\\/#\\\/schema\\\/logo\\\/image\\\/\",\"url\":\"https:\\\/\\\/abd.ong\\\/wp-content\\\/uploads\\\/2023\\\/01\\\/Icona.png\",\"contentUrl\":\"https:\\\/\\\/abd.ong\\\/wp-content\\\/uploads\\\/2023\\\/01\\\/Icona.png\",\"width\":190,\"height\":187,\"caption\":\"Associaci\u00f3 Benestar i Desenvolupament\"},\"image\":{\"@id\":\"https:\\\/\\\/abd.ong\\\/ca\\\/#\\\/schema\\\/logo\\\/image\\\/\"},\"sameAs\":[\"https:\\\/\\\/www.facebook.com\\\/abd.ong\",\"https:\\\/\\\/x.com\\\/abd_ong\",\"https:\\\/\\\/www.instagram.com\\\/abd_ong\\\/\",\"https:\\\/\\\/www.linkedin.com\\\/company\\\/abdong\",\"https:\\\/\\\/www.youtube.com\\\/user\\\/CANALABD\"]},{\"@type\":\"Person\",\"@id\":\"https:\\\/\\\/abd.ong\\\/ca\\\/#\\\/schema\\\/person\\\/d0f5fe279a7ad908de6a6d1332bfd7d8\",\"name\":\"Enric Guinart\"}]}<\/script>\n<!-- \/ Yoast SEO plugin. -->","yoast_head_json":{"title":"ABD als mitjans de comunicaci\u00f3 al juny - ABD","description":"L'Associaci\u00f3 Benestar i Desenvolupament&nbsp;(ABD) ha estat present als mitjans de comunicaci\u00f3 durant aquest mes de juny. A continuaci\u00f3, el resum de","robots":{"index":"index","follow":"follow","max-snippet":"max-snippet:-1","max-image-preview":"max-image-preview:large","max-video-preview":"max-video-preview:-1"},"canonical":"https:\/\/abd.ong\/ca\/general-ca\/abd-als-mitjans-de-comunicacio-al-juny-2\/","og_locale":"ca_ES","og_type":"article","og_title":"ABD als mitjans de comunicaci\u00f3 al juny - ABD","og_description":"L'Associaci\u00f3 Benestar i Desenvolupament&nbsp;(ABD) ha estat present als mitjans de comunicaci\u00f3 durant aquest mes de juny. A continuaci\u00f3, el resum de","og_url":"https:\/\/abd.ong\/ca\/general-ca\/abd-als-mitjans-de-comunicacio-al-juny-2\/","og_site_name":"ABD","article_publisher":"https:\/\/www.facebook.com\/abd.ong","article_published_time":"2022-06-29T10:02:09+00:00","article_modified_time":"2022-06-29T17:24:20+00:00","og_image":[{"width":1919,"height":977,"url":"https:\/\/abd.ong\/wp-content\/uploads\/2020\/05\/old-tv-1149416_1920.jpg","type":"image\/jpeg"}],"author":"Enric Guinart","twitter_card":"summary_large_image","twitter_creator":"@abd_ong","twitter_site":"@abd_ong","twitter_misc":{"Escrit per":"Enric Guinart","Temps estimat de lectura":"3 minuts"},"schema":{"@context":"https:\/\/schema.org","@graph":[{"@type":"Article","@id":"https:\/\/abd.ong\/ca\/general-ca\/abd-als-mitjans-de-comunicacio-al-juny-2\/#article","isPartOf":{"@id":"https:\/\/abd.ong\/ca\/general-ca\/abd-als-mitjans-de-comunicacio-al-juny-2\/"},"author":{"name":"Enric Guinart","@id":"https:\/\/abd.ong\/ca\/#\/schema\/person\/d0f5fe279a7ad908de6a6d1332bfd7d8"},"headline":"ABD als mitjans de comunicaci\u00f3 al juny","datePublished":"2022-06-29T10:02:09+00:00","dateModified":"2022-06-29T17:24:20+00:00","mainEntityOfPage":{"@id":"https:\/\/abd.ong\/ca\/general-ca\/abd-als-mitjans-de-comunicacio-al-juny-2\/"},"wordCount":506,"publisher":{"@id":"https:\/\/abd.ong\/ca\/#organization"},"image":{"@id":"https:\/\/abd.ong\/ca\/general-ca\/abd-als-mitjans-de-comunicacio-al-juny-2\/#primaryimage"},"thumbnailUrl":"https:\/\/abd.ong\/wp-content\/uploads\/2020\/05\/old-tv-1149416_1920.jpg","keywords":["Asociaci\u00f3n Bienestar y Desarrollo","drogas","habitatge","Mitjans de comunicaci\u00f3","not\u00edcies","pobresa energ\u00e8tica","sexualitat"],"articleSection":["General"],"inLanguage":"ca"},{"@type":"WebPage","@id":"https:\/\/abd.ong\/ca\/general-ca\/abd-als-mitjans-de-comunicacio-al-juny-2\/","url":"https:\/\/abd.ong\/ca\/general-ca\/abd-als-mitjans-de-comunicacio-al-juny-2\/","name":"ABD als mitjans de comunicaci\u00f3 al juny - ABD","isPartOf":{"@id":"https:\/\/abd.ong\/ca\/#website"},"primaryImageOfPage":{"@id":"https:\/\/abd.ong\/ca\/general-ca\/abd-als-mitjans-de-comunicacio-al-juny-2\/#primaryimage"},"image":{"@id":"https:\/\/abd.ong\/ca\/general-ca\/abd-als-mitjans-de-comunicacio-al-juny-2\/#primaryimage"},"thumbnailUrl":"https:\/\/abd.ong\/wp-content\/uploads\/2020\/05\/old-tv-1149416_1920.jpg","datePublished":"2022-06-29T10:02:09+00:00","dateModified":"2022-06-29T17:24:20+00:00","description":"L'Associaci\u00f3 Benestar i Desenvolupament&nbsp;(ABD) ha estat present als mitjans de comunicaci\u00f3 durant aquest mes de juny. A continuaci\u00f3, el resum de","breadcrumb":{"@id":"https:\/\/abd.ong\/ca\/general-ca\/abd-als-mitjans-de-comunicacio-al-juny-2\/#breadcrumb"},"inLanguage":"ca","potentialAction":[{"@type":"ReadAction","target":["https:\/\/abd.ong\/ca\/general-ca\/abd-als-mitjans-de-comunicacio-al-juny-2\/"]}]},{"@type":"ImageObject","inLanguage":"ca","@id":"https:\/\/abd.ong\/ca\/general-ca\/abd-als-mitjans-de-comunicacio-al-juny-2\/#primaryimage","url":"https:\/\/abd.ong\/wp-content\/uploads\/2020\/05\/old-tv-1149416_1920.jpg","contentUrl":"https:\/\/abd.ong\/wp-content\/uploads\/2020\/05\/old-tv-1149416_1920.jpg","width":1919,"height":977,"caption":"medios de comunicaci\u00f3n"},{"@type":"BreadcrumbList","@id":"https:\/\/abd.ong\/ca\/general-ca\/abd-als-mitjans-de-comunicacio-al-juny-2\/#breadcrumb","itemListElement":[{"@type":"ListItem","position":1,"name":"Inici","item":"https:\/\/abd.ong\/ca\/"},{"@type":"ListItem","position":2,"name":"ABD als mitjans de comunicaci\u00f3 al juny"}]},{"@type":"WebSite","@id":"https:\/\/abd.ong\/ca\/#website","url":"https:\/\/abd.ong\/ca\/","name":"ABD","description":"Asociaci\u00f3n Bienestar y Desarrollo","publisher":{"@id":"https:\/\/abd.ong\/ca\/#organization"},"potentialAction":[{"@type":"SearchAction","target":{"@type":"EntryPoint","urlTemplate":"https:\/\/abd.ong\/ca\/?s={search_term_string}"},"query-input":{"@type":"PropertyValueSpecification","valueRequired":true,"valueName":"search_term_string"}}],"inLanguage":"ca"},{"@type":"Organization","@id":"https:\/\/abd.ong\/ca\/#organization","name":"Associaci\u00f3 Benestar i Desenvolupament","alternateName":"ABD","url":"https:\/\/abd.ong\/ca\/","logo":{"@type":"ImageObject","inLanguage":"ca","@id":"https:\/\/abd.ong\/ca\/#\/schema\/logo\/image\/","url":"https:\/\/abd.ong\/wp-content\/uploads\/2023\/01\/Icona.png","contentUrl":"https:\/\/abd.ong\/wp-content\/uploads\/2023\/01\/Icona.png","width":190,"height":187,"caption":"Associaci\u00f3 Benestar i Desenvolupament"},"image":{"@id":"https:\/\/abd.ong\/ca\/#\/schema\/logo\/image\/"},"sameAs":["https:\/\/www.facebook.com\/abd.ong","https:\/\/x.com\/abd_ong","https:\/\/www.instagram.com\/abd_ong\/","https:\/\/www.linkedin.com\/company\/abdong","https:\/\/www.youtube.com\/user\/CANALABD"]},{"@type":"Person","@id":"https:\/\/abd.ong\/ca\/#\/schema\/person\/d0f5fe279a7ad908de6a6d1332bfd7d8","name":"Enric Guinart"}]}},"_links":{"self":[{"href":"https:\/\/abd.ong\/ca\/wp-json\/wp\/v2\/posts\/34151","targetHints":{"allow":["GET"]}}],"collection":[{"href":"https:\/\/abd.ong\/ca\/wp-json\/wp\/v2\/posts"}],"about":[{"href":"https:\/\/abd.ong\/ca\/wp-json\/wp\/v2\/types\/post"}],"author":[{"embeddable":true,"href":"https:\/\/abd.ong\/ca\/wp-json\/wp\/v2\/users\/2"}],"replies":[{"embeddable":true,"href":"https:\/\/abd.ong\/ca\/wp-json\/wp\/v2\/comments?post=34151"}],"version-history":[{"count":3,"href":"https:\/\/abd.ong\/ca\/wp-json\/wp\/v2\/posts\/34151\/revisions"}],"predecessor-version":[{"id":34182,"href":"https:\/\/abd.ong\/ca\/wp-json\/wp\/v2\/posts\/34151\/revisions\/34182"}],"wp:featuredmedia":[{"embeddable":true,"href":"https:\/\/abd.ong\/ca\/wp-json\/wp\/v2\/media\/14666"}],"wp:attachment":[{"href":"https:\/\/abd.ong\/ca\/wp-json\/wp\/v2\/media?parent=34151"}],"wp:term":[{"taxonomy":"category","embeddable":true,"href":"https:\/\/abd.ong\/ca\/wp-json\/wp\/v2\/categories?post=34151"},{"taxonomy":"post_tag","embeddable":true,"href":"https:\/\/abd.ong\/ca\/wp-json\/wp\/v2\/tags?post=34151"}],"curies":[{"name":"wp","href":"https:\/\/api.w.org\/{rel}","templated":true}]}}