{"id":33320,"date":"2022-05-30T15:04:07","date_gmt":"2022-05-30T13:04:07","guid":{"rendered":"https:\/\/abd.ong\/?p=33320"},"modified":"2022-05-31T09:53:27","modified_gmt":"2022-05-31T07:53:27","slug":"abd-als-mitjans-de-comunicacio-al-maig-2","status":"publish","type":"post","link":"https:\/\/abd.ong\/ca\/general-ca\/abd-als-mitjans-de-comunicacio-al-maig-2\/","title":{"rendered":"ABD als mitjans de comunicaci\u00f3 al maig"},"content":{"rendered":"\n<p>L&#8217;<a href=\"https:\/\/abd.ong\/ca\/\"><strong>Associaci\u00f3 Benestar i Desenvolupament<\/strong><\/a><strong>\u00a0(ABD)<\/strong> ha estat present als mitjans de comunicaci\u00f3 durant aquest mes de maig. A continuaci\u00f3, el resum de premsa de les not\u00edcies, articles i reportatges en els quals hem participat com a entitat.<\/p>\n\n<div style=\"height:30px\" aria-hidden=\"true\" class=\"wp-block-spacer\"><\/div>\n\n<p><strong>05\/05\/2022 &#8211; Catalunya Plural<\/strong><\/p>\n\n<p><\/p>\n\n<p><em>El\u00a0<b>desequilibri entre el preu de l\u2019habitatge i la capacitat adquisitiva<\/b>\u00a0de bona part de la poblaci\u00f3 porta a diverses situacions associades a problem\u00e0tiques dins l\u2019\u00e0mbit de l\u2019habitatge. A banda del creixent nombre de llars que pateixen pobresa energ\u00e8tica (un 5,2% de la poblaci\u00f3 no pot mantenir la llar a una temperatura adequada, percentatge que es dispara fins el 26,4% per a la poblaci\u00f3 sense nacionalitat espanyola), a Catalunya el 25,4% de la poblaci\u00f3 es veu obligada a reduir les despeses de subministraments (electricitat, aigua, gas), el 22% les de tel\u00e8fon, televisi\u00f3 o internet i l\u201911,4% ha hagut de fer front a avisos de tall en els subministraments.<\/em><\/p>\n\n<p><\/p>\n\n<p>L\u2019habitatge, causa i motor de desigualtat i exclusi\u00f3 social<\/p>\n\n<p><strong>07\/05\/2022 &#8211; El Pa\u00eds<\/strong><\/p>\n\n<p><em>I si all\u00f2 queer s&#8217;oposa als estereotips i a l&#8217;estandarditzaci\u00f3 dels cossos, tamb\u00e9 s&#8217;oposa al prototip d&#8217;home homosexual que va proposar la ind\u00fastria del <span class=\"hiddenSpellError\">popper<\/span>, a l&#8217;homonormatiu. &#8220;Per a mi el queer significa recon\u00e8ixer el potencial del teu cos, sense la imposici\u00f3 dels est\u00e0ndards de bellesa de les ind\u00fastries capitalistes o les actituds feixistes d&#8217;uns altres que diuen saber com ha de veure&#8217;s un cos o com ha de sentir-se el sexe&#8221;, conclou\u00a0<span class=\"hiddenSpellError\">Zmith<\/span>.<\/em><\/p>\n\n<p><a href=\"https:\/\/elpais.com\/cultura\/2022-05-07\/como-los-vapores-del-popper-configuraron-estereotipos-sobre-la-masculinidad-gay.html\" target=\"_blank\" rel=\"noreferrer noopener\">Com els vapors del <em>popper<\/em> van configurar els estereotips sobre la mascunilitat gai<\/a><\/p>\n\n<p><strong>10\/05\/22 &#8211; Social.cat<\/strong><\/p>\n\n<p><em>\u201cHi ha una s\u00e8rie de drets que la gent desconeix. Pots trobar-te gent que passa fred a casa seva, que no t\u00e9 cap deute amb l\u2019empresa subministradora, per\u00f2 que no pot pagar el necessari per encendre la calefacci\u00f3\u201d<\/em><\/p>\n\n<p><a href=\"https:\/\/www.social.cat\/reportatge\/16653\/els-punts-dassessorament-energetic-coneixer-els-teus-drets-per-exercir-los\">Els Punts d\u2019Assessorament Energ\u00e8tic: con\u00e8ixer els teus drets per exercir-los<\/a><\/p>\n\n<p><\/p>\n\n<p><strong>15\/05\/2022 &#8211; El Punt Avui<\/strong><\/p>\n\n<p><em>\u201cMai m\u2019hi he sentit segura i per a mares amb nens \u00e9s molt dif\u00edcil, no tens aigua ni llum i si no pots pagar et fan fora perqu\u00e8 alg\u00fa altre est\u00e0 esperant pagar 200 euros\u201d, diu la Denia, que finalment va anar al centre maternal de l\u2019associaci\u00f3 Benestar i Desenvolupament. Amb l\u2019ajuda que va rebre i el suport de l\u2019esgl\u00e9sia del barri va tirar endavant amb la petita.<\/em><\/p>\n\n<p><a href=\"https:\/\/www.elpuntavui.cat\/societat\/article\/5-societat\/2139834-per-a-mi-un-pis-es-un-somni-inassumible-i-no-es-just.html\">\u201cPer a mi un pis \u00e9s un somni inassumible, i no \u00e9s just\u201d<\/a><\/p>\n\n<p><\/p>\n\n<p><strong>15\/05\/2022 &#8211; El Confidencial<\/strong><\/p>\n\n<p><em>L&#8217;Informe Europeu sobre Drogues indica que &#8220;els comprimits de MDMA contenen actualment nivells m\u00e9s alts de la droga que en qualsevol altre moment en el passat&#8221;, indica l&#8217;estudi. Segons les dades de l&#8217;informe, el MDMA va ser la sisena droga m\u00e9s freq\u00fcent registrada en l&#8217;atenci\u00f3 d&#8217;urg\u00e8ncies en hospitals de la UE. Des de 2008, el preu dels comprimits s&#8217;ha mantingut estable, fins i tot ha disminu\u00eft, per\u00f2 la concentraci\u00f3 mitjana ha augmentat fins a gaireb\u00e9 el doble. Segons Energy Control, s&#8217;han detectat algunes amb m\u00e9s de 200 mg d&#8217;\u00e8xtasi, una quantitat que pot provocar una sobredosi.<\/em><\/p>\n\n<p><a href=\"https:\/\/www.elconfidencial.com\/cultura\/2022-05-15\/energy-control-drogas-analisis-25-aniversario_3424143\/\" target=\"_blank\" rel=\"noreferrer noopener\">&#8220;EL MDMA avui cont\u00e9 m\u00e9s droga que mai&#8221;: Energy Control, 25 anys mirant el que et fots<\/a><\/p>\n\n<p><\/p>\n\n<p><strong>21\/05\/2022 &#8211; El Peri\u00f3dico<\/strong><\/p>\n\n<p>&#8220;Hi ha demanda d&#8217;aquesta mena de subst\u00e0ncies noves que encara no han estat fiscalitzades. No estan perseguides per la just\u00edcia i aquest seria el seu avantatge competitiu respecte a altres drogues similars. En el moment en el qual la subst\u00e0ncia est\u00e0 fiscalitzada i pot ser confiscada per la policia, deixa de tenir sentit i est\u00e0 condemnada a desapar\u00e8ixer. Llavors es posen en marxa per produir unes altres que continu\u00efn sense fiscalitzar&#8221;.<\/p>\n\n<p><em>Ho explica Claudio Vidal, director de projectes d&#8217;<strong>Energy Control<\/strong>.<\/em><\/p>\n\n<p><a href=\"https:\/\/amp.elperiodico.com\/es\/sociedad\/20220521\/nuevas-drogas-chinas-indetectables-13688619\" target=\"_blank\" rel=\"noreferrer noopener\">Les noves drogues xineses, creades per a ser indetectables, arriben a Espanya: &#8220;\u00c9s una preocupaci\u00f3 mundial&#8221;<\/a><\/p>\n\n<p><\/p>\n\n<p><strong>21\/05\/2022 &#8211; R\u00e0dio 4. S\u00f3n 4 dies<\/strong><\/p>\n\n<p><div class=\"txtBox\">&#13;\n<div class=\"mainDescription\">&#13;\n&#13;\n<em>Entrevista amb Claudio Vidal, director d&#8217;Energy Control a Espanya, amb motiu del 25\u00e9 aniversari d&#8217;una entitat que va sorgir per assessorar i promoure el consum responsable de drogues.\u00a0<\/em>&#13;\n&#13;\n<\/div>&#13;\n<p class=\"legend\"><\/p>&#13;\n&#13;\n<\/div>&#13;\n<div class=\"auxBox\"><\/div><\/p>\n\n<p><span class=\"maintitle\">Energy Control, una altra manera d&#8217;enfocar la drogadicci\u00f3.<\/span><\/p>\n\n<p><\/p>\n\n<p><strong>29\/05\/2022 &#8211; La Vanguardia<\/strong><\/p>\n\n<p><em>Aquesta xarxa permet &#8220;monitorar i fer un seguiment, especialment a les noves subst\u00e0ncies que es detecten en qualsevol punt del continent&#8221;, va explicar, per agregar que, gr\u00e0cies a ella, \u00e9s possible saber &#8220;quines s\u00f3n les caracter\u00edstiques d&#8217;aquesta subst\u00e0ncia, amb quines t\u00e8cniques s&#8217;hauria d&#8217;analitzar o com es pot identificar&#8221;, a m\u00e9s de, si s&#8217;escau, &#8220;aconsellar que es descarti el seu consum&#8221;.<\/em><\/p>\n\n<p><a href=\"https:\/\/www.lavanguardia.com\/vida\/20220529\/8301666\/energy-control-preve-explosion-consumo-drogas-espacios-ocio-esta-preocupado-metanfetamina.html\" target=\"_blank\" rel=\"noreferrer noopener\">Energy Control preveu una \u201cexplosi\u00f3\u201d del consum de drogues en espais d&#8217;oci i est\u00e0 &#8220;preocupat&#8221; per l&#8217;\u00fas de metanfetamina<\/a><\/p>\n\n<p><\/p>\n","protected":false},"excerpt":{"rendered":"<p>L&#8217;Associaci\u00f3 Benestar i Desenvolupament\u00a0(ABD) ha estat present als mitjans de comunicaci\u00f3 durant aquest mes de maig. A continuaci\u00f3, el resum de premsa de les not\u00edcies, articles i reportatges en els&hellip;<\/p>\n","protected":false},"author":9,"featured_media":14666,"comment_status":"closed","ping_status":"closed","sticky":false,"template":"","format":"standard","meta":{"_acf_changed":false,"footnotes":""},"categories":[66],"tags":[675,175,2379,435,835,267,474],"class_list":["post-33320","post","type-post","status-publish","format-standard","has-post-thumbnail","hentry","category-general-ca","tag-asociacion-bienestar-y-desarrollo-ca","tag-drogas-ca","tag-habitatge-ca","tag-mitjans-de-comunicacio","tag-noticies","tag-pobresa-energetica","tag-sexualitat"],"acf":[],"yoast_head":"<!-- This site is optimized with the Yoast SEO plugin v27.4 - https:\/\/yoast.com\/product\/yoast-seo-wordpress\/ -->\n<title>ABD als mitjans de comunicaci\u00f3 al maig - ABD<\/title>\n<meta name=\"description\" content=\"L&#039;Associaci\u00f3 Benestar i Desenvolupament\u00a0(ABD) ha estat present als mitjans de comunicaci\u00f3 durant aquest mes de maig. A continuaci\u00f3, el resum de premsa de\" \/>\n<meta name=\"robots\" content=\"index, follow, max-snippet:-1, max-image-preview:large, max-video-preview:-1\" \/>\n<link rel=\"canonical\" href=\"https:\/\/abd.ong\/ca\/general-ca\/abd-als-mitjans-de-comunicacio-al-maig-2\/\" \/>\n<meta property=\"og:locale\" content=\"ca_ES\" \/>\n<meta property=\"og:type\" content=\"article\" \/>\n<meta property=\"og:title\" content=\"ABD als mitjans de comunicaci\u00f3 al maig - ABD\" \/>\n<meta property=\"og:description\" content=\"L&#039;Associaci\u00f3 Benestar i Desenvolupament\u00a0(ABD) ha estat present als mitjans de comunicaci\u00f3 durant aquest mes de maig. A continuaci\u00f3, el resum de premsa de\" \/>\n<meta property=\"og:url\" content=\"https:\/\/abd.ong\/ca\/general-ca\/abd-als-mitjans-de-comunicacio-al-maig-2\/\" \/>\n<meta property=\"og:site_name\" content=\"ABD\" \/>\n<meta property=\"article:publisher\" content=\"https:\/\/www.facebook.com\/abd.ong\" \/>\n<meta property=\"article:published_time\" content=\"2022-05-30T13:04:07+00:00\" \/>\n<meta property=\"article:modified_time\" content=\"2022-05-31T07:53:27+00:00\" \/>\n<meta property=\"og:image\" content=\"https:\/\/abd.ong\/wp-content\/uploads\/2020\/05\/old-tv-1149416_1920.jpg\" \/>\n\t<meta property=\"og:image:width\" content=\"1919\" \/>\n\t<meta property=\"og:image:height\" content=\"977\" \/>\n\t<meta property=\"og:image:type\" content=\"image\/jpeg\" \/>\n<meta name=\"author\" content=\"Maria Creixell\" \/>\n<meta name=\"twitter:card\" content=\"summary_large_image\" \/>\n<meta name=\"twitter:creator\" content=\"@abd_ong\" \/>\n<meta name=\"twitter:site\" content=\"@abd_ong\" \/>\n<meta name=\"twitter:label1\" content=\"Escrit per\" \/>\n\t<meta name=\"twitter:data1\" content=\"Maria Creixell\" \/>\n\t<meta name=\"twitter:label2\" content=\"Temps estimat de lectura\" \/>\n\t<meta name=\"twitter:data2\" content=\"6 minuts\" \/>\n<script type=\"application\/ld+json\" class=\"yoast-schema-graph\">{\"@context\":\"https:\\\/\\\/schema.org\",\"@graph\":[{\"@type\":\"Article\",\"@id\":\"https:\\\/\\\/abd.ong\\\/ca\\\/general-ca\\\/abd-als-mitjans-de-comunicacio-al-maig-2\\\/#article\",\"isPartOf\":{\"@id\":\"https:\\\/\\\/abd.ong\\\/ca\\\/general-ca\\\/abd-als-mitjans-de-comunicacio-al-maig-2\\\/\"},\"author\":{\"name\":\"Maria Creixell\",\"@id\":\"https:\\\/\\\/abd.ong\\\/ca\\\/#\\\/schema\\\/person\\\/d2e158b4173f683b3898e286f5b35a10\"},\"headline\":\"ABD als mitjans de comunicaci\u00f3 al maig\",\"datePublished\":\"2022-05-30T13:04:07+00:00\",\"dateModified\":\"2022-05-31T07:53:27+00:00\",\"mainEntityOfPage\":{\"@id\":\"https:\\\/\\\/abd.ong\\\/ca\\\/general-ca\\\/abd-als-mitjans-de-comunicacio-al-maig-2\\\/\"},\"wordCount\":791,\"publisher\":{\"@id\":\"https:\\\/\\\/abd.ong\\\/ca\\\/#organization\"},\"image\":{\"@id\":\"https:\\\/\\\/abd.ong\\\/ca\\\/general-ca\\\/abd-als-mitjans-de-comunicacio-al-maig-2\\\/#primaryimage\"},\"thumbnailUrl\":\"https:\\\/\\\/abd.ong\\\/wp-content\\\/uploads\\\/2020\\\/05\\\/old-tv-1149416_1920.jpg\",\"keywords\":[\"Asociaci\u00f3n Bienestar y Desarrollo\",\"drogas\",\"habitatge\",\"mitjans de comunicaci\u00f3\",\"not\u00edcies\",\"pobresa energ\u00e8tica\",\"sexualitat\"],\"articleSection\":[\"General\"],\"inLanguage\":\"ca\"},{\"@type\":\"WebPage\",\"@id\":\"https:\\\/\\\/abd.ong\\\/ca\\\/general-ca\\\/abd-als-mitjans-de-comunicacio-al-maig-2\\\/\",\"url\":\"https:\\\/\\\/abd.ong\\\/ca\\\/general-ca\\\/abd-als-mitjans-de-comunicacio-al-maig-2\\\/\",\"name\":\"ABD als mitjans de comunicaci\u00f3 al maig - ABD\",\"isPartOf\":{\"@id\":\"https:\\\/\\\/abd.ong\\\/ca\\\/#website\"},\"primaryImageOfPage\":{\"@id\":\"https:\\\/\\\/abd.ong\\\/ca\\\/general-ca\\\/abd-als-mitjans-de-comunicacio-al-maig-2\\\/#primaryimage\"},\"image\":{\"@id\":\"https:\\\/\\\/abd.ong\\\/ca\\\/general-ca\\\/abd-als-mitjans-de-comunicacio-al-maig-2\\\/#primaryimage\"},\"thumbnailUrl\":\"https:\\\/\\\/abd.ong\\\/wp-content\\\/uploads\\\/2020\\\/05\\\/old-tv-1149416_1920.jpg\",\"datePublished\":\"2022-05-30T13:04:07+00:00\",\"dateModified\":\"2022-05-31T07:53:27+00:00\",\"description\":\"L'Associaci\u00f3 Benestar i Desenvolupament\u00a0(ABD) ha estat present als mitjans de comunicaci\u00f3 durant aquest mes de maig. A continuaci\u00f3, el resum de premsa de\",\"breadcrumb\":{\"@id\":\"https:\\\/\\\/abd.ong\\\/ca\\\/general-ca\\\/abd-als-mitjans-de-comunicacio-al-maig-2\\\/#breadcrumb\"},\"inLanguage\":\"ca\",\"potentialAction\":[{\"@type\":\"ReadAction\",\"target\":[\"https:\\\/\\\/abd.ong\\\/ca\\\/general-ca\\\/abd-als-mitjans-de-comunicacio-al-maig-2\\\/\"]}]},{\"@type\":\"ImageObject\",\"inLanguage\":\"ca\",\"@id\":\"https:\\\/\\\/abd.ong\\\/ca\\\/general-ca\\\/abd-als-mitjans-de-comunicacio-al-maig-2\\\/#primaryimage\",\"url\":\"https:\\\/\\\/abd.ong\\\/wp-content\\\/uploads\\\/2020\\\/05\\\/old-tv-1149416_1920.jpg\",\"contentUrl\":\"https:\\\/\\\/abd.ong\\\/wp-content\\\/uploads\\\/2020\\\/05\\\/old-tv-1149416_1920.jpg\",\"width\":1919,\"height\":977,\"caption\":\"medios de comunicaci\u00f3n\"},{\"@type\":\"BreadcrumbList\",\"@id\":\"https:\\\/\\\/abd.ong\\\/ca\\\/general-ca\\\/abd-als-mitjans-de-comunicacio-al-maig-2\\\/#breadcrumb\",\"itemListElement\":[{\"@type\":\"ListItem\",\"position\":1,\"name\":\"Inici\",\"item\":\"https:\\\/\\\/abd.ong\\\/ca\\\/\"},{\"@type\":\"ListItem\",\"position\":2,\"name\":\"ABD als mitjans de comunicaci\u00f3 al maig\"}]},{\"@type\":\"WebSite\",\"@id\":\"https:\\\/\\\/abd.ong\\\/ca\\\/#website\",\"url\":\"https:\\\/\\\/abd.ong\\\/ca\\\/\",\"name\":\"ABD\",\"description\":\"Asociaci\u00f3n Bienestar y Desarrollo\",\"publisher\":{\"@id\":\"https:\\\/\\\/abd.ong\\\/ca\\\/#organization\"},\"potentialAction\":[{\"@type\":\"SearchAction\",\"target\":{\"@type\":\"EntryPoint\",\"urlTemplate\":\"https:\\\/\\\/abd.ong\\\/ca\\\/?s={search_term_string}\"},\"query-input\":{\"@type\":\"PropertyValueSpecification\",\"valueRequired\":true,\"valueName\":\"search_term_string\"}}],\"inLanguage\":\"ca\"},{\"@type\":\"Organization\",\"@id\":\"https:\\\/\\\/abd.ong\\\/ca\\\/#organization\",\"name\":\"Associaci\u00f3 Benestar i Desenvolupament\",\"alternateName\":\"ABD\",\"url\":\"https:\\\/\\\/abd.ong\\\/ca\\\/\",\"logo\":{\"@type\":\"ImageObject\",\"inLanguage\":\"ca\",\"@id\":\"https:\\\/\\\/abd.ong\\\/ca\\\/#\\\/schema\\\/logo\\\/image\\\/\",\"url\":\"https:\\\/\\\/abd.ong\\\/wp-content\\\/uploads\\\/2023\\\/01\\\/Icona.png\",\"contentUrl\":\"https:\\\/\\\/abd.ong\\\/wp-content\\\/uploads\\\/2023\\\/01\\\/Icona.png\",\"width\":190,\"height\":187,\"caption\":\"Associaci\u00f3 Benestar i Desenvolupament\"},\"image\":{\"@id\":\"https:\\\/\\\/abd.ong\\\/ca\\\/#\\\/schema\\\/logo\\\/image\\\/\"},\"sameAs\":[\"https:\\\/\\\/www.facebook.com\\\/abd.ong\",\"https:\\\/\\\/x.com\\\/abd_ong\",\"https:\\\/\\\/www.instagram.com\\\/abd_ong\\\/\",\"https:\\\/\\\/www.linkedin.com\\\/company\\\/abdong\",\"https:\\\/\\\/www.youtube.com\\\/user\\\/CANALABD\"]},{\"@type\":\"Person\",\"@id\":\"https:\\\/\\\/abd.ong\\\/ca\\\/#\\\/schema\\\/person\\\/d2e158b4173f683b3898e286f5b35a10\",\"name\":\"Maria Creixell\"}]}<\/script>\n<!-- \/ Yoast SEO plugin. -->","yoast_head_json":{"title":"ABD als mitjans de comunicaci\u00f3 al maig - ABD","description":"L'Associaci\u00f3 Benestar i Desenvolupament\u00a0(ABD) ha estat present als mitjans de comunicaci\u00f3 durant aquest mes de maig. A continuaci\u00f3, el resum de premsa de","robots":{"index":"index","follow":"follow","max-snippet":"max-snippet:-1","max-image-preview":"max-image-preview:large","max-video-preview":"max-video-preview:-1"},"canonical":"https:\/\/abd.ong\/ca\/general-ca\/abd-als-mitjans-de-comunicacio-al-maig-2\/","og_locale":"ca_ES","og_type":"article","og_title":"ABD als mitjans de comunicaci\u00f3 al maig - ABD","og_description":"L'Associaci\u00f3 Benestar i Desenvolupament\u00a0(ABD) ha estat present als mitjans de comunicaci\u00f3 durant aquest mes de maig. A continuaci\u00f3, el resum de premsa de","og_url":"https:\/\/abd.ong\/ca\/general-ca\/abd-als-mitjans-de-comunicacio-al-maig-2\/","og_site_name":"ABD","article_publisher":"https:\/\/www.facebook.com\/abd.ong","article_published_time":"2022-05-30T13:04:07+00:00","article_modified_time":"2022-05-31T07:53:27+00:00","og_image":[{"width":1919,"height":977,"url":"https:\/\/abd.ong\/wp-content\/uploads\/2020\/05\/old-tv-1149416_1920.jpg","type":"image\/jpeg"}],"author":"Maria Creixell","twitter_card":"summary_large_image","twitter_creator":"@abd_ong","twitter_site":"@abd_ong","twitter_misc":{"Escrit per":"Maria Creixell","Temps estimat de lectura":"6 minuts"},"schema":{"@context":"https:\/\/schema.org","@graph":[{"@type":"Article","@id":"https:\/\/abd.ong\/ca\/general-ca\/abd-als-mitjans-de-comunicacio-al-maig-2\/#article","isPartOf":{"@id":"https:\/\/abd.ong\/ca\/general-ca\/abd-als-mitjans-de-comunicacio-al-maig-2\/"},"author":{"name":"Maria Creixell","@id":"https:\/\/abd.ong\/ca\/#\/schema\/person\/d2e158b4173f683b3898e286f5b35a10"},"headline":"ABD als mitjans de comunicaci\u00f3 al maig","datePublished":"2022-05-30T13:04:07+00:00","dateModified":"2022-05-31T07:53:27+00:00","mainEntityOfPage":{"@id":"https:\/\/abd.ong\/ca\/general-ca\/abd-als-mitjans-de-comunicacio-al-maig-2\/"},"wordCount":791,"publisher":{"@id":"https:\/\/abd.ong\/ca\/#organization"},"image":{"@id":"https:\/\/abd.ong\/ca\/general-ca\/abd-als-mitjans-de-comunicacio-al-maig-2\/#primaryimage"},"thumbnailUrl":"https:\/\/abd.ong\/wp-content\/uploads\/2020\/05\/old-tv-1149416_1920.jpg","keywords":["Asociaci\u00f3n Bienestar y Desarrollo","drogas","habitatge","mitjans de comunicaci\u00f3","not\u00edcies","pobresa energ\u00e8tica","sexualitat"],"articleSection":["General"],"inLanguage":"ca"},{"@type":"WebPage","@id":"https:\/\/abd.ong\/ca\/general-ca\/abd-als-mitjans-de-comunicacio-al-maig-2\/","url":"https:\/\/abd.ong\/ca\/general-ca\/abd-als-mitjans-de-comunicacio-al-maig-2\/","name":"ABD als mitjans de comunicaci\u00f3 al maig - ABD","isPartOf":{"@id":"https:\/\/abd.ong\/ca\/#website"},"primaryImageOfPage":{"@id":"https:\/\/abd.ong\/ca\/general-ca\/abd-als-mitjans-de-comunicacio-al-maig-2\/#primaryimage"},"image":{"@id":"https:\/\/abd.ong\/ca\/general-ca\/abd-als-mitjans-de-comunicacio-al-maig-2\/#primaryimage"},"thumbnailUrl":"https:\/\/abd.ong\/wp-content\/uploads\/2020\/05\/old-tv-1149416_1920.jpg","datePublished":"2022-05-30T13:04:07+00:00","dateModified":"2022-05-31T07:53:27+00:00","description":"L'Associaci\u00f3 Benestar i Desenvolupament\u00a0(ABD) ha estat present als mitjans de comunicaci\u00f3 durant aquest mes de maig. A continuaci\u00f3, el resum de premsa de","breadcrumb":{"@id":"https:\/\/abd.ong\/ca\/general-ca\/abd-als-mitjans-de-comunicacio-al-maig-2\/#breadcrumb"},"inLanguage":"ca","potentialAction":[{"@type":"ReadAction","target":["https:\/\/abd.ong\/ca\/general-ca\/abd-als-mitjans-de-comunicacio-al-maig-2\/"]}]},{"@type":"ImageObject","inLanguage":"ca","@id":"https:\/\/abd.ong\/ca\/general-ca\/abd-als-mitjans-de-comunicacio-al-maig-2\/#primaryimage","url":"https:\/\/abd.ong\/wp-content\/uploads\/2020\/05\/old-tv-1149416_1920.jpg","contentUrl":"https:\/\/abd.ong\/wp-content\/uploads\/2020\/05\/old-tv-1149416_1920.jpg","width":1919,"height":977,"caption":"medios de comunicaci\u00f3n"},{"@type":"BreadcrumbList","@id":"https:\/\/abd.ong\/ca\/general-ca\/abd-als-mitjans-de-comunicacio-al-maig-2\/#breadcrumb","itemListElement":[{"@type":"ListItem","position":1,"name":"Inici","item":"https:\/\/abd.ong\/ca\/"},{"@type":"ListItem","position":2,"name":"ABD als mitjans de comunicaci\u00f3 al maig"}]},{"@type":"WebSite","@id":"https:\/\/abd.ong\/ca\/#website","url":"https:\/\/abd.ong\/ca\/","name":"ABD","description":"Asociaci\u00f3n Bienestar y Desarrollo","publisher":{"@id":"https:\/\/abd.ong\/ca\/#organization"},"potentialAction":[{"@type":"SearchAction","target":{"@type":"EntryPoint","urlTemplate":"https:\/\/abd.ong\/ca\/?s={search_term_string}"},"query-input":{"@type":"PropertyValueSpecification","valueRequired":true,"valueName":"search_term_string"}}],"inLanguage":"ca"},{"@type":"Organization","@id":"https:\/\/abd.ong\/ca\/#organization","name":"Associaci\u00f3 Benestar i Desenvolupament","alternateName":"ABD","url":"https:\/\/abd.ong\/ca\/","logo":{"@type":"ImageObject","inLanguage":"ca","@id":"https:\/\/abd.ong\/ca\/#\/schema\/logo\/image\/","url":"https:\/\/abd.ong\/wp-content\/uploads\/2023\/01\/Icona.png","contentUrl":"https:\/\/abd.ong\/wp-content\/uploads\/2023\/01\/Icona.png","width":190,"height":187,"caption":"Associaci\u00f3 Benestar i Desenvolupament"},"image":{"@id":"https:\/\/abd.ong\/ca\/#\/schema\/logo\/image\/"},"sameAs":["https:\/\/www.facebook.com\/abd.ong","https:\/\/x.com\/abd_ong","https:\/\/www.instagram.com\/abd_ong\/","https:\/\/www.linkedin.com\/company\/abdong","https:\/\/www.youtube.com\/user\/CANALABD"]},{"@type":"Person","@id":"https:\/\/abd.ong\/ca\/#\/schema\/person\/d2e158b4173f683b3898e286f5b35a10","name":"Maria Creixell"}]}},"_links":{"self":[{"href":"https:\/\/abd.ong\/ca\/wp-json\/wp\/v2\/posts\/33320","targetHints":{"allow":["GET"]}}],"collection":[{"href":"https:\/\/abd.ong\/ca\/wp-json\/wp\/v2\/posts"}],"about":[{"href":"https:\/\/abd.ong\/ca\/wp-json\/wp\/v2\/types\/post"}],"author":[{"embeddable":true,"href":"https:\/\/abd.ong\/ca\/wp-json\/wp\/v2\/users\/9"}],"replies":[{"embeddable":true,"href":"https:\/\/abd.ong\/ca\/wp-json\/wp\/v2\/comments?post=33320"}],"version-history":[{"count":3,"href":"https:\/\/abd.ong\/ca\/wp-json\/wp\/v2\/posts\/33320\/revisions"}],"predecessor-version":[{"id":33324,"href":"https:\/\/abd.ong\/ca\/wp-json\/wp\/v2\/posts\/33320\/revisions\/33324"}],"wp:featuredmedia":[{"embeddable":true,"href":"https:\/\/abd.ong\/ca\/wp-json\/wp\/v2\/media\/14666"}],"wp:attachment":[{"href":"https:\/\/abd.ong\/ca\/wp-json\/wp\/v2\/media?parent=33320"}],"wp:term":[{"taxonomy":"category","embeddable":true,"href":"https:\/\/abd.ong\/ca\/wp-json\/wp\/v2\/categories?post=33320"},{"taxonomy":"post_tag","embeddable":true,"href":"https:\/\/abd.ong\/ca\/wp-json\/wp\/v2\/tags?post=33320"}],"curies":[{"name":"wp","href":"https:\/\/api.w.org\/{rel}","templated":true}]}}