{"id":33214,"date":"2022-05-24T14:30:49","date_gmt":"2022-05-24T12:30:49","guid":{"rendered":"https:\/\/abd.ong\/sense-categoria\/el-grup-abd-i-la-uoc-signen-un-conveni-per-incentivar-la-formacio-dels-treballadors-i-treballadores-de-lentitat\/"},"modified":"2022-05-24T17:40:49","modified_gmt":"2022-05-24T15:40:49","slug":"el-grup-abd-i-la-uoc-signen-un-conveni-per-incentivar-la-formacio-dels-treballadors-i-treballadores-de-lentitat","status":"publish","type":"post","link":"https:\/\/abd.ong\/ca\/general-ca\/el-grup-abd-i-la-uoc-signen-un-conveni-per-incentivar-la-formacio-dels-treballadors-i-treballadores-de-lentitat\/","title":{"rendered":"El grup ABD i la UOC signen un conveni per incentivar la formaci\u00f3 dels treballadors i les treballadores de l&#8217;entitat"},"content":{"rendered":"\n<p><span style=\"font-weight: 400;\">El grup ABD ha signat un conveni de col\u00b7laboraci\u00f3 amb la <a href=\"https:\/\/www.uoc.edu\/portal\/ca\/index.html\" target=\"_blank\" rel=\"noopener\">Universitat Oberta de Catalunya (UOC)<\/a> per incentivar la formaci\u00f3 dels i les professionals vinculats a l\u2019entitat mitjan\u00e7ant l\u2019acc\u00e9s als estudis universitaris de la UOC i als programes formatius comercialitzats per les empreses que formen part del grup empresarial UOC.<\/span><\/p>\n\n<p>Ambdues parts consideren interessant establir un marc permanent de col\u00b7laboraci\u00f3 \u201catesa la complementarietat i la coincid\u00e8ncia de les seves finalitats\u201d.<\/p>\n\n<p><span style=\"font-weight: 400;\">Els <strong>estudis universitaris propis<\/strong> als quals es facilitar\u00e0 l\u2019acc\u00e9s s\u00f3n:<\/span><\/p>\n\n<ul class=\"wp-block-list\"><li>Programes de m\u00e0ster propi.<\/li><li>Programes de diploma de postgrau.<\/li><li>Programes d\u2019especialitzaci\u00f3.<\/li><li>Programes de curta durada i actualitzaci\u00f3.<\/li><li>Cursos d\u2019idiomes.<\/li><li>Cursos d\u2019acc\u00e9s a la Universitat per a m\u00e9s grans de 25 anys.<\/li><li>Cursos d\u2019acc\u00e9s a la Universitat per a m\u00e9s grans de 45 anys.<\/li><\/ul>\n\n<p><span style=\"font-weight: 400;\">i els <strong>estudis oficials d\u2019educaci\u00f3 superior<\/strong> que es podran cursar s\u00f3n:<\/span><\/p>\n\n<ul class=\"wp-block-list\"><li>Programes de formaci\u00f3 professional.<\/li><li>Programes de grau.<\/li><li>Programes de m\u00e0ster universitari.<\/li><li>Programes de doctorat.<\/li><\/ul>\n\n<div style=\"height:40px\" aria-hidden=\"true\" class=\"wp-block-spacer\"><\/div>\n\n<h3 class=\"wp-block-heading\">Descomptes en la matriculaci\u00f3<\/h3>\n\n<div style=\"height:20px\" aria-hidden=\"true\" class=\"wp-block-spacer\"><\/div>\n\n<p>Els i les professionals vinculats al grup ABD que es matriculin en qualsevol dels ensenyaments descrits gaudiran d\u2019un descompte del 10% que s\u2019aplica durant tota la durada dels ensenyaments fins a la seva superaci\u00f3 i sobre la primera matr\u00edcula dels cr\u00e8dits d\u2019aquests ensenyaments.<\/p>\n\n<p>El descompte \u00e9s acumulable a altres ofertes comercials que la UOC tingui actives en el moment de formalitzar la matr\u00edcula, sempre que no superin el 30%.<\/p>\n","protected":false},"excerpt":{"rendered":"<p>El grup ABD ha signat un conveni de col\u00b7laboraci\u00f3 amb la Universitat Oberta de Catalunya (UOC) per incentivar la formaci\u00f3 dels i les professionals vinculats a l\u2019entitat mitjan\u00e7ant l\u2019acc\u00e9s als&hellip;<\/p>\n","protected":false},"author":9,"featured_media":33205,"comment_status":"closed","ping_status":"closed","sticky":false,"template":"","format":"standard","meta":{"_acf_changed":false,"footnotes":""},"categories":[66],"tags":[1897,675,2878,2821,2449,2877,2879,2881,2880],"class_list":["post-33214","post","type-post","status-publish","format-standard","has-post-thumbnail","hentry","category-general-ca","tag-abd-2-ca","tag-asociacion-bienestar-y-desarrollo-ca","tag-conveni","tag-corporatiu","tag-formacio-ca","tag-grup-abd","tag-programes-formatius","tag-universitat","tag-uoc-ca"],"acf":[],"yoast_head":"<!-- This site is optimized with the Yoast SEO plugin v27.4 - https:\/\/yoast.com\/product\/yoast-seo-wordpress\/ -->\n<title>El grup ABD i la UOC signen un conveni per incentivar la formaci\u00f3 dels treballadors i les treballadores de l&#039;entitat - ABD<\/title>\n<meta name=\"description\" content=\"El grup ABD ha signat un conveni de col\u00b7laboraci\u00f3 amb la Universitat Oberta de Catalunya (UOC) per incentivar la formaci\u00f3 dels i les professionals\" \/>\n<meta name=\"robots\" content=\"index, follow, max-snippet:-1, max-image-preview:large, max-video-preview:-1\" \/>\n<link rel=\"canonical\" href=\"https:\/\/abd.ong\/ca\/general-ca\/el-grup-abd-i-la-uoc-signen-un-conveni-per-incentivar-la-formacio-dels-treballadors-i-treballadores-de-lentitat\/\" \/>\n<meta property=\"og:locale\" content=\"ca_ES\" \/>\n<meta property=\"og:type\" content=\"article\" \/>\n<meta property=\"og:title\" content=\"El grup ABD i la UOC signen un conveni per incentivar la formaci\u00f3 dels treballadors i les treballadores de l&#039;entitat - ABD\" \/>\n<meta property=\"og:description\" content=\"El grup ABD ha signat un conveni de col\u00b7laboraci\u00f3 amb la Universitat Oberta de Catalunya (UOC) per incentivar la formaci\u00f3 dels i les professionals\" \/>\n<meta property=\"og:url\" content=\"https:\/\/abd.ong\/ca\/general-ca\/el-grup-abd-i-la-uoc-signen-un-conveni-per-incentivar-la-formacio-dels-treballadors-i-treballadores-de-lentitat\/\" \/>\n<meta property=\"og:site_name\" content=\"ABD\" \/>\n<meta property=\"article:publisher\" content=\"https:\/\/www.facebook.com\/abd.ong\" \/>\n<meta property=\"article:published_time\" content=\"2022-05-24T12:30:49+00:00\" \/>\n<meta property=\"article:modified_time\" content=\"2022-05-24T15:40:49+00:00\" \/>\n<meta property=\"og:image\" content=\"https:\/\/abd.ong\/wp-content\/uploads\/2022\/05\/student-laptop-e1653395220401.jpg\" \/>\n\t<meta property=\"og:image:width\" content=\"2048\" \/>\n\t<meta property=\"og:image:height\" content=\"1365\" \/>\n\t<meta property=\"og:image:type\" content=\"image\/jpeg\" \/>\n<meta name=\"author\" content=\"Maria Creixell\" \/>\n<meta name=\"twitter:card\" content=\"summary_large_image\" \/>\n<meta name=\"twitter:creator\" content=\"@abd_ong\" \/>\n<meta name=\"twitter:site\" content=\"@abd_ong\" \/>\n<meta name=\"twitter:label1\" content=\"Escrit per\" \/>\n\t<meta name=\"twitter:data1\" content=\"Maria Creixell\" \/>\n\t<meta name=\"twitter:label2\" content=\"Temps estimat de lectura\" \/>\n\t<meta name=\"twitter:data2\" content=\"1 minut\" \/>\n<script type=\"application\/ld+json\" class=\"yoast-schema-graph\">{\"@context\":\"https:\\\/\\\/schema.org\",\"@graph\":[{\"@type\":\"Article\",\"@id\":\"https:\\\/\\\/abd.ong\\\/ca\\\/general-ca\\\/el-grup-abd-i-la-uoc-signen-un-conveni-per-incentivar-la-formacio-dels-treballadors-i-treballadores-de-lentitat\\\/#article\",\"isPartOf\":{\"@id\":\"https:\\\/\\\/abd.ong\\\/ca\\\/general-ca\\\/el-grup-abd-i-la-uoc-signen-un-conveni-per-incentivar-la-formacio-dels-treballadors-i-treballadores-de-lentitat\\\/\"},\"author\":{\"name\":\"Maria Creixell\",\"@id\":\"https:\\\/\\\/abd.ong\\\/ca\\\/#\\\/schema\\\/person\\\/d2e158b4173f683b3898e286f5b35a10\"},\"headline\":\"El grup ABD i la UOC signen un conveni per incentivar la formaci\u00f3 dels treballadors i les treballadores de l&#8217;entitat\",\"datePublished\":\"2022-05-24T12:30:49+00:00\",\"dateModified\":\"2022-05-24T15:40:49+00:00\",\"mainEntityOfPage\":{\"@id\":\"https:\\\/\\\/abd.ong\\\/ca\\\/general-ca\\\/el-grup-abd-i-la-uoc-signen-un-conveni-per-incentivar-la-formacio-dels-treballadors-i-treballadores-de-lentitat\\\/\"},\"wordCount\":266,\"publisher\":{\"@id\":\"https:\\\/\\\/abd.ong\\\/ca\\\/#organization\"},\"image\":{\"@id\":\"https:\\\/\\\/abd.ong\\\/ca\\\/general-ca\\\/el-grup-abd-i-la-uoc-signen-un-conveni-per-incentivar-la-formacio-dels-treballadors-i-treballadores-de-lentitat\\\/#primaryimage\"},\"thumbnailUrl\":\"https:\\\/\\\/abd.ong\\\/wp-content\\\/uploads\\\/2022\\\/05\\\/student-laptop-e1653395220401.jpg\",\"keywords\":[\"ABD\",\"Asociaci\u00f3n Bienestar y Desarrollo\",\"conveni\",\"corporatiu\",\"formaci\u00f3\",\"grup ABD\",\"programes formatius\",\"universitat\",\"UOC\"],\"articleSection\":[\"General\"],\"inLanguage\":\"ca\"},{\"@type\":\"WebPage\",\"@id\":\"https:\\\/\\\/abd.ong\\\/ca\\\/general-ca\\\/el-grup-abd-i-la-uoc-signen-un-conveni-per-incentivar-la-formacio-dels-treballadors-i-treballadores-de-lentitat\\\/\",\"url\":\"https:\\\/\\\/abd.ong\\\/ca\\\/general-ca\\\/el-grup-abd-i-la-uoc-signen-un-conveni-per-incentivar-la-formacio-dels-treballadors-i-treballadores-de-lentitat\\\/\",\"name\":\"El grup ABD i la UOC signen un conveni per incentivar la formaci\u00f3 dels treballadors i les treballadores de l'entitat - ABD\",\"isPartOf\":{\"@id\":\"https:\\\/\\\/abd.ong\\\/ca\\\/#website\"},\"primaryImageOfPage\":{\"@id\":\"https:\\\/\\\/abd.ong\\\/ca\\\/general-ca\\\/el-grup-abd-i-la-uoc-signen-un-conveni-per-incentivar-la-formacio-dels-treballadors-i-treballadores-de-lentitat\\\/#primaryimage\"},\"image\":{\"@id\":\"https:\\\/\\\/abd.ong\\\/ca\\\/general-ca\\\/el-grup-abd-i-la-uoc-signen-un-conveni-per-incentivar-la-formacio-dels-treballadors-i-treballadores-de-lentitat\\\/#primaryimage\"},\"thumbnailUrl\":\"https:\\\/\\\/abd.ong\\\/wp-content\\\/uploads\\\/2022\\\/05\\\/student-laptop-e1653395220401.jpg\",\"datePublished\":\"2022-05-24T12:30:49+00:00\",\"dateModified\":\"2022-05-24T15:40:49+00:00\",\"description\":\"El grup ABD ha signat un conveni de col\u00b7laboraci\u00f3 amb la Universitat Oberta de Catalunya (UOC) per incentivar la formaci\u00f3 dels i les professionals\",\"breadcrumb\":{\"@id\":\"https:\\\/\\\/abd.ong\\\/ca\\\/general-ca\\\/el-grup-abd-i-la-uoc-signen-un-conveni-per-incentivar-la-formacio-dels-treballadors-i-treballadores-de-lentitat\\\/#breadcrumb\"},\"inLanguage\":\"ca\",\"potentialAction\":[{\"@type\":\"ReadAction\",\"target\":[\"https:\\\/\\\/abd.ong\\\/ca\\\/general-ca\\\/el-grup-abd-i-la-uoc-signen-un-conveni-per-incentivar-la-formacio-dels-treballadors-i-treballadores-de-lentitat\\\/\"]}]},{\"@type\":\"ImageObject\",\"inLanguage\":\"ca\",\"@id\":\"https:\\\/\\\/abd.ong\\\/ca\\\/general-ca\\\/el-grup-abd-i-la-uoc-signen-un-conveni-per-incentivar-la-formacio-dels-treballadors-i-treballadores-de-lentitat\\\/#primaryimage\",\"url\":\"https:\\\/\\\/abd.ong\\\/wp-content\\\/uploads\\\/2022\\\/05\\\/student-laptop-e1653395220401.jpg\",\"contentUrl\":\"https:\\\/\\\/abd.ong\\\/wp-content\\\/uploads\\\/2022\\\/05\\\/student-laptop-e1653395220401.jpg\",\"width\":2048,\"height\":1365},{\"@type\":\"BreadcrumbList\",\"@id\":\"https:\\\/\\\/abd.ong\\\/ca\\\/general-ca\\\/el-grup-abd-i-la-uoc-signen-un-conveni-per-incentivar-la-formacio-dels-treballadors-i-treballadores-de-lentitat\\\/#breadcrumb\",\"itemListElement\":[{\"@type\":\"ListItem\",\"position\":1,\"name\":\"Inici\",\"item\":\"https:\\\/\\\/abd.ong\\\/ca\\\/\"},{\"@type\":\"ListItem\",\"position\":2,\"name\":\"El grup ABD i la UOC signen un conveni per incentivar la formaci\u00f3 dels treballadors i les treballadores de l&#8217;entitat\"}]},{\"@type\":\"WebSite\",\"@id\":\"https:\\\/\\\/abd.ong\\\/ca\\\/#website\",\"url\":\"https:\\\/\\\/abd.ong\\\/ca\\\/\",\"name\":\"ABD\",\"description\":\"Asociaci\u00f3n Bienestar y Desarrollo\",\"publisher\":{\"@id\":\"https:\\\/\\\/abd.ong\\\/ca\\\/#organization\"},\"potentialAction\":[{\"@type\":\"SearchAction\",\"target\":{\"@type\":\"EntryPoint\",\"urlTemplate\":\"https:\\\/\\\/abd.ong\\\/ca\\\/?s={search_term_string}\"},\"query-input\":{\"@type\":\"PropertyValueSpecification\",\"valueRequired\":true,\"valueName\":\"search_term_string\"}}],\"inLanguage\":\"ca\"},{\"@type\":\"Organization\",\"@id\":\"https:\\\/\\\/abd.ong\\\/ca\\\/#organization\",\"name\":\"Associaci\u00f3 Benestar i Desenvolupament\",\"alternateName\":\"ABD\",\"url\":\"https:\\\/\\\/abd.ong\\\/ca\\\/\",\"logo\":{\"@type\":\"ImageObject\",\"inLanguage\":\"ca\",\"@id\":\"https:\\\/\\\/abd.ong\\\/ca\\\/#\\\/schema\\\/logo\\\/image\\\/\",\"url\":\"https:\\\/\\\/abd.ong\\\/wp-content\\\/uploads\\\/2023\\\/01\\\/Icona.png\",\"contentUrl\":\"https:\\\/\\\/abd.ong\\\/wp-content\\\/uploads\\\/2023\\\/01\\\/Icona.png\",\"width\":190,\"height\":187,\"caption\":\"Associaci\u00f3 Benestar i Desenvolupament\"},\"image\":{\"@id\":\"https:\\\/\\\/abd.ong\\\/ca\\\/#\\\/schema\\\/logo\\\/image\\\/\"},\"sameAs\":[\"https:\\\/\\\/www.facebook.com\\\/abd.ong\",\"https:\\\/\\\/x.com\\\/abd_ong\",\"https:\\\/\\\/www.instagram.com\\\/abd_ong\\\/\",\"https:\\\/\\\/www.linkedin.com\\\/company\\\/abdong\",\"https:\\\/\\\/www.youtube.com\\\/user\\\/CANALABD\"]},{\"@type\":\"Person\",\"@id\":\"https:\\\/\\\/abd.ong\\\/ca\\\/#\\\/schema\\\/person\\\/d2e158b4173f683b3898e286f5b35a10\",\"name\":\"Maria Creixell\"}]}<\/script>\n<!-- \/ Yoast SEO plugin. -->","yoast_head_json":{"title":"El grup ABD i la UOC signen un conveni per incentivar la formaci\u00f3 dels treballadors i les treballadores de l'entitat - ABD","description":"El grup ABD ha signat un conveni de col\u00b7laboraci\u00f3 amb la Universitat Oberta de Catalunya (UOC) per incentivar la formaci\u00f3 dels i les professionals","robots":{"index":"index","follow":"follow","max-snippet":"max-snippet:-1","max-image-preview":"max-image-preview:large","max-video-preview":"max-video-preview:-1"},"canonical":"https:\/\/abd.ong\/ca\/general-ca\/el-grup-abd-i-la-uoc-signen-un-conveni-per-incentivar-la-formacio-dels-treballadors-i-treballadores-de-lentitat\/","og_locale":"ca_ES","og_type":"article","og_title":"El grup ABD i la UOC signen un conveni per incentivar la formaci\u00f3 dels treballadors i les treballadores de l'entitat - ABD","og_description":"El grup ABD ha signat un conveni de col\u00b7laboraci\u00f3 amb la Universitat Oberta de Catalunya (UOC) per incentivar la formaci\u00f3 dels i les professionals","og_url":"https:\/\/abd.ong\/ca\/general-ca\/el-grup-abd-i-la-uoc-signen-un-conveni-per-incentivar-la-formacio-dels-treballadors-i-treballadores-de-lentitat\/","og_site_name":"ABD","article_publisher":"https:\/\/www.facebook.com\/abd.ong","article_published_time":"2022-05-24T12:30:49+00:00","article_modified_time":"2022-05-24T15:40:49+00:00","og_image":[{"width":2048,"height":1365,"url":"https:\/\/abd.ong\/wp-content\/uploads\/2022\/05\/student-laptop-e1653395220401.jpg","type":"image\/jpeg"}],"author":"Maria Creixell","twitter_card":"summary_large_image","twitter_creator":"@abd_ong","twitter_site":"@abd_ong","twitter_misc":{"Escrit per":"Maria Creixell","Temps estimat de lectura":"1 minut"},"schema":{"@context":"https:\/\/schema.org","@graph":[{"@type":"Article","@id":"https:\/\/abd.ong\/ca\/general-ca\/el-grup-abd-i-la-uoc-signen-un-conveni-per-incentivar-la-formacio-dels-treballadors-i-treballadores-de-lentitat\/#article","isPartOf":{"@id":"https:\/\/abd.ong\/ca\/general-ca\/el-grup-abd-i-la-uoc-signen-un-conveni-per-incentivar-la-formacio-dels-treballadors-i-treballadores-de-lentitat\/"},"author":{"name":"Maria Creixell","@id":"https:\/\/abd.ong\/ca\/#\/schema\/person\/d2e158b4173f683b3898e286f5b35a10"},"headline":"El grup ABD i la UOC signen un conveni per incentivar la formaci\u00f3 dels treballadors i les treballadores de l&#8217;entitat","datePublished":"2022-05-24T12:30:49+00:00","dateModified":"2022-05-24T15:40:49+00:00","mainEntityOfPage":{"@id":"https:\/\/abd.ong\/ca\/general-ca\/el-grup-abd-i-la-uoc-signen-un-conveni-per-incentivar-la-formacio-dels-treballadors-i-treballadores-de-lentitat\/"},"wordCount":266,"publisher":{"@id":"https:\/\/abd.ong\/ca\/#organization"},"image":{"@id":"https:\/\/abd.ong\/ca\/general-ca\/el-grup-abd-i-la-uoc-signen-un-conveni-per-incentivar-la-formacio-dels-treballadors-i-treballadores-de-lentitat\/#primaryimage"},"thumbnailUrl":"https:\/\/abd.ong\/wp-content\/uploads\/2022\/05\/student-laptop-e1653395220401.jpg","keywords":["ABD","Asociaci\u00f3n Bienestar y Desarrollo","conveni","corporatiu","formaci\u00f3","grup ABD","programes formatius","universitat","UOC"],"articleSection":["General"],"inLanguage":"ca"},{"@type":"WebPage","@id":"https:\/\/abd.ong\/ca\/general-ca\/el-grup-abd-i-la-uoc-signen-un-conveni-per-incentivar-la-formacio-dels-treballadors-i-treballadores-de-lentitat\/","url":"https:\/\/abd.ong\/ca\/general-ca\/el-grup-abd-i-la-uoc-signen-un-conveni-per-incentivar-la-formacio-dels-treballadors-i-treballadores-de-lentitat\/","name":"El grup ABD i la UOC signen un conveni per incentivar la formaci\u00f3 dels treballadors i les treballadores de l'entitat - ABD","isPartOf":{"@id":"https:\/\/abd.ong\/ca\/#website"},"primaryImageOfPage":{"@id":"https:\/\/abd.ong\/ca\/general-ca\/el-grup-abd-i-la-uoc-signen-un-conveni-per-incentivar-la-formacio-dels-treballadors-i-treballadores-de-lentitat\/#primaryimage"},"image":{"@id":"https:\/\/abd.ong\/ca\/general-ca\/el-grup-abd-i-la-uoc-signen-un-conveni-per-incentivar-la-formacio-dels-treballadors-i-treballadores-de-lentitat\/#primaryimage"},"thumbnailUrl":"https:\/\/abd.ong\/wp-content\/uploads\/2022\/05\/student-laptop-e1653395220401.jpg","datePublished":"2022-05-24T12:30:49+00:00","dateModified":"2022-05-24T15:40:49+00:00","description":"El grup ABD ha signat un conveni de col\u00b7laboraci\u00f3 amb la Universitat Oberta de Catalunya (UOC) per incentivar la formaci\u00f3 dels i les professionals","breadcrumb":{"@id":"https:\/\/abd.ong\/ca\/general-ca\/el-grup-abd-i-la-uoc-signen-un-conveni-per-incentivar-la-formacio-dels-treballadors-i-treballadores-de-lentitat\/#breadcrumb"},"inLanguage":"ca","potentialAction":[{"@type":"ReadAction","target":["https:\/\/abd.ong\/ca\/general-ca\/el-grup-abd-i-la-uoc-signen-un-conveni-per-incentivar-la-formacio-dels-treballadors-i-treballadores-de-lentitat\/"]}]},{"@type":"ImageObject","inLanguage":"ca","@id":"https:\/\/abd.ong\/ca\/general-ca\/el-grup-abd-i-la-uoc-signen-un-conveni-per-incentivar-la-formacio-dels-treballadors-i-treballadores-de-lentitat\/#primaryimage","url":"https:\/\/abd.ong\/wp-content\/uploads\/2022\/05\/student-laptop-e1653395220401.jpg","contentUrl":"https:\/\/abd.ong\/wp-content\/uploads\/2022\/05\/student-laptop-e1653395220401.jpg","width":2048,"height":1365},{"@type":"BreadcrumbList","@id":"https:\/\/abd.ong\/ca\/general-ca\/el-grup-abd-i-la-uoc-signen-un-conveni-per-incentivar-la-formacio-dels-treballadors-i-treballadores-de-lentitat\/#breadcrumb","itemListElement":[{"@type":"ListItem","position":1,"name":"Inici","item":"https:\/\/abd.ong\/ca\/"},{"@type":"ListItem","position":2,"name":"El grup ABD i la UOC signen un conveni per incentivar la formaci\u00f3 dels treballadors i les treballadores de l&#8217;entitat"}]},{"@type":"WebSite","@id":"https:\/\/abd.ong\/ca\/#website","url":"https:\/\/abd.ong\/ca\/","name":"ABD","description":"Asociaci\u00f3n Bienestar y Desarrollo","publisher":{"@id":"https:\/\/abd.ong\/ca\/#organization"},"potentialAction":[{"@type":"SearchAction","target":{"@type":"EntryPoint","urlTemplate":"https:\/\/abd.ong\/ca\/?s={search_term_string}"},"query-input":{"@type":"PropertyValueSpecification","valueRequired":true,"valueName":"search_term_string"}}],"inLanguage":"ca"},{"@type":"Organization","@id":"https:\/\/abd.ong\/ca\/#organization","name":"Associaci\u00f3 Benestar i Desenvolupament","alternateName":"ABD","url":"https:\/\/abd.ong\/ca\/","logo":{"@type":"ImageObject","inLanguage":"ca","@id":"https:\/\/abd.ong\/ca\/#\/schema\/logo\/image\/","url":"https:\/\/abd.ong\/wp-content\/uploads\/2023\/01\/Icona.png","contentUrl":"https:\/\/abd.ong\/wp-content\/uploads\/2023\/01\/Icona.png","width":190,"height":187,"caption":"Associaci\u00f3 Benestar i Desenvolupament"},"image":{"@id":"https:\/\/abd.ong\/ca\/#\/schema\/logo\/image\/"},"sameAs":["https:\/\/www.facebook.com\/abd.ong","https:\/\/x.com\/abd_ong","https:\/\/www.instagram.com\/abd_ong\/","https:\/\/www.linkedin.com\/company\/abdong","https:\/\/www.youtube.com\/user\/CANALABD"]},{"@type":"Person","@id":"https:\/\/abd.ong\/ca\/#\/schema\/person\/d2e158b4173f683b3898e286f5b35a10","name":"Maria Creixell"}]}},"_links":{"self":[{"href":"https:\/\/abd.ong\/ca\/wp-json\/wp\/v2\/posts\/33214","targetHints":{"allow":["GET"]}}],"collection":[{"href":"https:\/\/abd.ong\/ca\/wp-json\/wp\/v2\/posts"}],"about":[{"href":"https:\/\/abd.ong\/ca\/wp-json\/wp\/v2\/types\/post"}],"author":[{"embeddable":true,"href":"https:\/\/abd.ong\/ca\/wp-json\/wp\/v2\/users\/9"}],"replies":[{"embeddable":true,"href":"https:\/\/abd.ong\/ca\/wp-json\/wp\/v2\/comments?post=33214"}],"version-history":[{"count":3,"href":"https:\/\/abd.ong\/ca\/wp-json\/wp\/v2\/posts\/33214\/revisions"}],"predecessor-version":[{"id":33226,"href":"https:\/\/abd.ong\/ca\/wp-json\/wp\/v2\/posts\/33214\/revisions\/33226"}],"wp:featuredmedia":[{"embeddable":true,"href":"https:\/\/abd.ong\/ca\/wp-json\/wp\/v2\/media\/33205"}],"wp:attachment":[{"href":"https:\/\/abd.ong\/ca\/wp-json\/wp\/v2\/media?parent=33214"}],"wp:term":[{"taxonomy":"category","embeddable":true,"href":"https:\/\/abd.ong\/ca\/wp-json\/wp\/v2\/categories?post=33214"},{"taxonomy":"post_tag","embeddable":true,"href":"https:\/\/abd.ong\/ca\/wp-json\/wp\/v2\/tags?post=33214"}],"curies":[{"name":"wp","href":"https:\/\/api.w.org\/{rel}","templated":true}]}}