{"id":32471,"date":"2022-04-27T15:48:59","date_gmt":"2022-04-27T13:48:59","guid":{"rendered":"https:\/\/abd.ong\/?p=32471"},"modified":"2022-04-28T10:42:27","modified_gmt":"2022-04-28T08:42:27","slug":"abd-als-mitjans-de-comunicacio-a-labril-3","status":"publish","type":"post","link":"https:\/\/abd.ong\/ca\/general-ca\/abd-als-mitjans-de-comunicacio-a-labril-3\/","title":{"rendered":"ABD als mitjans de comunicaci\u00f3 a l&#8217;abril"},"content":{"rendered":"\n<p>L&#8217;<a href=\"https:\/\/abd.ong\/ca\/\"><strong>Associaci\u00f3 Benestar i Desenvolupament<\/strong><\/a><strong>\u00a0(ABD)<\/strong> ha estat present als mitjans de comunicaci\u00f3 durant aquest mes d&#8217;abril. A continuaci\u00f3, el resum de premsa de les not\u00edcies, articles i reportatges en els quals hem participat com a entitat.<\/p>\n\n<div style=\"height:30px\" aria-hidden=\"true\" class=\"wp-block-spacer\"><\/div>\n\n<p><strong>03\/04\/22 &#8211; 8TV &#8216;Sexual Revolution&#8217;<\/strong><\/p>\n\n<p><em>Els gasos del popper produeix vasodilataci\u00f3. Aquesta vasodilataci\u00f3 \u00e9s el que provoca aquest sentiment de globus que et pot generar.\u00a0\u00a0<\/em><\/p>\n\n<p><a href=\"https:\/\/www.instagram.com\/p\/Cb3VsqAo_qi\/\" target=\"_blank\" rel=\"noreferrer noopener\">Al final el popper no \u00e9s una droga, perqu\u00e8 no t\u00e9 efecte en els neurotransmissors<\/a><\/p>\n\n<p><\/p>\n\n<p><strong>11\/04\/2022 &#8211; Corresponsables.com<\/strong><\/p>\n\n<p><em><a href=\"https:\/\/tufamiliacuidaunhogar.com\/\" target=\"_blank\" rel=\"noreferrer noopener\">Colhogar<\/a> ha signat un acord de col\u00b7laboraci\u00f3 amb l&#8217; Associaci\u00f3 Benestar i Desenvolupament (ABD) per ajudar a <strong>fam\u00edlies en situaci\u00f3 de fragilitat que necessitin una llar i acompanar-les en el disseny del seu projecte de vida per millorar la seva situaci\u00f3. <\/strong>D&#8217;aquesta manera, podr\u00e0 cobrir les necessitats b\u00e0siques de les fam\u00edlies i aportar ajuda per al lloguer d&#8217;una habitaci\u00f3 o el lloguer de pisos materno-infantils i de protecci\u00f3 social.<\/em><\/p>\n\n<p><a href=\"https:\/\/www.corresponsables.com\/actualidad\/colhogar-ong-abd-suman-fuerzas-ayudar-familias-vulnerabilidad\" target=\"_blank\" rel=\"noreferrer noopener\">ODS1. Colhogar y la ONG ABD suman fuerzas para ayudar a las familias en situaci\u00f3n de vulnerabilidad que necesitan un hogar<\/a><\/p>\n\n<p><\/p>\n\n<p><strong>11\/04\/2022 &#8211; Periferics.cat<\/strong><\/p>\n\n<p><em>Aquest material aborda els 3 eixos que influeixen en la variabilidad dels efectes, del consum, i de la seva gesti\u00f3 (la subst\u00e0ncia, la persona i el context).<\/em><\/p>\n\n<p><a href=\"https:\/\/periferics.cat\/energy-control-estrena-i-renova-nous-materials-preventius-i-de-reduccio-de-riscos\/\">Energy Control estrena i renova nous materials preventius i de Reducci\u00f3 de Riscos<\/a><\/p>\n\n<p><\/p>\n\n<p><strong>19\/04\/2022 &#8211; Lasdrogas.info<\/strong><\/p>\n\n<p><em>Al llarg dels darrers 20 anys, la implementaci\u00f3 de SAS ha anat en augment, tant a Europa com en altres continents com Canad\u00e0, Am\u00e8rica i Austr\u00e0lia. Tot i no haver estat lliures de cr\u00edtiques, els SAS s&#8217;han consolidat com a serveis de monitoritzaci\u00f3 i \u00e9s evident que gr\u00e0cies a aquests serveis s&#8217;han obtingut alguns coneixements importants.<\/em><\/p>\n\n<p><a href=\"https:\/\/www.lasdrogas.info\/opiniones\/que-son-los-servicios-de-analisis-de-sustancias-y-como-se-han-convertido-en-una-valiosa-herramienta-de-monitorizacion-de-los-mercados-recreativos-de-drogas-en-europa\/\" target=\"_blank\" rel=\"noreferrer noopener\">Qu\u00e9 son los Servicios de An\u00e1lisis de Sustancias y c\u00f3mo se han convertido en una valiosa herramienta de monitorizaci\u00f3n de los mercados recreativos de drogas en Europa<\/a><\/p>\n\n<p><\/p>\n\n<p><strong>26\/04\/2022 &#8211; Radio Rivadavia<\/strong><\/p>\n\n<p><em>Josep Rovira, director de l&#8217;\u00c0rea de Drogues de l&#8217;Associaci\u00f3 Benestar i Desenvolupament ABD, va dialogar amb Pablo Rossi despr\u00e9s de l&#8217;esc\u00e0ndol que va esclatar ahir a Mor\u00f3n, on el municipi va repartir fulletons en els que s&#8217;ensenya a consumir.<\/em><\/p>\n\n<p><a href=\"https:\/\/rivadavia.com.ar\/noticias\/esta-manana\/como-se-aplica-la-reduccion-de-danos-para-el-consumo-de-drogas\" target=\"_blank\" rel=\"noreferrer noopener\">C\u00f3mo se aplica la reducci\u00f3n de da\u00f1os para el consumo de drogas<\/a><\/p>\n\n<p><\/p>\n\n<p><strong>26\/04\/2022 &#8211; TV3. Informatiu Migdia.<\/strong><\/p>\n\n<p><em>A Catalunya, gaireb\u00e9 el 17% de la poblaci\u00f3 viu en habitatges precaris. Parlem de pisos ocupats, habitacions rellogades i altres modalitats d&#8217;infrahabitatge. A la falta de condicions m\u00ednimes, s&#8217;hi suma la inseguretat de saber que et pots quedar al carrer en qualsevol moment.\u00a0<\/em><\/p>\n\n<p><a href=\"https:\/\/www.ccma.cat\/tv3\/alacarta\/telenoticies\/mes-dun-milio-de-catalans-viuen-en-un-habitatge-precari\/video\/6155864\/\" target=\"_blank\" rel=\"noreferrer noopener\">M\u00e9s d&#8217;un mili\u00f3 de catalans viuen en un habitatge precari<\/a><\/p>\n\n<p><\/p>\n\n<p><strong>26\/04\/2022 &#8211; Radio Con Vos<\/strong><\/p>\n\n<p><em>El director de la delegaci\u00f3 d&#8217;Energy Control a Andalusia, Claudio Vidal, parla sobre la pol\u00e8mic per uns materials de reducci\u00f3 de riscos distribu\u00efts en un festival d&#8217;Argentina i de les actuacions de concienciaci\u00f3 que desenvolupen a Espanya.\u00a0<\/em><\/p>\n\n<p><a href=\"https:\/\/radioconvos.com.ar\/la-reduccion-de-danos-esta-contemplada-en-la-estrategia-nacional-de-espana\/\" target=\"_blank\" rel=\"noreferrer noopener\">La reducci\u00f3 de danys est\u00e0 contemplada en l&#8217;estrat\u00e8gia nacional d&#8217;Espanya<\/a><\/p>\n\n<p><\/p>\n\n<p><strong>27\/04\/2022 &#8211; RTVE<\/strong><\/p>\n\n<p><em>&#8220;Nosaltres coordinem una xarxa i a centreeuropa estan detectant adulteracions amb la marihuana molt perilloses, fins i tot hi ha hospitalitzacions. El que fan \u00e9s ajuntar marihuana natural amb marihuana sint\u00e8tica&#8230; encara no ha arribat aqu\u00ed per\u00f2 s&#8217;ha de saber i <strong>estar alerta<\/strong> per poder informar&#8221;.<\/em><\/p>\n\n<p><a href=\"https:\/\/www.rtve.es\/noticias\/20220427\/portada-mercado-negro-marihuana\/2334640.shtml\" target=\"_blank\" rel=\"noreferrer noopener\">Espa\u00f1a, para\u00edso para el cultivo y el comercio de la marihuana<\/a><\/p>\n\n<p><\/p>\n","protected":false},"excerpt":{"rendered":"<p>L&#8217;Associaci\u00f3 Benestar i Desenvolupament\u00a0(ABD) ha estat present als mitjans de comunicaci\u00f3 durant aquest mes d&#8217;abril. A continuaci\u00f3, el resum de premsa de les not\u00edcies, articles i reportatges en els quals&hellip;<\/p>\n","protected":false},"author":9,"featured_media":14666,"comment_status":"closed","ping_status":"closed","sticky":false,"template":"","format":"standard","meta":{"_acf_changed":false,"footnotes":""},"categories":[66],"tags":[2833,675,2566,175,435,835,2227,2301],"class_list":["post-32471","post","type-post","status-publish","format-standard","has-post-thumbnail","hentry","category-general-ca","tag-actualitat","tag-asociacion-bienestar-y-desarrollo-ca","tag-desigualtat-ca-3","tag-drogas-ca","tag-mitjans-de-comunicacio","tag-noticies","tag-pobresa-ca-3","tag-resum-de-premsa"],"acf":[],"yoast_head":"<!-- This site is optimized with the Yoast SEO plugin v27.4 - https:\/\/yoast.com\/product\/yoast-seo-wordpress\/ -->\n<title>ABD als mitjans de comunicaci\u00f3 a l&#039;abril - ABD<\/title>\n<meta name=\"description\" content=\"L&#039;Associaci\u00f3 Benestar i Desenvolupament\u00a0(ABD) ha estat present als mitjans de comunicaci\u00f3 durant aquest mes d&#039;abril. A continuaci\u00f3, el resum de premsa de\" \/>\n<meta name=\"robots\" content=\"index, follow, max-snippet:-1, max-image-preview:large, max-video-preview:-1\" \/>\n<link rel=\"canonical\" href=\"https:\/\/abd.ong\/ca\/general-ca\/abd-als-mitjans-de-comunicacio-a-labril-3\/\" \/>\n<meta property=\"og:locale\" content=\"ca_ES\" \/>\n<meta property=\"og:type\" content=\"article\" \/>\n<meta property=\"og:title\" content=\"ABD als mitjans de comunicaci\u00f3 a l&#039;abril - ABD\" \/>\n<meta property=\"og:description\" content=\"L&#039;Associaci\u00f3 Benestar i Desenvolupament\u00a0(ABD) ha estat present als mitjans de comunicaci\u00f3 durant aquest mes d&#039;abril. A continuaci\u00f3, el resum de premsa de\" \/>\n<meta property=\"og:url\" content=\"https:\/\/abd.ong\/ca\/general-ca\/abd-als-mitjans-de-comunicacio-a-labril-3\/\" \/>\n<meta property=\"og:site_name\" content=\"ABD\" \/>\n<meta property=\"article:publisher\" content=\"https:\/\/www.facebook.com\/abd.ong\" \/>\n<meta property=\"article:published_time\" content=\"2022-04-27T13:48:59+00:00\" \/>\n<meta property=\"article:modified_time\" content=\"2022-04-28T08:42:27+00:00\" \/>\n<meta property=\"og:image\" content=\"https:\/\/abd.ong\/wp-content\/uploads\/2020\/05\/old-tv-1149416_1920.jpg\" \/>\n\t<meta property=\"og:image:width\" content=\"1919\" \/>\n\t<meta property=\"og:image:height\" content=\"977\" \/>\n\t<meta property=\"og:image:type\" content=\"image\/jpeg\" \/>\n<meta name=\"author\" content=\"Maria Creixell\" \/>\n<meta name=\"twitter:card\" content=\"summary_large_image\" \/>\n<meta name=\"twitter:creator\" content=\"@abd_ong\" \/>\n<meta name=\"twitter:site\" content=\"@abd_ong\" \/>\n<meta name=\"twitter:label1\" content=\"Escrit per\" \/>\n\t<meta name=\"twitter:data1\" content=\"Maria Creixell\" \/>\n\t<meta name=\"twitter:label2\" content=\"Temps estimat de lectura\" \/>\n\t<meta name=\"twitter:data2\" content=\"6 minuts\" \/>\n<script type=\"application\/ld+json\" class=\"yoast-schema-graph\">{\"@context\":\"https:\\\/\\\/schema.org\",\"@graph\":[{\"@type\":\"Article\",\"@id\":\"https:\\\/\\\/abd.ong\\\/ca\\\/general-ca\\\/abd-als-mitjans-de-comunicacio-a-labril-3\\\/#article\",\"isPartOf\":{\"@id\":\"https:\\\/\\\/abd.ong\\\/ca\\\/general-ca\\\/abd-als-mitjans-de-comunicacio-a-labril-3\\\/\"},\"author\":{\"name\":\"Maria Creixell\",\"@id\":\"https:\\\/\\\/abd.ong\\\/ca\\\/#\\\/schema\\\/person\\\/d2e158b4173f683b3898e286f5b35a10\"},\"headline\":\"ABD als mitjans de comunicaci\u00f3 a l&#8217;abril\",\"datePublished\":\"2022-04-27T13:48:59+00:00\",\"dateModified\":\"2022-04-28T08:42:27+00:00\",\"mainEntityOfPage\":{\"@id\":\"https:\\\/\\\/abd.ong\\\/ca\\\/general-ca\\\/abd-als-mitjans-de-comunicacio-a-labril-3\\\/\"},\"wordCount\":569,\"publisher\":{\"@id\":\"https:\\\/\\\/abd.ong\\\/ca\\\/#organization\"},\"image\":{\"@id\":\"https:\\\/\\\/abd.ong\\\/ca\\\/general-ca\\\/abd-als-mitjans-de-comunicacio-a-labril-3\\\/#primaryimage\"},\"thumbnailUrl\":\"https:\\\/\\\/abd.ong\\\/wp-content\\\/uploads\\\/2020\\\/05\\\/old-tv-1149416_1920.jpg\",\"keywords\":[\"actualitat\",\"Asociaci\u00f3n Bienestar y Desarrollo\",\"desigualtat\",\"drogas\",\"mitjans de comunicaci\u00f3\",\"not\u00edcies\",\"pobresa\",\"resum de premsa\"],\"articleSection\":[\"General\"],\"inLanguage\":\"ca\"},{\"@type\":\"WebPage\",\"@id\":\"https:\\\/\\\/abd.ong\\\/ca\\\/general-ca\\\/abd-als-mitjans-de-comunicacio-a-labril-3\\\/\",\"url\":\"https:\\\/\\\/abd.ong\\\/ca\\\/general-ca\\\/abd-als-mitjans-de-comunicacio-a-labril-3\\\/\",\"name\":\"ABD als mitjans de comunicaci\u00f3 a l'abril - ABD\",\"isPartOf\":{\"@id\":\"https:\\\/\\\/abd.ong\\\/ca\\\/#website\"},\"primaryImageOfPage\":{\"@id\":\"https:\\\/\\\/abd.ong\\\/ca\\\/general-ca\\\/abd-als-mitjans-de-comunicacio-a-labril-3\\\/#primaryimage\"},\"image\":{\"@id\":\"https:\\\/\\\/abd.ong\\\/ca\\\/general-ca\\\/abd-als-mitjans-de-comunicacio-a-labril-3\\\/#primaryimage\"},\"thumbnailUrl\":\"https:\\\/\\\/abd.ong\\\/wp-content\\\/uploads\\\/2020\\\/05\\\/old-tv-1149416_1920.jpg\",\"datePublished\":\"2022-04-27T13:48:59+00:00\",\"dateModified\":\"2022-04-28T08:42:27+00:00\",\"description\":\"L'Associaci\u00f3 Benestar i Desenvolupament\u00a0(ABD) ha estat present als mitjans de comunicaci\u00f3 durant aquest mes d'abril. A continuaci\u00f3, el resum de premsa de\",\"breadcrumb\":{\"@id\":\"https:\\\/\\\/abd.ong\\\/ca\\\/general-ca\\\/abd-als-mitjans-de-comunicacio-a-labril-3\\\/#breadcrumb\"},\"inLanguage\":\"ca\",\"potentialAction\":[{\"@type\":\"ReadAction\",\"target\":[\"https:\\\/\\\/abd.ong\\\/ca\\\/general-ca\\\/abd-als-mitjans-de-comunicacio-a-labril-3\\\/\"]}]},{\"@type\":\"ImageObject\",\"inLanguage\":\"ca\",\"@id\":\"https:\\\/\\\/abd.ong\\\/ca\\\/general-ca\\\/abd-als-mitjans-de-comunicacio-a-labril-3\\\/#primaryimage\",\"url\":\"https:\\\/\\\/abd.ong\\\/wp-content\\\/uploads\\\/2020\\\/05\\\/old-tv-1149416_1920.jpg\",\"contentUrl\":\"https:\\\/\\\/abd.ong\\\/wp-content\\\/uploads\\\/2020\\\/05\\\/old-tv-1149416_1920.jpg\",\"width\":1919,\"height\":977,\"caption\":\"medios de comunicaci\u00f3n\"},{\"@type\":\"BreadcrumbList\",\"@id\":\"https:\\\/\\\/abd.ong\\\/ca\\\/general-ca\\\/abd-als-mitjans-de-comunicacio-a-labril-3\\\/#breadcrumb\",\"itemListElement\":[{\"@type\":\"ListItem\",\"position\":1,\"name\":\"Inici\",\"item\":\"https:\\\/\\\/abd.ong\\\/ca\\\/\"},{\"@type\":\"ListItem\",\"position\":2,\"name\":\"ABD als mitjans de comunicaci\u00f3 a l&#8217;abril\"}]},{\"@type\":\"WebSite\",\"@id\":\"https:\\\/\\\/abd.ong\\\/ca\\\/#website\",\"url\":\"https:\\\/\\\/abd.ong\\\/ca\\\/\",\"name\":\"ABD\",\"description\":\"Asociaci\u00f3n Bienestar y Desarrollo\",\"publisher\":{\"@id\":\"https:\\\/\\\/abd.ong\\\/ca\\\/#organization\"},\"potentialAction\":[{\"@type\":\"SearchAction\",\"target\":{\"@type\":\"EntryPoint\",\"urlTemplate\":\"https:\\\/\\\/abd.ong\\\/ca\\\/?s={search_term_string}\"},\"query-input\":{\"@type\":\"PropertyValueSpecification\",\"valueRequired\":true,\"valueName\":\"search_term_string\"}}],\"inLanguage\":\"ca\"},{\"@type\":\"Organization\",\"@id\":\"https:\\\/\\\/abd.ong\\\/ca\\\/#organization\",\"name\":\"Associaci\u00f3 Benestar i Desenvolupament\",\"alternateName\":\"ABD\",\"url\":\"https:\\\/\\\/abd.ong\\\/ca\\\/\",\"logo\":{\"@type\":\"ImageObject\",\"inLanguage\":\"ca\",\"@id\":\"https:\\\/\\\/abd.ong\\\/ca\\\/#\\\/schema\\\/logo\\\/image\\\/\",\"url\":\"https:\\\/\\\/abd.ong\\\/wp-content\\\/uploads\\\/2023\\\/01\\\/Icona.png\",\"contentUrl\":\"https:\\\/\\\/abd.ong\\\/wp-content\\\/uploads\\\/2023\\\/01\\\/Icona.png\",\"width\":190,\"height\":187,\"caption\":\"Associaci\u00f3 Benestar i Desenvolupament\"},\"image\":{\"@id\":\"https:\\\/\\\/abd.ong\\\/ca\\\/#\\\/schema\\\/logo\\\/image\\\/\"},\"sameAs\":[\"https:\\\/\\\/www.facebook.com\\\/abd.ong\",\"https:\\\/\\\/x.com\\\/abd_ong\",\"https:\\\/\\\/www.instagram.com\\\/abd_ong\\\/\",\"https:\\\/\\\/www.linkedin.com\\\/company\\\/abdong\",\"https:\\\/\\\/www.youtube.com\\\/user\\\/CANALABD\"]},{\"@type\":\"Person\",\"@id\":\"https:\\\/\\\/abd.ong\\\/ca\\\/#\\\/schema\\\/person\\\/d2e158b4173f683b3898e286f5b35a10\",\"name\":\"Maria Creixell\"}]}<\/script>\n<!-- \/ Yoast SEO plugin. -->","yoast_head_json":{"title":"ABD als mitjans de comunicaci\u00f3 a l'abril - ABD","description":"L'Associaci\u00f3 Benestar i Desenvolupament\u00a0(ABD) ha estat present als mitjans de comunicaci\u00f3 durant aquest mes d'abril. A continuaci\u00f3, el resum de premsa de","robots":{"index":"index","follow":"follow","max-snippet":"max-snippet:-1","max-image-preview":"max-image-preview:large","max-video-preview":"max-video-preview:-1"},"canonical":"https:\/\/abd.ong\/ca\/general-ca\/abd-als-mitjans-de-comunicacio-a-labril-3\/","og_locale":"ca_ES","og_type":"article","og_title":"ABD als mitjans de comunicaci\u00f3 a l'abril - ABD","og_description":"L'Associaci\u00f3 Benestar i Desenvolupament\u00a0(ABD) ha estat present als mitjans de comunicaci\u00f3 durant aquest mes d'abril. A continuaci\u00f3, el resum de premsa de","og_url":"https:\/\/abd.ong\/ca\/general-ca\/abd-als-mitjans-de-comunicacio-a-labril-3\/","og_site_name":"ABD","article_publisher":"https:\/\/www.facebook.com\/abd.ong","article_published_time":"2022-04-27T13:48:59+00:00","article_modified_time":"2022-04-28T08:42:27+00:00","og_image":[{"width":1919,"height":977,"url":"https:\/\/abd.ong\/wp-content\/uploads\/2020\/05\/old-tv-1149416_1920.jpg","type":"image\/jpeg"}],"author":"Maria Creixell","twitter_card":"summary_large_image","twitter_creator":"@abd_ong","twitter_site":"@abd_ong","twitter_misc":{"Escrit per":"Maria Creixell","Temps estimat de lectura":"6 minuts"},"schema":{"@context":"https:\/\/schema.org","@graph":[{"@type":"Article","@id":"https:\/\/abd.ong\/ca\/general-ca\/abd-als-mitjans-de-comunicacio-a-labril-3\/#article","isPartOf":{"@id":"https:\/\/abd.ong\/ca\/general-ca\/abd-als-mitjans-de-comunicacio-a-labril-3\/"},"author":{"name":"Maria Creixell","@id":"https:\/\/abd.ong\/ca\/#\/schema\/person\/d2e158b4173f683b3898e286f5b35a10"},"headline":"ABD als mitjans de comunicaci\u00f3 a l&#8217;abril","datePublished":"2022-04-27T13:48:59+00:00","dateModified":"2022-04-28T08:42:27+00:00","mainEntityOfPage":{"@id":"https:\/\/abd.ong\/ca\/general-ca\/abd-als-mitjans-de-comunicacio-a-labril-3\/"},"wordCount":569,"publisher":{"@id":"https:\/\/abd.ong\/ca\/#organization"},"image":{"@id":"https:\/\/abd.ong\/ca\/general-ca\/abd-als-mitjans-de-comunicacio-a-labril-3\/#primaryimage"},"thumbnailUrl":"https:\/\/abd.ong\/wp-content\/uploads\/2020\/05\/old-tv-1149416_1920.jpg","keywords":["actualitat","Asociaci\u00f3n Bienestar y Desarrollo","desigualtat","drogas","mitjans de comunicaci\u00f3","not\u00edcies","pobresa","resum de premsa"],"articleSection":["General"],"inLanguage":"ca"},{"@type":"WebPage","@id":"https:\/\/abd.ong\/ca\/general-ca\/abd-als-mitjans-de-comunicacio-a-labril-3\/","url":"https:\/\/abd.ong\/ca\/general-ca\/abd-als-mitjans-de-comunicacio-a-labril-3\/","name":"ABD als mitjans de comunicaci\u00f3 a l'abril - ABD","isPartOf":{"@id":"https:\/\/abd.ong\/ca\/#website"},"primaryImageOfPage":{"@id":"https:\/\/abd.ong\/ca\/general-ca\/abd-als-mitjans-de-comunicacio-a-labril-3\/#primaryimage"},"image":{"@id":"https:\/\/abd.ong\/ca\/general-ca\/abd-als-mitjans-de-comunicacio-a-labril-3\/#primaryimage"},"thumbnailUrl":"https:\/\/abd.ong\/wp-content\/uploads\/2020\/05\/old-tv-1149416_1920.jpg","datePublished":"2022-04-27T13:48:59+00:00","dateModified":"2022-04-28T08:42:27+00:00","description":"L'Associaci\u00f3 Benestar i Desenvolupament\u00a0(ABD) ha estat present als mitjans de comunicaci\u00f3 durant aquest mes d'abril. A continuaci\u00f3, el resum de premsa de","breadcrumb":{"@id":"https:\/\/abd.ong\/ca\/general-ca\/abd-als-mitjans-de-comunicacio-a-labril-3\/#breadcrumb"},"inLanguage":"ca","potentialAction":[{"@type":"ReadAction","target":["https:\/\/abd.ong\/ca\/general-ca\/abd-als-mitjans-de-comunicacio-a-labril-3\/"]}]},{"@type":"ImageObject","inLanguage":"ca","@id":"https:\/\/abd.ong\/ca\/general-ca\/abd-als-mitjans-de-comunicacio-a-labril-3\/#primaryimage","url":"https:\/\/abd.ong\/wp-content\/uploads\/2020\/05\/old-tv-1149416_1920.jpg","contentUrl":"https:\/\/abd.ong\/wp-content\/uploads\/2020\/05\/old-tv-1149416_1920.jpg","width":1919,"height":977,"caption":"medios de comunicaci\u00f3n"},{"@type":"BreadcrumbList","@id":"https:\/\/abd.ong\/ca\/general-ca\/abd-als-mitjans-de-comunicacio-a-labril-3\/#breadcrumb","itemListElement":[{"@type":"ListItem","position":1,"name":"Inici","item":"https:\/\/abd.ong\/ca\/"},{"@type":"ListItem","position":2,"name":"ABD als mitjans de comunicaci\u00f3 a l&#8217;abril"}]},{"@type":"WebSite","@id":"https:\/\/abd.ong\/ca\/#website","url":"https:\/\/abd.ong\/ca\/","name":"ABD","description":"Asociaci\u00f3n Bienestar y Desarrollo","publisher":{"@id":"https:\/\/abd.ong\/ca\/#organization"},"potentialAction":[{"@type":"SearchAction","target":{"@type":"EntryPoint","urlTemplate":"https:\/\/abd.ong\/ca\/?s={search_term_string}"},"query-input":{"@type":"PropertyValueSpecification","valueRequired":true,"valueName":"search_term_string"}}],"inLanguage":"ca"},{"@type":"Organization","@id":"https:\/\/abd.ong\/ca\/#organization","name":"Associaci\u00f3 Benestar i Desenvolupament","alternateName":"ABD","url":"https:\/\/abd.ong\/ca\/","logo":{"@type":"ImageObject","inLanguage":"ca","@id":"https:\/\/abd.ong\/ca\/#\/schema\/logo\/image\/","url":"https:\/\/abd.ong\/wp-content\/uploads\/2023\/01\/Icona.png","contentUrl":"https:\/\/abd.ong\/wp-content\/uploads\/2023\/01\/Icona.png","width":190,"height":187,"caption":"Associaci\u00f3 Benestar i Desenvolupament"},"image":{"@id":"https:\/\/abd.ong\/ca\/#\/schema\/logo\/image\/"},"sameAs":["https:\/\/www.facebook.com\/abd.ong","https:\/\/x.com\/abd_ong","https:\/\/www.instagram.com\/abd_ong\/","https:\/\/www.linkedin.com\/company\/abdong","https:\/\/www.youtube.com\/user\/CANALABD"]},{"@type":"Person","@id":"https:\/\/abd.ong\/ca\/#\/schema\/person\/d2e158b4173f683b3898e286f5b35a10","name":"Maria Creixell"}]}},"_links":{"self":[{"href":"https:\/\/abd.ong\/ca\/wp-json\/wp\/v2\/posts\/32471","targetHints":{"allow":["GET"]}}],"collection":[{"href":"https:\/\/abd.ong\/ca\/wp-json\/wp\/v2\/posts"}],"about":[{"href":"https:\/\/abd.ong\/ca\/wp-json\/wp\/v2\/types\/post"}],"author":[{"embeddable":true,"href":"https:\/\/abd.ong\/ca\/wp-json\/wp\/v2\/users\/9"}],"replies":[{"embeddable":true,"href":"https:\/\/abd.ong\/ca\/wp-json\/wp\/v2\/comments?post=32471"}],"version-history":[{"count":3,"href":"https:\/\/abd.ong\/ca\/wp-json\/wp\/v2\/posts\/32471\/revisions"}],"predecessor-version":[{"id":32491,"href":"https:\/\/abd.ong\/ca\/wp-json\/wp\/v2\/posts\/32471\/revisions\/32491"}],"wp:featuredmedia":[{"embeddable":true,"href":"https:\/\/abd.ong\/ca\/wp-json\/wp\/v2\/media\/14666"}],"wp:attachment":[{"href":"https:\/\/abd.ong\/ca\/wp-json\/wp\/v2\/media?parent=32471"}],"wp:term":[{"taxonomy":"category","embeddable":true,"href":"https:\/\/abd.ong\/ca\/wp-json\/wp\/v2\/categories?post=32471"},{"taxonomy":"post_tag","embeddable":true,"href":"https:\/\/abd.ong\/ca\/wp-json\/wp\/v2\/tags?post=32471"}],"curies":[{"name":"wp","href":"https:\/\/api.w.org\/{rel}","templated":true}]}}