{"id":32202,"date":"2022-04-19T17:41:15","date_gmt":"2022-04-19T15:41:15","guid":{"rendered":"https:\/\/abd.ong\/?p=32202"},"modified":"2022-04-27T09:13:07","modified_gmt":"2022-04-27T07:13:07","slug":"abd-i-colhogar-suneixen-per-ajudar-les-families-en-situacio-de-vulnerabilitat-que-necessiten-una-llar","status":"publish","type":"post","link":"https:\/\/abd.ong\/ca\/infancia-i-familia\/abd-i-colhogar-suneixen-per-ajudar-les-families-en-situacio-de-vulnerabilitat-que-necessiten-una-llar\/","title":{"rendered":"ABD i Colhogar s&#8217;uneixen per ajudar les fam\u00edlies en situaci\u00f3 de vulnerabilitat que necessiten una llar"},"content":{"rendered":"\n<p>L&#8217;impacte de la COVID 19 a les nostres vides \u00e9s immens, per\u00f2 ho \u00e9s encara m\u00e9s gran en les vides de les persones que es troben en situaci\u00f3 de vulnerabilitat. De fet, a Espanya, 3 de cada 10 persones es troben en risc de pobresa i exclusi\u00f3 social, una situaci\u00f3 que s&#8217;agreuja quan diferents membres d&#8217;un mateix nucli familiar viuen situacions d&#8217;exclusi\u00f3 social, atur, inestabilitat econ\u00f2mica o no tenen feina digne.<\/p>\n\n<p>L\u2019<a href=\"https:\/\/abd.ong\/ca\/\">Associaci\u00f3 Benestar i Desenvolupament ABD<\/a> i <a href=\"https:\/\/www.colhogar.com\/es\/\">Colhogar<\/a>, conscients que les fam\u00edlies necessiten i mereixen un lloc on generar lla\u00e7os i estabilitzar-se, han signat un acord de col\u00b7laboraci\u00f3 per ajudar fam\u00edlies en situaci\u00f3 de fragilitat que necessiten una llar i acompanyar-les en el disseny del seu projecte de vida per millorar la seva situaci\u00f3.<\/p>\n\n<p>Fam\u00edlies com les formades pel matrimoni de <a href=\"https:\/\/tufamiliacuidaunhogar.com\/\">M\u00aaJes\u00fas i Rufino o Elisabeth i Guille amb la seva filla Luc\u00eda<\/a>; que a m\u00e9s van participar com a protagonistes al rodatge de l&#8217;anunci. <em>\u201cHem d&#8217;entendre l\u2019habitatge com a sin\u00f2nim de llar. Un lloc on jugar, riure, plorar, estimar, cr\u00e9ixer i assentar els pilars de la nostra vida. El dret a un habitatge ha de ser un objectiu fonamental per a tota societat moderna, justa, inclusiva i igualit\u00e0ria\u201d<\/em>, assenyalen el matrimoni.<\/p>\n\n<p>Sota la iniciativa <a href=\"https:\/\/www.colhogar.com\/es\/\">&#8220;La teva fam\u00edlia cuida una llar&#8221;<\/a> amb la compra d&#8217;un producte Colhogar, ajudes a fam\u00edlies en situaci\u00f3 de vulnerabilitat amb el lloguer de pisos maternoinfantils i de protecci\u00f3 social o d&#8217;una habitaci\u00f3 i per cobrir aquestes necessitats b\u00e0siques de les fam\u00edlies que m\u00e9s ho necessiten.<\/p>\n\n<div style=\"height:50px\" aria-hidden=\"true\" class=\"wp-block-spacer\"><\/div>\n\n<figure class=\"wp-block-embed is-type-video is-provider-youtube wp-block-embed-youtube wp-embed-aspect-16-9 wp-has-aspect-ratio\"><div class=\"wp-block-embed__wrapper\">\r\n<iframe title=\"Tu familia cuida un hogar\" width=\"500\" height=\"281\" src=\"https:\/\/www.youtube.com\/embed\/PojB8_o2xQc?feature=oembed\" frameborder=\"0\" allow=\"accelerometer; autoplay; clipboard-write; encrypted-media; gyroscope; picture-in-picture; web-share\" referrerpolicy=\"strict-origin-when-cross-origin\" allowfullscreen><\/iframe>\r\n<\/div><\/figure>\r\n","protected":false},"excerpt":{"rendered":"<p>L&#8217;impacte de la COVID 19 a les nostres vides \u00e9s immens, per\u00f2 ho \u00e9s encara m\u00e9s gran en les vides de les persones que es troben en situaci\u00f3 de vulnerabilitat.&hellip;<\/p>\n","protected":false},"author":2,"featured_media":32199,"comment_status":"closed","ping_status":"closed","sticky":false,"template":"","format":"standard","meta":{"_acf_changed":false,"footnotes":""},"categories":[1298,1299,2284,1303,2231],"tags":[2829,2287,2625,2830,2828,2477],"class_list":["post-32202","post","type-post","status-publish","format-standard","has-post-thumbnail","hentry","category-dependencia-i-gent-gran","category-desigualtat","category-donacions-ca","category-infancia-i-familia","category-pobreza-energetica-ca","tag-abd-i-colhogar","tag-exclusio-social-ca-2","tag-families-ca","tag-families-que-necessiten-una-llar","tag-habitatges-socials","tag-persones-en-situacio-de-vulnerabilitat"],"acf":[],"yoast_head":"<!-- This site is optimized with the Yoast SEO plugin v27.4 - https:\/\/yoast.com\/product\/yoast-seo-wordpress\/ -->\n<title>ABD i Colhogar s&#039;uneixen per ajudar les fam\u00edlies en situaci\u00f3 de vulnerabilitat que necessiten una llar - ABD<\/title>\n<meta name=\"description\" content=\"L&#039;impacte de la COVID 19 a les nostres vides \u00e9s immens, per\u00f2 ho \u00e9s encara m\u00e9s gran en les vides de les persones que es troben en situaci\u00f3 de\" \/>\n<meta name=\"robots\" content=\"index, follow, max-snippet:-1, max-image-preview:large, max-video-preview:-1\" \/>\n<link rel=\"canonical\" href=\"https:\/\/abd.ong\/ca\/infancia-i-familia\/abd-i-colhogar-suneixen-per-ajudar-les-families-en-situacio-de-vulnerabilitat-que-necessiten-una-llar\/\" \/>\n<meta property=\"og:locale\" content=\"ca_ES\" \/>\n<meta property=\"og:type\" content=\"article\" \/>\n<meta property=\"og:title\" content=\"ABD i Colhogar s&#039;uneixen per ajudar les fam\u00edlies en situaci\u00f3 de vulnerabilitat que necessiten una llar - ABD\" \/>\n<meta property=\"og:description\" content=\"L&#039;impacte de la COVID 19 a les nostres vides \u00e9s immens, per\u00f2 ho \u00e9s encara m\u00e9s gran en les vides de les persones que es troben en situaci\u00f3 de\" \/>\n<meta property=\"og:url\" content=\"https:\/\/abd.ong\/ca\/infancia-i-familia\/abd-i-colhogar-suneixen-per-ajudar-les-families-en-situacio-de-vulnerabilitat-que-necessiten-una-llar\/\" \/>\n<meta property=\"og:site_name\" content=\"ABD\" \/>\n<meta property=\"article:publisher\" content=\"https:\/\/www.facebook.com\/abd.ong\" \/>\n<meta property=\"article:published_time\" content=\"2022-04-19T15:41:15+00:00\" \/>\n<meta property=\"article:modified_time\" content=\"2022-04-27T07:13:07+00:00\" \/>\n<meta property=\"og:image\" content=\"https:\/\/abd.ong\/wp-content\/uploads\/2022\/04\/Captura-tu-familia-cuida-un-hogar.jpg\" \/>\n\t<meta property=\"og:image:width\" content=\"1290\" \/>\n\t<meta property=\"og:image:height\" content=\"568\" \/>\n\t<meta property=\"og:image:type\" content=\"image\/jpeg\" \/>\n<meta name=\"author\" content=\"Enric Guinart\" \/>\n<meta name=\"twitter:card\" content=\"summary_large_image\" \/>\n<meta name=\"twitter:creator\" content=\"@abd_ong\" \/>\n<meta name=\"twitter:site\" content=\"@abd_ong\" \/>\n<meta name=\"twitter:label1\" content=\"Escrit per\" \/>\n\t<meta name=\"twitter:data1\" content=\"Enric Guinart\" \/>\n\t<meta name=\"twitter:label2\" content=\"Temps estimat de lectura\" \/>\n\t<meta name=\"twitter:data2\" content=\"1 minut\" \/>\n<script type=\"application\/ld+json\" class=\"yoast-schema-graph\">{\"@context\":\"https:\\\/\\\/schema.org\",\"@graph\":[{\"@type\":\"Article\",\"@id\":\"https:\\\/\\\/abd.ong\\\/ca\\\/infancia-i-familia\\\/abd-i-colhogar-suneixen-per-ajudar-les-families-en-situacio-de-vulnerabilitat-que-necessiten-una-llar\\\/#article\",\"isPartOf\":{\"@id\":\"https:\\\/\\\/abd.ong\\\/ca\\\/infancia-i-familia\\\/abd-i-colhogar-suneixen-per-ajudar-les-families-en-situacio-de-vulnerabilitat-que-necessiten-una-llar\\\/\"},\"author\":{\"name\":\"Enric Guinart\",\"@id\":\"https:\\\/\\\/abd.ong\\\/ca\\\/#\\\/schema\\\/person\\\/d0f5fe279a7ad908de6a6d1332bfd7d8\"},\"headline\":\"ABD i Colhogar s&#8217;uneixen per ajudar les fam\u00edlies en situaci\u00f3 de vulnerabilitat que necessiten una llar\",\"datePublished\":\"2022-04-19T15:41:15+00:00\",\"dateModified\":\"2022-04-27T07:13:07+00:00\",\"mainEntityOfPage\":{\"@id\":\"https:\\\/\\\/abd.ong\\\/ca\\\/infancia-i-familia\\\/abd-i-colhogar-suneixen-per-ajudar-les-families-en-situacio-de-vulnerabilitat-que-necessiten-una-llar\\\/\"},\"wordCount\":303,\"publisher\":{\"@id\":\"https:\\\/\\\/abd.ong\\\/ca\\\/#organization\"},\"image\":{\"@id\":\"https:\\\/\\\/abd.ong\\\/ca\\\/infancia-i-familia\\\/abd-i-colhogar-suneixen-per-ajudar-les-families-en-situacio-de-vulnerabilitat-que-necessiten-una-llar\\\/#primaryimage\"},\"thumbnailUrl\":\"https:\\\/\\\/abd.ong\\\/wp-content\\\/uploads\\\/2022\\\/04\\\/Captura-tu-familia-cuida-un-hogar.jpg\",\"keywords\":[\"ABD i Colhogar\",\"exclusi\u00f3 social\",\"fam\u00edlies\",\"fam\u00edlies que necessiten una llar\",\"habitatges socials\",\"persones en situaci\u00f3 de vulnerabilitat\"],\"articleSection\":[\"Depend\u00e8ncia i gent gran\",\"Desigualtat\",\"Donacions\",\"Inf\u00e0ncia i fam\u00edlia\",\"Pobreza energ\u00e9tica\"],\"inLanguage\":\"ca\"},{\"@type\":\"WebPage\",\"@id\":\"https:\\\/\\\/abd.ong\\\/ca\\\/infancia-i-familia\\\/abd-i-colhogar-suneixen-per-ajudar-les-families-en-situacio-de-vulnerabilitat-que-necessiten-una-llar\\\/\",\"url\":\"https:\\\/\\\/abd.ong\\\/ca\\\/infancia-i-familia\\\/abd-i-colhogar-suneixen-per-ajudar-les-families-en-situacio-de-vulnerabilitat-que-necessiten-una-llar\\\/\",\"name\":\"ABD i Colhogar s'uneixen per ajudar les fam\u00edlies en situaci\u00f3 de vulnerabilitat que necessiten una llar - ABD\",\"isPartOf\":{\"@id\":\"https:\\\/\\\/abd.ong\\\/ca\\\/#website\"},\"primaryImageOfPage\":{\"@id\":\"https:\\\/\\\/abd.ong\\\/ca\\\/infancia-i-familia\\\/abd-i-colhogar-suneixen-per-ajudar-les-families-en-situacio-de-vulnerabilitat-que-necessiten-una-llar\\\/#primaryimage\"},\"image\":{\"@id\":\"https:\\\/\\\/abd.ong\\\/ca\\\/infancia-i-familia\\\/abd-i-colhogar-suneixen-per-ajudar-les-families-en-situacio-de-vulnerabilitat-que-necessiten-una-llar\\\/#primaryimage\"},\"thumbnailUrl\":\"https:\\\/\\\/abd.ong\\\/wp-content\\\/uploads\\\/2022\\\/04\\\/Captura-tu-familia-cuida-un-hogar.jpg\",\"datePublished\":\"2022-04-19T15:41:15+00:00\",\"dateModified\":\"2022-04-27T07:13:07+00:00\",\"description\":\"L'impacte de la COVID 19 a les nostres vides \u00e9s immens, per\u00f2 ho \u00e9s encara m\u00e9s gran en les vides de les persones que es troben en situaci\u00f3 de\",\"breadcrumb\":{\"@id\":\"https:\\\/\\\/abd.ong\\\/ca\\\/infancia-i-familia\\\/abd-i-colhogar-suneixen-per-ajudar-les-families-en-situacio-de-vulnerabilitat-que-necessiten-una-llar\\\/#breadcrumb\"},\"inLanguage\":\"ca\",\"potentialAction\":[{\"@type\":\"ReadAction\",\"target\":[\"https:\\\/\\\/abd.ong\\\/ca\\\/infancia-i-familia\\\/abd-i-colhogar-suneixen-per-ajudar-les-families-en-situacio-de-vulnerabilitat-que-necessiten-una-llar\\\/\"]}]},{\"@type\":\"ImageObject\",\"inLanguage\":\"ca\",\"@id\":\"https:\\\/\\\/abd.ong\\\/ca\\\/infancia-i-familia\\\/abd-i-colhogar-suneixen-per-ajudar-les-families-en-situacio-de-vulnerabilitat-que-necessiten-una-llar\\\/#primaryimage\",\"url\":\"https:\\\/\\\/abd.ong\\\/wp-content\\\/uploads\\\/2022\\\/04\\\/Captura-tu-familia-cuida-un-hogar.jpg\",\"contentUrl\":\"https:\\\/\\\/abd.ong\\\/wp-content\\\/uploads\\\/2022\\\/04\\\/Captura-tu-familia-cuida-un-hogar.jpg\",\"width\":1290,\"height\":568},{\"@type\":\"BreadcrumbList\",\"@id\":\"https:\\\/\\\/abd.ong\\\/ca\\\/infancia-i-familia\\\/abd-i-colhogar-suneixen-per-ajudar-les-families-en-situacio-de-vulnerabilitat-que-necessiten-una-llar\\\/#breadcrumb\",\"itemListElement\":[{\"@type\":\"ListItem\",\"position\":1,\"name\":\"Inici\",\"item\":\"https:\\\/\\\/abd.ong\\\/ca\\\/\"},{\"@type\":\"ListItem\",\"position\":2,\"name\":\"ABD i Colhogar s&#8217;uneixen per ajudar les fam\u00edlies en situaci\u00f3 de vulnerabilitat que necessiten una llar\"}]},{\"@type\":\"WebSite\",\"@id\":\"https:\\\/\\\/abd.ong\\\/ca\\\/#website\",\"url\":\"https:\\\/\\\/abd.ong\\\/ca\\\/\",\"name\":\"ABD\",\"description\":\"Asociaci\u00f3n Bienestar y Desarrollo\",\"publisher\":{\"@id\":\"https:\\\/\\\/abd.ong\\\/ca\\\/#organization\"},\"potentialAction\":[{\"@type\":\"SearchAction\",\"target\":{\"@type\":\"EntryPoint\",\"urlTemplate\":\"https:\\\/\\\/abd.ong\\\/ca\\\/?s={search_term_string}\"},\"query-input\":{\"@type\":\"PropertyValueSpecification\",\"valueRequired\":true,\"valueName\":\"search_term_string\"}}],\"inLanguage\":\"ca\"},{\"@type\":\"Organization\",\"@id\":\"https:\\\/\\\/abd.ong\\\/ca\\\/#organization\",\"name\":\"Associaci\u00f3 Benestar i Desenvolupament\",\"alternateName\":\"ABD\",\"url\":\"https:\\\/\\\/abd.ong\\\/ca\\\/\",\"logo\":{\"@type\":\"ImageObject\",\"inLanguage\":\"ca\",\"@id\":\"https:\\\/\\\/abd.ong\\\/ca\\\/#\\\/schema\\\/logo\\\/image\\\/\",\"url\":\"https:\\\/\\\/abd.ong\\\/wp-content\\\/uploads\\\/2023\\\/01\\\/Icona.png\",\"contentUrl\":\"https:\\\/\\\/abd.ong\\\/wp-content\\\/uploads\\\/2023\\\/01\\\/Icona.png\",\"width\":190,\"height\":187,\"caption\":\"Associaci\u00f3 Benestar i Desenvolupament\"},\"image\":{\"@id\":\"https:\\\/\\\/abd.ong\\\/ca\\\/#\\\/schema\\\/logo\\\/image\\\/\"},\"sameAs\":[\"https:\\\/\\\/www.facebook.com\\\/abd.ong\",\"https:\\\/\\\/x.com\\\/abd_ong\",\"https:\\\/\\\/www.instagram.com\\\/abd_ong\\\/\",\"https:\\\/\\\/www.linkedin.com\\\/company\\\/abdong\",\"https:\\\/\\\/www.youtube.com\\\/user\\\/CANALABD\"]},{\"@type\":\"Person\",\"@id\":\"https:\\\/\\\/abd.ong\\\/ca\\\/#\\\/schema\\\/person\\\/d0f5fe279a7ad908de6a6d1332bfd7d8\",\"name\":\"Enric Guinart\"}]}<\/script>\n<!-- \/ Yoast SEO plugin. -->","yoast_head_json":{"title":"ABD i Colhogar s'uneixen per ajudar les fam\u00edlies en situaci\u00f3 de vulnerabilitat que necessiten una llar - ABD","description":"L'impacte de la COVID 19 a les nostres vides \u00e9s immens, per\u00f2 ho \u00e9s encara m\u00e9s gran en les vides de les persones que es troben en situaci\u00f3 de","robots":{"index":"index","follow":"follow","max-snippet":"max-snippet:-1","max-image-preview":"max-image-preview:large","max-video-preview":"max-video-preview:-1"},"canonical":"https:\/\/abd.ong\/ca\/infancia-i-familia\/abd-i-colhogar-suneixen-per-ajudar-les-families-en-situacio-de-vulnerabilitat-que-necessiten-una-llar\/","og_locale":"ca_ES","og_type":"article","og_title":"ABD i Colhogar s'uneixen per ajudar les fam\u00edlies en situaci\u00f3 de vulnerabilitat que necessiten una llar - ABD","og_description":"L'impacte de la COVID 19 a les nostres vides \u00e9s immens, per\u00f2 ho \u00e9s encara m\u00e9s gran en les vides de les persones que es troben en situaci\u00f3 de","og_url":"https:\/\/abd.ong\/ca\/infancia-i-familia\/abd-i-colhogar-suneixen-per-ajudar-les-families-en-situacio-de-vulnerabilitat-que-necessiten-una-llar\/","og_site_name":"ABD","article_publisher":"https:\/\/www.facebook.com\/abd.ong","article_published_time":"2022-04-19T15:41:15+00:00","article_modified_time":"2022-04-27T07:13:07+00:00","og_image":[{"width":1290,"height":568,"url":"https:\/\/abd.ong\/wp-content\/uploads\/2022\/04\/Captura-tu-familia-cuida-un-hogar.jpg","type":"image\/jpeg"}],"author":"Enric Guinart","twitter_card":"summary_large_image","twitter_creator":"@abd_ong","twitter_site":"@abd_ong","twitter_misc":{"Escrit per":"Enric Guinart","Temps estimat de lectura":"1 minut"},"schema":{"@context":"https:\/\/schema.org","@graph":[{"@type":"Article","@id":"https:\/\/abd.ong\/ca\/infancia-i-familia\/abd-i-colhogar-suneixen-per-ajudar-les-families-en-situacio-de-vulnerabilitat-que-necessiten-una-llar\/#article","isPartOf":{"@id":"https:\/\/abd.ong\/ca\/infancia-i-familia\/abd-i-colhogar-suneixen-per-ajudar-les-families-en-situacio-de-vulnerabilitat-que-necessiten-una-llar\/"},"author":{"name":"Enric Guinart","@id":"https:\/\/abd.ong\/ca\/#\/schema\/person\/d0f5fe279a7ad908de6a6d1332bfd7d8"},"headline":"ABD i Colhogar s&#8217;uneixen per ajudar les fam\u00edlies en situaci\u00f3 de vulnerabilitat que necessiten una llar","datePublished":"2022-04-19T15:41:15+00:00","dateModified":"2022-04-27T07:13:07+00:00","mainEntityOfPage":{"@id":"https:\/\/abd.ong\/ca\/infancia-i-familia\/abd-i-colhogar-suneixen-per-ajudar-les-families-en-situacio-de-vulnerabilitat-que-necessiten-una-llar\/"},"wordCount":303,"publisher":{"@id":"https:\/\/abd.ong\/ca\/#organization"},"image":{"@id":"https:\/\/abd.ong\/ca\/infancia-i-familia\/abd-i-colhogar-suneixen-per-ajudar-les-families-en-situacio-de-vulnerabilitat-que-necessiten-una-llar\/#primaryimage"},"thumbnailUrl":"https:\/\/abd.ong\/wp-content\/uploads\/2022\/04\/Captura-tu-familia-cuida-un-hogar.jpg","keywords":["ABD i Colhogar","exclusi\u00f3 social","fam\u00edlies","fam\u00edlies que necessiten una llar","habitatges socials","persones en situaci\u00f3 de vulnerabilitat"],"articleSection":["Depend\u00e8ncia i gent gran","Desigualtat","Donacions","Inf\u00e0ncia i fam\u00edlia","Pobreza energ\u00e9tica"],"inLanguage":"ca"},{"@type":"WebPage","@id":"https:\/\/abd.ong\/ca\/infancia-i-familia\/abd-i-colhogar-suneixen-per-ajudar-les-families-en-situacio-de-vulnerabilitat-que-necessiten-una-llar\/","url":"https:\/\/abd.ong\/ca\/infancia-i-familia\/abd-i-colhogar-suneixen-per-ajudar-les-families-en-situacio-de-vulnerabilitat-que-necessiten-una-llar\/","name":"ABD i Colhogar s'uneixen per ajudar les fam\u00edlies en situaci\u00f3 de vulnerabilitat que necessiten una llar - ABD","isPartOf":{"@id":"https:\/\/abd.ong\/ca\/#website"},"primaryImageOfPage":{"@id":"https:\/\/abd.ong\/ca\/infancia-i-familia\/abd-i-colhogar-suneixen-per-ajudar-les-families-en-situacio-de-vulnerabilitat-que-necessiten-una-llar\/#primaryimage"},"image":{"@id":"https:\/\/abd.ong\/ca\/infancia-i-familia\/abd-i-colhogar-suneixen-per-ajudar-les-families-en-situacio-de-vulnerabilitat-que-necessiten-una-llar\/#primaryimage"},"thumbnailUrl":"https:\/\/abd.ong\/wp-content\/uploads\/2022\/04\/Captura-tu-familia-cuida-un-hogar.jpg","datePublished":"2022-04-19T15:41:15+00:00","dateModified":"2022-04-27T07:13:07+00:00","description":"L'impacte de la COVID 19 a les nostres vides \u00e9s immens, per\u00f2 ho \u00e9s encara m\u00e9s gran en les vides de les persones que es troben en situaci\u00f3 de","breadcrumb":{"@id":"https:\/\/abd.ong\/ca\/infancia-i-familia\/abd-i-colhogar-suneixen-per-ajudar-les-families-en-situacio-de-vulnerabilitat-que-necessiten-una-llar\/#breadcrumb"},"inLanguage":"ca","potentialAction":[{"@type":"ReadAction","target":["https:\/\/abd.ong\/ca\/infancia-i-familia\/abd-i-colhogar-suneixen-per-ajudar-les-families-en-situacio-de-vulnerabilitat-que-necessiten-una-llar\/"]}]},{"@type":"ImageObject","inLanguage":"ca","@id":"https:\/\/abd.ong\/ca\/infancia-i-familia\/abd-i-colhogar-suneixen-per-ajudar-les-families-en-situacio-de-vulnerabilitat-que-necessiten-una-llar\/#primaryimage","url":"https:\/\/abd.ong\/wp-content\/uploads\/2022\/04\/Captura-tu-familia-cuida-un-hogar.jpg","contentUrl":"https:\/\/abd.ong\/wp-content\/uploads\/2022\/04\/Captura-tu-familia-cuida-un-hogar.jpg","width":1290,"height":568},{"@type":"BreadcrumbList","@id":"https:\/\/abd.ong\/ca\/infancia-i-familia\/abd-i-colhogar-suneixen-per-ajudar-les-families-en-situacio-de-vulnerabilitat-que-necessiten-una-llar\/#breadcrumb","itemListElement":[{"@type":"ListItem","position":1,"name":"Inici","item":"https:\/\/abd.ong\/ca\/"},{"@type":"ListItem","position":2,"name":"ABD i Colhogar s&#8217;uneixen per ajudar les fam\u00edlies en situaci\u00f3 de vulnerabilitat que necessiten una llar"}]},{"@type":"WebSite","@id":"https:\/\/abd.ong\/ca\/#website","url":"https:\/\/abd.ong\/ca\/","name":"ABD","description":"Asociaci\u00f3n Bienestar y Desarrollo","publisher":{"@id":"https:\/\/abd.ong\/ca\/#organization"},"potentialAction":[{"@type":"SearchAction","target":{"@type":"EntryPoint","urlTemplate":"https:\/\/abd.ong\/ca\/?s={search_term_string}"},"query-input":{"@type":"PropertyValueSpecification","valueRequired":true,"valueName":"search_term_string"}}],"inLanguage":"ca"},{"@type":"Organization","@id":"https:\/\/abd.ong\/ca\/#organization","name":"Associaci\u00f3 Benestar i Desenvolupament","alternateName":"ABD","url":"https:\/\/abd.ong\/ca\/","logo":{"@type":"ImageObject","inLanguage":"ca","@id":"https:\/\/abd.ong\/ca\/#\/schema\/logo\/image\/","url":"https:\/\/abd.ong\/wp-content\/uploads\/2023\/01\/Icona.png","contentUrl":"https:\/\/abd.ong\/wp-content\/uploads\/2023\/01\/Icona.png","width":190,"height":187,"caption":"Associaci\u00f3 Benestar i Desenvolupament"},"image":{"@id":"https:\/\/abd.ong\/ca\/#\/schema\/logo\/image\/"},"sameAs":["https:\/\/www.facebook.com\/abd.ong","https:\/\/x.com\/abd_ong","https:\/\/www.instagram.com\/abd_ong\/","https:\/\/www.linkedin.com\/company\/abdong","https:\/\/www.youtube.com\/user\/CANALABD"]},{"@type":"Person","@id":"https:\/\/abd.ong\/ca\/#\/schema\/person\/d0f5fe279a7ad908de6a6d1332bfd7d8","name":"Enric Guinart"}]}},"_links":{"self":[{"href":"https:\/\/abd.ong\/ca\/wp-json\/wp\/v2\/posts\/32202","targetHints":{"allow":["GET"]}}],"collection":[{"href":"https:\/\/abd.ong\/ca\/wp-json\/wp\/v2\/posts"}],"about":[{"href":"https:\/\/abd.ong\/ca\/wp-json\/wp\/v2\/types\/post"}],"author":[{"embeddable":true,"href":"https:\/\/abd.ong\/ca\/wp-json\/wp\/v2\/users\/2"}],"replies":[{"embeddable":true,"href":"https:\/\/abd.ong\/ca\/wp-json\/wp\/v2\/comments?post=32202"}],"version-history":[{"count":3,"href":"https:\/\/abd.ong\/ca\/wp-json\/wp\/v2\/posts\/32202\/revisions"}],"predecessor-version":[{"id":32211,"href":"https:\/\/abd.ong\/ca\/wp-json\/wp\/v2\/posts\/32202\/revisions\/32211"}],"wp:featuredmedia":[{"embeddable":true,"href":"https:\/\/abd.ong\/ca\/wp-json\/wp\/v2\/media\/32199"}],"wp:attachment":[{"href":"https:\/\/abd.ong\/ca\/wp-json\/wp\/v2\/media?parent=32202"}],"wp:term":[{"taxonomy":"category","embeddable":true,"href":"https:\/\/abd.ong\/ca\/wp-json\/wp\/v2\/categories?post=32202"},{"taxonomy":"post_tag","embeddable":true,"href":"https:\/\/abd.ong\/ca\/wp-json\/wp\/v2\/tags?post=32202"}],"curies":[{"name":"wp","href":"https:\/\/api.w.org\/{rel}","templated":true}]}}