{"id":30228,"date":"2022-02-28T09:32:25","date_gmt":"2022-02-28T08:32:25","guid":{"rendered":"https:\/\/abd.ong\/?p=30228"},"modified":"2022-02-28T09:33:48","modified_gmt":"2022-02-28T08:33:48","slug":"abd-als-mitjans-de-comunicacio-al-febrer-2","status":"publish","type":"post","link":"https:\/\/abd.ong\/ca\/general-ca\/abd-als-mitjans-de-comunicacio-al-febrer-2\/","title":{"rendered":"ABD als mitjans de comunicaci\u00f3 al febrer"},"content":{"rendered":"\n<p>L&#8217;<a href=\"https:\/\/abd.ong\/ca\/\"><strong>Associaci\u00f3 Benestar i Desenvolupament<\/strong><\/a><strong>&nbsp;(ABD)<\/strong> ha estat present als mitjans de comunicaci\u00f3 durant aquest mes de febrer. A continuaci\u00f3, el resum de premsa de les not\u00edcies, articles i reportatges en els quals hem participat com a entitat.<\/p>\n\n\n\n<div style=\"height:30px\" aria-hidden=\"true\" class=\"wp-block-spacer\"><\/div>\n\n\n\n<p><strong>23\/02\/22 &#8211; Xarxanet<\/strong><\/p>\n\n\n\n<p><em>La nova iniciativa del programa&nbsp;\u2018SEXus\u2019, de l\u2019Associaci\u00f3 Benestar i Desenvolupament&nbsp;(ABD), insisteix en buscar maneres per&nbsp;s<strong>ensibilitzar la poblaci\u00f3 jove sobre la salut sexual&nbsp;i la&nbsp;realitat de les infeccions de transmissi\u00f3 sexual&nbsp;<\/strong>(ITS).<\/em><\/p>\n\n\n\n<p><a href=\"https:\/\/xarxanet.org\/social\/noticies\/sexus-estrena-campanya-evitar-una-visio-adultocentrica-de-la-salut-sexual\" target=\"_blank\" rel=\"noopener\"><strong>\u2018SEXus\u2019 estrena campanya per evitar una visi\u00f3 adultoc\u00e8ntrica de la salut sexual<\/strong><\/a><\/p>\n\n\n\n<p><\/p>\n\n\n\n<p><strong>23\/02\/22- Betev\u00e9. La Fam\u00edlia Barris.<\/strong><\/p>\n\n\n\n<p><em>&#8220;S\u00f3c professora, per\u00f2 en un futur m\u2019agradaria poder ajudar altres dones que han passat per la meva situaci\u00f3\u201d<\/em><\/p>\n\n\n\n<p><div class=\"pd-top-5\">&#13;\n<p class=\"post-title\"><a href=\"https:\/\/beteve.cat\/societat\/dones-supervivents-xarxa-trafic-persones-havia-de-fer-com-la-resta\/\" target=\"_blank\" rel=\"noopener\"><strong>Supervivent de tr\u00e0fic de persones: \u201cHavia de fer com la resta, com si ja sab\u00e9s fer-ho\u201d<\/strong><\/a><\/p>&#13;\n&#13;\n<\/div><\/p>\n\n\n\n<p><\/p>\n\n\n\n<p><strong>22\/02\/22 &#8211; Betev\u00e9<\/strong><\/p>\n\n\n\n<p><em>A Preinfant tenen tres l\u00ednies d\u2019actuaci\u00f3: crear vincles amb altres entitats de la ciutat perqu\u00e8, per exemple, elles puguin trobar feina, enfortir la relaci\u00f3 mare-fill i facilitar habilitats i pautes de crian\u00e7a.<\/em><\/p>\n\n\n\n<p><div class=\"pd-top-5\">&#13;\n<p class=\"post-title\"><a href=\"https:\/\/beteve.cat\/basics\/mare-jove-sense-recursos-educadora-preinfant-fada-protector\/\" target=\"_blank\" rel=\"noopener\"><strong>Mare jove i sense recursos: \u201cL\u2019educadora de Preinfant \u00e9s la meva fada protectora\u201d<\/strong><\/a><\/p>&#13;\n&#13;\n<\/div><\/p>\n\n\n\n<p><\/p>\n\n\n\n<p><strong>20\/02\/22 &#8211; El Periodico<\/strong><\/p>\n\n\n\n<p><em>L&#8217;Associaci\u00f3 Benestar i Desenvolupament (ABD) busca empreses per a brindar oportunitats laborals i formatives a 41 supervivents de tr\u00e0fic d&#8217;\u00e9ssers humans amb finalitats d&#8217;explotaci\u00f3 sexual.<\/em><\/p>\n\n\n\n<figure class=\"wp-block-table\"><table><tbody><tr><td><strong><a href=\"http:\/\/elperiodico.com\/es\/sociedad\/20220218\/esclavas-sexuales-barcelona-arrancarme-piel-13257506\" target=\"_blank\" rel=\"noreferrer noopener\">Esclavas sexuales en Barcelona: &#8220;Cuando se iban los clientes quer\u00eda arrancarme la piel&#8221;<\/a><\/strong><\/td><\/tr><\/tbody><\/table><\/figure>\n\n\n\n<p><\/p>\n\n\n\n<p><strong>20\/01\/22 &#8211; El Diario.es<\/strong><\/p>\n\n\n\n<p><em>El viatge m\u00e9s car del m\u00f3n, cerca crear una xarxa d&#8217;aliances per a respondre a les necessitats laborals d&#8217;aquestes dones que, pel fet de no haver estat detectades a temps, no tenen perm\u00eds de treball.<\/em><\/p>\n\n\n\n<p><strong><a href=\"https:\/\/www.eldiario.es\/catalunya\/sociedad\/victimas-trata-asilo-considera-inmigrante-irregular-si-hubiera-prostituido-libremente_1_8760676.html\" target=\"_blank\" rel=\"noreferrer noopener\">V\u00edctimas de trata sin asilo: \u201cSe me considera inmigrante irregular, como si me hubiera prostituido libremente\u201d<\/a><\/strong><\/p>\n\n\n\n<p><\/p>\n\n\n\n<p><strong>18\/02\/22 &#8211; Tendencias.tv<\/strong><\/p>\n\n\n\n<p>Conversem sobre all\u00f2 estructural i els processos, manifestacions i cansament extrem, les sinergies i la necessitat d&#8217;aplicar l&#8217;estrat\u00e8gia creativa en all\u00f2 que no busca l&#8217;econ\u00f2mic sin\u00f3 la consci\u00e8ncia i sensibilitzaci\u00f3. El buscar espais que surtin dels circuits establerts i la necessitat de no deixar de mirar all\u00f2 que costa veure.<\/p>\n\n\n\n<p><strong><a href=\"https:\/\/tendencias.tv\/people\/ilustracion\/lara-costafreda\/\" target=\"_blank\" rel=\"noreferrer noopener\">\u2018El viaje m\u00e1s caro del mundo\u2019 de la Asociaci\u00f3n Bienestar y Desarrollo- ABD<\/a><\/strong> (Lara Costafreda)<\/p>\n\n\n\n<p><\/p>\n\n\n\n<p><strong>17\/02\/2022 &#8211; Avui Sortim. Radio 4.<\/strong><\/p>\n\n\n\n<p><em>Avui sortim a l&#8217;espai jove La Fontana on l&#8217;Associaci\u00f3 Benestar i Desenvolupament&nbsp;engega avui la campanya &#8216;\u00c9s sexe, \u00e9s vida. Canviem la mirada&#8217; amb&nbsp;Xavi Tall\u00f3n, t\u00e8cnic en Atenci\u00f3 Sociosanit\u00e0ria i en Promoci\u00f3 de la Igualtat de G\u00e8nere i part de l&#8217;equip de&nbsp;SEXus, realitzant tallers educatius i formacions a la poblaci\u00f3 adolescent, jove, professionals i fam\u00edlies,&nbsp;Laura F. Daunas, psic\u00f2loga i part de l&#8217;equip de&nbsp;SEXus&nbsp;i&nbsp;Nat\u00e0lia S\u00e1nchez<\/em><\/p>\n\n\n\n<p><strong><a href=\"https:\/\/www.rtve.es\/play\/audios\/avui-sortim\/avui-sortim-problemes-solucions-contra-sequera-als-rius\/6378357\/\" target=\"_blank\" rel=\"noreferrer noopener\">Avui sortim a l&#8217;espai jove La Fontana on l&#8217;Associaci\u00f3 Benestar i Desenvolupament engega avui la campanya &#8216;\u00c9s sexe, \u00e9s vida. Canviem la mirada&#8217;<\/a><\/strong><\/p>\n\n\n\n<p><\/p>\n\n\n\n<p><strong>16\/02\/22 &#8211; Eh! Universo<\/strong><\/p>\n\n\n\n<p><em>Ho deixaries tot per amor? Canviaries de pa\u00eds per treball? Imagina que est\u00e0 ja tot fet, i quan arribes al dest\u00ed&#8230; tot \u00e9s mentida. Aix\u00ed comencen la majoria d&#8217;hist\u00f2ries per a les supervivents de tr\u00e0fic, com Lara i Mia, les principals protagonistes de \u2018El viatge m\u00e9s car del m\u00f3n\u2019, un documental original d&#8217;Eh!<\/em><\/p>\n\n\n\n<p><strong>El viaje m\u00e1s caro del mundo &#8211; Un documental de eh! sobre la trata de mujeres y su recuperaci\u00f3n<\/strong><\/p>\n\n\n\n<p><\/p>\n\n\n\n<p><strong>16\/02\/22 &#8211; Radio 4<\/strong><\/p>\n\n\n\n<p><em>&#8220;Jo consumia per oblidar el moment d&#8217;aquesta situaci\u00f3. Si no fas res per a canviar-la, segueix all\u00ed&#8221;.<\/em><\/p>\n\n\n\n<p><a href=\"https:\/\/www.rtve.es\/play\/audios\/serveis-informatius-radio-4\/nou-centre-persones-sense-llar-addiccions\/6377071\/\" target=\"_blank\" rel=\"noopener\"><strong>Nou centre per a persones sense llar amb addiccions<\/strong><\/a><\/p>\n\n\n\n<p><\/p>\n\n\n\n<p><strong>16\/02\/22 &#8211; P\u00fablico.es<\/strong><\/p>\n\n\n\n<p><em>&#8220;Com que no descansava b\u00e9, fumava per tenir energia durant el dia. \u00c9s esgotador, viure al carrer. Et drogues per oblidar&#8221;.<\/em><\/p>\n\n\n\n<p><a href=\"https:\/\/www.publico.es\/public\/sensellarisme-alberg-pioner-treu-carrer-persones-amb-addiccions-barcelona.html\" target=\"_blank\" rel=\"noopener\"><strong>Un alberg &#8220;pioner&#8221; que treu del carrer a persones amb addiccions a Barcelona<\/strong><\/a><\/p>\n\n\n\n<p><\/p>\n\n\n\n<p><strong>16\/02\/22 &#8211; La Klosca<\/strong><\/p>\n\n\n\n<p>\u00c9s&nbsp;<strong>un plaer<\/strong>&nbsp;incorporar com a clients de La Klosca projectes com \u201cLa Botiga\u201d, que cerquen la inclusi\u00f3 comunit\u00e0ria de persones que viuen en situaci\u00f3 de vulnerabilitat i que promouen el consum responsable aix\u00ed com el producte de proximitat.&nbsp;Funci\u00f3 social en maj\u00fascules.<\/p>\n\n\n\n<p><a href=\"https:\/\/laklosca.cat\/donem-la-benvinguda-a-la-botiga-del-prat-de-llobregat-com-a-nou-client-de-la-klosca\/\" target=\"_blank\" rel=\"noopener\"><strong>Donem la benvinguda a La Botiga, del Prat de Llobregat, com a nou client de La Klosca<\/strong><\/a><\/p>\n\n\n\n<p><\/p>\n\n\n\n<p><strong>16\/02\/22 &#8211; Intermedia<\/strong><\/p>\n\n\n\n<p><em>Durant la visita, els i les participants del&nbsp;programa Jo Puc en Xarxa&nbsp;van poder con\u00e8ixer&nbsp;de primera m\u00e0 les instal\u00b7lacions i el funcionament de&nbsp;La Botiga, aix\u00ed com l\u2019espai de triatge i del magatzem. Tamb\u00e9, van poder descobrir&nbsp;les diferents opcions de reciclatge&nbsp;d\u2019envasos que tenen disponibles i les diferents propostes de trobades i tallers que ofereixen amb l\u2019objectiu de fomentar l\u2019alimentaci\u00f3 saludable.<\/em><\/p>\n\n\n\n<p><strong><a href=\"https:\/\/fundaciointermedia.org\/persones-participants-programa-jo-puc-en-xarxa-visiten-la-botiga\/\" target=\"_blank\" rel=\"noopener\">Les persones participants del Programa Jo Puc en Xarxa visiten les instal\u00b7lacions de La Botiga<\/a><\/strong><\/p>\n\n\n\n<p><\/p>\n\n\n\n<p><strong>14\/02\/22 &#8211; Infobae<\/strong><\/p>\n\n\n\n<p><em>L&#8217;organitzaci\u00f3 de reducci\u00f3 de danys espanyola Energy Control havia alertat sobre la perillositat d&#8217;aquesta pastilla, capa\u00e7 de contenir entre 200 i 300 mil\u00b7ligrams de MDMA, el principi actiu de l&#8217;\u00e8xtasi.<\/em><\/p>\n\n\n\n<p><strong><a href=\"http:\/\/infobae.com\/sociedad\/policiales\/2022\/02\/14\/la-pastilla-bitcoin-es-la-mas-barata-de-buenos-aires-por-que-nadie-puede-detener-al-mercado-negro-del-extasis\/\" target=\"_blank\" rel=\"noreferrer noopener\">La pastilla Bitcoin es la m\u00e1s barata de Buenos Aires: por qu\u00e9 nadie puede detener al mercado negro del \u00e9xtasis<\/a><\/strong><\/p>\n\n\n\n<p><\/p>\n\n\n\n<p><strong>14\/02\/22 &#8211; Diario Sur<\/strong><\/p>\n\n\n\n<p><em>El responsable a Andalusia d&#8217;Energy Control adverteix del perill en l&#8217;administraci\u00f3 de dosis inadequades d&#8217;aquests f\u00e0rmacs, que poden produir una \u00abdepressi\u00f3 respirat\u00f2ria\u00bb greu, unit al fet que la poblaci\u00f3 en general no metaboliza igual la code\u00efna.<\/em><\/p>\n\n\n\n<p><strong><a href=\"https:\/\/www.diariosur.es\/sucesos\/menores-botellones-alcohol-mezclan-jarabe-20220211130445-nt.html\" target=\"_blank\" rel=\"noreferrer noopener\">Sorprenden a un grupo de ni\u00f1as que organizaban botellones y mezclaban alcohol con jarabe para la tos<\/a><\/strong><\/p>\n\n\n\n<p><\/p>\n\n\n\n<p><strong>13\/02\/22 -TN Vespre. TV3<\/strong><\/p>\n\n\n\n<p><em>Lamenta que no van donar-li cap indicaci\u00f3 d&#8217;on anar, quines portes trucar, quines entitats la podrien acompanyar, a qui demanar ajuda.&nbsp;Per\u00f2 el reconeixement policial de ser v\u00edctima de tr\u00e0fic de persones&nbsp;li va permetre, almenys, poder regularitzar-se&nbsp;i obtenir una autoritzaci\u00f3 de resid\u00e8ncia a Espanya.<\/em><\/p>\n\n\n<p class=\"titol\"><a href=\"https:\/\/www.ccma.cat\/324\/em-va-fer-fastic-que-em-donessin-els-papers-per-ser-victima-de-trafic-de-persones\/noticia\/3145577\/\" target=\"_blank\" rel=\"noopener\"><strong>&#8220;Em va fer f\u00e0stic que em donessin els papers per ser v\u00edctima de tr\u00e0fic de persones&#8221;<\/strong><\/a><\/p>\n\n\n<p><\/p>\n\n\n\n<p><strong>11\/02\/22 &#8211; Artesfera. RNE<\/strong><\/p>\n\n\n\n<p>\u00c9s un projecte europeu que vol ajudar a visibilitzar tot aquest entramat, molt relacionat amb els moviments migratoris. Aquesta campanya compta tamb\u00e9 amb una xarxa d&#8217;ambaixadors i ambaixadores del m\u00f3n de la cultura, els mitjans de comunicaci\u00f3 i l&#8217;activisme, i es pot seguir en el perfil d&#8217;instagram @abd_ong<\/p>\n\n\n\n<p><strong><a href=\"https:\/\/www.rtve.es\/play\/audios\/artesfera\/artesfera-campana-asociacion-bienestar-desarrollo-11-02-22\/6368609\/\" target=\"_blank\" rel=\"noreferrer noopener\">El viaje m\u00e1s caro del mundo<\/a><\/strong><\/p>\n\n\n\n<p><\/p>\n\n\n\n<p><strong>11\/02\/22 &#8211; Dixit. Gencat.<\/strong><\/p>\n\n\n\n<p><em>De fet, el procediment \u00e9s tot el contrari a la pol\u00edtica habitual dels altres centres: se\u2019ls ofereix habitatge, menjar i atenci\u00f3 social i sanit\u00e0ria des del comen\u00e7ament i de forma indefinida.<\/em><\/p>\n\n\n<p class=\"entry-title\"><a href=\"https:\/\/dixit.blog.gencat.cat\/2022\/02\/11\/quan-la-pandemia-esdeve-una-oportunitat-per-deixar-el-carrer\/\" target=\"_blank\" rel=\"noopener\">Quan la pand\u00e8mia esdev\u00e9 una oportunitat per deixar el carrer\u00a0<\/a><\/p>\n\n\n<p><\/p>\n\n\n\n<p><strong>05\/02\/22 &#8211; Diari el Jard\u00ed<\/strong><\/p>\n\n\n\n<p><em>\u201cHabitualment, aquests centres han estat en plantes baixes i molt amagats\u201d, recorda l\u2019Edgar, que no nom\u00e9s treballa l\u2019agricultura terap\u00e8utica amb el grup en aquest tros de terreny, sin\u00f3 que&nbsp;<strong>promou sortides pel barri i m\u00e9s enlla.<\/strong><\/em><\/p>\n\n\n<div class=\"td_block_wrap tdb_title tdi_12 tdb-single-title td-pb-border-top td_block_template_5\" data-td-block-uid=\"tdi_12\">\n<div class=\"tdb-block-inner td-fix-index\">\n<p class=\"tdb-title-text\"><a href=\"https:\/\/diarieljardi.cat\/un-hort-urba-a-les-tres-torres-per-reneixer-despres-de-les-drogues\/\" target=\"_blank\" rel=\"noopener\"><strong>Un hort urb\u00e0 a les Tres Torres per ren\u00e9ixer despr\u00e9s de les drogues<\/strong><\/a><\/p>\n<\/div>\n<\/div>\n\n\n<p><\/p>\n","protected":false},"excerpt":{"rendered":"<p>L&#8217;Associaci\u00f3 Benestar i Desenvolupament&nbsp;(ABD) ha estat present als mitjans de comunicaci\u00f3 durant aquest mes de febrer. A continuaci\u00f3, el resum de premsa de les not\u00edcies, articles i reportatges en els&hellip;<\/p>\n","protected":false},"author":9,"featured_media":14666,"comment_status":"closed","ping_status":"closed","sticky":false,"template":"","format":"standard","meta":{"_acf_changed":false,"footnotes":""},"categories":[66],"tags":[1897,675,2678,175,2299,2300,2301],"class_list":["post-30228","post","type-post","status-publish","format-standard","has-post-thumbnail","hentry","category-general-ca","tag-abd-2-ca","tag-asociacion-bienestar-y-desarrollo-ca","tag-discapacitat-ca-4","tag-drogas-ca","tag-mitjans-de-comunicacio-ca","tag-noticies-ca","tag-resum-de-premsa"],"acf":[],"yoast_head":"<!-- This site is optimized with the Yoast SEO plugin v27.4 - https:\/\/yoast.com\/product\/yoast-seo-wordpress\/ -->\n<title>ABD als mitjans de comunicaci\u00f3 al febrer - ABD<\/title>\n<meta name=\"description\" content=\"L&#039;Associaci\u00f3 Benestar i Desenvolupament&nbsp;(ABD) ha estat present als mitjans de comunicaci\u00f3 durant aquest mes de febrer. A continuaci\u00f3, el resum de\" \/>\n<meta name=\"robots\" content=\"index, follow, max-snippet:-1, max-image-preview:large, max-video-preview:-1\" \/>\n<link rel=\"canonical\" href=\"https:\/\/abd.ong\/ca\/general-ca\/abd-als-mitjans-de-comunicacio-al-febrer-2\/\" \/>\n<meta property=\"og:locale\" content=\"ca_ES\" \/>\n<meta property=\"og:type\" content=\"article\" \/>\n<meta property=\"og:title\" content=\"ABD als mitjans de comunicaci\u00f3 al febrer - ABD\" \/>\n<meta property=\"og:description\" content=\"L&#039;Associaci\u00f3 Benestar i Desenvolupament&nbsp;(ABD) ha estat present als mitjans de comunicaci\u00f3 durant aquest mes de febrer. A continuaci\u00f3, el resum de\" \/>\n<meta property=\"og:url\" content=\"https:\/\/abd.ong\/ca\/general-ca\/abd-als-mitjans-de-comunicacio-al-febrer-2\/\" \/>\n<meta property=\"og:site_name\" content=\"ABD\" \/>\n<meta property=\"article:publisher\" content=\"https:\/\/www.facebook.com\/abd.ong\" \/>\n<meta property=\"article:published_time\" content=\"2022-02-28T08:32:25+00:00\" \/>\n<meta property=\"article:modified_time\" content=\"2022-02-28T08:33:48+00:00\" \/>\n<meta property=\"og:image\" content=\"https:\/\/abd.ong\/wp-content\/uploads\/2020\/05\/old-tv-1149416_1920.jpg\" \/>\n\t<meta property=\"og:image:width\" content=\"1919\" \/>\n\t<meta property=\"og:image:height\" content=\"977\" \/>\n\t<meta property=\"og:image:type\" content=\"image\/jpeg\" \/>\n<meta name=\"author\" content=\"Maria Creixell\" \/>\n<meta name=\"twitter:card\" content=\"summary_large_image\" \/>\n<meta name=\"twitter:creator\" content=\"@abd_ong\" \/>\n<meta name=\"twitter:site\" content=\"@abd_ong\" \/>\n<meta name=\"twitter:label1\" content=\"Escrit per\" \/>\n\t<meta name=\"twitter:data1\" content=\"Maria Creixell\" \/>\n\t<meta name=\"twitter:label2\" content=\"Temps estimat de lectura\" \/>\n\t<meta name=\"twitter:data2\" content=\"5 minuts\" \/>\n<script type=\"application\/ld+json\" class=\"yoast-schema-graph\">{\"@context\":\"https:\\\/\\\/schema.org\",\"@graph\":[{\"@type\":\"Article\",\"@id\":\"https:\\\/\\\/abd.ong\\\/ca\\\/general-ca\\\/abd-als-mitjans-de-comunicacio-al-febrer-2\\\/#article\",\"isPartOf\":{\"@id\":\"https:\\\/\\\/abd.ong\\\/ca\\\/general-ca\\\/abd-als-mitjans-de-comunicacio-al-febrer-2\\\/\"},\"author\":{\"name\":\"Maria Creixell\",\"@id\":\"https:\\\/\\\/abd.ong\\\/ca\\\/#\\\/schema\\\/person\\\/d2e158b4173f683b3898e286f5b35a10\"},\"headline\":\"ABD als mitjans de comunicaci\u00f3 al febrer\",\"datePublished\":\"2022-02-28T08:32:25+00:00\",\"dateModified\":\"2022-02-28T08:33:48+00:00\",\"mainEntityOfPage\":{\"@id\":\"https:\\\/\\\/abd.ong\\\/ca\\\/general-ca\\\/abd-als-mitjans-de-comunicacio-al-febrer-2\\\/\"},\"wordCount\":1178,\"publisher\":{\"@id\":\"https:\\\/\\\/abd.ong\\\/ca\\\/#organization\"},\"image\":{\"@id\":\"https:\\\/\\\/abd.ong\\\/ca\\\/general-ca\\\/abd-als-mitjans-de-comunicacio-al-febrer-2\\\/#primaryimage\"},\"thumbnailUrl\":\"https:\\\/\\\/abd.ong\\\/wp-content\\\/uploads\\\/2020\\\/05\\\/old-tv-1149416_1920.jpg\",\"keywords\":[\"ABD\",\"Asociaci\u00f3n Bienestar y Desarrollo\",\"discapacitat\",\"drogas\",\"Mitjans de comunicaci\u00f3\",\"not\u00edcies\",\"resum de premsa\"],\"articleSection\":[\"General\"],\"inLanguage\":\"ca\"},{\"@type\":\"WebPage\",\"@id\":\"https:\\\/\\\/abd.ong\\\/ca\\\/general-ca\\\/abd-als-mitjans-de-comunicacio-al-febrer-2\\\/\",\"url\":\"https:\\\/\\\/abd.ong\\\/ca\\\/general-ca\\\/abd-als-mitjans-de-comunicacio-al-febrer-2\\\/\",\"name\":\"ABD als mitjans de comunicaci\u00f3 al febrer - ABD\",\"isPartOf\":{\"@id\":\"https:\\\/\\\/abd.ong\\\/ca\\\/#website\"},\"primaryImageOfPage\":{\"@id\":\"https:\\\/\\\/abd.ong\\\/ca\\\/general-ca\\\/abd-als-mitjans-de-comunicacio-al-febrer-2\\\/#primaryimage\"},\"image\":{\"@id\":\"https:\\\/\\\/abd.ong\\\/ca\\\/general-ca\\\/abd-als-mitjans-de-comunicacio-al-febrer-2\\\/#primaryimage\"},\"thumbnailUrl\":\"https:\\\/\\\/abd.ong\\\/wp-content\\\/uploads\\\/2020\\\/05\\\/old-tv-1149416_1920.jpg\",\"datePublished\":\"2022-02-28T08:32:25+00:00\",\"dateModified\":\"2022-02-28T08:33:48+00:00\",\"description\":\"L'Associaci\u00f3 Benestar i Desenvolupament&nbsp;(ABD) ha estat present als mitjans de comunicaci\u00f3 durant aquest mes de febrer. A continuaci\u00f3, el resum de\",\"breadcrumb\":{\"@id\":\"https:\\\/\\\/abd.ong\\\/ca\\\/general-ca\\\/abd-als-mitjans-de-comunicacio-al-febrer-2\\\/#breadcrumb\"},\"inLanguage\":\"ca\",\"potentialAction\":[{\"@type\":\"ReadAction\",\"target\":[\"https:\\\/\\\/abd.ong\\\/ca\\\/general-ca\\\/abd-als-mitjans-de-comunicacio-al-febrer-2\\\/\"]}]},{\"@type\":\"ImageObject\",\"inLanguage\":\"ca\",\"@id\":\"https:\\\/\\\/abd.ong\\\/ca\\\/general-ca\\\/abd-als-mitjans-de-comunicacio-al-febrer-2\\\/#primaryimage\",\"url\":\"https:\\\/\\\/abd.ong\\\/wp-content\\\/uploads\\\/2020\\\/05\\\/old-tv-1149416_1920.jpg\",\"contentUrl\":\"https:\\\/\\\/abd.ong\\\/wp-content\\\/uploads\\\/2020\\\/05\\\/old-tv-1149416_1920.jpg\",\"width\":1919,\"height\":977,\"caption\":\"medios de comunicaci\u00f3n\"},{\"@type\":\"BreadcrumbList\",\"@id\":\"https:\\\/\\\/abd.ong\\\/ca\\\/general-ca\\\/abd-als-mitjans-de-comunicacio-al-febrer-2\\\/#breadcrumb\",\"itemListElement\":[{\"@type\":\"ListItem\",\"position\":1,\"name\":\"Inici\",\"item\":\"https:\\\/\\\/abd.ong\\\/ca\\\/\"},{\"@type\":\"ListItem\",\"position\":2,\"name\":\"ABD als mitjans de comunicaci\u00f3 al febrer\"}]},{\"@type\":\"WebSite\",\"@id\":\"https:\\\/\\\/abd.ong\\\/ca\\\/#website\",\"url\":\"https:\\\/\\\/abd.ong\\\/ca\\\/\",\"name\":\"ABD\",\"description\":\"Asociaci\u00f3n Bienestar y Desarrollo\",\"publisher\":{\"@id\":\"https:\\\/\\\/abd.ong\\\/ca\\\/#organization\"},\"potentialAction\":[{\"@type\":\"SearchAction\",\"target\":{\"@type\":\"EntryPoint\",\"urlTemplate\":\"https:\\\/\\\/abd.ong\\\/ca\\\/?s={search_term_string}\"},\"query-input\":{\"@type\":\"PropertyValueSpecification\",\"valueRequired\":true,\"valueName\":\"search_term_string\"}}],\"inLanguage\":\"ca\"},{\"@type\":\"Organization\",\"@id\":\"https:\\\/\\\/abd.ong\\\/ca\\\/#organization\",\"name\":\"Associaci\u00f3 Benestar i Desenvolupament\",\"alternateName\":\"ABD\",\"url\":\"https:\\\/\\\/abd.ong\\\/ca\\\/\",\"logo\":{\"@type\":\"ImageObject\",\"inLanguage\":\"ca\",\"@id\":\"https:\\\/\\\/abd.ong\\\/ca\\\/#\\\/schema\\\/logo\\\/image\\\/\",\"url\":\"https:\\\/\\\/abd.ong\\\/wp-content\\\/uploads\\\/2023\\\/01\\\/Icona.png\",\"contentUrl\":\"https:\\\/\\\/abd.ong\\\/wp-content\\\/uploads\\\/2023\\\/01\\\/Icona.png\",\"width\":190,\"height\":187,\"caption\":\"Associaci\u00f3 Benestar i Desenvolupament\"},\"image\":{\"@id\":\"https:\\\/\\\/abd.ong\\\/ca\\\/#\\\/schema\\\/logo\\\/image\\\/\"},\"sameAs\":[\"https:\\\/\\\/www.facebook.com\\\/abd.ong\",\"https:\\\/\\\/x.com\\\/abd_ong\",\"https:\\\/\\\/www.instagram.com\\\/abd_ong\\\/\",\"https:\\\/\\\/www.linkedin.com\\\/company\\\/abdong\",\"https:\\\/\\\/www.youtube.com\\\/user\\\/CANALABD\"]},{\"@type\":\"Person\",\"@id\":\"https:\\\/\\\/abd.ong\\\/ca\\\/#\\\/schema\\\/person\\\/d2e158b4173f683b3898e286f5b35a10\",\"name\":\"Maria Creixell\"}]}<\/script>\n<!-- \/ Yoast SEO plugin. -->","yoast_head_json":{"title":"ABD als mitjans de comunicaci\u00f3 al febrer - ABD","description":"L'Associaci\u00f3 Benestar i Desenvolupament&nbsp;(ABD) ha estat present als mitjans de comunicaci\u00f3 durant aquest mes de febrer. A continuaci\u00f3, el resum de","robots":{"index":"index","follow":"follow","max-snippet":"max-snippet:-1","max-image-preview":"max-image-preview:large","max-video-preview":"max-video-preview:-1"},"canonical":"https:\/\/abd.ong\/ca\/general-ca\/abd-als-mitjans-de-comunicacio-al-febrer-2\/","og_locale":"ca_ES","og_type":"article","og_title":"ABD als mitjans de comunicaci\u00f3 al febrer - ABD","og_description":"L'Associaci\u00f3 Benestar i Desenvolupament&nbsp;(ABD) ha estat present als mitjans de comunicaci\u00f3 durant aquest mes de febrer. A continuaci\u00f3, el resum de","og_url":"https:\/\/abd.ong\/ca\/general-ca\/abd-als-mitjans-de-comunicacio-al-febrer-2\/","og_site_name":"ABD","article_publisher":"https:\/\/www.facebook.com\/abd.ong","article_published_time":"2022-02-28T08:32:25+00:00","article_modified_time":"2022-02-28T08:33:48+00:00","og_image":[{"width":1919,"height":977,"url":"https:\/\/abd.ong\/wp-content\/uploads\/2020\/05\/old-tv-1149416_1920.jpg","type":"image\/jpeg"}],"author":"Maria Creixell","twitter_card":"summary_large_image","twitter_creator":"@abd_ong","twitter_site":"@abd_ong","twitter_misc":{"Escrit per":"Maria Creixell","Temps estimat de lectura":"5 minuts"},"schema":{"@context":"https:\/\/schema.org","@graph":[{"@type":"Article","@id":"https:\/\/abd.ong\/ca\/general-ca\/abd-als-mitjans-de-comunicacio-al-febrer-2\/#article","isPartOf":{"@id":"https:\/\/abd.ong\/ca\/general-ca\/abd-als-mitjans-de-comunicacio-al-febrer-2\/"},"author":{"name":"Maria Creixell","@id":"https:\/\/abd.ong\/ca\/#\/schema\/person\/d2e158b4173f683b3898e286f5b35a10"},"headline":"ABD als mitjans de comunicaci\u00f3 al febrer","datePublished":"2022-02-28T08:32:25+00:00","dateModified":"2022-02-28T08:33:48+00:00","mainEntityOfPage":{"@id":"https:\/\/abd.ong\/ca\/general-ca\/abd-als-mitjans-de-comunicacio-al-febrer-2\/"},"wordCount":1178,"publisher":{"@id":"https:\/\/abd.ong\/ca\/#organization"},"image":{"@id":"https:\/\/abd.ong\/ca\/general-ca\/abd-als-mitjans-de-comunicacio-al-febrer-2\/#primaryimage"},"thumbnailUrl":"https:\/\/abd.ong\/wp-content\/uploads\/2020\/05\/old-tv-1149416_1920.jpg","keywords":["ABD","Asociaci\u00f3n Bienestar y Desarrollo","discapacitat","drogas","Mitjans de comunicaci\u00f3","not\u00edcies","resum de premsa"],"articleSection":["General"],"inLanguage":"ca"},{"@type":"WebPage","@id":"https:\/\/abd.ong\/ca\/general-ca\/abd-als-mitjans-de-comunicacio-al-febrer-2\/","url":"https:\/\/abd.ong\/ca\/general-ca\/abd-als-mitjans-de-comunicacio-al-febrer-2\/","name":"ABD als mitjans de comunicaci\u00f3 al febrer - ABD","isPartOf":{"@id":"https:\/\/abd.ong\/ca\/#website"},"primaryImageOfPage":{"@id":"https:\/\/abd.ong\/ca\/general-ca\/abd-als-mitjans-de-comunicacio-al-febrer-2\/#primaryimage"},"image":{"@id":"https:\/\/abd.ong\/ca\/general-ca\/abd-als-mitjans-de-comunicacio-al-febrer-2\/#primaryimage"},"thumbnailUrl":"https:\/\/abd.ong\/wp-content\/uploads\/2020\/05\/old-tv-1149416_1920.jpg","datePublished":"2022-02-28T08:32:25+00:00","dateModified":"2022-02-28T08:33:48+00:00","description":"L'Associaci\u00f3 Benestar i Desenvolupament&nbsp;(ABD) ha estat present als mitjans de comunicaci\u00f3 durant aquest mes de febrer. A continuaci\u00f3, el resum de","breadcrumb":{"@id":"https:\/\/abd.ong\/ca\/general-ca\/abd-als-mitjans-de-comunicacio-al-febrer-2\/#breadcrumb"},"inLanguage":"ca","potentialAction":[{"@type":"ReadAction","target":["https:\/\/abd.ong\/ca\/general-ca\/abd-als-mitjans-de-comunicacio-al-febrer-2\/"]}]},{"@type":"ImageObject","inLanguage":"ca","@id":"https:\/\/abd.ong\/ca\/general-ca\/abd-als-mitjans-de-comunicacio-al-febrer-2\/#primaryimage","url":"https:\/\/abd.ong\/wp-content\/uploads\/2020\/05\/old-tv-1149416_1920.jpg","contentUrl":"https:\/\/abd.ong\/wp-content\/uploads\/2020\/05\/old-tv-1149416_1920.jpg","width":1919,"height":977,"caption":"medios de comunicaci\u00f3n"},{"@type":"BreadcrumbList","@id":"https:\/\/abd.ong\/ca\/general-ca\/abd-als-mitjans-de-comunicacio-al-febrer-2\/#breadcrumb","itemListElement":[{"@type":"ListItem","position":1,"name":"Inici","item":"https:\/\/abd.ong\/ca\/"},{"@type":"ListItem","position":2,"name":"ABD als mitjans de comunicaci\u00f3 al febrer"}]},{"@type":"WebSite","@id":"https:\/\/abd.ong\/ca\/#website","url":"https:\/\/abd.ong\/ca\/","name":"ABD","description":"Asociaci\u00f3n Bienestar y Desarrollo","publisher":{"@id":"https:\/\/abd.ong\/ca\/#organization"},"potentialAction":[{"@type":"SearchAction","target":{"@type":"EntryPoint","urlTemplate":"https:\/\/abd.ong\/ca\/?s={search_term_string}"},"query-input":{"@type":"PropertyValueSpecification","valueRequired":true,"valueName":"search_term_string"}}],"inLanguage":"ca"},{"@type":"Organization","@id":"https:\/\/abd.ong\/ca\/#organization","name":"Associaci\u00f3 Benestar i Desenvolupament","alternateName":"ABD","url":"https:\/\/abd.ong\/ca\/","logo":{"@type":"ImageObject","inLanguage":"ca","@id":"https:\/\/abd.ong\/ca\/#\/schema\/logo\/image\/","url":"https:\/\/abd.ong\/wp-content\/uploads\/2023\/01\/Icona.png","contentUrl":"https:\/\/abd.ong\/wp-content\/uploads\/2023\/01\/Icona.png","width":190,"height":187,"caption":"Associaci\u00f3 Benestar i Desenvolupament"},"image":{"@id":"https:\/\/abd.ong\/ca\/#\/schema\/logo\/image\/"},"sameAs":["https:\/\/www.facebook.com\/abd.ong","https:\/\/x.com\/abd_ong","https:\/\/www.instagram.com\/abd_ong\/","https:\/\/www.linkedin.com\/company\/abdong","https:\/\/www.youtube.com\/user\/CANALABD"]},{"@type":"Person","@id":"https:\/\/abd.ong\/ca\/#\/schema\/person\/d2e158b4173f683b3898e286f5b35a10","name":"Maria Creixell"}]}},"_links":{"self":[{"href":"https:\/\/abd.ong\/ca\/wp-json\/wp\/v2\/posts\/30228","targetHints":{"allow":["GET"]}}],"collection":[{"href":"https:\/\/abd.ong\/ca\/wp-json\/wp\/v2\/posts"}],"about":[{"href":"https:\/\/abd.ong\/ca\/wp-json\/wp\/v2\/types\/post"}],"author":[{"embeddable":true,"href":"https:\/\/abd.ong\/ca\/wp-json\/wp\/v2\/users\/9"}],"replies":[{"embeddable":true,"href":"https:\/\/abd.ong\/ca\/wp-json\/wp\/v2\/comments?post=30228"}],"version-history":[{"count":1,"href":"https:\/\/abd.ong\/ca\/wp-json\/wp\/v2\/posts\/30228\/revisions"}],"predecessor-version":[{"id":30236,"href":"https:\/\/abd.ong\/ca\/wp-json\/wp\/v2\/posts\/30228\/revisions\/30236"}],"wp:featuredmedia":[{"embeddable":true,"href":"https:\/\/abd.ong\/ca\/wp-json\/wp\/v2\/media\/14666"}],"wp:attachment":[{"href":"https:\/\/abd.ong\/ca\/wp-json\/wp\/v2\/media?parent=30228"}],"wp:term":[{"taxonomy":"category","embeddable":true,"href":"https:\/\/abd.ong\/ca\/wp-json\/wp\/v2\/categories?post=30228"},{"taxonomy":"post_tag","embeddable":true,"href":"https:\/\/abd.ong\/ca\/wp-json\/wp\/v2\/tags?post=30228"}],"curies":[{"name":"wp","href":"https:\/\/api.w.org\/{rel}","templated":true}]}}