{"id":29195,"date":"2022-01-17T14:17:18","date_gmt":"2022-01-17T13:17:18","guid":{"rendered":"https:\/\/abd.ong\/sense-categoria\/condis-i-worldcoo-suneixen-a-abd-per-donar-suport-a-les-families-monomarentals\/"},"modified":"2022-01-17T14:30:21","modified_gmt":"2022-01-17T13:30:21","slug":"condis-i-worldcoo-suneixen-a-abd-per-donar-suport-a-les-families-monomarentals","status":"publish","type":"post","link":"https:\/\/abd.ong\/ca\/infancia-i-familia\/condis-i-worldcoo-suneixen-a-abd-per-donar-suport-a-les-families-monomarentals\/","title":{"rendered":"Condis i Worldcoo s\u2019uneixen a ABD per donar suport a les fam\u00edlies monomarentals"},"content":{"rendered":"\n<h3 class=\"wp-block-heading\">A partir d\u2019aquest dilluns, els clients del supermercat poden col\u00b7laborar amb Preinfant mitjan\u00e7ant l\u2019arrodoniment solidari<\/h3>\n\n<div style=\"height:50px\" aria-hidden=\"true\" class=\"wp-block-spacer\"><\/div>\n\n<p><span style=\"font-weight: 400;\">La crisi sanit\u00e0ria i social provocada pel COVID-19 ha accentuat i cronificat les desigualtats i la pobresa infantil. Les fam\u00edlies monomarentals s\u2019han vist especialment afectades per l\u2019impacte de la pand\u00e8mia. Per aix\u00f2, Condis col\u00b7labora amb l\u2019<a href=\"http:\/\/abd.ong\/ca\" target=\"_blank\" rel=\"noopener\">Associaci\u00f3 Benestar i Desenvolupament ABD<\/a> a trav\u00e9s de l\u2019<strong>arrodoniment solidar<\/strong>i per donar suport a aquesta causa.\u00a0<\/span><\/p>\n\n<p>A partir d\u2019aquest dilluns, al pagar amb targeta de cr\u00e8dit, els clients de Condis podran arrodonir la seva compra i donar uns c\u00e8ntims a la <a href=\"https:\/\/condis.worldcoo.com\/cc91a594-3a7a-45b4-ba11-231323c00148\" target=\"_blank\" rel=\"noopener\">campanya d\u2019ABD<\/a> que es destinaran al projecte <a href=\"https:\/\/preinfant.org\/ca\/\" target=\"_blank\" rel=\"noopener\">Preinfant<\/a>.<\/p>\n\n<p>El projecte, que es desenvolupa a Catalunya i a la Comunitat de Madrid, es basa en l&#8217;acompanyament a dones en situaci\u00f3 de vulnerabilitat social durant l&#8217;embar\u00e0s, el part i la crian\u00e7a dels fills i filles. Busca afavorir un desenvolupament saludable i adequat de nens i nenes de 0 a 3 anys en situaci\u00f3 de vulnerabilitat social, una relaci\u00f3 sana entre mare i fill\/a, basada en una crian\u00e7a amb afecte, una cobertura de necessitats i uns h\u00e0bits saludables i positius; fomentar que la fam\u00edlia disposi d&#8217;una xarxa de suport de qualitat eliminant situacions de solitud i impulsant-ne l&#8217;autonomia i el benestar; i oferir una cobertura adequada de les necessitats de les criatures (bolquers, roba, alimentaci\u00f3 infantil).<\/p>\n\n<p><span style=\"font-weight: 400;\">La campanya vol donar suport<\/span> a <span style=\"font-weight: 400;\"><strong>100<\/strong> persones de forma directa i a 300 indirectament. \u201cPer una<\/span><b> inf\u00e0ncia<\/b><span style=\"font-weight: 400;\"> sana, segura i feli\u00e7\u201d, com diu la mateixa campanya.<\/span><\/p>\n\n<p>L\u2019arrodoniment solidari \u00e9s una eina creada per Worldcoo per aportar finan\u00e7ament a projectes solidaris a trav\u00e9s de les compres en establiments comercials. <\/p>\n\n<p><strong>Pots realitzar la teva donaci\u00f3 <\/strong><a href=\"https:\/\/condis.worldcoo.com\/cc91a594-3a7a-45b4-ba11-231323c00148\" target=\"_blank\" rel=\"noreferrer noopener\"><strong>AQU\u00cd<\/strong><\/a><\/p>\n","protected":false},"excerpt":{"rendered":"<p>A partir d\u2019aquest dilluns, els clients del supermercat poden col\u00b7laborar amb Preinfant mitjan\u00e7ant l\u2019arrodoniment solidari La crisi sanit\u00e0ria i social provocada pel COVID-19 ha accentuat i cronificat les desigualtats i&hellip;<\/p>\n","protected":false},"author":9,"featured_media":29191,"comment_status":"closed","ping_status":"closed","sticky":false,"template":"","format":"standard","meta":{"_acf_changed":false,"footnotes":""},"categories":[1303,2],"tags":[2698,675,2697,2696,2700,2694,2625,2695,2626,2693,2699],"class_list":["post-29195","post","type-post","status-publish","format-standard","has-post-thumbnail","hentry","category-infancia-i-familia","category-sense-categoria","tag-arrodoniment","tag-asociacion-bienestar-y-desarrollo-ca","tag-campanya-ca","tag-campanya-solidaria","tag-condis-ca","tag-covid-ca","tag-families-ca","tag-families-monomarentals","tag-infancia-ca","tag-preinfant-ca","tag-worldcoo-ca"],"acf":[],"yoast_head":"<!-- This site is optimized with the Yoast SEO plugin v27.4 - https:\/\/yoast.com\/product\/yoast-seo-wordpress\/ -->\n<title>Condis i Worldcoo s\u2019uneixen a ABD per donar suport a les fam\u00edlies monomarentals - ABD<\/title>\n<meta name=\"description\" content=\"A partir d\u2019aquest dilluns, els clients del supermercat poden col\u00b7laborar amb Preinfant mitjan\u00e7ant l\u2019arrodoniment solidari La crisi sanit\u00e0ria i social\" \/>\n<meta name=\"robots\" content=\"index, follow, max-snippet:-1, max-image-preview:large, max-video-preview:-1\" \/>\n<link rel=\"canonical\" href=\"https:\/\/abd.ong\/ca\/infancia-i-familia\/condis-i-worldcoo-suneixen-a-abd-per-donar-suport-a-les-families-monomarentals\/\" \/>\n<meta property=\"og:locale\" content=\"ca_ES\" \/>\n<meta property=\"og:type\" content=\"article\" \/>\n<meta property=\"og:title\" content=\"Condis i Worldcoo s\u2019uneixen a ABD per donar suport a les fam\u00edlies monomarentals - ABD\" \/>\n<meta property=\"og:description\" content=\"A partir d\u2019aquest dilluns, els clients del supermercat poden col\u00b7laborar amb Preinfant mitjan\u00e7ant l\u2019arrodoniment solidari La crisi sanit\u00e0ria i social\" \/>\n<meta property=\"og:url\" content=\"https:\/\/abd.ong\/ca\/infancia-i-familia\/condis-i-worldcoo-suneixen-a-abd-per-donar-suport-a-les-families-monomarentals\/\" \/>\n<meta property=\"og:site_name\" content=\"ABD\" \/>\n<meta property=\"article:publisher\" content=\"https:\/\/www.facebook.com\/abd.ong\" \/>\n<meta property=\"article:published_time\" content=\"2022-01-17T13:17:18+00:00\" \/>\n<meta property=\"article:modified_time\" content=\"2022-01-17T13:30:21+00:00\" \/>\n<meta property=\"og:image\" content=\"https:\/\/abd.ong\/wp-content\/uploads\/2022\/01\/campanya-condis-e1642426158693.png\" \/>\n\t<meta property=\"og:image:width\" content=\"1439\" \/>\n\t<meta property=\"og:image:height\" content=\"795\" \/>\n\t<meta property=\"og:image:type\" content=\"image\/png\" \/>\n<meta name=\"author\" content=\"Maria Creixell\" \/>\n<meta name=\"twitter:card\" content=\"summary_large_image\" \/>\n<meta name=\"twitter:creator\" content=\"@abd_ong\" \/>\n<meta name=\"twitter:site\" content=\"@abd_ong\" \/>\n<meta name=\"twitter:label1\" content=\"Escrit per\" \/>\n\t<meta name=\"twitter:data1\" content=\"Maria Creixell\" \/>\n\t<meta name=\"twitter:label2\" content=\"Temps estimat de lectura\" \/>\n\t<meta name=\"twitter:data2\" content=\"1 minut\" \/>\n<script type=\"application\/ld+json\" class=\"yoast-schema-graph\">{\"@context\":\"https:\\\/\\\/schema.org\",\"@graph\":[{\"@type\":\"Article\",\"@id\":\"https:\\\/\\\/abd.ong\\\/ca\\\/infancia-i-familia\\\/condis-i-worldcoo-suneixen-a-abd-per-donar-suport-a-les-families-monomarentals\\\/#article\",\"isPartOf\":{\"@id\":\"https:\\\/\\\/abd.ong\\\/ca\\\/infancia-i-familia\\\/condis-i-worldcoo-suneixen-a-abd-per-donar-suport-a-les-families-monomarentals\\\/\"},\"author\":{\"name\":\"Maria Creixell\",\"@id\":\"https:\\\/\\\/abd.ong\\\/ca\\\/#\\\/schema\\\/person\\\/d2e158b4173f683b3898e286f5b35a10\"},\"headline\":\"Condis i Worldcoo s\u2019uneixen a ABD per donar suport a les fam\u00edlies monomarentals\",\"datePublished\":\"2022-01-17T13:17:18+00:00\",\"dateModified\":\"2022-01-17T13:30:21+00:00\",\"mainEntityOfPage\":{\"@id\":\"https:\\\/\\\/abd.ong\\\/ca\\\/infancia-i-familia\\\/condis-i-worldcoo-suneixen-a-abd-per-donar-suport-a-les-families-monomarentals\\\/\"},\"wordCount\":311,\"publisher\":{\"@id\":\"https:\\\/\\\/abd.ong\\\/ca\\\/#organization\"},\"image\":{\"@id\":\"https:\\\/\\\/abd.ong\\\/ca\\\/infancia-i-familia\\\/condis-i-worldcoo-suneixen-a-abd-per-donar-suport-a-les-families-monomarentals\\\/#primaryimage\"},\"thumbnailUrl\":\"https:\\\/\\\/abd.ong\\\/wp-content\\\/uploads\\\/2022\\\/01\\\/campanya-condis-e1642426158693.png\",\"keywords\":[\"arrodoniment\",\"Asociaci\u00f3n Bienestar y Desarrollo\",\"campanya\",\"campanya solidaria\",\"Condis\",\"COVID\",\"fam\u00edlies\",\"fam\u00edlies monomarentals\",\"inf\u00e0ncia\",\"Preinfant\",\"Worldcoo\"],\"articleSection\":[\"Inf\u00e0ncia i fam\u00edlia\"],\"inLanguage\":\"ca\"},{\"@type\":\"WebPage\",\"@id\":\"https:\\\/\\\/abd.ong\\\/ca\\\/infancia-i-familia\\\/condis-i-worldcoo-suneixen-a-abd-per-donar-suport-a-les-families-monomarentals\\\/\",\"url\":\"https:\\\/\\\/abd.ong\\\/ca\\\/infancia-i-familia\\\/condis-i-worldcoo-suneixen-a-abd-per-donar-suport-a-les-families-monomarentals\\\/\",\"name\":\"Condis i Worldcoo s\u2019uneixen a ABD per donar suport a les fam\u00edlies monomarentals - ABD\",\"isPartOf\":{\"@id\":\"https:\\\/\\\/abd.ong\\\/ca\\\/#website\"},\"primaryImageOfPage\":{\"@id\":\"https:\\\/\\\/abd.ong\\\/ca\\\/infancia-i-familia\\\/condis-i-worldcoo-suneixen-a-abd-per-donar-suport-a-les-families-monomarentals\\\/#primaryimage\"},\"image\":{\"@id\":\"https:\\\/\\\/abd.ong\\\/ca\\\/infancia-i-familia\\\/condis-i-worldcoo-suneixen-a-abd-per-donar-suport-a-les-families-monomarentals\\\/#primaryimage\"},\"thumbnailUrl\":\"https:\\\/\\\/abd.ong\\\/wp-content\\\/uploads\\\/2022\\\/01\\\/campanya-condis-e1642426158693.png\",\"datePublished\":\"2022-01-17T13:17:18+00:00\",\"dateModified\":\"2022-01-17T13:30:21+00:00\",\"description\":\"A partir d\u2019aquest dilluns, els clients del supermercat poden col\u00b7laborar amb Preinfant mitjan\u00e7ant l\u2019arrodoniment solidari La crisi sanit\u00e0ria i social\",\"breadcrumb\":{\"@id\":\"https:\\\/\\\/abd.ong\\\/ca\\\/infancia-i-familia\\\/condis-i-worldcoo-suneixen-a-abd-per-donar-suport-a-les-families-monomarentals\\\/#breadcrumb\"},\"inLanguage\":\"ca\",\"potentialAction\":[{\"@type\":\"ReadAction\",\"target\":[\"https:\\\/\\\/abd.ong\\\/ca\\\/infancia-i-familia\\\/condis-i-worldcoo-suneixen-a-abd-per-donar-suport-a-les-families-monomarentals\\\/\"]}]},{\"@type\":\"ImageObject\",\"inLanguage\":\"ca\",\"@id\":\"https:\\\/\\\/abd.ong\\\/ca\\\/infancia-i-familia\\\/condis-i-worldcoo-suneixen-a-abd-per-donar-suport-a-les-families-monomarentals\\\/#primaryimage\",\"url\":\"https:\\\/\\\/abd.ong\\\/wp-content\\\/uploads\\\/2022\\\/01\\\/campanya-condis-e1642426158693.png\",\"contentUrl\":\"https:\\\/\\\/abd.ong\\\/wp-content\\\/uploads\\\/2022\\\/01\\\/campanya-condis-e1642426158693.png\",\"width\":1439,\"height\":795},{\"@type\":\"BreadcrumbList\",\"@id\":\"https:\\\/\\\/abd.ong\\\/ca\\\/infancia-i-familia\\\/condis-i-worldcoo-suneixen-a-abd-per-donar-suport-a-les-families-monomarentals\\\/#breadcrumb\",\"itemListElement\":[{\"@type\":\"ListItem\",\"position\":1,\"name\":\"Inici\",\"item\":\"https:\\\/\\\/abd.ong\\\/ca\\\/\"},{\"@type\":\"ListItem\",\"position\":2,\"name\":\"Condis i Worldcoo s\u2019uneixen a ABD per donar suport a les fam\u00edlies monomarentals\"}]},{\"@type\":\"WebSite\",\"@id\":\"https:\\\/\\\/abd.ong\\\/ca\\\/#website\",\"url\":\"https:\\\/\\\/abd.ong\\\/ca\\\/\",\"name\":\"ABD\",\"description\":\"Asociaci\u00f3n Bienestar y Desarrollo\",\"publisher\":{\"@id\":\"https:\\\/\\\/abd.ong\\\/ca\\\/#organization\"},\"potentialAction\":[{\"@type\":\"SearchAction\",\"target\":{\"@type\":\"EntryPoint\",\"urlTemplate\":\"https:\\\/\\\/abd.ong\\\/ca\\\/?s={search_term_string}\"},\"query-input\":{\"@type\":\"PropertyValueSpecification\",\"valueRequired\":true,\"valueName\":\"search_term_string\"}}],\"inLanguage\":\"ca\"},{\"@type\":\"Organization\",\"@id\":\"https:\\\/\\\/abd.ong\\\/ca\\\/#organization\",\"name\":\"Associaci\u00f3 Benestar i Desenvolupament\",\"alternateName\":\"ABD\",\"url\":\"https:\\\/\\\/abd.ong\\\/ca\\\/\",\"logo\":{\"@type\":\"ImageObject\",\"inLanguage\":\"ca\",\"@id\":\"https:\\\/\\\/abd.ong\\\/ca\\\/#\\\/schema\\\/logo\\\/image\\\/\",\"url\":\"https:\\\/\\\/abd.ong\\\/wp-content\\\/uploads\\\/2023\\\/01\\\/Icona.png\",\"contentUrl\":\"https:\\\/\\\/abd.ong\\\/wp-content\\\/uploads\\\/2023\\\/01\\\/Icona.png\",\"width\":190,\"height\":187,\"caption\":\"Associaci\u00f3 Benestar i Desenvolupament\"},\"image\":{\"@id\":\"https:\\\/\\\/abd.ong\\\/ca\\\/#\\\/schema\\\/logo\\\/image\\\/\"},\"sameAs\":[\"https:\\\/\\\/www.facebook.com\\\/abd.ong\",\"https:\\\/\\\/x.com\\\/abd_ong\",\"https:\\\/\\\/www.instagram.com\\\/abd_ong\\\/\",\"https:\\\/\\\/www.linkedin.com\\\/company\\\/abdong\",\"https:\\\/\\\/www.youtube.com\\\/user\\\/CANALABD\"]},{\"@type\":\"Person\",\"@id\":\"https:\\\/\\\/abd.ong\\\/ca\\\/#\\\/schema\\\/person\\\/d2e158b4173f683b3898e286f5b35a10\",\"name\":\"Maria Creixell\"}]}<\/script>\n<!-- \/ Yoast SEO plugin. -->","yoast_head_json":{"title":"Condis i Worldcoo s\u2019uneixen a ABD per donar suport a les fam\u00edlies monomarentals - ABD","description":"A partir d\u2019aquest dilluns, els clients del supermercat poden col\u00b7laborar amb Preinfant mitjan\u00e7ant l\u2019arrodoniment solidari La crisi sanit\u00e0ria i social","robots":{"index":"index","follow":"follow","max-snippet":"max-snippet:-1","max-image-preview":"max-image-preview:large","max-video-preview":"max-video-preview:-1"},"canonical":"https:\/\/abd.ong\/ca\/infancia-i-familia\/condis-i-worldcoo-suneixen-a-abd-per-donar-suport-a-les-families-monomarentals\/","og_locale":"ca_ES","og_type":"article","og_title":"Condis i Worldcoo s\u2019uneixen a ABD per donar suport a les fam\u00edlies monomarentals - ABD","og_description":"A partir d\u2019aquest dilluns, els clients del supermercat poden col\u00b7laborar amb Preinfant mitjan\u00e7ant l\u2019arrodoniment solidari La crisi sanit\u00e0ria i social","og_url":"https:\/\/abd.ong\/ca\/infancia-i-familia\/condis-i-worldcoo-suneixen-a-abd-per-donar-suport-a-les-families-monomarentals\/","og_site_name":"ABD","article_publisher":"https:\/\/www.facebook.com\/abd.ong","article_published_time":"2022-01-17T13:17:18+00:00","article_modified_time":"2022-01-17T13:30:21+00:00","og_image":[{"width":1439,"height":795,"url":"https:\/\/abd.ong\/wp-content\/uploads\/2022\/01\/campanya-condis-e1642426158693.png","type":"image\/png"}],"author":"Maria Creixell","twitter_card":"summary_large_image","twitter_creator":"@abd_ong","twitter_site":"@abd_ong","twitter_misc":{"Escrit per":"Maria Creixell","Temps estimat de lectura":"1 minut"},"schema":{"@context":"https:\/\/schema.org","@graph":[{"@type":"Article","@id":"https:\/\/abd.ong\/ca\/infancia-i-familia\/condis-i-worldcoo-suneixen-a-abd-per-donar-suport-a-les-families-monomarentals\/#article","isPartOf":{"@id":"https:\/\/abd.ong\/ca\/infancia-i-familia\/condis-i-worldcoo-suneixen-a-abd-per-donar-suport-a-les-families-monomarentals\/"},"author":{"name":"Maria Creixell","@id":"https:\/\/abd.ong\/ca\/#\/schema\/person\/d2e158b4173f683b3898e286f5b35a10"},"headline":"Condis i Worldcoo s\u2019uneixen a ABD per donar suport a les fam\u00edlies monomarentals","datePublished":"2022-01-17T13:17:18+00:00","dateModified":"2022-01-17T13:30:21+00:00","mainEntityOfPage":{"@id":"https:\/\/abd.ong\/ca\/infancia-i-familia\/condis-i-worldcoo-suneixen-a-abd-per-donar-suport-a-les-families-monomarentals\/"},"wordCount":311,"publisher":{"@id":"https:\/\/abd.ong\/ca\/#organization"},"image":{"@id":"https:\/\/abd.ong\/ca\/infancia-i-familia\/condis-i-worldcoo-suneixen-a-abd-per-donar-suport-a-les-families-monomarentals\/#primaryimage"},"thumbnailUrl":"https:\/\/abd.ong\/wp-content\/uploads\/2022\/01\/campanya-condis-e1642426158693.png","keywords":["arrodoniment","Asociaci\u00f3n Bienestar y Desarrollo","campanya","campanya solidaria","Condis","COVID","fam\u00edlies","fam\u00edlies monomarentals","inf\u00e0ncia","Preinfant","Worldcoo"],"articleSection":["Inf\u00e0ncia i fam\u00edlia"],"inLanguage":"ca"},{"@type":"WebPage","@id":"https:\/\/abd.ong\/ca\/infancia-i-familia\/condis-i-worldcoo-suneixen-a-abd-per-donar-suport-a-les-families-monomarentals\/","url":"https:\/\/abd.ong\/ca\/infancia-i-familia\/condis-i-worldcoo-suneixen-a-abd-per-donar-suport-a-les-families-monomarentals\/","name":"Condis i Worldcoo s\u2019uneixen a ABD per donar suport a les fam\u00edlies monomarentals - ABD","isPartOf":{"@id":"https:\/\/abd.ong\/ca\/#website"},"primaryImageOfPage":{"@id":"https:\/\/abd.ong\/ca\/infancia-i-familia\/condis-i-worldcoo-suneixen-a-abd-per-donar-suport-a-les-families-monomarentals\/#primaryimage"},"image":{"@id":"https:\/\/abd.ong\/ca\/infancia-i-familia\/condis-i-worldcoo-suneixen-a-abd-per-donar-suport-a-les-families-monomarentals\/#primaryimage"},"thumbnailUrl":"https:\/\/abd.ong\/wp-content\/uploads\/2022\/01\/campanya-condis-e1642426158693.png","datePublished":"2022-01-17T13:17:18+00:00","dateModified":"2022-01-17T13:30:21+00:00","description":"A partir d\u2019aquest dilluns, els clients del supermercat poden col\u00b7laborar amb Preinfant mitjan\u00e7ant l\u2019arrodoniment solidari La crisi sanit\u00e0ria i social","breadcrumb":{"@id":"https:\/\/abd.ong\/ca\/infancia-i-familia\/condis-i-worldcoo-suneixen-a-abd-per-donar-suport-a-les-families-monomarentals\/#breadcrumb"},"inLanguage":"ca","potentialAction":[{"@type":"ReadAction","target":["https:\/\/abd.ong\/ca\/infancia-i-familia\/condis-i-worldcoo-suneixen-a-abd-per-donar-suport-a-les-families-monomarentals\/"]}]},{"@type":"ImageObject","inLanguage":"ca","@id":"https:\/\/abd.ong\/ca\/infancia-i-familia\/condis-i-worldcoo-suneixen-a-abd-per-donar-suport-a-les-families-monomarentals\/#primaryimage","url":"https:\/\/abd.ong\/wp-content\/uploads\/2022\/01\/campanya-condis-e1642426158693.png","contentUrl":"https:\/\/abd.ong\/wp-content\/uploads\/2022\/01\/campanya-condis-e1642426158693.png","width":1439,"height":795},{"@type":"BreadcrumbList","@id":"https:\/\/abd.ong\/ca\/infancia-i-familia\/condis-i-worldcoo-suneixen-a-abd-per-donar-suport-a-les-families-monomarentals\/#breadcrumb","itemListElement":[{"@type":"ListItem","position":1,"name":"Inici","item":"https:\/\/abd.ong\/ca\/"},{"@type":"ListItem","position":2,"name":"Condis i Worldcoo s\u2019uneixen a ABD per donar suport a les fam\u00edlies monomarentals"}]},{"@type":"WebSite","@id":"https:\/\/abd.ong\/ca\/#website","url":"https:\/\/abd.ong\/ca\/","name":"ABD","description":"Asociaci\u00f3n Bienestar y Desarrollo","publisher":{"@id":"https:\/\/abd.ong\/ca\/#organization"},"potentialAction":[{"@type":"SearchAction","target":{"@type":"EntryPoint","urlTemplate":"https:\/\/abd.ong\/ca\/?s={search_term_string}"},"query-input":{"@type":"PropertyValueSpecification","valueRequired":true,"valueName":"search_term_string"}}],"inLanguage":"ca"},{"@type":"Organization","@id":"https:\/\/abd.ong\/ca\/#organization","name":"Associaci\u00f3 Benestar i Desenvolupament","alternateName":"ABD","url":"https:\/\/abd.ong\/ca\/","logo":{"@type":"ImageObject","inLanguage":"ca","@id":"https:\/\/abd.ong\/ca\/#\/schema\/logo\/image\/","url":"https:\/\/abd.ong\/wp-content\/uploads\/2023\/01\/Icona.png","contentUrl":"https:\/\/abd.ong\/wp-content\/uploads\/2023\/01\/Icona.png","width":190,"height":187,"caption":"Associaci\u00f3 Benestar i Desenvolupament"},"image":{"@id":"https:\/\/abd.ong\/ca\/#\/schema\/logo\/image\/"},"sameAs":["https:\/\/www.facebook.com\/abd.ong","https:\/\/x.com\/abd_ong","https:\/\/www.instagram.com\/abd_ong\/","https:\/\/www.linkedin.com\/company\/abdong","https:\/\/www.youtube.com\/user\/CANALABD"]},{"@type":"Person","@id":"https:\/\/abd.ong\/ca\/#\/schema\/person\/d2e158b4173f683b3898e286f5b35a10","name":"Maria Creixell"}]}},"_links":{"self":[{"href":"https:\/\/abd.ong\/ca\/wp-json\/wp\/v2\/posts\/29195","targetHints":{"allow":["GET"]}}],"collection":[{"href":"https:\/\/abd.ong\/ca\/wp-json\/wp\/v2\/posts"}],"about":[{"href":"https:\/\/abd.ong\/ca\/wp-json\/wp\/v2\/types\/post"}],"author":[{"embeddable":true,"href":"https:\/\/abd.ong\/ca\/wp-json\/wp\/v2\/users\/9"}],"replies":[{"embeddable":true,"href":"https:\/\/abd.ong\/ca\/wp-json\/wp\/v2\/comments?post=29195"}],"version-history":[{"count":3,"href":"https:\/\/abd.ong\/ca\/wp-json\/wp\/v2\/posts\/29195\/revisions"}],"predecessor-version":[{"id":29200,"href":"https:\/\/abd.ong\/ca\/wp-json\/wp\/v2\/posts\/29195\/revisions\/29200"}],"wp:featuredmedia":[{"embeddable":true,"href":"https:\/\/abd.ong\/ca\/wp-json\/wp\/v2\/media\/29191"}],"wp:attachment":[{"href":"https:\/\/abd.ong\/ca\/wp-json\/wp\/v2\/media?parent=29195"}],"wp:term":[{"taxonomy":"category","embeddable":true,"href":"https:\/\/abd.ong\/ca\/wp-json\/wp\/v2\/categories?post=29195"},{"taxonomy":"post_tag","embeddable":true,"href":"https:\/\/abd.ong\/ca\/wp-json\/wp\/v2\/tags?post=29195"}],"curies":[{"name":"wp","href":"https:\/\/api.w.org\/{rel}","templated":true}]}}