{"id":28798,"date":"2021-12-29T11:38:18","date_gmt":"2021-12-29T10:38:18","guid":{"rendered":"https:\/\/abd.ong\/sense-categoria\/collaboracio-entre-abd-i-valenveras-per-a-millorar-els-procediments-danalisis-de-substancies\/"},"modified":"2021-12-30T09:04:35","modified_gmt":"2021-12-30T08:04:35","slug":"collaboracio-entre-abd-i-valenveras-per-a-millorar-els-procediments-danalisis-de-substancies","status":"publish","type":"post","link":"https:\/\/abd.ong\/ca\/drogues-i-salut\/collaboracio-entre-abd-i-valenveras-per-a-millorar-els-procediments-danalisis-de-substancies\/","title":{"rendered":"Col\u00b7laboraci\u00f3 entre ABD i Valenveras per a millorar els procediments d&#8217;an\u00e0lisis de subst\u00e0ncies"},"content":{"rendered":"\n<p>Aquesta setmana s&#8217;ha signat un conveni de col\u00b7laboraci\u00f3 entre l&#8217;<a href=\"http:\/\/abd.ong\/ca\" target=\"_blank\" rel=\"noopener\">Associaci\u00f3 Benestar i Desenvolupament\u00a0ABD<\/a>\u00a0i l&#8217;empresa\u00a0<a href=\"https:\/\/valenveras.com\/analisis\/\" target=\"_blank\" rel=\"noopener\">Valenveras<\/a>\u00a0per a desenvolupar conjuntament un programari que permeti <strong>realitzar an\u00e0lisi de mostres de drogues de manera immediata, sense destruir-les i a baix cost<\/strong>. Amb la tecnologia de Espectroscop\u00eda Infraroja per Transformada de Fourier (FTIR) busquen aconseguir la millora de procediments d&#8217;an\u00e0lisis de subst\u00e0ncies amb la finalitat de la reducci\u00f3 de riscos.<\/p>\n\n<p>Com a resultat de <strong>m\u00e9s de 20 anys d&#8217;experi\u00e8ncia<\/strong> analitzant subst\u00e0ncies il\u00b7l\u00edcites, s&#8217;ha desenvolupat un sistema amb una base de dades amb <strong>m\u00e9s de 3.850 espectres<\/strong>, que permeten quantificar <strong>m\u00e9s de 200 drogues<\/strong>.<\/p>\n\n<p><a href=\"https:\/\/energycontrol.org\/\" target=\"_blank\" rel=\"noopener\">Energy\u00a0Control<\/a> ha vingut desenvolupant des del seu servei millores t\u00e8cniques de precisi\u00f3 en l&#8217;an\u00e0lisi de subst\u00e0ncies, incorporant de fa ja anys la cromatografia de gasos assemblada a espectrometria de masses (GC\/MS), la cromatografia l\u00edquida d&#8217;alta resoluci\u00f3 (HPLC) i la cromatografia l\u00edquida assemblada a espectrometria de masses (LC\/MS). L&#8217;Espectrometria Infraroja amb Transformada de Fourier (FTIR) que han desenvolupat Valenveras SL i Energy Control per a subst\u00e0ncies psicoactives brinda la possibilitat d&#8217;obtenir resultats de confian\u00e7a en temps real, i d&#8217;\u00fas f\u00e0cil i net.<\/p>\n\n<p>El Servei d&#8217;An\u00e0lisi de Subst\u00e0ncies d&#8217;Energy Control \u00e9s una estrat\u00e8gia de reducci\u00f3 de danys i riscos per a persones que usen drogues i alhora un mitj\u00e0 per a augmentar el coneixement sobre els patrons actuals de consum de drogues de la poblaci\u00f3, amb la voluntat d&#8217;influir en el disseny i implantaci\u00f3 de pol\u00edtiques p\u00fabliques.<\/p>\n","protected":false},"excerpt":{"rendered":"<p>Aquesta setmana s&#8217;ha signat un conveni de col\u00b7laboraci\u00f3 entre l&#8217;Associaci\u00f3 Benestar i Desenvolupament\u00a0ABD\u00a0i l&#8217;empresa\u00a0Valenveras\u00a0per a desenvolupar conjuntament un programari que permeti realitzar an\u00e0lisi de mostres de drogues de manera immediata,&hellip;<\/p>\n","protected":false},"author":9,"featured_media":28795,"comment_status":"closed","ping_status":"closed","sticky":false,"template":"","format":"standard","meta":{"_acf_changed":false,"footnotes":""},"categories":[1301],"tags":[280,137,130,129,967,1505,2675],"class_list":["post-28798","post","type-post","status-publish","format-standard","has-post-thumbnail","hentry","category-drogues-i-salut","tag-analisi-de-substancies","tag-asociacion-bienestar-y-desarrollo","tag-drogas","tag-energy-control","tag-reduccio-de-riscos","tag-servei-danalisi","tag-valenveras"],"acf":[],"yoast_head":"<!-- This site is optimized with the Yoast SEO plugin v27.4 - https:\/\/yoast.com\/product\/yoast-seo-wordpress\/ -->\n<title>Col\u00b7laboraci\u00f3 entre ABD i Valenveras per a millorar els procediments d&#039;an\u00e0lisis de subst\u00e0ncies - ABD<\/title>\n<meta name=\"description\" content=\"Aquesta setmana s&#039;ha signat un conveni de col\u00b7laboraci\u00f3 entre l&#039;Associaci\u00f3 Benestar i Desenvolupament\u00a0ABD\u00a0i l&#039;empresa\u00a0Valenveras\u00a0per a desenvolupar\" \/>\n<meta name=\"robots\" content=\"index, follow, max-snippet:-1, max-image-preview:large, max-video-preview:-1\" \/>\n<link rel=\"canonical\" href=\"https:\/\/abd.ong\/ca\/drogues-i-salut\/collaboracio-entre-abd-i-valenveras-per-a-millorar-els-procediments-danalisis-de-substancies\/\" \/>\n<meta property=\"og:locale\" content=\"ca_ES\" \/>\n<meta property=\"og:type\" content=\"article\" \/>\n<meta property=\"og:title\" content=\"Col\u00b7laboraci\u00f3 entre ABD i Valenveras per a millorar els procediments d&#039;an\u00e0lisis de subst\u00e0ncies - ABD\" \/>\n<meta property=\"og:description\" content=\"Aquesta setmana s&#039;ha signat un conveni de col\u00b7laboraci\u00f3 entre l&#039;Associaci\u00f3 Benestar i Desenvolupament\u00a0ABD\u00a0i l&#039;empresa\u00a0Valenveras\u00a0per a desenvolupar\" \/>\n<meta property=\"og:url\" content=\"https:\/\/abd.ong\/ca\/drogues-i-salut\/collaboracio-entre-abd-i-valenveras-per-a-millorar-els-procediments-danalisis-de-substancies\/\" \/>\n<meta property=\"og:site_name\" content=\"ABD\" \/>\n<meta property=\"article:publisher\" content=\"https:\/\/www.facebook.com\/abd.ong\" \/>\n<meta property=\"article:published_time\" content=\"2021-12-29T10:38:18+00:00\" \/>\n<meta property=\"article:modified_time\" content=\"2021-12-30T08:04:35+00:00\" \/>\n<meta property=\"og:image\" content=\"https:\/\/abd.ong\/wp-content\/uploads\/2021\/12\/Valenveras-e1640774262496.jpg\" \/>\n\t<meta property=\"og:image:width\" content=\"1600\" \/>\n\t<meta property=\"og:image:height\" content=\"1200\" \/>\n\t<meta property=\"og:image:type\" content=\"image\/jpeg\" \/>\n<meta name=\"author\" content=\"Maria Creixell\" \/>\n<meta name=\"twitter:card\" content=\"summary_large_image\" \/>\n<meta name=\"twitter:creator\" content=\"@abd_ong\" \/>\n<meta name=\"twitter:site\" content=\"@abd_ong\" \/>\n<meta name=\"twitter:label1\" content=\"Escrit per\" \/>\n\t<meta name=\"twitter:data1\" content=\"Maria Creixell\" \/>\n\t<meta name=\"twitter:label2\" content=\"Temps estimat de lectura\" \/>\n\t<meta name=\"twitter:data2\" content=\"1 minut\" \/>\n<script type=\"application\/ld+json\" class=\"yoast-schema-graph\">{\"@context\":\"https:\\\/\\\/schema.org\",\"@graph\":[{\"@type\":\"Article\",\"@id\":\"https:\\\/\\\/abd.ong\\\/ca\\\/drogues-i-salut\\\/collaboracio-entre-abd-i-valenveras-per-a-millorar-els-procediments-danalisis-de-substancies\\\/#article\",\"isPartOf\":{\"@id\":\"https:\\\/\\\/abd.ong\\\/ca\\\/drogues-i-salut\\\/collaboracio-entre-abd-i-valenveras-per-a-millorar-els-procediments-danalisis-de-substancies\\\/\"},\"author\":{\"name\":\"Maria Creixell\",\"@id\":\"https:\\\/\\\/abd.ong\\\/ca\\\/#\\\/schema\\\/person\\\/d2e158b4173f683b3898e286f5b35a10\"},\"headline\":\"Col\u00b7laboraci\u00f3 entre ABD i Valenveras per a millorar els procediments d&#8217;an\u00e0lisis de subst\u00e0ncies\",\"datePublished\":\"2021-12-29T10:38:18+00:00\",\"dateModified\":\"2021-12-30T08:04:35+00:00\",\"mainEntityOfPage\":{\"@id\":\"https:\\\/\\\/abd.ong\\\/ca\\\/drogues-i-salut\\\/collaboracio-entre-abd-i-valenveras-per-a-millorar-els-procediments-danalisis-de-substancies\\\/\"},\"wordCount\":292,\"publisher\":{\"@id\":\"https:\\\/\\\/abd.ong\\\/ca\\\/#organization\"},\"image\":{\"@id\":\"https:\\\/\\\/abd.ong\\\/ca\\\/drogues-i-salut\\\/collaboracio-entre-abd-i-valenveras-per-a-millorar-els-procediments-danalisis-de-substancies\\\/#primaryimage\"},\"thumbnailUrl\":\"https:\\\/\\\/abd.ong\\\/wp-content\\\/uploads\\\/2021\\\/12\\\/Valenveras-e1640774262496.jpg\",\"keywords\":[\"an\u00e0lisi de subst\u00e0ncies\",\"Asociaci\u00f3n Bienestar y Desarrollo\",\"drogas\",\"Energy Control\",\"reducci\u00f3 de riscos\",\"servei d'an\u00e0lisi\",\"valenveras\"],\"articleSection\":[\"Drogues i salut\"],\"inLanguage\":\"ca\"},{\"@type\":\"WebPage\",\"@id\":\"https:\\\/\\\/abd.ong\\\/ca\\\/drogues-i-salut\\\/collaboracio-entre-abd-i-valenveras-per-a-millorar-els-procediments-danalisis-de-substancies\\\/\",\"url\":\"https:\\\/\\\/abd.ong\\\/ca\\\/drogues-i-salut\\\/collaboracio-entre-abd-i-valenveras-per-a-millorar-els-procediments-danalisis-de-substancies\\\/\",\"name\":\"Col\u00b7laboraci\u00f3 entre ABD i Valenveras per a millorar els procediments d'an\u00e0lisis de subst\u00e0ncies - ABD\",\"isPartOf\":{\"@id\":\"https:\\\/\\\/abd.ong\\\/ca\\\/#website\"},\"primaryImageOfPage\":{\"@id\":\"https:\\\/\\\/abd.ong\\\/ca\\\/drogues-i-salut\\\/collaboracio-entre-abd-i-valenveras-per-a-millorar-els-procediments-danalisis-de-substancies\\\/#primaryimage\"},\"image\":{\"@id\":\"https:\\\/\\\/abd.ong\\\/ca\\\/drogues-i-salut\\\/collaboracio-entre-abd-i-valenveras-per-a-millorar-els-procediments-danalisis-de-substancies\\\/#primaryimage\"},\"thumbnailUrl\":\"https:\\\/\\\/abd.ong\\\/wp-content\\\/uploads\\\/2021\\\/12\\\/Valenveras-e1640774262496.jpg\",\"datePublished\":\"2021-12-29T10:38:18+00:00\",\"dateModified\":\"2021-12-30T08:04:35+00:00\",\"description\":\"Aquesta setmana s'ha signat un conveni de col\u00b7laboraci\u00f3 entre l'Associaci\u00f3 Benestar i Desenvolupament\u00a0ABD\u00a0i l'empresa\u00a0Valenveras\u00a0per a desenvolupar\",\"breadcrumb\":{\"@id\":\"https:\\\/\\\/abd.ong\\\/ca\\\/drogues-i-salut\\\/collaboracio-entre-abd-i-valenveras-per-a-millorar-els-procediments-danalisis-de-substancies\\\/#breadcrumb\"},\"inLanguage\":\"ca\",\"potentialAction\":[{\"@type\":\"ReadAction\",\"target\":[\"https:\\\/\\\/abd.ong\\\/ca\\\/drogues-i-salut\\\/collaboracio-entre-abd-i-valenveras-per-a-millorar-els-procediments-danalisis-de-substancies\\\/\"]}]},{\"@type\":\"ImageObject\",\"inLanguage\":\"ca\",\"@id\":\"https:\\\/\\\/abd.ong\\\/ca\\\/drogues-i-salut\\\/collaboracio-entre-abd-i-valenveras-per-a-millorar-els-procediments-danalisis-de-substancies\\\/#primaryimage\",\"url\":\"https:\\\/\\\/abd.ong\\\/wp-content\\\/uploads\\\/2021\\\/12\\\/Valenveras-e1640774262496.jpg\",\"contentUrl\":\"https:\\\/\\\/abd.ong\\\/wp-content\\\/uploads\\\/2021\\\/12\\\/Valenveras-e1640774262496.jpg\",\"width\":1600,\"height\":1200},{\"@type\":\"BreadcrumbList\",\"@id\":\"https:\\\/\\\/abd.ong\\\/ca\\\/drogues-i-salut\\\/collaboracio-entre-abd-i-valenveras-per-a-millorar-els-procediments-danalisis-de-substancies\\\/#breadcrumb\",\"itemListElement\":[{\"@type\":\"ListItem\",\"position\":1,\"name\":\"Inici\",\"item\":\"https:\\\/\\\/abd.ong\\\/ca\\\/\"},{\"@type\":\"ListItem\",\"position\":2,\"name\":\"Col\u00b7laboraci\u00f3 entre ABD i Valenveras per a millorar els procediments d&#8217;an\u00e0lisis de subst\u00e0ncies\"}]},{\"@type\":\"WebSite\",\"@id\":\"https:\\\/\\\/abd.ong\\\/ca\\\/#website\",\"url\":\"https:\\\/\\\/abd.ong\\\/ca\\\/\",\"name\":\"ABD\",\"description\":\"Asociaci\u00f3n Bienestar y Desarrollo\",\"publisher\":{\"@id\":\"https:\\\/\\\/abd.ong\\\/ca\\\/#organization\"},\"potentialAction\":[{\"@type\":\"SearchAction\",\"target\":{\"@type\":\"EntryPoint\",\"urlTemplate\":\"https:\\\/\\\/abd.ong\\\/ca\\\/?s={search_term_string}\"},\"query-input\":{\"@type\":\"PropertyValueSpecification\",\"valueRequired\":true,\"valueName\":\"search_term_string\"}}],\"inLanguage\":\"ca\"},{\"@type\":\"Organization\",\"@id\":\"https:\\\/\\\/abd.ong\\\/ca\\\/#organization\",\"name\":\"Associaci\u00f3 Benestar i Desenvolupament\",\"alternateName\":\"ABD\",\"url\":\"https:\\\/\\\/abd.ong\\\/ca\\\/\",\"logo\":{\"@type\":\"ImageObject\",\"inLanguage\":\"ca\",\"@id\":\"https:\\\/\\\/abd.ong\\\/ca\\\/#\\\/schema\\\/logo\\\/image\\\/\",\"url\":\"https:\\\/\\\/abd.ong\\\/wp-content\\\/uploads\\\/2023\\\/01\\\/Icona.png\",\"contentUrl\":\"https:\\\/\\\/abd.ong\\\/wp-content\\\/uploads\\\/2023\\\/01\\\/Icona.png\",\"width\":190,\"height\":187,\"caption\":\"Associaci\u00f3 Benestar i Desenvolupament\"},\"image\":{\"@id\":\"https:\\\/\\\/abd.ong\\\/ca\\\/#\\\/schema\\\/logo\\\/image\\\/\"},\"sameAs\":[\"https:\\\/\\\/www.facebook.com\\\/abd.ong\",\"https:\\\/\\\/x.com\\\/abd_ong\",\"https:\\\/\\\/www.instagram.com\\\/abd_ong\\\/\",\"https:\\\/\\\/www.linkedin.com\\\/company\\\/abdong\",\"https:\\\/\\\/www.youtube.com\\\/user\\\/CANALABD\"]},{\"@type\":\"Person\",\"@id\":\"https:\\\/\\\/abd.ong\\\/ca\\\/#\\\/schema\\\/person\\\/d2e158b4173f683b3898e286f5b35a10\",\"name\":\"Maria Creixell\"}]}<\/script>\n<!-- \/ Yoast SEO plugin. -->","yoast_head_json":{"title":"Col\u00b7laboraci\u00f3 entre ABD i Valenveras per a millorar els procediments d'an\u00e0lisis de subst\u00e0ncies - ABD","description":"Aquesta setmana s'ha signat un conveni de col\u00b7laboraci\u00f3 entre l'Associaci\u00f3 Benestar i Desenvolupament\u00a0ABD\u00a0i l'empresa\u00a0Valenveras\u00a0per a desenvolupar","robots":{"index":"index","follow":"follow","max-snippet":"max-snippet:-1","max-image-preview":"max-image-preview:large","max-video-preview":"max-video-preview:-1"},"canonical":"https:\/\/abd.ong\/ca\/drogues-i-salut\/collaboracio-entre-abd-i-valenveras-per-a-millorar-els-procediments-danalisis-de-substancies\/","og_locale":"ca_ES","og_type":"article","og_title":"Col\u00b7laboraci\u00f3 entre ABD i Valenveras per a millorar els procediments d'an\u00e0lisis de subst\u00e0ncies - ABD","og_description":"Aquesta setmana s'ha signat un conveni de col\u00b7laboraci\u00f3 entre l'Associaci\u00f3 Benestar i Desenvolupament\u00a0ABD\u00a0i l'empresa\u00a0Valenveras\u00a0per a desenvolupar","og_url":"https:\/\/abd.ong\/ca\/drogues-i-salut\/collaboracio-entre-abd-i-valenveras-per-a-millorar-els-procediments-danalisis-de-substancies\/","og_site_name":"ABD","article_publisher":"https:\/\/www.facebook.com\/abd.ong","article_published_time":"2021-12-29T10:38:18+00:00","article_modified_time":"2021-12-30T08:04:35+00:00","og_image":[{"width":1600,"height":1200,"url":"https:\/\/abd.ong\/wp-content\/uploads\/2021\/12\/Valenveras-e1640774262496.jpg","type":"image\/jpeg"}],"author":"Maria Creixell","twitter_card":"summary_large_image","twitter_creator":"@abd_ong","twitter_site":"@abd_ong","twitter_misc":{"Escrit per":"Maria Creixell","Temps estimat de lectura":"1 minut"},"schema":{"@context":"https:\/\/schema.org","@graph":[{"@type":"Article","@id":"https:\/\/abd.ong\/ca\/drogues-i-salut\/collaboracio-entre-abd-i-valenveras-per-a-millorar-els-procediments-danalisis-de-substancies\/#article","isPartOf":{"@id":"https:\/\/abd.ong\/ca\/drogues-i-salut\/collaboracio-entre-abd-i-valenveras-per-a-millorar-els-procediments-danalisis-de-substancies\/"},"author":{"name":"Maria Creixell","@id":"https:\/\/abd.ong\/ca\/#\/schema\/person\/d2e158b4173f683b3898e286f5b35a10"},"headline":"Col\u00b7laboraci\u00f3 entre ABD i Valenveras per a millorar els procediments d&#8217;an\u00e0lisis de subst\u00e0ncies","datePublished":"2021-12-29T10:38:18+00:00","dateModified":"2021-12-30T08:04:35+00:00","mainEntityOfPage":{"@id":"https:\/\/abd.ong\/ca\/drogues-i-salut\/collaboracio-entre-abd-i-valenveras-per-a-millorar-els-procediments-danalisis-de-substancies\/"},"wordCount":292,"publisher":{"@id":"https:\/\/abd.ong\/ca\/#organization"},"image":{"@id":"https:\/\/abd.ong\/ca\/drogues-i-salut\/collaboracio-entre-abd-i-valenveras-per-a-millorar-els-procediments-danalisis-de-substancies\/#primaryimage"},"thumbnailUrl":"https:\/\/abd.ong\/wp-content\/uploads\/2021\/12\/Valenveras-e1640774262496.jpg","keywords":["an\u00e0lisi de subst\u00e0ncies","Asociaci\u00f3n Bienestar y Desarrollo","drogas","Energy Control","reducci\u00f3 de riscos","servei d'an\u00e0lisi","valenveras"],"articleSection":["Drogues i salut"],"inLanguage":"ca"},{"@type":"WebPage","@id":"https:\/\/abd.ong\/ca\/drogues-i-salut\/collaboracio-entre-abd-i-valenveras-per-a-millorar-els-procediments-danalisis-de-substancies\/","url":"https:\/\/abd.ong\/ca\/drogues-i-salut\/collaboracio-entre-abd-i-valenveras-per-a-millorar-els-procediments-danalisis-de-substancies\/","name":"Col\u00b7laboraci\u00f3 entre ABD i Valenveras per a millorar els procediments d'an\u00e0lisis de subst\u00e0ncies - ABD","isPartOf":{"@id":"https:\/\/abd.ong\/ca\/#website"},"primaryImageOfPage":{"@id":"https:\/\/abd.ong\/ca\/drogues-i-salut\/collaboracio-entre-abd-i-valenveras-per-a-millorar-els-procediments-danalisis-de-substancies\/#primaryimage"},"image":{"@id":"https:\/\/abd.ong\/ca\/drogues-i-salut\/collaboracio-entre-abd-i-valenveras-per-a-millorar-els-procediments-danalisis-de-substancies\/#primaryimage"},"thumbnailUrl":"https:\/\/abd.ong\/wp-content\/uploads\/2021\/12\/Valenveras-e1640774262496.jpg","datePublished":"2021-12-29T10:38:18+00:00","dateModified":"2021-12-30T08:04:35+00:00","description":"Aquesta setmana s'ha signat un conveni de col\u00b7laboraci\u00f3 entre l'Associaci\u00f3 Benestar i Desenvolupament\u00a0ABD\u00a0i l'empresa\u00a0Valenveras\u00a0per a desenvolupar","breadcrumb":{"@id":"https:\/\/abd.ong\/ca\/drogues-i-salut\/collaboracio-entre-abd-i-valenveras-per-a-millorar-els-procediments-danalisis-de-substancies\/#breadcrumb"},"inLanguage":"ca","potentialAction":[{"@type":"ReadAction","target":["https:\/\/abd.ong\/ca\/drogues-i-salut\/collaboracio-entre-abd-i-valenveras-per-a-millorar-els-procediments-danalisis-de-substancies\/"]}]},{"@type":"ImageObject","inLanguage":"ca","@id":"https:\/\/abd.ong\/ca\/drogues-i-salut\/collaboracio-entre-abd-i-valenveras-per-a-millorar-els-procediments-danalisis-de-substancies\/#primaryimage","url":"https:\/\/abd.ong\/wp-content\/uploads\/2021\/12\/Valenveras-e1640774262496.jpg","contentUrl":"https:\/\/abd.ong\/wp-content\/uploads\/2021\/12\/Valenveras-e1640774262496.jpg","width":1600,"height":1200},{"@type":"BreadcrumbList","@id":"https:\/\/abd.ong\/ca\/drogues-i-salut\/collaboracio-entre-abd-i-valenveras-per-a-millorar-els-procediments-danalisis-de-substancies\/#breadcrumb","itemListElement":[{"@type":"ListItem","position":1,"name":"Inici","item":"https:\/\/abd.ong\/ca\/"},{"@type":"ListItem","position":2,"name":"Col\u00b7laboraci\u00f3 entre ABD i Valenveras per a millorar els procediments d&#8217;an\u00e0lisis de subst\u00e0ncies"}]},{"@type":"WebSite","@id":"https:\/\/abd.ong\/ca\/#website","url":"https:\/\/abd.ong\/ca\/","name":"ABD","description":"Asociaci\u00f3n Bienestar y Desarrollo","publisher":{"@id":"https:\/\/abd.ong\/ca\/#organization"},"potentialAction":[{"@type":"SearchAction","target":{"@type":"EntryPoint","urlTemplate":"https:\/\/abd.ong\/ca\/?s={search_term_string}"},"query-input":{"@type":"PropertyValueSpecification","valueRequired":true,"valueName":"search_term_string"}}],"inLanguage":"ca"},{"@type":"Organization","@id":"https:\/\/abd.ong\/ca\/#organization","name":"Associaci\u00f3 Benestar i Desenvolupament","alternateName":"ABD","url":"https:\/\/abd.ong\/ca\/","logo":{"@type":"ImageObject","inLanguage":"ca","@id":"https:\/\/abd.ong\/ca\/#\/schema\/logo\/image\/","url":"https:\/\/abd.ong\/wp-content\/uploads\/2023\/01\/Icona.png","contentUrl":"https:\/\/abd.ong\/wp-content\/uploads\/2023\/01\/Icona.png","width":190,"height":187,"caption":"Associaci\u00f3 Benestar i Desenvolupament"},"image":{"@id":"https:\/\/abd.ong\/ca\/#\/schema\/logo\/image\/"},"sameAs":["https:\/\/www.facebook.com\/abd.ong","https:\/\/x.com\/abd_ong","https:\/\/www.instagram.com\/abd_ong\/","https:\/\/www.linkedin.com\/company\/abdong","https:\/\/www.youtube.com\/user\/CANALABD"]},{"@type":"Person","@id":"https:\/\/abd.ong\/ca\/#\/schema\/person\/d2e158b4173f683b3898e286f5b35a10","name":"Maria Creixell"}]}},"_links":{"self":[{"href":"https:\/\/abd.ong\/ca\/wp-json\/wp\/v2\/posts\/28798","targetHints":{"allow":["GET"]}}],"collection":[{"href":"https:\/\/abd.ong\/ca\/wp-json\/wp\/v2\/posts"}],"about":[{"href":"https:\/\/abd.ong\/ca\/wp-json\/wp\/v2\/types\/post"}],"author":[{"embeddable":true,"href":"https:\/\/abd.ong\/ca\/wp-json\/wp\/v2\/users\/9"}],"replies":[{"embeddable":true,"href":"https:\/\/abd.ong\/ca\/wp-json\/wp\/v2\/comments?post=28798"}],"version-history":[{"count":1,"href":"https:\/\/abd.ong\/ca\/wp-json\/wp\/v2\/posts\/28798\/revisions"}],"predecessor-version":[{"id":28799,"href":"https:\/\/abd.ong\/ca\/wp-json\/wp\/v2\/posts\/28798\/revisions\/28799"}],"wp:featuredmedia":[{"embeddable":true,"href":"https:\/\/abd.ong\/ca\/wp-json\/wp\/v2\/media\/28795"}],"wp:attachment":[{"href":"https:\/\/abd.ong\/ca\/wp-json\/wp\/v2\/media?parent=28798"}],"wp:term":[{"taxonomy":"category","embeddable":true,"href":"https:\/\/abd.ong\/ca\/wp-json\/wp\/v2\/categories?post=28798"},{"taxonomy":"post_tag","embeddable":true,"href":"https:\/\/abd.ong\/ca\/wp-json\/wp\/v2\/tags?post=28798"}],"curies":[{"name":"wp","href":"https:\/\/api.w.org\/{rel}","templated":true}]}}