{"id":28777,"date":"2021-12-29T10:34:58","date_gmt":"2021-12-29T09:34:58","guid":{"rendered":"https:\/\/abd.ong\/sense-categoria\/reinici-de-lactivitat-al-centre-descolta-de-medellin\/"},"modified":"2021-12-29T10:55:32","modified_gmt":"2021-12-29T09:55:32","slug":"reinici-de-lactivitat-al-centre-descolta-de-medellin","status":"publish","type":"post","link":"https:\/\/abd.ong\/ca\/drogues-i-salut\/reinici-de-lactivitat-al-centre-descolta-de-medellin\/","title":{"rendered":"Reinici de l&#8217;activitat al Centre d&#8217;Escolta de Medell\u00edn"},"content":{"rendered":"\n<p>Despr\u00e9s d&#8217;uns mesos de baixa en l&#8217;activitat del <strong>Centre d&#8217;Escolta per a persones Habitants de Carrer<\/strong> de la ciutat de Medell\u00edn, a Col\u00f2mbia, aquest ha repr\u00e8s el seu treball amb el suport i finan\u00e7ament de l<a href=\"https:\/\/www.barcelona.cat\/ca\/\" target=\"_blank\" rel=\"noopener\">&#8216;Ajuntament de Barcelona<\/a> i l&#8217;acompanyament de l&#8217;<a href=\"http:\/\/abd.ong\/ca\" target=\"_blank\" rel=\"noopener\">Associaci\u00f3 Benestar i Desenvolupament-ABD<\/a>\u00a0i vinculant-se ara la Corporaci\u00f3 de Serveis \u2013 Club Rotari de Medell\u00edn.<\/p>\n\n<p>Gr\u00e0cies a aquests suports, persones en alta vulnerabilitat social que habiten els carrers de Medell\u00edn podran accedir a estrat\u00e8gies per a reduir riscos i danys derivats del consum de drogues i altres problem\u00e0tiques associades a la vida en carrer. Educaci\u00f3 en salut, assessoria i materials higi\u00e8nics per a evitar danys derivats de les males pr\u00e0ctiques de consum, cuidats en salut, s\u00f3n, entre altres, alguns dels serveis que es beneficiar\u00e0 la poblaci\u00f3 destinat\u00e0ria. Tot aix\u00f2 amb una mirada des de la inclusi\u00f3 social, la reducci\u00f3 de l&#8217;estigma, la garantia de drets i enfocament de g\u00e8nere.<\/p>\n\n<p>El\u00a0<strong>Centre d&#8217;Escolta<\/strong> per habitants de carrer a Medell\u00edn s&#8217;emmarcadins del projecte<a href=\"https:\/\/abd.ong\/ca\/drogues-i-salut\/professionals-del-cas-baluard-gestionat-per-abd-imparteixen-cursos-de-capacitacio-i-reduccio-de-danys-a-colombia\/\" target=\"_blank\" rel=\"noreferrer noopener\"><strong> Trans-met<\/strong><\/a>, d&#8217;<a href=\"https:\/\/abd.ong\/ca\/\" target=\"_blank\" rel=\"noreferrer noopener\">ABD <\/a>y la\u00a0<a href=\"http:\/\/corporacionsurgir.org\/\" target=\"_blank\" rel=\"noreferrer noopener\">corporaci\u00f3 Surgir<\/a>, que compta amb el suport de l&#8217;Ajuntament de Barcelona des del 2018.<\/p>\n","protected":false},"excerpt":{"rendered":"<p>Despr\u00e9s d&#8217;uns mesos de baixa en l&#8217;activitat del Centre d&#8217;Escolta per a persones Habitants de Carrer de la ciutat de Medell\u00edn, a Col\u00f2mbia, aquest ha repr\u00e8s el seu treball amb&hellip;<\/p>\n","protected":false},"author":9,"featured_media":28774,"comment_status":"closed","ping_status":"closed","sticky":false,"template":"","format":"standard","meta":{"_acf_changed":false,"footnotes":""},"categories":[1301],"tags":[119,145,137,2671,1947,389,130,2670,1942,2672,1858,2666,2673],"class_list":["post-28777","post","type-post","status-publish","format-standard","has-post-thumbnail","hentry","category-drogues-i-salut","tag-abd","tag-addiccions","tag-asociacion-bienestar-y-desarrollo","tag-centre-descolta-ca","tag-centre-descolta","tag-colombia","tag-drogas","tag-medellin-ca","tag-medellin","tag-persones-en-situacio-de-carrer","tag-sensellarisme","tag-surgir","tag-surgir-ca"],"acf":[],"yoast_head":"<!-- This site is optimized with the Yoast SEO plugin v27.4 - https:\/\/yoast.com\/product\/yoast-seo-wordpress\/ -->\n<title>Reinici de l&#039;activitat al Centre d&#039;Escolta de Medell\u00edn - ABD<\/title>\n<meta name=\"description\" content=\"Despr\u00e9s d&#039;uns mesos de baixa en l&#039;activitat del Centre d&#039;Escolta per a persones Habitants de Carrer de la ciutat de Medell\u00edn, a Col\u00f2mbia, aquest ha repr\u00e8s\" \/>\n<meta name=\"robots\" content=\"index, follow, max-snippet:-1, max-image-preview:large, max-video-preview:-1\" \/>\n<link rel=\"canonical\" href=\"https:\/\/abd.ong\/ca\/drogues-i-salut\/reinici-de-lactivitat-al-centre-descolta-de-medellin\/\" \/>\n<meta property=\"og:locale\" content=\"ca_ES\" \/>\n<meta property=\"og:type\" content=\"article\" \/>\n<meta property=\"og:title\" content=\"Reinici de l&#039;activitat al Centre d&#039;Escolta de Medell\u00edn - ABD\" \/>\n<meta property=\"og:description\" content=\"Despr\u00e9s d&#039;uns mesos de baixa en l&#039;activitat del Centre d&#039;Escolta per a persones Habitants de Carrer de la ciutat de Medell\u00edn, a Col\u00f2mbia, aquest ha repr\u00e8s\" \/>\n<meta property=\"og:url\" content=\"https:\/\/abd.ong\/ca\/drogues-i-salut\/reinici-de-lactivitat-al-centre-descolta-de-medellin\/\" \/>\n<meta property=\"og:site_name\" content=\"ABD\" \/>\n<meta property=\"article:publisher\" content=\"https:\/\/www.facebook.com\/abd.ong\" \/>\n<meta property=\"article:published_time\" content=\"2021-12-29T09:34:58+00:00\" \/>\n<meta property=\"article:modified_time\" content=\"2021-12-29T09:55:32+00:00\" \/>\n<meta property=\"og:image\" content=\"https:\/\/abd.ong\/wp-content\/uploads\/2021\/12\/curgir.jpg\" \/>\n\t<meta property=\"og:image:width\" content=\"1280\" \/>\n\t<meta property=\"og:image:height\" content=\"576\" \/>\n\t<meta property=\"og:image:type\" content=\"image\/jpeg\" \/>\n<meta name=\"author\" content=\"Maria Creixell\" \/>\n<meta name=\"twitter:card\" content=\"summary_large_image\" \/>\n<meta name=\"twitter:creator\" content=\"@abd_ong\" \/>\n<meta name=\"twitter:site\" content=\"@abd_ong\" \/>\n<meta name=\"twitter:label1\" content=\"Escrit per\" \/>\n\t<meta name=\"twitter:data1\" content=\"Maria Creixell\" \/>\n\t<meta name=\"twitter:label2\" content=\"Temps estimat de lectura\" \/>\n\t<meta name=\"twitter:data2\" content=\"1 minut\" \/>\n<script type=\"application\/ld+json\" class=\"yoast-schema-graph\">{\"@context\":\"https:\\\/\\\/schema.org\",\"@graph\":[{\"@type\":\"Article\",\"@id\":\"https:\\\/\\\/abd.ong\\\/ca\\\/drogues-i-salut\\\/reinici-de-lactivitat-al-centre-descolta-de-medellin\\\/#article\",\"isPartOf\":{\"@id\":\"https:\\\/\\\/abd.ong\\\/ca\\\/drogues-i-salut\\\/reinici-de-lactivitat-al-centre-descolta-de-medellin\\\/\"},\"author\":{\"name\":\"Maria Creixell\",\"@id\":\"https:\\\/\\\/abd.ong\\\/ca\\\/#\\\/schema\\\/person\\\/d2e158b4173f683b3898e286f5b35a10\"},\"headline\":\"Reinici de l&#8217;activitat al Centre d&#8217;Escolta de Medell\u00edn\",\"datePublished\":\"2021-12-29T09:34:58+00:00\",\"dateModified\":\"2021-12-29T09:55:32+00:00\",\"mainEntityOfPage\":{\"@id\":\"https:\\\/\\\/abd.ong\\\/ca\\\/drogues-i-salut\\\/reinici-de-lactivitat-al-centre-descolta-de-medellin\\\/\"},\"wordCount\":217,\"publisher\":{\"@id\":\"https:\\\/\\\/abd.ong\\\/ca\\\/#organization\"},\"image\":{\"@id\":\"https:\\\/\\\/abd.ong\\\/ca\\\/drogues-i-salut\\\/reinici-de-lactivitat-al-centre-descolta-de-medellin\\\/#primaryimage\"},\"thumbnailUrl\":\"https:\\\/\\\/abd.ong\\\/wp-content\\\/uploads\\\/2021\\\/12\\\/curgir.jpg\",\"keywords\":[\"ABD\",\"addiccions\",\"Asociaci\u00f3n Bienestar y Desarrollo\",\"Centre d'Escolta\",\"Centre d&#039;Escolta\",\"Colombia\",\"drogas\",\"Medell\u00edn\",\"Medell\u00edn\",\"persones en situaci\u00f3 de carrer\",\"sensellarisme\",\"Surgir\",\"Surgir\"],\"articleSection\":[\"Drogues i salut\"],\"inLanguage\":\"ca\"},{\"@type\":\"WebPage\",\"@id\":\"https:\\\/\\\/abd.ong\\\/ca\\\/drogues-i-salut\\\/reinici-de-lactivitat-al-centre-descolta-de-medellin\\\/\",\"url\":\"https:\\\/\\\/abd.ong\\\/ca\\\/drogues-i-salut\\\/reinici-de-lactivitat-al-centre-descolta-de-medellin\\\/\",\"name\":\"Reinici de l'activitat al Centre d'Escolta de Medell\u00edn - ABD\",\"isPartOf\":{\"@id\":\"https:\\\/\\\/abd.ong\\\/ca\\\/#website\"},\"primaryImageOfPage\":{\"@id\":\"https:\\\/\\\/abd.ong\\\/ca\\\/drogues-i-salut\\\/reinici-de-lactivitat-al-centre-descolta-de-medellin\\\/#primaryimage\"},\"image\":{\"@id\":\"https:\\\/\\\/abd.ong\\\/ca\\\/drogues-i-salut\\\/reinici-de-lactivitat-al-centre-descolta-de-medellin\\\/#primaryimage\"},\"thumbnailUrl\":\"https:\\\/\\\/abd.ong\\\/wp-content\\\/uploads\\\/2021\\\/12\\\/curgir.jpg\",\"datePublished\":\"2021-12-29T09:34:58+00:00\",\"dateModified\":\"2021-12-29T09:55:32+00:00\",\"description\":\"Despr\u00e9s d'uns mesos de baixa en l'activitat del Centre d'Escolta per a persones Habitants de Carrer de la ciutat de Medell\u00edn, a Col\u00f2mbia, aquest ha repr\u00e8s\",\"breadcrumb\":{\"@id\":\"https:\\\/\\\/abd.ong\\\/ca\\\/drogues-i-salut\\\/reinici-de-lactivitat-al-centre-descolta-de-medellin\\\/#breadcrumb\"},\"inLanguage\":\"ca\",\"potentialAction\":[{\"@type\":\"ReadAction\",\"target\":[\"https:\\\/\\\/abd.ong\\\/ca\\\/drogues-i-salut\\\/reinici-de-lactivitat-al-centre-descolta-de-medellin\\\/\"]}]},{\"@type\":\"ImageObject\",\"inLanguage\":\"ca\",\"@id\":\"https:\\\/\\\/abd.ong\\\/ca\\\/drogues-i-salut\\\/reinici-de-lactivitat-al-centre-descolta-de-medellin\\\/#primaryimage\",\"url\":\"https:\\\/\\\/abd.ong\\\/wp-content\\\/uploads\\\/2021\\\/12\\\/curgir.jpg\",\"contentUrl\":\"https:\\\/\\\/abd.ong\\\/wp-content\\\/uploads\\\/2021\\\/12\\\/curgir.jpg\",\"width\":1280,\"height\":576},{\"@type\":\"BreadcrumbList\",\"@id\":\"https:\\\/\\\/abd.ong\\\/ca\\\/drogues-i-salut\\\/reinici-de-lactivitat-al-centre-descolta-de-medellin\\\/#breadcrumb\",\"itemListElement\":[{\"@type\":\"ListItem\",\"position\":1,\"name\":\"Inici\",\"item\":\"https:\\\/\\\/abd.ong\\\/ca\\\/\"},{\"@type\":\"ListItem\",\"position\":2,\"name\":\"Reinici de l&#8217;activitat al Centre d&#8217;Escolta de Medell\u00edn\"}]},{\"@type\":\"WebSite\",\"@id\":\"https:\\\/\\\/abd.ong\\\/ca\\\/#website\",\"url\":\"https:\\\/\\\/abd.ong\\\/ca\\\/\",\"name\":\"ABD\",\"description\":\"Asociaci\u00f3n Bienestar y Desarrollo\",\"publisher\":{\"@id\":\"https:\\\/\\\/abd.ong\\\/ca\\\/#organization\"},\"potentialAction\":[{\"@type\":\"SearchAction\",\"target\":{\"@type\":\"EntryPoint\",\"urlTemplate\":\"https:\\\/\\\/abd.ong\\\/ca\\\/?s={search_term_string}\"},\"query-input\":{\"@type\":\"PropertyValueSpecification\",\"valueRequired\":true,\"valueName\":\"search_term_string\"}}],\"inLanguage\":\"ca\"},{\"@type\":\"Organization\",\"@id\":\"https:\\\/\\\/abd.ong\\\/ca\\\/#organization\",\"name\":\"Associaci\u00f3 Benestar i Desenvolupament\",\"alternateName\":\"ABD\",\"url\":\"https:\\\/\\\/abd.ong\\\/ca\\\/\",\"logo\":{\"@type\":\"ImageObject\",\"inLanguage\":\"ca\",\"@id\":\"https:\\\/\\\/abd.ong\\\/ca\\\/#\\\/schema\\\/logo\\\/image\\\/\",\"url\":\"https:\\\/\\\/abd.ong\\\/wp-content\\\/uploads\\\/2023\\\/01\\\/Icona.png\",\"contentUrl\":\"https:\\\/\\\/abd.ong\\\/wp-content\\\/uploads\\\/2023\\\/01\\\/Icona.png\",\"width\":190,\"height\":187,\"caption\":\"Associaci\u00f3 Benestar i Desenvolupament\"},\"image\":{\"@id\":\"https:\\\/\\\/abd.ong\\\/ca\\\/#\\\/schema\\\/logo\\\/image\\\/\"},\"sameAs\":[\"https:\\\/\\\/www.facebook.com\\\/abd.ong\",\"https:\\\/\\\/x.com\\\/abd_ong\",\"https:\\\/\\\/www.instagram.com\\\/abd_ong\\\/\",\"https:\\\/\\\/www.linkedin.com\\\/company\\\/abdong\",\"https:\\\/\\\/www.youtube.com\\\/user\\\/CANALABD\"]},{\"@type\":\"Person\",\"@id\":\"https:\\\/\\\/abd.ong\\\/ca\\\/#\\\/schema\\\/person\\\/d2e158b4173f683b3898e286f5b35a10\",\"name\":\"Maria Creixell\"}]}<\/script>\n<!-- \/ Yoast SEO plugin. -->","yoast_head_json":{"title":"Reinici de l'activitat al Centre d'Escolta de Medell\u00edn - ABD","description":"Despr\u00e9s d'uns mesos de baixa en l'activitat del Centre d'Escolta per a persones Habitants de Carrer de la ciutat de Medell\u00edn, a Col\u00f2mbia, aquest ha repr\u00e8s","robots":{"index":"index","follow":"follow","max-snippet":"max-snippet:-1","max-image-preview":"max-image-preview:large","max-video-preview":"max-video-preview:-1"},"canonical":"https:\/\/abd.ong\/ca\/drogues-i-salut\/reinici-de-lactivitat-al-centre-descolta-de-medellin\/","og_locale":"ca_ES","og_type":"article","og_title":"Reinici de l'activitat al Centre d'Escolta de Medell\u00edn - ABD","og_description":"Despr\u00e9s d'uns mesos de baixa en l'activitat del Centre d'Escolta per a persones Habitants de Carrer de la ciutat de Medell\u00edn, a Col\u00f2mbia, aquest ha repr\u00e8s","og_url":"https:\/\/abd.ong\/ca\/drogues-i-salut\/reinici-de-lactivitat-al-centre-descolta-de-medellin\/","og_site_name":"ABD","article_publisher":"https:\/\/www.facebook.com\/abd.ong","article_published_time":"2021-12-29T09:34:58+00:00","article_modified_time":"2021-12-29T09:55:32+00:00","og_image":[{"width":1280,"height":576,"url":"https:\/\/abd.ong\/wp-content\/uploads\/2021\/12\/curgir.jpg","type":"image\/jpeg"}],"author":"Maria Creixell","twitter_card":"summary_large_image","twitter_creator":"@abd_ong","twitter_site":"@abd_ong","twitter_misc":{"Escrit per":"Maria Creixell","Temps estimat de lectura":"1 minut"},"schema":{"@context":"https:\/\/schema.org","@graph":[{"@type":"Article","@id":"https:\/\/abd.ong\/ca\/drogues-i-salut\/reinici-de-lactivitat-al-centre-descolta-de-medellin\/#article","isPartOf":{"@id":"https:\/\/abd.ong\/ca\/drogues-i-salut\/reinici-de-lactivitat-al-centre-descolta-de-medellin\/"},"author":{"name":"Maria Creixell","@id":"https:\/\/abd.ong\/ca\/#\/schema\/person\/d2e158b4173f683b3898e286f5b35a10"},"headline":"Reinici de l&#8217;activitat al Centre d&#8217;Escolta de Medell\u00edn","datePublished":"2021-12-29T09:34:58+00:00","dateModified":"2021-12-29T09:55:32+00:00","mainEntityOfPage":{"@id":"https:\/\/abd.ong\/ca\/drogues-i-salut\/reinici-de-lactivitat-al-centre-descolta-de-medellin\/"},"wordCount":217,"publisher":{"@id":"https:\/\/abd.ong\/ca\/#organization"},"image":{"@id":"https:\/\/abd.ong\/ca\/drogues-i-salut\/reinici-de-lactivitat-al-centre-descolta-de-medellin\/#primaryimage"},"thumbnailUrl":"https:\/\/abd.ong\/wp-content\/uploads\/2021\/12\/curgir.jpg","keywords":["ABD","addiccions","Asociaci\u00f3n Bienestar y Desarrollo","Centre d'Escolta","Centre d&#039;Escolta","Colombia","drogas","Medell\u00edn","Medell\u00edn","persones en situaci\u00f3 de carrer","sensellarisme","Surgir","Surgir"],"articleSection":["Drogues i salut"],"inLanguage":"ca"},{"@type":"WebPage","@id":"https:\/\/abd.ong\/ca\/drogues-i-salut\/reinici-de-lactivitat-al-centre-descolta-de-medellin\/","url":"https:\/\/abd.ong\/ca\/drogues-i-salut\/reinici-de-lactivitat-al-centre-descolta-de-medellin\/","name":"Reinici de l'activitat al Centre d'Escolta de Medell\u00edn - ABD","isPartOf":{"@id":"https:\/\/abd.ong\/ca\/#website"},"primaryImageOfPage":{"@id":"https:\/\/abd.ong\/ca\/drogues-i-salut\/reinici-de-lactivitat-al-centre-descolta-de-medellin\/#primaryimage"},"image":{"@id":"https:\/\/abd.ong\/ca\/drogues-i-salut\/reinici-de-lactivitat-al-centre-descolta-de-medellin\/#primaryimage"},"thumbnailUrl":"https:\/\/abd.ong\/wp-content\/uploads\/2021\/12\/curgir.jpg","datePublished":"2021-12-29T09:34:58+00:00","dateModified":"2021-12-29T09:55:32+00:00","description":"Despr\u00e9s d'uns mesos de baixa en l'activitat del Centre d'Escolta per a persones Habitants de Carrer de la ciutat de Medell\u00edn, a Col\u00f2mbia, aquest ha repr\u00e8s","breadcrumb":{"@id":"https:\/\/abd.ong\/ca\/drogues-i-salut\/reinici-de-lactivitat-al-centre-descolta-de-medellin\/#breadcrumb"},"inLanguage":"ca","potentialAction":[{"@type":"ReadAction","target":["https:\/\/abd.ong\/ca\/drogues-i-salut\/reinici-de-lactivitat-al-centre-descolta-de-medellin\/"]}]},{"@type":"ImageObject","inLanguage":"ca","@id":"https:\/\/abd.ong\/ca\/drogues-i-salut\/reinici-de-lactivitat-al-centre-descolta-de-medellin\/#primaryimage","url":"https:\/\/abd.ong\/wp-content\/uploads\/2021\/12\/curgir.jpg","contentUrl":"https:\/\/abd.ong\/wp-content\/uploads\/2021\/12\/curgir.jpg","width":1280,"height":576},{"@type":"BreadcrumbList","@id":"https:\/\/abd.ong\/ca\/drogues-i-salut\/reinici-de-lactivitat-al-centre-descolta-de-medellin\/#breadcrumb","itemListElement":[{"@type":"ListItem","position":1,"name":"Inici","item":"https:\/\/abd.ong\/ca\/"},{"@type":"ListItem","position":2,"name":"Reinici de l&#8217;activitat al Centre d&#8217;Escolta de Medell\u00edn"}]},{"@type":"WebSite","@id":"https:\/\/abd.ong\/ca\/#website","url":"https:\/\/abd.ong\/ca\/","name":"ABD","description":"Asociaci\u00f3n Bienestar y Desarrollo","publisher":{"@id":"https:\/\/abd.ong\/ca\/#organization"},"potentialAction":[{"@type":"SearchAction","target":{"@type":"EntryPoint","urlTemplate":"https:\/\/abd.ong\/ca\/?s={search_term_string}"},"query-input":{"@type":"PropertyValueSpecification","valueRequired":true,"valueName":"search_term_string"}}],"inLanguage":"ca"},{"@type":"Organization","@id":"https:\/\/abd.ong\/ca\/#organization","name":"Associaci\u00f3 Benestar i Desenvolupament","alternateName":"ABD","url":"https:\/\/abd.ong\/ca\/","logo":{"@type":"ImageObject","inLanguage":"ca","@id":"https:\/\/abd.ong\/ca\/#\/schema\/logo\/image\/","url":"https:\/\/abd.ong\/wp-content\/uploads\/2023\/01\/Icona.png","contentUrl":"https:\/\/abd.ong\/wp-content\/uploads\/2023\/01\/Icona.png","width":190,"height":187,"caption":"Associaci\u00f3 Benestar i Desenvolupament"},"image":{"@id":"https:\/\/abd.ong\/ca\/#\/schema\/logo\/image\/"},"sameAs":["https:\/\/www.facebook.com\/abd.ong","https:\/\/x.com\/abd_ong","https:\/\/www.instagram.com\/abd_ong\/","https:\/\/www.linkedin.com\/company\/abdong","https:\/\/www.youtube.com\/user\/CANALABD"]},{"@type":"Person","@id":"https:\/\/abd.ong\/ca\/#\/schema\/person\/d2e158b4173f683b3898e286f5b35a10","name":"Maria Creixell"}]}},"_links":{"self":[{"href":"https:\/\/abd.ong\/ca\/wp-json\/wp\/v2\/posts\/28777","targetHints":{"allow":["GET"]}}],"collection":[{"href":"https:\/\/abd.ong\/ca\/wp-json\/wp\/v2\/posts"}],"about":[{"href":"https:\/\/abd.ong\/ca\/wp-json\/wp\/v2\/types\/post"}],"author":[{"embeddable":true,"href":"https:\/\/abd.ong\/ca\/wp-json\/wp\/v2\/users\/9"}],"replies":[{"embeddable":true,"href":"https:\/\/abd.ong\/ca\/wp-json\/wp\/v2\/comments?post=28777"}],"version-history":[{"count":1,"href":"https:\/\/abd.ong\/ca\/wp-json\/wp\/v2\/posts\/28777\/revisions"}],"predecessor-version":[{"id":28778,"href":"https:\/\/abd.ong\/ca\/wp-json\/wp\/v2\/posts\/28777\/revisions\/28778"}],"wp:featuredmedia":[{"embeddable":true,"href":"https:\/\/abd.ong\/ca\/wp-json\/wp\/v2\/media\/28774"}],"wp:attachment":[{"href":"https:\/\/abd.ong\/ca\/wp-json\/wp\/v2\/media?parent=28777"}],"wp:term":[{"taxonomy":"category","embeddable":true,"href":"https:\/\/abd.ong\/ca\/wp-json\/wp\/v2\/categories?post=28777"},{"taxonomy":"post_tag","embeddable":true,"href":"https:\/\/abd.ong\/ca\/wp-json\/wp\/v2\/tags?post=28777"}],"curies":[{"name":"wp","href":"https:\/\/api.w.org\/{rel}","templated":true}]}}