{"id":28599,"date":"2021-12-20T09:54:10","date_gmt":"2021-12-20T08:54:10","guid":{"rendered":"https:\/\/abd.ong\/sense-categoria\/per-un-2022-amb-menys-desigualtats\/"},"modified":"2021-12-20T13:46:57","modified_gmt":"2021-12-20T12:46:57","slug":"per-un-2022-amb-menys-desigualtats","status":"publish","type":"post","link":"https:\/\/abd.ong\/ca\/general-ca\/per-un-2022-amb-menys-desigualtats\/","title":{"rendered":"Per un 2022 amb menys desigualtats"},"content":{"rendered":"\n<h3 class=\"wp-block-heading\"><h3>El 26,4% de la poblaci\u00f3 espanyola es troba en risc de pobresa i exclusi\u00f3 social. Des d&#8217;ABD hem continuat acompanyant i impulsant serveis essencials. Som presents i sentim que no podem faltar.<\/h3><\/h3>\n\n<div style=\"height:40px\" aria-hidden=\"true\" class=\"wp-block-spacer\"><\/div>\n\n<p>En breu tancarem un any que ha continuat marcat pel context d&#8217;excepcionalitat que vivim a causa de la crisi sanit\u00e0ria, social i econ\u00f2mica provocada per la pand\u00e8mia de la Covid-19. Un any en qu\u00e8 hem comen\u00e7at a veure la llum al final del t\u00fanel, per\u00f2 en el qual encara convivim amb un escenari molt delicat.<\/p>\n\n<p><strong>El 26,4% de la poblaci\u00f3 espanyola es troba en risc de pobresa i exclusi\u00f3 socia<\/strong>l. A m\u00e9s, les persones que m\u00e9s la pateixen s\u00f3n precisament les que es troben en una situaci\u00f3 de major vulnerabilitat: nens i nenes, joves, dones, persones migrants, persones majors i persones amb discapacitat intel\u00b7lectual.<\/p>\n\n<p>La falta d&#8217;acc\u00e9s a un habitatge digne causa un impacte greu i per a moltes fam\u00edlies no s&#8217;estan garantint drets b\u00e0sics com l&#8217;acc\u00e9s a l&#8217;energia o el dret a l&#8217;alimentaci\u00f3. Les persones drogodependents continuen estant estigmatitzades. La xacra de la viol\u00e8ncia masclista continua sumant v\u00edctimes i encara falta un llarg cam\u00ed per rec\u00f3rrer per a aconseguir la igualtat de g\u00e8nere.<\/p>\n\n<blockquote class=\"wp-block-quote is-style-large is-layout-flow wp-block-quote-is-layout-flow\"><p>La falta d&#8217;acc\u00e9s a un habitatge digne causa un impacte greu i per a moltes fam\u00edlies no s&#8217;estan garantint drets b\u00e0sics com l&#8217;acc\u00e9s a l&#8217;energia o el dret a l&#8217;alimentaci\u00f3.<\/p><\/blockquote>\n\n<div class=\"wp-block-image\"><figure class=\"aligncenter size-large is-resized\"><img fetchpriority=\"high\" decoding=\"async\" src=\"https:\/\/abd.ong\/wp-content\/uploads\/2021\/12\/image00015-1024x768.jpeg\" alt=\"\" class=\"wp-image-28603\" width=\"631\" height=\"473\" srcset=\"https:\/\/abd.ong\/wp-content\/uploads\/2021\/12\/image00015-1024x768.jpeg 1024w, https:\/\/abd.ong\/wp-content\/uploads\/2021\/12\/image00015-300x225.jpeg 300w, https:\/\/abd.ong\/wp-content\/uploads\/2021\/12\/image00015-768x576.jpeg 768w, https:\/\/abd.ong\/wp-content\/uploads\/2021\/12\/image00015-1536x1152.jpeg 1536w, https:\/\/abd.ong\/wp-content\/uploads\/2021\/12\/image00015.jpeg 2048w\" sizes=\"(max-width: 631px) 100vw, 631px\" \/><\/figure><\/div>\n\n<p>Davant aquesta realitat, des d&#8217;ABD hem continuat acompanyant i impulsant serveis essencials a persones en situaci\u00f3 de vulnerabilitat que, abans de la pand\u00e8mia del coronavirus, ja vivien amb moltes dificultats per a cobrir necessitats b\u00e0siques i actualment han vist agreujada la seva situaci\u00f3. <strong>Som un agent singular i indispensable a nivell social i sanitari. Som presents i sentim que no podem faltar.<\/strong><\/p>\n\n<blockquote class=\"wp-block-quote is-style-large is-layout-flow wp-block-quote-is-layout-flow\"><p>Som un agent singular i indispensable a nivell social i sanitari. Som presents i sentim que no podem faltar.<\/p><\/blockquote>\n\n<p>ABD som tota la base social: professionals, persones usu\u00e0ries, fam\u00edlies, persones volunt\u00e0ries i entitats i empreses col\u00b7laboradores. Totes juntes hem constru\u00eft de manera transversal una xarxa comunit\u00e0ria per a donar respostes pr\u00f2ximes, acollidores, compartides, innovadores i solid\u00e0ries que fomentin drets i disminueixin desigualtats.<\/p>\n\n<p>L&#8217;any vinent ens esperen molts reptes que posarem en marxa juntes. Mirem el present amb satisfacci\u00f3 pel treball realitzat i albirem el futur amb esperan\u00e7a i il\u00b7lusi\u00f3 pels nous projectes que ens ajudaran a conduir-nos al m\u00f3n que volem.<\/p>\n\n<p>Els millors desitjos per un nou any que esperem que vingui carregat de solidaritat ciutadana. <strong>De l&#8217;acci\u00f3 de cadascun i de cadascuna de nosaltres dep\u00e8n el dest\u00ed de totes i tots.<\/strong><\/p>\n\n<p>Bones festes<\/p>\n\n<div style=\"height:50px\" aria-hidden=\"true\" class=\"wp-block-spacer\"><\/div>\n\n<div class=\"wp-block-columns is-layout-flex wp-container-core-columns-is-layout-9d6595d7 wp-block-columns-is-layout-flex\">\n<div class=\"wp-block-column is-layout-flow wp-block-column-is-layout-flow\">\n<p><strong>Felisa P\u00e9rez Ant\u00f3n<\/strong>&#13;\nPresidenta ABD<\/p>\n<\/div>\n\n\n\n<div class=\"wp-block-column is-layout-flow wp-block-column-is-layout-flow\">\n<p><strong>\u00c0ngels Guiteras Mestres<\/strong>&#13;\nGerent ABD<\/p>\n<\/div>\n<\/div>\n\n<p><strong>\u00a0\u00a0\u00a0\u00a0\u00a0\u00a0\u00a0\u00a0\u00a0\u00a0\u00a0\u00a0\u00a0\u00a0\u00a0\u00a0\u00a0\u00a0\u00a0\u00a0\u00a0\u00a0\u00a0\u00a0\u00a0\u00a0\u00a0\u00a0\u00a0\u00a0\u00a0\u00a0\u00a0 \u00a0\u00a0\u00a0\u00a0\u00a0\u00a0\u00a0\u00a0\u00a0\u00a0\u00a0\u00a0<\/strong><\/p>\n\n<p>\u00a0 \u00a0 \u00a0 \u00a0 \u00a0 \u00a0 \u00a0 \u00a0 \u00a0 \u00a0 \u00a0 \u00a0 \u00a0 \u00a0 \u00a0 \u00a0 \u00a0 \u00a0 \u00a0 <\/p>\n","protected":false},"excerpt":{"rendered":"<p>El 26,4% de la poblaci\u00f3 espanyola es troba en risc de pobresa i exclusi\u00f3 social. Des d&#8217;ABD hem continuat acompanyant i impulsant serveis essencials. Som presents i sentim que no&hellip;<\/p>\n","protected":false},"author":9,"featured_media":28597,"comment_status":"closed","ping_status":"closed","sticky":false,"template":"","format":"standard","meta":{"_acf_changed":false,"footnotes":""},"categories":[66],"tags":[1897,675,2659,2287,2227,1332],"class_list":["post-28599","post","type-post","status-publish","format-standard","has-post-thumbnail","hentry","category-general-ca","tag-abd-2-ca","tag-asociacion-bienestar-y-desarrollo-ca","tag-balanc","tag-exclusio-social-ca-2","tag-pobresa-ca-3","tag-tercer-sector-ca-2"],"acf":[],"yoast_head":"<!-- This site is optimized with the Yoast SEO plugin v27.4 - https:\/\/yoast.com\/product\/yoast-seo-wordpress\/ -->\n<title>Per un 2022 amb menys desigualtats - ABD<\/title>\n<meta name=\"description\" content=\"El 26,4% de la poblaci\u00f3 espanyola es troba en risc de pobresa i exclusi\u00f3 social. Des d&#039;ABD hem continuat acompanyant i impulsant serveis essencials. Som\" \/>\n<meta name=\"robots\" content=\"index, follow, max-snippet:-1, max-image-preview:large, max-video-preview:-1\" \/>\n<link rel=\"canonical\" href=\"https:\/\/abd.ong\/ca\/general-ca\/per-un-2022-amb-menys-desigualtats\/\" \/>\n<meta property=\"og:locale\" content=\"ca_ES\" \/>\n<meta property=\"og:type\" content=\"article\" \/>\n<meta property=\"og:title\" content=\"Per un 2022 amb menys desigualtats - ABD\" \/>\n<meta property=\"og:description\" content=\"El 26,4% de la poblaci\u00f3 espanyola es troba en risc de pobresa i exclusi\u00f3 social. Des d&#039;ABD hem continuat acompanyant i impulsant serveis essencials. Som\" \/>\n<meta property=\"og:url\" content=\"https:\/\/abd.ong\/ca\/general-ca\/per-un-2022-amb-menys-desigualtats\/\" \/>\n<meta property=\"og:site_name\" content=\"ABD\" \/>\n<meta property=\"article:publisher\" content=\"https:\/\/www.facebook.com\/abd.ong\" \/>\n<meta property=\"article:published_time\" content=\"2021-12-20T08:54:10+00:00\" \/>\n<meta property=\"article:modified_time\" content=\"2021-12-20T12:46:57+00:00\" \/>\n<meta property=\"og:image\" content=\"https:\/\/abd.ong\/wp-content\/uploads\/2021\/12\/FOTO-BONA.jpeg\" \/>\n\t<meta property=\"og:image:width\" content=\"2048\" \/>\n\t<meta property=\"og:image:height\" content=\"1536\" \/>\n\t<meta property=\"og:image:type\" content=\"image\/jpeg\" \/>\n<meta name=\"author\" content=\"Maria Creixell\" \/>\n<meta name=\"twitter:card\" content=\"summary_large_image\" \/>\n<meta name=\"twitter:creator\" content=\"@abd_ong\" \/>\n<meta name=\"twitter:site\" content=\"@abd_ong\" \/>\n<meta name=\"twitter:label1\" content=\"Escrit per\" \/>\n\t<meta name=\"twitter:data1\" content=\"Maria Creixell\" \/>\n\t<meta name=\"twitter:label2\" content=\"Temps estimat de lectura\" \/>\n\t<meta name=\"twitter:data2\" content=\"2 minuts\" \/>\n<script type=\"application\/ld+json\" class=\"yoast-schema-graph\">{\"@context\":\"https:\\\/\\\/schema.org\",\"@graph\":[{\"@type\":\"Article\",\"@id\":\"https:\\\/\\\/abd.ong\\\/ca\\\/general-ca\\\/per-un-2022-amb-menys-desigualtats\\\/#article\",\"isPartOf\":{\"@id\":\"https:\\\/\\\/abd.ong\\\/ca\\\/general-ca\\\/per-un-2022-amb-menys-desigualtats\\\/\"},\"author\":{\"name\":\"Maria Creixell\",\"@id\":\"https:\\\/\\\/abd.ong\\\/ca\\\/#\\\/schema\\\/person\\\/d2e158b4173f683b3898e286f5b35a10\"},\"headline\":\"Per un 2022 amb menys desigualtats\",\"datePublished\":\"2021-12-20T08:54:10+00:00\",\"dateModified\":\"2021-12-20T12:46:57+00:00\",\"mainEntityOfPage\":{\"@id\":\"https:\\\/\\\/abd.ong\\\/ca\\\/general-ca\\\/per-un-2022-amb-menys-desigualtats\\\/\"},\"wordCount\":487,\"publisher\":{\"@id\":\"https:\\\/\\\/abd.ong\\\/ca\\\/#organization\"},\"image\":{\"@id\":\"https:\\\/\\\/abd.ong\\\/ca\\\/general-ca\\\/per-un-2022-amb-menys-desigualtats\\\/#primaryimage\"},\"thumbnailUrl\":\"https:\\\/\\\/abd.ong\\\/wp-content\\\/uploads\\\/2021\\\/12\\\/FOTO-BONA.jpeg\",\"keywords\":[\"ABD\",\"Asociaci\u00f3n Bienestar y Desarrollo\",\"balan\u00e7\",\"exclusi\u00f3 social\",\"pobresa\",\"Tercer Sector\"],\"articleSection\":[\"General\"],\"inLanguage\":\"ca\"},{\"@type\":\"WebPage\",\"@id\":\"https:\\\/\\\/abd.ong\\\/ca\\\/general-ca\\\/per-un-2022-amb-menys-desigualtats\\\/\",\"url\":\"https:\\\/\\\/abd.ong\\\/ca\\\/general-ca\\\/per-un-2022-amb-menys-desigualtats\\\/\",\"name\":\"Per un 2022 amb menys desigualtats - ABD\",\"isPartOf\":{\"@id\":\"https:\\\/\\\/abd.ong\\\/ca\\\/#website\"},\"primaryImageOfPage\":{\"@id\":\"https:\\\/\\\/abd.ong\\\/ca\\\/general-ca\\\/per-un-2022-amb-menys-desigualtats\\\/#primaryimage\"},\"image\":{\"@id\":\"https:\\\/\\\/abd.ong\\\/ca\\\/general-ca\\\/per-un-2022-amb-menys-desigualtats\\\/#primaryimage\"},\"thumbnailUrl\":\"https:\\\/\\\/abd.ong\\\/wp-content\\\/uploads\\\/2021\\\/12\\\/FOTO-BONA.jpeg\",\"datePublished\":\"2021-12-20T08:54:10+00:00\",\"dateModified\":\"2021-12-20T12:46:57+00:00\",\"description\":\"El 26,4% de la poblaci\u00f3 espanyola es troba en risc de pobresa i exclusi\u00f3 social. Des d'ABD hem continuat acompanyant i impulsant serveis essencials. Som\",\"breadcrumb\":{\"@id\":\"https:\\\/\\\/abd.ong\\\/ca\\\/general-ca\\\/per-un-2022-amb-menys-desigualtats\\\/#breadcrumb\"},\"inLanguage\":\"ca\",\"potentialAction\":[{\"@type\":\"ReadAction\",\"target\":[\"https:\\\/\\\/abd.ong\\\/ca\\\/general-ca\\\/per-un-2022-amb-menys-desigualtats\\\/\"]}]},{\"@type\":\"ImageObject\",\"inLanguage\":\"ca\",\"@id\":\"https:\\\/\\\/abd.ong\\\/ca\\\/general-ca\\\/per-un-2022-amb-menys-desigualtats\\\/#primaryimage\",\"url\":\"https:\\\/\\\/abd.ong\\\/wp-content\\\/uploads\\\/2021\\\/12\\\/FOTO-BONA.jpeg\",\"contentUrl\":\"https:\\\/\\\/abd.ong\\\/wp-content\\\/uploads\\\/2021\\\/12\\\/FOTO-BONA.jpeg\",\"width\":2048,\"height\":1536},{\"@type\":\"BreadcrumbList\",\"@id\":\"https:\\\/\\\/abd.ong\\\/ca\\\/general-ca\\\/per-un-2022-amb-menys-desigualtats\\\/#breadcrumb\",\"itemListElement\":[{\"@type\":\"ListItem\",\"position\":1,\"name\":\"Inici\",\"item\":\"https:\\\/\\\/abd.ong\\\/ca\\\/\"},{\"@type\":\"ListItem\",\"position\":2,\"name\":\"Per un 2022 amb menys desigualtats\"}]},{\"@type\":\"WebSite\",\"@id\":\"https:\\\/\\\/abd.ong\\\/ca\\\/#website\",\"url\":\"https:\\\/\\\/abd.ong\\\/ca\\\/\",\"name\":\"ABD\",\"description\":\"Asociaci\u00f3n Bienestar y Desarrollo\",\"publisher\":{\"@id\":\"https:\\\/\\\/abd.ong\\\/ca\\\/#organization\"},\"potentialAction\":[{\"@type\":\"SearchAction\",\"target\":{\"@type\":\"EntryPoint\",\"urlTemplate\":\"https:\\\/\\\/abd.ong\\\/ca\\\/?s={search_term_string}\"},\"query-input\":{\"@type\":\"PropertyValueSpecification\",\"valueRequired\":true,\"valueName\":\"search_term_string\"}}],\"inLanguage\":\"ca\"},{\"@type\":\"Organization\",\"@id\":\"https:\\\/\\\/abd.ong\\\/ca\\\/#organization\",\"name\":\"Associaci\u00f3 Benestar i Desenvolupament\",\"alternateName\":\"ABD\",\"url\":\"https:\\\/\\\/abd.ong\\\/ca\\\/\",\"logo\":{\"@type\":\"ImageObject\",\"inLanguage\":\"ca\",\"@id\":\"https:\\\/\\\/abd.ong\\\/ca\\\/#\\\/schema\\\/logo\\\/image\\\/\",\"url\":\"https:\\\/\\\/abd.ong\\\/wp-content\\\/uploads\\\/2023\\\/01\\\/Icona.png\",\"contentUrl\":\"https:\\\/\\\/abd.ong\\\/wp-content\\\/uploads\\\/2023\\\/01\\\/Icona.png\",\"width\":190,\"height\":187,\"caption\":\"Associaci\u00f3 Benestar i Desenvolupament\"},\"image\":{\"@id\":\"https:\\\/\\\/abd.ong\\\/ca\\\/#\\\/schema\\\/logo\\\/image\\\/\"},\"sameAs\":[\"https:\\\/\\\/www.facebook.com\\\/abd.ong\",\"https:\\\/\\\/x.com\\\/abd_ong\",\"https:\\\/\\\/www.instagram.com\\\/abd_ong\\\/\",\"https:\\\/\\\/www.linkedin.com\\\/company\\\/abdong\",\"https:\\\/\\\/www.youtube.com\\\/user\\\/CANALABD\"]},{\"@type\":\"Person\",\"@id\":\"https:\\\/\\\/abd.ong\\\/ca\\\/#\\\/schema\\\/person\\\/d2e158b4173f683b3898e286f5b35a10\",\"name\":\"Maria Creixell\"}]}<\/script>\n<!-- \/ Yoast SEO plugin. -->","yoast_head_json":{"title":"Per un 2022 amb menys desigualtats - ABD","description":"El 26,4% de la poblaci\u00f3 espanyola es troba en risc de pobresa i exclusi\u00f3 social. Des d'ABD hem continuat acompanyant i impulsant serveis essencials. Som","robots":{"index":"index","follow":"follow","max-snippet":"max-snippet:-1","max-image-preview":"max-image-preview:large","max-video-preview":"max-video-preview:-1"},"canonical":"https:\/\/abd.ong\/ca\/general-ca\/per-un-2022-amb-menys-desigualtats\/","og_locale":"ca_ES","og_type":"article","og_title":"Per un 2022 amb menys desigualtats - ABD","og_description":"El 26,4% de la poblaci\u00f3 espanyola es troba en risc de pobresa i exclusi\u00f3 social. Des d'ABD hem continuat acompanyant i impulsant serveis essencials. Som","og_url":"https:\/\/abd.ong\/ca\/general-ca\/per-un-2022-amb-menys-desigualtats\/","og_site_name":"ABD","article_publisher":"https:\/\/www.facebook.com\/abd.ong","article_published_time":"2021-12-20T08:54:10+00:00","article_modified_time":"2021-12-20T12:46:57+00:00","og_image":[{"width":2048,"height":1536,"url":"https:\/\/abd.ong\/wp-content\/uploads\/2021\/12\/FOTO-BONA.jpeg","type":"image\/jpeg"}],"author":"Maria Creixell","twitter_card":"summary_large_image","twitter_creator":"@abd_ong","twitter_site":"@abd_ong","twitter_misc":{"Escrit per":"Maria Creixell","Temps estimat de lectura":"2 minuts"},"schema":{"@context":"https:\/\/schema.org","@graph":[{"@type":"Article","@id":"https:\/\/abd.ong\/ca\/general-ca\/per-un-2022-amb-menys-desigualtats\/#article","isPartOf":{"@id":"https:\/\/abd.ong\/ca\/general-ca\/per-un-2022-amb-menys-desigualtats\/"},"author":{"name":"Maria Creixell","@id":"https:\/\/abd.ong\/ca\/#\/schema\/person\/d2e158b4173f683b3898e286f5b35a10"},"headline":"Per un 2022 amb menys desigualtats","datePublished":"2021-12-20T08:54:10+00:00","dateModified":"2021-12-20T12:46:57+00:00","mainEntityOfPage":{"@id":"https:\/\/abd.ong\/ca\/general-ca\/per-un-2022-amb-menys-desigualtats\/"},"wordCount":487,"publisher":{"@id":"https:\/\/abd.ong\/ca\/#organization"},"image":{"@id":"https:\/\/abd.ong\/ca\/general-ca\/per-un-2022-amb-menys-desigualtats\/#primaryimage"},"thumbnailUrl":"https:\/\/abd.ong\/wp-content\/uploads\/2021\/12\/FOTO-BONA.jpeg","keywords":["ABD","Asociaci\u00f3n Bienestar y Desarrollo","balan\u00e7","exclusi\u00f3 social","pobresa","Tercer Sector"],"articleSection":["General"],"inLanguage":"ca"},{"@type":"WebPage","@id":"https:\/\/abd.ong\/ca\/general-ca\/per-un-2022-amb-menys-desigualtats\/","url":"https:\/\/abd.ong\/ca\/general-ca\/per-un-2022-amb-menys-desigualtats\/","name":"Per un 2022 amb menys desigualtats - ABD","isPartOf":{"@id":"https:\/\/abd.ong\/ca\/#website"},"primaryImageOfPage":{"@id":"https:\/\/abd.ong\/ca\/general-ca\/per-un-2022-amb-menys-desigualtats\/#primaryimage"},"image":{"@id":"https:\/\/abd.ong\/ca\/general-ca\/per-un-2022-amb-menys-desigualtats\/#primaryimage"},"thumbnailUrl":"https:\/\/abd.ong\/wp-content\/uploads\/2021\/12\/FOTO-BONA.jpeg","datePublished":"2021-12-20T08:54:10+00:00","dateModified":"2021-12-20T12:46:57+00:00","description":"El 26,4% de la poblaci\u00f3 espanyola es troba en risc de pobresa i exclusi\u00f3 social. Des d'ABD hem continuat acompanyant i impulsant serveis essencials. Som","breadcrumb":{"@id":"https:\/\/abd.ong\/ca\/general-ca\/per-un-2022-amb-menys-desigualtats\/#breadcrumb"},"inLanguage":"ca","potentialAction":[{"@type":"ReadAction","target":["https:\/\/abd.ong\/ca\/general-ca\/per-un-2022-amb-menys-desigualtats\/"]}]},{"@type":"ImageObject","inLanguage":"ca","@id":"https:\/\/abd.ong\/ca\/general-ca\/per-un-2022-amb-menys-desigualtats\/#primaryimage","url":"https:\/\/abd.ong\/wp-content\/uploads\/2021\/12\/FOTO-BONA.jpeg","contentUrl":"https:\/\/abd.ong\/wp-content\/uploads\/2021\/12\/FOTO-BONA.jpeg","width":2048,"height":1536},{"@type":"BreadcrumbList","@id":"https:\/\/abd.ong\/ca\/general-ca\/per-un-2022-amb-menys-desigualtats\/#breadcrumb","itemListElement":[{"@type":"ListItem","position":1,"name":"Inici","item":"https:\/\/abd.ong\/ca\/"},{"@type":"ListItem","position":2,"name":"Per un 2022 amb menys desigualtats"}]},{"@type":"WebSite","@id":"https:\/\/abd.ong\/ca\/#website","url":"https:\/\/abd.ong\/ca\/","name":"ABD","description":"Asociaci\u00f3n Bienestar y Desarrollo","publisher":{"@id":"https:\/\/abd.ong\/ca\/#organization"},"potentialAction":[{"@type":"SearchAction","target":{"@type":"EntryPoint","urlTemplate":"https:\/\/abd.ong\/ca\/?s={search_term_string}"},"query-input":{"@type":"PropertyValueSpecification","valueRequired":true,"valueName":"search_term_string"}}],"inLanguage":"ca"},{"@type":"Organization","@id":"https:\/\/abd.ong\/ca\/#organization","name":"Associaci\u00f3 Benestar i Desenvolupament","alternateName":"ABD","url":"https:\/\/abd.ong\/ca\/","logo":{"@type":"ImageObject","inLanguage":"ca","@id":"https:\/\/abd.ong\/ca\/#\/schema\/logo\/image\/","url":"https:\/\/abd.ong\/wp-content\/uploads\/2023\/01\/Icona.png","contentUrl":"https:\/\/abd.ong\/wp-content\/uploads\/2023\/01\/Icona.png","width":190,"height":187,"caption":"Associaci\u00f3 Benestar i Desenvolupament"},"image":{"@id":"https:\/\/abd.ong\/ca\/#\/schema\/logo\/image\/"},"sameAs":["https:\/\/www.facebook.com\/abd.ong","https:\/\/x.com\/abd_ong","https:\/\/www.instagram.com\/abd_ong\/","https:\/\/www.linkedin.com\/company\/abdong","https:\/\/www.youtube.com\/user\/CANALABD"]},{"@type":"Person","@id":"https:\/\/abd.ong\/ca\/#\/schema\/person\/d2e158b4173f683b3898e286f5b35a10","name":"Maria Creixell"}]}},"_links":{"self":[{"href":"https:\/\/abd.ong\/ca\/wp-json\/wp\/v2\/posts\/28599","targetHints":{"allow":["GET"]}}],"collection":[{"href":"https:\/\/abd.ong\/ca\/wp-json\/wp\/v2\/posts"}],"about":[{"href":"https:\/\/abd.ong\/ca\/wp-json\/wp\/v2\/types\/post"}],"author":[{"embeddable":true,"href":"https:\/\/abd.ong\/ca\/wp-json\/wp\/v2\/users\/9"}],"replies":[{"embeddable":true,"href":"https:\/\/abd.ong\/ca\/wp-json\/wp\/v2\/comments?post=28599"}],"version-history":[{"count":3,"href":"https:\/\/abd.ong\/ca\/wp-json\/wp\/v2\/posts\/28599\/revisions"}],"predecessor-version":[{"id":28629,"href":"https:\/\/abd.ong\/ca\/wp-json\/wp\/v2\/posts\/28599\/revisions\/28629"}],"wp:featuredmedia":[{"embeddable":true,"href":"https:\/\/abd.ong\/ca\/wp-json\/wp\/v2\/media\/28597"}],"wp:attachment":[{"href":"https:\/\/abd.ong\/ca\/wp-json\/wp\/v2\/media?parent=28599"}],"wp:term":[{"taxonomy":"category","embeddable":true,"href":"https:\/\/abd.ong\/ca\/wp-json\/wp\/v2\/categories?post=28599"},{"taxonomy":"post_tag","embeddable":true,"href":"https:\/\/abd.ong\/ca\/wp-json\/wp\/v2\/tags?post=28599"}],"curies":[{"name":"wp","href":"https:\/\/api.w.org\/{rel}","templated":true}]}}