{"id":28472,"date":"2021-12-14T13:26:34","date_gmt":"2021-12-14T12:26:34","guid":{"rendered":"https:\/\/abd.ong\/sense-categoria\/busquem-voluntariat-per-a-la-botiga-energia-justa-mumswork-i-persones-grans\/"},"modified":"2021-12-30T10:33:35","modified_gmt":"2021-12-30T09:33:35","slug":"busquem-voluntariat-per-a-la-botiga-energia-justa-i-persones-grans","status":"publish","type":"post","link":"https:\/\/abd.ong\/ca\/voluntariat\/busquem-voluntariat-per-a-la-botiga-energia-justa-i-persones-grans\/","title":{"rendered":"Busquem voluntariat per a La Botiga, Energia Justa i persones grans"},"content":{"rendered":"\n<p>T&#8217;interessa implicar-te en projectes socials? Busques alguna iniciativa social amb la que col\u00b7laborar?\nA ABD busquem persones amb ganes de participar en la transformaci\u00f3 social a trav\u00e9s del voluntariat.<\/p>\n\n\n\n<div style=\"height:40px\" aria-hidden=\"true\" class=\"wp-block-spacer\"><\/div>\n\n\n\n<h3 class=\"wp-block-heading\">La Botiga<\/h3>\n\n\n\n<p>La Botiga del Prat de Llobregat \u00e9s un projecte de garantia alimentaria, apoderament comunitari i sostenibilitat que s\u2019organitza com un model d\u2019autoservei i venda assistida. A partir del sistema de lliure elecci\u00f3, les families que acudeixen al servei poden adquirir els productes que m\u00e9s necessitin. <\/p>\n\n\n\n<p>Les <strong>tasques<\/strong> del voluntariat a La Botiga s\u00f3n:<\/p>\n\n\n\n<ul class=\"wp-block-list\"><li>Acollida de noves fam\u00edlies<\/li><li>Triatge de fruita i verdura<\/li><li>Acompanyament a la compra<\/li><li>Classificaci\u00f3 minves<\/li><li>Registre inicial<\/li><li>Reposici\u00f3<\/li><li>Preparar productes especials<\/li><li>Enquestes i recollida d&#8217;informaci\u00f3<\/li><li>Ordre, manteniment i etiquetatge de productes<\/li><li>Suport administratiu<\/li><\/ul>\n\n\n\n<p><strong>Requisits<\/strong><\/p>\n\n\n\n<p>Les persones voluntaries han de tenir m\u00e9s de 18 anys i inter\u00e9s i motivaci\u00f3 per participar en un projecte de car\u00e0cter social i comunitari.\nBusquem persones responsables, amb capacitat de comprom\u00eds i de treball en equip. S\u00f3n recomanables habilitats comunicatives, escolta activa i empatia.<\/p>\n\n\n\n<p><strong>Lloc de voluntariat<\/strong><\/p>\n\n\n\n<p>El Prat de Llobregat<\/p>\n\n\n\n<div style=\"height:40px\" aria-hidden=\"true\" class=\"wp-block-spacer\"><\/div>\n\n\n\n<h3 class=\"wp-block-heading\">Energia Justa<\/h3>\n\n\n\n<p>Energ\u00eda Justa <span style=\"font-weight: 400;\">\u00e9s una xarxa de persones volunt\u00e0ries compromeses amb la lluita contra la pobresa energ\u00e8tica, els seus efectes i conseq\u00fc\u00e8ncies en la salut, l&#8217;economia i el benestar de les persones que es troben en situaci\u00f3 de vulnerabilitat social.<\/span><span style=\"font-weight: 400;\">\n<\/span><span style=\"font-weight: 400;\">El seu comprom\u00eds rau en la defensa del dret a l&#8217;energia i l&#8217;aigua, com a subministraments b\u00e0sics per a totes les persones.<\/span><\/p>\n\n\n\n<p>Les tasques del voluntariat d&#8217;Energia Justa s\u00f3n:<\/p>\n\n\n\n<ul class=\"wp-block-list\"><li>Punts informatius<\/li><li>Tallers de factures i usos energ\u00e8tics<\/li><li>Acompanyaments<\/li><li>Sensibilitzaci\u00f3 i denuncia<\/li><\/ul>\n\n\n\n<p><strong>Requisits<\/strong><\/p>\n\n\n\n<p><span style=\"font-weight: 400;\">Busquem persones interessades en l&#8217;\u00e0mbit social, amb iniciativa, empatia i ganes d&#8217;implicar-se al projecte<\/span><span style=\"font-weight: 400;\">\n<\/span><span style=\"font-weight: 400;\">No cal una formaci\u00f3 pr\u00e8via, ja que s&#8217;impartir\u00e0 tota la formaci\u00f3 necess\u00e0ria.<\/span><span style=\"font-weight: 400;\">\n<\/span><\/p>\n\n\n\n<p><strong>Lloc de voluntariat<\/strong><\/p>\n\n\n\n<p>Barcelona i Hospitalet<\/p>\n\n\n\n<div style=\"height:40px\" aria-hidden=\"true\" class=\"wp-block-spacer\"><\/div>\n\n\n\n<h3 class=\"wp-block-heading\"><strong>Persones grans<\/strong><\/h3>\n\n\n\n<p>ABD compta amb diferents projectes i serveis d&#8217;atenci\u00f3 i acompanyament a les persones grans.<\/p>\n\n\n\n<p>Busquem persones volunt\u00e0ries que puguin realitzar alguna d&#8217;aquestes <strong>tasques<\/strong> o activitats:<\/p>\n\n\n\n<ul class=\"wp-block-list\"><li>Tallers de ioga<\/li><li>Inform\u00e0tica<\/li><li>Manualitats<\/li><li>Acompanyaments personals o en les sortides en grup<\/li><\/ul>\n\n\n\n<p><strong>Requisits<\/strong><\/p>\n\n\n\n<p>Tenir iniciativa, paci\u00e8ncia, saber escoltar i, sobretot, tenir ganes de compartir temps amb un grup de persones grans.<\/p>\n\n\n\n<p><strong>Lloc de voluntariat<\/strong><\/p>\n\n\n\n<p>Barcelona<\/p>\n\n\n\n<p><\/p>\n\n\n\n<div class=\"wp-block-columns are-vertically-aligned-center is-layout-flex wp-container-core-columns-is-layout-9d6595d7 wp-block-columns-is-layout-flex\">\n<div class=\"wp-block-column is-vertically-aligned-center is-layout-flow wp-block-column-is-layout-flow\" style=\"flex-basis:100%\">\n<div class=\"wp-block-buttons is-content-justification-center is-layout-flex wp-block-buttons-is-layout-flex\">\n<div class=\"wp-block-button is-style-fill\"><a class=\"wp-block-button__link has-white-color has-luminous-vivid-orange-background-color has-text-color has-background\" href=\"https:\/\/forms.gle\/xXbZuGMuwKmgFGbd6\" target=\"_blank\" rel=\"noreferrer noopener\">Inscriu-te<\/a><\/div>\n<\/div>\n<\/div>\n<\/div>\n","protected":false},"excerpt":{"rendered":"<p>T&#8217;interessa implicar-te en projectes socials? Busques alguna iniciativa social amb la que col\u00b7laborar? A ABD busquem persones amb ganes de participar en la transformaci\u00f3 social a trav\u00e9s del voluntariat. La&hellip;<\/p>\n","protected":false},"author":9,"featured_media":28462,"comment_status":"closed","ping_status":"closed","sticky":false,"template":"","format":"standard","meta":{"_acf_changed":false,"footnotes":""},"categories":[83],"tags":[675,2351,2625,2653,2267,2226,2468,2569,2657,2491,2656],"class_list":["post-28472","post","type-post","status-publish","format-standard","has-post-thumbnail","hentry","category-voluntariat","tag-asociacion-bienestar-y-desarrollo-ca","tag-dones-migrants-ca-3","tag-families-ca","tag-la-botiga-ca","tag-persones-grans-ca","tag-pobresa-energetica-ca","tag-soberania-alimentaria-ca","tag-sostenibilitat-ca","tag-voluntaria-ca","tag-voluntariat-ca","tag-voluntariat-social"],"acf":[],"yoast_head":"<!-- This site is optimized with the Yoast SEO plugin v27.4 - https:\/\/yoast.com\/product\/yoast-seo-wordpress\/ -->\n<title>Busquem voluntariat per a La Botiga, Energia Justa i persones grans - ABD<\/title>\n<meta name=\"description\" content=\"T&#039;interessa implicar-te en projectes socials? Busques alguna iniciativa social amb la que col\u00b7laborar? A ABD busquem persones amb ganes de participar en\" \/>\n<meta name=\"robots\" content=\"index, follow, max-snippet:-1, max-image-preview:large, max-video-preview:-1\" \/>\n<link rel=\"canonical\" href=\"https:\/\/abd.ong\/ca\/voluntariat\/busquem-voluntariat-per-a-la-botiga-energia-justa-i-persones-grans\/\" \/>\n<meta property=\"og:locale\" content=\"ca_ES\" \/>\n<meta property=\"og:type\" content=\"article\" \/>\n<meta property=\"og:title\" content=\"Busquem voluntariat per a La Botiga, Energia Justa i persones grans - ABD\" \/>\n<meta property=\"og:description\" content=\"T&#039;interessa implicar-te en projectes socials? Busques alguna iniciativa social amb la que col\u00b7laborar? A ABD busquem persones amb ganes de participar en\" \/>\n<meta property=\"og:url\" content=\"https:\/\/abd.ong\/ca\/voluntariat\/busquem-voluntariat-per-a-la-botiga-energia-justa-i-persones-grans\/\" \/>\n<meta property=\"og:site_name\" content=\"ABD\" \/>\n<meta property=\"article:publisher\" content=\"https:\/\/www.facebook.com\/abd.ong\" \/>\n<meta property=\"article:published_time\" content=\"2021-12-14T12:26:34+00:00\" \/>\n<meta property=\"article:modified_time\" content=\"2021-12-30T09:33:35+00:00\" \/>\n<meta property=\"og:image\" content=\"https:\/\/abd.ong\/wp-content\/uploads\/2021\/12\/pexels-mikhail-nilov-8543371.jpg\" \/>\n\t<meta property=\"og:image:width\" content=\"2048\" \/>\n\t<meta property=\"og:image:height\" content=\"1367\" \/>\n\t<meta property=\"og:image:type\" content=\"image\/jpeg\" \/>\n<meta name=\"author\" content=\"Maria Creixell\" \/>\n<meta name=\"twitter:card\" content=\"summary_large_image\" \/>\n<meta name=\"twitter:creator\" content=\"@abd_ong\" \/>\n<meta name=\"twitter:site\" content=\"@abd_ong\" \/>\n<meta name=\"twitter:label1\" content=\"Escrit per\" \/>\n\t<meta name=\"twitter:data1\" content=\"Maria Creixell\" \/>\n\t<meta name=\"twitter:label2\" content=\"Temps estimat de lectura\" \/>\n\t<meta name=\"twitter:data2\" content=\"2 minuts\" \/>\n<script type=\"application\/ld+json\" class=\"yoast-schema-graph\">{\"@context\":\"https:\\\/\\\/schema.org\",\"@graph\":[{\"@type\":\"Article\",\"@id\":\"https:\\\/\\\/abd.ong\\\/ca\\\/voluntariat\\\/busquem-voluntariat-per-a-la-botiga-energia-justa-i-persones-grans\\\/#article\",\"isPartOf\":{\"@id\":\"https:\\\/\\\/abd.ong\\\/ca\\\/voluntariat\\\/busquem-voluntariat-per-a-la-botiga-energia-justa-i-persones-grans\\\/\"},\"author\":{\"name\":\"Maria Creixell\",\"@id\":\"https:\\\/\\\/abd.ong\\\/ca\\\/#\\\/schema\\\/person\\\/d2e158b4173f683b3898e286f5b35a10\"},\"headline\":\"Busquem voluntariat per a La Botiga, Energia Justa i persones grans\",\"datePublished\":\"2021-12-14T12:26:34+00:00\",\"dateModified\":\"2021-12-30T09:33:35+00:00\",\"mainEntityOfPage\":{\"@id\":\"https:\\\/\\\/abd.ong\\\/ca\\\/voluntariat\\\/busquem-voluntariat-per-a-la-botiga-energia-justa-i-persones-grans\\\/\"},\"wordCount\":394,\"publisher\":{\"@id\":\"https:\\\/\\\/abd.ong\\\/ca\\\/#organization\"},\"image\":{\"@id\":\"https:\\\/\\\/abd.ong\\\/ca\\\/voluntariat\\\/busquem-voluntariat-per-a-la-botiga-energia-justa-i-persones-grans\\\/#primaryimage\"},\"thumbnailUrl\":\"https:\\\/\\\/abd.ong\\\/wp-content\\\/uploads\\\/2021\\\/12\\\/pexels-mikhail-nilov-8543371.jpg\",\"keywords\":[\"Asociaci\u00f3n Bienestar y Desarrollo\",\"dones migrants\",\"fam\u00edlies\",\"La botiga\",\"persones grans\",\"pobresa energ\u00e8tica\",\"soberania aliment\u00e0ria\",\"sostenibilitat\",\"volunt\u00e0ria\",\"voluntariat\",\"voluntariat social\"],\"articleSection\":[\"Voluntariat\"],\"inLanguage\":\"ca\"},{\"@type\":\"WebPage\",\"@id\":\"https:\\\/\\\/abd.ong\\\/ca\\\/voluntariat\\\/busquem-voluntariat-per-a-la-botiga-energia-justa-i-persones-grans\\\/\",\"url\":\"https:\\\/\\\/abd.ong\\\/ca\\\/voluntariat\\\/busquem-voluntariat-per-a-la-botiga-energia-justa-i-persones-grans\\\/\",\"name\":\"Busquem voluntariat per a La Botiga, Energia Justa i persones grans - ABD\",\"isPartOf\":{\"@id\":\"https:\\\/\\\/abd.ong\\\/ca\\\/#website\"},\"primaryImageOfPage\":{\"@id\":\"https:\\\/\\\/abd.ong\\\/ca\\\/voluntariat\\\/busquem-voluntariat-per-a-la-botiga-energia-justa-i-persones-grans\\\/#primaryimage\"},\"image\":{\"@id\":\"https:\\\/\\\/abd.ong\\\/ca\\\/voluntariat\\\/busquem-voluntariat-per-a-la-botiga-energia-justa-i-persones-grans\\\/#primaryimage\"},\"thumbnailUrl\":\"https:\\\/\\\/abd.ong\\\/wp-content\\\/uploads\\\/2021\\\/12\\\/pexels-mikhail-nilov-8543371.jpg\",\"datePublished\":\"2021-12-14T12:26:34+00:00\",\"dateModified\":\"2021-12-30T09:33:35+00:00\",\"description\":\"T'interessa implicar-te en projectes socials? Busques alguna iniciativa social amb la que col\u00b7laborar? A ABD busquem persones amb ganes de participar en\",\"breadcrumb\":{\"@id\":\"https:\\\/\\\/abd.ong\\\/ca\\\/voluntariat\\\/busquem-voluntariat-per-a-la-botiga-energia-justa-i-persones-grans\\\/#breadcrumb\"},\"inLanguage\":\"ca\",\"potentialAction\":[{\"@type\":\"ReadAction\",\"target\":[\"https:\\\/\\\/abd.ong\\\/ca\\\/voluntariat\\\/busquem-voluntariat-per-a-la-botiga-energia-justa-i-persones-grans\\\/\"]}]},{\"@type\":\"ImageObject\",\"inLanguage\":\"ca\",\"@id\":\"https:\\\/\\\/abd.ong\\\/ca\\\/voluntariat\\\/busquem-voluntariat-per-a-la-botiga-energia-justa-i-persones-grans\\\/#primaryimage\",\"url\":\"https:\\\/\\\/abd.ong\\\/wp-content\\\/uploads\\\/2021\\\/12\\\/pexels-mikhail-nilov-8543371.jpg\",\"contentUrl\":\"https:\\\/\\\/abd.ong\\\/wp-content\\\/uploads\\\/2021\\\/12\\\/pexels-mikhail-nilov-8543371.jpg\",\"width\":2048,\"height\":1367},{\"@type\":\"BreadcrumbList\",\"@id\":\"https:\\\/\\\/abd.ong\\\/ca\\\/voluntariat\\\/busquem-voluntariat-per-a-la-botiga-energia-justa-i-persones-grans\\\/#breadcrumb\",\"itemListElement\":[{\"@type\":\"ListItem\",\"position\":1,\"name\":\"Inici\",\"item\":\"https:\\\/\\\/abd.ong\\\/ca\\\/\"},{\"@type\":\"ListItem\",\"position\":2,\"name\":\"Busquem voluntariat per a La Botiga, Energia Justa i persones grans\"}]},{\"@type\":\"WebSite\",\"@id\":\"https:\\\/\\\/abd.ong\\\/ca\\\/#website\",\"url\":\"https:\\\/\\\/abd.ong\\\/ca\\\/\",\"name\":\"ABD\",\"description\":\"Asociaci\u00f3n Bienestar y Desarrollo\",\"publisher\":{\"@id\":\"https:\\\/\\\/abd.ong\\\/ca\\\/#organization\"},\"potentialAction\":[{\"@type\":\"SearchAction\",\"target\":{\"@type\":\"EntryPoint\",\"urlTemplate\":\"https:\\\/\\\/abd.ong\\\/ca\\\/?s={search_term_string}\"},\"query-input\":{\"@type\":\"PropertyValueSpecification\",\"valueRequired\":true,\"valueName\":\"search_term_string\"}}],\"inLanguage\":\"ca\"},{\"@type\":\"Organization\",\"@id\":\"https:\\\/\\\/abd.ong\\\/ca\\\/#organization\",\"name\":\"Associaci\u00f3 Benestar i Desenvolupament\",\"alternateName\":\"ABD\",\"url\":\"https:\\\/\\\/abd.ong\\\/ca\\\/\",\"logo\":{\"@type\":\"ImageObject\",\"inLanguage\":\"ca\",\"@id\":\"https:\\\/\\\/abd.ong\\\/ca\\\/#\\\/schema\\\/logo\\\/image\\\/\",\"url\":\"https:\\\/\\\/abd.ong\\\/wp-content\\\/uploads\\\/2023\\\/01\\\/Icona.png\",\"contentUrl\":\"https:\\\/\\\/abd.ong\\\/wp-content\\\/uploads\\\/2023\\\/01\\\/Icona.png\",\"width\":190,\"height\":187,\"caption\":\"Associaci\u00f3 Benestar i Desenvolupament\"},\"image\":{\"@id\":\"https:\\\/\\\/abd.ong\\\/ca\\\/#\\\/schema\\\/logo\\\/image\\\/\"},\"sameAs\":[\"https:\\\/\\\/www.facebook.com\\\/abd.ong\",\"https:\\\/\\\/x.com\\\/abd_ong\",\"https:\\\/\\\/www.instagram.com\\\/abd_ong\\\/\",\"https:\\\/\\\/www.linkedin.com\\\/company\\\/abdong\",\"https:\\\/\\\/www.youtube.com\\\/user\\\/CANALABD\"]},{\"@type\":\"Person\",\"@id\":\"https:\\\/\\\/abd.ong\\\/ca\\\/#\\\/schema\\\/person\\\/d2e158b4173f683b3898e286f5b35a10\",\"name\":\"Maria Creixell\"}]}<\/script>\n<!-- \/ Yoast SEO plugin. -->","yoast_head_json":{"title":"Busquem voluntariat per a La Botiga, Energia Justa i persones grans - ABD","description":"T'interessa implicar-te en projectes socials? Busques alguna iniciativa social amb la que col\u00b7laborar? A ABD busquem persones amb ganes de participar en","robots":{"index":"index","follow":"follow","max-snippet":"max-snippet:-1","max-image-preview":"max-image-preview:large","max-video-preview":"max-video-preview:-1"},"canonical":"https:\/\/abd.ong\/ca\/voluntariat\/busquem-voluntariat-per-a-la-botiga-energia-justa-i-persones-grans\/","og_locale":"ca_ES","og_type":"article","og_title":"Busquem voluntariat per a La Botiga, Energia Justa i persones grans - ABD","og_description":"T'interessa implicar-te en projectes socials? Busques alguna iniciativa social amb la que col\u00b7laborar? A ABD busquem persones amb ganes de participar en","og_url":"https:\/\/abd.ong\/ca\/voluntariat\/busquem-voluntariat-per-a-la-botiga-energia-justa-i-persones-grans\/","og_site_name":"ABD","article_publisher":"https:\/\/www.facebook.com\/abd.ong","article_published_time":"2021-12-14T12:26:34+00:00","article_modified_time":"2021-12-30T09:33:35+00:00","og_image":[{"width":2048,"height":1367,"url":"https:\/\/abd.ong\/wp-content\/uploads\/2021\/12\/pexels-mikhail-nilov-8543371.jpg","type":"image\/jpeg"}],"author":"Maria Creixell","twitter_card":"summary_large_image","twitter_creator":"@abd_ong","twitter_site":"@abd_ong","twitter_misc":{"Escrit per":"Maria Creixell","Temps estimat de lectura":"2 minuts"},"schema":{"@context":"https:\/\/schema.org","@graph":[{"@type":"Article","@id":"https:\/\/abd.ong\/ca\/voluntariat\/busquem-voluntariat-per-a-la-botiga-energia-justa-i-persones-grans\/#article","isPartOf":{"@id":"https:\/\/abd.ong\/ca\/voluntariat\/busquem-voluntariat-per-a-la-botiga-energia-justa-i-persones-grans\/"},"author":{"name":"Maria Creixell","@id":"https:\/\/abd.ong\/ca\/#\/schema\/person\/d2e158b4173f683b3898e286f5b35a10"},"headline":"Busquem voluntariat per a La Botiga, Energia Justa i persones grans","datePublished":"2021-12-14T12:26:34+00:00","dateModified":"2021-12-30T09:33:35+00:00","mainEntityOfPage":{"@id":"https:\/\/abd.ong\/ca\/voluntariat\/busquem-voluntariat-per-a-la-botiga-energia-justa-i-persones-grans\/"},"wordCount":394,"publisher":{"@id":"https:\/\/abd.ong\/ca\/#organization"},"image":{"@id":"https:\/\/abd.ong\/ca\/voluntariat\/busquem-voluntariat-per-a-la-botiga-energia-justa-i-persones-grans\/#primaryimage"},"thumbnailUrl":"https:\/\/abd.ong\/wp-content\/uploads\/2021\/12\/pexels-mikhail-nilov-8543371.jpg","keywords":["Asociaci\u00f3n Bienestar y Desarrollo","dones migrants","fam\u00edlies","La botiga","persones grans","pobresa energ\u00e8tica","soberania aliment\u00e0ria","sostenibilitat","volunt\u00e0ria","voluntariat","voluntariat social"],"articleSection":["Voluntariat"],"inLanguage":"ca"},{"@type":"WebPage","@id":"https:\/\/abd.ong\/ca\/voluntariat\/busquem-voluntariat-per-a-la-botiga-energia-justa-i-persones-grans\/","url":"https:\/\/abd.ong\/ca\/voluntariat\/busquem-voluntariat-per-a-la-botiga-energia-justa-i-persones-grans\/","name":"Busquem voluntariat per a La Botiga, Energia Justa i persones grans - ABD","isPartOf":{"@id":"https:\/\/abd.ong\/ca\/#website"},"primaryImageOfPage":{"@id":"https:\/\/abd.ong\/ca\/voluntariat\/busquem-voluntariat-per-a-la-botiga-energia-justa-i-persones-grans\/#primaryimage"},"image":{"@id":"https:\/\/abd.ong\/ca\/voluntariat\/busquem-voluntariat-per-a-la-botiga-energia-justa-i-persones-grans\/#primaryimage"},"thumbnailUrl":"https:\/\/abd.ong\/wp-content\/uploads\/2021\/12\/pexels-mikhail-nilov-8543371.jpg","datePublished":"2021-12-14T12:26:34+00:00","dateModified":"2021-12-30T09:33:35+00:00","description":"T'interessa implicar-te en projectes socials? Busques alguna iniciativa social amb la que col\u00b7laborar? A ABD busquem persones amb ganes de participar en","breadcrumb":{"@id":"https:\/\/abd.ong\/ca\/voluntariat\/busquem-voluntariat-per-a-la-botiga-energia-justa-i-persones-grans\/#breadcrumb"},"inLanguage":"ca","potentialAction":[{"@type":"ReadAction","target":["https:\/\/abd.ong\/ca\/voluntariat\/busquem-voluntariat-per-a-la-botiga-energia-justa-i-persones-grans\/"]}]},{"@type":"ImageObject","inLanguage":"ca","@id":"https:\/\/abd.ong\/ca\/voluntariat\/busquem-voluntariat-per-a-la-botiga-energia-justa-i-persones-grans\/#primaryimage","url":"https:\/\/abd.ong\/wp-content\/uploads\/2021\/12\/pexels-mikhail-nilov-8543371.jpg","contentUrl":"https:\/\/abd.ong\/wp-content\/uploads\/2021\/12\/pexels-mikhail-nilov-8543371.jpg","width":2048,"height":1367},{"@type":"BreadcrumbList","@id":"https:\/\/abd.ong\/ca\/voluntariat\/busquem-voluntariat-per-a-la-botiga-energia-justa-i-persones-grans\/#breadcrumb","itemListElement":[{"@type":"ListItem","position":1,"name":"Inici","item":"https:\/\/abd.ong\/ca\/"},{"@type":"ListItem","position":2,"name":"Busquem voluntariat per a La Botiga, Energia Justa i persones grans"}]},{"@type":"WebSite","@id":"https:\/\/abd.ong\/ca\/#website","url":"https:\/\/abd.ong\/ca\/","name":"ABD","description":"Asociaci\u00f3n Bienestar y Desarrollo","publisher":{"@id":"https:\/\/abd.ong\/ca\/#organization"},"potentialAction":[{"@type":"SearchAction","target":{"@type":"EntryPoint","urlTemplate":"https:\/\/abd.ong\/ca\/?s={search_term_string}"},"query-input":{"@type":"PropertyValueSpecification","valueRequired":true,"valueName":"search_term_string"}}],"inLanguage":"ca"},{"@type":"Organization","@id":"https:\/\/abd.ong\/ca\/#organization","name":"Associaci\u00f3 Benestar i Desenvolupament","alternateName":"ABD","url":"https:\/\/abd.ong\/ca\/","logo":{"@type":"ImageObject","inLanguage":"ca","@id":"https:\/\/abd.ong\/ca\/#\/schema\/logo\/image\/","url":"https:\/\/abd.ong\/wp-content\/uploads\/2023\/01\/Icona.png","contentUrl":"https:\/\/abd.ong\/wp-content\/uploads\/2023\/01\/Icona.png","width":190,"height":187,"caption":"Associaci\u00f3 Benestar i Desenvolupament"},"image":{"@id":"https:\/\/abd.ong\/ca\/#\/schema\/logo\/image\/"},"sameAs":["https:\/\/www.facebook.com\/abd.ong","https:\/\/x.com\/abd_ong","https:\/\/www.instagram.com\/abd_ong\/","https:\/\/www.linkedin.com\/company\/abdong","https:\/\/www.youtube.com\/user\/CANALABD"]},{"@type":"Person","@id":"https:\/\/abd.ong\/ca\/#\/schema\/person\/d2e158b4173f683b3898e286f5b35a10","name":"Maria Creixell"}]}},"_links":{"self":[{"href":"https:\/\/abd.ong\/ca\/wp-json\/wp\/v2\/posts\/28472","targetHints":{"allow":["GET"]}}],"collection":[{"href":"https:\/\/abd.ong\/ca\/wp-json\/wp\/v2\/posts"}],"about":[{"href":"https:\/\/abd.ong\/ca\/wp-json\/wp\/v2\/types\/post"}],"author":[{"embeddable":true,"href":"https:\/\/abd.ong\/ca\/wp-json\/wp\/v2\/users\/9"}],"replies":[{"embeddable":true,"href":"https:\/\/abd.ong\/ca\/wp-json\/wp\/v2\/comments?post=28472"}],"version-history":[{"count":3,"href":"https:\/\/abd.ong\/ca\/wp-json\/wp\/v2\/posts\/28472\/revisions"}],"predecessor-version":[{"id":28780,"href":"https:\/\/abd.ong\/ca\/wp-json\/wp\/v2\/posts\/28472\/revisions\/28780"}],"wp:featuredmedia":[{"embeddable":true,"href":"https:\/\/abd.ong\/ca\/wp-json\/wp\/v2\/media\/28462"}],"wp:attachment":[{"href":"https:\/\/abd.ong\/ca\/wp-json\/wp\/v2\/media?parent=28472"}],"wp:term":[{"taxonomy":"category","embeddable":true,"href":"https:\/\/abd.ong\/ca\/wp-json\/wp\/v2\/categories?post=28472"},{"taxonomy":"post_tag","embeddable":true,"href":"https:\/\/abd.ong\/ca\/wp-json\/wp\/v2\/tags?post=28472"}],"curies":[{"name":"wp","href":"https:\/\/api.w.org\/{rel}","templated":true}]}}