{"id":28125,"date":"2021-11-29T14:15:54","date_gmt":"2021-11-29T13:15:54","guid":{"rendered":"https:\/\/abd.ong\/sense-categoria\/trobada-transnacional-del-projecte-eu3digital\/"},"modified":"2021-11-29T14:46:19","modified_gmt":"2021-11-29T13:46:19","slug":"trobada-transnacional-del-projecte-eu3digital","status":"publish","type":"post","link":"https:\/\/abd.ong\/ca\/internacional-ca\/trobada-transnacional-del-projecte-eu3digital\/","title":{"rendered":"Trobada transnacional del projecte EU3Digital"},"content":{"rendered":"\n<p>Els dies 25 i 26 de Novembre, l&#8217;<a href=\"http:\/\/abd.ong\/ca\" target=\"_blank\" rel=\"noopener\">Associaci\u00f3 Benestar i Desenvolupament ABD<\/a> ha participat al Transnational meeting del projecte <a href=\"https:\/\/abd.ong\/programas\/eu3-digital\/\" target=\"_blank\" rel=\"noopener\">EU3Digital<\/a>, que s&#8217;ha realitzat online degut a la situaci\u00f3 actual del covid.<\/p>\n\n<p>El projecte busca <strong>empoderar les organitzacions del Tercer Sector Social a trav\u00e9s de la digitalitzaci\u00f3<\/strong>.<\/p>\n\n<p>El primer dia s&#8217;ha dut a terme una\u00a0reuni\u00f3 de coordinaci\u00f3 entre les entitats s\u00f2cies, per parlar sobre la gesti\u00f3 del projecte i la planificaci\u00f3 de l&#8217;any vinent.<\/p>\n\n<p>El segon dia s&#8217;han realitzat dues sessions interactives on han participat tant les entitats s\u00f2cies, com professionals convidats d&#8217;entitats socials i\/o amb coneixements d&#8217;eines digitals de diferents pa\u00efsos, concretament Portugal, UK, Paisos Baixos, Espanya i Cro\u00e0cia. L&#8217;objectiu d&#8217;aquestes sessions ha estat testejar dues de les eines que s&#8217;estan desenvolupant al llarg del projecte:<\/p>\n\n<ul class=\"wp-block-list\"><li><strong>Marc<\/strong><strong> Europeu de Competencias Digitales<\/strong>\u00a0dirigit a organitzacions del Tercer Sector Social i l\u00edders i professionals d\u2019empreses socials.<\/li><li><strong>Toolkit d&#8217;emerg\u00e8ncia<\/strong> <b>per a organitzacions i empreses del tercer sector<\/b>: conjunt d&#8217;eines pr\u00e0ctiques que aborda les necessitats de les empreses socials, que s&#8217;enfronten a grans reptes en el context de la Covid-19, havent de realitzar la majoria de les seves activitats de forma online.<\/li><\/ul>\n","protected":false},"excerpt":{"rendered":"<p>Els dies 25 i 26 de Novembre, l&#8217;Associaci\u00f3 Benestar i Desenvolupament ABD ha participat al Transnational meeting del projecte EU3Digital, que s&#8217;ha realitzat online degut a la situaci\u00f3 actual del&hellip;<\/p>\n","protected":false},"author":9,"featured_media":28123,"comment_status":"closed","ping_status":"closed","sticky":false,"template":"","format":"standard","meta":{"_acf_changed":false,"footnotes":""},"categories":[2296],"tags":[2641,2642,2594,2643,2593,1332],"class_list":["post-28125","post","type-post","status-publish","format-standard","has-post-thumbnail","hentry","category-internacional-ca","tag-competencies-digitals","tag-eu3digital-ca","tag-europeu","tag-meeting-ca","tag-projectes-internacionals","tag-tercer-sector-ca-2"],"acf":[],"yoast_head":"<!-- This site is optimized with the Yoast SEO plugin v27.4 - https:\/\/yoast.com\/product\/yoast-seo-wordpress\/ -->\n<title>Trobada transnacional del projecte EU3Digital - ABD<\/title>\n<meta name=\"description\" content=\"Els dies 25 i 26 de Novembre, l&#039;Associaci\u00f3 Benestar i Desenvolupament ABD ha participat al Transnational meeting del projecte EU3Digital, que s&#039;ha\" \/>\n<meta name=\"robots\" content=\"index, follow, max-snippet:-1, max-image-preview:large, max-video-preview:-1\" \/>\n<link rel=\"canonical\" href=\"https:\/\/abd.ong\/ca\/internacional-ca\/trobada-transnacional-del-projecte-eu3digital\/\" \/>\n<meta property=\"og:locale\" content=\"ca_ES\" \/>\n<meta property=\"og:type\" content=\"article\" \/>\n<meta property=\"og:title\" content=\"Trobada transnacional del projecte EU3Digital - ABD\" \/>\n<meta property=\"og:description\" content=\"Els dies 25 i 26 de Novembre, l&#039;Associaci\u00f3 Benestar i Desenvolupament ABD ha participat al Transnational meeting del projecte EU3Digital, que s&#039;ha\" \/>\n<meta property=\"og:url\" content=\"https:\/\/abd.ong\/ca\/internacional-ca\/trobada-transnacional-del-projecte-eu3digital\/\" \/>\n<meta property=\"og:site_name\" content=\"ABD\" \/>\n<meta property=\"article:publisher\" content=\"https:\/\/www.facebook.com\/abd.ong\" \/>\n<meta property=\"article:published_time\" content=\"2021-11-29T13:15:54+00:00\" \/>\n<meta property=\"article:modified_time\" content=\"2021-11-29T13:46:19+00:00\" \/>\n<meta property=\"og:image\" content=\"https:\/\/abd.ong\/wp-content\/uploads\/2021\/11\/captura-eu3.jpg\" \/>\n\t<meta property=\"og:image:width\" content=\"795\" \/>\n\t<meta property=\"og:image:height\" content=\"448\" \/>\n\t<meta property=\"og:image:type\" content=\"image\/jpeg\" \/>\n<meta name=\"author\" content=\"Maria Creixell\" \/>\n<meta name=\"twitter:card\" content=\"summary_large_image\" \/>\n<meta name=\"twitter:creator\" content=\"@abd_ong\" \/>\n<meta name=\"twitter:site\" content=\"@abd_ong\" \/>\n<meta name=\"twitter:label1\" content=\"Escrit per\" \/>\n\t<meta name=\"twitter:data1\" content=\"Maria Creixell\" \/>\n\t<meta name=\"twitter:label2\" content=\"Temps estimat de lectura\" \/>\n\t<meta name=\"twitter:data2\" content=\"1 minut\" \/>\n<script type=\"application\/ld+json\" class=\"yoast-schema-graph\">{\"@context\":\"https:\\\/\\\/schema.org\",\"@graph\":[{\"@type\":\"Article\",\"@id\":\"https:\\\/\\\/abd.ong\\\/ca\\\/internacional-ca\\\/trobada-transnacional-del-projecte-eu3digital\\\/#article\",\"isPartOf\":{\"@id\":\"https:\\\/\\\/abd.ong\\\/ca\\\/internacional-ca\\\/trobada-transnacional-del-projecte-eu3digital\\\/\"},\"author\":{\"name\":\"Maria Creixell\",\"@id\":\"https:\\\/\\\/abd.ong\\\/ca\\\/#\\\/schema\\\/person\\\/d2e158b4173f683b3898e286f5b35a10\"},\"headline\":\"Trobada transnacional del projecte EU3Digital\",\"datePublished\":\"2021-11-29T13:15:54+00:00\",\"dateModified\":\"2021-11-29T13:46:19+00:00\",\"mainEntityOfPage\":{\"@id\":\"https:\\\/\\\/abd.ong\\\/ca\\\/internacional-ca\\\/trobada-transnacional-del-projecte-eu3digital\\\/\"},\"wordCount\":217,\"publisher\":{\"@id\":\"https:\\\/\\\/abd.ong\\\/ca\\\/#organization\"},\"image\":{\"@id\":\"https:\\\/\\\/abd.ong\\\/ca\\\/internacional-ca\\\/trobada-transnacional-del-projecte-eu3digital\\\/#primaryimage\"},\"thumbnailUrl\":\"https:\\\/\\\/abd.ong\\\/wp-content\\\/uploads\\\/2021\\\/11\\\/captura-eu3.jpg\",\"keywords\":[\"compet\u00e8ncies digitals\",\"EU3Digital\",\"europeu\",\"meeting\",\"projectes internacionals\",\"Tercer Sector\"],\"articleSection\":[\"Internacional\"],\"inLanguage\":\"ca\"},{\"@type\":\"WebPage\",\"@id\":\"https:\\\/\\\/abd.ong\\\/ca\\\/internacional-ca\\\/trobada-transnacional-del-projecte-eu3digital\\\/\",\"url\":\"https:\\\/\\\/abd.ong\\\/ca\\\/internacional-ca\\\/trobada-transnacional-del-projecte-eu3digital\\\/\",\"name\":\"Trobada transnacional del projecte EU3Digital - ABD\",\"isPartOf\":{\"@id\":\"https:\\\/\\\/abd.ong\\\/ca\\\/#website\"},\"primaryImageOfPage\":{\"@id\":\"https:\\\/\\\/abd.ong\\\/ca\\\/internacional-ca\\\/trobada-transnacional-del-projecte-eu3digital\\\/#primaryimage\"},\"image\":{\"@id\":\"https:\\\/\\\/abd.ong\\\/ca\\\/internacional-ca\\\/trobada-transnacional-del-projecte-eu3digital\\\/#primaryimage\"},\"thumbnailUrl\":\"https:\\\/\\\/abd.ong\\\/wp-content\\\/uploads\\\/2021\\\/11\\\/captura-eu3.jpg\",\"datePublished\":\"2021-11-29T13:15:54+00:00\",\"dateModified\":\"2021-11-29T13:46:19+00:00\",\"description\":\"Els dies 25 i 26 de Novembre, l'Associaci\u00f3 Benestar i Desenvolupament ABD ha participat al Transnational meeting del projecte EU3Digital, que s'ha\",\"breadcrumb\":{\"@id\":\"https:\\\/\\\/abd.ong\\\/ca\\\/internacional-ca\\\/trobada-transnacional-del-projecte-eu3digital\\\/#breadcrumb\"},\"inLanguage\":\"ca\",\"potentialAction\":[{\"@type\":\"ReadAction\",\"target\":[\"https:\\\/\\\/abd.ong\\\/ca\\\/internacional-ca\\\/trobada-transnacional-del-projecte-eu3digital\\\/\"]}]},{\"@type\":\"ImageObject\",\"inLanguage\":\"ca\",\"@id\":\"https:\\\/\\\/abd.ong\\\/ca\\\/internacional-ca\\\/trobada-transnacional-del-projecte-eu3digital\\\/#primaryimage\",\"url\":\"https:\\\/\\\/abd.ong\\\/wp-content\\\/uploads\\\/2021\\\/11\\\/captura-eu3.jpg\",\"contentUrl\":\"https:\\\/\\\/abd.ong\\\/wp-content\\\/uploads\\\/2021\\\/11\\\/captura-eu3.jpg\",\"width\":795,\"height\":448},{\"@type\":\"BreadcrumbList\",\"@id\":\"https:\\\/\\\/abd.ong\\\/ca\\\/internacional-ca\\\/trobada-transnacional-del-projecte-eu3digital\\\/#breadcrumb\",\"itemListElement\":[{\"@type\":\"ListItem\",\"position\":1,\"name\":\"Inici\",\"item\":\"https:\\\/\\\/abd.ong\\\/ca\\\/\"},{\"@type\":\"ListItem\",\"position\":2,\"name\":\"Trobada transnacional del projecte EU3Digital\"}]},{\"@type\":\"WebSite\",\"@id\":\"https:\\\/\\\/abd.ong\\\/ca\\\/#website\",\"url\":\"https:\\\/\\\/abd.ong\\\/ca\\\/\",\"name\":\"ABD\",\"description\":\"Asociaci\u00f3n Bienestar y Desarrollo\",\"publisher\":{\"@id\":\"https:\\\/\\\/abd.ong\\\/ca\\\/#organization\"},\"potentialAction\":[{\"@type\":\"SearchAction\",\"target\":{\"@type\":\"EntryPoint\",\"urlTemplate\":\"https:\\\/\\\/abd.ong\\\/ca\\\/?s={search_term_string}\"},\"query-input\":{\"@type\":\"PropertyValueSpecification\",\"valueRequired\":true,\"valueName\":\"search_term_string\"}}],\"inLanguage\":\"ca\"},{\"@type\":\"Organization\",\"@id\":\"https:\\\/\\\/abd.ong\\\/ca\\\/#organization\",\"name\":\"Associaci\u00f3 Benestar i Desenvolupament\",\"alternateName\":\"ABD\",\"url\":\"https:\\\/\\\/abd.ong\\\/ca\\\/\",\"logo\":{\"@type\":\"ImageObject\",\"inLanguage\":\"ca\",\"@id\":\"https:\\\/\\\/abd.ong\\\/ca\\\/#\\\/schema\\\/logo\\\/image\\\/\",\"url\":\"https:\\\/\\\/abd.ong\\\/wp-content\\\/uploads\\\/2023\\\/01\\\/Icona.png\",\"contentUrl\":\"https:\\\/\\\/abd.ong\\\/wp-content\\\/uploads\\\/2023\\\/01\\\/Icona.png\",\"width\":190,\"height\":187,\"caption\":\"Associaci\u00f3 Benestar i Desenvolupament\"},\"image\":{\"@id\":\"https:\\\/\\\/abd.ong\\\/ca\\\/#\\\/schema\\\/logo\\\/image\\\/\"},\"sameAs\":[\"https:\\\/\\\/www.facebook.com\\\/abd.ong\",\"https:\\\/\\\/x.com\\\/abd_ong\",\"https:\\\/\\\/www.instagram.com\\\/abd_ong\\\/\",\"https:\\\/\\\/www.linkedin.com\\\/company\\\/abdong\",\"https:\\\/\\\/www.youtube.com\\\/user\\\/CANALABD\"]},{\"@type\":\"Person\",\"@id\":\"https:\\\/\\\/abd.ong\\\/ca\\\/#\\\/schema\\\/person\\\/d2e158b4173f683b3898e286f5b35a10\",\"name\":\"Maria Creixell\"}]}<\/script>\n<!-- \/ Yoast SEO plugin. -->","yoast_head_json":{"title":"Trobada transnacional del projecte EU3Digital - ABD","description":"Els dies 25 i 26 de Novembre, l'Associaci\u00f3 Benestar i Desenvolupament ABD ha participat al Transnational meeting del projecte EU3Digital, que s'ha","robots":{"index":"index","follow":"follow","max-snippet":"max-snippet:-1","max-image-preview":"max-image-preview:large","max-video-preview":"max-video-preview:-1"},"canonical":"https:\/\/abd.ong\/ca\/internacional-ca\/trobada-transnacional-del-projecte-eu3digital\/","og_locale":"ca_ES","og_type":"article","og_title":"Trobada transnacional del projecte EU3Digital - ABD","og_description":"Els dies 25 i 26 de Novembre, l'Associaci\u00f3 Benestar i Desenvolupament ABD ha participat al Transnational meeting del projecte EU3Digital, que s'ha","og_url":"https:\/\/abd.ong\/ca\/internacional-ca\/trobada-transnacional-del-projecte-eu3digital\/","og_site_name":"ABD","article_publisher":"https:\/\/www.facebook.com\/abd.ong","article_published_time":"2021-11-29T13:15:54+00:00","article_modified_time":"2021-11-29T13:46:19+00:00","og_image":[{"width":795,"height":448,"url":"https:\/\/abd.ong\/wp-content\/uploads\/2021\/11\/captura-eu3.jpg","type":"image\/jpeg"}],"author":"Maria Creixell","twitter_card":"summary_large_image","twitter_creator":"@abd_ong","twitter_site":"@abd_ong","twitter_misc":{"Escrit per":"Maria Creixell","Temps estimat de lectura":"1 minut"},"schema":{"@context":"https:\/\/schema.org","@graph":[{"@type":"Article","@id":"https:\/\/abd.ong\/ca\/internacional-ca\/trobada-transnacional-del-projecte-eu3digital\/#article","isPartOf":{"@id":"https:\/\/abd.ong\/ca\/internacional-ca\/trobada-transnacional-del-projecte-eu3digital\/"},"author":{"name":"Maria Creixell","@id":"https:\/\/abd.ong\/ca\/#\/schema\/person\/d2e158b4173f683b3898e286f5b35a10"},"headline":"Trobada transnacional del projecte EU3Digital","datePublished":"2021-11-29T13:15:54+00:00","dateModified":"2021-11-29T13:46:19+00:00","mainEntityOfPage":{"@id":"https:\/\/abd.ong\/ca\/internacional-ca\/trobada-transnacional-del-projecte-eu3digital\/"},"wordCount":217,"publisher":{"@id":"https:\/\/abd.ong\/ca\/#organization"},"image":{"@id":"https:\/\/abd.ong\/ca\/internacional-ca\/trobada-transnacional-del-projecte-eu3digital\/#primaryimage"},"thumbnailUrl":"https:\/\/abd.ong\/wp-content\/uploads\/2021\/11\/captura-eu3.jpg","keywords":["compet\u00e8ncies digitals","EU3Digital","europeu","meeting","projectes internacionals","Tercer Sector"],"articleSection":["Internacional"],"inLanguage":"ca"},{"@type":"WebPage","@id":"https:\/\/abd.ong\/ca\/internacional-ca\/trobada-transnacional-del-projecte-eu3digital\/","url":"https:\/\/abd.ong\/ca\/internacional-ca\/trobada-transnacional-del-projecte-eu3digital\/","name":"Trobada transnacional del projecte EU3Digital - ABD","isPartOf":{"@id":"https:\/\/abd.ong\/ca\/#website"},"primaryImageOfPage":{"@id":"https:\/\/abd.ong\/ca\/internacional-ca\/trobada-transnacional-del-projecte-eu3digital\/#primaryimage"},"image":{"@id":"https:\/\/abd.ong\/ca\/internacional-ca\/trobada-transnacional-del-projecte-eu3digital\/#primaryimage"},"thumbnailUrl":"https:\/\/abd.ong\/wp-content\/uploads\/2021\/11\/captura-eu3.jpg","datePublished":"2021-11-29T13:15:54+00:00","dateModified":"2021-11-29T13:46:19+00:00","description":"Els dies 25 i 26 de Novembre, l'Associaci\u00f3 Benestar i Desenvolupament ABD ha participat al Transnational meeting del projecte EU3Digital, que s'ha","breadcrumb":{"@id":"https:\/\/abd.ong\/ca\/internacional-ca\/trobada-transnacional-del-projecte-eu3digital\/#breadcrumb"},"inLanguage":"ca","potentialAction":[{"@type":"ReadAction","target":["https:\/\/abd.ong\/ca\/internacional-ca\/trobada-transnacional-del-projecte-eu3digital\/"]}]},{"@type":"ImageObject","inLanguage":"ca","@id":"https:\/\/abd.ong\/ca\/internacional-ca\/trobada-transnacional-del-projecte-eu3digital\/#primaryimage","url":"https:\/\/abd.ong\/wp-content\/uploads\/2021\/11\/captura-eu3.jpg","contentUrl":"https:\/\/abd.ong\/wp-content\/uploads\/2021\/11\/captura-eu3.jpg","width":795,"height":448},{"@type":"BreadcrumbList","@id":"https:\/\/abd.ong\/ca\/internacional-ca\/trobada-transnacional-del-projecte-eu3digital\/#breadcrumb","itemListElement":[{"@type":"ListItem","position":1,"name":"Inici","item":"https:\/\/abd.ong\/ca\/"},{"@type":"ListItem","position":2,"name":"Trobada transnacional del projecte EU3Digital"}]},{"@type":"WebSite","@id":"https:\/\/abd.ong\/ca\/#website","url":"https:\/\/abd.ong\/ca\/","name":"ABD","description":"Asociaci\u00f3n Bienestar y Desarrollo","publisher":{"@id":"https:\/\/abd.ong\/ca\/#organization"},"potentialAction":[{"@type":"SearchAction","target":{"@type":"EntryPoint","urlTemplate":"https:\/\/abd.ong\/ca\/?s={search_term_string}"},"query-input":{"@type":"PropertyValueSpecification","valueRequired":true,"valueName":"search_term_string"}}],"inLanguage":"ca"},{"@type":"Organization","@id":"https:\/\/abd.ong\/ca\/#organization","name":"Associaci\u00f3 Benestar i Desenvolupament","alternateName":"ABD","url":"https:\/\/abd.ong\/ca\/","logo":{"@type":"ImageObject","inLanguage":"ca","@id":"https:\/\/abd.ong\/ca\/#\/schema\/logo\/image\/","url":"https:\/\/abd.ong\/wp-content\/uploads\/2023\/01\/Icona.png","contentUrl":"https:\/\/abd.ong\/wp-content\/uploads\/2023\/01\/Icona.png","width":190,"height":187,"caption":"Associaci\u00f3 Benestar i Desenvolupament"},"image":{"@id":"https:\/\/abd.ong\/ca\/#\/schema\/logo\/image\/"},"sameAs":["https:\/\/www.facebook.com\/abd.ong","https:\/\/x.com\/abd_ong","https:\/\/www.instagram.com\/abd_ong\/","https:\/\/www.linkedin.com\/company\/abdong","https:\/\/www.youtube.com\/user\/CANALABD"]},{"@type":"Person","@id":"https:\/\/abd.ong\/ca\/#\/schema\/person\/d2e158b4173f683b3898e286f5b35a10","name":"Maria Creixell"}]}},"_links":{"self":[{"href":"https:\/\/abd.ong\/ca\/wp-json\/wp\/v2\/posts\/28125","targetHints":{"allow":["GET"]}}],"collection":[{"href":"https:\/\/abd.ong\/ca\/wp-json\/wp\/v2\/posts"}],"about":[{"href":"https:\/\/abd.ong\/ca\/wp-json\/wp\/v2\/types\/post"}],"author":[{"embeddable":true,"href":"https:\/\/abd.ong\/ca\/wp-json\/wp\/v2\/users\/9"}],"replies":[{"embeddable":true,"href":"https:\/\/abd.ong\/ca\/wp-json\/wp\/v2\/comments?post=28125"}],"version-history":[{"count":1,"href":"https:\/\/abd.ong\/ca\/wp-json\/wp\/v2\/posts\/28125\/revisions"}],"predecessor-version":[{"id":28126,"href":"https:\/\/abd.ong\/ca\/wp-json\/wp\/v2\/posts\/28125\/revisions\/28126"}],"wp:featuredmedia":[{"embeddable":true,"href":"https:\/\/abd.ong\/ca\/wp-json\/wp\/v2\/media\/28123"}],"wp:attachment":[{"href":"https:\/\/abd.ong\/ca\/wp-json\/wp\/v2\/media?parent=28125"}],"wp:term":[{"taxonomy":"category","embeddable":true,"href":"https:\/\/abd.ong\/ca\/wp-json\/wp\/v2\/categories?post=28125"},{"taxonomy":"post_tag","embeddable":true,"href":"https:\/\/abd.ong\/ca\/wp-json\/wp\/v2\/tags?post=28125"}],"curies":[{"name":"wp","href":"https:\/\/api.w.org\/{rel}","templated":true}]}}