{"id":27185,"date":"2021-10-29T10:34:01","date_gmt":"2021-10-29T08:34:01","guid":{"rendered":"https:\/\/abd.ong\/?p=27185"},"modified":"2022-07-04T09:58:58","modified_gmt":"2022-07-04T07:58:58","slug":"abd-als-mitjans-de-comunicacio-a-loctubre-2","status":"publish","type":"post","link":"https:\/\/abd.ong\/ca\/general-ca\/abd-als-mitjans-de-comunicacio-a-loctubre-2\/","title":{"rendered":"ABD als mitjans de comunicaci\u00f3 a l&#8217;octubre"},"content":{"rendered":"\n<p>L&#8217;<strong>Associaci\u00f3 Benestar i Desenvolupament (ABD)<\/strong> ha estat present en els mitjans de comunicaci\u00f3 durant aquest mes d&#8217;octubre. A continuaci\u00f3, el resum de premsa de les not\u00edcies, articles i reportatges en els quals hem participat com a entitat.<\/p>\n\n<div style=\"height:30px\" aria-hidden=\"true\" class=\"wp-block-spacer\"><\/div>\n\n<p><strong>26\/10\/21 &#8211; L\u00edniamar<\/strong><\/p>\n\n<p><em>\u201c\u00c9s un projecte comunitari en el qual hem trencat els rols\u201d, confirma Maria Sais, responsable del centre. \u201cHem d&#8217;aportar dignitat, s\u00ed, per\u00f2 tamb\u00e9 il\u00b7lusi\u00f3\u201d, remarca.<\/em><\/p>\n\n<p><a href=\"https:\/\/liniaxarxa.cat\/liniamar-baixllobregat\/noticies\/la-botiga-reinventar-trencar-model-caritat-prat\/\" target=\"_blank\" rel=\"noreferrer noopener\"><strong>La Botiga: reinventar-se per trencar amb el model de caritat<\/strong><\/a><\/p>\n\n<p><\/p>\n\n<p><strong>24\/10\/21- El Punt Avui<\/strong><\/p>\n\n<p>El Prat reinventa el seu banc d&#8217;aliments amb una botiga que implica els beneficiaris i als productors locals.<\/p>\n\n<p><strong><a href=\"https:\/\/www.elpuntavui.cat\/societat\/article\/5-societat\/2047537-sentir-se-persona.html\" target=\"_blank\" rel=\"noreferrer noopener\">Sentir-se persona<\/a><\/strong><\/p>\n\n<p><\/p>\n\n<p><strong>21\/10\/21- La Vanguardia<\/strong><\/p>\n\n<p><em>&#8220;La Botiga treballa per l&#8217;empoderament de les persones que en fan \u00fas, implicant-los en la gesti\u00f3 de l&#8217;espaci en base als principis del cooperativisme i la economia social i solid\u00e0ria&#8221;<\/em><\/p>\n\n<p><strong><a href=\"https:\/\/www.lavanguardia.com\/local\/baix-llobregat\/20211021\/7806445\/prat-implica-usuarios-gestion-desu-banco-alimentos.html\" target=\"_blank\" rel=\"noreferrer noopener\">El Prat implica els usuaris en la gesti\u00f3 del banc d&#8217;aliments<\/a><\/strong><\/p>\n\n<p><\/p>\n\n<p><strong>20\/10\/21- Estrella Digital<\/strong><\/p>\n\n<p><em>Drogues com la <strong>la coca\u00efna <\/strong>han estat declarades com subst\u00e0ncies il\u00b7legals arreu del m\u00f3n. Tot i aix\u00f2, el seu consum \u00e9s molt m\u00e9s elevant del que hauria de ser. Aquest droga il\u00b7legal t\u00e9 una\u00a0 gran quantitat de consumidors que acaben desenvolupant <strong>una addicci\u00f3 perillosa <\/strong>tant per ells mateixos com per les persones que els envolten.<\/em><\/p>\n\n<p><strong>Adicci\u00f3 i adulterants: els principals problemes de drogues com la coca\u00efna<\/strong><\/p>\n\n<p><\/p>\n\n<p><strong>18\/10\/21 &#8211; 65ymas<\/strong><\/p>\n\n<p><em>L&#8217;Associaci\u00f3 Benestar i Desenvolupament juntament amb l&#8217;<a href=\"https:\/\/www.65ymas.com\/sociedad\/el-ayuntamiento-de-madrid-avisa-de-niveles-altos-de-ozono-malo_7607_102.html\">Ajuntament de Madrid<\/a> organitzen el proper dimarts 19 d&#8217;octubre de 2021 una serie de confer\u00e8ncies amb l&#8217;objectiu de posar en valor diferents iniciatives per a persones grans que volen redu\u00efr la bretxa<a href=\"https:\/\/www.65ymas.com\/sociedad\/7-mitos-sobre-vida-digital-mayores_32425_102.html\"> digital que encara avui existeix.\u00a0\u00a0<\/a><\/em><\/p>\n\n<p><a href=\"https:\/\/www.65ymas.com\/sociedad\/reducir-brecha-digital-entre-jovenes-mayores_32804_102.html\" target=\"_blank\" rel=\"noreferrer noopener\"><strong>Redu\u00efr encara m\u00e9s la bretxa digital entre joves i grans_ un dels desafiaments dels nostres temps<\/strong><\/a><\/p>\n\n<p><\/p>\n\n<p><strong>15\/10\/21 &#8211; elllobregat<\/strong><\/p>\n\n<p><em>En el marc de la Setmana Ciutadana de l&#8217;Alimentaci\u00f3 Sostenible es presenta \u201cLa Botiga&#8221; del Prat on es proveeixen fruites, verdures i altres aliments de proximitat del Parc Agr\u00e0ri del Baix Llobregat i dels comer\u00e7os de la localitat pratense.<\/em><\/p>\n\n<p><a href=\"https:\/\/www.elllobregat.com\/noticia\/20405\/el-prat\/arranca-el-programa-de-garantia-alimentaria-la-botiga-del-prat.html\" target=\"_blank\" rel=\"noreferrer noopener\"><strong>Arrenca el programa de garantia alimentaria \u201cLa Botiga&#8221; del Prat<\/strong><\/a><\/p>\n\n<p><\/p>\n\n<p><strong>14\/10\/21 &#8211; eldiario.es<\/strong><\/p>\n\n<p><em>El\u00a0caballer\u00a0de la\u00a0trista\u00a0figura, gentilhome don Alonso de\u00a0Quijano, \u00e9s un obsessiu a les portes de la bogeria, i el llibre que descriu les seves aventures, el mundialment fam\u00f3s El Quixot de la Manxa, un tractat cient\u00edfic que parla de medicina, psicologia, astronomia, matem\u00e0tiques, f\u00edsica i emocions.<\/em><\/p>\n\n<p><strong><a href=\"https:\/\/www.eldiario.es\/cultura\/quijote-tratado-cientifico-don-alonso-quijano-obsesivo_1_8395722.html\" target=\"_blank\" rel=\"noreferrer noopener\">El Quixot \u00e9s un tractat cient\u00edfic i don Alonso de Quijano un obssessiu<\/a><\/strong><\/p>\n\n<p><\/p>\n\n<p><strong>18\/10\/21 &#8211; Social.cat<\/strong><\/p>\n\n<p><em>Al Prat del Llobregat, els usuaris de La Botiga participaran a partir d\u2019ara en la seva gesti\u00f3 amb un model de governan\u00e7a cooperativa<\/em><\/p>\n\n<p><strong><a href=\"https:\/\/www.social.cat\/noticia\/15416\/el-prat-de-llobregat-reinventa-el-seu-banc-daliments-fent-que-els-beneficiaris-participin-?\" target=\"_blank\" rel=\"noreferrer noopener\">La reinvenci\u00f3 d&#8217;un banc d&#8217;aliments per fugir del seu model assistencialista<\/a><\/strong><\/p>\n\n<p><\/p>\n\n<p><strong>18\/10\/21 &#8211; LasDrogas.info<\/strong><\/p>\n\n<p><em>Una primera aproximaci\u00f3 a aquesta q\u00fcesti\u00f3 ens obliga a situar la fotografia aproximada en clau de g\u00e8nere de les realitats m\u00e9s significatives que presenta la poblaci\u00f3 usu\u00e0ria dels serveis de Reducci\u00f3 de Danys (d&#8217;ara endavant\u00a0RRDD)\u00a0-prenent com a refer\u00e8ncia el context catal\u00e0.<\/em><\/p>\n\n<p><a href=\"https:\/\/www.lasdrogas.info\/opiniones\/reduccion-de-danos-en-drogas-y-perspectiva-de-genero-es-util-un-abordaje-mixto\/\" target=\"_blank\" rel=\"noreferrer noopener\"><strong>Reducci\u00f3 de danys en drogues i perspectiva de g\u00e8nero: \u00c9s \u00fatil un abordatge mixt?<\/strong><\/a><\/p>\n\n<p><\/p>\n\n<p><strong>14\/10\/21- TV3<\/strong><\/p>\n\n<p><em>Amb l&#8217;objectiu de deixar enrere el tradicional model assistencialista, La Botiga, que \u00e9s com s&#8217;ha batejat el projecte, permetr\u00e0 que els usuaris que vulguin siguin un voluntari m\u00e9s durant tres hores al mes.<\/em><\/p>\n\n<p><strong><a href=\"https:\/\/www.ccma.cat\/324\/el-prat-de-llobregat-reinventa-el-seu-banc-daliments-fent-que-els-beneficiaris-participin-en-la-seva-gestio\/noticia\/3123904\/\" target=\"_blank\" rel=\"noreferrer noopener\">El Prat de Llobregat reinventa el seu banc d&#8217;aliments fent que els beneficiaris participin en la seva gesti\u00f3<\/a><\/strong><\/p>\n\n<p><\/p>\n\n<p><strong>15\/10\/21 &#8211; El Prat TV<\/strong><\/p>\n\n<p><em>La\u00a0Botiga\u00a0\u00e9s un projecte d&#8217;innovaci\u00f3 social que, a partir d&#8217;un servei de garantia aliment\u00e0ria, treballa l&#8217;apoderament de les persones benefici\u00e0ries implicant-les en la mateixa gesti\u00f3 de l&#8217;espai.<\/em><\/p>\n\n<p><strong><a href=\"https:\/\/www.elprat.digital\/tv\/la-botiga-aposta-per-lautogestio-amb-un-model-que-apodera-les-persones-usuaries\/\" target=\"_blank\" rel=\"noreferrer noopener\">La Botiga aposta per l&#8217;autogesti\u00f3 com un model que empoderi a les persones usu\u00e0ries <\/a><\/strong><\/p>\n\n<p><\/p>\n\n<p><strong>14\/10\/21 &#8211; La Republica<\/strong><\/p>\n\n<p><em>\u201c\u00c9s un canvi de mirada. Creiem que aquesta col\u00b7laboraci\u00f3 pot ser l&#8217;embri\u00f3 de molts canvis socials\u201d<\/em><\/p>\n\n<p><strong><a href=\"https:\/\/www.larepublica.cat\/minut-a-minut\/el-prat-de-llobregat-reinventa-el-seu-banc-daliments-fent-que-els-beneficiaris-participin-en-la-seva-gestio-2\/\" target=\"_blank\" rel=\"noreferrer noopener\">El Prat de Llobregat reinventa el seu banc d&#8217;aliments fent que els beneficiaris participin en la seva gesti\u00f3<\/a><\/strong><\/p>\n\n<p><\/p>\n\n<p><strong>08\/10\/21 \u2013 Social.cat<\/strong><\/p>\n\n<p><em>El F\u00f2rum Salut Mental i Addiccions ha reclamat celeritat al\u00a0Govern\u00a0per a implementar els plans d&#8217;acci\u00f3 i millora de la salut mental i les addiccions. Les entitats celebren que la situaci\u00f3 ha millorat en comparaci\u00f3 amb fa un any perqu\u00e8 la salut mental est\u00e0 en l&#8217;agenda p\u00fablica amb una intensitat i una pres\u00e8ncia en els mitjans que no s&#8217;havia vist fins ara.<\/em><\/p>\n\n<p><strong><a href=\"https:\/\/www.social.cat\/noticia\/15378\/entitats-reclamen-celeritat-al-govern-per-implementar-els-plans-daccio-i-millora-de-la-sal\" target=\"_blank\" rel=\"noreferrer noopener\">Diverses entitats reclamen celeritat al Govern per implementar els plans d&#8217;acci\u00f3 i millora de la salut mental i les addiccions<\/a><\/strong><\/p>\n\n<p><\/p>\n\n<p><strong>07\/10\/21 \u2013 Eitb.eus<\/strong><\/p>\n\n<p><em>Claudio Vidal, Coordinador de la Delegaci\u00f3 d&#8217;Andalusia de Energy Control, programa d&#8217;intervenci\u00f3 des de la reducci\u00f3 de riscos en l&#8217;\u00e0mbit dels consums recreatius de drogues de l&#8217;Associaci\u00f3 Benestar i Desenvolupament ABD, explica en R\u00e0dio Vit\u00f2ria Gaur com pot afectar aquest gas a la salut.<\/em><\/p>\n\n<p><strong><a href=\"https:\/\/www.eitb.eus\/es\/radio\/radio-vitoria\/programas\/radio-vitoria-gaur-magazine\/detalle\/8367581\/los-peligros-del-gas-de-risa-que-inhalan-algunos-jovenes-en-macrobotellones\/\" target=\"_blank\" rel=\"noreferrer noopener\">Els perills del gas del riure que inhalen alguns joves en els macrobotellons<\/a><\/strong><\/p>\n\n<p><\/p>\n\n<p><strong>04\/10\/21 &#8211; Informativos COPE<\/strong><\/p>\n\n<p><em>\u00c9s una subst\u00e0ncia que comparativament t\u00e9 menys riscos, per\u00f2 aix\u00f2 no vol dir que estigui exempta de riscos i, de fet, els t\u00e9.<\/em><\/p>\n\n<p><b><a href=\"https:\/\/www.cope.es\/emisoras\/cataluna\/barcelona-provincia\/barcelona\/informatius-cope-catalunya-i-andorra\/audios\/informatiu-migdia-20211004_1593209\" target=\"_blank\" rel=\"noreferrer noopener\">E<\/a><\/b><strong><a href=\"https:\/\/www.cope.es\/emisoras\/cataluna\/barcelona-provincia\/barcelona\/informatius-cope-catalunya-i-andorra\/audios\/informatiu-migdia-20211004_1593209\" target=\"_blank\" rel=\"noreferrer noopener\">ntrevista a Claudio Vidal &#8211; gas del riure<\/a><\/strong><\/p>\n\n<p><\/p>\n\n<p><strong>04\/10\/21 &#8211; Betev\u00e9<\/strong><\/p>\n\n<p>Mireia Ventura, explica que \u00e9s una subst\u00e0ncia que t\u00e9 un <strong>efecte passatger<\/strong> i que no t\u00e9 <strong>efectes secundaris greus<\/strong> si es consumeix en determinades condicions per\u00f2 alerta que <strong>contextos com els botellons no s\u00f3n adequats<\/strong> per a consumir-lo.<\/p>\n\n<p><strong><a href=\"https:\/\/beteve.cat\/basics\/gas-del-riure\/\" target=\"_blank\" rel=\"noreferrer noopener\">El gas del riure no s&#8217;hauria de consumir en la via p\u00fablica ni barrejat amb l&#8217;alcohol, segons Energy Control <\/a><\/strong><\/p>\n\n<p><\/p>\n\n<p><strong>04\/10\/21 &#8211; 20 minutos<\/strong><\/p>\n\n<p><em>La Fundaci\u00f3 iSocial i els ajuntaments de Barcelona, Girona i El Prat de Llobregat han impulsat el projecte NIDUS per a desenvolupar una plataforma digital que preveu millorar l&#8217;atenci\u00f3 a les persones sense llar.<\/em><\/p>\n\n<p><strong><a href=\"https:\/\/www.ccma.cat\/tv3\/alacarta\/planta-baixa\/lus-de-lheroina-com-a-terapia\/video\/6117093\/\" target=\"_blank\" rel=\"noreferrer noopener\">Neix una plataforma digital per que les persones sense llar puguian guardar els seus documents i parlar amb <\/a><a href=\"https:\/\/www.20minutos.es\/noticia\/4843120\/0\/nace-plataforma-digital-para-personas-sin-hogar-puedan-guardar-sus-documentos-hablar-con-profesionales\/\" target=\"_blank\" rel=\"noreferrer noopener\">professionals <\/a><\/strong><\/p>\n\n<p><\/p>\n\n<p><strong>01\/10\/21 &#8211; Aqu\u00ed Cun\u00ed. Cadena SER.<\/strong><\/p>\n\n<p><em>ENTREVISTA a Mireia Ventura (doctora en Farm\u00e0cia, coordinadora del servei d&#8217;an\u00e0lisi de subst\u00e0ncies d&#8217;Energy control)<\/em><\/p>\n\n<p><b><a href=\"https:\/\/play.cadenaser.com\/audio\/1633079163546\/\" target=\"_blank\" rel=\"noreferrer noopener\">\u00d3<\/a><\/b><strong><a href=\"https:\/\/play.cadenaser.com\/audio\/1633079163546\/\" target=\"_blank\" rel=\"noreferrer noopener\">xid nitr\u00f3s, la nova droga de moda en els macrobotellots<\/a><\/strong><\/p>\n","protected":false},"excerpt":{"rendered":"<p>L&#8217;Associaci\u00f3 Benestar i Desenvolupament (ABD) ha estat present en els mitjans de comunicaci\u00f3 durant aquest mes d&#8217;octubre. A continuaci\u00f3, el resum de premsa de les not\u00edcies, articles i reportatges en&hellip;<\/p>\n","protected":false},"author":9,"featured_media":14666,"comment_status":"closed","ping_status":"closed","sticky":false,"template":"","format":"standard","meta":{"_acf_changed":false,"footnotes":""},"categories":[66],"tags":[675,175,2348,2299,2300,2533],"class_list":["post-27185","post","type-post","status-publish","format-standard","has-post-thumbnail","hentry","category-general-ca","tag-asociacion-bienestar-y-desarrollo-ca","tag-drogas-ca","tag-maternitat","tag-mitjans-de-comunicacio-ca","tag-noticies-ca","tag-sexualitat-ca"],"acf":[],"yoast_head":"<!-- This site is optimized with the Yoast SEO plugin v27.4 - https:\/\/yoast.com\/product\/yoast-seo-wordpress\/ -->\n<title>ABD als mitjans de comunicaci\u00f3 a l&#039;octubre - ABD<\/title>\n<meta name=\"description\" content=\"L&#039;Associaci\u00f3 Benestar i Desenvolupament (ABD) ha estat present en els mitjans de comunicaci\u00f3 durant aquest mes d&#039;octubre. A continuaci\u00f3, el resum de\" \/>\n<meta name=\"robots\" content=\"index, follow, max-snippet:-1, max-image-preview:large, max-video-preview:-1\" \/>\n<link rel=\"canonical\" href=\"https:\/\/abd.ong\/ca\/general-ca\/abd-als-mitjans-de-comunicacio-a-loctubre-2\/\" \/>\n<meta property=\"og:locale\" content=\"ca_ES\" \/>\n<meta property=\"og:type\" content=\"article\" \/>\n<meta property=\"og:title\" content=\"ABD als mitjans de comunicaci\u00f3 a l&#039;octubre - ABD\" \/>\n<meta property=\"og:description\" content=\"L&#039;Associaci\u00f3 Benestar i Desenvolupament (ABD) ha estat present en els mitjans de comunicaci\u00f3 durant aquest mes d&#039;octubre. A continuaci\u00f3, el resum de\" \/>\n<meta property=\"og:url\" content=\"https:\/\/abd.ong\/ca\/general-ca\/abd-als-mitjans-de-comunicacio-a-loctubre-2\/\" \/>\n<meta property=\"og:site_name\" content=\"ABD\" \/>\n<meta property=\"article:publisher\" content=\"https:\/\/www.facebook.com\/abd.ong\" \/>\n<meta property=\"article:published_time\" content=\"2021-10-29T08:34:01+00:00\" \/>\n<meta property=\"article:modified_time\" content=\"2022-07-04T07:58:58+00:00\" \/>\n<meta property=\"og:image\" content=\"https:\/\/abd.ong\/wp-content\/uploads\/2020\/05\/old-tv-1149416_1920.jpg\" \/>\n\t<meta property=\"og:image:width\" content=\"1919\" \/>\n\t<meta property=\"og:image:height\" content=\"977\" \/>\n\t<meta property=\"og:image:type\" content=\"image\/jpeg\" \/>\n<meta name=\"author\" content=\"Maria Creixell\" \/>\n<meta name=\"twitter:card\" content=\"summary_large_image\" \/>\n<meta name=\"twitter:creator\" content=\"@abd_ong\" \/>\n<meta name=\"twitter:site\" content=\"@abd_ong\" \/>\n<meta name=\"twitter:label1\" content=\"Escrit per\" \/>\n\t<meta name=\"twitter:data1\" content=\"Maria Creixell\" \/>\n\t<meta name=\"twitter:label2\" content=\"Temps estimat de lectura\" \/>\n\t<meta name=\"twitter:data2\" content=\"5 minuts\" \/>\n<script type=\"application\/ld+json\" class=\"yoast-schema-graph\">{\"@context\":\"https:\\\/\\\/schema.org\",\"@graph\":[{\"@type\":\"Article\",\"@id\":\"https:\\\/\\\/abd.ong\\\/ca\\\/general-ca\\\/abd-als-mitjans-de-comunicacio-a-loctubre-2\\\/#article\",\"isPartOf\":{\"@id\":\"https:\\\/\\\/abd.ong\\\/ca\\\/general-ca\\\/abd-als-mitjans-de-comunicacio-a-loctubre-2\\\/\"},\"author\":{\"name\":\"Maria Creixell\",\"@id\":\"https:\\\/\\\/abd.ong\\\/ca\\\/#\\\/schema\\\/person\\\/d2e158b4173f683b3898e286f5b35a10\"},\"headline\":\"ABD als mitjans de comunicaci\u00f3 a l&#8217;octubre\",\"datePublished\":\"2021-10-29T08:34:01+00:00\",\"dateModified\":\"2022-07-04T07:58:58+00:00\",\"mainEntityOfPage\":{\"@id\":\"https:\\\/\\\/abd.ong\\\/ca\\\/general-ca\\\/abd-als-mitjans-de-comunicacio-a-loctubre-2\\\/\"},\"wordCount\":1036,\"publisher\":{\"@id\":\"https:\\\/\\\/abd.ong\\\/ca\\\/#organization\"},\"image\":{\"@id\":\"https:\\\/\\\/abd.ong\\\/ca\\\/general-ca\\\/abd-als-mitjans-de-comunicacio-a-loctubre-2\\\/#primaryimage\"},\"thumbnailUrl\":\"https:\\\/\\\/abd.ong\\\/wp-content\\\/uploads\\\/2020\\\/05\\\/old-tv-1149416_1920.jpg\",\"keywords\":[\"Asociaci\u00f3n Bienestar y Desarrollo\",\"drogas\",\"maternitat\",\"Mitjans de comunicaci\u00f3\",\"not\u00edcies\",\"sexualitat\"],\"articleSection\":[\"General\"],\"inLanguage\":\"ca\"},{\"@type\":\"WebPage\",\"@id\":\"https:\\\/\\\/abd.ong\\\/ca\\\/general-ca\\\/abd-als-mitjans-de-comunicacio-a-loctubre-2\\\/\",\"url\":\"https:\\\/\\\/abd.ong\\\/ca\\\/general-ca\\\/abd-als-mitjans-de-comunicacio-a-loctubre-2\\\/\",\"name\":\"ABD als mitjans de comunicaci\u00f3 a l'octubre - ABD\",\"isPartOf\":{\"@id\":\"https:\\\/\\\/abd.ong\\\/ca\\\/#website\"},\"primaryImageOfPage\":{\"@id\":\"https:\\\/\\\/abd.ong\\\/ca\\\/general-ca\\\/abd-als-mitjans-de-comunicacio-a-loctubre-2\\\/#primaryimage\"},\"image\":{\"@id\":\"https:\\\/\\\/abd.ong\\\/ca\\\/general-ca\\\/abd-als-mitjans-de-comunicacio-a-loctubre-2\\\/#primaryimage\"},\"thumbnailUrl\":\"https:\\\/\\\/abd.ong\\\/wp-content\\\/uploads\\\/2020\\\/05\\\/old-tv-1149416_1920.jpg\",\"datePublished\":\"2021-10-29T08:34:01+00:00\",\"dateModified\":\"2022-07-04T07:58:58+00:00\",\"description\":\"L'Associaci\u00f3 Benestar i Desenvolupament (ABD) ha estat present en els mitjans de comunicaci\u00f3 durant aquest mes d'octubre. A continuaci\u00f3, el resum de\",\"breadcrumb\":{\"@id\":\"https:\\\/\\\/abd.ong\\\/ca\\\/general-ca\\\/abd-als-mitjans-de-comunicacio-a-loctubre-2\\\/#breadcrumb\"},\"inLanguage\":\"ca\",\"potentialAction\":[{\"@type\":\"ReadAction\",\"target\":[\"https:\\\/\\\/abd.ong\\\/ca\\\/general-ca\\\/abd-als-mitjans-de-comunicacio-a-loctubre-2\\\/\"]}]},{\"@type\":\"ImageObject\",\"inLanguage\":\"ca\",\"@id\":\"https:\\\/\\\/abd.ong\\\/ca\\\/general-ca\\\/abd-als-mitjans-de-comunicacio-a-loctubre-2\\\/#primaryimage\",\"url\":\"https:\\\/\\\/abd.ong\\\/wp-content\\\/uploads\\\/2020\\\/05\\\/old-tv-1149416_1920.jpg\",\"contentUrl\":\"https:\\\/\\\/abd.ong\\\/wp-content\\\/uploads\\\/2020\\\/05\\\/old-tv-1149416_1920.jpg\",\"width\":1919,\"height\":977,\"caption\":\"medios de comunicaci\u00f3n\"},{\"@type\":\"BreadcrumbList\",\"@id\":\"https:\\\/\\\/abd.ong\\\/ca\\\/general-ca\\\/abd-als-mitjans-de-comunicacio-a-loctubre-2\\\/#breadcrumb\",\"itemListElement\":[{\"@type\":\"ListItem\",\"position\":1,\"name\":\"Inici\",\"item\":\"https:\\\/\\\/abd.ong\\\/ca\\\/\"},{\"@type\":\"ListItem\",\"position\":2,\"name\":\"ABD als mitjans de comunicaci\u00f3 a l&#8217;octubre\"}]},{\"@type\":\"WebSite\",\"@id\":\"https:\\\/\\\/abd.ong\\\/ca\\\/#website\",\"url\":\"https:\\\/\\\/abd.ong\\\/ca\\\/\",\"name\":\"ABD\",\"description\":\"Asociaci\u00f3n Bienestar y Desarrollo\",\"publisher\":{\"@id\":\"https:\\\/\\\/abd.ong\\\/ca\\\/#organization\"},\"potentialAction\":[{\"@type\":\"SearchAction\",\"target\":{\"@type\":\"EntryPoint\",\"urlTemplate\":\"https:\\\/\\\/abd.ong\\\/ca\\\/?s={search_term_string}\"},\"query-input\":{\"@type\":\"PropertyValueSpecification\",\"valueRequired\":true,\"valueName\":\"search_term_string\"}}],\"inLanguage\":\"ca\"},{\"@type\":\"Organization\",\"@id\":\"https:\\\/\\\/abd.ong\\\/ca\\\/#organization\",\"name\":\"Associaci\u00f3 Benestar i Desenvolupament\",\"alternateName\":\"ABD\",\"url\":\"https:\\\/\\\/abd.ong\\\/ca\\\/\",\"logo\":{\"@type\":\"ImageObject\",\"inLanguage\":\"ca\",\"@id\":\"https:\\\/\\\/abd.ong\\\/ca\\\/#\\\/schema\\\/logo\\\/image\\\/\",\"url\":\"https:\\\/\\\/abd.ong\\\/wp-content\\\/uploads\\\/2023\\\/01\\\/Icona.png\",\"contentUrl\":\"https:\\\/\\\/abd.ong\\\/wp-content\\\/uploads\\\/2023\\\/01\\\/Icona.png\",\"width\":190,\"height\":187,\"caption\":\"Associaci\u00f3 Benestar i Desenvolupament\"},\"image\":{\"@id\":\"https:\\\/\\\/abd.ong\\\/ca\\\/#\\\/schema\\\/logo\\\/image\\\/\"},\"sameAs\":[\"https:\\\/\\\/www.facebook.com\\\/abd.ong\",\"https:\\\/\\\/x.com\\\/abd_ong\",\"https:\\\/\\\/www.instagram.com\\\/abd_ong\\\/\",\"https:\\\/\\\/www.linkedin.com\\\/company\\\/abdong\",\"https:\\\/\\\/www.youtube.com\\\/user\\\/CANALABD\"]},{\"@type\":\"Person\",\"@id\":\"https:\\\/\\\/abd.ong\\\/ca\\\/#\\\/schema\\\/person\\\/d2e158b4173f683b3898e286f5b35a10\",\"name\":\"Maria Creixell\"}]}<\/script>\n<!-- \/ Yoast SEO plugin. -->","yoast_head_json":{"title":"ABD als mitjans de comunicaci\u00f3 a l'octubre - ABD","description":"L'Associaci\u00f3 Benestar i Desenvolupament (ABD) ha estat present en els mitjans de comunicaci\u00f3 durant aquest mes d'octubre. A continuaci\u00f3, el resum de","robots":{"index":"index","follow":"follow","max-snippet":"max-snippet:-1","max-image-preview":"max-image-preview:large","max-video-preview":"max-video-preview:-1"},"canonical":"https:\/\/abd.ong\/ca\/general-ca\/abd-als-mitjans-de-comunicacio-a-loctubre-2\/","og_locale":"ca_ES","og_type":"article","og_title":"ABD als mitjans de comunicaci\u00f3 a l'octubre - ABD","og_description":"L'Associaci\u00f3 Benestar i Desenvolupament (ABD) ha estat present en els mitjans de comunicaci\u00f3 durant aquest mes d'octubre. A continuaci\u00f3, el resum de","og_url":"https:\/\/abd.ong\/ca\/general-ca\/abd-als-mitjans-de-comunicacio-a-loctubre-2\/","og_site_name":"ABD","article_publisher":"https:\/\/www.facebook.com\/abd.ong","article_published_time":"2021-10-29T08:34:01+00:00","article_modified_time":"2022-07-04T07:58:58+00:00","og_image":[{"width":1919,"height":977,"url":"https:\/\/abd.ong\/wp-content\/uploads\/2020\/05\/old-tv-1149416_1920.jpg","type":"image\/jpeg"}],"author":"Maria Creixell","twitter_card":"summary_large_image","twitter_creator":"@abd_ong","twitter_site":"@abd_ong","twitter_misc":{"Escrit per":"Maria Creixell","Temps estimat de lectura":"5 minuts"},"schema":{"@context":"https:\/\/schema.org","@graph":[{"@type":"Article","@id":"https:\/\/abd.ong\/ca\/general-ca\/abd-als-mitjans-de-comunicacio-a-loctubre-2\/#article","isPartOf":{"@id":"https:\/\/abd.ong\/ca\/general-ca\/abd-als-mitjans-de-comunicacio-a-loctubre-2\/"},"author":{"name":"Maria Creixell","@id":"https:\/\/abd.ong\/ca\/#\/schema\/person\/d2e158b4173f683b3898e286f5b35a10"},"headline":"ABD als mitjans de comunicaci\u00f3 a l&#8217;octubre","datePublished":"2021-10-29T08:34:01+00:00","dateModified":"2022-07-04T07:58:58+00:00","mainEntityOfPage":{"@id":"https:\/\/abd.ong\/ca\/general-ca\/abd-als-mitjans-de-comunicacio-a-loctubre-2\/"},"wordCount":1036,"publisher":{"@id":"https:\/\/abd.ong\/ca\/#organization"},"image":{"@id":"https:\/\/abd.ong\/ca\/general-ca\/abd-als-mitjans-de-comunicacio-a-loctubre-2\/#primaryimage"},"thumbnailUrl":"https:\/\/abd.ong\/wp-content\/uploads\/2020\/05\/old-tv-1149416_1920.jpg","keywords":["Asociaci\u00f3n Bienestar y Desarrollo","drogas","maternitat","Mitjans de comunicaci\u00f3","not\u00edcies","sexualitat"],"articleSection":["General"],"inLanguage":"ca"},{"@type":"WebPage","@id":"https:\/\/abd.ong\/ca\/general-ca\/abd-als-mitjans-de-comunicacio-a-loctubre-2\/","url":"https:\/\/abd.ong\/ca\/general-ca\/abd-als-mitjans-de-comunicacio-a-loctubre-2\/","name":"ABD als mitjans de comunicaci\u00f3 a l'octubre - ABD","isPartOf":{"@id":"https:\/\/abd.ong\/ca\/#website"},"primaryImageOfPage":{"@id":"https:\/\/abd.ong\/ca\/general-ca\/abd-als-mitjans-de-comunicacio-a-loctubre-2\/#primaryimage"},"image":{"@id":"https:\/\/abd.ong\/ca\/general-ca\/abd-als-mitjans-de-comunicacio-a-loctubre-2\/#primaryimage"},"thumbnailUrl":"https:\/\/abd.ong\/wp-content\/uploads\/2020\/05\/old-tv-1149416_1920.jpg","datePublished":"2021-10-29T08:34:01+00:00","dateModified":"2022-07-04T07:58:58+00:00","description":"L'Associaci\u00f3 Benestar i Desenvolupament (ABD) ha estat present en els mitjans de comunicaci\u00f3 durant aquest mes d'octubre. A continuaci\u00f3, el resum de","breadcrumb":{"@id":"https:\/\/abd.ong\/ca\/general-ca\/abd-als-mitjans-de-comunicacio-a-loctubre-2\/#breadcrumb"},"inLanguage":"ca","potentialAction":[{"@type":"ReadAction","target":["https:\/\/abd.ong\/ca\/general-ca\/abd-als-mitjans-de-comunicacio-a-loctubre-2\/"]}]},{"@type":"ImageObject","inLanguage":"ca","@id":"https:\/\/abd.ong\/ca\/general-ca\/abd-als-mitjans-de-comunicacio-a-loctubre-2\/#primaryimage","url":"https:\/\/abd.ong\/wp-content\/uploads\/2020\/05\/old-tv-1149416_1920.jpg","contentUrl":"https:\/\/abd.ong\/wp-content\/uploads\/2020\/05\/old-tv-1149416_1920.jpg","width":1919,"height":977,"caption":"medios de comunicaci\u00f3n"},{"@type":"BreadcrumbList","@id":"https:\/\/abd.ong\/ca\/general-ca\/abd-als-mitjans-de-comunicacio-a-loctubre-2\/#breadcrumb","itemListElement":[{"@type":"ListItem","position":1,"name":"Inici","item":"https:\/\/abd.ong\/ca\/"},{"@type":"ListItem","position":2,"name":"ABD als mitjans de comunicaci\u00f3 a l&#8217;octubre"}]},{"@type":"WebSite","@id":"https:\/\/abd.ong\/ca\/#website","url":"https:\/\/abd.ong\/ca\/","name":"ABD","description":"Asociaci\u00f3n Bienestar y Desarrollo","publisher":{"@id":"https:\/\/abd.ong\/ca\/#organization"},"potentialAction":[{"@type":"SearchAction","target":{"@type":"EntryPoint","urlTemplate":"https:\/\/abd.ong\/ca\/?s={search_term_string}"},"query-input":{"@type":"PropertyValueSpecification","valueRequired":true,"valueName":"search_term_string"}}],"inLanguage":"ca"},{"@type":"Organization","@id":"https:\/\/abd.ong\/ca\/#organization","name":"Associaci\u00f3 Benestar i Desenvolupament","alternateName":"ABD","url":"https:\/\/abd.ong\/ca\/","logo":{"@type":"ImageObject","inLanguage":"ca","@id":"https:\/\/abd.ong\/ca\/#\/schema\/logo\/image\/","url":"https:\/\/abd.ong\/wp-content\/uploads\/2023\/01\/Icona.png","contentUrl":"https:\/\/abd.ong\/wp-content\/uploads\/2023\/01\/Icona.png","width":190,"height":187,"caption":"Associaci\u00f3 Benestar i Desenvolupament"},"image":{"@id":"https:\/\/abd.ong\/ca\/#\/schema\/logo\/image\/"},"sameAs":["https:\/\/www.facebook.com\/abd.ong","https:\/\/x.com\/abd_ong","https:\/\/www.instagram.com\/abd_ong\/","https:\/\/www.linkedin.com\/company\/abdong","https:\/\/www.youtube.com\/user\/CANALABD"]},{"@type":"Person","@id":"https:\/\/abd.ong\/ca\/#\/schema\/person\/d2e158b4173f683b3898e286f5b35a10","name":"Maria Creixell"}]}},"_links":{"self":[{"href":"https:\/\/abd.ong\/ca\/wp-json\/wp\/v2\/posts\/27185","targetHints":{"allow":["GET"]}}],"collection":[{"href":"https:\/\/abd.ong\/ca\/wp-json\/wp\/v2\/posts"}],"about":[{"href":"https:\/\/abd.ong\/ca\/wp-json\/wp\/v2\/types\/post"}],"author":[{"embeddable":true,"href":"https:\/\/abd.ong\/ca\/wp-json\/wp\/v2\/users\/9"}],"replies":[{"embeddable":true,"href":"https:\/\/abd.ong\/ca\/wp-json\/wp\/v2\/comments?post=27185"}],"version-history":[{"count":3,"href":"https:\/\/abd.ong\/ca\/wp-json\/wp\/v2\/posts\/27185\/revisions"}],"predecessor-version":[{"id":34235,"href":"https:\/\/abd.ong\/ca\/wp-json\/wp\/v2\/posts\/27185\/revisions\/34235"}],"wp:featuredmedia":[{"embeddable":true,"href":"https:\/\/abd.ong\/ca\/wp-json\/wp\/v2\/media\/14666"}],"wp:attachment":[{"href":"https:\/\/abd.ong\/ca\/wp-json\/wp\/v2\/media?parent=27185"}],"wp:term":[{"taxonomy":"category","embeddable":true,"href":"https:\/\/abd.ong\/ca\/wp-json\/wp\/v2\/categories?post=27185"},{"taxonomy":"post_tag","embeddable":true,"href":"https:\/\/abd.ong\/ca\/wp-json\/wp\/v2\/tags?post=27185"}],"curies":[{"name":"wp","href":"https:\/\/api.w.org\/{rel}","templated":true}]}}