{"id":26383,"date":"2021-10-01T10:21:34","date_gmt":"2021-10-01T08:21:34","guid":{"rendered":"https:\/\/abd.ong\/?p=26383"},"modified":"2021-10-01T10:21:34","modified_gmt":"2021-10-01T08:21:34","slug":"equitat-digital-per-a-totes-les-edats","status":"publish","type":"post","link":"https:\/\/abd.ong\/ca\/dependencia-i-gent-gran\/equitat-digital-per-a-totes-les-edats\/","title":{"rendered":"Equitat digital per a totes les edats"},"content":{"rendered":"\n<p>Amb motiu del Dia Internacional de les Persones grans, la directora de l&#8217;\u00c0rea Operativa Sociosanit\u00e0ria i adjunta a ger\u00e8ncia de l&#8217;Associaci\u00f3 Benestar i Desenvolupament ABD, Pilar Rodr\u00edguez, reflexiona sobre l&#8217;acc\u00e9s i l&#8217;\u00fas de les noves tecnologies per part d&#8217;aquest col\u00b7lectiu.&#13;\n<\/p>\n\n<p><em>El lema del Dia 1 d&#8217;octubre del Dia Internacional de les persones d&#8217;Edat \u00e9s &#8220;Equitat digital per a totes les edats&#8221;. Sens dubte, als avan\u00e7os tecnol\u00f2gics, com a eina no com a finalitat, no els podem donar l&#8217;esquena. Per\u00f2 actualment, aquestes eines estan excloent a moltes persones grans de la societat: no poden accedir als bancs, demanar visita als centres de salut o serveis socials, gestionar subministraments, etc.<\/em><\/p>\n\n<div style=\"height:30px\" aria-hidden=\"true\" class=\"wp-block-spacer\"><\/div>\n\n<blockquote class=\"wp-block-quote is-style-large is-layout-flow wp-block-quote-is-layout-flow\"><p><strong>Tecnologia s\u00ed, per\u00f2 acompanyada d&#8217;accions accessibles per poder fer una societat m\u00e9s inclusiva<\/strong><\/p><cite>Pilar Rodr\u00edguez, directora de l&#8217;\u00c0rea Operativa Sociosanit\u00e0ria d&#8217;ABD.<\/cite><\/blockquote>\n\n<div style=\"height:30px\" aria-hidden=\"true\" class=\"wp-block-spacer\"><\/div>\n\n<p><em><strong>Tecnologia s\u00ed, per\u00f2 ha d&#8217;anar acompanyada d&#8217;accions accessibles per a poder fer una societat m\u00e9s inclusiva<\/strong>, per a totes les persones que formen part de la societat i perqu\u00e8 ning\u00fa quedi excl\u00f2s. Que tinguin l&#8217;opci\u00f3 de tenir acc\u00e9s i que puguin participar d&#8217;aquestes.<\/em><\/p>\n\n<p><em>\u00c9s un proc\u00e9s llarg. Des d&#8217;ABD estem treballant per a pal\u00b7liar la bretxa digital que pateixen moltes persones grans, per a contribuir a millorar les relacions amb familiars i\/o amistats, compartir espais comunitaris, evitar la solitud no desitjada, l&#8217;a\u00efllament social, i\/o accedir a recursos. <strong>Moltes persones grans per la seva condici\u00f3 quedaran excloses, quines alternatives tenim?<\/strong><\/em><\/p>\n","protected":false},"excerpt":{"rendered":"<p>Amb motiu del Dia Internacional de les Persones grans, la directora de l&#8217;\u00c0rea Operativa Sociosanit\u00e0ria i adjunta a ger\u00e8ncia de l&#8217;Associaci\u00f3 Benestar i Desenvolupament ABD, Pilar Rodr\u00edguez, reflexiona sobre l&#8217;acc\u00e9s&hellip;<\/p>\n","protected":false},"author":9,"featured_media":26378,"comment_status":"closed","ping_status":"closed","sticky":false,"template":"","format":"standard","meta":{"_acf_changed":false,"footnotes":""},"categories":[1298,66],"tags":[675,2548,2547,2550,2267,2549],"class_list":["post-26383","post","type-post","status-publish","format-standard","has-post-thumbnail","hentry","category-dependencia-i-gent-gran","category-general-ca","tag-asociacion-bienestar-y-desarrollo-ca","tag-bretxa-digital","tag-dia-internacional-de-les-persones-grans","tag-equitat-digital","tag-persones-grans-ca","tag-tecnologia-ca"],"acf":[],"yoast_head":"<!-- This site is optimized with the Yoast SEO plugin v27.4 - https:\/\/yoast.com\/product\/yoast-seo-wordpress\/ -->\n<title>Equitat digital per a totes les edats - ABD<\/title>\n<meta name=\"description\" content=\"Amb motiu del Dia Internacional de les Persones grans, la directora de l&#039;\u00c0rea Operativa Sociosanit\u00e0ria i adjunta a ger\u00e8ncia de l&#039;Associaci\u00f3 Benestar i\" \/>\n<meta name=\"robots\" content=\"index, follow, max-snippet:-1, max-image-preview:large, max-video-preview:-1\" \/>\n<link rel=\"canonical\" href=\"https:\/\/abd.ong\/ca\/dependencia-i-gent-gran\/equitat-digital-per-a-totes-les-edats\/\" \/>\n<meta property=\"og:locale\" content=\"ca_ES\" \/>\n<meta property=\"og:type\" content=\"article\" \/>\n<meta property=\"og:title\" content=\"Equitat digital per a totes les edats - ABD\" \/>\n<meta property=\"og:description\" content=\"Amb motiu del Dia Internacional de les Persones grans, la directora de l&#039;\u00c0rea Operativa Sociosanit\u00e0ria i adjunta a ger\u00e8ncia de l&#039;Associaci\u00f3 Benestar i\" \/>\n<meta property=\"og:url\" content=\"https:\/\/abd.ong\/ca\/dependencia-i-gent-gran\/equitat-digital-per-a-totes-les-edats\/\" \/>\n<meta property=\"og:site_name\" content=\"ABD\" \/>\n<meta property=\"article:publisher\" content=\"https:\/\/www.facebook.com\/abd.ong\" \/>\n<meta property=\"article:published_time\" content=\"2021-10-01T08:21:34+00:00\" \/>\n<meta property=\"og:image\" content=\"https:\/\/abd.ong\/wp-content\/uploads\/2021\/10\/eldcare-e1633073896101.jpeg\" \/>\n\t<meta property=\"og:image:width\" content=\"2048\" \/>\n\t<meta property=\"og:image:height\" content=\"1536\" \/>\n\t<meta property=\"og:image:type\" content=\"image\/jpeg\" \/>\n<meta name=\"author\" content=\"Maria Creixell\" \/>\n<meta name=\"twitter:card\" content=\"summary_large_image\" \/>\n<meta name=\"twitter:creator\" content=\"@abd_ong\" \/>\n<meta name=\"twitter:site\" content=\"@abd_ong\" \/>\n<meta name=\"twitter:label1\" content=\"Escrit per\" \/>\n\t<meta name=\"twitter:data1\" content=\"Maria Creixell\" \/>\n\t<meta name=\"twitter:label2\" content=\"Temps estimat de lectura\" \/>\n\t<meta name=\"twitter:data2\" content=\"1 minut\" \/>\n<script type=\"application\/ld+json\" class=\"yoast-schema-graph\">{\"@context\":\"https:\\\/\\\/schema.org\",\"@graph\":[{\"@type\":\"Article\",\"@id\":\"https:\\\/\\\/abd.ong\\\/ca\\\/dependencia-i-gent-gran\\\/equitat-digital-per-a-totes-les-edats\\\/#article\",\"isPartOf\":{\"@id\":\"https:\\\/\\\/abd.ong\\\/ca\\\/dependencia-i-gent-gran\\\/equitat-digital-per-a-totes-les-edats\\\/\"},\"author\":{\"name\":\"Maria Creixell\",\"@id\":\"https:\\\/\\\/abd.ong\\\/ca\\\/#\\\/schema\\\/person\\\/d2e158b4173f683b3898e286f5b35a10\"},\"headline\":\"Equitat digital per a totes les edats\",\"datePublished\":\"2021-10-01T08:21:34+00:00\",\"mainEntityOfPage\":{\"@id\":\"https:\\\/\\\/abd.ong\\\/ca\\\/dependencia-i-gent-gran\\\/equitat-digital-per-a-totes-les-edats\\\/\"},\"wordCount\":269,\"publisher\":{\"@id\":\"https:\\\/\\\/abd.ong\\\/ca\\\/#organization\"},\"image\":{\"@id\":\"https:\\\/\\\/abd.ong\\\/ca\\\/dependencia-i-gent-gran\\\/equitat-digital-per-a-totes-les-edats\\\/#primaryimage\"},\"thumbnailUrl\":\"https:\\\/\\\/abd.ong\\\/wp-content\\\/uploads\\\/2021\\\/10\\\/eldcare-e1633073896101.jpeg\",\"keywords\":[\"Asociaci\u00f3n Bienestar y Desarrollo\",\"bretxa digital\",\"Dia internacional de les persones grans\",\"equitat digital\",\"persones grans\",\"tecnologia\"],\"articleSection\":[\"Depend\u00e8ncia i gent gran\",\"General\"],\"inLanguage\":\"ca\"},{\"@type\":\"WebPage\",\"@id\":\"https:\\\/\\\/abd.ong\\\/ca\\\/dependencia-i-gent-gran\\\/equitat-digital-per-a-totes-les-edats\\\/\",\"url\":\"https:\\\/\\\/abd.ong\\\/ca\\\/dependencia-i-gent-gran\\\/equitat-digital-per-a-totes-les-edats\\\/\",\"name\":\"Equitat digital per a totes les edats - ABD\",\"isPartOf\":{\"@id\":\"https:\\\/\\\/abd.ong\\\/ca\\\/#website\"},\"primaryImageOfPage\":{\"@id\":\"https:\\\/\\\/abd.ong\\\/ca\\\/dependencia-i-gent-gran\\\/equitat-digital-per-a-totes-les-edats\\\/#primaryimage\"},\"image\":{\"@id\":\"https:\\\/\\\/abd.ong\\\/ca\\\/dependencia-i-gent-gran\\\/equitat-digital-per-a-totes-les-edats\\\/#primaryimage\"},\"thumbnailUrl\":\"https:\\\/\\\/abd.ong\\\/wp-content\\\/uploads\\\/2021\\\/10\\\/eldcare-e1633073896101.jpeg\",\"datePublished\":\"2021-10-01T08:21:34+00:00\",\"description\":\"Amb motiu del Dia Internacional de les Persones grans, la directora de l'\u00c0rea Operativa Sociosanit\u00e0ria i adjunta a ger\u00e8ncia de l'Associaci\u00f3 Benestar i\",\"breadcrumb\":{\"@id\":\"https:\\\/\\\/abd.ong\\\/ca\\\/dependencia-i-gent-gran\\\/equitat-digital-per-a-totes-les-edats\\\/#breadcrumb\"},\"inLanguage\":\"ca\",\"potentialAction\":[{\"@type\":\"ReadAction\",\"target\":[\"https:\\\/\\\/abd.ong\\\/ca\\\/dependencia-i-gent-gran\\\/equitat-digital-per-a-totes-les-edats\\\/\"]}]},{\"@type\":\"ImageObject\",\"inLanguage\":\"ca\",\"@id\":\"https:\\\/\\\/abd.ong\\\/ca\\\/dependencia-i-gent-gran\\\/equitat-digital-per-a-totes-les-edats\\\/#primaryimage\",\"url\":\"https:\\\/\\\/abd.ong\\\/wp-content\\\/uploads\\\/2021\\\/10\\\/eldcare-e1633073896101.jpeg\",\"contentUrl\":\"https:\\\/\\\/abd.ong\\\/wp-content\\\/uploads\\\/2021\\\/10\\\/eldcare-e1633073896101.jpeg\",\"width\":2048,\"height\":1536},{\"@type\":\"BreadcrumbList\",\"@id\":\"https:\\\/\\\/abd.ong\\\/ca\\\/dependencia-i-gent-gran\\\/equitat-digital-per-a-totes-les-edats\\\/#breadcrumb\",\"itemListElement\":[{\"@type\":\"ListItem\",\"position\":1,\"name\":\"Inici\",\"item\":\"https:\\\/\\\/abd.ong\\\/ca\\\/\"},{\"@type\":\"ListItem\",\"position\":2,\"name\":\"Equitat digital per a totes les edats\"}]},{\"@type\":\"WebSite\",\"@id\":\"https:\\\/\\\/abd.ong\\\/ca\\\/#website\",\"url\":\"https:\\\/\\\/abd.ong\\\/ca\\\/\",\"name\":\"ABD\",\"description\":\"Asociaci\u00f3n Bienestar y Desarrollo\",\"publisher\":{\"@id\":\"https:\\\/\\\/abd.ong\\\/ca\\\/#organization\"},\"potentialAction\":[{\"@type\":\"SearchAction\",\"target\":{\"@type\":\"EntryPoint\",\"urlTemplate\":\"https:\\\/\\\/abd.ong\\\/ca\\\/?s={search_term_string}\"},\"query-input\":{\"@type\":\"PropertyValueSpecification\",\"valueRequired\":true,\"valueName\":\"search_term_string\"}}],\"inLanguage\":\"ca\"},{\"@type\":\"Organization\",\"@id\":\"https:\\\/\\\/abd.ong\\\/ca\\\/#organization\",\"name\":\"Associaci\u00f3 Benestar i Desenvolupament\",\"alternateName\":\"ABD\",\"url\":\"https:\\\/\\\/abd.ong\\\/ca\\\/\",\"logo\":{\"@type\":\"ImageObject\",\"inLanguage\":\"ca\",\"@id\":\"https:\\\/\\\/abd.ong\\\/ca\\\/#\\\/schema\\\/logo\\\/image\\\/\",\"url\":\"https:\\\/\\\/abd.ong\\\/wp-content\\\/uploads\\\/2023\\\/01\\\/Icona.png\",\"contentUrl\":\"https:\\\/\\\/abd.ong\\\/wp-content\\\/uploads\\\/2023\\\/01\\\/Icona.png\",\"width\":190,\"height\":187,\"caption\":\"Associaci\u00f3 Benestar i Desenvolupament\"},\"image\":{\"@id\":\"https:\\\/\\\/abd.ong\\\/ca\\\/#\\\/schema\\\/logo\\\/image\\\/\"},\"sameAs\":[\"https:\\\/\\\/www.facebook.com\\\/abd.ong\",\"https:\\\/\\\/x.com\\\/abd_ong\",\"https:\\\/\\\/www.instagram.com\\\/abd_ong\\\/\",\"https:\\\/\\\/www.linkedin.com\\\/company\\\/abdong\",\"https:\\\/\\\/www.youtube.com\\\/user\\\/CANALABD\"]},{\"@type\":\"Person\",\"@id\":\"https:\\\/\\\/abd.ong\\\/ca\\\/#\\\/schema\\\/person\\\/d2e158b4173f683b3898e286f5b35a10\",\"name\":\"Maria Creixell\"}]}<\/script>\n<!-- \/ Yoast SEO plugin. -->","yoast_head_json":{"title":"Equitat digital per a totes les edats - ABD","description":"Amb motiu del Dia Internacional de les Persones grans, la directora de l'\u00c0rea Operativa Sociosanit\u00e0ria i adjunta a ger\u00e8ncia de l'Associaci\u00f3 Benestar i","robots":{"index":"index","follow":"follow","max-snippet":"max-snippet:-1","max-image-preview":"max-image-preview:large","max-video-preview":"max-video-preview:-1"},"canonical":"https:\/\/abd.ong\/ca\/dependencia-i-gent-gran\/equitat-digital-per-a-totes-les-edats\/","og_locale":"ca_ES","og_type":"article","og_title":"Equitat digital per a totes les edats - ABD","og_description":"Amb motiu del Dia Internacional de les Persones grans, la directora de l'\u00c0rea Operativa Sociosanit\u00e0ria i adjunta a ger\u00e8ncia de l'Associaci\u00f3 Benestar i","og_url":"https:\/\/abd.ong\/ca\/dependencia-i-gent-gran\/equitat-digital-per-a-totes-les-edats\/","og_site_name":"ABD","article_publisher":"https:\/\/www.facebook.com\/abd.ong","article_published_time":"2021-10-01T08:21:34+00:00","og_image":[{"width":2048,"height":1536,"url":"https:\/\/abd.ong\/wp-content\/uploads\/2021\/10\/eldcare-e1633073896101.jpeg","type":"image\/jpeg"}],"author":"Maria Creixell","twitter_card":"summary_large_image","twitter_creator":"@abd_ong","twitter_site":"@abd_ong","twitter_misc":{"Escrit per":"Maria Creixell","Temps estimat de lectura":"1 minut"},"schema":{"@context":"https:\/\/schema.org","@graph":[{"@type":"Article","@id":"https:\/\/abd.ong\/ca\/dependencia-i-gent-gran\/equitat-digital-per-a-totes-les-edats\/#article","isPartOf":{"@id":"https:\/\/abd.ong\/ca\/dependencia-i-gent-gran\/equitat-digital-per-a-totes-les-edats\/"},"author":{"name":"Maria Creixell","@id":"https:\/\/abd.ong\/ca\/#\/schema\/person\/d2e158b4173f683b3898e286f5b35a10"},"headline":"Equitat digital per a totes les edats","datePublished":"2021-10-01T08:21:34+00:00","mainEntityOfPage":{"@id":"https:\/\/abd.ong\/ca\/dependencia-i-gent-gran\/equitat-digital-per-a-totes-les-edats\/"},"wordCount":269,"publisher":{"@id":"https:\/\/abd.ong\/ca\/#organization"},"image":{"@id":"https:\/\/abd.ong\/ca\/dependencia-i-gent-gran\/equitat-digital-per-a-totes-les-edats\/#primaryimage"},"thumbnailUrl":"https:\/\/abd.ong\/wp-content\/uploads\/2021\/10\/eldcare-e1633073896101.jpeg","keywords":["Asociaci\u00f3n Bienestar y Desarrollo","bretxa digital","Dia internacional de les persones grans","equitat digital","persones grans","tecnologia"],"articleSection":["Depend\u00e8ncia i gent gran","General"],"inLanguage":"ca"},{"@type":"WebPage","@id":"https:\/\/abd.ong\/ca\/dependencia-i-gent-gran\/equitat-digital-per-a-totes-les-edats\/","url":"https:\/\/abd.ong\/ca\/dependencia-i-gent-gran\/equitat-digital-per-a-totes-les-edats\/","name":"Equitat digital per a totes les edats - ABD","isPartOf":{"@id":"https:\/\/abd.ong\/ca\/#website"},"primaryImageOfPage":{"@id":"https:\/\/abd.ong\/ca\/dependencia-i-gent-gran\/equitat-digital-per-a-totes-les-edats\/#primaryimage"},"image":{"@id":"https:\/\/abd.ong\/ca\/dependencia-i-gent-gran\/equitat-digital-per-a-totes-les-edats\/#primaryimage"},"thumbnailUrl":"https:\/\/abd.ong\/wp-content\/uploads\/2021\/10\/eldcare-e1633073896101.jpeg","datePublished":"2021-10-01T08:21:34+00:00","description":"Amb motiu del Dia Internacional de les Persones grans, la directora de l'\u00c0rea Operativa Sociosanit\u00e0ria i adjunta a ger\u00e8ncia de l'Associaci\u00f3 Benestar i","breadcrumb":{"@id":"https:\/\/abd.ong\/ca\/dependencia-i-gent-gran\/equitat-digital-per-a-totes-les-edats\/#breadcrumb"},"inLanguage":"ca","potentialAction":[{"@type":"ReadAction","target":["https:\/\/abd.ong\/ca\/dependencia-i-gent-gran\/equitat-digital-per-a-totes-les-edats\/"]}]},{"@type":"ImageObject","inLanguage":"ca","@id":"https:\/\/abd.ong\/ca\/dependencia-i-gent-gran\/equitat-digital-per-a-totes-les-edats\/#primaryimage","url":"https:\/\/abd.ong\/wp-content\/uploads\/2021\/10\/eldcare-e1633073896101.jpeg","contentUrl":"https:\/\/abd.ong\/wp-content\/uploads\/2021\/10\/eldcare-e1633073896101.jpeg","width":2048,"height":1536},{"@type":"BreadcrumbList","@id":"https:\/\/abd.ong\/ca\/dependencia-i-gent-gran\/equitat-digital-per-a-totes-les-edats\/#breadcrumb","itemListElement":[{"@type":"ListItem","position":1,"name":"Inici","item":"https:\/\/abd.ong\/ca\/"},{"@type":"ListItem","position":2,"name":"Equitat digital per a totes les edats"}]},{"@type":"WebSite","@id":"https:\/\/abd.ong\/ca\/#website","url":"https:\/\/abd.ong\/ca\/","name":"ABD","description":"Asociaci\u00f3n Bienestar y Desarrollo","publisher":{"@id":"https:\/\/abd.ong\/ca\/#organization"},"potentialAction":[{"@type":"SearchAction","target":{"@type":"EntryPoint","urlTemplate":"https:\/\/abd.ong\/ca\/?s={search_term_string}"},"query-input":{"@type":"PropertyValueSpecification","valueRequired":true,"valueName":"search_term_string"}}],"inLanguage":"ca"},{"@type":"Organization","@id":"https:\/\/abd.ong\/ca\/#organization","name":"Associaci\u00f3 Benestar i Desenvolupament","alternateName":"ABD","url":"https:\/\/abd.ong\/ca\/","logo":{"@type":"ImageObject","inLanguage":"ca","@id":"https:\/\/abd.ong\/ca\/#\/schema\/logo\/image\/","url":"https:\/\/abd.ong\/wp-content\/uploads\/2023\/01\/Icona.png","contentUrl":"https:\/\/abd.ong\/wp-content\/uploads\/2023\/01\/Icona.png","width":190,"height":187,"caption":"Associaci\u00f3 Benestar i Desenvolupament"},"image":{"@id":"https:\/\/abd.ong\/ca\/#\/schema\/logo\/image\/"},"sameAs":["https:\/\/www.facebook.com\/abd.ong","https:\/\/x.com\/abd_ong","https:\/\/www.instagram.com\/abd_ong\/","https:\/\/www.linkedin.com\/company\/abdong","https:\/\/www.youtube.com\/user\/CANALABD"]},{"@type":"Person","@id":"https:\/\/abd.ong\/ca\/#\/schema\/person\/d2e158b4173f683b3898e286f5b35a10","name":"Maria Creixell"}]}},"_links":{"self":[{"href":"https:\/\/abd.ong\/ca\/wp-json\/wp\/v2\/posts\/26383","targetHints":{"allow":["GET"]}}],"collection":[{"href":"https:\/\/abd.ong\/ca\/wp-json\/wp\/v2\/posts"}],"about":[{"href":"https:\/\/abd.ong\/ca\/wp-json\/wp\/v2\/types\/post"}],"author":[{"embeddable":true,"href":"https:\/\/abd.ong\/ca\/wp-json\/wp\/v2\/users\/9"}],"replies":[{"embeddable":true,"href":"https:\/\/abd.ong\/ca\/wp-json\/wp\/v2\/comments?post=26383"}],"version-history":[{"count":3,"href":"https:\/\/abd.ong\/ca\/wp-json\/wp\/v2\/posts\/26383\/revisions"}],"predecessor-version":[{"id":26390,"href":"https:\/\/abd.ong\/ca\/wp-json\/wp\/v2\/posts\/26383\/revisions\/26390"}],"wp:featuredmedia":[{"embeddable":true,"href":"https:\/\/abd.ong\/ca\/wp-json\/wp\/v2\/media\/26378"}],"wp:attachment":[{"href":"https:\/\/abd.ong\/ca\/wp-json\/wp\/v2\/media?parent=26383"}],"wp:term":[{"taxonomy":"category","embeddable":true,"href":"https:\/\/abd.ong\/ca\/wp-json\/wp\/v2\/categories?post=26383"},{"taxonomy":"post_tag","embeddable":true,"href":"https:\/\/abd.ong\/ca\/wp-json\/wp\/v2\/tags?post=26383"}],"curies":[{"name":"wp","href":"https:\/\/api.w.org\/{rel}","templated":true}]}}