{"id":26363,"date":"2021-09-30T11:38:18","date_gmt":"2021-09-30T09:38:18","guid":{"rendered":"https:\/\/abd.ong\/?p=26363"},"modified":"2021-09-30T11:53:26","modified_gmt":"2021-09-30T09:53:26","slug":"energy-control-fa-una-crida-a-la-calma-i-a-informar-se-sobre-els-riscos-associats-al-consum-de-loxid-nitros","status":"publish","type":"post","link":"https:\/\/abd.ong\/ca\/drogues-i-salut\/energy-control-fa-una-crida-a-la-calma-i-a-informar-se-sobre-els-riscos-associats-al-consum-de-loxid-nitros\/","title":{"rendered":"Energy Control fa una crida a la calma i a informar-se sobre els riscos associats al consum de l&#8217;\u00f2xid nitr\u00f3s"},"content":{"rendered":"\n<p>En les \u00faltimes setmanes, es ve parlant sobre el consum d&#8217;\u00f2xid nitr\u00f3s (tamb\u00e9 conegut com &#8220;gas del riure&#8221;) que ha tingut lloc durant la celebraci\u00f3 de botellons en diferents zones d&#8217;Espanya, especialment a la ciutat de Barcelona.<\/p>\n\n<p>Encara que a Espanya no disposem d&#8217;estudis que informin de l&#8217;extensi\u00f3 del seu consum, des de fa anys es ve constatant un augment de la mateixa en alguns pa\u00efsos del nostre entorn, com el Regne Unit o els Pa\u00efsos Baixos. De fet, des de fa temps, el consum d&#8217;\u00f2xid nitr\u00f3s havia estat detectat en zones tur\u00edstiques del nostre pa\u00eds (per exemple, a la Costa Brava, la Costa del Sol o les Illes Balears) i per part de turistes. Per tant, considerem que, a Espanya, es tracta d&#8217;un fenomen recent que podria estar en uns moments inicials d&#8217;expansi\u00f3 i davant el qual <strong>no s\u2019hauria d&#8217;estendre el p\u00e0nic<\/strong>.<\/p>\n\n<div style=\"height:25px\" aria-hidden=\"true\" class=\"wp-block-spacer\"><\/div>\n\n<h3 class=\"wp-block-heading\">Riscos en el consum<\/h3>\n\n<div style=\"height:25px\" aria-hidden=\"true\" class=\"wp-block-spacer\"><\/div>\n\n<p>L&#8217;\u00f2xid nitr\u00f3s \u00e9s una subst\u00e0ncia amb un risc de problemes comparativament m\u00e9s baix que el d&#8217;altres subst\u00e0ncies psicoactives quan s&#8217;utilitza de manera puntual i moderada. No obstant aix\u00f2, aix\u00f2 no vol dir que es tracti d&#8217;una subst\u00e0ncia exempta de riscos. De fet, hi ha alguns <strong>problemes, vinculats a la forma de consum i a la freq\u00fc\u00e8ncia i intensitat<\/strong> amb la qual es realitza<\/p>\n\n<ul class=\"wp-block-list\"><li><strong>Cremades<\/strong> a la boca i la part superior del tracte respiratori a causa de la inhalaci\u00f3 de gas directament dels cartutxos, ja que aquest gas surt a una temperatura molt baixa dels mateixos.<\/li><li><strong>Hip\u00f2xia<\/strong> (asf\u00edxia) produ\u00efda al retenir massa temps el gas en els pulmons (ja que aquest despla\u00e7a l&#8217;oxigen i disminueix la seva entrada a el cervell) i \/ o consumir en llocs tancats.<\/li><li><strong>Caigudes<\/strong> i <strong>lesions<\/strong> produ\u00efdes per la p\u00e8rdua d&#8217;equilibri experimentada sota els seus efectes.<\/li><li><strong>Convulsions<\/strong>, <strong>arr\u00edtmies<\/strong> i, fins i tot, <strong>parada respirat\u00f2ria o card\u00edaca<\/strong>, especialment en persones amb epil\u00e8psia o antecedents cardiovasculars.<\/li><li><strong>Defici\u00e8ncia de vitamina B12<\/strong> ocasionada per un nombre elevat de inhalacions en cada ocasi\u00f3 de consum, o per l&#8217;\u00fas d&#8217;\u00f2xid nitr\u00f3s durant prolongats per\u00edodes de temps. Aquest problema podria donar-se m\u00e9s en dones que en homes i en persones que segueixen una dieta vegana o vegetariana. Un d\u00e8ficit en vitamina B12 tindria com a conseq\u00fc\u00e8ncia l&#8217;aparici\u00f3 de<strong> problemes neurol\u00f2gics i cognitius<\/strong> i es tracta del principal motiu de consulta entre persones que sol\u00b7liciten atenci\u00f3 m\u00e8dica pel consum d&#8217;\u00f2xid nitr\u00f3s.<\/li><\/ul>\n\n<p>A m\u00e9s d&#8217;aquests problemes, recentment han aparegut altres en aquells pa\u00efsos on el seu consum ha augmentat. Aix\u00ed, als Pa\u00efsos Baixos, s&#8217;ha produ\u00eft un augment dels accidents de tr\u00e0nsit relacionats amb el consum d&#8217;\u00f2xid nitr\u00f3s que han passat dels 60 el 2016 als 960 en la primera meitat de 2019.<\/p>\n\n<p>Per tot l&#8217;anterior, des d<a href=\"https:\/\/energycontrol.org\/\">\u2019Energy Control<\/a>:<\/p>\n\n<ul class=\"wp-block-list\"><li>Volem fer una crida a la calma i a la prud\u00e8ncia. Cal fugir del sensacionalisme al parlar d&#8217;aquest fenomen per evitar l&#8217;estigmatitzaci\u00f3 de les persones que consumeixen aquesta subst\u00e0ncia i evitar que puguin sentir m\u00e9s dificultats a l&#8217;hora de demanar ajuda en cas de necessitar-la. Apostem per una descripci\u00f3 clara i objectiva dels riscos, aix\u00ed com de les estrat\u00e8gies a seguir per reduir-los.<\/li><li>En relaci\u00f3 a l&#8217;anterior, els esfor\u00e7os des de les administracions p\u00fabliques, mitjans de comunicaci\u00f3 i professionals socials i de la salut s&#8217;han d&#8217;adre\u00e7ar a la prevenci\u00f3 dels usos intensius i prolongats en el temps, ja que s\u00f3n els que, amb major probabilitat, s&#8217;associen a l&#8217;experimentaci\u00f3 de problemes. Aix\u00f2 es pot aconseguir amb campanyes d&#8217;informaci\u00f3 adaptades a la poblaci\u00f3 a la qual s&#8217;adre\u00e7a i comptant amb ella en la seva elaboraci\u00f3.<\/li><li>Considerem que les mesures dirigides a reduir la disponibilitat d&#8217;aquesta subst\u00e0ncia, amb m\u00e9s controls a la distribuci\u00f3 i venda dels cartutxos, i a l&#8217;educaci\u00f3 de les persones que s&#8217;acosten a ella, s\u00f3n les m\u00e9s adequades per fer front al fenomen. La introducci\u00f3 de mesures legals dirigides a sancionar les persones que consumeixen ha demostrat la seva manca d&#8217;efectivitat per dissuadir-ne el consum i, per contra, pot conduir a l&#8217;ocultaci\u00f3 del mateix i a qu\u00e8 no es sol\u00b7liciti ajuda en cas de necessitat i a la desviaci\u00f3 de recursos policials per vetllar pel compliment de les mateixes.<\/li><li>Tamb\u00e9 volem fer una crida a les persones que fan \u00fas d&#8217;\u00f2xid nitr\u00f3s en relaci\u00f3 al llan\u00e7ament dels cartutxos a la via p\u00fablica. L&#8217;\u00fas de subst\u00e0ncies no \u00e9s incompatible amb el seguiment de les normes de conviv\u00e8ncia i respecte, en aquest cas, mediambiental. Per aix\u00f2, animem a no deixar els cartutxos a terra i actuar d&#8217;acord amb les mesures de cada municipi en mat\u00e8ria de reciclatge de productes.<\/li><\/ul>\n\n<div style=\"height:25px\" aria-hidden=\"true\" class=\"wp-block-spacer\"><\/div>\n\n<h3 class=\"wp-block-heading\">Reducci\u00f3 de riscos<\/h3>\n\n<div style=\"height:25px\" aria-hidden=\"true\" class=\"wp-block-spacer\"><\/div>\n\n<p>Aprofitem per transmetre alguns missatges clars i objectius per a les persones que utilitzen \u00f2xid nitr\u00f3s de manera recreativa, que tamb\u00e9 figuren de manera ampliada a la nostra p\u00e0gina web <a href=\"https:\/\/energycontrol.org\/sustancias\/oxido-nitroso\/\">en aquesta direcci\u00f3<\/a>:<\/p>\n\n<ol class=\"wp-block-list\"><li>No aguantis l&#8217;\u00f2xid nitr\u00f3s molt temps en els pulmons.<\/li><li>No posis mai directament la boca a la bombona.<\/li><li>Evita fer crackers casolans o extreure el gas d&#8217;una altra manera.<\/li><li>Evita consumir \u00f2xid nitr\u00f3s amb freq\u00fc\u00e8ncia.<\/li><li>Realitza les primeres preses en entorns de confian\u00e7a i coneguts.<\/li><li>Recull la brossa generada.<\/li><\/ol>\n\n<p><a href=\"https:\/\/energycontrol.org\/\">Energy Control<\/a> \u00e9s un projecte de reducci\u00f3 de riscos en l&#8217;\u00e0mbit dels consums recreatius de drogues de l&#8217;<a href=\"https:\/\/abd.ong\/ca\/\">Associaci\u00f3 Benestar i Desenvolupament ABD<\/a>. Neix a Barcelona l&#8217;any 1997 com a projecte pioner a Espanya en l&#8217;\u00e0mbit de la reducci\u00f3 de riscos, havent rebut des de llavors el reconeixement de nombroses administracions (europees, estatals, auton\u00f2miques i locals), aix\u00ed com el suport i col\u00b7laboraci\u00f3 de el sector oci i una excel\u00b7lent acceptaci\u00f3 per part del nostre p\u00fablic destinatari: les persones consumidores d&#8217;alcohol i altres drogues.<\/p>\n","protected":false},"excerpt":{"rendered":"<p>En les \u00faltimes setmanes, es ve parlant sobre el consum d&#8217;\u00f2xid nitr\u00f3s (tamb\u00e9 conegut com &#8220;gas del riure&#8221;) que ha tingut lloc durant la celebraci\u00f3 de botellons en diferents zones&hellip;<\/p>\n","protected":false},"author":2,"featured_media":26359,"comment_status":"closed","ping_status":"closed","sticky":false,"template":"","format":"standard","meta":{"_acf_changed":false,"footnotes":""},"categories":[1301],"tags":[137,130,129,2539,2540,2541,2542],"class_list":["post-26363","post","type-post","status-publish","format-standard","has-post-thumbnail","hentry","category-drogues-i-salut","tag-asociacion-bienestar-y-desarrollo","tag-drogas","tag-energy-control","tag-gas-del-riure","tag-oxid-nitros","tag-riscos-associats-al-consum-doxid-nitros","tag-riscos-gas-del-riure"],"acf":[],"yoast_head":"<!-- This site is optimized with the Yoast SEO plugin v27.4 - https:\/\/yoast.com\/product\/yoast-seo-wordpress\/ -->\n<title>Energy Control fa una crida a la calma i a informar-se sobre els riscos associats al consum de l&#039;\u00f2xid nitr\u00f3s - ABD<\/title>\n<meta name=\"description\" content=\"En les \u00faltimes setmanes, es ve parlant sobre el consum d&#039;\u00f2xid nitr\u00f3s (tamb\u00e9 conegut com &quot;gas del riure&quot;) que ha tingut lloc durant la celebraci\u00f3 de\" \/>\n<meta name=\"robots\" content=\"index, follow, max-snippet:-1, max-image-preview:large, max-video-preview:-1\" \/>\n<link rel=\"canonical\" href=\"https:\/\/abd.ong\/ca\/drogues-i-salut\/energy-control-fa-una-crida-a-la-calma-i-a-informar-se-sobre-els-riscos-associats-al-consum-de-loxid-nitros\/\" \/>\n<meta property=\"og:locale\" content=\"ca_ES\" \/>\n<meta property=\"og:type\" content=\"article\" \/>\n<meta property=\"og:title\" content=\"Energy Control fa una crida a la calma i a informar-se sobre els riscos associats al consum de l&#039;\u00f2xid nitr\u00f3s - ABD\" \/>\n<meta property=\"og:description\" content=\"En les \u00faltimes setmanes, es ve parlant sobre el consum d&#039;\u00f2xid nitr\u00f3s (tamb\u00e9 conegut com &quot;gas del riure&quot;) que ha tingut lloc durant la celebraci\u00f3 de\" \/>\n<meta property=\"og:url\" content=\"https:\/\/abd.ong\/ca\/drogues-i-salut\/energy-control-fa-una-crida-a-la-calma-i-a-informar-se-sobre-els-riscos-associats-al-consum-de-loxid-nitros\/\" \/>\n<meta property=\"og:site_name\" content=\"ABD\" \/>\n<meta property=\"article:publisher\" content=\"https:\/\/www.facebook.com\/abd.ong\" \/>\n<meta property=\"article:published_time\" content=\"2021-09-30T09:38:18+00:00\" \/>\n<meta property=\"article:modified_time\" content=\"2021-09-30T09:53:26+00:00\" \/>\n<meta property=\"og:image\" content=\"https:\/\/abd.ong\/wp-content\/uploads\/2021\/09\/oxid-scaled.jpg\" \/>\n\t<meta property=\"og:image:width\" content=\"2560\" \/>\n\t<meta property=\"og:image:height\" content=\"1626\" \/>\n\t<meta property=\"og:image:type\" content=\"image\/jpeg\" \/>\n<meta name=\"author\" content=\"Enric Guinart\" \/>\n<meta name=\"twitter:card\" content=\"summary_large_image\" \/>\n<meta name=\"twitter:creator\" content=\"@abd_ong\" \/>\n<meta name=\"twitter:site\" content=\"@abd_ong\" \/>\n<meta name=\"twitter:label1\" content=\"Escrit per\" \/>\n\t<meta name=\"twitter:data1\" content=\"Enric Guinart\" \/>\n\t<meta name=\"twitter:label2\" content=\"Temps estimat de lectura\" \/>\n\t<meta name=\"twitter:data2\" content=\"5 minuts\" \/>\n<script type=\"application\/ld+json\" class=\"yoast-schema-graph\">{\"@context\":\"https:\\\/\\\/schema.org\",\"@graph\":[{\"@type\":\"Article\",\"@id\":\"https:\\\/\\\/abd.ong\\\/ca\\\/drogues-i-salut\\\/energy-control-fa-una-crida-a-la-calma-i-a-informar-se-sobre-els-riscos-associats-al-consum-de-loxid-nitros\\\/#article\",\"isPartOf\":{\"@id\":\"https:\\\/\\\/abd.ong\\\/ca\\\/drogues-i-salut\\\/energy-control-fa-una-crida-a-la-calma-i-a-informar-se-sobre-els-riscos-associats-al-consum-de-loxid-nitros\\\/\"},\"author\":{\"name\":\"Enric Guinart\",\"@id\":\"https:\\\/\\\/abd.ong\\\/ca\\\/#\\\/schema\\\/person\\\/d0f5fe279a7ad908de6a6d1332bfd7d8\"},\"headline\":\"Energy Control fa una crida a la calma i a informar-se sobre els riscos associats al consum de l&#8217;\u00f2xid nitr\u00f3s\",\"datePublished\":\"2021-09-30T09:38:18+00:00\",\"dateModified\":\"2021-09-30T09:53:26+00:00\",\"mainEntityOfPage\":{\"@id\":\"https:\\\/\\\/abd.ong\\\/ca\\\/drogues-i-salut\\\/energy-control-fa-una-crida-a-la-calma-i-a-informar-se-sobre-els-riscos-associats-al-consum-de-loxid-nitros\\\/\"},\"wordCount\":1039,\"publisher\":{\"@id\":\"https:\\\/\\\/abd.ong\\\/ca\\\/#organization\"},\"image\":{\"@id\":\"https:\\\/\\\/abd.ong\\\/ca\\\/drogues-i-salut\\\/energy-control-fa-una-crida-a-la-calma-i-a-informar-se-sobre-els-riscos-associats-al-consum-de-loxid-nitros\\\/#primaryimage\"},\"thumbnailUrl\":\"https:\\\/\\\/abd.ong\\\/wp-content\\\/uploads\\\/2021\\\/09\\\/oxid-scaled.jpg\",\"keywords\":[\"Asociaci\u00f3n Bienestar y Desarrollo\",\"drogas\",\"Energy Control\",\"gas del riure\",\"\u00f2xid nitr\u00f3s\",\"riscos associats al consum d'\u00f2xid nitr\u00f3s\",\"riscos gas del riure\"],\"articleSection\":[\"Drogues i salut\"],\"inLanguage\":\"ca\"},{\"@type\":\"WebPage\",\"@id\":\"https:\\\/\\\/abd.ong\\\/ca\\\/drogues-i-salut\\\/energy-control-fa-una-crida-a-la-calma-i-a-informar-se-sobre-els-riscos-associats-al-consum-de-loxid-nitros\\\/\",\"url\":\"https:\\\/\\\/abd.ong\\\/ca\\\/drogues-i-salut\\\/energy-control-fa-una-crida-a-la-calma-i-a-informar-se-sobre-els-riscos-associats-al-consum-de-loxid-nitros\\\/\",\"name\":\"Energy Control fa una crida a la calma i a informar-se sobre els riscos associats al consum de l'\u00f2xid nitr\u00f3s - ABD\",\"isPartOf\":{\"@id\":\"https:\\\/\\\/abd.ong\\\/ca\\\/#website\"},\"primaryImageOfPage\":{\"@id\":\"https:\\\/\\\/abd.ong\\\/ca\\\/drogues-i-salut\\\/energy-control-fa-una-crida-a-la-calma-i-a-informar-se-sobre-els-riscos-associats-al-consum-de-loxid-nitros\\\/#primaryimage\"},\"image\":{\"@id\":\"https:\\\/\\\/abd.ong\\\/ca\\\/drogues-i-salut\\\/energy-control-fa-una-crida-a-la-calma-i-a-informar-se-sobre-els-riscos-associats-al-consum-de-loxid-nitros\\\/#primaryimage\"},\"thumbnailUrl\":\"https:\\\/\\\/abd.ong\\\/wp-content\\\/uploads\\\/2021\\\/09\\\/oxid-scaled.jpg\",\"datePublished\":\"2021-09-30T09:38:18+00:00\",\"dateModified\":\"2021-09-30T09:53:26+00:00\",\"description\":\"En les \u00faltimes setmanes, es ve parlant sobre el consum d'\u00f2xid nitr\u00f3s (tamb\u00e9 conegut com \\\"gas del riure\\\") que ha tingut lloc durant la celebraci\u00f3 de\",\"breadcrumb\":{\"@id\":\"https:\\\/\\\/abd.ong\\\/ca\\\/drogues-i-salut\\\/energy-control-fa-una-crida-a-la-calma-i-a-informar-se-sobre-els-riscos-associats-al-consum-de-loxid-nitros\\\/#breadcrumb\"},\"inLanguage\":\"ca\",\"potentialAction\":[{\"@type\":\"ReadAction\",\"target\":[\"https:\\\/\\\/abd.ong\\\/ca\\\/drogues-i-salut\\\/energy-control-fa-una-crida-a-la-calma-i-a-informar-se-sobre-els-riscos-associats-al-consum-de-loxid-nitros\\\/\"]}]},{\"@type\":\"ImageObject\",\"inLanguage\":\"ca\",\"@id\":\"https:\\\/\\\/abd.ong\\\/ca\\\/drogues-i-salut\\\/energy-control-fa-una-crida-a-la-calma-i-a-informar-se-sobre-els-riscos-associats-al-consum-de-loxid-nitros\\\/#primaryimage\",\"url\":\"https:\\\/\\\/abd.ong\\\/wp-content\\\/uploads\\\/2021\\\/09\\\/oxid-scaled.jpg\",\"contentUrl\":\"https:\\\/\\\/abd.ong\\\/wp-content\\\/uploads\\\/2021\\\/09\\\/oxid-scaled.jpg\",\"width\":2560,\"height\":1626},{\"@type\":\"BreadcrumbList\",\"@id\":\"https:\\\/\\\/abd.ong\\\/ca\\\/drogues-i-salut\\\/energy-control-fa-una-crida-a-la-calma-i-a-informar-se-sobre-els-riscos-associats-al-consum-de-loxid-nitros\\\/#breadcrumb\",\"itemListElement\":[{\"@type\":\"ListItem\",\"position\":1,\"name\":\"Inici\",\"item\":\"https:\\\/\\\/abd.ong\\\/ca\\\/\"},{\"@type\":\"ListItem\",\"position\":2,\"name\":\"Energy Control fa una crida a la calma i a informar-se sobre els riscos associats al consum de l&#8217;\u00f2xid nitr\u00f3s\"}]},{\"@type\":\"WebSite\",\"@id\":\"https:\\\/\\\/abd.ong\\\/ca\\\/#website\",\"url\":\"https:\\\/\\\/abd.ong\\\/ca\\\/\",\"name\":\"ABD\",\"description\":\"Asociaci\u00f3n Bienestar y Desarrollo\",\"publisher\":{\"@id\":\"https:\\\/\\\/abd.ong\\\/ca\\\/#organization\"},\"potentialAction\":[{\"@type\":\"SearchAction\",\"target\":{\"@type\":\"EntryPoint\",\"urlTemplate\":\"https:\\\/\\\/abd.ong\\\/ca\\\/?s={search_term_string}\"},\"query-input\":{\"@type\":\"PropertyValueSpecification\",\"valueRequired\":true,\"valueName\":\"search_term_string\"}}],\"inLanguage\":\"ca\"},{\"@type\":\"Organization\",\"@id\":\"https:\\\/\\\/abd.ong\\\/ca\\\/#organization\",\"name\":\"Associaci\u00f3 Benestar i Desenvolupament\",\"alternateName\":\"ABD\",\"url\":\"https:\\\/\\\/abd.ong\\\/ca\\\/\",\"logo\":{\"@type\":\"ImageObject\",\"inLanguage\":\"ca\",\"@id\":\"https:\\\/\\\/abd.ong\\\/ca\\\/#\\\/schema\\\/logo\\\/image\\\/\",\"url\":\"https:\\\/\\\/abd.ong\\\/wp-content\\\/uploads\\\/2023\\\/01\\\/Icona.png\",\"contentUrl\":\"https:\\\/\\\/abd.ong\\\/wp-content\\\/uploads\\\/2023\\\/01\\\/Icona.png\",\"width\":190,\"height\":187,\"caption\":\"Associaci\u00f3 Benestar i Desenvolupament\"},\"image\":{\"@id\":\"https:\\\/\\\/abd.ong\\\/ca\\\/#\\\/schema\\\/logo\\\/image\\\/\"},\"sameAs\":[\"https:\\\/\\\/www.facebook.com\\\/abd.ong\",\"https:\\\/\\\/x.com\\\/abd_ong\",\"https:\\\/\\\/www.instagram.com\\\/abd_ong\\\/\",\"https:\\\/\\\/www.linkedin.com\\\/company\\\/abdong\",\"https:\\\/\\\/www.youtube.com\\\/user\\\/CANALABD\"]},{\"@type\":\"Person\",\"@id\":\"https:\\\/\\\/abd.ong\\\/ca\\\/#\\\/schema\\\/person\\\/d0f5fe279a7ad908de6a6d1332bfd7d8\",\"name\":\"Enric Guinart\"}]}<\/script>\n<!-- \/ Yoast SEO plugin. -->","yoast_head_json":{"title":"Energy Control fa una crida a la calma i a informar-se sobre els riscos associats al consum de l'\u00f2xid nitr\u00f3s - ABD","description":"En les \u00faltimes setmanes, es ve parlant sobre el consum d'\u00f2xid nitr\u00f3s (tamb\u00e9 conegut com \"gas del riure\") que ha tingut lloc durant la celebraci\u00f3 de","robots":{"index":"index","follow":"follow","max-snippet":"max-snippet:-1","max-image-preview":"max-image-preview:large","max-video-preview":"max-video-preview:-1"},"canonical":"https:\/\/abd.ong\/ca\/drogues-i-salut\/energy-control-fa-una-crida-a-la-calma-i-a-informar-se-sobre-els-riscos-associats-al-consum-de-loxid-nitros\/","og_locale":"ca_ES","og_type":"article","og_title":"Energy Control fa una crida a la calma i a informar-se sobre els riscos associats al consum de l'\u00f2xid nitr\u00f3s - ABD","og_description":"En les \u00faltimes setmanes, es ve parlant sobre el consum d'\u00f2xid nitr\u00f3s (tamb\u00e9 conegut com \"gas del riure\") que ha tingut lloc durant la celebraci\u00f3 de","og_url":"https:\/\/abd.ong\/ca\/drogues-i-salut\/energy-control-fa-una-crida-a-la-calma-i-a-informar-se-sobre-els-riscos-associats-al-consum-de-loxid-nitros\/","og_site_name":"ABD","article_publisher":"https:\/\/www.facebook.com\/abd.ong","article_published_time":"2021-09-30T09:38:18+00:00","article_modified_time":"2021-09-30T09:53:26+00:00","og_image":[{"width":2560,"height":1626,"url":"https:\/\/abd.ong\/wp-content\/uploads\/2021\/09\/oxid-scaled.jpg","type":"image\/jpeg"}],"author":"Enric Guinart","twitter_card":"summary_large_image","twitter_creator":"@abd_ong","twitter_site":"@abd_ong","twitter_misc":{"Escrit per":"Enric Guinart","Temps estimat de lectura":"5 minuts"},"schema":{"@context":"https:\/\/schema.org","@graph":[{"@type":"Article","@id":"https:\/\/abd.ong\/ca\/drogues-i-salut\/energy-control-fa-una-crida-a-la-calma-i-a-informar-se-sobre-els-riscos-associats-al-consum-de-loxid-nitros\/#article","isPartOf":{"@id":"https:\/\/abd.ong\/ca\/drogues-i-salut\/energy-control-fa-una-crida-a-la-calma-i-a-informar-se-sobre-els-riscos-associats-al-consum-de-loxid-nitros\/"},"author":{"name":"Enric Guinart","@id":"https:\/\/abd.ong\/ca\/#\/schema\/person\/d0f5fe279a7ad908de6a6d1332bfd7d8"},"headline":"Energy Control fa una crida a la calma i a informar-se sobre els riscos associats al consum de l&#8217;\u00f2xid nitr\u00f3s","datePublished":"2021-09-30T09:38:18+00:00","dateModified":"2021-09-30T09:53:26+00:00","mainEntityOfPage":{"@id":"https:\/\/abd.ong\/ca\/drogues-i-salut\/energy-control-fa-una-crida-a-la-calma-i-a-informar-se-sobre-els-riscos-associats-al-consum-de-loxid-nitros\/"},"wordCount":1039,"publisher":{"@id":"https:\/\/abd.ong\/ca\/#organization"},"image":{"@id":"https:\/\/abd.ong\/ca\/drogues-i-salut\/energy-control-fa-una-crida-a-la-calma-i-a-informar-se-sobre-els-riscos-associats-al-consum-de-loxid-nitros\/#primaryimage"},"thumbnailUrl":"https:\/\/abd.ong\/wp-content\/uploads\/2021\/09\/oxid-scaled.jpg","keywords":["Asociaci\u00f3n Bienestar y Desarrollo","drogas","Energy Control","gas del riure","\u00f2xid nitr\u00f3s","riscos associats al consum d'\u00f2xid nitr\u00f3s","riscos gas del riure"],"articleSection":["Drogues i salut"],"inLanguage":"ca"},{"@type":"WebPage","@id":"https:\/\/abd.ong\/ca\/drogues-i-salut\/energy-control-fa-una-crida-a-la-calma-i-a-informar-se-sobre-els-riscos-associats-al-consum-de-loxid-nitros\/","url":"https:\/\/abd.ong\/ca\/drogues-i-salut\/energy-control-fa-una-crida-a-la-calma-i-a-informar-se-sobre-els-riscos-associats-al-consum-de-loxid-nitros\/","name":"Energy Control fa una crida a la calma i a informar-se sobre els riscos associats al consum de l'\u00f2xid nitr\u00f3s - ABD","isPartOf":{"@id":"https:\/\/abd.ong\/ca\/#website"},"primaryImageOfPage":{"@id":"https:\/\/abd.ong\/ca\/drogues-i-salut\/energy-control-fa-una-crida-a-la-calma-i-a-informar-se-sobre-els-riscos-associats-al-consum-de-loxid-nitros\/#primaryimage"},"image":{"@id":"https:\/\/abd.ong\/ca\/drogues-i-salut\/energy-control-fa-una-crida-a-la-calma-i-a-informar-se-sobre-els-riscos-associats-al-consum-de-loxid-nitros\/#primaryimage"},"thumbnailUrl":"https:\/\/abd.ong\/wp-content\/uploads\/2021\/09\/oxid-scaled.jpg","datePublished":"2021-09-30T09:38:18+00:00","dateModified":"2021-09-30T09:53:26+00:00","description":"En les \u00faltimes setmanes, es ve parlant sobre el consum d'\u00f2xid nitr\u00f3s (tamb\u00e9 conegut com \"gas del riure\") que ha tingut lloc durant la celebraci\u00f3 de","breadcrumb":{"@id":"https:\/\/abd.ong\/ca\/drogues-i-salut\/energy-control-fa-una-crida-a-la-calma-i-a-informar-se-sobre-els-riscos-associats-al-consum-de-loxid-nitros\/#breadcrumb"},"inLanguage":"ca","potentialAction":[{"@type":"ReadAction","target":["https:\/\/abd.ong\/ca\/drogues-i-salut\/energy-control-fa-una-crida-a-la-calma-i-a-informar-se-sobre-els-riscos-associats-al-consum-de-loxid-nitros\/"]}]},{"@type":"ImageObject","inLanguage":"ca","@id":"https:\/\/abd.ong\/ca\/drogues-i-salut\/energy-control-fa-una-crida-a-la-calma-i-a-informar-se-sobre-els-riscos-associats-al-consum-de-loxid-nitros\/#primaryimage","url":"https:\/\/abd.ong\/wp-content\/uploads\/2021\/09\/oxid-scaled.jpg","contentUrl":"https:\/\/abd.ong\/wp-content\/uploads\/2021\/09\/oxid-scaled.jpg","width":2560,"height":1626},{"@type":"BreadcrumbList","@id":"https:\/\/abd.ong\/ca\/drogues-i-salut\/energy-control-fa-una-crida-a-la-calma-i-a-informar-se-sobre-els-riscos-associats-al-consum-de-loxid-nitros\/#breadcrumb","itemListElement":[{"@type":"ListItem","position":1,"name":"Inici","item":"https:\/\/abd.ong\/ca\/"},{"@type":"ListItem","position":2,"name":"Energy Control fa una crida a la calma i a informar-se sobre els riscos associats al consum de l&#8217;\u00f2xid nitr\u00f3s"}]},{"@type":"WebSite","@id":"https:\/\/abd.ong\/ca\/#website","url":"https:\/\/abd.ong\/ca\/","name":"ABD","description":"Asociaci\u00f3n Bienestar y Desarrollo","publisher":{"@id":"https:\/\/abd.ong\/ca\/#organization"},"potentialAction":[{"@type":"SearchAction","target":{"@type":"EntryPoint","urlTemplate":"https:\/\/abd.ong\/ca\/?s={search_term_string}"},"query-input":{"@type":"PropertyValueSpecification","valueRequired":true,"valueName":"search_term_string"}}],"inLanguage":"ca"},{"@type":"Organization","@id":"https:\/\/abd.ong\/ca\/#organization","name":"Associaci\u00f3 Benestar i Desenvolupament","alternateName":"ABD","url":"https:\/\/abd.ong\/ca\/","logo":{"@type":"ImageObject","inLanguage":"ca","@id":"https:\/\/abd.ong\/ca\/#\/schema\/logo\/image\/","url":"https:\/\/abd.ong\/wp-content\/uploads\/2023\/01\/Icona.png","contentUrl":"https:\/\/abd.ong\/wp-content\/uploads\/2023\/01\/Icona.png","width":190,"height":187,"caption":"Associaci\u00f3 Benestar i Desenvolupament"},"image":{"@id":"https:\/\/abd.ong\/ca\/#\/schema\/logo\/image\/"},"sameAs":["https:\/\/www.facebook.com\/abd.ong","https:\/\/x.com\/abd_ong","https:\/\/www.instagram.com\/abd_ong\/","https:\/\/www.linkedin.com\/company\/abdong","https:\/\/www.youtube.com\/user\/CANALABD"]},{"@type":"Person","@id":"https:\/\/abd.ong\/ca\/#\/schema\/person\/d0f5fe279a7ad908de6a6d1332bfd7d8","name":"Enric Guinart"}]}},"_links":{"self":[{"href":"https:\/\/abd.ong\/ca\/wp-json\/wp\/v2\/posts\/26363","targetHints":{"allow":["GET"]}}],"collection":[{"href":"https:\/\/abd.ong\/ca\/wp-json\/wp\/v2\/posts"}],"about":[{"href":"https:\/\/abd.ong\/ca\/wp-json\/wp\/v2\/types\/post"}],"author":[{"embeddable":true,"href":"https:\/\/abd.ong\/ca\/wp-json\/wp\/v2\/users\/2"}],"replies":[{"embeddable":true,"href":"https:\/\/abd.ong\/ca\/wp-json\/wp\/v2\/comments?post=26363"}],"version-history":[{"count":3,"href":"https:\/\/abd.ong\/ca\/wp-json\/wp\/v2\/posts\/26363\/revisions"}],"predecessor-version":[{"id":26366,"href":"https:\/\/abd.ong\/ca\/wp-json\/wp\/v2\/posts\/26363\/revisions\/26366"}],"wp:featuredmedia":[{"embeddable":true,"href":"https:\/\/abd.ong\/ca\/wp-json\/wp\/v2\/media\/26359"}],"wp:attachment":[{"href":"https:\/\/abd.ong\/ca\/wp-json\/wp\/v2\/media?parent=26363"}],"wp:term":[{"taxonomy":"category","embeddable":true,"href":"https:\/\/abd.ong\/ca\/wp-json\/wp\/v2\/categories?post=26363"},{"taxonomy":"post_tag","embeddable":true,"href":"https:\/\/abd.ong\/ca\/wp-json\/wp\/v2\/tags?post=26363"}],"curies":[{"name":"wp","href":"https:\/\/api.w.org\/{rel}","templated":true}]}}