{"id":26338,"date":"2021-09-29T18:37:23","date_gmt":"2021-09-29T16:37:23","guid":{"rendered":"https:\/\/abd.ong\/?p=26338"},"modified":"2021-09-29T19:07:05","modified_gmt":"2021-09-29T17:07:05","slug":"abd-als-mitjans-de-comunicacio-al-setembre-2","status":"publish","type":"post","link":"https:\/\/abd.ong\/ca\/general-ca\/abd-als-mitjans-de-comunicacio-al-setembre-2\/","title":{"rendered":"ABD als mitjans de comunicaci\u00f3 al setembre"},"content":{"rendered":"\n<p>L&#8217;<strong>Associaci\u00f3 Benestar i Desenvolupament (ABD)<\/strong> ha estat present en els mitjans de comunicaci\u00f3 durant aquest mes de setembre. A continuaci\u00f3, el resum de premsa de les not\u00edcies, articles i reportatges en els quals hem participat com a entitat.<\/p>\n\n<div style=\"height:30px\" aria-hidden=\"true\" class=\"wp-block-spacer\"><\/div>\n\n<p><strong>28\/09\/21- El Peri\u00f3dico<\/strong><\/p>\n\n<p><em>&#8220;L\u2019important aqu\u00ed \u00e9s que els joves s\u00e0piguen a qu\u00e8 s\u2019estan enfrontant, els riscos que comporta el seu consum en grans quantitats i que, si ho fan, ho planifiquin i ho facin en poques quantitats&#8221;<\/em><\/p>\n\n<p><a href=\"https:\/\/www.elperiodico.cat\/ca\/societat\/20210928\/rovello-nitros-droga-macrobotellons-barcelona-12120341\" target=\"_blank\" rel=\"noopener\"><strong>\u00d2xid nitr\u00f3s: la droga que fa explotar els \u2018macrobotellons\u2019<\/strong><\/a><\/p>\n\n<p><\/p>\n\n<p><strong>28\/09\/21 &#8211; Diari ARA<\/strong><\/p>\n\n<p><em>\u201cNo \u00e9s que el gas del riure provoqui agressivitat. \u00c9s ajuntar l\u2019alcohol i l\u2019\u00f2xid nitr\u00f3s, ja que totes dues subst\u00e0ncies desinhibeixen, el que fa que una persona estigui m\u00e9s fora de control\u201d.\u00a0<\/em><\/p>\n\n<p><a href=\"https:\/\/www.ara.cat\/societat\/gas-riure-aterra-barcelona-droga-introduida-pels-turistes_130_4132056.html\" target=\"_blank\" rel=\"noopener\"><strong>El gas del riure aterra a Barcelona: una droga introdu\u00efda pels turistes<\/strong><\/a><\/p>\n\n<p><\/p>\n\n<p><strong>27\/09\/21 &#8211; Rac1<\/strong><\/p>\n\n<p><em>\u201c\u00daltimament la detectem en determinats ambients on abans no es veia. Com a subst\u00e0ncia recreativa, era habitual veure-la als festivals del nord d\u2019Europa, per\u00f2 ara tamb\u00e9\u00a0es comen\u00e7a a veure aqu\u00ed\u201d.<\/em><\/p>\n\n<p><a href=\"http:\/\/rac1.cat\/societat\/20210927\/4102012722914\/oxid-nitros-gas-del-riure-efectes-curt-llarg-termini-energy-control.html\" target=\"_blank\" rel=\"noopener\"><strong>Els efectes sobre la salut dels globus del riure que s\u2019han est\u00e8s a Barcelona<\/strong><\/a><\/p>\n\n<p><\/p>\n\n<p><strong>26\/09\/21 \u2013 La xarxa <\/strong><\/p>\n\n<p><em>&#8220;Elles arriben amb la decisi\u00f3 presa, en principi, de tirar endavant amb l&#8217;embar\u00e0s, per\u00f2 amb molts interrogants. La demanda m\u00e9s profunda \u00e9s la d&#8217;un suport emocional&#8221;.\u00a0<\/em><\/p>\n\n<p><strong><a href=\"https:\/\/www.alacarta.cat\/noticiesenxarxa\/capitol\/nex__cap_de_setmana_26092021\" target=\"_blank\" rel=\"noopener\">M\u00e9s de 970 noies menors de 20 anys van ser mares el 2019- Dia mundial de la prevenci\u00f3 de l&#8217;embar\u00e0s no planificat en adolescents<\/a><\/strong><\/p>\n\n<p><\/p>\n\n<p><strong>21\/09\/21 \u2013 Social.cat<\/strong><\/p>\n\n<p><em>\u201cCal avan\u00e7ar cap a un model personalitzat, preventiu i m\u00e9s comunitari\u201d, va apuntar la directora de l\u2019\u00c0rea Operativa Sociosanit\u00e0ria i adjunta a ger\u00e8ncia de l\u2019Associaci\u00f3 Benestar i Desenvolupament ABD, Pilar Rodr\u00edguez.<\/em><\/p>\n\n<p><a href=\"https:\/\/www.social.cat\/noticia\/15246\/es-presenta-leina-predictiva-de-situacions-de-vulnerabilitat-als-barris-dels-municipis-de-?\" target=\"_blank\" rel=\"noopener\"><strong>Una nova aplicaci\u00f3 prediu les situacions de vulnerabilitat social de la poblaci\u00f3<\/strong><\/a><\/p>\n\n<p><\/p>\n\n<p><strong>13\/09\/21 &#8211; La Vanguardia<\/strong><\/p>\n\n<p><em><em>L&#8217;\u00f2xid nitr\u00f3s \u00e9s un producte legal, tot i que els especialistes adverteixen dels riscos per a la salut que implica el seu \u00fas descontrolat.<\/em><\/em><\/p>\n\n<p><strong><a href=\"https:\/\/www.lavanguardia.com\/local\/barcelona\/20210913\/7716278\/globos-gas-risa-irrumpen-noche-barcelona.html\" target=\"_blank\" rel=\"noreferrer noopener\">Els globus del \u2018gas del riure\u2019 irrompen a la nit de Barcelona<\/a><\/strong><\/p>\n\n<p><\/p>\n\n<p><strong>05\/08\/21 &#8211; La Rep\u00fablica<\/strong><\/p>\n\n<p><em>La via de la guerra contra la droga ha fracassat. Es veu com els mercats guanyen terreny i poder i com les drogues s\u00f3n m\u00e9s diverses i, algunes, comporten m\u00e9s riscos.<\/em><\/p>\n\n<p><strong><a href=\"https:\/\/www.lrp.cat\/entrevistes\/article\/2021638-es-necessari-regular-les-drogues.html\" target=\"_blank\" rel=\"noreferrer noopener\">\u00c9s necessari regular les drogues<\/a><\/strong><\/p>\n\n<p><\/p>\n\n<p><strong>03\/09\/21 &#8211; TV3, Planta Baixa<\/strong><\/p>\n\n<p><em>La dispensaci\u00f3 d&#8217;hero\u00efna busca preservar la salut dels usuaris i contribu\u00efr a deixar l&#8217;adicci\u00f3. <\/em><\/p>\n\n<p><strong><a href=\"https:\/\/www.ccma.cat\/tv3\/alacarta\/planta-baixa\/lus-de-lheroina-com-a-terapia\/video\/6117093\/\" target=\"_blank\" rel=\"noreferrer noopener\">L&#8217;\u00fas de l&#8217;hero\u00efna com a terapia<\/a><\/strong><\/p>\n\n<p><\/p>\n\n<p><strong>03\/09\/21 &#8211; Cugat.cat<\/strong><\/p>\n\n<p><em>Hi ha molta informaci\u00f3, per\u00f2 se segueixen sense treballar tots aquests temes de sexualitat des d&#8217;una perspectiva integral, ni a les escoles, ni en l&#8217;\u00e0mbit educatiu.\u00a0<\/em><\/p>\n\n<p><strong><a href=\"https:\/\/www.cugat.cat\/diari\/entrevista\/154861\/laura-f.-daunas-%28psicologa%29_-_coneixer-el-cicle-menstrual-millora-el-teu-benestar-i-la-relacio-amb-els-altres_\" target=\"_blank\" rel=\"noreferrer noopener\">Laura F. Daunas (psic\u00f2loga): &#8220;Con\u00e8ixer el cicle menstrual millora el teu benestar i la relaci\u00f3 amb els altres&#8221;<\/a><\/strong><\/p>\n\n<p><\/p>\n","protected":false},"excerpt":{"rendered":"<p>L&#8217;Associaci\u00f3 Benestar i Desenvolupament (ABD) ha estat present en els mitjans de comunicaci\u00f3 durant aquest mes de setembre. A continuaci\u00f3, el resum de premsa de les not\u00edcies, articles i reportatges&hellip;<\/p>\n","protected":false},"author":9,"featured_media":14666,"comment_status":"closed","ping_status":"closed","sticky":false,"template":"","format":"standard","meta":{"_acf_changed":false,"footnotes":""},"categories":[66],"tags":[675,175,2348,2299,2300,2533],"class_list":["post-26338","post","type-post","status-publish","format-standard","has-post-thumbnail","hentry","category-general-ca","tag-asociacion-bienestar-y-desarrollo-ca","tag-drogas-ca","tag-maternitat","tag-mitjans-de-comunicacio-ca","tag-noticies-ca","tag-sexualitat-ca"],"acf":[],"yoast_head":"<!-- This site is optimized with the Yoast SEO plugin v27.4 - https:\/\/yoast.com\/product\/yoast-seo-wordpress\/ -->\n<title>ABD als mitjans de comunicaci\u00f3 al setembre - ABD<\/title>\n<meta name=\"description\" content=\"L&#039;Associaci\u00f3 Benestar i Desenvolupament (ABD) ha estat present en els mitjans de comunicaci\u00f3 durant aquest mes de setembre. A continuaci\u00f3, el resum de\" \/>\n<meta name=\"robots\" content=\"index, follow, max-snippet:-1, max-image-preview:large, max-video-preview:-1\" \/>\n<link rel=\"canonical\" href=\"https:\/\/abd.ong\/ca\/general-ca\/abd-als-mitjans-de-comunicacio-al-setembre-2\/\" \/>\n<meta property=\"og:locale\" content=\"ca_ES\" \/>\n<meta property=\"og:type\" content=\"article\" \/>\n<meta property=\"og:title\" content=\"ABD als mitjans de comunicaci\u00f3 al setembre - ABD\" \/>\n<meta property=\"og:description\" content=\"L&#039;Associaci\u00f3 Benestar i Desenvolupament (ABD) ha estat present en els mitjans de comunicaci\u00f3 durant aquest mes de setembre. A continuaci\u00f3, el resum de\" \/>\n<meta property=\"og:url\" content=\"https:\/\/abd.ong\/ca\/general-ca\/abd-als-mitjans-de-comunicacio-al-setembre-2\/\" \/>\n<meta property=\"og:site_name\" content=\"ABD\" \/>\n<meta property=\"article:publisher\" content=\"https:\/\/www.facebook.com\/abd.ong\" \/>\n<meta property=\"article:published_time\" content=\"2021-09-29T16:37:23+00:00\" \/>\n<meta property=\"article:modified_time\" content=\"2021-09-29T17:07:05+00:00\" \/>\n<meta property=\"og:image\" content=\"https:\/\/abd.ong\/wp-content\/uploads\/2020\/05\/old-tv-1149416_1920.jpg\" \/>\n\t<meta property=\"og:image:width\" content=\"1919\" \/>\n\t<meta property=\"og:image:height\" content=\"977\" \/>\n\t<meta property=\"og:image:type\" content=\"image\/jpeg\" \/>\n<meta name=\"author\" content=\"Maria Creixell\" \/>\n<meta name=\"twitter:card\" content=\"summary_large_image\" \/>\n<meta name=\"twitter:creator\" content=\"@abd_ong\" \/>\n<meta name=\"twitter:site\" content=\"@abd_ong\" \/>\n<meta name=\"twitter:label1\" content=\"Escrit per\" \/>\n\t<meta name=\"twitter:data1\" content=\"Maria Creixell\" \/>\n\t<meta name=\"twitter:label2\" content=\"Temps estimat de lectura\" \/>\n\t<meta name=\"twitter:data2\" content=\"2 minuts\" \/>\n<script type=\"application\/ld+json\" class=\"yoast-schema-graph\">{\"@context\":\"https:\\\/\\\/schema.org\",\"@graph\":[{\"@type\":\"Article\",\"@id\":\"https:\\\/\\\/abd.ong\\\/ca\\\/general-ca\\\/abd-als-mitjans-de-comunicacio-al-setembre-2\\\/#article\",\"isPartOf\":{\"@id\":\"https:\\\/\\\/abd.ong\\\/ca\\\/general-ca\\\/abd-als-mitjans-de-comunicacio-al-setembre-2\\\/\"},\"author\":{\"name\":\"Maria Creixell\",\"@id\":\"https:\\\/\\\/abd.ong\\\/ca\\\/#\\\/schema\\\/person\\\/d2e158b4173f683b3898e286f5b35a10\"},\"headline\":\"ABD als mitjans de comunicaci\u00f3 al setembre\",\"datePublished\":\"2021-09-29T16:37:23+00:00\",\"dateModified\":\"2021-09-29T17:07:05+00:00\",\"mainEntityOfPage\":{\"@id\":\"https:\\\/\\\/abd.ong\\\/ca\\\/general-ca\\\/abd-als-mitjans-de-comunicacio-al-setembre-2\\\/\"},\"wordCount\":478,\"publisher\":{\"@id\":\"https:\\\/\\\/abd.ong\\\/ca\\\/#organization\"},\"image\":{\"@id\":\"https:\\\/\\\/abd.ong\\\/ca\\\/general-ca\\\/abd-als-mitjans-de-comunicacio-al-setembre-2\\\/#primaryimage\"},\"thumbnailUrl\":\"https:\\\/\\\/abd.ong\\\/wp-content\\\/uploads\\\/2020\\\/05\\\/old-tv-1149416_1920.jpg\",\"keywords\":[\"Asociaci\u00f3n Bienestar y Desarrollo\",\"drogas\",\"maternitat\",\"Mitjans de comunicaci\u00f3\",\"not\u00edcies\",\"sexualitat\"],\"articleSection\":[\"General\"],\"inLanguage\":\"ca\"},{\"@type\":\"WebPage\",\"@id\":\"https:\\\/\\\/abd.ong\\\/ca\\\/general-ca\\\/abd-als-mitjans-de-comunicacio-al-setembre-2\\\/\",\"url\":\"https:\\\/\\\/abd.ong\\\/ca\\\/general-ca\\\/abd-als-mitjans-de-comunicacio-al-setembre-2\\\/\",\"name\":\"ABD als mitjans de comunicaci\u00f3 al setembre - ABD\",\"isPartOf\":{\"@id\":\"https:\\\/\\\/abd.ong\\\/ca\\\/#website\"},\"primaryImageOfPage\":{\"@id\":\"https:\\\/\\\/abd.ong\\\/ca\\\/general-ca\\\/abd-als-mitjans-de-comunicacio-al-setembre-2\\\/#primaryimage\"},\"image\":{\"@id\":\"https:\\\/\\\/abd.ong\\\/ca\\\/general-ca\\\/abd-als-mitjans-de-comunicacio-al-setembre-2\\\/#primaryimage\"},\"thumbnailUrl\":\"https:\\\/\\\/abd.ong\\\/wp-content\\\/uploads\\\/2020\\\/05\\\/old-tv-1149416_1920.jpg\",\"datePublished\":\"2021-09-29T16:37:23+00:00\",\"dateModified\":\"2021-09-29T17:07:05+00:00\",\"description\":\"L'Associaci\u00f3 Benestar i Desenvolupament (ABD) ha estat present en els mitjans de comunicaci\u00f3 durant aquest mes de setembre. A continuaci\u00f3, el resum de\",\"breadcrumb\":{\"@id\":\"https:\\\/\\\/abd.ong\\\/ca\\\/general-ca\\\/abd-als-mitjans-de-comunicacio-al-setembre-2\\\/#breadcrumb\"},\"inLanguage\":\"ca\",\"potentialAction\":[{\"@type\":\"ReadAction\",\"target\":[\"https:\\\/\\\/abd.ong\\\/ca\\\/general-ca\\\/abd-als-mitjans-de-comunicacio-al-setembre-2\\\/\"]}]},{\"@type\":\"ImageObject\",\"inLanguage\":\"ca\",\"@id\":\"https:\\\/\\\/abd.ong\\\/ca\\\/general-ca\\\/abd-als-mitjans-de-comunicacio-al-setembre-2\\\/#primaryimage\",\"url\":\"https:\\\/\\\/abd.ong\\\/wp-content\\\/uploads\\\/2020\\\/05\\\/old-tv-1149416_1920.jpg\",\"contentUrl\":\"https:\\\/\\\/abd.ong\\\/wp-content\\\/uploads\\\/2020\\\/05\\\/old-tv-1149416_1920.jpg\",\"width\":1919,\"height\":977,\"caption\":\"medios de comunicaci\u00f3n\"},{\"@type\":\"BreadcrumbList\",\"@id\":\"https:\\\/\\\/abd.ong\\\/ca\\\/general-ca\\\/abd-als-mitjans-de-comunicacio-al-setembre-2\\\/#breadcrumb\",\"itemListElement\":[{\"@type\":\"ListItem\",\"position\":1,\"name\":\"Inici\",\"item\":\"https:\\\/\\\/abd.ong\\\/ca\\\/\"},{\"@type\":\"ListItem\",\"position\":2,\"name\":\"ABD als mitjans de comunicaci\u00f3 al setembre\"}]},{\"@type\":\"WebSite\",\"@id\":\"https:\\\/\\\/abd.ong\\\/ca\\\/#website\",\"url\":\"https:\\\/\\\/abd.ong\\\/ca\\\/\",\"name\":\"ABD\",\"description\":\"Asociaci\u00f3n Bienestar y Desarrollo\",\"publisher\":{\"@id\":\"https:\\\/\\\/abd.ong\\\/ca\\\/#organization\"},\"potentialAction\":[{\"@type\":\"SearchAction\",\"target\":{\"@type\":\"EntryPoint\",\"urlTemplate\":\"https:\\\/\\\/abd.ong\\\/ca\\\/?s={search_term_string}\"},\"query-input\":{\"@type\":\"PropertyValueSpecification\",\"valueRequired\":true,\"valueName\":\"search_term_string\"}}],\"inLanguage\":\"ca\"},{\"@type\":\"Organization\",\"@id\":\"https:\\\/\\\/abd.ong\\\/ca\\\/#organization\",\"name\":\"Associaci\u00f3 Benestar i Desenvolupament\",\"alternateName\":\"ABD\",\"url\":\"https:\\\/\\\/abd.ong\\\/ca\\\/\",\"logo\":{\"@type\":\"ImageObject\",\"inLanguage\":\"ca\",\"@id\":\"https:\\\/\\\/abd.ong\\\/ca\\\/#\\\/schema\\\/logo\\\/image\\\/\",\"url\":\"https:\\\/\\\/abd.ong\\\/wp-content\\\/uploads\\\/2023\\\/01\\\/Icona.png\",\"contentUrl\":\"https:\\\/\\\/abd.ong\\\/wp-content\\\/uploads\\\/2023\\\/01\\\/Icona.png\",\"width\":190,\"height\":187,\"caption\":\"Associaci\u00f3 Benestar i Desenvolupament\"},\"image\":{\"@id\":\"https:\\\/\\\/abd.ong\\\/ca\\\/#\\\/schema\\\/logo\\\/image\\\/\"},\"sameAs\":[\"https:\\\/\\\/www.facebook.com\\\/abd.ong\",\"https:\\\/\\\/x.com\\\/abd_ong\",\"https:\\\/\\\/www.instagram.com\\\/abd_ong\\\/\",\"https:\\\/\\\/www.linkedin.com\\\/company\\\/abdong\",\"https:\\\/\\\/www.youtube.com\\\/user\\\/CANALABD\"]},{\"@type\":\"Person\",\"@id\":\"https:\\\/\\\/abd.ong\\\/ca\\\/#\\\/schema\\\/person\\\/d2e158b4173f683b3898e286f5b35a10\",\"name\":\"Maria Creixell\"}]}<\/script>\n<!-- \/ Yoast SEO plugin. -->","yoast_head_json":{"title":"ABD als mitjans de comunicaci\u00f3 al setembre - ABD","description":"L'Associaci\u00f3 Benestar i Desenvolupament (ABD) ha estat present en els mitjans de comunicaci\u00f3 durant aquest mes de setembre. A continuaci\u00f3, el resum de","robots":{"index":"index","follow":"follow","max-snippet":"max-snippet:-1","max-image-preview":"max-image-preview:large","max-video-preview":"max-video-preview:-1"},"canonical":"https:\/\/abd.ong\/ca\/general-ca\/abd-als-mitjans-de-comunicacio-al-setembre-2\/","og_locale":"ca_ES","og_type":"article","og_title":"ABD als mitjans de comunicaci\u00f3 al setembre - ABD","og_description":"L'Associaci\u00f3 Benestar i Desenvolupament (ABD) ha estat present en els mitjans de comunicaci\u00f3 durant aquest mes de setembre. A continuaci\u00f3, el resum de","og_url":"https:\/\/abd.ong\/ca\/general-ca\/abd-als-mitjans-de-comunicacio-al-setembre-2\/","og_site_name":"ABD","article_publisher":"https:\/\/www.facebook.com\/abd.ong","article_published_time":"2021-09-29T16:37:23+00:00","article_modified_time":"2021-09-29T17:07:05+00:00","og_image":[{"width":1919,"height":977,"url":"https:\/\/abd.ong\/wp-content\/uploads\/2020\/05\/old-tv-1149416_1920.jpg","type":"image\/jpeg"}],"author":"Maria Creixell","twitter_card":"summary_large_image","twitter_creator":"@abd_ong","twitter_site":"@abd_ong","twitter_misc":{"Escrit per":"Maria Creixell","Temps estimat de lectura":"2 minuts"},"schema":{"@context":"https:\/\/schema.org","@graph":[{"@type":"Article","@id":"https:\/\/abd.ong\/ca\/general-ca\/abd-als-mitjans-de-comunicacio-al-setembre-2\/#article","isPartOf":{"@id":"https:\/\/abd.ong\/ca\/general-ca\/abd-als-mitjans-de-comunicacio-al-setembre-2\/"},"author":{"name":"Maria Creixell","@id":"https:\/\/abd.ong\/ca\/#\/schema\/person\/d2e158b4173f683b3898e286f5b35a10"},"headline":"ABD als mitjans de comunicaci\u00f3 al setembre","datePublished":"2021-09-29T16:37:23+00:00","dateModified":"2021-09-29T17:07:05+00:00","mainEntityOfPage":{"@id":"https:\/\/abd.ong\/ca\/general-ca\/abd-als-mitjans-de-comunicacio-al-setembre-2\/"},"wordCount":478,"publisher":{"@id":"https:\/\/abd.ong\/ca\/#organization"},"image":{"@id":"https:\/\/abd.ong\/ca\/general-ca\/abd-als-mitjans-de-comunicacio-al-setembre-2\/#primaryimage"},"thumbnailUrl":"https:\/\/abd.ong\/wp-content\/uploads\/2020\/05\/old-tv-1149416_1920.jpg","keywords":["Asociaci\u00f3n Bienestar y Desarrollo","drogas","maternitat","Mitjans de comunicaci\u00f3","not\u00edcies","sexualitat"],"articleSection":["General"],"inLanguage":"ca"},{"@type":"WebPage","@id":"https:\/\/abd.ong\/ca\/general-ca\/abd-als-mitjans-de-comunicacio-al-setembre-2\/","url":"https:\/\/abd.ong\/ca\/general-ca\/abd-als-mitjans-de-comunicacio-al-setembre-2\/","name":"ABD als mitjans de comunicaci\u00f3 al setembre - ABD","isPartOf":{"@id":"https:\/\/abd.ong\/ca\/#website"},"primaryImageOfPage":{"@id":"https:\/\/abd.ong\/ca\/general-ca\/abd-als-mitjans-de-comunicacio-al-setembre-2\/#primaryimage"},"image":{"@id":"https:\/\/abd.ong\/ca\/general-ca\/abd-als-mitjans-de-comunicacio-al-setembre-2\/#primaryimage"},"thumbnailUrl":"https:\/\/abd.ong\/wp-content\/uploads\/2020\/05\/old-tv-1149416_1920.jpg","datePublished":"2021-09-29T16:37:23+00:00","dateModified":"2021-09-29T17:07:05+00:00","description":"L'Associaci\u00f3 Benestar i Desenvolupament (ABD) ha estat present en els mitjans de comunicaci\u00f3 durant aquest mes de setembre. A continuaci\u00f3, el resum de","breadcrumb":{"@id":"https:\/\/abd.ong\/ca\/general-ca\/abd-als-mitjans-de-comunicacio-al-setembre-2\/#breadcrumb"},"inLanguage":"ca","potentialAction":[{"@type":"ReadAction","target":["https:\/\/abd.ong\/ca\/general-ca\/abd-als-mitjans-de-comunicacio-al-setembre-2\/"]}]},{"@type":"ImageObject","inLanguage":"ca","@id":"https:\/\/abd.ong\/ca\/general-ca\/abd-als-mitjans-de-comunicacio-al-setembre-2\/#primaryimage","url":"https:\/\/abd.ong\/wp-content\/uploads\/2020\/05\/old-tv-1149416_1920.jpg","contentUrl":"https:\/\/abd.ong\/wp-content\/uploads\/2020\/05\/old-tv-1149416_1920.jpg","width":1919,"height":977,"caption":"medios de comunicaci\u00f3n"},{"@type":"BreadcrumbList","@id":"https:\/\/abd.ong\/ca\/general-ca\/abd-als-mitjans-de-comunicacio-al-setembre-2\/#breadcrumb","itemListElement":[{"@type":"ListItem","position":1,"name":"Inici","item":"https:\/\/abd.ong\/ca\/"},{"@type":"ListItem","position":2,"name":"ABD als mitjans de comunicaci\u00f3 al setembre"}]},{"@type":"WebSite","@id":"https:\/\/abd.ong\/ca\/#website","url":"https:\/\/abd.ong\/ca\/","name":"ABD","description":"Asociaci\u00f3n Bienestar y Desarrollo","publisher":{"@id":"https:\/\/abd.ong\/ca\/#organization"},"potentialAction":[{"@type":"SearchAction","target":{"@type":"EntryPoint","urlTemplate":"https:\/\/abd.ong\/ca\/?s={search_term_string}"},"query-input":{"@type":"PropertyValueSpecification","valueRequired":true,"valueName":"search_term_string"}}],"inLanguage":"ca"},{"@type":"Organization","@id":"https:\/\/abd.ong\/ca\/#organization","name":"Associaci\u00f3 Benestar i Desenvolupament","alternateName":"ABD","url":"https:\/\/abd.ong\/ca\/","logo":{"@type":"ImageObject","inLanguage":"ca","@id":"https:\/\/abd.ong\/ca\/#\/schema\/logo\/image\/","url":"https:\/\/abd.ong\/wp-content\/uploads\/2023\/01\/Icona.png","contentUrl":"https:\/\/abd.ong\/wp-content\/uploads\/2023\/01\/Icona.png","width":190,"height":187,"caption":"Associaci\u00f3 Benestar i Desenvolupament"},"image":{"@id":"https:\/\/abd.ong\/ca\/#\/schema\/logo\/image\/"},"sameAs":["https:\/\/www.facebook.com\/abd.ong","https:\/\/x.com\/abd_ong","https:\/\/www.instagram.com\/abd_ong\/","https:\/\/www.linkedin.com\/company\/abdong","https:\/\/www.youtube.com\/user\/CANALABD"]},{"@type":"Person","@id":"https:\/\/abd.ong\/ca\/#\/schema\/person\/d2e158b4173f683b3898e286f5b35a10","name":"Maria Creixell"}]}},"_links":{"self":[{"href":"https:\/\/abd.ong\/ca\/wp-json\/wp\/v2\/posts\/26338","targetHints":{"allow":["GET"]}}],"collection":[{"href":"https:\/\/abd.ong\/ca\/wp-json\/wp\/v2\/posts"}],"about":[{"href":"https:\/\/abd.ong\/ca\/wp-json\/wp\/v2\/types\/post"}],"author":[{"embeddable":true,"href":"https:\/\/abd.ong\/ca\/wp-json\/wp\/v2\/users\/9"}],"replies":[{"embeddable":true,"href":"https:\/\/abd.ong\/ca\/wp-json\/wp\/v2\/comments?post=26338"}],"version-history":[{"count":3,"href":"https:\/\/abd.ong\/ca\/wp-json\/wp\/v2\/posts\/26338\/revisions"}],"predecessor-version":[{"id":26345,"href":"https:\/\/abd.ong\/ca\/wp-json\/wp\/v2\/posts\/26338\/revisions\/26345"}],"wp:featuredmedia":[{"embeddable":true,"href":"https:\/\/abd.ong\/ca\/wp-json\/wp\/v2\/media\/14666"}],"wp:attachment":[{"href":"https:\/\/abd.ong\/ca\/wp-json\/wp\/v2\/media?parent=26338"}],"wp:term":[{"taxonomy":"category","embeddable":true,"href":"https:\/\/abd.ong\/ca\/wp-json\/wp\/v2\/categories?post=26338"},{"taxonomy":"post_tag","embeddable":true,"href":"https:\/\/abd.ong\/ca\/wp-json\/wp\/v2\/tags?post=26338"}],"curies":[{"name":"wp","href":"https:\/\/api.w.org\/{rel}","templated":true}]}}