{"id":26305,"date":"2021-09-28T10:11:28","date_gmt":"2021-09-28T08:11:28","guid":{"rendered":"https:\/\/abd.ong\/sense-categoria\/abd-presenta-la-conferencia-el-quixot-de-la-manxa-el-cami-de-la-bogeria-a-lesoterisme\/"},"modified":"2021-09-28T11:14:30","modified_gmt":"2021-09-28T09:14:30","slug":"abd-presenta-la-conferencia-el-quixot-de-la-manxa-el-cami-de-la-bogeria-a-lesoterisme","status":"publish","type":"post","link":"https:\/\/abd.ong\/ca\/drogues-i-salut\/abd-presenta-la-conferencia-el-quixot-de-la-manxa-el-cami-de-la-bogeria-a-lesoterisme\/","title":{"rendered":"ABD presenta la confer\u00e8ncia \u201cEl Quixot de la Manxa. El cam\u00ed de la bogeria a l&#8217;esoterisme\u201d"},"content":{"rendered":"\n<h3 class=\"wp-block-heading\">El responsable del departament de Psiquiatria de l&#8217;entitat, Jos\u00e9 Mar\u00eda V\u00e1zquez, realitzar\u00e0 un original recorregut per les vinyetes de la c\u00e8lebre novel\u00b7la de Miguel de Cervantes, primer des d&#8217;una visi\u00f3 psiqui\u00e0trica i despr\u00e9s des d&#8217;un punt de vista diametralment oposat, com l&#8217;esoterisme. Tot aix\u00f2, partint del dualisme fantasia-ra\u00f3.<\/h3>\n\n<div style=\"height:40px\" aria-hidden=\"true\" class=\"wp-block-spacer\"><\/div>\n\n<p>Quina malaltia mental tindria avui dia El Quixot? Esquizofr\u00e8nia, depressi\u00f3, atr\u00f2fia cortical &#8230; o tal vegada tindria una obsessi\u00f3 que li portava a la porta de la bogeria\u2026 Aquesta \u00e9s alguna de les moltes preguntes a les quals intentar\u00e0 donar resposta el prestigi\u00f3s psiquiatre de l&#8217;<a href=\"http:\/\/abd.ong\/ca\" target=\"_blank\" rel=\"noopener\">Associaci\u00f3 Benestar i Desenvolupament ABD<\/a>, Jos\u00e9 Mar\u00eda V\u00e1zquez, durant la confer\u00e8ncia <em>El Quixot de la Manxa. El cam\u00ed de la bogeria a l&#8217;esoterisme<\/em>.<\/p>\n\n<p>La presentaci\u00f3 es realitzar\u00e0 el pr\u00f2xim<strong> 14 d&#8217;octubre a partir de les 10h en la seu central de ABD a Barcelona<\/strong> (places limitades) i tamb\u00e9 es podr\u00e0 continuar <strong>en l\u00ednia<\/strong> a trav\u00e9s del <a href=\"https:\/\/www.youtube.com\/user\/CANALABD\" target=\"_blank\" rel=\"noopener\">canal de Youtube de l&#8217;entitat<\/a>. L&#8217;esdeveniment tamb\u00e9 comptar\u00e0 amb la participaci\u00f3 de la gerent de l&#8217;organitzaci\u00f3, \u00c0ngels Guiteras.<\/p>\n\n<p>Amb el seu original treball, el responsable del departament de Psiquiatria de ABD t\u00e9 com a objectiu que la gent obri la seva ment, amb un trajecte que recorre les vinyetes del Quixot de la Manxa. Primer es revisaran des d&#8217;una visi\u00f3 psiqui\u00e0trica i despr\u00e9s des d&#8217;un punt de vista oposat, com l&#8217;esoterisme. Tot aix\u00f2, partint del dualisme fantasia-ra\u00f3.<\/p>\n\n<p>I \u00e9s que com explica el mateix Jos\u00e9 Mar\u00eda V\u00e1zquez, el Quixot \u00e9s un llibre que tanca la saviesa humana en tots els seus aspectes: la matem\u00e0tica, la medicina, la f\u00edsica, la psiquiatria, psicologia. Per\u00f2 sobretot \u00e9s un llibre que parla d&#8217;emocions, que s\u00f3n molt importants perqu\u00e8 poden canviar l&#8217;entorn de la nostra vida. \u201cPretenc que partint de la dualitat fantasia-ra\u00f3, fer pensar a la gent. I utilitzo cient\u00edfics eminents de la psiquiatria i professors d&#8217;antropologia i del sobrenatural i l&#8217;esoterisme, per\u00f2 sobretot des de la meva visi\u00f3 del tracte diari personal amb la gent. Perqu\u00e8 el Quixot segueix tan vigent que es pot aplicar des del dia a dia. No sols parla de bogeria, sin\u00f3 de problemes d&#8217;obesitat, traumatismes, dolor, lipot\u00edmia, infart, dermatitis, sordesa, somnambulisme&#8230; \u00c9s el millor tractat per a poder estudiar medicina i ens pot obrir la ment, per a entendre que la vida t\u00e9 matisos, dels quals cal estar pendents per a entendre la realitat\u201d, resumeix.<\/p>\n\n<div style=\"height:25px\" aria-hidden=\"true\" class=\"wp-block-spacer\"><\/div>\n\n<h4 class=\"wp-block-heading\"><strong>Sobre Jos\u00e9 Maria V\u00e1zquez<\/strong><\/h4>\n\n<div style=\"height:25px\" aria-hidden=\"true\" class=\"wp-block-spacer\"><\/div>\n\n<p>Jos\u00e9 Mar\u00eda V\u00e1zquez V\u00e1zquez, (Barcelona, 1960) \u00e9s un prestigi\u00f3s psiquiatre, m\u00e0ster en drogodepend\u00e8ncies per la Universitat de Barcelona; desenvolupa la seva tasca cl\u00ednica en el CAS de Sants, (servei de l&#8217;Ag\u00e8ncia de Salut P\u00fablica de Barcelona que gestiona ABD); responsable del departament de Psiquiatria de l&#8217;Associaci\u00f3 Benestar i Desenvolupament. Tamb\u00e9 \u00e9s membre del Comit\u00e8 Operatiu de Salut Mental i Addiccions de Barcelona Esquerra. \u00c9s vocal auton\u00f2mic per Catalunya de la Societat Espanyola de patologia dual i formador de residents de psiquiatria a l&#8217;Hospital Cl\u00ednic de Barcelona, al Son Espaces de Palma i a l&#8217;hospital Ram\u00f3n Mej\u00edas de Buenos Aires. A m\u00e9s, \u00e9s professor col\u00b7laborador en el m\u00e0ster de salut mental comunit\u00e0ria de la Universitat de Barcelona.<\/p>\n\n<p>Es presenta com \u201cun psiquiatre que tracta a la poblaci\u00f3 des de la base, intentant entendre el dolor de l&#8217;\u00e0nima. Abans de res, una persona amb coneixements per a entendre el dolor de l&#8217;\u00e0nima, que \u00e9s una cosa abstracta i per aix\u00f2, dif\u00edcil de calibrar. Un psiquiatre \u00e9s un metge que treballa sobre alguna cosa que va m\u00e9s enll\u00e0 de l&#8217;hum\u00e0. Pot haver-hi cervell sense \u00e0nima, per\u00f2 no una \u00e0nima sense cervell. El dolor de l&#8217;\u00e0nima \u00e9s terrible, i treballar sobre una cosa abstracta com l&#8217;\u00e0nima \u00e9s dif\u00edcil i obliga a estar molt pendent de les hist\u00f2ries personals dels individus i a escoltar per a determinar un diagn\u00f2stic. Finalment, diria que tracte a persones; persones amb alteracions en l&#8217;esfera mental, amb dolor de l&#8217;\u00e0nima\u201d.<\/p>\n\n<div style=\"height:25px\" aria-hidden=\"true\" class=\"wp-block-spacer\"><\/div>\n\n<h4 class=\"wp-block-heading\"><strong>Inscripcions<\/strong><\/h4>\n\n<div style=\"height:25px\" aria-hidden=\"true\" class=\"wp-block-spacer\"><\/div>\n\n<p>Per assistir presencialment a la confer\u00e8ncia cal fer la<strong> <a href=\"https:\/\/forms.gle\/q6mt5BUGdVBcAGb58\" target=\"_blank\" rel=\"noreferrer noopener\">inscripci\u00f3 en aquest formulari<\/a><\/strong>. Les places estan molt limitades per raons d&#8217;aforament i de seguretat per les restriccions per la COVID-19. L&#8217;esdeveniment es podr\u00e0 seguir per streaming a trav\u00e9s del <a href=\"http:\/\/youtube.com\/CANALABD\" target=\"_blank\" rel=\"noopener\">canal de Youtube d&#8217;ABD<\/a>.<\/p>\n","protected":false},"excerpt":{"rendered":"<p>El responsable del departament de Psiquiatria de l&#8217;entitat, Jos\u00e9 Mar\u00eda V\u00e1zquez, realitzar\u00e0 un original recorregut per les vinyetes de la c\u00e8lebre novel\u00b7la de Miguel de Cervantes, primer des d&#8217;una visi\u00f3&hellip;<\/p>\n","protected":false},"author":9,"featured_media":26265,"comment_status":"closed","ping_status":"closed","sticky":false,"template":"","format":"standard","meta":{"_acf_changed":false,"footnotes":""},"categories":[1301,66],"tags":[1897,675,2531,2529,2530],"class_list":["post-26305","post","type-post","status-publish","format-standard","has-post-thumbnail","hentry","category-drogues-i-salut","category-general-ca","tag-abd-2-ca","tag-asociacion-bienestar-y-desarrollo-ca","tag-el-quixot","tag-jornada-ca-2","tag-psiquiatria-ca"],"acf":[],"yoast_head":"<!-- This site is optimized with the Yoast SEO plugin v27.4 - https:\/\/yoast.com\/product\/yoast-seo-wordpress\/ -->\n<title>ABD presenta la confer\u00e8ncia \u201cEl Quixot de la Manxa. El cam\u00ed de la bogeria a l&#039;esoterisme\u201d - ABD<\/title>\n<meta name=\"description\" content=\"El responsable del departament de Psiquiatria de l&#039;entitat, Jos\u00e9 Mar\u00eda V\u00e1zquez, realitzar\u00e0 un original recorregut per les vinyetes de la c\u00e8lebre novel\u00b7la\" \/>\n<meta name=\"robots\" content=\"index, follow, max-snippet:-1, max-image-preview:large, max-video-preview:-1\" \/>\n<link rel=\"canonical\" href=\"https:\/\/abd.ong\/ca\/drogues-i-salut\/abd-presenta-la-conferencia-el-quixot-de-la-manxa-el-cami-de-la-bogeria-a-lesoterisme\/\" \/>\n<meta property=\"og:locale\" content=\"ca_ES\" \/>\n<meta property=\"og:type\" content=\"article\" \/>\n<meta property=\"og:title\" content=\"ABD presenta la confer\u00e8ncia \u201cEl Quixot de la Manxa. El cam\u00ed de la bogeria a l&#039;esoterisme\u201d - ABD\" \/>\n<meta property=\"og:description\" content=\"El responsable del departament de Psiquiatria de l&#039;entitat, Jos\u00e9 Mar\u00eda V\u00e1zquez, realitzar\u00e0 un original recorregut per les vinyetes de la c\u00e8lebre novel\u00b7la\" \/>\n<meta property=\"og:url\" content=\"https:\/\/abd.ong\/ca\/drogues-i-salut\/abd-presenta-la-conferencia-el-quixot-de-la-manxa-el-cami-de-la-bogeria-a-lesoterisme\/\" \/>\n<meta property=\"og:site_name\" content=\"ABD\" \/>\n<meta property=\"article:publisher\" content=\"https:\/\/www.facebook.com\/abd.ong\" \/>\n<meta property=\"article:published_time\" content=\"2021-09-28T08:11:28+00:00\" \/>\n<meta property=\"article:modified_time\" content=\"2021-09-28T09:14:30+00:00\" \/>\n<meta property=\"og:image\" content=\"https:\/\/abd.ong\/wp-content\/uploads\/2021\/09\/Don-Quijote-de-la-Mancha.-El-camino-de-la-locura-al-esoterismo-Post-de-Instagram-Portada-para-Facebook-1.jpg\" \/>\n\t<meta property=\"og:image:width\" content=\"1640\" \/>\n\t<meta property=\"og:image:height\" content=\"924\" \/>\n\t<meta property=\"og:image:type\" content=\"image\/jpeg\" \/>\n<meta name=\"author\" content=\"Maria Creixell\" \/>\n<meta name=\"twitter:card\" content=\"summary_large_image\" \/>\n<meta name=\"twitter:creator\" content=\"@abd_ong\" \/>\n<meta name=\"twitter:site\" content=\"@abd_ong\" \/>\n<meta name=\"twitter:label1\" content=\"Escrit per\" \/>\n\t<meta name=\"twitter:data1\" content=\"Maria Creixell\" \/>\n\t<meta name=\"twitter:label2\" content=\"Temps estimat de lectura\" \/>\n\t<meta name=\"twitter:data2\" content=\"4 minuts\" \/>\n<script type=\"application\/ld+json\" class=\"yoast-schema-graph\">{\"@context\":\"https:\\\/\\\/schema.org\",\"@graph\":[{\"@type\":\"Article\",\"@id\":\"https:\\\/\\\/abd.ong\\\/ca\\\/drogues-i-salut\\\/abd-presenta-la-conferencia-el-quixot-de-la-manxa-el-cami-de-la-bogeria-a-lesoterisme\\\/#article\",\"isPartOf\":{\"@id\":\"https:\\\/\\\/abd.ong\\\/ca\\\/drogues-i-salut\\\/abd-presenta-la-conferencia-el-quixot-de-la-manxa-el-cami-de-la-bogeria-a-lesoterisme\\\/\"},\"author\":{\"name\":\"Maria Creixell\",\"@id\":\"https:\\\/\\\/abd.ong\\\/ca\\\/#\\\/schema\\\/person\\\/d2e158b4173f683b3898e286f5b35a10\"},\"headline\":\"ABD presenta la confer\u00e8ncia \u201cEl Quixot de la Manxa. El cam\u00ed de la bogeria a l&#8217;esoterisme\u201d\",\"datePublished\":\"2021-09-28T08:11:28+00:00\",\"dateModified\":\"2021-09-28T09:14:30+00:00\",\"mainEntityOfPage\":{\"@id\":\"https:\\\/\\\/abd.ong\\\/ca\\\/drogues-i-salut\\\/abd-presenta-la-conferencia-el-quixot-de-la-manxa-el-cami-de-la-bogeria-a-lesoterisme\\\/\"},\"wordCount\":770,\"publisher\":{\"@id\":\"https:\\\/\\\/abd.ong\\\/ca\\\/#organization\"},\"image\":{\"@id\":\"https:\\\/\\\/abd.ong\\\/ca\\\/drogues-i-salut\\\/abd-presenta-la-conferencia-el-quixot-de-la-manxa-el-cami-de-la-bogeria-a-lesoterisme\\\/#primaryimage\"},\"thumbnailUrl\":\"https:\\\/\\\/abd.ong\\\/wp-content\\\/uploads\\\/2021\\\/09\\\/Don-Quijote-de-la-Mancha.-El-camino-de-la-locura-al-esoterismo-Post-de-Instagram-Portada-para-Facebook-1.jpg\",\"keywords\":[\"ABD\",\"Asociaci\u00f3n Bienestar y Desarrollo\",\"El Quixot\",\"jornada\",\"psiquiatria\"],\"articleSection\":[\"Drogues i salut\",\"General\"],\"inLanguage\":\"ca\"},{\"@type\":\"WebPage\",\"@id\":\"https:\\\/\\\/abd.ong\\\/ca\\\/drogues-i-salut\\\/abd-presenta-la-conferencia-el-quixot-de-la-manxa-el-cami-de-la-bogeria-a-lesoterisme\\\/\",\"url\":\"https:\\\/\\\/abd.ong\\\/ca\\\/drogues-i-salut\\\/abd-presenta-la-conferencia-el-quixot-de-la-manxa-el-cami-de-la-bogeria-a-lesoterisme\\\/\",\"name\":\"ABD presenta la confer\u00e8ncia \u201cEl Quixot de la Manxa. El cam\u00ed de la bogeria a l'esoterisme\u201d - ABD\",\"isPartOf\":{\"@id\":\"https:\\\/\\\/abd.ong\\\/ca\\\/#website\"},\"primaryImageOfPage\":{\"@id\":\"https:\\\/\\\/abd.ong\\\/ca\\\/drogues-i-salut\\\/abd-presenta-la-conferencia-el-quixot-de-la-manxa-el-cami-de-la-bogeria-a-lesoterisme\\\/#primaryimage\"},\"image\":{\"@id\":\"https:\\\/\\\/abd.ong\\\/ca\\\/drogues-i-salut\\\/abd-presenta-la-conferencia-el-quixot-de-la-manxa-el-cami-de-la-bogeria-a-lesoterisme\\\/#primaryimage\"},\"thumbnailUrl\":\"https:\\\/\\\/abd.ong\\\/wp-content\\\/uploads\\\/2021\\\/09\\\/Don-Quijote-de-la-Mancha.-El-camino-de-la-locura-al-esoterismo-Post-de-Instagram-Portada-para-Facebook-1.jpg\",\"datePublished\":\"2021-09-28T08:11:28+00:00\",\"dateModified\":\"2021-09-28T09:14:30+00:00\",\"description\":\"El responsable del departament de Psiquiatria de l'entitat, Jos\u00e9 Mar\u00eda V\u00e1zquez, realitzar\u00e0 un original recorregut per les vinyetes de la c\u00e8lebre novel\u00b7la\",\"breadcrumb\":{\"@id\":\"https:\\\/\\\/abd.ong\\\/ca\\\/drogues-i-salut\\\/abd-presenta-la-conferencia-el-quixot-de-la-manxa-el-cami-de-la-bogeria-a-lesoterisme\\\/#breadcrumb\"},\"inLanguage\":\"ca\",\"potentialAction\":[{\"@type\":\"ReadAction\",\"target\":[\"https:\\\/\\\/abd.ong\\\/ca\\\/drogues-i-salut\\\/abd-presenta-la-conferencia-el-quixot-de-la-manxa-el-cami-de-la-bogeria-a-lesoterisme\\\/\"]}]},{\"@type\":\"ImageObject\",\"inLanguage\":\"ca\",\"@id\":\"https:\\\/\\\/abd.ong\\\/ca\\\/drogues-i-salut\\\/abd-presenta-la-conferencia-el-quixot-de-la-manxa-el-cami-de-la-bogeria-a-lesoterisme\\\/#primaryimage\",\"url\":\"https:\\\/\\\/abd.ong\\\/wp-content\\\/uploads\\\/2021\\\/09\\\/Don-Quijote-de-la-Mancha.-El-camino-de-la-locura-al-esoterismo-Post-de-Instagram-Portada-para-Facebook-1.jpg\",\"contentUrl\":\"https:\\\/\\\/abd.ong\\\/wp-content\\\/uploads\\\/2021\\\/09\\\/Don-Quijote-de-la-Mancha.-El-camino-de-la-locura-al-esoterismo-Post-de-Instagram-Portada-para-Facebook-1.jpg\",\"width\":1640,\"height\":924},{\"@type\":\"BreadcrumbList\",\"@id\":\"https:\\\/\\\/abd.ong\\\/ca\\\/drogues-i-salut\\\/abd-presenta-la-conferencia-el-quixot-de-la-manxa-el-cami-de-la-bogeria-a-lesoterisme\\\/#breadcrumb\",\"itemListElement\":[{\"@type\":\"ListItem\",\"position\":1,\"name\":\"Inici\",\"item\":\"https:\\\/\\\/abd.ong\\\/ca\\\/\"},{\"@type\":\"ListItem\",\"position\":2,\"name\":\"ABD presenta la confer\u00e8ncia \u201cEl Quixot de la Manxa. El cam\u00ed de la bogeria a l&#8217;esoterisme\u201d\"}]},{\"@type\":\"WebSite\",\"@id\":\"https:\\\/\\\/abd.ong\\\/ca\\\/#website\",\"url\":\"https:\\\/\\\/abd.ong\\\/ca\\\/\",\"name\":\"ABD\",\"description\":\"Asociaci\u00f3n Bienestar y Desarrollo\",\"publisher\":{\"@id\":\"https:\\\/\\\/abd.ong\\\/ca\\\/#organization\"},\"potentialAction\":[{\"@type\":\"SearchAction\",\"target\":{\"@type\":\"EntryPoint\",\"urlTemplate\":\"https:\\\/\\\/abd.ong\\\/ca\\\/?s={search_term_string}\"},\"query-input\":{\"@type\":\"PropertyValueSpecification\",\"valueRequired\":true,\"valueName\":\"search_term_string\"}}],\"inLanguage\":\"ca\"},{\"@type\":\"Organization\",\"@id\":\"https:\\\/\\\/abd.ong\\\/ca\\\/#organization\",\"name\":\"Associaci\u00f3 Benestar i Desenvolupament\",\"alternateName\":\"ABD\",\"url\":\"https:\\\/\\\/abd.ong\\\/ca\\\/\",\"logo\":{\"@type\":\"ImageObject\",\"inLanguage\":\"ca\",\"@id\":\"https:\\\/\\\/abd.ong\\\/ca\\\/#\\\/schema\\\/logo\\\/image\\\/\",\"url\":\"https:\\\/\\\/abd.ong\\\/wp-content\\\/uploads\\\/2023\\\/01\\\/Icona.png\",\"contentUrl\":\"https:\\\/\\\/abd.ong\\\/wp-content\\\/uploads\\\/2023\\\/01\\\/Icona.png\",\"width\":190,\"height\":187,\"caption\":\"Associaci\u00f3 Benestar i Desenvolupament\"},\"image\":{\"@id\":\"https:\\\/\\\/abd.ong\\\/ca\\\/#\\\/schema\\\/logo\\\/image\\\/\"},\"sameAs\":[\"https:\\\/\\\/www.facebook.com\\\/abd.ong\",\"https:\\\/\\\/x.com\\\/abd_ong\",\"https:\\\/\\\/www.instagram.com\\\/abd_ong\\\/\",\"https:\\\/\\\/www.linkedin.com\\\/company\\\/abdong\",\"https:\\\/\\\/www.youtube.com\\\/user\\\/CANALABD\"]},{\"@type\":\"Person\",\"@id\":\"https:\\\/\\\/abd.ong\\\/ca\\\/#\\\/schema\\\/person\\\/d2e158b4173f683b3898e286f5b35a10\",\"name\":\"Maria Creixell\"}]}<\/script>\n<!-- \/ Yoast SEO plugin. -->","yoast_head_json":{"title":"ABD presenta la confer\u00e8ncia \u201cEl Quixot de la Manxa. El cam\u00ed de la bogeria a l'esoterisme\u201d - ABD","description":"El responsable del departament de Psiquiatria de l'entitat, Jos\u00e9 Mar\u00eda V\u00e1zquez, realitzar\u00e0 un original recorregut per les vinyetes de la c\u00e8lebre novel\u00b7la","robots":{"index":"index","follow":"follow","max-snippet":"max-snippet:-1","max-image-preview":"max-image-preview:large","max-video-preview":"max-video-preview:-1"},"canonical":"https:\/\/abd.ong\/ca\/drogues-i-salut\/abd-presenta-la-conferencia-el-quixot-de-la-manxa-el-cami-de-la-bogeria-a-lesoterisme\/","og_locale":"ca_ES","og_type":"article","og_title":"ABD presenta la confer\u00e8ncia \u201cEl Quixot de la Manxa. El cam\u00ed de la bogeria a l'esoterisme\u201d - ABD","og_description":"El responsable del departament de Psiquiatria de l'entitat, Jos\u00e9 Mar\u00eda V\u00e1zquez, realitzar\u00e0 un original recorregut per les vinyetes de la c\u00e8lebre novel\u00b7la","og_url":"https:\/\/abd.ong\/ca\/drogues-i-salut\/abd-presenta-la-conferencia-el-quixot-de-la-manxa-el-cami-de-la-bogeria-a-lesoterisme\/","og_site_name":"ABD","article_publisher":"https:\/\/www.facebook.com\/abd.ong","article_published_time":"2021-09-28T08:11:28+00:00","article_modified_time":"2021-09-28T09:14:30+00:00","og_image":[{"width":1640,"height":924,"url":"https:\/\/abd.ong\/wp-content\/uploads\/2021\/09\/Don-Quijote-de-la-Mancha.-El-camino-de-la-locura-al-esoterismo-Post-de-Instagram-Portada-para-Facebook-1.jpg","type":"image\/jpeg"}],"author":"Maria Creixell","twitter_card":"summary_large_image","twitter_creator":"@abd_ong","twitter_site":"@abd_ong","twitter_misc":{"Escrit per":"Maria Creixell","Temps estimat de lectura":"4 minuts"},"schema":{"@context":"https:\/\/schema.org","@graph":[{"@type":"Article","@id":"https:\/\/abd.ong\/ca\/drogues-i-salut\/abd-presenta-la-conferencia-el-quixot-de-la-manxa-el-cami-de-la-bogeria-a-lesoterisme\/#article","isPartOf":{"@id":"https:\/\/abd.ong\/ca\/drogues-i-salut\/abd-presenta-la-conferencia-el-quixot-de-la-manxa-el-cami-de-la-bogeria-a-lesoterisme\/"},"author":{"name":"Maria Creixell","@id":"https:\/\/abd.ong\/ca\/#\/schema\/person\/d2e158b4173f683b3898e286f5b35a10"},"headline":"ABD presenta la confer\u00e8ncia \u201cEl Quixot de la Manxa. El cam\u00ed de la bogeria a l&#8217;esoterisme\u201d","datePublished":"2021-09-28T08:11:28+00:00","dateModified":"2021-09-28T09:14:30+00:00","mainEntityOfPage":{"@id":"https:\/\/abd.ong\/ca\/drogues-i-salut\/abd-presenta-la-conferencia-el-quixot-de-la-manxa-el-cami-de-la-bogeria-a-lesoterisme\/"},"wordCount":770,"publisher":{"@id":"https:\/\/abd.ong\/ca\/#organization"},"image":{"@id":"https:\/\/abd.ong\/ca\/drogues-i-salut\/abd-presenta-la-conferencia-el-quixot-de-la-manxa-el-cami-de-la-bogeria-a-lesoterisme\/#primaryimage"},"thumbnailUrl":"https:\/\/abd.ong\/wp-content\/uploads\/2021\/09\/Don-Quijote-de-la-Mancha.-El-camino-de-la-locura-al-esoterismo-Post-de-Instagram-Portada-para-Facebook-1.jpg","keywords":["ABD","Asociaci\u00f3n Bienestar y Desarrollo","El Quixot","jornada","psiquiatria"],"articleSection":["Drogues i salut","General"],"inLanguage":"ca"},{"@type":"WebPage","@id":"https:\/\/abd.ong\/ca\/drogues-i-salut\/abd-presenta-la-conferencia-el-quixot-de-la-manxa-el-cami-de-la-bogeria-a-lesoterisme\/","url":"https:\/\/abd.ong\/ca\/drogues-i-salut\/abd-presenta-la-conferencia-el-quixot-de-la-manxa-el-cami-de-la-bogeria-a-lesoterisme\/","name":"ABD presenta la confer\u00e8ncia \u201cEl Quixot de la Manxa. El cam\u00ed de la bogeria a l'esoterisme\u201d - ABD","isPartOf":{"@id":"https:\/\/abd.ong\/ca\/#website"},"primaryImageOfPage":{"@id":"https:\/\/abd.ong\/ca\/drogues-i-salut\/abd-presenta-la-conferencia-el-quixot-de-la-manxa-el-cami-de-la-bogeria-a-lesoterisme\/#primaryimage"},"image":{"@id":"https:\/\/abd.ong\/ca\/drogues-i-salut\/abd-presenta-la-conferencia-el-quixot-de-la-manxa-el-cami-de-la-bogeria-a-lesoterisme\/#primaryimage"},"thumbnailUrl":"https:\/\/abd.ong\/wp-content\/uploads\/2021\/09\/Don-Quijote-de-la-Mancha.-El-camino-de-la-locura-al-esoterismo-Post-de-Instagram-Portada-para-Facebook-1.jpg","datePublished":"2021-09-28T08:11:28+00:00","dateModified":"2021-09-28T09:14:30+00:00","description":"El responsable del departament de Psiquiatria de l'entitat, Jos\u00e9 Mar\u00eda V\u00e1zquez, realitzar\u00e0 un original recorregut per les vinyetes de la c\u00e8lebre novel\u00b7la","breadcrumb":{"@id":"https:\/\/abd.ong\/ca\/drogues-i-salut\/abd-presenta-la-conferencia-el-quixot-de-la-manxa-el-cami-de-la-bogeria-a-lesoterisme\/#breadcrumb"},"inLanguage":"ca","potentialAction":[{"@type":"ReadAction","target":["https:\/\/abd.ong\/ca\/drogues-i-salut\/abd-presenta-la-conferencia-el-quixot-de-la-manxa-el-cami-de-la-bogeria-a-lesoterisme\/"]}]},{"@type":"ImageObject","inLanguage":"ca","@id":"https:\/\/abd.ong\/ca\/drogues-i-salut\/abd-presenta-la-conferencia-el-quixot-de-la-manxa-el-cami-de-la-bogeria-a-lesoterisme\/#primaryimage","url":"https:\/\/abd.ong\/wp-content\/uploads\/2021\/09\/Don-Quijote-de-la-Mancha.-El-camino-de-la-locura-al-esoterismo-Post-de-Instagram-Portada-para-Facebook-1.jpg","contentUrl":"https:\/\/abd.ong\/wp-content\/uploads\/2021\/09\/Don-Quijote-de-la-Mancha.-El-camino-de-la-locura-al-esoterismo-Post-de-Instagram-Portada-para-Facebook-1.jpg","width":1640,"height":924},{"@type":"BreadcrumbList","@id":"https:\/\/abd.ong\/ca\/drogues-i-salut\/abd-presenta-la-conferencia-el-quixot-de-la-manxa-el-cami-de-la-bogeria-a-lesoterisme\/#breadcrumb","itemListElement":[{"@type":"ListItem","position":1,"name":"Inici","item":"https:\/\/abd.ong\/ca\/"},{"@type":"ListItem","position":2,"name":"ABD presenta la confer\u00e8ncia \u201cEl Quixot de la Manxa. El cam\u00ed de la bogeria a l&#8217;esoterisme\u201d"}]},{"@type":"WebSite","@id":"https:\/\/abd.ong\/ca\/#website","url":"https:\/\/abd.ong\/ca\/","name":"ABD","description":"Asociaci\u00f3n Bienestar y Desarrollo","publisher":{"@id":"https:\/\/abd.ong\/ca\/#organization"},"potentialAction":[{"@type":"SearchAction","target":{"@type":"EntryPoint","urlTemplate":"https:\/\/abd.ong\/ca\/?s={search_term_string}"},"query-input":{"@type":"PropertyValueSpecification","valueRequired":true,"valueName":"search_term_string"}}],"inLanguage":"ca"},{"@type":"Organization","@id":"https:\/\/abd.ong\/ca\/#organization","name":"Associaci\u00f3 Benestar i Desenvolupament","alternateName":"ABD","url":"https:\/\/abd.ong\/ca\/","logo":{"@type":"ImageObject","inLanguage":"ca","@id":"https:\/\/abd.ong\/ca\/#\/schema\/logo\/image\/","url":"https:\/\/abd.ong\/wp-content\/uploads\/2023\/01\/Icona.png","contentUrl":"https:\/\/abd.ong\/wp-content\/uploads\/2023\/01\/Icona.png","width":190,"height":187,"caption":"Associaci\u00f3 Benestar i Desenvolupament"},"image":{"@id":"https:\/\/abd.ong\/ca\/#\/schema\/logo\/image\/"},"sameAs":["https:\/\/www.facebook.com\/abd.ong","https:\/\/x.com\/abd_ong","https:\/\/www.instagram.com\/abd_ong\/","https:\/\/www.linkedin.com\/company\/abdong","https:\/\/www.youtube.com\/user\/CANALABD"]},{"@type":"Person","@id":"https:\/\/abd.ong\/ca\/#\/schema\/person\/d2e158b4173f683b3898e286f5b35a10","name":"Maria Creixell"}]}},"_links":{"self":[{"href":"https:\/\/abd.ong\/ca\/wp-json\/wp\/v2\/posts\/26305","targetHints":{"allow":["GET"]}}],"collection":[{"href":"https:\/\/abd.ong\/ca\/wp-json\/wp\/v2\/posts"}],"about":[{"href":"https:\/\/abd.ong\/ca\/wp-json\/wp\/v2\/types\/post"}],"author":[{"embeddable":true,"href":"https:\/\/abd.ong\/ca\/wp-json\/wp\/v2\/users\/9"}],"replies":[{"embeddable":true,"href":"https:\/\/abd.ong\/ca\/wp-json\/wp\/v2\/comments?post=26305"}],"version-history":[{"count":1,"href":"https:\/\/abd.ong\/ca\/wp-json\/wp\/v2\/posts\/26305\/revisions"}],"predecessor-version":[{"id":26306,"href":"https:\/\/abd.ong\/ca\/wp-json\/wp\/v2\/posts\/26305\/revisions\/26306"}],"wp:featuredmedia":[{"embeddable":true,"href":"https:\/\/abd.ong\/ca\/wp-json\/wp\/v2\/media\/26265"}],"wp:attachment":[{"href":"https:\/\/abd.ong\/ca\/wp-json\/wp\/v2\/media?parent=26305"}],"wp:term":[{"taxonomy":"category","embeddable":true,"href":"https:\/\/abd.ong\/ca\/wp-json\/wp\/v2\/categories?post=26305"},{"taxonomy":"post_tag","embeddable":true,"href":"https:\/\/abd.ong\/ca\/wp-json\/wp\/v2\/tags?post=26305"}],"curies":[{"name":"wp","href":"https:\/\/api.w.org\/{rel}","templated":true}]}}