{"id":24171,"date":"2021-06-23T12:02:12","date_gmt":"2021-06-23T10:02:12","guid":{"rendered":"https:\/\/abd.ong\/sense-categoria\/el-centre-de-primera-acollida-per-a-persones-sense-llar-amb-addiccions-estara-present-al-congres-de-la-unad\/"},"modified":"2021-06-23T13:49:56","modified_gmt":"2021-06-23T11:49:56","slug":"el-centre-de-primera-acollida-per-a-persones-sense-llar-amb-addiccions-estara-present-al-congres-de-la-unad","status":"publish","type":"post","link":"https:\/\/abd.ong\/ca\/drogues-i-salut\/el-centre-de-primera-acollida-per-a-persones-sense-llar-amb-addiccions-estara-present-al-congres-de-la-unad\/","title":{"rendered":"El centre de primera acollida per a persones sense llar amb addiccions estar\u00e0 present al Congr\u00e9s de la UNAD"},"content":{"rendered":"\n<h2 class=\"wp-block-heading\">La Xarxa d&#8217;Atenci\u00f3 a les Addiccions celebra el seu congr\u00e9s anual amb el t\u00edtol Resilients enfront de la pand\u00e8mia<\/h2>\n\n<div style=\"height:50px\" aria-hidden=\"true\" class=\"wp-block-spacer\"><\/div>\n\n<p>La Xarxa d&#8217;Atenci\u00f3 a les Addiccions &#8211; UNAD celebra aquest mes de juny el seu Congr\u00e9s Estatal 2021 amb el t\u00edtol <em>Resilients enfront de la pand\u00e8mia<\/em>. La segona sessi\u00f3, que tindr\u00e0 lloc el dilluns 28 de juny, se centrar\u00e0 en la intervenci\u00f3 amb persones sense llar i amb problemes d&#8217;addiccions durant la pand\u00e8mia.<\/p>\n\n<p>Iniciar\u00e0 la sessi\u00f3 el director general i vicepresident de la Fundaci\u00f3n Cruz Blanca, Juan Ignacio Vela, amb una intervenci\u00f3 sobre Consums problem\u00e0tics de drogues en la poblaci\u00f3 sense llar. A continuaci\u00f3, tindr\u00e0 lloc un panell d&#8217;experi\u00e8ncies en qu\u00e8 participen professionals i representants de diversos programes i projectes, entre els quals el Centre de primera acollida per a persones sense llar amb addiccions gestionat per ABD.<\/p>\n\n<div style=\"height:50px\" aria-hidden=\"true\" class=\"wp-block-spacer\"><\/div>\n\n<h2 class=\"wp-block-heading\"><strong>Un recurs pioner a nivell internacional<\/strong><\/h2>\n\n<div style=\"height:25px\" aria-hidden=\"true\" class=\"wp-block-spacer\"><\/div>\n\n<p>El dispositiu pioner posat en marxa per l&#8217;Ajuntament de Barcelona i l&#8217;Ag\u00e8ncia de Salut P\u00fablica de Barcelona durant la pand\u00e8mia de la COVID ser\u00e0 una de les experi\u00e8ncies que es compartiran en el panell d&#8217;experi\u00e8ncies de la segona sessi\u00f3 del Congr\u00e9s de la UNAD. Es tracta d&#8217;un dispositiu de primera acollida per a persones sense llar amb addiccions que, a m\u00e9s d&#8217;oferir un sostre, funciona com a servei de reducci\u00f3 de danys pel consum d&#8217;alcohol i altres drogues.<\/p>\n\n<p>La responsable del servei gestionat per ABD, <strong>Ester Aranda<\/strong>, explicar\u00e0 com es tracta d&#8217;un espai que t\u00e9 en compte les necessitats b\u00e0siques d&#8217;allotjament i alimentaci\u00f3 per\u00f2 tamb\u00e9 d&#8217;atenci\u00f3 social i de salut sota una perspectiva de reducci\u00f3 de danys. A m\u00e9s, el dispositiu implementa el primer Programa de Manteniment d&#8217;Alcohol a la ciutat de Barcelona.<\/p>\n\n<p>El servei aplica un model d&#8217;abordatge feminista, prioritzant accions segures que promouen la disminuci\u00f3 de les viol\u00e8ncies a trav\u00e9s de la facilitaci\u00f3 d&#8217;espais segurs per a les dones residents.<\/p>\n\n<p>Hi participaran tamb\u00e9 en aquest panell d&#8217;experi\u00e8ncies la presidenta de l&#8217;<strong>Associaci\u00f3 Moradas de Madrid, Laura Carrasco<\/strong>, qui parlar\u00e0 sobre la viol\u00e8ncia de g\u00e8nere cap a dones sense llar; el subdirector d&#8217;<strong>Habitat \/ Housing First en HOGARES, Francesc Talens<\/strong>, qui exposar\u00e0 el model Housing First com a estrat\u00e8gia en l&#8217;abordatge de les addiccions per a persones sense llar; la gerent del <strong>Col\u00b7lectiu la Huertecica de M\u00farcia, Mar\u00eda Jos\u00e9 Cruzado<\/strong>, qui explicar\u00e0 el projecte de Resid\u00e8ncia d&#8217;emerg\u00e8ncia per a persones sense llar amb addiccions davant la COVID-19; i <strong>Miguel \u00c1ngel V\u00e1zquez<\/strong>, en representaci\u00f3 de l&#8217;<strong>Associaci\u00f3 Antaris de Sevilla<\/strong>, qui parlar\u00e0 de el Centre de Trobada i Acollida: espai per a l&#8217;atenci\u00f3 a persones amb problemes d&#8217;addiccions en situacions d&#8217;exclusi\u00f3 residencial.<\/p>\n\n<p>La jornada es podr\u00e0 seguir registrant-se a aquest enlla\u00e7 https:\/\/unad-resiste.unad.org<\/p>\n","protected":false},"excerpt":{"rendered":"<p>La Xarxa d&#8217;Atenci\u00f3 a les Addiccions celebra el seu congr\u00e9s anual amb el t\u00edtol Resilients enfront de la pand\u00e8mia La Xarxa d&#8217;Atenci\u00f3 a les Addiccions &#8211; UNAD celebra aquest mes&hellip;<\/p>\n","protected":false},"author":9,"featured_media":14627,"comment_status":"closed","ping_status":"closed","sticky":false,"template":"","format":"standard","meta":{"_acf_changed":false,"footnotes":""},"categories":[1301],"tags":[2416,610,2396,179],"class_list":["post-24171","post","type-post","status-publish","format-standard","has-post-thumbnail","hentry","category-drogues-i-salut","tag-alberg-ca","tag-drogodependencias-ca","tag-reduccio-de-danys-ca","tag-unad-ca"],"acf":[],"yoast_head":"<!-- This site is optimized with the Yoast SEO plugin v27.4 - https:\/\/yoast.com\/product\/yoast-seo-wordpress\/ -->\n<title>El centre de primera acollida per a persones sense llar amb addiccions estar\u00e0 present al Congr\u00e9s de la UNAD - ABD<\/title>\n<meta name=\"description\" content=\"La Xarxa d&#039;Atenci\u00f3 a les Addiccions celebra el seu congr\u00e9s anual amb el t\u00edtol Resilients enfront de la pand\u00e8mia La Xarxa d&#039;Atenci\u00f3 a les Addiccions - UNAD\" \/>\n<meta name=\"robots\" content=\"index, follow, max-snippet:-1, max-image-preview:large, max-video-preview:-1\" \/>\n<link rel=\"canonical\" href=\"https:\/\/abd.ong\/ca\/drogues-i-salut\/el-centre-de-primera-acollida-per-a-persones-sense-llar-amb-addiccions-estara-present-al-congres-de-la-unad\/\" \/>\n<meta property=\"og:locale\" content=\"ca_ES\" \/>\n<meta property=\"og:type\" content=\"article\" \/>\n<meta property=\"og:title\" content=\"El centre de primera acollida per a persones sense llar amb addiccions estar\u00e0 present al Congr\u00e9s de la UNAD - ABD\" \/>\n<meta property=\"og:description\" content=\"La Xarxa d&#039;Atenci\u00f3 a les Addiccions celebra el seu congr\u00e9s anual amb el t\u00edtol Resilients enfront de la pand\u00e8mia La Xarxa d&#039;Atenci\u00f3 a les Addiccions - UNAD\" \/>\n<meta property=\"og:url\" content=\"https:\/\/abd.ong\/ca\/drogues-i-salut\/el-centre-de-primera-acollida-per-a-persones-sense-llar-amb-addiccions-estara-present-al-congres-de-la-unad\/\" \/>\n<meta property=\"og:site_name\" content=\"ABD\" \/>\n<meta property=\"article:publisher\" content=\"https:\/\/www.facebook.com\/abd.ong\" \/>\n<meta property=\"article:published_time\" content=\"2021-06-23T10:02:12+00:00\" \/>\n<meta property=\"article:modified_time\" content=\"2021-06-23T11:49:56+00:00\" \/>\n<meta property=\"og:image\" content=\"https:\/\/abd.ong\/wp-content\/uploads\/2020\/05\/WhatsApp-Image-2020-04-04-at-13.14.05.jpeg\" \/>\n\t<meta property=\"og:image:width\" content=\"1600\" \/>\n\t<meta property=\"og:image:height\" content=\"1200\" \/>\n\t<meta property=\"og:image:type\" content=\"image\/jpeg\" \/>\n<meta name=\"author\" content=\"Maria Creixell\" \/>\n<meta name=\"twitter:card\" content=\"summary_large_image\" \/>\n<meta name=\"twitter:creator\" content=\"@abd_ong\" \/>\n<meta name=\"twitter:site\" content=\"@abd_ong\" \/>\n<meta name=\"twitter:label1\" content=\"Escrit per\" \/>\n\t<meta name=\"twitter:data1\" content=\"Maria Creixell\" \/>\n\t<meta name=\"twitter:label2\" content=\"Temps estimat de lectura\" \/>\n\t<meta name=\"twitter:data2\" content=\"2 minuts\" \/>\n<script type=\"application\/ld+json\" class=\"yoast-schema-graph\">{\"@context\":\"https:\\\/\\\/schema.org\",\"@graph\":[{\"@type\":\"Article\",\"@id\":\"https:\\\/\\\/abd.ong\\\/ca\\\/drogues-i-salut\\\/el-centre-de-primera-acollida-per-a-persones-sense-llar-amb-addiccions-estara-present-al-congres-de-la-unad\\\/#article\",\"isPartOf\":{\"@id\":\"https:\\\/\\\/abd.ong\\\/ca\\\/drogues-i-salut\\\/el-centre-de-primera-acollida-per-a-persones-sense-llar-amb-addiccions-estara-present-al-congres-de-la-unad\\\/\"},\"author\":{\"name\":\"Maria Creixell\",\"@id\":\"https:\\\/\\\/abd.ong\\\/ca\\\/#\\\/schema\\\/person\\\/d2e158b4173f683b3898e286f5b35a10\"},\"headline\":\"El centre de primera acollida per a persones sense llar amb addiccions estar\u00e0 present al Congr\u00e9s de la UNAD\",\"datePublished\":\"2021-06-23T10:02:12+00:00\",\"dateModified\":\"2021-06-23T11:49:56+00:00\",\"mainEntityOfPage\":{\"@id\":\"https:\\\/\\\/abd.ong\\\/ca\\\/drogues-i-salut\\\/el-centre-de-primera-acollida-per-a-persones-sense-llar-amb-addiccions-estara-present-al-congres-de-la-unad\\\/\"},\"wordCount\":509,\"publisher\":{\"@id\":\"https:\\\/\\\/abd.ong\\\/ca\\\/#organization\"},\"image\":{\"@id\":\"https:\\\/\\\/abd.ong\\\/ca\\\/drogues-i-salut\\\/el-centre-de-primera-acollida-per-a-persones-sense-llar-amb-addiccions-estara-present-al-congres-de-la-unad\\\/#primaryimage\"},\"thumbnailUrl\":\"https:\\\/\\\/abd.ong\\\/wp-content\\\/uploads\\\/2020\\\/05\\\/WhatsApp-Image-2020-04-04-at-13.14.05.jpeg\",\"keywords\":[\"alberg\",\"drogodependencias\",\"reducci\u00f3 de danys\",\"UNAD\"],\"articleSection\":[\"Drogues i salut\"],\"inLanguage\":\"ca\"},{\"@type\":\"WebPage\",\"@id\":\"https:\\\/\\\/abd.ong\\\/ca\\\/drogues-i-salut\\\/el-centre-de-primera-acollida-per-a-persones-sense-llar-amb-addiccions-estara-present-al-congres-de-la-unad\\\/\",\"url\":\"https:\\\/\\\/abd.ong\\\/ca\\\/drogues-i-salut\\\/el-centre-de-primera-acollida-per-a-persones-sense-llar-amb-addiccions-estara-present-al-congres-de-la-unad\\\/\",\"name\":\"El centre de primera acollida per a persones sense llar amb addiccions estar\u00e0 present al Congr\u00e9s de la UNAD - ABD\",\"isPartOf\":{\"@id\":\"https:\\\/\\\/abd.ong\\\/ca\\\/#website\"},\"primaryImageOfPage\":{\"@id\":\"https:\\\/\\\/abd.ong\\\/ca\\\/drogues-i-salut\\\/el-centre-de-primera-acollida-per-a-persones-sense-llar-amb-addiccions-estara-present-al-congres-de-la-unad\\\/#primaryimage\"},\"image\":{\"@id\":\"https:\\\/\\\/abd.ong\\\/ca\\\/drogues-i-salut\\\/el-centre-de-primera-acollida-per-a-persones-sense-llar-amb-addiccions-estara-present-al-congres-de-la-unad\\\/#primaryimage\"},\"thumbnailUrl\":\"https:\\\/\\\/abd.ong\\\/wp-content\\\/uploads\\\/2020\\\/05\\\/WhatsApp-Image-2020-04-04-at-13.14.05.jpeg\",\"datePublished\":\"2021-06-23T10:02:12+00:00\",\"dateModified\":\"2021-06-23T11:49:56+00:00\",\"description\":\"La Xarxa d'Atenci\u00f3 a les Addiccions celebra el seu congr\u00e9s anual amb el t\u00edtol Resilients enfront de la pand\u00e8mia La Xarxa d'Atenci\u00f3 a les Addiccions - UNAD\",\"breadcrumb\":{\"@id\":\"https:\\\/\\\/abd.ong\\\/ca\\\/drogues-i-salut\\\/el-centre-de-primera-acollida-per-a-persones-sense-llar-amb-addiccions-estara-present-al-congres-de-la-unad\\\/#breadcrumb\"},\"inLanguage\":\"ca\",\"potentialAction\":[{\"@type\":\"ReadAction\",\"target\":[\"https:\\\/\\\/abd.ong\\\/ca\\\/drogues-i-salut\\\/el-centre-de-primera-acollida-per-a-persones-sense-llar-amb-addiccions-estara-present-al-congres-de-la-unad\\\/\"]}]},{\"@type\":\"ImageObject\",\"inLanguage\":\"ca\",\"@id\":\"https:\\\/\\\/abd.ong\\\/ca\\\/drogues-i-salut\\\/el-centre-de-primera-acollida-per-a-persones-sense-llar-amb-addiccions-estara-present-al-congres-de-la-unad\\\/#primaryimage\",\"url\":\"https:\\\/\\\/abd.ong\\\/wp-content\\\/uploads\\\/2020\\\/05\\\/WhatsApp-Image-2020-04-04-at-13.14.05.jpeg\",\"contentUrl\":\"https:\\\/\\\/abd.ong\\\/wp-content\\\/uploads\\\/2020\\\/05\\\/WhatsApp-Image-2020-04-04-at-13.14.05.jpeg\",\"width\":1600,\"height\":1200},{\"@type\":\"BreadcrumbList\",\"@id\":\"https:\\\/\\\/abd.ong\\\/ca\\\/drogues-i-salut\\\/el-centre-de-primera-acollida-per-a-persones-sense-llar-amb-addiccions-estara-present-al-congres-de-la-unad\\\/#breadcrumb\",\"itemListElement\":[{\"@type\":\"ListItem\",\"position\":1,\"name\":\"Inici\",\"item\":\"https:\\\/\\\/abd.ong\\\/ca\\\/\"},{\"@type\":\"ListItem\",\"position\":2,\"name\":\"El centre de primera acollida per a persones sense llar amb addiccions estar\u00e0 present al Congr\u00e9s de la UNAD\"}]},{\"@type\":\"WebSite\",\"@id\":\"https:\\\/\\\/abd.ong\\\/ca\\\/#website\",\"url\":\"https:\\\/\\\/abd.ong\\\/ca\\\/\",\"name\":\"ABD\",\"description\":\"Asociaci\u00f3n Bienestar y Desarrollo\",\"publisher\":{\"@id\":\"https:\\\/\\\/abd.ong\\\/ca\\\/#organization\"},\"potentialAction\":[{\"@type\":\"SearchAction\",\"target\":{\"@type\":\"EntryPoint\",\"urlTemplate\":\"https:\\\/\\\/abd.ong\\\/ca\\\/?s={search_term_string}\"},\"query-input\":{\"@type\":\"PropertyValueSpecification\",\"valueRequired\":true,\"valueName\":\"search_term_string\"}}],\"inLanguage\":\"ca\"},{\"@type\":\"Organization\",\"@id\":\"https:\\\/\\\/abd.ong\\\/ca\\\/#organization\",\"name\":\"Associaci\u00f3 Benestar i Desenvolupament\",\"alternateName\":\"ABD\",\"url\":\"https:\\\/\\\/abd.ong\\\/ca\\\/\",\"logo\":{\"@type\":\"ImageObject\",\"inLanguage\":\"ca\",\"@id\":\"https:\\\/\\\/abd.ong\\\/ca\\\/#\\\/schema\\\/logo\\\/image\\\/\",\"url\":\"https:\\\/\\\/abd.ong\\\/wp-content\\\/uploads\\\/2023\\\/01\\\/Icona.png\",\"contentUrl\":\"https:\\\/\\\/abd.ong\\\/wp-content\\\/uploads\\\/2023\\\/01\\\/Icona.png\",\"width\":190,\"height\":187,\"caption\":\"Associaci\u00f3 Benestar i Desenvolupament\"},\"image\":{\"@id\":\"https:\\\/\\\/abd.ong\\\/ca\\\/#\\\/schema\\\/logo\\\/image\\\/\"},\"sameAs\":[\"https:\\\/\\\/www.facebook.com\\\/abd.ong\",\"https:\\\/\\\/x.com\\\/abd_ong\",\"https:\\\/\\\/www.instagram.com\\\/abd_ong\\\/\",\"https:\\\/\\\/www.linkedin.com\\\/company\\\/abdong\",\"https:\\\/\\\/www.youtube.com\\\/user\\\/CANALABD\"]},{\"@type\":\"Person\",\"@id\":\"https:\\\/\\\/abd.ong\\\/ca\\\/#\\\/schema\\\/person\\\/d2e158b4173f683b3898e286f5b35a10\",\"name\":\"Maria Creixell\"}]}<\/script>\n<!-- \/ Yoast SEO plugin. -->","yoast_head_json":{"title":"El centre de primera acollida per a persones sense llar amb addiccions estar\u00e0 present al Congr\u00e9s de la UNAD - ABD","description":"La Xarxa d'Atenci\u00f3 a les Addiccions celebra el seu congr\u00e9s anual amb el t\u00edtol Resilients enfront de la pand\u00e8mia La Xarxa d'Atenci\u00f3 a les Addiccions - UNAD","robots":{"index":"index","follow":"follow","max-snippet":"max-snippet:-1","max-image-preview":"max-image-preview:large","max-video-preview":"max-video-preview:-1"},"canonical":"https:\/\/abd.ong\/ca\/drogues-i-salut\/el-centre-de-primera-acollida-per-a-persones-sense-llar-amb-addiccions-estara-present-al-congres-de-la-unad\/","og_locale":"ca_ES","og_type":"article","og_title":"El centre de primera acollida per a persones sense llar amb addiccions estar\u00e0 present al Congr\u00e9s de la UNAD - ABD","og_description":"La Xarxa d'Atenci\u00f3 a les Addiccions celebra el seu congr\u00e9s anual amb el t\u00edtol Resilients enfront de la pand\u00e8mia La Xarxa d'Atenci\u00f3 a les Addiccions - UNAD","og_url":"https:\/\/abd.ong\/ca\/drogues-i-salut\/el-centre-de-primera-acollida-per-a-persones-sense-llar-amb-addiccions-estara-present-al-congres-de-la-unad\/","og_site_name":"ABD","article_publisher":"https:\/\/www.facebook.com\/abd.ong","article_published_time":"2021-06-23T10:02:12+00:00","article_modified_time":"2021-06-23T11:49:56+00:00","og_image":[{"width":1600,"height":1200,"url":"https:\/\/abd.ong\/wp-content\/uploads\/2020\/05\/WhatsApp-Image-2020-04-04-at-13.14.05.jpeg","type":"image\/jpeg"}],"author":"Maria Creixell","twitter_card":"summary_large_image","twitter_creator":"@abd_ong","twitter_site":"@abd_ong","twitter_misc":{"Escrit per":"Maria Creixell","Temps estimat de lectura":"2 minuts"},"schema":{"@context":"https:\/\/schema.org","@graph":[{"@type":"Article","@id":"https:\/\/abd.ong\/ca\/drogues-i-salut\/el-centre-de-primera-acollida-per-a-persones-sense-llar-amb-addiccions-estara-present-al-congres-de-la-unad\/#article","isPartOf":{"@id":"https:\/\/abd.ong\/ca\/drogues-i-salut\/el-centre-de-primera-acollida-per-a-persones-sense-llar-amb-addiccions-estara-present-al-congres-de-la-unad\/"},"author":{"name":"Maria Creixell","@id":"https:\/\/abd.ong\/ca\/#\/schema\/person\/d2e158b4173f683b3898e286f5b35a10"},"headline":"El centre de primera acollida per a persones sense llar amb addiccions estar\u00e0 present al Congr\u00e9s de la UNAD","datePublished":"2021-06-23T10:02:12+00:00","dateModified":"2021-06-23T11:49:56+00:00","mainEntityOfPage":{"@id":"https:\/\/abd.ong\/ca\/drogues-i-salut\/el-centre-de-primera-acollida-per-a-persones-sense-llar-amb-addiccions-estara-present-al-congres-de-la-unad\/"},"wordCount":509,"publisher":{"@id":"https:\/\/abd.ong\/ca\/#organization"},"image":{"@id":"https:\/\/abd.ong\/ca\/drogues-i-salut\/el-centre-de-primera-acollida-per-a-persones-sense-llar-amb-addiccions-estara-present-al-congres-de-la-unad\/#primaryimage"},"thumbnailUrl":"https:\/\/abd.ong\/wp-content\/uploads\/2020\/05\/WhatsApp-Image-2020-04-04-at-13.14.05.jpeg","keywords":["alberg","drogodependencias","reducci\u00f3 de danys","UNAD"],"articleSection":["Drogues i salut"],"inLanguage":"ca"},{"@type":"WebPage","@id":"https:\/\/abd.ong\/ca\/drogues-i-salut\/el-centre-de-primera-acollida-per-a-persones-sense-llar-amb-addiccions-estara-present-al-congres-de-la-unad\/","url":"https:\/\/abd.ong\/ca\/drogues-i-salut\/el-centre-de-primera-acollida-per-a-persones-sense-llar-amb-addiccions-estara-present-al-congres-de-la-unad\/","name":"El centre de primera acollida per a persones sense llar amb addiccions estar\u00e0 present al Congr\u00e9s de la UNAD - ABD","isPartOf":{"@id":"https:\/\/abd.ong\/ca\/#website"},"primaryImageOfPage":{"@id":"https:\/\/abd.ong\/ca\/drogues-i-salut\/el-centre-de-primera-acollida-per-a-persones-sense-llar-amb-addiccions-estara-present-al-congres-de-la-unad\/#primaryimage"},"image":{"@id":"https:\/\/abd.ong\/ca\/drogues-i-salut\/el-centre-de-primera-acollida-per-a-persones-sense-llar-amb-addiccions-estara-present-al-congres-de-la-unad\/#primaryimage"},"thumbnailUrl":"https:\/\/abd.ong\/wp-content\/uploads\/2020\/05\/WhatsApp-Image-2020-04-04-at-13.14.05.jpeg","datePublished":"2021-06-23T10:02:12+00:00","dateModified":"2021-06-23T11:49:56+00:00","description":"La Xarxa d'Atenci\u00f3 a les Addiccions celebra el seu congr\u00e9s anual amb el t\u00edtol Resilients enfront de la pand\u00e8mia La Xarxa d'Atenci\u00f3 a les Addiccions - UNAD","breadcrumb":{"@id":"https:\/\/abd.ong\/ca\/drogues-i-salut\/el-centre-de-primera-acollida-per-a-persones-sense-llar-amb-addiccions-estara-present-al-congres-de-la-unad\/#breadcrumb"},"inLanguage":"ca","potentialAction":[{"@type":"ReadAction","target":["https:\/\/abd.ong\/ca\/drogues-i-salut\/el-centre-de-primera-acollida-per-a-persones-sense-llar-amb-addiccions-estara-present-al-congres-de-la-unad\/"]}]},{"@type":"ImageObject","inLanguage":"ca","@id":"https:\/\/abd.ong\/ca\/drogues-i-salut\/el-centre-de-primera-acollida-per-a-persones-sense-llar-amb-addiccions-estara-present-al-congres-de-la-unad\/#primaryimage","url":"https:\/\/abd.ong\/wp-content\/uploads\/2020\/05\/WhatsApp-Image-2020-04-04-at-13.14.05.jpeg","contentUrl":"https:\/\/abd.ong\/wp-content\/uploads\/2020\/05\/WhatsApp-Image-2020-04-04-at-13.14.05.jpeg","width":1600,"height":1200},{"@type":"BreadcrumbList","@id":"https:\/\/abd.ong\/ca\/drogues-i-salut\/el-centre-de-primera-acollida-per-a-persones-sense-llar-amb-addiccions-estara-present-al-congres-de-la-unad\/#breadcrumb","itemListElement":[{"@type":"ListItem","position":1,"name":"Inici","item":"https:\/\/abd.ong\/ca\/"},{"@type":"ListItem","position":2,"name":"El centre de primera acollida per a persones sense llar amb addiccions estar\u00e0 present al Congr\u00e9s de la UNAD"}]},{"@type":"WebSite","@id":"https:\/\/abd.ong\/ca\/#website","url":"https:\/\/abd.ong\/ca\/","name":"ABD","description":"Asociaci\u00f3n Bienestar y Desarrollo","publisher":{"@id":"https:\/\/abd.ong\/ca\/#organization"},"potentialAction":[{"@type":"SearchAction","target":{"@type":"EntryPoint","urlTemplate":"https:\/\/abd.ong\/ca\/?s={search_term_string}"},"query-input":{"@type":"PropertyValueSpecification","valueRequired":true,"valueName":"search_term_string"}}],"inLanguage":"ca"},{"@type":"Organization","@id":"https:\/\/abd.ong\/ca\/#organization","name":"Associaci\u00f3 Benestar i Desenvolupament","alternateName":"ABD","url":"https:\/\/abd.ong\/ca\/","logo":{"@type":"ImageObject","inLanguage":"ca","@id":"https:\/\/abd.ong\/ca\/#\/schema\/logo\/image\/","url":"https:\/\/abd.ong\/wp-content\/uploads\/2023\/01\/Icona.png","contentUrl":"https:\/\/abd.ong\/wp-content\/uploads\/2023\/01\/Icona.png","width":190,"height":187,"caption":"Associaci\u00f3 Benestar i Desenvolupament"},"image":{"@id":"https:\/\/abd.ong\/ca\/#\/schema\/logo\/image\/"},"sameAs":["https:\/\/www.facebook.com\/abd.ong","https:\/\/x.com\/abd_ong","https:\/\/www.instagram.com\/abd_ong\/","https:\/\/www.linkedin.com\/company\/abdong","https:\/\/www.youtube.com\/user\/CANALABD"]},{"@type":"Person","@id":"https:\/\/abd.ong\/ca\/#\/schema\/person\/d2e158b4173f683b3898e286f5b35a10","name":"Maria Creixell"}]}},"_links":{"self":[{"href":"https:\/\/abd.ong\/ca\/wp-json\/wp\/v2\/posts\/24171","targetHints":{"allow":["GET"]}}],"collection":[{"href":"https:\/\/abd.ong\/ca\/wp-json\/wp\/v2\/posts"}],"about":[{"href":"https:\/\/abd.ong\/ca\/wp-json\/wp\/v2\/types\/post"}],"author":[{"embeddable":true,"href":"https:\/\/abd.ong\/ca\/wp-json\/wp\/v2\/users\/9"}],"replies":[{"embeddable":true,"href":"https:\/\/abd.ong\/ca\/wp-json\/wp\/v2\/comments?post=24171"}],"version-history":[{"count":2,"href":"https:\/\/abd.ong\/ca\/wp-json\/wp\/v2\/posts\/24171\/revisions"}],"predecessor-version":[{"id":24174,"href":"https:\/\/abd.ong\/ca\/wp-json\/wp\/v2\/posts\/24171\/revisions\/24174"}],"wp:featuredmedia":[{"embeddable":true,"href":"https:\/\/abd.ong\/ca\/wp-json\/wp\/v2\/media\/14627"}],"wp:attachment":[{"href":"https:\/\/abd.ong\/ca\/wp-json\/wp\/v2\/media?parent=24171"}],"wp:term":[{"taxonomy":"category","embeddable":true,"href":"https:\/\/abd.ong\/ca\/wp-json\/wp\/v2\/categories?post=24171"},{"taxonomy":"post_tag","embeddable":true,"href":"https:\/\/abd.ong\/ca\/wp-json\/wp\/v2\/tags?post=24171"}],"curies":[{"name":"wp","href":"https:\/\/api.w.org\/{rel}","templated":true}]}}