{"id":23421,"date":"2021-05-18T09:38:57","date_gmt":"2021-05-18T07:38:57","guid":{"rendered":"https:\/\/abd.ong\/?p=23421"},"modified":"2021-05-18T17:20:37","modified_gmt":"2021-05-18T15:20:37","slug":"abd-aten-mes-de-125-000-persones-durant-el-2020","status":"publish","type":"post","link":"https:\/\/abd.ong\/ca\/general-ca\/abd-aten-mes-de-125-000-persones-durant-el-2020\/","title":{"rendered":"ABD at\u00e9n m\u00e9s de 125.000 persones durant el 2020"},"content":{"rendered":"\n<h4 class=\"wp-block-heading\">Durant\u00a0 el 2020 des del Grup ABD <strong>hem at\u00e8s a 125.841 persones<\/strong>, un 7% m\u00e9s que al 2019. Aquesta tasca ha estat possible gr\u00e0cies a la feina de<strong> 1.551 professionals<\/strong> i de <strong>467 persones volunt\u00e0ries i col\u00b7laboradores<\/strong>. Hem teixit<strong> xarxa amb m\u00e9s de 120 entitats i plataformes<\/strong> de l&#8217;administraci\u00f3 i el Tercer Sector. A m\u00e9s, hem executat<strong> 8 projectes internacionals amb 12 pa\u00efsos<\/strong> per promoure l\u2019intercanvi de coneixements i la innovaci\u00f3 social<\/h4>\n\n<div style=\"height:25px\" aria-hidden=\"true\" class=\"wp-block-spacer\"><\/div>\n\n<h4 class=\"wp-block-heading\"><em>Davant l\u2019emerg\u00e8ncia mundial creada per la pand\u00e8mia de la Covid-19 des de l\u2019Associaci\u00f3 Benestar i Desenvolupament ABD hem mantingut l&#8217;atenci\u00f3 presencial, ens hem adaptat a l&#8217;atenci\u00f3 telem\u00e0tica i hem impulsat nous recursos com un centre de primera acollida per a persones sense llar amb addiccions, un dispositiu d\u2019acollida d\u2019emerg\u00e8ncia social dirigit a fam\u00edlies en situaci\u00f3 de vulnerabilitat i quatre pisos per a fam\u00edlies monomarentals. Tamb\u00e9 hem desplegat equips especialitzats en Covid-19 als serveis d\u2019atenci\u00f3 a domicili i a les resid\u00e8ncies.<\/em><\/h4>\n\n<div style=\"height:25px\" aria-hidden=\"true\" class=\"wp-block-spacer\"><\/div>\n\n<p>Ja est\u00e0 disponible <a href=\"https:\/\/abd.ong\/wp-content\/uploads\/2021\/05\/WEB_ABD_MEMORIA2020_CAT_2.pdf\">la Mem\u00f2ria i Balan\u00e7 Social 2020 de l\u2019<strong>Associaci\u00f3 Benestar i Desenvolupament ABD<\/strong><\/a>. Un any sense precedents marcat per la crisi sanit\u00e0ria, social i econ\u00f2mica provocada per la pand\u00e8mia de la Covid-19. Davant d\u2019aquest escenari excepcional, des del primer moment, a l\u2019Associaci\u00f3 Benestar i Desenvolupament ABD <strong>hem treballat per construir un front social<\/strong> i evitar, aix\u00ed, conseq\u00fc\u00e8ncies encara m\u00e9s devastadores per a les persones que es troben en situaci\u00f3 de vulnerabilitat. Per aix\u00f2, tot i les dificultats, durant tota la pand\u00e8mia <strong>hem mantingut l&#8217;atenci\u00f3 presencial<\/strong>. Som Tercer Sector, som servei essencial.&#13;\n<pre id=\"tw-target-text\" class=\"tw-data-text tw-text-large XcVN5d tw-ta\" dir=\"ltr\" data-placeholder=\"Translation\"><\/pre><\/p>\n\n<p>Amb <strong>la Covid-19<\/strong>, ens hem vist interpel\u00b7lades per l\u2019emerg\u00e8ncia que viuen les fam\u00edlies i les persones que atenem a l\u2019entitat. El comprom\u00eds amb totes elles <strong>ens va fer adaptar molt r\u00e0pidament a l\u2019atenci\u00f3 telem\u00e0tica<\/strong>, per no deixar a ning\u00fa sense cobertura. A m\u00e9s, <strong>hem impulsat nous recursos<\/strong>:<\/p>\n\n<ul class=\"wp-block-list\"><li>Centre de primera acollida per a persones sense llar amb addiccions.<\/li><li>Dispositiu d\u2019acollida d\u2019emerg\u00e8ncia social dirigit a fam\u00edlies en situaci\u00f3 de vulnerabilitat.<\/li><li>Equips especialitzats en covid-19 als serveis d\u2019atenci\u00f3 a domicili i a les resid\u00e8ncies.<\/li><li>Quatre pisos per a fam\u00edlies monomarentals.<\/li><li><a href=\"https:\/\/yositeveo.org\/ca\/\">Campanya de donacions #Joetveig<\/a>, per donar suport econ\u00f2mic a les fam\u00edlies que no tenen cobertes les necessitats b\u00e0siques.<\/li><\/ul>\n\n<p>L\u2019excepcionalitat del moment ha fet aflorar la vocaci\u00f3 que portem dins en la seva m\u00e0xima expressi\u00f3. Professionals, persones volunt\u00e0ries i totes les que formem part de la base social de l\u2019entitat hem bategat plegades amb el mateix ritme i en la mateixa direcci\u00f3. Juntes hem treballat per garantir els drets socials. Hem at\u00e8s la urg\u00e8ncia sense oblidar l\u2019activisme, l\u2019apoderament de les persones i l\u2019ajuda m\u00fatua.<\/p>\n\n<div style=\"height:25px\" aria-hidden=\"true\" class=\"wp-block-spacer\"><\/div>\n\n<h3 class=\"wp-block-heading\"><strong>L\u2019acci\u00f3 del Grup ABD al 2020, som Tercer Sector<\/strong><\/h3>\n\n<div style=\"height:25px\" aria-hidden=\"true\" class=\"wp-block-spacer\"><\/div>\n\n<p>Durant\u00a0 el 2020 des del Grup ABD <a href=\"https:\/\/abd.ong\/wp-content\/uploads\/2021\/05\/WEB_ABD_MEMORIA2020_CAT_2.pdf\"><strong>hem at\u00e8s a 125.841 persones<\/strong><\/a>, un 7% m\u00e9s que al 2019. Aquesta tasca ha estat possible gr\u00e0cies a la feina de<strong> 1.551 professionals<\/strong> i de <strong>467 persones volunt\u00e0ries i col\u00b7laboradores<\/strong>. Hem teixit<strong> xarxa amb m\u00e9s de 120 entitats i plataformes<\/strong> de l&#8217;administraci\u00f3 i el Tercer Sector. A m\u00e9s, hem executat<strong> 8 projectes internacionals amb 12 pa\u00efsos<\/strong> per promoure l\u2019intercanvi de coneixements i la innovaci\u00f3 social.<\/p>\n\n<p>L\u2019acci\u00f3 social d\u2019ABD \u00e9s transversal, perqu\u00e8 som al costat de persones i les comunitats que viuen situacions tan diverses com ara discapacitat intel\u00b7lectual, problemes de salut i de salut mental, manca de b\u00e9ns b\u00e0sics \u2014com ara l\u2019habitatge o l\u2019energia\u2014, viol\u00e8ncia masclista o maltractament infantil, el simple fet de fer-se gran o de migrar a un altre pa\u00eds, consum de drogues, discriminaci\u00f3 per g\u00e8nere, \u00e8tnia o origen, o manca d\u2019acc\u00e9s a serveis o a una feina.<\/p>\n\n<p>Si vols saber m\u00e9s sobre la nostra entitat no dubtis en <a href=\"https:\/\/abd.ong\/wp-content\/uploads\/2021\/05\/WEB_ABD_MEMORIA2020_CAT_2.pdf\">descarregar-te aqu\u00ed<\/a> la Mem\u00f2ria i Balan\u00e7 Social 2020.<\/p>\n","protected":false},"excerpt":{"rendered":"<p>Durant\u00a0 el 2020 des del Grup ABD hem at\u00e8s a 125.841 persones, un 7% m\u00e9s que al 2019. Aquesta tasca ha estat possible gr\u00e0cies a la feina de 1.551 professionals&hellip;<\/p>\n","protected":false},"author":2,"featured_media":23227,"comment_status":"closed","ping_status":"closed","sticky":false,"template":"","format":"standard","meta":{"_acf_changed":false,"footnotes":""},"categories":[1298,1299,1300,2284,1301,66,1302,1303,2296,2304,2231,2332,83],"tags":[2324,2325],"class_list":["post-23421","post","type-post","status-publish","format-standard","has-post-thumbnail","hentry","category-dependencia-i-gent-gran","category-desigualtat","category-discapacitat","category-donacions-ca","category-drogues-i-salut","category-general-ca","category-igualtat-de-genere","category-infancia-i-familia","category-internacional-ca","category-joves-ca","category-pobreza-energetica-ca","category-sostenibilitat-ca","category-voluntariat","tag-memoria-abd-2020-ca","tag-memoria-associacio-benestar-i-desenvolupament","ods-aliances-per-assolir-els-objectius","ods-educacio-de-qualitat","ods-fam-zero","ods-fi-de-la-pobresa","ods-igualtat-de-genere","ods-reduccio-de-les-desigualtats","ods-salut-i-benestar","ods-treball-decent-i-creixement-economic","right-dret-a-leducacio","right-dret-a-lhabitatge","right-dret-a-la-integritat-personal","right-dret-a-la-salut","right-dret-a-la-seguretat-vital","right-dret-a-la-sostenibilitat-ambiental","right-dret-al-treball","right-drets-de-la-infancia","right-drets-de-les-dones","right-drets-de-les-persones-amb-discapacitat","right-drets-de-les-persones-desplacades","right-drets-de-les-persones-grans","right-drets-dels-col-lectius-lgtbiq"],"acf":[],"yoast_head":"<!-- This site is optimized with the Yoast SEO plugin v27.4 - https:\/\/yoast.com\/product\/yoast-seo-wordpress\/ -->\n<title>ABD at\u00e9n m\u00e9s de 125.000 persones durant el 2020 - ABD<\/title>\n<meta name=\"description\" content=\"Durant\u00a0 el 2020 des del Grup ABD hem at\u00e8s a 125.841 persones, un 7% m\u00e9s que al 2019. Aquesta tasca ha estat possible gr\u00e0cies a la feina de 1.551\" \/>\n<meta name=\"robots\" content=\"index, follow, max-snippet:-1, max-image-preview:large, max-video-preview:-1\" \/>\n<link rel=\"canonical\" href=\"https:\/\/abd.ong\/ca\/general-ca\/abd-aten-mes-de-125-000-persones-durant-el-2020\/\" \/>\n<meta property=\"og:locale\" content=\"ca_ES\" \/>\n<meta property=\"og:type\" content=\"article\" \/>\n<meta property=\"og:title\" content=\"ABD at\u00e9n m\u00e9s de 125.000 persones durant el 2020 - ABD\" \/>\n<meta property=\"og:description\" content=\"Durant\u00a0 el 2020 des del Grup ABD hem at\u00e8s a 125.841 persones, un 7% m\u00e9s que al 2019. Aquesta tasca ha estat possible gr\u00e0cies a la feina de 1.551\" \/>\n<meta property=\"og:url\" content=\"https:\/\/abd.ong\/ca\/general-ca\/abd-aten-mes-de-125-000-persones-durant-el-2020\/\" \/>\n<meta property=\"og:site_name\" content=\"ABD\" \/>\n<meta property=\"article:publisher\" content=\"https:\/\/www.facebook.com\/abd.ong\" \/>\n<meta property=\"article:published_time\" content=\"2021-05-18T07:38:57+00:00\" \/>\n<meta property=\"article:modified_time\" content=\"2021-05-18T15:20:37+00:00\" \/>\n<meta property=\"og:image\" content=\"https:\/\/abd.ong\/wp-content\/uploads\/2021\/05\/ABD_portada_Memo2020_web_1360x700.png\" \/>\n\t<meta property=\"og:image:width\" content=\"1360\" \/>\n\t<meta property=\"og:image:height\" content=\"701\" \/>\n\t<meta property=\"og:image:type\" content=\"image\/png\" \/>\n<meta name=\"author\" content=\"Enric Guinart\" \/>\n<meta name=\"twitter:card\" content=\"summary_large_image\" \/>\n<meta name=\"twitter:creator\" content=\"@abd_ong\" \/>\n<meta name=\"twitter:site\" content=\"@abd_ong\" \/>\n<meta name=\"twitter:label1\" content=\"Escrit per\" \/>\n\t<meta name=\"twitter:data1\" content=\"Enric Guinart\" \/>\n\t<meta name=\"twitter:label2\" content=\"Temps estimat de lectura\" \/>\n\t<meta name=\"twitter:data2\" content=\"3 minuts\" \/>\n<script type=\"application\/ld+json\" class=\"yoast-schema-graph\">{\"@context\":\"https:\\\/\\\/schema.org\",\"@graph\":[{\"@type\":\"Article\",\"@id\":\"https:\\\/\\\/abd.ong\\\/ca\\\/general-ca\\\/abd-aten-mes-de-125-000-persones-durant-el-2020\\\/#article\",\"isPartOf\":{\"@id\":\"https:\\\/\\\/abd.ong\\\/ca\\\/general-ca\\\/abd-aten-mes-de-125-000-persones-durant-el-2020\\\/\"},\"author\":{\"name\":\"Enric Guinart\",\"@id\":\"https:\\\/\\\/abd.ong\\\/ca\\\/#\\\/schema\\\/person\\\/d0f5fe279a7ad908de6a6d1332bfd7d8\"},\"headline\":\"ABD at\u00e9n m\u00e9s de 125.000 persones durant el 2020\",\"datePublished\":\"2021-05-18T07:38:57+00:00\",\"dateModified\":\"2021-05-18T15:20:37+00:00\",\"mainEntityOfPage\":{\"@id\":\"https:\\\/\\\/abd.ong\\\/ca\\\/general-ca\\\/abd-aten-mes-de-125-000-persones-durant-el-2020\\\/\"},\"wordCount\":669,\"publisher\":{\"@id\":\"https:\\\/\\\/abd.ong\\\/ca\\\/#organization\"},\"image\":{\"@id\":\"https:\\\/\\\/abd.ong\\\/ca\\\/general-ca\\\/abd-aten-mes-de-125-000-persones-durant-el-2020\\\/#primaryimage\"},\"thumbnailUrl\":\"https:\\\/\\\/abd.ong\\\/wp-content\\\/uploads\\\/2021\\\/05\\\/ABD_portada_Memo2020_web_1360x700.png\",\"keywords\":[\"Mem\u00f2ria ABD 2020\",\"Memoria Associaci\u00f3 Benestar i Desenvolupament\"],\"articleSection\":[\"Depend\u00e8ncia i gent gran\",\"Desigualtat\",\"Discapacitat intel\u00b7lectual\",\"Donacions\",\"Drogues i salut\",\"General\",\"Igualtat de g\u00e8nere\",\"Inf\u00e0ncia i fam\u00edlia\",\"Internacional\",\"Joves\",\"Pobreza energ\u00e9tica\",\"Sostenibilitat\",\"Voluntariat\"],\"inLanguage\":\"ca\"},{\"@type\":\"WebPage\",\"@id\":\"https:\\\/\\\/abd.ong\\\/ca\\\/general-ca\\\/abd-aten-mes-de-125-000-persones-durant-el-2020\\\/\",\"url\":\"https:\\\/\\\/abd.ong\\\/ca\\\/general-ca\\\/abd-aten-mes-de-125-000-persones-durant-el-2020\\\/\",\"name\":\"ABD at\u00e9n m\u00e9s de 125.000 persones durant el 2020 - ABD\",\"isPartOf\":{\"@id\":\"https:\\\/\\\/abd.ong\\\/ca\\\/#website\"},\"primaryImageOfPage\":{\"@id\":\"https:\\\/\\\/abd.ong\\\/ca\\\/general-ca\\\/abd-aten-mes-de-125-000-persones-durant-el-2020\\\/#primaryimage\"},\"image\":{\"@id\":\"https:\\\/\\\/abd.ong\\\/ca\\\/general-ca\\\/abd-aten-mes-de-125-000-persones-durant-el-2020\\\/#primaryimage\"},\"thumbnailUrl\":\"https:\\\/\\\/abd.ong\\\/wp-content\\\/uploads\\\/2021\\\/05\\\/ABD_portada_Memo2020_web_1360x700.png\",\"datePublished\":\"2021-05-18T07:38:57+00:00\",\"dateModified\":\"2021-05-18T15:20:37+00:00\",\"description\":\"Durant\u00a0 el 2020 des del Grup ABD hem at\u00e8s a 125.841 persones, un 7% m\u00e9s que al 2019. Aquesta tasca ha estat possible gr\u00e0cies a la feina de 1.551\",\"breadcrumb\":{\"@id\":\"https:\\\/\\\/abd.ong\\\/ca\\\/general-ca\\\/abd-aten-mes-de-125-000-persones-durant-el-2020\\\/#breadcrumb\"},\"inLanguage\":\"ca\",\"potentialAction\":[{\"@type\":\"ReadAction\",\"target\":[\"https:\\\/\\\/abd.ong\\\/ca\\\/general-ca\\\/abd-aten-mes-de-125-000-persones-durant-el-2020\\\/\"]}]},{\"@type\":\"ImageObject\",\"inLanguage\":\"ca\",\"@id\":\"https:\\\/\\\/abd.ong\\\/ca\\\/general-ca\\\/abd-aten-mes-de-125-000-persones-durant-el-2020\\\/#primaryimage\",\"url\":\"https:\\\/\\\/abd.ong\\\/wp-content\\\/uploads\\\/2021\\\/05\\\/ABD_portada_Memo2020_web_1360x700.png\",\"contentUrl\":\"https:\\\/\\\/abd.ong\\\/wp-content\\\/uploads\\\/2021\\\/05\\\/ABD_portada_Memo2020_web_1360x700.png\",\"width\":1360,\"height\":701},{\"@type\":\"BreadcrumbList\",\"@id\":\"https:\\\/\\\/abd.ong\\\/ca\\\/general-ca\\\/abd-aten-mes-de-125-000-persones-durant-el-2020\\\/#breadcrumb\",\"itemListElement\":[{\"@type\":\"ListItem\",\"position\":1,\"name\":\"Inici\",\"item\":\"https:\\\/\\\/abd.ong\\\/ca\\\/\"},{\"@type\":\"ListItem\",\"position\":2,\"name\":\"ABD at\u00e9n m\u00e9s de 125.000 persones durant el 2020\"}]},{\"@type\":\"WebSite\",\"@id\":\"https:\\\/\\\/abd.ong\\\/ca\\\/#website\",\"url\":\"https:\\\/\\\/abd.ong\\\/ca\\\/\",\"name\":\"ABD\",\"description\":\"Asociaci\u00f3n Bienestar y Desarrollo\",\"publisher\":{\"@id\":\"https:\\\/\\\/abd.ong\\\/ca\\\/#organization\"},\"potentialAction\":[{\"@type\":\"SearchAction\",\"target\":{\"@type\":\"EntryPoint\",\"urlTemplate\":\"https:\\\/\\\/abd.ong\\\/ca\\\/?s={search_term_string}\"},\"query-input\":{\"@type\":\"PropertyValueSpecification\",\"valueRequired\":true,\"valueName\":\"search_term_string\"}}],\"inLanguage\":\"ca\"},{\"@type\":\"Organization\",\"@id\":\"https:\\\/\\\/abd.ong\\\/ca\\\/#organization\",\"name\":\"Associaci\u00f3 Benestar i Desenvolupament\",\"alternateName\":\"ABD\",\"url\":\"https:\\\/\\\/abd.ong\\\/ca\\\/\",\"logo\":{\"@type\":\"ImageObject\",\"inLanguage\":\"ca\",\"@id\":\"https:\\\/\\\/abd.ong\\\/ca\\\/#\\\/schema\\\/logo\\\/image\\\/\",\"url\":\"https:\\\/\\\/abd.ong\\\/wp-content\\\/uploads\\\/2023\\\/01\\\/Icona.png\",\"contentUrl\":\"https:\\\/\\\/abd.ong\\\/wp-content\\\/uploads\\\/2023\\\/01\\\/Icona.png\",\"width\":190,\"height\":187,\"caption\":\"Associaci\u00f3 Benestar i Desenvolupament\"},\"image\":{\"@id\":\"https:\\\/\\\/abd.ong\\\/ca\\\/#\\\/schema\\\/logo\\\/image\\\/\"},\"sameAs\":[\"https:\\\/\\\/www.facebook.com\\\/abd.ong\",\"https:\\\/\\\/x.com\\\/abd_ong\",\"https:\\\/\\\/www.instagram.com\\\/abd_ong\\\/\",\"https:\\\/\\\/www.linkedin.com\\\/company\\\/abdong\",\"https:\\\/\\\/www.youtube.com\\\/user\\\/CANALABD\"]},{\"@type\":\"Person\",\"@id\":\"https:\\\/\\\/abd.ong\\\/ca\\\/#\\\/schema\\\/person\\\/d0f5fe279a7ad908de6a6d1332bfd7d8\",\"name\":\"Enric Guinart\"}]}<\/script>\n<!-- \/ Yoast SEO plugin. -->","yoast_head_json":{"title":"ABD at\u00e9n m\u00e9s de 125.000 persones durant el 2020 - ABD","description":"Durant\u00a0 el 2020 des del Grup ABD hem at\u00e8s a 125.841 persones, un 7% m\u00e9s que al 2019. Aquesta tasca ha estat possible gr\u00e0cies a la feina de 1.551","robots":{"index":"index","follow":"follow","max-snippet":"max-snippet:-1","max-image-preview":"max-image-preview:large","max-video-preview":"max-video-preview:-1"},"canonical":"https:\/\/abd.ong\/ca\/general-ca\/abd-aten-mes-de-125-000-persones-durant-el-2020\/","og_locale":"ca_ES","og_type":"article","og_title":"ABD at\u00e9n m\u00e9s de 125.000 persones durant el 2020 - ABD","og_description":"Durant\u00a0 el 2020 des del Grup ABD hem at\u00e8s a 125.841 persones, un 7% m\u00e9s que al 2019. Aquesta tasca ha estat possible gr\u00e0cies a la feina de 1.551","og_url":"https:\/\/abd.ong\/ca\/general-ca\/abd-aten-mes-de-125-000-persones-durant-el-2020\/","og_site_name":"ABD","article_publisher":"https:\/\/www.facebook.com\/abd.ong","article_published_time":"2021-05-18T07:38:57+00:00","article_modified_time":"2021-05-18T15:20:37+00:00","og_image":[{"width":1360,"height":701,"url":"https:\/\/abd.ong\/wp-content\/uploads\/2021\/05\/ABD_portada_Memo2020_web_1360x700.png","type":"image\/png"}],"author":"Enric Guinart","twitter_card":"summary_large_image","twitter_creator":"@abd_ong","twitter_site":"@abd_ong","twitter_misc":{"Escrit per":"Enric Guinart","Temps estimat de lectura":"3 minuts"},"schema":{"@context":"https:\/\/schema.org","@graph":[{"@type":"Article","@id":"https:\/\/abd.ong\/ca\/general-ca\/abd-aten-mes-de-125-000-persones-durant-el-2020\/#article","isPartOf":{"@id":"https:\/\/abd.ong\/ca\/general-ca\/abd-aten-mes-de-125-000-persones-durant-el-2020\/"},"author":{"name":"Enric Guinart","@id":"https:\/\/abd.ong\/ca\/#\/schema\/person\/d0f5fe279a7ad908de6a6d1332bfd7d8"},"headline":"ABD at\u00e9n m\u00e9s de 125.000 persones durant el 2020","datePublished":"2021-05-18T07:38:57+00:00","dateModified":"2021-05-18T15:20:37+00:00","mainEntityOfPage":{"@id":"https:\/\/abd.ong\/ca\/general-ca\/abd-aten-mes-de-125-000-persones-durant-el-2020\/"},"wordCount":669,"publisher":{"@id":"https:\/\/abd.ong\/ca\/#organization"},"image":{"@id":"https:\/\/abd.ong\/ca\/general-ca\/abd-aten-mes-de-125-000-persones-durant-el-2020\/#primaryimage"},"thumbnailUrl":"https:\/\/abd.ong\/wp-content\/uploads\/2021\/05\/ABD_portada_Memo2020_web_1360x700.png","keywords":["Mem\u00f2ria ABD 2020","Memoria Associaci\u00f3 Benestar i Desenvolupament"],"articleSection":["Depend\u00e8ncia i gent gran","Desigualtat","Discapacitat intel\u00b7lectual","Donacions","Drogues i salut","General","Igualtat de g\u00e8nere","Inf\u00e0ncia i fam\u00edlia","Internacional","Joves","Pobreza energ\u00e9tica","Sostenibilitat","Voluntariat"],"inLanguage":"ca"},{"@type":"WebPage","@id":"https:\/\/abd.ong\/ca\/general-ca\/abd-aten-mes-de-125-000-persones-durant-el-2020\/","url":"https:\/\/abd.ong\/ca\/general-ca\/abd-aten-mes-de-125-000-persones-durant-el-2020\/","name":"ABD at\u00e9n m\u00e9s de 125.000 persones durant el 2020 - ABD","isPartOf":{"@id":"https:\/\/abd.ong\/ca\/#website"},"primaryImageOfPage":{"@id":"https:\/\/abd.ong\/ca\/general-ca\/abd-aten-mes-de-125-000-persones-durant-el-2020\/#primaryimage"},"image":{"@id":"https:\/\/abd.ong\/ca\/general-ca\/abd-aten-mes-de-125-000-persones-durant-el-2020\/#primaryimage"},"thumbnailUrl":"https:\/\/abd.ong\/wp-content\/uploads\/2021\/05\/ABD_portada_Memo2020_web_1360x700.png","datePublished":"2021-05-18T07:38:57+00:00","dateModified":"2021-05-18T15:20:37+00:00","description":"Durant\u00a0 el 2020 des del Grup ABD hem at\u00e8s a 125.841 persones, un 7% m\u00e9s que al 2019. Aquesta tasca ha estat possible gr\u00e0cies a la feina de 1.551","breadcrumb":{"@id":"https:\/\/abd.ong\/ca\/general-ca\/abd-aten-mes-de-125-000-persones-durant-el-2020\/#breadcrumb"},"inLanguage":"ca","potentialAction":[{"@type":"ReadAction","target":["https:\/\/abd.ong\/ca\/general-ca\/abd-aten-mes-de-125-000-persones-durant-el-2020\/"]}]},{"@type":"ImageObject","inLanguage":"ca","@id":"https:\/\/abd.ong\/ca\/general-ca\/abd-aten-mes-de-125-000-persones-durant-el-2020\/#primaryimage","url":"https:\/\/abd.ong\/wp-content\/uploads\/2021\/05\/ABD_portada_Memo2020_web_1360x700.png","contentUrl":"https:\/\/abd.ong\/wp-content\/uploads\/2021\/05\/ABD_portada_Memo2020_web_1360x700.png","width":1360,"height":701},{"@type":"BreadcrumbList","@id":"https:\/\/abd.ong\/ca\/general-ca\/abd-aten-mes-de-125-000-persones-durant-el-2020\/#breadcrumb","itemListElement":[{"@type":"ListItem","position":1,"name":"Inici","item":"https:\/\/abd.ong\/ca\/"},{"@type":"ListItem","position":2,"name":"ABD at\u00e9n m\u00e9s de 125.000 persones durant el 2020"}]},{"@type":"WebSite","@id":"https:\/\/abd.ong\/ca\/#website","url":"https:\/\/abd.ong\/ca\/","name":"ABD","description":"Asociaci\u00f3n Bienestar y Desarrollo","publisher":{"@id":"https:\/\/abd.ong\/ca\/#organization"},"potentialAction":[{"@type":"SearchAction","target":{"@type":"EntryPoint","urlTemplate":"https:\/\/abd.ong\/ca\/?s={search_term_string}"},"query-input":{"@type":"PropertyValueSpecification","valueRequired":true,"valueName":"search_term_string"}}],"inLanguage":"ca"},{"@type":"Organization","@id":"https:\/\/abd.ong\/ca\/#organization","name":"Associaci\u00f3 Benestar i Desenvolupament","alternateName":"ABD","url":"https:\/\/abd.ong\/ca\/","logo":{"@type":"ImageObject","inLanguage":"ca","@id":"https:\/\/abd.ong\/ca\/#\/schema\/logo\/image\/","url":"https:\/\/abd.ong\/wp-content\/uploads\/2023\/01\/Icona.png","contentUrl":"https:\/\/abd.ong\/wp-content\/uploads\/2023\/01\/Icona.png","width":190,"height":187,"caption":"Associaci\u00f3 Benestar i Desenvolupament"},"image":{"@id":"https:\/\/abd.ong\/ca\/#\/schema\/logo\/image\/"},"sameAs":["https:\/\/www.facebook.com\/abd.ong","https:\/\/x.com\/abd_ong","https:\/\/www.instagram.com\/abd_ong\/","https:\/\/www.linkedin.com\/company\/abdong","https:\/\/www.youtube.com\/user\/CANALABD"]},{"@type":"Person","@id":"https:\/\/abd.ong\/ca\/#\/schema\/person\/d0f5fe279a7ad908de6a6d1332bfd7d8","name":"Enric Guinart"}]}},"_links":{"self":[{"href":"https:\/\/abd.ong\/ca\/wp-json\/wp\/v2\/posts\/23421","targetHints":{"allow":["GET"]}}],"collection":[{"href":"https:\/\/abd.ong\/ca\/wp-json\/wp\/v2\/posts"}],"about":[{"href":"https:\/\/abd.ong\/ca\/wp-json\/wp\/v2\/types\/post"}],"author":[{"embeddable":true,"href":"https:\/\/abd.ong\/ca\/wp-json\/wp\/v2\/users\/2"}],"replies":[{"embeddable":true,"href":"https:\/\/abd.ong\/ca\/wp-json\/wp\/v2\/comments?post=23421"}],"version-history":[{"count":3,"href":"https:\/\/abd.ong\/ca\/wp-json\/wp\/v2\/posts\/23421\/revisions"}],"predecessor-version":[{"id":23450,"href":"https:\/\/abd.ong\/ca\/wp-json\/wp\/v2\/posts\/23421\/revisions\/23450"}],"wp:featuredmedia":[{"embeddable":true,"href":"https:\/\/abd.ong\/ca\/wp-json\/wp\/v2\/media\/23227"}],"wp:attachment":[{"href":"https:\/\/abd.ong\/ca\/wp-json\/wp\/v2\/media?parent=23421"}],"wp:term":[{"taxonomy":"category","embeddable":true,"href":"https:\/\/abd.ong\/ca\/wp-json\/wp\/v2\/categories?post=23421"},{"taxonomy":"post_tag","embeddable":true,"href":"https:\/\/abd.ong\/ca\/wp-json\/wp\/v2\/tags?post=23421"}],"curies":[{"name":"wp","href":"https:\/\/api.w.org\/{rel}","templated":true}]}}