{"id":22423,"date":"2021-04-14T09:25:17","date_gmt":"2021-04-14T07:25:17","guid":{"rendered":"https:\/\/abd.ong\/?p=22423"},"modified":"2022-11-08T09:49:34","modified_gmt":"2022-11-08T08:49:34","slug":"sexus-presenta-quina-nit-el-curt-audiovisual-per-promoure-sexualitats-lliures-de-violencies","status":"publish","type":"post","link":"https:\/\/abd.ong\/ca\/igualtat-de-genere\/sexus-presenta-quina-nit-el-curt-audiovisual-per-promoure-sexualitats-lliures-de-violencies\/","title":{"rendered":"Sexus presenta &#8216;Quina nit&#8217;, el curt audiovisual per promoure sexualitats lliures de viol\u00e8ncies"},"content":{"rendered":"\n<h2 class=\"wp-block-heading\"><b>Es tracta d&#8217;una campanya de sensibilitzaci\u00f3 dirigida a la poblaci\u00f3 jove per a desarticular estereotips, visibilitzar les viol\u00e8ncies i ressaltar el dret a la igualtat i a la no discriminaci\u00f3.<\/b><\/h2>\n\n\n\n<div style=\"height:55px\" aria-hidden=\"true\" class=\"wp-block-spacer\"><\/div>\n\n\n\n<p><span style=\"font-weight: 400;\">El projecte de <\/span><a href=\"http:\/\/abd.ong\/ca\"><span style=\"font-weight: 400;\">l&#8217;Associaci\u00f3 Benestar i Desenvolupament<\/span><\/a> <a href=\"http:\/\/sexus.org\"><b>Sexus<\/b><\/a><span style=\"font-weight: 400;\"> presenta una nova campanya dirigida a la poblaci\u00f3 adolescent i jove entre 18 i 35 anys per tractar i prevenir les viol\u00e8ncies masclistes que es produeixen en l&#8217;\u00e0mbit de les sexualitats i sensibilitzar sobre la diversitat sexual, afectiva i de g\u00e8nere.&nbsp;<\/span> &nbsp;<\/p>\n\n\n\n<p>Un grup de joves es reuneixen per fer una festa al pis d&#8217;una de les persones de el grup, all\u00ed es donen diferents situacions de viol\u00e8ncies masclistes i LGTBI+f\u00f2biques. Amb aquest argument a trav\u00e9s d&#8217;un curt audiovisual, s&#8217;aborden temes com els prejudicis, el consentiment, el desig, les ciberviol\u00e8ncies, el llenguatge i l&#8217;exercici de les viol\u00e8ncies. L&#8217;objectiu \u00e9s convidar a les persones joves a la reflexi\u00f3 per desarticular estereotips, ressaltar el dret a la igualtat i a la no discriminaci\u00f3, visibilitzar la diversitat sexual, afectiva i de g\u00e8nere i identificar les diferents viol\u00e8ncies per proposar estrat\u00e8gies de prevenci\u00f3. <\/p>\n\n\n\n<p><span style=\"font-weight: 400;\">La campanya compta amb el curt <em>Quina nit<\/em>, d&#8217;una durada de 15 minuts, que al seu torn es divideix en 6 c\u00e0psules i s&#8217;acompanya de material gr\u00e0fic i pedag\u00f2gic per treballar amb la poblaci\u00f3 jove. La proposta ha estat creada a trav\u00e9s de la col\u00b7laboraci\u00f3 entre SEXus, <\/span><a href=\"https:\/\/feminetas.com\/\"><span style=\"font-weight: 400;\">Femi\u00f1etas, <\/span><\/a><span style=\"font-weight: 400;\">L&#8217;Escletxa, <a href=\"https:\/\/www.instagram.com\/translocura\/\" target=\"_blank\" rel=\"noreferrer noopener\">Translocura<\/a> i un grup de joves que s&#8217;han implicat en el proc\u00e9s de creaci\u00f3 art\u00edstica.<\/span><\/p>\n\n\n\n<p>La presentaci\u00f3 es realitzar\u00e0<strong> dissabte 24 d&#8217;abril d&#8217;11:30 a 13 hores al Zumzeig Cinema Cooperativa de Barcelona<\/strong>. Comptar\u00e0 amb la projecci\u00f3 del curt, una taula rodona- debat sobre viol\u00e8ncies, sexualitats i joventut i un concert de Maio Serrasolsas en acabar. <a href=\"https:\/\/drive.google.com\/file\/d\/1H1580Q-RMTST31vBR9cVYXvgd1Utrf7_\/view?usp=sharing\" target=\"_blank\" rel=\"noreferrer noopener\">Consulta el programa<\/a>.<\/p>\n\n\n\n<p><span style=\"font-weight: 400;\">Per assistir-hi, cal reservar pla\u00e7a <\/span><b><a href=\"https:\/\/docs.google.com\/forms\/d\/e\/1FAIpQLSd74uMJYTbuqlax53WLrtCkxJz7oViTV7IaD0J53muHJedcDg\/viewform\" target=\"_blank\" rel=\"noreferrer noopener\">aqu\u00ed<\/a>.<\/b><\/p>\n\n\n\n<p>L&#8217;esdeveniment es podr\u00e0 seguir en streaming a trav\u00e9s del <a href=\"https:\/\/www.youtube.com\/channel\/UC1XUbP2lh6kK5qIjVZcF5CQ\" target=\"_blank\" rel=\"noreferrer noopener\">canal de Youtube de SEXus<\/a>.<\/p>\n\n\n\n<figure class=\"wp-block-embed aligncenter is-type-video is-provider-youtube wp-block-embed-youtube wp-embed-aspect-16-9 wp-has-aspect-ratio\"><div class=\"wp-block-embed__wrapper\">\n<iframe title=\"TEASER \u00a1Vaya Noche!\" width=\"500\" height=\"281\" src=\"https:\/\/www.youtube.com\/embed\/OVHarhNR8IQ?feature=oembed\" frameborder=\"0\" allow=\"accelerometer; autoplay; clipboard-write; encrypted-media; gyroscope; picture-in-picture; web-share\" referrerpolicy=\"strict-origin-when-cross-origin\" allowfullscreen><\/iframe>\n<\/div><\/figure>\n\n\n\n<div style=\"height:50px\" aria-hidden=\"true\" class=\"wp-block-spacer\"><\/div>\n\n\n\n<h4 class=\"wp-block-heading\">Sobre SEXus<\/h4>\n\n\n\n<p>Sexus \u00e9s un projecte de l&#8217;Associaci\u00f3 Benestar i Desenvolupament de promoci\u00f3 de la salut i educaci\u00f3 sexual des d&#8217;una perspectiva de g\u00e8nere i drets.<\/p>\n\n\n\n<p>Sexus vol abordar la sexualitat de forma integral i positiva, oferint una informaci\u00f3 objectiva, lliure de judicis morals, promovent l&#8217;autonomia i facilitant a la poblaci\u00f3 adolescent i jove la presa de decisions sobre la seva pr\u00f2pia vida sexual des d&#8217;una perspectiva feminista i tenint en compte les diverses opcions, orientacions sexuals, identitats i expressions de g\u00e8nere.<\/p>\n","protected":false},"excerpt":{"rendered":"<p>Es tracta d&#8217;una campanya de sensibilitzaci\u00f3 dirigida a la poblaci\u00f3 jove per a desarticular estereotips, visibilitzar les viol\u00e8ncies i ressaltar el dret a la igualtat i a la no discriminaci\u00f3.&hellip;<\/p>\n","protected":false},"author":9,"featured_media":22514,"comment_status":"closed","ping_status":"closed","sticky":false,"template":"","format":"standard","meta":{"_acf_changed":false,"footnotes":""},"categories":[1302,2304],"tags":[2264,2307,2259,2306,2308,2305],"class_list":["post-22423","post","type-post","status-publish","format-standard","has-post-thumbnail","hentry","category-igualtat-de-genere","category-joves-ca","tag-campanya-de-sensibilitzacio","tag-igualtat-ca-3","tag-sexualitats-ca","tag-sexus-ca","tag-violencia-de-genere-ca","tag-violencia-masclista"],"acf":[],"yoast_head":"<!-- This site is optimized with the Yoast SEO plugin v27.4 - https:\/\/yoast.com\/product\/yoast-seo-wordpress\/ -->\n<title>Sexus presenta &#039;Quina nit&#039;, el curt audiovisual per promoure sexualitats lliures de viol\u00e8ncies - ABD<\/title>\n<meta name=\"description\" content=\"Es tracta d&#039;una campanya de sensibilitzaci\u00f3 dirigida a la poblaci\u00f3 jove per a desarticular estereotips, visibilitzar les viol\u00e8ncies i ressaltar el dret a\" \/>\n<meta name=\"robots\" content=\"index, follow, max-snippet:-1, max-image-preview:large, max-video-preview:-1\" \/>\n<link rel=\"canonical\" href=\"https:\/\/abd.ong\/ca\/igualtat-de-genere\/sexus-presenta-quina-nit-el-curt-audiovisual-per-promoure-sexualitats-lliures-de-violencies\/\" \/>\n<meta property=\"og:locale\" content=\"ca_ES\" \/>\n<meta property=\"og:type\" content=\"article\" \/>\n<meta property=\"og:title\" content=\"Sexus presenta &#039;Quina nit&#039;, el curt audiovisual per promoure sexualitats lliures de viol\u00e8ncies - ABD\" \/>\n<meta property=\"og:description\" content=\"Es tracta d&#039;una campanya de sensibilitzaci\u00f3 dirigida a la poblaci\u00f3 jove per a desarticular estereotips, visibilitzar les viol\u00e8ncies i ressaltar el dret a\" \/>\n<meta property=\"og:url\" content=\"https:\/\/abd.ong\/ca\/igualtat-de-genere\/sexus-presenta-quina-nit-el-curt-audiovisual-per-promoure-sexualitats-lliures-de-violencies\/\" \/>\n<meta property=\"og:site_name\" content=\"ABD\" \/>\n<meta property=\"article:publisher\" content=\"https:\/\/www.facebook.com\/abd.ong\" \/>\n<meta property=\"article:published_time\" content=\"2021-04-14T07:25:17+00:00\" \/>\n<meta property=\"article:modified_time\" content=\"2022-11-08T08:49:34+00:00\" \/>\n<meta property=\"og:image\" content=\"https:\/\/abd.ong\/wp-content\/uploads\/2021\/04\/corto-e1618388060231.png\" \/>\n\t<meta property=\"og:image:width\" content=\"2048\" \/>\n\t<meta property=\"og:image:height\" content=\"2897\" \/>\n\t<meta property=\"og:image:type\" content=\"image\/png\" \/>\n<meta name=\"author\" content=\"Maria Creixell\" \/>\n<meta name=\"twitter:card\" content=\"summary_large_image\" \/>\n<meta name=\"twitter:creator\" content=\"@abd_ong\" \/>\n<meta name=\"twitter:site\" content=\"@abd_ong\" \/>\n<meta name=\"twitter:label1\" content=\"Escrit per\" \/>\n\t<meta name=\"twitter:data1\" content=\"Maria Creixell\" \/>\n\t<meta name=\"twitter:label2\" content=\"Temps estimat de lectura\" \/>\n\t<meta name=\"twitter:data2\" content=\"2 minuts\" \/>\n<script type=\"application\/ld+json\" class=\"yoast-schema-graph\">{\"@context\":\"https:\\\/\\\/schema.org\",\"@graph\":[{\"@type\":\"Article\",\"@id\":\"https:\\\/\\\/abd.ong\\\/ca\\\/igualtat-de-genere\\\/sexus-presenta-quina-nit-el-curt-audiovisual-per-promoure-sexualitats-lliures-de-violencies\\\/#article\",\"isPartOf\":{\"@id\":\"https:\\\/\\\/abd.ong\\\/ca\\\/igualtat-de-genere\\\/sexus-presenta-quina-nit-el-curt-audiovisual-per-promoure-sexualitats-lliures-de-violencies\\\/\"},\"author\":{\"name\":\"Maria Creixell\",\"@id\":\"https:\\\/\\\/abd.ong\\\/ca\\\/#\\\/schema\\\/person\\\/d2e158b4173f683b3898e286f5b35a10\"},\"headline\":\"Sexus presenta &#8216;Quina nit&#8217;, el curt audiovisual per promoure sexualitats lliures de viol\u00e8ncies\",\"datePublished\":\"2021-04-14T07:25:17+00:00\",\"dateModified\":\"2022-11-08T08:49:34+00:00\",\"mainEntityOfPage\":{\"@id\":\"https:\\\/\\\/abd.ong\\\/ca\\\/igualtat-de-genere\\\/sexus-presenta-quina-nit-el-curt-audiovisual-per-promoure-sexualitats-lliures-de-violencies\\\/\"},\"wordCount\":444,\"publisher\":{\"@id\":\"https:\\\/\\\/abd.ong\\\/ca\\\/#organization\"},\"image\":{\"@id\":\"https:\\\/\\\/abd.ong\\\/ca\\\/igualtat-de-genere\\\/sexus-presenta-quina-nit-el-curt-audiovisual-per-promoure-sexualitats-lliures-de-violencies\\\/#primaryimage\"},\"thumbnailUrl\":\"https:\\\/\\\/abd.ong\\\/wp-content\\\/uploads\\\/2021\\\/04\\\/corto-e1618388060231.png\",\"keywords\":[\"campanya de sensibilitzaci\u00f3\",\"igualtat\",\"sexualitats\",\"Sexus\",\"viol\u00e8ncia de g\u00e8nere\",\"viol\u00e8ncia masclista\"],\"articleSection\":[\"Igualtat de g\u00e8nere\",\"Joves\"],\"inLanguage\":\"ca\"},{\"@type\":\"WebPage\",\"@id\":\"https:\\\/\\\/abd.ong\\\/ca\\\/igualtat-de-genere\\\/sexus-presenta-quina-nit-el-curt-audiovisual-per-promoure-sexualitats-lliures-de-violencies\\\/\",\"url\":\"https:\\\/\\\/abd.ong\\\/ca\\\/igualtat-de-genere\\\/sexus-presenta-quina-nit-el-curt-audiovisual-per-promoure-sexualitats-lliures-de-violencies\\\/\",\"name\":\"Sexus presenta 'Quina nit', el curt audiovisual per promoure sexualitats lliures de viol\u00e8ncies - ABD\",\"isPartOf\":{\"@id\":\"https:\\\/\\\/abd.ong\\\/ca\\\/#website\"},\"primaryImageOfPage\":{\"@id\":\"https:\\\/\\\/abd.ong\\\/ca\\\/igualtat-de-genere\\\/sexus-presenta-quina-nit-el-curt-audiovisual-per-promoure-sexualitats-lliures-de-violencies\\\/#primaryimage\"},\"image\":{\"@id\":\"https:\\\/\\\/abd.ong\\\/ca\\\/igualtat-de-genere\\\/sexus-presenta-quina-nit-el-curt-audiovisual-per-promoure-sexualitats-lliures-de-violencies\\\/#primaryimage\"},\"thumbnailUrl\":\"https:\\\/\\\/abd.ong\\\/wp-content\\\/uploads\\\/2021\\\/04\\\/corto-e1618388060231.png\",\"datePublished\":\"2021-04-14T07:25:17+00:00\",\"dateModified\":\"2022-11-08T08:49:34+00:00\",\"description\":\"Es tracta d'una campanya de sensibilitzaci\u00f3 dirigida a la poblaci\u00f3 jove per a desarticular estereotips, visibilitzar les viol\u00e8ncies i ressaltar el dret a\",\"breadcrumb\":{\"@id\":\"https:\\\/\\\/abd.ong\\\/ca\\\/igualtat-de-genere\\\/sexus-presenta-quina-nit-el-curt-audiovisual-per-promoure-sexualitats-lliures-de-violencies\\\/#breadcrumb\"},\"inLanguage\":\"ca\",\"potentialAction\":[{\"@type\":\"ReadAction\",\"target\":[\"https:\\\/\\\/abd.ong\\\/ca\\\/igualtat-de-genere\\\/sexus-presenta-quina-nit-el-curt-audiovisual-per-promoure-sexualitats-lliures-de-violencies\\\/\"]}]},{\"@type\":\"ImageObject\",\"inLanguage\":\"ca\",\"@id\":\"https:\\\/\\\/abd.ong\\\/ca\\\/igualtat-de-genere\\\/sexus-presenta-quina-nit-el-curt-audiovisual-per-promoure-sexualitats-lliures-de-violencies\\\/#primaryimage\",\"url\":\"https:\\\/\\\/abd.ong\\\/wp-content\\\/uploads\\\/2021\\\/04\\\/corto-e1618388060231.png\",\"contentUrl\":\"https:\\\/\\\/abd.ong\\\/wp-content\\\/uploads\\\/2021\\\/04\\\/corto-e1618388060231.png\",\"width\":2048,\"height\":2897},{\"@type\":\"BreadcrumbList\",\"@id\":\"https:\\\/\\\/abd.ong\\\/ca\\\/igualtat-de-genere\\\/sexus-presenta-quina-nit-el-curt-audiovisual-per-promoure-sexualitats-lliures-de-violencies\\\/#breadcrumb\",\"itemListElement\":[{\"@type\":\"ListItem\",\"position\":1,\"name\":\"Inici\",\"item\":\"https:\\\/\\\/abd.ong\\\/ca\\\/\"},{\"@type\":\"ListItem\",\"position\":2,\"name\":\"Sexus presenta &#8216;Quina nit&#8217;, el curt audiovisual per promoure sexualitats lliures de viol\u00e8ncies\"}]},{\"@type\":\"WebSite\",\"@id\":\"https:\\\/\\\/abd.ong\\\/ca\\\/#website\",\"url\":\"https:\\\/\\\/abd.ong\\\/ca\\\/\",\"name\":\"ABD\",\"description\":\"Asociaci\u00f3n Bienestar y Desarrollo\",\"publisher\":{\"@id\":\"https:\\\/\\\/abd.ong\\\/ca\\\/#organization\"},\"potentialAction\":[{\"@type\":\"SearchAction\",\"target\":{\"@type\":\"EntryPoint\",\"urlTemplate\":\"https:\\\/\\\/abd.ong\\\/ca\\\/?s={search_term_string}\"},\"query-input\":{\"@type\":\"PropertyValueSpecification\",\"valueRequired\":true,\"valueName\":\"search_term_string\"}}],\"inLanguage\":\"ca\"},{\"@type\":\"Organization\",\"@id\":\"https:\\\/\\\/abd.ong\\\/ca\\\/#organization\",\"name\":\"Associaci\u00f3 Benestar i Desenvolupament\",\"alternateName\":\"ABD\",\"url\":\"https:\\\/\\\/abd.ong\\\/ca\\\/\",\"logo\":{\"@type\":\"ImageObject\",\"inLanguage\":\"ca\",\"@id\":\"https:\\\/\\\/abd.ong\\\/ca\\\/#\\\/schema\\\/logo\\\/image\\\/\",\"url\":\"https:\\\/\\\/abd.ong\\\/wp-content\\\/uploads\\\/2023\\\/01\\\/Icona.png\",\"contentUrl\":\"https:\\\/\\\/abd.ong\\\/wp-content\\\/uploads\\\/2023\\\/01\\\/Icona.png\",\"width\":190,\"height\":187,\"caption\":\"Associaci\u00f3 Benestar i Desenvolupament\"},\"image\":{\"@id\":\"https:\\\/\\\/abd.ong\\\/ca\\\/#\\\/schema\\\/logo\\\/image\\\/\"},\"sameAs\":[\"https:\\\/\\\/www.facebook.com\\\/abd.ong\",\"https:\\\/\\\/x.com\\\/abd_ong\",\"https:\\\/\\\/www.instagram.com\\\/abd_ong\\\/\",\"https:\\\/\\\/www.linkedin.com\\\/company\\\/abdong\",\"https:\\\/\\\/www.youtube.com\\\/user\\\/CANALABD\"]},{\"@type\":\"Person\",\"@id\":\"https:\\\/\\\/abd.ong\\\/ca\\\/#\\\/schema\\\/person\\\/d2e158b4173f683b3898e286f5b35a10\",\"name\":\"Maria Creixell\"}]}<\/script>\n<!-- \/ Yoast SEO plugin. -->","yoast_head_json":{"title":"Sexus presenta 'Quina nit', el curt audiovisual per promoure sexualitats lliures de viol\u00e8ncies - ABD","description":"Es tracta d'una campanya de sensibilitzaci\u00f3 dirigida a la poblaci\u00f3 jove per a desarticular estereotips, visibilitzar les viol\u00e8ncies i ressaltar el dret a","robots":{"index":"index","follow":"follow","max-snippet":"max-snippet:-1","max-image-preview":"max-image-preview:large","max-video-preview":"max-video-preview:-1"},"canonical":"https:\/\/abd.ong\/ca\/igualtat-de-genere\/sexus-presenta-quina-nit-el-curt-audiovisual-per-promoure-sexualitats-lliures-de-violencies\/","og_locale":"ca_ES","og_type":"article","og_title":"Sexus presenta 'Quina nit', el curt audiovisual per promoure sexualitats lliures de viol\u00e8ncies - ABD","og_description":"Es tracta d'una campanya de sensibilitzaci\u00f3 dirigida a la poblaci\u00f3 jove per a desarticular estereotips, visibilitzar les viol\u00e8ncies i ressaltar el dret a","og_url":"https:\/\/abd.ong\/ca\/igualtat-de-genere\/sexus-presenta-quina-nit-el-curt-audiovisual-per-promoure-sexualitats-lliures-de-violencies\/","og_site_name":"ABD","article_publisher":"https:\/\/www.facebook.com\/abd.ong","article_published_time":"2021-04-14T07:25:17+00:00","article_modified_time":"2022-11-08T08:49:34+00:00","og_image":[{"width":2048,"height":2897,"url":"https:\/\/abd.ong\/wp-content\/uploads\/2021\/04\/corto-e1618388060231.png","type":"image\/png"}],"author":"Maria Creixell","twitter_card":"summary_large_image","twitter_creator":"@abd_ong","twitter_site":"@abd_ong","twitter_misc":{"Escrit per":"Maria Creixell","Temps estimat de lectura":"2 minuts"},"schema":{"@context":"https:\/\/schema.org","@graph":[{"@type":"Article","@id":"https:\/\/abd.ong\/ca\/igualtat-de-genere\/sexus-presenta-quina-nit-el-curt-audiovisual-per-promoure-sexualitats-lliures-de-violencies\/#article","isPartOf":{"@id":"https:\/\/abd.ong\/ca\/igualtat-de-genere\/sexus-presenta-quina-nit-el-curt-audiovisual-per-promoure-sexualitats-lliures-de-violencies\/"},"author":{"name":"Maria Creixell","@id":"https:\/\/abd.ong\/ca\/#\/schema\/person\/d2e158b4173f683b3898e286f5b35a10"},"headline":"Sexus presenta &#8216;Quina nit&#8217;, el curt audiovisual per promoure sexualitats lliures de viol\u00e8ncies","datePublished":"2021-04-14T07:25:17+00:00","dateModified":"2022-11-08T08:49:34+00:00","mainEntityOfPage":{"@id":"https:\/\/abd.ong\/ca\/igualtat-de-genere\/sexus-presenta-quina-nit-el-curt-audiovisual-per-promoure-sexualitats-lliures-de-violencies\/"},"wordCount":444,"publisher":{"@id":"https:\/\/abd.ong\/ca\/#organization"},"image":{"@id":"https:\/\/abd.ong\/ca\/igualtat-de-genere\/sexus-presenta-quina-nit-el-curt-audiovisual-per-promoure-sexualitats-lliures-de-violencies\/#primaryimage"},"thumbnailUrl":"https:\/\/abd.ong\/wp-content\/uploads\/2021\/04\/corto-e1618388060231.png","keywords":["campanya de sensibilitzaci\u00f3","igualtat","sexualitats","Sexus","viol\u00e8ncia de g\u00e8nere","viol\u00e8ncia masclista"],"articleSection":["Igualtat de g\u00e8nere","Joves"],"inLanguage":"ca"},{"@type":"WebPage","@id":"https:\/\/abd.ong\/ca\/igualtat-de-genere\/sexus-presenta-quina-nit-el-curt-audiovisual-per-promoure-sexualitats-lliures-de-violencies\/","url":"https:\/\/abd.ong\/ca\/igualtat-de-genere\/sexus-presenta-quina-nit-el-curt-audiovisual-per-promoure-sexualitats-lliures-de-violencies\/","name":"Sexus presenta 'Quina nit', el curt audiovisual per promoure sexualitats lliures de viol\u00e8ncies - ABD","isPartOf":{"@id":"https:\/\/abd.ong\/ca\/#website"},"primaryImageOfPage":{"@id":"https:\/\/abd.ong\/ca\/igualtat-de-genere\/sexus-presenta-quina-nit-el-curt-audiovisual-per-promoure-sexualitats-lliures-de-violencies\/#primaryimage"},"image":{"@id":"https:\/\/abd.ong\/ca\/igualtat-de-genere\/sexus-presenta-quina-nit-el-curt-audiovisual-per-promoure-sexualitats-lliures-de-violencies\/#primaryimage"},"thumbnailUrl":"https:\/\/abd.ong\/wp-content\/uploads\/2021\/04\/corto-e1618388060231.png","datePublished":"2021-04-14T07:25:17+00:00","dateModified":"2022-11-08T08:49:34+00:00","description":"Es tracta d'una campanya de sensibilitzaci\u00f3 dirigida a la poblaci\u00f3 jove per a desarticular estereotips, visibilitzar les viol\u00e8ncies i ressaltar el dret a","breadcrumb":{"@id":"https:\/\/abd.ong\/ca\/igualtat-de-genere\/sexus-presenta-quina-nit-el-curt-audiovisual-per-promoure-sexualitats-lliures-de-violencies\/#breadcrumb"},"inLanguage":"ca","potentialAction":[{"@type":"ReadAction","target":["https:\/\/abd.ong\/ca\/igualtat-de-genere\/sexus-presenta-quina-nit-el-curt-audiovisual-per-promoure-sexualitats-lliures-de-violencies\/"]}]},{"@type":"ImageObject","inLanguage":"ca","@id":"https:\/\/abd.ong\/ca\/igualtat-de-genere\/sexus-presenta-quina-nit-el-curt-audiovisual-per-promoure-sexualitats-lliures-de-violencies\/#primaryimage","url":"https:\/\/abd.ong\/wp-content\/uploads\/2021\/04\/corto-e1618388060231.png","contentUrl":"https:\/\/abd.ong\/wp-content\/uploads\/2021\/04\/corto-e1618388060231.png","width":2048,"height":2897},{"@type":"BreadcrumbList","@id":"https:\/\/abd.ong\/ca\/igualtat-de-genere\/sexus-presenta-quina-nit-el-curt-audiovisual-per-promoure-sexualitats-lliures-de-violencies\/#breadcrumb","itemListElement":[{"@type":"ListItem","position":1,"name":"Inici","item":"https:\/\/abd.ong\/ca\/"},{"@type":"ListItem","position":2,"name":"Sexus presenta &#8216;Quina nit&#8217;, el curt audiovisual per promoure sexualitats lliures de viol\u00e8ncies"}]},{"@type":"WebSite","@id":"https:\/\/abd.ong\/ca\/#website","url":"https:\/\/abd.ong\/ca\/","name":"ABD","description":"Asociaci\u00f3n Bienestar y Desarrollo","publisher":{"@id":"https:\/\/abd.ong\/ca\/#organization"},"potentialAction":[{"@type":"SearchAction","target":{"@type":"EntryPoint","urlTemplate":"https:\/\/abd.ong\/ca\/?s={search_term_string}"},"query-input":{"@type":"PropertyValueSpecification","valueRequired":true,"valueName":"search_term_string"}}],"inLanguage":"ca"},{"@type":"Organization","@id":"https:\/\/abd.ong\/ca\/#organization","name":"Associaci\u00f3 Benestar i Desenvolupament","alternateName":"ABD","url":"https:\/\/abd.ong\/ca\/","logo":{"@type":"ImageObject","inLanguage":"ca","@id":"https:\/\/abd.ong\/ca\/#\/schema\/logo\/image\/","url":"https:\/\/abd.ong\/wp-content\/uploads\/2023\/01\/Icona.png","contentUrl":"https:\/\/abd.ong\/wp-content\/uploads\/2023\/01\/Icona.png","width":190,"height":187,"caption":"Associaci\u00f3 Benestar i Desenvolupament"},"image":{"@id":"https:\/\/abd.ong\/ca\/#\/schema\/logo\/image\/"},"sameAs":["https:\/\/www.facebook.com\/abd.ong","https:\/\/x.com\/abd_ong","https:\/\/www.instagram.com\/abd_ong\/","https:\/\/www.linkedin.com\/company\/abdong","https:\/\/www.youtube.com\/user\/CANALABD"]},{"@type":"Person","@id":"https:\/\/abd.ong\/ca\/#\/schema\/person\/d2e158b4173f683b3898e286f5b35a10","name":"Maria Creixell"}]}},"_links":{"self":[{"href":"https:\/\/abd.ong\/ca\/wp-json\/wp\/v2\/posts\/22423","targetHints":{"allow":["GET"]}}],"collection":[{"href":"https:\/\/abd.ong\/ca\/wp-json\/wp\/v2\/posts"}],"about":[{"href":"https:\/\/abd.ong\/ca\/wp-json\/wp\/v2\/types\/post"}],"author":[{"embeddable":true,"href":"https:\/\/abd.ong\/ca\/wp-json\/wp\/v2\/users\/9"}],"replies":[{"embeddable":true,"href":"https:\/\/abd.ong\/ca\/wp-json\/wp\/v2\/comments?post=22423"}],"version-history":[{"count":3,"href":"https:\/\/abd.ong\/ca\/wp-json\/wp\/v2\/posts\/22423\/revisions"}],"predecessor-version":[{"id":22548,"href":"https:\/\/abd.ong\/ca\/wp-json\/wp\/v2\/posts\/22423\/revisions\/22548"}],"wp:featuredmedia":[{"embeddable":true,"href":"https:\/\/abd.ong\/ca\/wp-json\/wp\/v2\/media\/22514"}],"wp:attachment":[{"href":"https:\/\/abd.ong\/ca\/wp-json\/wp\/v2\/media?parent=22423"}],"wp:term":[{"taxonomy":"category","embeddable":true,"href":"https:\/\/abd.ong\/ca\/wp-json\/wp\/v2\/categories?post=22423"},{"taxonomy":"post_tag","embeddable":true,"href":"https:\/\/abd.ong\/ca\/wp-json\/wp\/v2\/tags?post=22423"}],"curies":[{"name":"wp","href":"https:\/\/api.w.org\/{rel}","templated":true}]}}