{"id":21308,"date":"2021-03-09T08:35:35","date_gmt":"2021-03-09T07:35:35","guid":{"rendered":"https:\/\/abd.ong\/?p=21308"},"modified":"2021-03-09T10:52:39","modified_gmt":"2021-03-09T09:52:39","slug":"el-projecte-eldcare-dabd-per-a-lalfabetitzacio-digital-per-a-les-persones-grans-es-seleccionat-a-la-ix-convocatoria-anual-dajudes-a-projectes-daccio-social-de-la-fundacio-mutua-madrilena","status":"publish","type":"post","link":"https:\/\/abd.ong\/ca\/dependencia-i-gent-gran\/el-projecte-eldcare-dabd-per-a-lalfabetitzacio-digital-per-a-les-persones-grans-es-seleccionat-a-la-ix-convocatoria-anual-dajudes-a-projectes-daccio-social-de-la-fundacio-mutua-madrilena\/","title":{"rendered":"El projecte Eldcare d&#8217;ABD, per a l&#8217;alfabetitzaci\u00f3 digital per a les persones grans, \u00e9s seleccionat a la &#8216;IX Convocat\u00f2ria Anual d&#8217;Ajudes a Projectes d&#8217;Acci\u00f3 Social&#8217; de la Fundaci\u00f3 Mutua Madrile\u00f1a"},"content":{"rendered":"\n<p>El projecte Eldcare, per a l&#8217;alfabetitzaci\u00f3 digital per a persones grans que impulsa l&#8217;<strong><a href=\"https:\/\/abd.ong\/ca\/\">Associaci\u00f3 Benestar i Desenvolupament ABD,<\/a><\/strong> ha estat una de les 36 iniciatives seleccionades per la <a href=\"https:\/\/www.fundacionmutua.es\/\"><strong>Fundaci\u00f3 Mutua Madrile\u00f1a<\/strong><\/a> en el marc de la<a href=\"https:\/\/www.fundacionmutua.es\/actualidad\/noticias\/convocatoria-ayudas-sociales-2020-resolucion\/\"> &#8216;IX Convocat\u00f2ria Anual d&#8217;Ajudes a Projectes d&#8217;Acci\u00f3 Social&#8217;<\/a> en qu\u00e8 s&#8217;havien presentat m\u00e9s de 800 projectes.<\/p>\n\n\n\n<p>En concret, ABD ha estat seleccionada dins la categoria <em>&#8216;Seq\u00fceles socials i econ\u00f2miques COVID-19&#8217;<\/em> i rebr\u00e0 una ajuda que anir\u00e0 adre\u00e7ada a el <strong>projecte d&#8217;alfabetitzaci\u00f3 digital de les persones grans a trav\u00e9s d&#8217;un dispositiu tecnol\u00f2gic anomenat Eldcare<\/strong>. La iniciativa est\u00e0 destinada a les persones grans que viuen soles i tenen risc de patir situacions d&#8217;a\u00efllament o soledat no desitjada.<\/p>\n\n\n\n<div style=\"height:25px\" aria-hidden=\"true\" class=\"wp-block-spacer\"><\/div>\n\n\n\n<h4 class=\"wp-block-heading\">Minimitzar l&#8217;impacte de la soledat no desitjada<\/h4>\n\n\n\n<div style=\"height:25px\" aria-hidden=\"true\" class=\"wp-block-spacer\"><\/div>\n\n\n\n<p><strong>L&#8217;objectiu \u00e9s impulsar l&#8217;apoderament de la gent gran en l&#8217;\u00fas de les noves tecnologies, aix\u00ed com contribuir a democratitzar el seu acc\u00e9s a la informaci\u00f3 a trav\u00e9s d&#8217;aquestes. El projecte es desplegar\u00e0 aquest 2021 a Madrid, Barcelona i Val\u00e8ncia<\/strong> i vol aconseguir que les persones que estan soles puguin comunicar-se amb el seu entorn, minimitzant l&#8217;impacte de la solitud i salvant les dist\u00e0ncies geogr\u00e0fiques i socials derivades de la pand\u00e8mia per COVID-19.<\/p>\n\n\n\n<p>Totes les iniciatives benefici\u00e0ries de la Fundaci\u00f3 Mutua Madrile\u00f1a estan encaminades a millorar la qualitat de vida de diversos col\u00b7lectius vulnerables, dins i fora d&#8217;Espanya i tindran un impacte positiu directe en m\u00e9s de 22.000 persones.<\/p>\n","protected":false},"excerpt":{"rendered":"<p>El projecte Eldcare, per a l&#8217;alfabetitzaci\u00f3 digital per a persones grans que impulsa l&#8217;Associaci\u00f3 Benestar i Desenvolupament ABD, ha estat una de les 36 iniciatives seleccionades per la Fundaci\u00f3 Mutua&hellip;<\/p>\n","protected":false},"author":2,"featured_media":21290,"comment_status":"closed","ping_status":"closed","sticky":false,"template":"","format":"standard","meta":{"_acf_changed":false,"footnotes":""},"categories":[1298,66],"tags":[2270,2269,2267,2268],"class_list":["post-21308","post","type-post","status-publish","format-standard","has-post-thumbnail","hentry","category-dependencia-i-gent-gran","category-general-ca","tag-alfabetitzacio-digital-de-les-persones-grans","tag-eldcare-ca","tag-persones-grans-ca","tag-soledat-no-desitjada-ca"],"acf":[],"yoast_head":"<!-- This site is optimized with the Yoast SEO plugin v27.4 - https:\/\/yoast.com\/product\/yoast-seo-wordpress\/ -->\n<title>El projecte Eldcare d&#039;ABD, per a l&#039;alfabetitzaci\u00f3 digital per a les persones grans, \u00e9s seleccionat a la &#039;IX Convocat\u00f2ria Anual d&#039;Ajudes a Projectes d&#039;Acci\u00f3 Social&#039; de la Fundaci\u00f3 Mutua Madrile\u00f1a - ABD<\/title>\n<meta name=\"description\" content=\"El projecte Eldcare, per a l&#039;alfabetitzaci\u00f3 digital per a persones grans que impulsa l&#039;Associaci\u00f3 Benestar i Desenvolupament ABD, ha estat una de les 36\" \/>\n<meta name=\"robots\" content=\"index, follow, max-snippet:-1, max-image-preview:large, max-video-preview:-1\" \/>\n<link rel=\"canonical\" href=\"https:\/\/abd.ong\/ca\/dependencia-i-gent-gran\/el-projecte-eldcare-dabd-per-a-lalfabetitzacio-digital-per-a-les-persones-grans-es-seleccionat-a-la-ix-convocatoria-anual-dajudes-a-projectes-daccio-social-de-la-fundacio-mutua-madrilena\/\" \/>\n<meta property=\"og:locale\" content=\"ca_ES\" \/>\n<meta property=\"og:type\" content=\"article\" \/>\n<meta property=\"og:title\" content=\"El projecte Eldcare d&#039;ABD, per a l&#039;alfabetitzaci\u00f3 digital per a les persones grans, \u00e9s seleccionat a la &#039;IX Convocat\u00f2ria Anual d&#039;Ajudes a Projectes d&#039;Acci\u00f3 Social&#039; de la Fundaci\u00f3 Mutua Madrile\u00f1a - ABD\" \/>\n<meta property=\"og:description\" content=\"El projecte Eldcare, per a l&#039;alfabetitzaci\u00f3 digital per a persones grans que impulsa l&#039;Associaci\u00f3 Benestar i Desenvolupament ABD, ha estat una de les 36\" \/>\n<meta property=\"og:url\" content=\"https:\/\/abd.ong\/ca\/dependencia-i-gent-gran\/el-projecte-eldcare-dabd-per-a-lalfabetitzacio-digital-per-a-les-persones-grans-es-seleccionat-a-la-ix-convocatoria-anual-dajudes-a-projectes-daccio-social-de-la-fundacio-mutua-madrilena\/\" \/>\n<meta property=\"og:site_name\" content=\"ABD\" \/>\n<meta property=\"article:publisher\" content=\"https:\/\/www.facebook.com\/abd.ong\" \/>\n<meta property=\"article:published_time\" content=\"2021-03-09T07:35:35+00:00\" \/>\n<meta property=\"article:modified_time\" content=\"2021-03-09T09:52:39+00:00\" \/>\n<meta property=\"og:image\" content=\"https:\/\/abd.ong\/wp-content\/uploads\/2021\/03\/9LOGO_FMM_AYUDAS.jpg\" \/>\n\t<meta property=\"og:image:width\" content=\"1286\" \/>\n\t<meta property=\"og:image:height\" content=\"703\" \/>\n\t<meta property=\"og:image:type\" content=\"image\/jpeg\" \/>\n<meta name=\"author\" content=\"Enric Guinart\" \/>\n<meta name=\"twitter:card\" content=\"summary_large_image\" \/>\n<meta name=\"twitter:creator\" content=\"@abd_ong\" \/>\n<meta name=\"twitter:site\" content=\"@abd_ong\" \/>\n<meta name=\"twitter:label1\" content=\"Escrit per\" \/>\n\t<meta name=\"twitter:data1\" content=\"Enric Guinart\" \/>\n\t<meta name=\"twitter:label2\" content=\"Temps estimat de lectura\" \/>\n\t<meta name=\"twitter:data2\" content=\"1 minut\" \/>\n<script type=\"application\/ld+json\" class=\"yoast-schema-graph\">{\"@context\":\"https:\\\/\\\/schema.org\",\"@graph\":[{\"@type\":\"Article\",\"@id\":\"https:\\\/\\\/abd.ong\\\/ca\\\/dependencia-i-gent-gran\\\/el-projecte-eldcare-dabd-per-a-lalfabetitzacio-digital-per-a-les-persones-grans-es-seleccionat-a-la-ix-convocatoria-anual-dajudes-a-projectes-daccio-social-de-la-fundacio-mutua-madrilena\\\/#article\",\"isPartOf\":{\"@id\":\"https:\\\/\\\/abd.ong\\\/ca\\\/dependencia-i-gent-gran\\\/el-projecte-eldcare-dabd-per-a-lalfabetitzacio-digital-per-a-les-persones-grans-es-seleccionat-a-la-ix-convocatoria-anual-dajudes-a-projectes-daccio-social-de-la-fundacio-mutua-madrilena\\\/\"},\"author\":{\"name\":\"Enric Guinart\",\"@id\":\"https:\\\/\\\/abd.ong\\\/ca\\\/#\\\/schema\\\/person\\\/d0f5fe279a7ad908de6a6d1332bfd7d8\"},\"headline\":\"El projecte Eldcare d&#8217;ABD, per a l&#8217;alfabetitzaci\u00f3 digital per a les persones grans, \u00e9s seleccionat a la &#8216;IX Convocat\u00f2ria Anual d&#8217;Ajudes a Projectes d&#8217;Acci\u00f3 Social&#8217; de la Fundaci\u00f3 Mutua Madrile\u00f1a\",\"datePublished\":\"2021-03-09T07:35:35+00:00\",\"dateModified\":\"2021-03-09T09:52:39+00:00\",\"mainEntityOfPage\":{\"@id\":\"https:\\\/\\\/abd.ong\\\/ca\\\/dependencia-i-gent-gran\\\/el-projecte-eldcare-dabd-per-a-lalfabetitzacio-digital-per-a-les-persones-grans-es-seleccionat-a-la-ix-convocatoria-anual-dajudes-a-projectes-daccio-social-de-la-fundacio-mutua-madrilena\\\/\"},\"wordCount\":292,\"publisher\":{\"@id\":\"https:\\\/\\\/abd.ong\\\/ca\\\/#organization\"},\"image\":{\"@id\":\"https:\\\/\\\/abd.ong\\\/ca\\\/dependencia-i-gent-gran\\\/el-projecte-eldcare-dabd-per-a-lalfabetitzacio-digital-per-a-les-persones-grans-es-seleccionat-a-la-ix-convocatoria-anual-dajudes-a-projectes-daccio-social-de-la-fundacio-mutua-madrilena\\\/#primaryimage\"},\"thumbnailUrl\":\"https:\\\/\\\/abd.ong\\\/wp-content\\\/uploads\\\/2021\\\/03\\\/9LOGO_FMM_AYUDAS.jpg\",\"keywords\":[\"alfabetitzaci\u00f3 digital de les persones grans\",\"Eldcare\",\"persones grans\",\"soledat no desitjada\"],\"articleSection\":[\"Depend\u00e8ncia i gent gran\",\"General\"],\"inLanguage\":\"ca\"},{\"@type\":\"WebPage\",\"@id\":\"https:\\\/\\\/abd.ong\\\/ca\\\/dependencia-i-gent-gran\\\/el-projecte-eldcare-dabd-per-a-lalfabetitzacio-digital-per-a-les-persones-grans-es-seleccionat-a-la-ix-convocatoria-anual-dajudes-a-projectes-daccio-social-de-la-fundacio-mutua-madrilena\\\/\",\"url\":\"https:\\\/\\\/abd.ong\\\/ca\\\/dependencia-i-gent-gran\\\/el-projecte-eldcare-dabd-per-a-lalfabetitzacio-digital-per-a-les-persones-grans-es-seleccionat-a-la-ix-convocatoria-anual-dajudes-a-projectes-daccio-social-de-la-fundacio-mutua-madrilena\\\/\",\"name\":\"El projecte Eldcare d'ABD, per a l'alfabetitzaci\u00f3 digital per a les persones grans, \u00e9s seleccionat a la 'IX Convocat\u00f2ria Anual d'Ajudes a Projectes d'Acci\u00f3 Social' de la Fundaci\u00f3 Mutua Madrile\u00f1a - ABD\",\"isPartOf\":{\"@id\":\"https:\\\/\\\/abd.ong\\\/ca\\\/#website\"},\"primaryImageOfPage\":{\"@id\":\"https:\\\/\\\/abd.ong\\\/ca\\\/dependencia-i-gent-gran\\\/el-projecte-eldcare-dabd-per-a-lalfabetitzacio-digital-per-a-les-persones-grans-es-seleccionat-a-la-ix-convocatoria-anual-dajudes-a-projectes-daccio-social-de-la-fundacio-mutua-madrilena\\\/#primaryimage\"},\"image\":{\"@id\":\"https:\\\/\\\/abd.ong\\\/ca\\\/dependencia-i-gent-gran\\\/el-projecte-eldcare-dabd-per-a-lalfabetitzacio-digital-per-a-les-persones-grans-es-seleccionat-a-la-ix-convocatoria-anual-dajudes-a-projectes-daccio-social-de-la-fundacio-mutua-madrilena\\\/#primaryimage\"},\"thumbnailUrl\":\"https:\\\/\\\/abd.ong\\\/wp-content\\\/uploads\\\/2021\\\/03\\\/9LOGO_FMM_AYUDAS.jpg\",\"datePublished\":\"2021-03-09T07:35:35+00:00\",\"dateModified\":\"2021-03-09T09:52:39+00:00\",\"description\":\"El projecte Eldcare, per a l'alfabetitzaci\u00f3 digital per a persones grans que impulsa l'Associaci\u00f3 Benestar i Desenvolupament ABD, ha estat una de les 36\",\"breadcrumb\":{\"@id\":\"https:\\\/\\\/abd.ong\\\/ca\\\/dependencia-i-gent-gran\\\/el-projecte-eldcare-dabd-per-a-lalfabetitzacio-digital-per-a-les-persones-grans-es-seleccionat-a-la-ix-convocatoria-anual-dajudes-a-projectes-daccio-social-de-la-fundacio-mutua-madrilena\\\/#breadcrumb\"},\"inLanguage\":\"ca\",\"potentialAction\":[{\"@type\":\"ReadAction\",\"target\":[\"https:\\\/\\\/abd.ong\\\/ca\\\/dependencia-i-gent-gran\\\/el-projecte-eldcare-dabd-per-a-lalfabetitzacio-digital-per-a-les-persones-grans-es-seleccionat-a-la-ix-convocatoria-anual-dajudes-a-projectes-daccio-social-de-la-fundacio-mutua-madrilena\\\/\"]}]},{\"@type\":\"ImageObject\",\"inLanguage\":\"ca\",\"@id\":\"https:\\\/\\\/abd.ong\\\/ca\\\/dependencia-i-gent-gran\\\/el-projecte-eldcare-dabd-per-a-lalfabetitzacio-digital-per-a-les-persones-grans-es-seleccionat-a-la-ix-convocatoria-anual-dajudes-a-projectes-daccio-social-de-la-fundacio-mutua-madrilena\\\/#primaryimage\",\"url\":\"https:\\\/\\\/abd.ong\\\/wp-content\\\/uploads\\\/2021\\\/03\\\/9LOGO_FMM_AYUDAS.jpg\",\"contentUrl\":\"https:\\\/\\\/abd.ong\\\/wp-content\\\/uploads\\\/2021\\\/03\\\/9LOGO_FMM_AYUDAS.jpg\",\"width\":1286,\"height\":703},{\"@type\":\"BreadcrumbList\",\"@id\":\"https:\\\/\\\/abd.ong\\\/ca\\\/dependencia-i-gent-gran\\\/el-projecte-eldcare-dabd-per-a-lalfabetitzacio-digital-per-a-les-persones-grans-es-seleccionat-a-la-ix-convocatoria-anual-dajudes-a-projectes-daccio-social-de-la-fundacio-mutua-madrilena\\\/#breadcrumb\",\"itemListElement\":[{\"@type\":\"ListItem\",\"position\":1,\"name\":\"Inici\",\"item\":\"https:\\\/\\\/abd.ong\\\/ca\\\/\"},{\"@type\":\"ListItem\",\"position\":2,\"name\":\"El projecte Eldcare d&#8217;ABD, per a l&#8217;alfabetitzaci\u00f3 digital per a les persones grans, \u00e9s seleccionat a la &#8216;IX Convocat\u00f2ria Anual d&#8217;Ajudes a Projectes d&#8217;Acci\u00f3 Social&#8217; de la Fundaci\u00f3 Mutua Madrile\u00f1a\"}]},{\"@type\":\"WebSite\",\"@id\":\"https:\\\/\\\/abd.ong\\\/ca\\\/#website\",\"url\":\"https:\\\/\\\/abd.ong\\\/ca\\\/\",\"name\":\"ABD\",\"description\":\"Asociaci\u00f3n Bienestar y Desarrollo\",\"publisher\":{\"@id\":\"https:\\\/\\\/abd.ong\\\/ca\\\/#organization\"},\"potentialAction\":[{\"@type\":\"SearchAction\",\"target\":{\"@type\":\"EntryPoint\",\"urlTemplate\":\"https:\\\/\\\/abd.ong\\\/ca\\\/?s={search_term_string}\"},\"query-input\":{\"@type\":\"PropertyValueSpecification\",\"valueRequired\":true,\"valueName\":\"search_term_string\"}}],\"inLanguage\":\"ca\"},{\"@type\":\"Organization\",\"@id\":\"https:\\\/\\\/abd.ong\\\/ca\\\/#organization\",\"name\":\"Associaci\u00f3 Benestar i Desenvolupament\",\"alternateName\":\"ABD\",\"url\":\"https:\\\/\\\/abd.ong\\\/ca\\\/\",\"logo\":{\"@type\":\"ImageObject\",\"inLanguage\":\"ca\",\"@id\":\"https:\\\/\\\/abd.ong\\\/ca\\\/#\\\/schema\\\/logo\\\/image\\\/\",\"url\":\"https:\\\/\\\/abd.ong\\\/wp-content\\\/uploads\\\/2023\\\/01\\\/Icona.png\",\"contentUrl\":\"https:\\\/\\\/abd.ong\\\/wp-content\\\/uploads\\\/2023\\\/01\\\/Icona.png\",\"width\":190,\"height\":187,\"caption\":\"Associaci\u00f3 Benestar i Desenvolupament\"},\"image\":{\"@id\":\"https:\\\/\\\/abd.ong\\\/ca\\\/#\\\/schema\\\/logo\\\/image\\\/\"},\"sameAs\":[\"https:\\\/\\\/www.facebook.com\\\/abd.ong\",\"https:\\\/\\\/x.com\\\/abd_ong\",\"https:\\\/\\\/www.instagram.com\\\/abd_ong\\\/\",\"https:\\\/\\\/www.linkedin.com\\\/company\\\/abdong\",\"https:\\\/\\\/www.youtube.com\\\/user\\\/CANALABD\"]},{\"@type\":\"Person\",\"@id\":\"https:\\\/\\\/abd.ong\\\/ca\\\/#\\\/schema\\\/person\\\/d0f5fe279a7ad908de6a6d1332bfd7d8\",\"name\":\"Enric Guinart\"}]}<\/script>\n<!-- \/ Yoast SEO plugin. -->","yoast_head_json":{"title":"El projecte Eldcare d'ABD, per a l'alfabetitzaci\u00f3 digital per a les persones grans, \u00e9s seleccionat a la 'IX Convocat\u00f2ria Anual d'Ajudes a Projectes d'Acci\u00f3 Social' de la Fundaci\u00f3 Mutua Madrile\u00f1a - ABD","description":"El projecte Eldcare, per a l'alfabetitzaci\u00f3 digital per a persones grans que impulsa l'Associaci\u00f3 Benestar i Desenvolupament ABD, ha estat una de les 36","robots":{"index":"index","follow":"follow","max-snippet":"max-snippet:-1","max-image-preview":"max-image-preview:large","max-video-preview":"max-video-preview:-1"},"canonical":"https:\/\/abd.ong\/ca\/dependencia-i-gent-gran\/el-projecte-eldcare-dabd-per-a-lalfabetitzacio-digital-per-a-les-persones-grans-es-seleccionat-a-la-ix-convocatoria-anual-dajudes-a-projectes-daccio-social-de-la-fundacio-mutua-madrilena\/","og_locale":"ca_ES","og_type":"article","og_title":"El projecte Eldcare d'ABD, per a l'alfabetitzaci\u00f3 digital per a les persones grans, \u00e9s seleccionat a la 'IX Convocat\u00f2ria Anual d'Ajudes a Projectes d'Acci\u00f3 Social' de la Fundaci\u00f3 Mutua Madrile\u00f1a - ABD","og_description":"El projecte Eldcare, per a l'alfabetitzaci\u00f3 digital per a persones grans que impulsa l'Associaci\u00f3 Benestar i Desenvolupament ABD, ha estat una de les 36","og_url":"https:\/\/abd.ong\/ca\/dependencia-i-gent-gran\/el-projecte-eldcare-dabd-per-a-lalfabetitzacio-digital-per-a-les-persones-grans-es-seleccionat-a-la-ix-convocatoria-anual-dajudes-a-projectes-daccio-social-de-la-fundacio-mutua-madrilena\/","og_site_name":"ABD","article_publisher":"https:\/\/www.facebook.com\/abd.ong","article_published_time":"2021-03-09T07:35:35+00:00","article_modified_time":"2021-03-09T09:52:39+00:00","og_image":[{"width":1286,"height":703,"url":"https:\/\/abd.ong\/wp-content\/uploads\/2021\/03\/9LOGO_FMM_AYUDAS.jpg","type":"image\/jpeg"}],"author":"Enric Guinart","twitter_card":"summary_large_image","twitter_creator":"@abd_ong","twitter_site":"@abd_ong","twitter_misc":{"Escrit per":"Enric Guinart","Temps estimat de lectura":"1 minut"},"schema":{"@context":"https:\/\/schema.org","@graph":[{"@type":"Article","@id":"https:\/\/abd.ong\/ca\/dependencia-i-gent-gran\/el-projecte-eldcare-dabd-per-a-lalfabetitzacio-digital-per-a-les-persones-grans-es-seleccionat-a-la-ix-convocatoria-anual-dajudes-a-projectes-daccio-social-de-la-fundacio-mutua-madrilena\/#article","isPartOf":{"@id":"https:\/\/abd.ong\/ca\/dependencia-i-gent-gran\/el-projecte-eldcare-dabd-per-a-lalfabetitzacio-digital-per-a-les-persones-grans-es-seleccionat-a-la-ix-convocatoria-anual-dajudes-a-projectes-daccio-social-de-la-fundacio-mutua-madrilena\/"},"author":{"name":"Enric Guinart","@id":"https:\/\/abd.ong\/ca\/#\/schema\/person\/d0f5fe279a7ad908de6a6d1332bfd7d8"},"headline":"El projecte Eldcare d&#8217;ABD, per a l&#8217;alfabetitzaci\u00f3 digital per a les persones grans, \u00e9s seleccionat a la &#8216;IX Convocat\u00f2ria Anual d&#8217;Ajudes a Projectes d&#8217;Acci\u00f3 Social&#8217; de la Fundaci\u00f3 Mutua Madrile\u00f1a","datePublished":"2021-03-09T07:35:35+00:00","dateModified":"2021-03-09T09:52:39+00:00","mainEntityOfPage":{"@id":"https:\/\/abd.ong\/ca\/dependencia-i-gent-gran\/el-projecte-eldcare-dabd-per-a-lalfabetitzacio-digital-per-a-les-persones-grans-es-seleccionat-a-la-ix-convocatoria-anual-dajudes-a-projectes-daccio-social-de-la-fundacio-mutua-madrilena\/"},"wordCount":292,"publisher":{"@id":"https:\/\/abd.ong\/ca\/#organization"},"image":{"@id":"https:\/\/abd.ong\/ca\/dependencia-i-gent-gran\/el-projecte-eldcare-dabd-per-a-lalfabetitzacio-digital-per-a-les-persones-grans-es-seleccionat-a-la-ix-convocatoria-anual-dajudes-a-projectes-daccio-social-de-la-fundacio-mutua-madrilena\/#primaryimage"},"thumbnailUrl":"https:\/\/abd.ong\/wp-content\/uploads\/2021\/03\/9LOGO_FMM_AYUDAS.jpg","keywords":["alfabetitzaci\u00f3 digital de les persones grans","Eldcare","persones grans","soledat no desitjada"],"articleSection":["Depend\u00e8ncia i gent gran","General"],"inLanguage":"ca"},{"@type":"WebPage","@id":"https:\/\/abd.ong\/ca\/dependencia-i-gent-gran\/el-projecte-eldcare-dabd-per-a-lalfabetitzacio-digital-per-a-les-persones-grans-es-seleccionat-a-la-ix-convocatoria-anual-dajudes-a-projectes-daccio-social-de-la-fundacio-mutua-madrilena\/","url":"https:\/\/abd.ong\/ca\/dependencia-i-gent-gran\/el-projecte-eldcare-dabd-per-a-lalfabetitzacio-digital-per-a-les-persones-grans-es-seleccionat-a-la-ix-convocatoria-anual-dajudes-a-projectes-daccio-social-de-la-fundacio-mutua-madrilena\/","name":"El projecte Eldcare d'ABD, per a l'alfabetitzaci\u00f3 digital per a les persones grans, \u00e9s seleccionat a la 'IX Convocat\u00f2ria Anual d'Ajudes a Projectes d'Acci\u00f3 Social' de la Fundaci\u00f3 Mutua Madrile\u00f1a - ABD","isPartOf":{"@id":"https:\/\/abd.ong\/ca\/#website"},"primaryImageOfPage":{"@id":"https:\/\/abd.ong\/ca\/dependencia-i-gent-gran\/el-projecte-eldcare-dabd-per-a-lalfabetitzacio-digital-per-a-les-persones-grans-es-seleccionat-a-la-ix-convocatoria-anual-dajudes-a-projectes-daccio-social-de-la-fundacio-mutua-madrilena\/#primaryimage"},"image":{"@id":"https:\/\/abd.ong\/ca\/dependencia-i-gent-gran\/el-projecte-eldcare-dabd-per-a-lalfabetitzacio-digital-per-a-les-persones-grans-es-seleccionat-a-la-ix-convocatoria-anual-dajudes-a-projectes-daccio-social-de-la-fundacio-mutua-madrilena\/#primaryimage"},"thumbnailUrl":"https:\/\/abd.ong\/wp-content\/uploads\/2021\/03\/9LOGO_FMM_AYUDAS.jpg","datePublished":"2021-03-09T07:35:35+00:00","dateModified":"2021-03-09T09:52:39+00:00","description":"El projecte Eldcare, per a l'alfabetitzaci\u00f3 digital per a persones grans que impulsa l'Associaci\u00f3 Benestar i Desenvolupament ABD, ha estat una de les 36","breadcrumb":{"@id":"https:\/\/abd.ong\/ca\/dependencia-i-gent-gran\/el-projecte-eldcare-dabd-per-a-lalfabetitzacio-digital-per-a-les-persones-grans-es-seleccionat-a-la-ix-convocatoria-anual-dajudes-a-projectes-daccio-social-de-la-fundacio-mutua-madrilena\/#breadcrumb"},"inLanguage":"ca","potentialAction":[{"@type":"ReadAction","target":["https:\/\/abd.ong\/ca\/dependencia-i-gent-gran\/el-projecte-eldcare-dabd-per-a-lalfabetitzacio-digital-per-a-les-persones-grans-es-seleccionat-a-la-ix-convocatoria-anual-dajudes-a-projectes-daccio-social-de-la-fundacio-mutua-madrilena\/"]}]},{"@type":"ImageObject","inLanguage":"ca","@id":"https:\/\/abd.ong\/ca\/dependencia-i-gent-gran\/el-projecte-eldcare-dabd-per-a-lalfabetitzacio-digital-per-a-les-persones-grans-es-seleccionat-a-la-ix-convocatoria-anual-dajudes-a-projectes-daccio-social-de-la-fundacio-mutua-madrilena\/#primaryimage","url":"https:\/\/abd.ong\/wp-content\/uploads\/2021\/03\/9LOGO_FMM_AYUDAS.jpg","contentUrl":"https:\/\/abd.ong\/wp-content\/uploads\/2021\/03\/9LOGO_FMM_AYUDAS.jpg","width":1286,"height":703},{"@type":"BreadcrumbList","@id":"https:\/\/abd.ong\/ca\/dependencia-i-gent-gran\/el-projecte-eldcare-dabd-per-a-lalfabetitzacio-digital-per-a-les-persones-grans-es-seleccionat-a-la-ix-convocatoria-anual-dajudes-a-projectes-daccio-social-de-la-fundacio-mutua-madrilena\/#breadcrumb","itemListElement":[{"@type":"ListItem","position":1,"name":"Inici","item":"https:\/\/abd.ong\/ca\/"},{"@type":"ListItem","position":2,"name":"El projecte Eldcare d&#8217;ABD, per a l&#8217;alfabetitzaci\u00f3 digital per a les persones grans, \u00e9s seleccionat a la &#8216;IX Convocat\u00f2ria Anual d&#8217;Ajudes a Projectes d&#8217;Acci\u00f3 Social&#8217; de la Fundaci\u00f3 Mutua Madrile\u00f1a"}]},{"@type":"WebSite","@id":"https:\/\/abd.ong\/ca\/#website","url":"https:\/\/abd.ong\/ca\/","name":"ABD","description":"Asociaci\u00f3n Bienestar y Desarrollo","publisher":{"@id":"https:\/\/abd.ong\/ca\/#organization"},"potentialAction":[{"@type":"SearchAction","target":{"@type":"EntryPoint","urlTemplate":"https:\/\/abd.ong\/ca\/?s={search_term_string}"},"query-input":{"@type":"PropertyValueSpecification","valueRequired":true,"valueName":"search_term_string"}}],"inLanguage":"ca"},{"@type":"Organization","@id":"https:\/\/abd.ong\/ca\/#organization","name":"Associaci\u00f3 Benestar i Desenvolupament","alternateName":"ABD","url":"https:\/\/abd.ong\/ca\/","logo":{"@type":"ImageObject","inLanguage":"ca","@id":"https:\/\/abd.ong\/ca\/#\/schema\/logo\/image\/","url":"https:\/\/abd.ong\/wp-content\/uploads\/2023\/01\/Icona.png","contentUrl":"https:\/\/abd.ong\/wp-content\/uploads\/2023\/01\/Icona.png","width":190,"height":187,"caption":"Associaci\u00f3 Benestar i Desenvolupament"},"image":{"@id":"https:\/\/abd.ong\/ca\/#\/schema\/logo\/image\/"},"sameAs":["https:\/\/www.facebook.com\/abd.ong","https:\/\/x.com\/abd_ong","https:\/\/www.instagram.com\/abd_ong\/","https:\/\/www.linkedin.com\/company\/abdong","https:\/\/www.youtube.com\/user\/CANALABD"]},{"@type":"Person","@id":"https:\/\/abd.ong\/ca\/#\/schema\/person\/d0f5fe279a7ad908de6a6d1332bfd7d8","name":"Enric Guinart"}]}},"_links":{"self":[{"href":"https:\/\/abd.ong\/ca\/wp-json\/wp\/v2\/posts\/21308","targetHints":{"allow":["GET"]}}],"collection":[{"href":"https:\/\/abd.ong\/ca\/wp-json\/wp\/v2\/posts"}],"about":[{"href":"https:\/\/abd.ong\/ca\/wp-json\/wp\/v2\/types\/post"}],"author":[{"embeddable":true,"href":"https:\/\/abd.ong\/ca\/wp-json\/wp\/v2\/users\/2"}],"replies":[{"embeddable":true,"href":"https:\/\/abd.ong\/ca\/wp-json\/wp\/v2\/comments?post=21308"}],"version-history":[{"count":3,"href":"https:\/\/abd.ong\/ca\/wp-json\/wp\/v2\/posts\/21308\/revisions"}],"predecessor-version":[{"id":21323,"href":"https:\/\/abd.ong\/ca\/wp-json\/wp\/v2\/posts\/21308\/revisions\/21323"}],"wp:featuredmedia":[{"embeddable":true,"href":"https:\/\/abd.ong\/ca\/wp-json\/wp\/v2\/media\/21290"}],"wp:attachment":[{"href":"https:\/\/abd.ong\/ca\/wp-json\/wp\/v2\/media?parent=21308"}],"wp:term":[{"taxonomy":"category","embeddable":true,"href":"https:\/\/abd.ong\/ca\/wp-json\/wp\/v2\/categories?post=21308"},{"taxonomy":"post_tag","embeddable":true,"href":"https:\/\/abd.ong\/ca\/wp-json\/wp\/v2\/tags?post=21308"}],"curies":[{"name":"wp","href":"https:\/\/api.w.org\/{rel}","templated":true}]}}