{"id":21182,"date":"2021-03-03T14:13:56","date_gmt":"2021-03-03T13:13:56","guid":{"rendered":"https:\/\/abd.ong\/?p=21182"},"modified":"2021-03-10T12:53:41","modified_gmt":"2021-03-10T11:53:41","slug":"finalitza-la-posada-en-marxa-del-centro-de-escucha-para-habitantes-de-calle","status":"publish","type":"post","link":"https:\/\/abd.ong\/ca\/drogues-i-salut\/finalitza-la-posada-en-marxa-del-centro-de-escucha-para-habitantes-de-calle\/","title":{"rendered":"Finalitza la posada en marxa del \u2018Centro de Escucha para habitantes de calle\u2019"},"content":{"rendered":"\n<h3 class=\"wp-block-heading\">En el seu moment es va pensar com una guia per a la implementaci\u00f3 d&#8217;estrat\u00e8gies de reducci\u00f3 de danys a la ciutat de Medell\u00edn<\/h3>\n\n\n\n<div style=\"height:25px\" aria-hidden=\"true\" class=\"wp-block-spacer\"><\/div>\n\n\n\n<p>En el marc del <a href=\"https:\/\/abd.ong\/ca\/drogues-i-salut\/professionals-del-cas-baluard-gestionat-per-abd-imparteixen-cursos-de-capacitacio-i-reduccio-de-danys-a-colombia\/\" target=\"_blank\" rel=\"noreferrer noopener\">projecte Trans-met<\/a>, de l\u2019<a href=\"https:\/\/abd.ong\/ca\/\" target=\"_blank\" rel=\"noreferrer noopener\">Associaci\u00f3 Benestar i Desenvolupament ABD <\/a>i la <a href=\"http:\/\/corporacionsurgir.org\/\" target=\"_blank\" rel=\"noreferrer noopener\">Corporaci\u00f3n Surgir<\/a>, durant el 2020, i en <a href=\"https:\/\/abd.ong\/ca\/drogues-i-salut\/el-centre-descolta-de-medellin-en-el-marc-del-projecte-trans-met-sadapta-a-la-covid_19\/\" target=\"_blank\" rel=\"noreferrer noopener\">plena pand\u00e8mia per la Covid-19<\/a>, s\u2019ha finalitzat la posada en marxa del que en el seu moment es va pensar com una guia per a la implementaci\u00f3 d&#8217;estrat\u00e8gies de reducci\u00f3 de danys a la ciutat de Medell\u00edn, mitjan\u00e7ant un <strong>&#8216;Centro de Escucha para habitantes de calle<\/strong>&#8216;.<\/p>\n\n\n\n<p>Des de l\u2019any 2018, amb el suport de l\u2019<a href=\"https:\/\/ajuntament.barcelona.cat\/relacionsinternacionalsicooperacio\/ca\" target=\"_blank\" rel=\"noreferrer noopener\">Ajuntament de Barcelona<\/a> i la feina t\u00e8cnica entre ABD\u00a0 i l\u2019entitat colombiana <a href=\"http:\/\/corporacionsurgir.org\/\" target=\"_blank\" rel=\"noreferrer noopener\">Corporaci\u00f3n Surgir<\/a>, s\u2019ha estat treballant en un proc\u00e9s d\u2019intercanvi amb l\u2019objectiu de trobar la millor forma d\u2019adaptaci\u00f3 d\u2019estrat\u00e8gies de reducci\u00f3 de danys als Centres d\u2019Escolta de Medell\u00edn i, m\u00e9s espec\u00edficament, com implementar-lo en persones sense llar.<\/p>\n\n\n\n<p>Al 2019 es va fer realitat la possibilitat de comen\u00e7ar a treballar amb aquesta poblaci\u00f3, la qual cosa es va fer amb l\u2019aportaci\u00f3 de la Secretaria de Salut de Medell\u00edn i la contribuci\u00f3 de l\u2019Ajuntament de Barcelona, gr\u00e0cies al suport dels quals s\u2019ha donat continu\u00eftat al projecte durant el 2020.<\/p>\n\n\n\n<p>Des d\u2019ABD volem agrair a l&#8217;Ajuntament de Barcelona, a trav\u00e9s dels seu programa de cooperaci\u00f3 per a la just\u00edcia global, per apostar als processos de transformaci\u00f3 d&#8217;una ciutat germana com Medell\u00edn. Com tamb\u00e9 agrair a la nostra entitat amiga Corporaci\u00f3n Surgir, amb qui hem fruit com sempre d\u2019aprenentatges i del treball en com\u00fa, i especialment a cadascuna de les persones que van fer d&#8217;aquest projecte una experi\u00e8ncia en carrer ple de realitats, encerts, dolors, amors, comprensions i calidesa humana.<\/p>\n\n\n\n<div style=\"height:25px\" aria-hidden=\"true\" class=\"wp-block-spacer\"><\/div>\n\n\n\n<h4 class=\"wp-block-heading\">Conclusions del projecte<\/h4>\n\n\n\n<div style=\"height:25px\" aria-hidden=\"true\" class=\"wp-block-spacer\"><\/div>\n\n\n\n<p><a href=\"https:\/\/drive.google.com\/file\/d\/1W96xfLzHWJnbfofZSkDlMW7e3c7BCdv8\/view?usp=sharing\" target=\"_blank\" rel=\"noreferrer noopener\">Aqu\u00ed podeu consultar el butllet\u00ed final de projecte<\/a> a forma de conclusi\u00f3.<\/p>\n\n\n\n<p>Des d\u2019Associaci\u00f3 Benestar i Desenvolupament desitgem que la flama de treball endegat continu\u00ef i el fem cr\u00e9ixer a la ciutat de Medell\u00edn, com d\u2019altres ciutats de Llatinoam\u00e8rica.<\/p>\n\n\n\n<div style=\"height:25px\" aria-hidden=\"true\" class=\"wp-block-spacer\"><\/div>\n\n\n\n<figure class=\"wp-block-image size-medium\"><img decoding=\"async\" width=\"300\" height=\"112\" src=\"\/wp-content\/uploads\/2021\/03\/Llimes_reduides-01_RGB-300x112.jpg\" alt=\"\" class=\"wp-image-21376\" srcset=\"https:\/\/abd.ong\/wp-content\/uploads\/2021\/03\/Llimes_reduides-01_RGB-300x112.jpg 300w, https:\/\/abd.ong\/wp-content\/uploads\/2021\/03\/Llimes_reduides-01_RGB-768x288.jpg 768w, https:\/\/abd.ong\/wp-content\/uploads\/2021\/03\/Llimes_reduides-01_RGB.jpg 945w\" sizes=\"(max-width: 300px) 100vw, 300px\" \/><\/figure>\n\n\n\n<p><\/p>\n","protected":false},"excerpt":{"rendered":"<p>En el seu moment es va pensar com una guia per a la implementaci\u00f3 d&#8217;estrat\u00e8gies de reducci\u00f3 de danys a la ciutat de Medell\u00edn En el marc del projecte Trans-met,&hellip;<\/p>\n","protected":false},"author":2,"featured_media":15684,"comment_status":"closed","ping_status":"closed","sticky":false,"template":"","format":"standard","meta":{"_acf_changed":false,"footnotes":""},"categories":[1301],"tags":[2235,1948,196,1157,2234],"class_list":["post-21182","post","type-post","status-publish","format-standard","has-post-thumbnail","hentry","category-drogues-i-salut","tag-centro-de-escucha-para-habitantes-en-calle","tag-persones-sense-llar-2","tag-reduccio-de-danys","tag-reduccio-de-riscos-ca-2","tag-trans-met-2"],"acf":[],"yoast_head":"<!-- This site is optimized with the Yoast SEO plugin v27.4 - https:\/\/yoast.com\/product\/yoast-seo-wordpress\/ -->\n<title>Finalitza la posada en marxa del \u2018Centro de Escucha para habitantes de calle\u2019 - ABD<\/title>\n<meta name=\"description\" content=\"En el seu moment es va pensar com una guia per a la implementaci\u00f3 d&#039;estrat\u00e8gies de reducci\u00f3 de danys a la ciutat de Medell\u00edn En el marc del projecte\" \/>\n<meta name=\"robots\" content=\"index, follow, max-snippet:-1, max-image-preview:large, max-video-preview:-1\" \/>\n<link rel=\"canonical\" href=\"https:\/\/abd.ong\/ca\/drogues-i-salut\/finalitza-la-posada-en-marxa-del-centro-de-escucha-para-habitantes-de-calle\/\" \/>\n<meta property=\"og:locale\" content=\"ca_ES\" \/>\n<meta property=\"og:type\" content=\"article\" \/>\n<meta property=\"og:title\" content=\"Finalitza la posada en marxa del \u2018Centro de Escucha para habitantes de calle\u2019 - ABD\" \/>\n<meta property=\"og:description\" content=\"En el seu moment es va pensar com una guia per a la implementaci\u00f3 d&#039;estrat\u00e8gies de reducci\u00f3 de danys a la ciutat de Medell\u00edn En el marc del projecte\" \/>\n<meta property=\"og:url\" content=\"https:\/\/abd.ong\/ca\/drogues-i-salut\/finalitza-la-posada-en-marxa-del-centro-de-escucha-para-habitantes-de-calle\/\" \/>\n<meta property=\"og:site_name\" content=\"ABD\" \/>\n<meta property=\"article:publisher\" content=\"https:\/\/www.facebook.com\/abd.ong\" \/>\n<meta property=\"article:published_time\" content=\"2021-03-03T13:13:56+00:00\" \/>\n<meta property=\"article:modified_time\" content=\"2021-03-10T11:53:41+00:00\" \/>\n<meta property=\"og:image\" content=\"https:\/\/abd.ong\/wp-content\/uploads\/2020\/03\/Formaci\u00f3n-2020.png\" \/>\n\t<meta property=\"og:image:width\" content=\"1268\" \/>\n\t<meta property=\"og:image:height\" content=\"804\" \/>\n\t<meta property=\"og:image:type\" content=\"image\/png\" \/>\n<meta name=\"author\" content=\"Enric Guinart\" \/>\n<meta name=\"twitter:card\" content=\"summary_large_image\" \/>\n<meta name=\"twitter:creator\" content=\"@abd_ong\" \/>\n<meta name=\"twitter:site\" content=\"@abd_ong\" \/>\n<meta name=\"twitter:label1\" content=\"Escrit per\" \/>\n\t<meta name=\"twitter:data1\" content=\"Enric Guinart\" \/>\n\t<meta name=\"twitter:label2\" content=\"Temps estimat de lectura\" \/>\n\t<meta name=\"twitter:data2\" content=\"2 minuts\" \/>\n<script type=\"application\/ld+json\" class=\"yoast-schema-graph\">{\"@context\":\"https:\\\/\\\/schema.org\",\"@graph\":[{\"@type\":\"Article\",\"@id\":\"https:\\\/\\\/abd.ong\\\/ca\\\/drogues-i-salut\\\/finalitza-la-posada-en-marxa-del-centro-de-escucha-para-habitantes-de-calle\\\/#article\",\"isPartOf\":{\"@id\":\"https:\\\/\\\/abd.ong\\\/ca\\\/drogues-i-salut\\\/finalitza-la-posada-en-marxa-del-centro-de-escucha-para-habitantes-de-calle\\\/\"},\"author\":{\"name\":\"Enric Guinart\",\"@id\":\"https:\\\/\\\/abd.ong\\\/ca\\\/#\\\/schema\\\/person\\\/d0f5fe279a7ad908de6a6d1332bfd7d8\"},\"headline\":\"Finalitza la posada en marxa del \u2018Centro de Escucha para habitantes de calle\u2019\",\"datePublished\":\"2021-03-03T13:13:56+00:00\",\"dateModified\":\"2021-03-10T11:53:41+00:00\",\"mainEntityOfPage\":{\"@id\":\"https:\\\/\\\/abd.ong\\\/ca\\\/drogues-i-salut\\\/finalitza-la-posada-en-marxa-del-centro-de-escucha-para-habitantes-de-calle\\\/\"},\"wordCount\":376,\"publisher\":{\"@id\":\"https:\\\/\\\/abd.ong\\\/ca\\\/#organization\"},\"image\":{\"@id\":\"https:\\\/\\\/abd.ong\\\/ca\\\/drogues-i-salut\\\/finalitza-la-posada-en-marxa-del-centro-de-escucha-para-habitantes-de-calle\\\/#primaryimage\"},\"thumbnailUrl\":\"https:\\\/\\\/abd.ong\\\/wp-content\\\/uploads\\\/2020\\\/03\\\/Formaci\u00f3n-2020.png\",\"keywords\":[\"centro de escucha para habitantes en calle\",\"persones sense llar\",\"Reducci\u00f3 de Danys\",\"reducci\u00f3 de riscos\",\"trans-met\"],\"articleSection\":[\"Drogues i salut\"],\"inLanguage\":\"ca\"},{\"@type\":\"WebPage\",\"@id\":\"https:\\\/\\\/abd.ong\\\/ca\\\/drogues-i-salut\\\/finalitza-la-posada-en-marxa-del-centro-de-escucha-para-habitantes-de-calle\\\/\",\"url\":\"https:\\\/\\\/abd.ong\\\/ca\\\/drogues-i-salut\\\/finalitza-la-posada-en-marxa-del-centro-de-escucha-para-habitantes-de-calle\\\/\",\"name\":\"Finalitza la posada en marxa del \u2018Centro de Escucha para habitantes de calle\u2019 - ABD\",\"isPartOf\":{\"@id\":\"https:\\\/\\\/abd.ong\\\/ca\\\/#website\"},\"primaryImageOfPage\":{\"@id\":\"https:\\\/\\\/abd.ong\\\/ca\\\/drogues-i-salut\\\/finalitza-la-posada-en-marxa-del-centro-de-escucha-para-habitantes-de-calle\\\/#primaryimage\"},\"image\":{\"@id\":\"https:\\\/\\\/abd.ong\\\/ca\\\/drogues-i-salut\\\/finalitza-la-posada-en-marxa-del-centro-de-escucha-para-habitantes-de-calle\\\/#primaryimage\"},\"thumbnailUrl\":\"https:\\\/\\\/abd.ong\\\/wp-content\\\/uploads\\\/2020\\\/03\\\/Formaci\u00f3n-2020.png\",\"datePublished\":\"2021-03-03T13:13:56+00:00\",\"dateModified\":\"2021-03-10T11:53:41+00:00\",\"description\":\"En el seu moment es va pensar com una guia per a la implementaci\u00f3 d'estrat\u00e8gies de reducci\u00f3 de danys a la ciutat de Medell\u00edn En el marc del projecte\",\"breadcrumb\":{\"@id\":\"https:\\\/\\\/abd.ong\\\/ca\\\/drogues-i-salut\\\/finalitza-la-posada-en-marxa-del-centro-de-escucha-para-habitantes-de-calle\\\/#breadcrumb\"},\"inLanguage\":\"ca\",\"potentialAction\":[{\"@type\":\"ReadAction\",\"target\":[\"https:\\\/\\\/abd.ong\\\/ca\\\/drogues-i-salut\\\/finalitza-la-posada-en-marxa-del-centro-de-escucha-para-habitantes-de-calle\\\/\"]}]},{\"@type\":\"ImageObject\",\"inLanguage\":\"ca\",\"@id\":\"https:\\\/\\\/abd.ong\\\/ca\\\/drogues-i-salut\\\/finalitza-la-posada-en-marxa-del-centro-de-escucha-para-habitantes-de-calle\\\/#primaryimage\",\"url\":\"https:\\\/\\\/abd.ong\\\/wp-content\\\/uploads\\\/2020\\\/03\\\/Formaci\u00f3n-2020.png\",\"contentUrl\":\"https:\\\/\\\/abd.ong\\\/wp-content\\\/uploads\\\/2020\\\/03\\\/Formaci\u00f3n-2020.png\",\"width\":1268,\"height\":804},{\"@type\":\"BreadcrumbList\",\"@id\":\"https:\\\/\\\/abd.ong\\\/ca\\\/drogues-i-salut\\\/finalitza-la-posada-en-marxa-del-centro-de-escucha-para-habitantes-de-calle\\\/#breadcrumb\",\"itemListElement\":[{\"@type\":\"ListItem\",\"position\":1,\"name\":\"Inici\",\"item\":\"https:\\\/\\\/abd.ong\\\/ca\\\/\"},{\"@type\":\"ListItem\",\"position\":2,\"name\":\"Finalitza la posada en marxa del \u2018Centro de Escucha para habitantes de calle\u2019\"}]},{\"@type\":\"WebSite\",\"@id\":\"https:\\\/\\\/abd.ong\\\/ca\\\/#website\",\"url\":\"https:\\\/\\\/abd.ong\\\/ca\\\/\",\"name\":\"ABD\",\"description\":\"Asociaci\u00f3n Bienestar y Desarrollo\",\"publisher\":{\"@id\":\"https:\\\/\\\/abd.ong\\\/ca\\\/#organization\"},\"potentialAction\":[{\"@type\":\"SearchAction\",\"target\":{\"@type\":\"EntryPoint\",\"urlTemplate\":\"https:\\\/\\\/abd.ong\\\/ca\\\/?s={search_term_string}\"},\"query-input\":{\"@type\":\"PropertyValueSpecification\",\"valueRequired\":true,\"valueName\":\"search_term_string\"}}],\"inLanguage\":\"ca\"},{\"@type\":\"Organization\",\"@id\":\"https:\\\/\\\/abd.ong\\\/ca\\\/#organization\",\"name\":\"Associaci\u00f3 Benestar i Desenvolupament\",\"alternateName\":\"ABD\",\"url\":\"https:\\\/\\\/abd.ong\\\/ca\\\/\",\"logo\":{\"@type\":\"ImageObject\",\"inLanguage\":\"ca\",\"@id\":\"https:\\\/\\\/abd.ong\\\/ca\\\/#\\\/schema\\\/logo\\\/image\\\/\",\"url\":\"https:\\\/\\\/abd.ong\\\/wp-content\\\/uploads\\\/2023\\\/01\\\/Icona.png\",\"contentUrl\":\"https:\\\/\\\/abd.ong\\\/wp-content\\\/uploads\\\/2023\\\/01\\\/Icona.png\",\"width\":190,\"height\":187,\"caption\":\"Associaci\u00f3 Benestar i Desenvolupament\"},\"image\":{\"@id\":\"https:\\\/\\\/abd.ong\\\/ca\\\/#\\\/schema\\\/logo\\\/image\\\/\"},\"sameAs\":[\"https:\\\/\\\/www.facebook.com\\\/abd.ong\",\"https:\\\/\\\/x.com\\\/abd_ong\",\"https:\\\/\\\/www.instagram.com\\\/abd_ong\\\/\",\"https:\\\/\\\/www.linkedin.com\\\/company\\\/abdong\",\"https:\\\/\\\/www.youtube.com\\\/user\\\/CANALABD\"]},{\"@type\":\"Person\",\"@id\":\"https:\\\/\\\/abd.ong\\\/ca\\\/#\\\/schema\\\/person\\\/d0f5fe279a7ad908de6a6d1332bfd7d8\",\"name\":\"Enric Guinart\"}]}<\/script>\n<!-- \/ Yoast SEO plugin. -->","yoast_head_json":{"title":"Finalitza la posada en marxa del \u2018Centro de Escucha para habitantes de calle\u2019 - ABD","description":"En el seu moment es va pensar com una guia per a la implementaci\u00f3 d'estrat\u00e8gies de reducci\u00f3 de danys a la ciutat de Medell\u00edn En el marc del projecte","robots":{"index":"index","follow":"follow","max-snippet":"max-snippet:-1","max-image-preview":"max-image-preview:large","max-video-preview":"max-video-preview:-1"},"canonical":"https:\/\/abd.ong\/ca\/drogues-i-salut\/finalitza-la-posada-en-marxa-del-centro-de-escucha-para-habitantes-de-calle\/","og_locale":"ca_ES","og_type":"article","og_title":"Finalitza la posada en marxa del \u2018Centro de Escucha para habitantes de calle\u2019 - ABD","og_description":"En el seu moment es va pensar com una guia per a la implementaci\u00f3 d'estrat\u00e8gies de reducci\u00f3 de danys a la ciutat de Medell\u00edn En el marc del projecte","og_url":"https:\/\/abd.ong\/ca\/drogues-i-salut\/finalitza-la-posada-en-marxa-del-centro-de-escucha-para-habitantes-de-calle\/","og_site_name":"ABD","article_publisher":"https:\/\/www.facebook.com\/abd.ong","article_published_time":"2021-03-03T13:13:56+00:00","article_modified_time":"2021-03-10T11:53:41+00:00","og_image":[{"width":1268,"height":804,"url":"https:\/\/abd.ong\/wp-content\/uploads\/2020\/03\/Formaci\u00f3n-2020.png","type":"image\/png"}],"author":"Enric Guinart","twitter_card":"summary_large_image","twitter_creator":"@abd_ong","twitter_site":"@abd_ong","twitter_misc":{"Escrit per":"Enric Guinart","Temps estimat de lectura":"2 minuts"},"schema":{"@context":"https:\/\/schema.org","@graph":[{"@type":"Article","@id":"https:\/\/abd.ong\/ca\/drogues-i-salut\/finalitza-la-posada-en-marxa-del-centro-de-escucha-para-habitantes-de-calle\/#article","isPartOf":{"@id":"https:\/\/abd.ong\/ca\/drogues-i-salut\/finalitza-la-posada-en-marxa-del-centro-de-escucha-para-habitantes-de-calle\/"},"author":{"name":"Enric Guinart","@id":"https:\/\/abd.ong\/ca\/#\/schema\/person\/d0f5fe279a7ad908de6a6d1332bfd7d8"},"headline":"Finalitza la posada en marxa del \u2018Centro de Escucha para habitantes de calle\u2019","datePublished":"2021-03-03T13:13:56+00:00","dateModified":"2021-03-10T11:53:41+00:00","mainEntityOfPage":{"@id":"https:\/\/abd.ong\/ca\/drogues-i-salut\/finalitza-la-posada-en-marxa-del-centro-de-escucha-para-habitantes-de-calle\/"},"wordCount":376,"publisher":{"@id":"https:\/\/abd.ong\/ca\/#organization"},"image":{"@id":"https:\/\/abd.ong\/ca\/drogues-i-salut\/finalitza-la-posada-en-marxa-del-centro-de-escucha-para-habitantes-de-calle\/#primaryimage"},"thumbnailUrl":"https:\/\/abd.ong\/wp-content\/uploads\/2020\/03\/Formaci\u00f3n-2020.png","keywords":["centro de escucha para habitantes en calle","persones sense llar","Reducci\u00f3 de Danys","reducci\u00f3 de riscos","trans-met"],"articleSection":["Drogues i salut"],"inLanguage":"ca"},{"@type":"WebPage","@id":"https:\/\/abd.ong\/ca\/drogues-i-salut\/finalitza-la-posada-en-marxa-del-centro-de-escucha-para-habitantes-de-calle\/","url":"https:\/\/abd.ong\/ca\/drogues-i-salut\/finalitza-la-posada-en-marxa-del-centro-de-escucha-para-habitantes-de-calle\/","name":"Finalitza la posada en marxa del \u2018Centro de Escucha para habitantes de calle\u2019 - ABD","isPartOf":{"@id":"https:\/\/abd.ong\/ca\/#website"},"primaryImageOfPage":{"@id":"https:\/\/abd.ong\/ca\/drogues-i-salut\/finalitza-la-posada-en-marxa-del-centro-de-escucha-para-habitantes-de-calle\/#primaryimage"},"image":{"@id":"https:\/\/abd.ong\/ca\/drogues-i-salut\/finalitza-la-posada-en-marxa-del-centro-de-escucha-para-habitantes-de-calle\/#primaryimage"},"thumbnailUrl":"https:\/\/abd.ong\/wp-content\/uploads\/2020\/03\/Formaci\u00f3n-2020.png","datePublished":"2021-03-03T13:13:56+00:00","dateModified":"2021-03-10T11:53:41+00:00","description":"En el seu moment es va pensar com una guia per a la implementaci\u00f3 d'estrat\u00e8gies de reducci\u00f3 de danys a la ciutat de Medell\u00edn En el marc del projecte","breadcrumb":{"@id":"https:\/\/abd.ong\/ca\/drogues-i-salut\/finalitza-la-posada-en-marxa-del-centro-de-escucha-para-habitantes-de-calle\/#breadcrumb"},"inLanguage":"ca","potentialAction":[{"@type":"ReadAction","target":["https:\/\/abd.ong\/ca\/drogues-i-salut\/finalitza-la-posada-en-marxa-del-centro-de-escucha-para-habitantes-de-calle\/"]}]},{"@type":"ImageObject","inLanguage":"ca","@id":"https:\/\/abd.ong\/ca\/drogues-i-salut\/finalitza-la-posada-en-marxa-del-centro-de-escucha-para-habitantes-de-calle\/#primaryimage","url":"https:\/\/abd.ong\/wp-content\/uploads\/2020\/03\/Formaci\u00f3n-2020.png","contentUrl":"https:\/\/abd.ong\/wp-content\/uploads\/2020\/03\/Formaci\u00f3n-2020.png","width":1268,"height":804},{"@type":"BreadcrumbList","@id":"https:\/\/abd.ong\/ca\/drogues-i-salut\/finalitza-la-posada-en-marxa-del-centro-de-escucha-para-habitantes-de-calle\/#breadcrumb","itemListElement":[{"@type":"ListItem","position":1,"name":"Inici","item":"https:\/\/abd.ong\/ca\/"},{"@type":"ListItem","position":2,"name":"Finalitza la posada en marxa del \u2018Centro de Escucha para habitantes de calle\u2019"}]},{"@type":"WebSite","@id":"https:\/\/abd.ong\/ca\/#website","url":"https:\/\/abd.ong\/ca\/","name":"ABD","description":"Asociaci\u00f3n Bienestar y Desarrollo","publisher":{"@id":"https:\/\/abd.ong\/ca\/#organization"},"potentialAction":[{"@type":"SearchAction","target":{"@type":"EntryPoint","urlTemplate":"https:\/\/abd.ong\/ca\/?s={search_term_string}"},"query-input":{"@type":"PropertyValueSpecification","valueRequired":true,"valueName":"search_term_string"}}],"inLanguage":"ca"},{"@type":"Organization","@id":"https:\/\/abd.ong\/ca\/#organization","name":"Associaci\u00f3 Benestar i Desenvolupament","alternateName":"ABD","url":"https:\/\/abd.ong\/ca\/","logo":{"@type":"ImageObject","inLanguage":"ca","@id":"https:\/\/abd.ong\/ca\/#\/schema\/logo\/image\/","url":"https:\/\/abd.ong\/wp-content\/uploads\/2023\/01\/Icona.png","contentUrl":"https:\/\/abd.ong\/wp-content\/uploads\/2023\/01\/Icona.png","width":190,"height":187,"caption":"Associaci\u00f3 Benestar i Desenvolupament"},"image":{"@id":"https:\/\/abd.ong\/ca\/#\/schema\/logo\/image\/"},"sameAs":["https:\/\/www.facebook.com\/abd.ong","https:\/\/x.com\/abd_ong","https:\/\/www.instagram.com\/abd_ong\/","https:\/\/www.linkedin.com\/company\/abdong","https:\/\/www.youtube.com\/user\/CANALABD"]},{"@type":"Person","@id":"https:\/\/abd.ong\/ca\/#\/schema\/person\/d0f5fe279a7ad908de6a6d1332bfd7d8","name":"Enric Guinart"}]}},"_links":{"self":[{"href":"https:\/\/abd.ong\/ca\/wp-json\/wp\/v2\/posts\/21182","targetHints":{"allow":["GET"]}}],"collection":[{"href":"https:\/\/abd.ong\/ca\/wp-json\/wp\/v2\/posts"}],"about":[{"href":"https:\/\/abd.ong\/ca\/wp-json\/wp\/v2\/types\/post"}],"author":[{"embeddable":true,"href":"https:\/\/abd.ong\/ca\/wp-json\/wp\/v2\/users\/2"}],"replies":[{"embeddable":true,"href":"https:\/\/abd.ong\/ca\/wp-json\/wp\/v2\/comments?post=21182"}],"version-history":[{"count":3,"href":"https:\/\/abd.ong\/ca\/wp-json\/wp\/v2\/posts\/21182\/revisions"}],"predecessor-version":[{"id":21383,"href":"https:\/\/abd.ong\/ca\/wp-json\/wp\/v2\/posts\/21182\/revisions\/21383"}],"wp:featuredmedia":[{"embeddable":true,"href":"https:\/\/abd.ong\/ca\/wp-json\/wp\/v2\/media\/15684"}],"wp:attachment":[{"href":"https:\/\/abd.ong\/ca\/wp-json\/wp\/v2\/media?parent=21182"}],"wp:term":[{"taxonomy":"category","embeddable":true,"href":"https:\/\/abd.ong\/ca\/wp-json\/wp\/v2\/categories?post=21182"},{"taxonomy":"post_tag","embeddable":true,"href":"https:\/\/abd.ong\/ca\/wp-json\/wp\/v2\/tags?post=21182"}],"curies":[{"name":"wp","href":"https:\/\/api.w.org\/{rel}","templated":true}]}}