{"id":20945,"date":"2021-02-24T14:15:37","date_gmt":"2021-02-24T13:15:37","guid":{"rendered":"https:\/\/abd.ong\/?p=20945"},"modified":"2021-03-02T14:27:57","modified_gmt":"2021-03-02T13:27:57","slug":"abd-rep-el-distintiu-actius-de-lacord","status":"publish","type":"post","link":"https:\/\/abd.ong\/ca\/general-ca\/abd-rep-el-distintiu-actius-de-lacord\/","title":{"rendered":"ABD rep el distintiu Actius de l&#8217;Acord"},"content":{"rendered":"\n<h2 class=\"wp-block-heading\">El reconeixement &#8220;ens refor\u00e7a, ens motiva a seguir endavant i ens indica que el cam\u00ed a seguir \u00e9s el del <strong>comprom\u00eds col\u00b7lectiu<\/strong>&#8220;<\/h2>\n\n\n\n<div style=\"height:49px\" aria-hidden=\"true\" class=\"wp-block-spacer\"><\/div>\n\n\n\n<p>L\u2019<a rel=\"noreferrer noopener\" href=\"https:\/\/abd.ong\/ca\/\" target=\"_blank\">Associaci\u00f3 Benestar i Desenvolupament ABD<\/a>\u00a0ha rebut aquest dimecres 24 de febrer el distintiu\u00a0<a rel=\"noreferrer noopener\" href=\"https:\/\/www.bcn.cat\/barcelonainclusiva\/ca\/actiusacord.html\" target=\"_blank\">Actius de l\u2019Acord<\/a>\u00a0dins l\u2019\u00c0gora Ciutadana. La trobada, que enguany s&#8217;ha centrat en <em>El valor del comprom\u00eds social de la ciutadania de Barcelona<\/em>, s&#8217;ha realitzat en format semipresencial.<\/p>\n\n\n\n<p>La presidenta de l&#8217;entitat,<strong> Felisa P\u00e9rez<\/strong>, ha repassat la hist\u00f2ria d&#8217;ABD i ha exposat el <strong>model d&#8217;atenci\u00f3<\/strong> a les persones basat en els seus drets &#8220;facilitant la creaci\u00f3 d&#8217;ecosistemes convivencials i solidaris&#8221;. P\u00e9rez ha remarcat la necessitat de &#8220;<strong>col\u00b7laboraci\u00f3 i complementarietat<\/strong> entre l&#8217;administraci\u00f3 local, les entitats del territori i la integraci\u00f3 de les pr\u00f2pies usu\u00e0ries, les seves fam\u00edlies i de la ciutadania compromesa&#8221; per construir aquests ecosistemes.<\/p>\n\n\n\n<p>Despr\u00e9s de recollir el distintiu Actius, la presidenta d&#8217;ABD ha compartit algunes de les <strong>iniciatives engegades durant la pand\u00e8mia de la COVID-19<\/strong>: des de la campanya <a href=\"https:\/\/yositeveo.org\/\" target=\"_blank\" rel=\"noreferrer noopener\">#Joetveig<\/a>, fins a la posada en marxa de quatre habitatges per a fam\u00edlies monomarentals en situaci\u00f3 de vulnerabilitat i d&#8217;un alberg per a persones sense llar i amb addicions o la creaci\u00f3 d&#8217;equips especialitzats en COVID que col\u00b7laboren amb les resid\u00e8ncies de persones grans, entre altres.<\/p>\n\n\n\n<div style=\"height:49px\" aria-hidden=\"true\" class=\"wp-block-spacer\"><\/div>\n\n\n\n<div class=\"wp-block-image\"><figure class=\"aligncenter size-large is-resized\"><img fetchpriority=\"high\" decoding=\"async\" src=\"\/wp-content\/uploads\/2021\/02\/acord-ciutada-edited.jpg\" alt=\"\" class=\"wp-image-20957\" width=\"548\" height=\"308\" srcset=\"https:\/\/abd.ong\/wp-content\/uploads\/2021\/02\/acord-ciutada-edited.jpg 2048w, https:\/\/abd.ong\/wp-content\/uploads\/2021\/02\/acord-ciutada-edited-300x169.jpg 300w, https:\/\/abd.ong\/wp-content\/uploads\/2021\/02\/acord-ciutada-edited-1024x576.jpg 1024w, https:\/\/abd.ong\/wp-content\/uploads\/2021\/02\/acord-ciutada-edited-768x432.jpg 768w, https:\/\/abd.ong\/wp-content\/uploads\/2021\/02\/acord-ciutada-edited-1536x864.jpg 1536w\" sizes=\"(max-width: 548px) 100vw, 548px\" \/><figcaption>Fotografia de fam\u00edlia de les entitats que han rebut el distintiu. Imatge: Ajuntament de Barcelona<\/figcaption><\/figure><\/div>\n\n\n\n<div style=\"height:49px\" aria-hidden=\"true\" class=\"wp-block-spacer\"><\/div>\n\n\n\n<p>Finalment, Felisa P\u00e9rez ha volgut agrair el reconeixement perqu\u00e8 &#8220;ens refor\u00e7a, ens motiva a seguir endavant i ens indica que el cam\u00ed a seguir \u00e9s el del <strong>comprom\u00eds col\u00b7lectiu<\/strong>&#8220;. <\/p>\n\n\n\n<p>L&#8217;alcaldessa de Barcelona, Ada Colau, ha donat la benvinguda a l&#8217;<a rel=\"noreferrer noopener\" href=\"https:\/\/www.bcn.cat\/barcelonainclusiva\/ca\/agoraciutadana.html\" target=\"_blank\">\u00c0gora Ciutadana<\/a> 2021  destacant  la import\u00e0ncia de la innovaci\u00f3 social per tal de facilitar al m\u00e0xim l\u2019acc\u00e9s de la ciutadania als serveis socials municipals i ha agra\u00eft feina di\u00e0ria de milers de persones per ajudar i acompanyar la ciutadania que pitjor ho est\u00e0 passant a conseq\u00fc\u00e8ncia de la irrupci\u00f3 de la COVID-19.<\/p>\n\n\n\n<p>La Xarxa per una Ciutadania Activa i Compromesa de l\u2019Acord Ciutad\u00e0 \u00e9s l\u2019encarregada d\u2019organitzar l\u2019acte, que ha servit per lliurar els distintius d&#8217;Actius de l&#8217;Acord a 11 entitats:<\/p>\n\n\n\n<ul class=\"wp-block-list\"><li>ABD<\/li><li>Agape +<\/li><li>Associaci\u00f3 In Via<\/li><li>Associaci\u00f3 Prohabitatge<\/li><li>Associaci\u00f3 Arep<\/li><li>Fundaci\u00f3 Joia pel projecte \u201cTastets de Voluntariat\u201d<\/li><li>Fundaci\u00f3 Privada Uzsheimer<\/li><li>Enriquezarte<\/li><li>Narinan Projecte Social i Familiar<\/li><li>Sonrisas de Bombay<\/li><li>VAE<\/li><\/ul>\n\n\n\n<p>Per part d\u2019ABD, a m\u00e9s de <strong>Felisa P\u00e9rez<\/strong>, a l&#8217;acte tamb\u00e9 hi han pres part la gerent de l&#8217;entitat,\u00a0<strong>\u00c0ngels Guiteras<\/strong>, i la responsable de Participaci\u00f3 i Voluntariat,\u00a0<strong>Elisa Guti\u00e9rrez<\/strong>.<\/p>\n","protected":false},"excerpt":{"rendered":"<p>El reconeixement &#8220;ens refor\u00e7a, ens motiva a seguir endavant i ens indica que el cam\u00ed a seguir \u00e9s el del comprom\u00eds col\u00b7lectiu&#8220; L\u2019Associaci\u00f3 Benestar i Desenvolupament ABD\u00a0ha rebut aquest dimecres&hellip;<\/p>\n","protected":false},"author":9,"featured_media":20953,"comment_status":"closed","ping_status":"closed","sticky":false,"template":"","format":"standard","meta":{"_acf_changed":false,"footnotes":""},"categories":[66],"tags":[257,2169,2171,2232],"class_list":["post-20945","post","type-post","status-publish","format-standard","has-post-thumbnail","hentry","category-general-ca","tag-acord-ciutada","tag-actius-de-lacord","tag-agora-ciutadana","tag-barcelona-inclusiva"],"acf":[],"yoast_head":"<!-- This site is optimized with the Yoast SEO plugin v27.4 - https:\/\/yoast.com\/product\/yoast-seo-wordpress\/ -->\n<title>ABD rep el distintiu Actius de l&#039;Acord - ABD<\/title>\n<meta name=\"description\" content=\"El reconeixement &quot;ens refor\u00e7a, ens motiva a seguir endavant i ens indica que el cam\u00ed a seguir \u00e9s el del comprom\u00eds col\u00b7lectiu&quot; L\u2019Associaci\u00f3 Benestar i\" \/>\n<meta name=\"robots\" content=\"index, follow, max-snippet:-1, max-image-preview:large, max-video-preview:-1\" \/>\n<link rel=\"canonical\" href=\"https:\/\/abd.ong\/ca\/general-ca\/abd-rep-el-distintiu-actius-de-lacord\/\" \/>\n<meta property=\"og:locale\" content=\"ca_ES\" \/>\n<meta property=\"og:type\" content=\"article\" \/>\n<meta property=\"og:title\" content=\"ABD rep el distintiu Actius de l&#039;Acord - ABD\" \/>\n<meta property=\"og:description\" content=\"El reconeixement &quot;ens refor\u00e7a, ens motiva a seguir endavant i ens indica que el cam\u00ed a seguir \u00e9s el del comprom\u00eds col\u00b7lectiu&quot; L\u2019Associaci\u00f3 Benestar i\" \/>\n<meta property=\"og:url\" content=\"https:\/\/abd.ong\/ca\/general-ca\/abd-rep-el-distintiu-actius-de-lacord\/\" \/>\n<meta property=\"og:site_name\" content=\"ABD\" \/>\n<meta property=\"article:publisher\" content=\"https:\/\/www.facebook.com\/abd.ong\" \/>\n<meta property=\"article:published_time\" content=\"2021-02-24T13:15:37+00:00\" \/>\n<meta property=\"article:modified_time\" content=\"2021-03-02T13:27:57+00:00\" \/>\n<meta property=\"og:image\" content=\"https:\/\/abd.ong\/wp-content\/uploads\/2021\/02\/Foto-de-Maria-ABD-3-e1614171554570.jpg\" \/>\n\t<meta property=\"og:image:width\" content=\"2048\" \/>\n\t<meta property=\"og:image:height\" content=\"977\" \/>\n\t<meta property=\"og:image:type\" content=\"image\/jpeg\" \/>\n<meta name=\"author\" content=\"Maria Creixell\" \/>\n<meta name=\"twitter:card\" content=\"summary_large_image\" \/>\n<meta name=\"twitter:creator\" content=\"@abd_ong\" \/>\n<meta name=\"twitter:site\" content=\"@abd_ong\" \/>\n<meta name=\"twitter:label1\" content=\"Escrit per\" \/>\n\t<meta name=\"twitter:data1\" content=\"Maria Creixell\" \/>\n\t<meta name=\"twitter:label2\" content=\"Temps estimat de lectura\" \/>\n\t<meta name=\"twitter:data2\" content=\"2 minuts\" \/>\n<script type=\"application\/ld+json\" class=\"yoast-schema-graph\">{\"@context\":\"https:\\\/\\\/schema.org\",\"@graph\":[{\"@type\":\"Article\",\"@id\":\"https:\\\/\\\/abd.ong\\\/ca\\\/general-ca\\\/abd-rep-el-distintiu-actius-de-lacord\\\/#article\",\"isPartOf\":{\"@id\":\"https:\\\/\\\/abd.ong\\\/ca\\\/general-ca\\\/abd-rep-el-distintiu-actius-de-lacord\\\/\"},\"author\":{\"name\":\"Maria Creixell\",\"@id\":\"https:\\\/\\\/abd.ong\\\/ca\\\/#\\\/schema\\\/person\\\/d2e158b4173f683b3898e286f5b35a10\"},\"headline\":\"ABD rep el distintiu Actius de l&#8217;Acord\",\"datePublished\":\"2021-02-24T13:15:37+00:00\",\"dateModified\":\"2021-03-02T13:27:57+00:00\",\"mainEntityOfPage\":{\"@id\":\"https:\\\/\\\/abd.ong\\\/ca\\\/general-ca\\\/abd-rep-el-distintiu-actius-de-lacord\\\/\"},\"wordCount\":456,\"publisher\":{\"@id\":\"https:\\\/\\\/abd.ong\\\/ca\\\/#organization\"},\"image\":{\"@id\":\"https:\\\/\\\/abd.ong\\\/ca\\\/general-ca\\\/abd-rep-el-distintiu-actius-de-lacord\\\/#primaryimage\"},\"thumbnailUrl\":\"https:\\\/\\\/abd.ong\\\/wp-content\\\/uploads\\\/2021\\\/02\\\/Foto-de-Maria-ABD-3-e1614171554570.jpg\",\"keywords\":[\"Acord Ciutad\u00e0\",\"Actius de l&#039;Acord\",\"\u00c0gora Ciutadana\",\"Barcelona inclusiva\"],\"articleSection\":[\"General\"],\"inLanguage\":\"ca\"},{\"@type\":\"WebPage\",\"@id\":\"https:\\\/\\\/abd.ong\\\/ca\\\/general-ca\\\/abd-rep-el-distintiu-actius-de-lacord\\\/\",\"url\":\"https:\\\/\\\/abd.ong\\\/ca\\\/general-ca\\\/abd-rep-el-distintiu-actius-de-lacord\\\/\",\"name\":\"ABD rep el distintiu Actius de l'Acord - ABD\",\"isPartOf\":{\"@id\":\"https:\\\/\\\/abd.ong\\\/ca\\\/#website\"},\"primaryImageOfPage\":{\"@id\":\"https:\\\/\\\/abd.ong\\\/ca\\\/general-ca\\\/abd-rep-el-distintiu-actius-de-lacord\\\/#primaryimage\"},\"image\":{\"@id\":\"https:\\\/\\\/abd.ong\\\/ca\\\/general-ca\\\/abd-rep-el-distintiu-actius-de-lacord\\\/#primaryimage\"},\"thumbnailUrl\":\"https:\\\/\\\/abd.ong\\\/wp-content\\\/uploads\\\/2021\\\/02\\\/Foto-de-Maria-ABD-3-e1614171554570.jpg\",\"datePublished\":\"2021-02-24T13:15:37+00:00\",\"dateModified\":\"2021-03-02T13:27:57+00:00\",\"description\":\"El reconeixement \\\"ens refor\u00e7a, ens motiva a seguir endavant i ens indica que el cam\u00ed a seguir \u00e9s el del comprom\u00eds col\u00b7lectiu\\\" L\u2019Associaci\u00f3 Benestar i\",\"breadcrumb\":{\"@id\":\"https:\\\/\\\/abd.ong\\\/ca\\\/general-ca\\\/abd-rep-el-distintiu-actius-de-lacord\\\/#breadcrumb\"},\"inLanguage\":\"ca\",\"potentialAction\":[{\"@type\":\"ReadAction\",\"target\":[\"https:\\\/\\\/abd.ong\\\/ca\\\/general-ca\\\/abd-rep-el-distintiu-actius-de-lacord\\\/\"]}]},{\"@type\":\"ImageObject\",\"inLanguage\":\"ca\",\"@id\":\"https:\\\/\\\/abd.ong\\\/ca\\\/general-ca\\\/abd-rep-el-distintiu-actius-de-lacord\\\/#primaryimage\",\"url\":\"https:\\\/\\\/abd.ong\\\/wp-content\\\/uploads\\\/2021\\\/02\\\/Foto-de-Maria-ABD-3-e1614171554570.jpg\",\"contentUrl\":\"https:\\\/\\\/abd.ong\\\/wp-content\\\/uploads\\\/2021\\\/02\\\/Foto-de-Maria-ABD-3-e1614171554570.jpg\",\"width\":2048,\"height\":977},{\"@type\":\"BreadcrumbList\",\"@id\":\"https:\\\/\\\/abd.ong\\\/ca\\\/general-ca\\\/abd-rep-el-distintiu-actius-de-lacord\\\/#breadcrumb\",\"itemListElement\":[{\"@type\":\"ListItem\",\"position\":1,\"name\":\"Inici\",\"item\":\"https:\\\/\\\/abd.ong\\\/ca\\\/\"},{\"@type\":\"ListItem\",\"position\":2,\"name\":\"ABD rep el distintiu Actius de l&#8217;Acord\"}]},{\"@type\":\"WebSite\",\"@id\":\"https:\\\/\\\/abd.ong\\\/ca\\\/#website\",\"url\":\"https:\\\/\\\/abd.ong\\\/ca\\\/\",\"name\":\"ABD\",\"description\":\"Asociaci\u00f3n Bienestar y Desarrollo\",\"publisher\":{\"@id\":\"https:\\\/\\\/abd.ong\\\/ca\\\/#organization\"},\"potentialAction\":[{\"@type\":\"SearchAction\",\"target\":{\"@type\":\"EntryPoint\",\"urlTemplate\":\"https:\\\/\\\/abd.ong\\\/ca\\\/?s={search_term_string}\"},\"query-input\":{\"@type\":\"PropertyValueSpecification\",\"valueRequired\":true,\"valueName\":\"search_term_string\"}}],\"inLanguage\":\"ca\"},{\"@type\":\"Organization\",\"@id\":\"https:\\\/\\\/abd.ong\\\/ca\\\/#organization\",\"name\":\"Associaci\u00f3 Benestar i Desenvolupament\",\"alternateName\":\"ABD\",\"url\":\"https:\\\/\\\/abd.ong\\\/ca\\\/\",\"logo\":{\"@type\":\"ImageObject\",\"inLanguage\":\"ca\",\"@id\":\"https:\\\/\\\/abd.ong\\\/ca\\\/#\\\/schema\\\/logo\\\/image\\\/\",\"url\":\"https:\\\/\\\/abd.ong\\\/wp-content\\\/uploads\\\/2023\\\/01\\\/Icona.png\",\"contentUrl\":\"https:\\\/\\\/abd.ong\\\/wp-content\\\/uploads\\\/2023\\\/01\\\/Icona.png\",\"width\":190,\"height\":187,\"caption\":\"Associaci\u00f3 Benestar i Desenvolupament\"},\"image\":{\"@id\":\"https:\\\/\\\/abd.ong\\\/ca\\\/#\\\/schema\\\/logo\\\/image\\\/\"},\"sameAs\":[\"https:\\\/\\\/www.facebook.com\\\/abd.ong\",\"https:\\\/\\\/x.com\\\/abd_ong\",\"https:\\\/\\\/www.instagram.com\\\/abd_ong\\\/\",\"https:\\\/\\\/www.linkedin.com\\\/company\\\/abdong\",\"https:\\\/\\\/www.youtube.com\\\/user\\\/CANALABD\"]},{\"@type\":\"Person\",\"@id\":\"https:\\\/\\\/abd.ong\\\/ca\\\/#\\\/schema\\\/person\\\/d2e158b4173f683b3898e286f5b35a10\",\"name\":\"Maria Creixell\"}]}<\/script>\n<!-- \/ Yoast SEO plugin. -->","yoast_head_json":{"title":"ABD rep el distintiu Actius de l'Acord - ABD","description":"El reconeixement \"ens refor\u00e7a, ens motiva a seguir endavant i ens indica que el cam\u00ed a seguir \u00e9s el del comprom\u00eds col\u00b7lectiu\" L\u2019Associaci\u00f3 Benestar i","robots":{"index":"index","follow":"follow","max-snippet":"max-snippet:-1","max-image-preview":"max-image-preview:large","max-video-preview":"max-video-preview:-1"},"canonical":"https:\/\/abd.ong\/ca\/general-ca\/abd-rep-el-distintiu-actius-de-lacord\/","og_locale":"ca_ES","og_type":"article","og_title":"ABD rep el distintiu Actius de l'Acord - ABD","og_description":"El reconeixement \"ens refor\u00e7a, ens motiva a seguir endavant i ens indica que el cam\u00ed a seguir \u00e9s el del comprom\u00eds col\u00b7lectiu\" L\u2019Associaci\u00f3 Benestar i","og_url":"https:\/\/abd.ong\/ca\/general-ca\/abd-rep-el-distintiu-actius-de-lacord\/","og_site_name":"ABD","article_publisher":"https:\/\/www.facebook.com\/abd.ong","article_published_time":"2021-02-24T13:15:37+00:00","article_modified_time":"2021-03-02T13:27:57+00:00","og_image":[{"width":2048,"height":977,"url":"https:\/\/abd.ong\/wp-content\/uploads\/2021\/02\/Foto-de-Maria-ABD-3-e1614171554570.jpg","type":"image\/jpeg"}],"author":"Maria Creixell","twitter_card":"summary_large_image","twitter_creator":"@abd_ong","twitter_site":"@abd_ong","twitter_misc":{"Escrit per":"Maria Creixell","Temps estimat de lectura":"2 minuts"},"schema":{"@context":"https:\/\/schema.org","@graph":[{"@type":"Article","@id":"https:\/\/abd.ong\/ca\/general-ca\/abd-rep-el-distintiu-actius-de-lacord\/#article","isPartOf":{"@id":"https:\/\/abd.ong\/ca\/general-ca\/abd-rep-el-distintiu-actius-de-lacord\/"},"author":{"name":"Maria Creixell","@id":"https:\/\/abd.ong\/ca\/#\/schema\/person\/d2e158b4173f683b3898e286f5b35a10"},"headline":"ABD rep el distintiu Actius de l&#8217;Acord","datePublished":"2021-02-24T13:15:37+00:00","dateModified":"2021-03-02T13:27:57+00:00","mainEntityOfPage":{"@id":"https:\/\/abd.ong\/ca\/general-ca\/abd-rep-el-distintiu-actius-de-lacord\/"},"wordCount":456,"publisher":{"@id":"https:\/\/abd.ong\/ca\/#organization"},"image":{"@id":"https:\/\/abd.ong\/ca\/general-ca\/abd-rep-el-distintiu-actius-de-lacord\/#primaryimage"},"thumbnailUrl":"https:\/\/abd.ong\/wp-content\/uploads\/2021\/02\/Foto-de-Maria-ABD-3-e1614171554570.jpg","keywords":["Acord Ciutad\u00e0","Actius de l&#039;Acord","\u00c0gora Ciutadana","Barcelona inclusiva"],"articleSection":["General"],"inLanguage":"ca"},{"@type":"WebPage","@id":"https:\/\/abd.ong\/ca\/general-ca\/abd-rep-el-distintiu-actius-de-lacord\/","url":"https:\/\/abd.ong\/ca\/general-ca\/abd-rep-el-distintiu-actius-de-lacord\/","name":"ABD rep el distintiu Actius de l'Acord - ABD","isPartOf":{"@id":"https:\/\/abd.ong\/ca\/#website"},"primaryImageOfPage":{"@id":"https:\/\/abd.ong\/ca\/general-ca\/abd-rep-el-distintiu-actius-de-lacord\/#primaryimage"},"image":{"@id":"https:\/\/abd.ong\/ca\/general-ca\/abd-rep-el-distintiu-actius-de-lacord\/#primaryimage"},"thumbnailUrl":"https:\/\/abd.ong\/wp-content\/uploads\/2021\/02\/Foto-de-Maria-ABD-3-e1614171554570.jpg","datePublished":"2021-02-24T13:15:37+00:00","dateModified":"2021-03-02T13:27:57+00:00","description":"El reconeixement \"ens refor\u00e7a, ens motiva a seguir endavant i ens indica que el cam\u00ed a seguir \u00e9s el del comprom\u00eds col\u00b7lectiu\" L\u2019Associaci\u00f3 Benestar i","breadcrumb":{"@id":"https:\/\/abd.ong\/ca\/general-ca\/abd-rep-el-distintiu-actius-de-lacord\/#breadcrumb"},"inLanguage":"ca","potentialAction":[{"@type":"ReadAction","target":["https:\/\/abd.ong\/ca\/general-ca\/abd-rep-el-distintiu-actius-de-lacord\/"]}]},{"@type":"ImageObject","inLanguage":"ca","@id":"https:\/\/abd.ong\/ca\/general-ca\/abd-rep-el-distintiu-actius-de-lacord\/#primaryimage","url":"https:\/\/abd.ong\/wp-content\/uploads\/2021\/02\/Foto-de-Maria-ABD-3-e1614171554570.jpg","contentUrl":"https:\/\/abd.ong\/wp-content\/uploads\/2021\/02\/Foto-de-Maria-ABD-3-e1614171554570.jpg","width":2048,"height":977},{"@type":"BreadcrumbList","@id":"https:\/\/abd.ong\/ca\/general-ca\/abd-rep-el-distintiu-actius-de-lacord\/#breadcrumb","itemListElement":[{"@type":"ListItem","position":1,"name":"Inici","item":"https:\/\/abd.ong\/ca\/"},{"@type":"ListItem","position":2,"name":"ABD rep el distintiu Actius de l&#8217;Acord"}]},{"@type":"WebSite","@id":"https:\/\/abd.ong\/ca\/#website","url":"https:\/\/abd.ong\/ca\/","name":"ABD","description":"Asociaci\u00f3n Bienestar y Desarrollo","publisher":{"@id":"https:\/\/abd.ong\/ca\/#organization"},"potentialAction":[{"@type":"SearchAction","target":{"@type":"EntryPoint","urlTemplate":"https:\/\/abd.ong\/ca\/?s={search_term_string}"},"query-input":{"@type":"PropertyValueSpecification","valueRequired":true,"valueName":"search_term_string"}}],"inLanguage":"ca"},{"@type":"Organization","@id":"https:\/\/abd.ong\/ca\/#organization","name":"Associaci\u00f3 Benestar i Desenvolupament","alternateName":"ABD","url":"https:\/\/abd.ong\/ca\/","logo":{"@type":"ImageObject","inLanguage":"ca","@id":"https:\/\/abd.ong\/ca\/#\/schema\/logo\/image\/","url":"https:\/\/abd.ong\/wp-content\/uploads\/2023\/01\/Icona.png","contentUrl":"https:\/\/abd.ong\/wp-content\/uploads\/2023\/01\/Icona.png","width":190,"height":187,"caption":"Associaci\u00f3 Benestar i Desenvolupament"},"image":{"@id":"https:\/\/abd.ong\/ca\/#\/schema\/logo\/image\/"},"sameAs":["https:\/\/www.facebook.com\/abd.ong","https:\/\/x.com\/abd_ong","https:\/\/www.instagram.com\/abd_ong\/","https:\/\/www.linkedin.com\/company\/abdong","https:\/\/www.youtube.com\/user\/CANALABD"]},{"@type":"Person","@id":"https:\/\/abd.ong\/ca\/#\/schema\/person\/d2e158b4173f683b3898e286f5b35a10","name":"Maria Creixell"}]}},"_links":{"self":[{"href":"https:\/\/abd.ong\/ca\/wp-json\/wp\/v2\/posts\/20945","targetHints":{"allow":["GET"]}}],"collection":[{"href":"https:\/\/abd.ong\/ca\/wp-json\/wp\/v2\/posts"}],"about":[{"href":"https:\/\/abd.ong\/ca\/wp-json\/wp\/v2\/types\/post"}],"author":[{"embeddable":true,"href":"https:\/\/abd.ong\/ca\/wp-json\/wp\/v2\/users\/9"}],"replies":[{"embeddable":true,"href":"https:\/\/abd.ong\/ca\/wp-json\/wp\/v2\/comments?post=20945"}],"version-history":[{"count":3,"href":"https:\/\/abd.ong\/ca\/wp-json\/wp\/v2\/posts\/20945\/revisions"}],"predecessor-version":[{"id":21152,"href":"https:\/\/abd.ong\/ca\/wp-json\/wp\/v2\/posts\/20945\/revisions\/21152"}],"wp:featuredmedia":[{"embeddable":true,"href":"https:\/\/abd.ong\/ca\/wp-json\/wp\/v2\/media\/20953"}],"wp:attachment":[{"href":"https:\/\/abd.ong\/ca\/wp-json\/wp\/v2\/media?parent=20945"}],"wp:term":[{"taxonomy":"category","embeddable":true,"href":"https:\/\/abd.ong\/ca\/wp-json\/wp\/v2\/categories?post=20945"},{"taxonomy":"post_tag","embeddable":true,"href":"https:\/\/abd.ong\/ca\/wp-json\/wp\/v2\/tags?post=20945"}],"curies":[{"name":"wp","href":"https:\/\/api.w.org\/{rel}","templated":true}]}}