{"id":19546,"date":"2021-02-12T11:05:00","date_gmt":"2021-02-12T10:05:00","guid":{"rendered":"https:\/\/abd.ong\/?p=19546"},"modified":"2021-12-14T10:11:36","modified_gmt":"2021-12-14T09:11:36","slug":"abd-presenta-les-propostes-per-construir-una-catalunya-mes-social-a-erc","status":"publish","type":"post","link":"https:\/\/abd.ong\/ca\/general-ca\/abd-presenta-les-propostes-per-construir-una-catalunya-mes-social-a-erc\/","title":{"rendered":"ABD presenta les propostes per construir una Catalunya m\u00e9s social a ERC"},"content":{"rendered":"\n<h3 class=\"wp-block-heading\"><em>La presidenta i la gerent de l\u2019Associaci\u00f3 Benestar i Desenvolupament ABD, Felisa P\u00e9rez i \u00c0ngels Guiteras, tanquen la ronda de contactes amb els partits pol\u00edtics que es presenten a<\/em> <em>les eleccions catalanes<\/em><\/h3>\n\n\n\n<div style=\"height:25px\" aria-hidden=\"true\" class=\"wp-block-spacer\"><\/div>\n\n\n\n<h3 class=\"wp-block-heading\"><em>La direcci\u00f3 d\u2019ABD ha tram\u00e9s un dec\u00e0leg de propostes que hauria de formar part de l\u2019agenda social de Catalunya durant la propera legislatura a la n\u00famero 2 de la llista d\u2019ERC, Laura Vilagr\u00e0<\/em><\/h3>\n\n\n\n<div style=\"height:50px\" aria-hidden=\"true\" class=\"wp-block-spacer\"><\/div>\n\n\n\n<p>La presidenta i la gerent de l\u2019<a href=\"https:\/\/abd.ong\/ca\/\" target=\"_blank\" rel=\"noreferrer noopener\">Associaci\u00f3 Benestar i Desenvolupament ABD<\/a>, <strong>Felisa P\u00e9rez<\/strong> i <strong>\u00c0ngels Guiteras<\/strong>, han tancat avui la ronda de contactes amb els partits pol\u00edtics que es presenten a les eleccions catalanes que se celebren aquest diumenge 14 de febrer. L\u2019objectiu d\u2019aquestes trobades \u00e9s la presentaci\u00f3 de les propostes que des d\u2019<a href=\"https:\/\/abd.ong\/ca\/\" target=\"_blank\" rel=\"noreferrer noopener\">ABD<\/a> entenem que haurien de marcar l\u2019agenda social de Catalunya durant la propera legislatura.<\/p>\n\n\n\n<p>En aquesta ocasi\u00f3, la direcci\u00f3 d\u2019<a href=\"https:\/\/abd.ong\/ca\/\" target=\"_blank\" rel=\"noreferrer noopener\">ABD<\/a> s\u2019ha reunit telem\u00e0ticament amb <strong>Laura Vilagr\u00e0<\/strong>, n\u00famero 2 de la candidatura d\u2019<a href=\"https:\/\/www.esquerra.cat\/ca\/inici\" target=\"_blank\" rel=\"noreferrer noopener\">Esquerra Republicana de Catalunya (ERC) <\/a>que encap\u00e7ala <strong>Pere Aragon\u00e8s<\/strong>. Per part de la formaci\u00f3 republicana, tamb\u00e9 hi han pres part la secret\u00e0ria nacional de Drets Socials i Ciutadania, <strong>Agn\u00e8s Rotger<\/strong>, i altres integrants de la sectorial de Benestar Social.<\/p>\n\n\n\n<p>Durant la reuni\u00f3, la representaci\u00f3 d\u2019<a href=\"https:\/\/abd.ong\/ca\/\" target=\"_blank\" rel=\"noreferrer noopener\">ABD<\/a> ha presentat l\u2019entitat destacant-ne una vegada m\u00e9s <strong>el seu car\u00e0cter singular amb gaireb\u00e9 quaranta anys de comprom\u00eds social<\/strong>. En aquest sentit, cal tenir en compte que des de l\u2019<a href=\"https:\/\/abd.ong\/ca\/\" target=\"_blank\" rel=\"noreferrer noopener\">Associaci\u00f3 Benestar i Desenvolupament <\/a>intervenim per reduir les desigualtats i la vulnerabilitat social i sanit\u00e0ria a trav\u00e9s d\u2019un ampli ventall d\u2019accions mitjan\u00e7ant les quals <strong>atenem cada any m\u00e9s de 100.000 persones<\/strong>.<\/p>\n\n\n\n<div style=\"height:25px\" aria-hidden=\"true\" class=\"wp-block-spacer\"><\/div>\n\n\n\n<h4 class=\"wp-block-heading\">10 propostes per una Catalunya m\u00e9s social<\/h4>\n\n\n\n<div style=\"height:25px\" aria-hidden=\"true\" class=\"wp-block-spacer\"><\/div>\n\n\n\n<p>Despr\u00e9s de la presentaci\u00f3 de l\u2019entitat, P\u00e9rez i Guiteras han exposat el <strong>dec\u00e0leg de propostes d\u2019ABD per a construir una Catalunya m\u00e9s social<\/strong> que es pot consultar a continuaci\u00f3:<\/p>\n\n\n\n<div style=\"height:25px\" aria-hidden=\"true\" class=\"wp-block-spacer\"><\/div>\n\n\n\n<figure class=\"wp-block-image size-large\"><img fetchpriority=\"high\" decoding=\"async\" width=\"724\" height=\"1024\" src=\"\/wp-content\/uploads\/2021\/02\/Dec\u00e0leg-ABD-per-una-Catalunya-m\u00e9s-social_page-0001-724x1024.jpg\" alt=\"\" class=\"wp-image-19267\" srcset=\"https:\/\/abd.ong\/wp-content\/uploads\/2021\/02\/Dec\u00e0leg-ABD-per-una-Catalunya-m\u00e9s-social_page-0001-724x1024.jpg 724w, https:\/\/abd.ong\/wp-content\/uploads\/2021\/02\/Dec\u00e0leg-ABD-per-una-Catalunya-m\u00e9s-social_page-0001-212x300.jpg 212w, https:\/\/abd.ong\/wp-content\/uploads\/2021\/02\/Dec\u00e0leg-ABD-per-una-Catalunya-m\u00e9s-social_page-0001-768x1086.jpg 768w, https:\/\/abd.ong\/wp-content\/uploads\/2021\/02\/Dec\u00e0leg-ABD-per-una-Catalunya-m\u00e9s-social_page-0001-1086x1536.jpg 1086w, https:\/\/abd.ong\/wp-content\/uploads\/2021\/02\/Dec\u00e0leg-ABD-per-una-Catalunya-m\u00e9s-social_page-0001.jpg 1241w\" sizes=\"(max-width: 724px) 100vw, 724px\" \/><\/figure>\n\n\n\n<figure class=\"wp-block-image size-large\"><img decoding=\"async\" width=\"724\" height=\"1024\" src=\"\/wp-content\/uploads\/2021\/02\/Dec\u00e0leg-ABD-per-una-Catalunya-m\u00e9s-social_page-0002-724x1024.jpg\" alt=\"\" class=\"wp-image-19270\" srcset=\"https:\/\/abd.ong\/wp-content\/uploads\/2021\/02\/Dec\u00e0leg-ABD-per-una-Catalunya-m\u00e9s-social_page-0002-724x1024.jpg 724w, https:\/\/abd.ong\/wp-content\/uploads\/2021\/02\/Dec\u00e0leg-ABD-per-una-Catalunya-m\u00e9s-social_page-0002-212x300.jpg 212w, https:\/\/abd.ong\/wp-content\/uploads\/2021\/02\/Dec\u00e0leg-ABD-per-una-Catalunya-m\u00e9s-social_page-0002-768x1086.jpg 768w, https:\/\/abd.ong\/wp-content\/uploads\/2021\/02\/Dec\u00e0leg-ABD-per-una-Catalunya-m\u00e9s-social_page-0002-1086x1536.jpg 1086w, https:\/\/abd.ong\/wp-content\/uploads\/2021\/02\/Dec\u00e0leg-ABD-per-una-Catalunya-m\u00e9s-social_page-0002.jpg 1241w\" sizes=\"(max-width: 724px) 100vw, 724px\" \/><\/figure>\n\n\n\n<figure class=\"wp-block-image size-large\"><img decoding=\"async\" width=\"724\" height=\"1024\" src=\"\/wp-content\/uploads\/2021\/02\/Dec\u00e0leg-ABD-per-una-Catalunya-m\u00e9s-social_page-0003-1-724x1024.jpg\" alt=\"\" class=\"wp-image-19353\" srcset=\"https:\/\/abd.ong\/wp-content\/uploads\/2021\/02\/Dec\u00e0leg-ABD-per-una-Catalunya-m\u00e9s-social_page-0003-1-724x1024.jpg 724w, https:\/\/abd.ong\/wp-content\/uploads\/2021\/02\/Dec\u00e0leg-ABD-per-una-Catalunya-m\u00e9s-social_page-0003-1-212x300.jpg 212w, https:\/\/abd.ong\/wp-content\/uploads\/2021\/02\/Dec\u00e0leg-ABD-per-una-Catalunya-m\u00e9s-social_page-0003-1-768x1086.jpg 768w, https:\/\/abd.ong\/wp-content\/uploads\/2021\/02\/Dec\u00e0leg-ABD-per-una-Catalunya-m\u00e9s-social_page-0003-1-1086x1536.jpg 1086w, https:\/\/abd.ong\/wp-content\/uploads\/2021\/02\/Dec\u00e0leg-ABD-per-una-Catalunya-m\u00e9s-social_page-0003-1.jpg 1241w\" sizes=\"(max-width: 724px) 100vw, 724px\" \/><\/figure>\n\n\n\n<div style=\"height:25px\" aria-hidden=\"true\" class=\"wp-block-spacer\"><\/div>\n\n\n\n<p>M\u00e9s enll\u00e0 de les propostes concretes, des d\u2019<a href=\"https:\/\/abd.ong\/ca\/\" target=\"_blank\" rel=\"noreferrer noopener\">ABD<\/a> tamb\u00e9 s\u2019ha remarcat que la <strong>pand\u00e8mia de la Covid-19<\/strong> ha accentuat unes desigualtats&nbsp; sist\u00e8miques que requereixen de <em>\u201crespostes properes, acollidores, compartides i solid\u00e0ries que garanteixin drets, que disminueixin desigualtats i que ens condueixin al m\u00f3n que volem\u201d<\/em>.<\/p>\n","protected":false},"excerpt":{"rendered":"<p>La presidenta i la gerent de l\u2019Associaci\u00f3 Benestar i Desenvolupament ABD, Felisa P\u00e9rez i \u00c0ngels Guiteras, tanquen la ronda de contactes amb els partits pol\u00edtics que es presenten a les&hellip;<\/p>\n","protected":false},"author":2,"featured_media":19578,"comment_status":"closed","ping_status":"closed","sticky":false,"template":"","format":"standard","meta":{"_acf_changed":false,"footnotes":""},"categories":[66],"tags":[2157,2155,2209,1117,2190,2193,2198,1115,2208,2207,2206],"class_list":["post-19546","post","type-post","status-publish","format-standard","has-post-thumbnail","hentry","category-general-ca","tag-14f","tag-agenda-social","tag-agnes-rotger","tag-angels-guiteras-ca-2","tag-catalunya-mes-social","tag-eleccions-14f","tag-eleccions-catalanes","tag-felisa-perez-ca-2","tag-laura-vilagra","tag-pere-aragones","tag-reunio-abd-i-erc"],"acf":[],"yoast_head":"<!-- This site is optimized with the Yoast SEO plugin v27.4 - https:\/\/yoast.com\/product\/yoast-seo-wordpress\/ -->\n<title>ABD presenta les propostes per construir una Catalunya m\u00e9s social a ERC - ABD<\/title>\n<meta name=\"description\" content=\"La presidenta i la gerent de l\u2019Associaci\u00f3 Benestar i Desenvolupament ABD, Felisa P\u00e9rez i \u00c0ngels Guiteras, tanquen la ronda de contactes amb els partits\" \/>\n<meta name=\"robots\" content=\"index, follow, max-snippet:-1, max-image-preview:large, max-video-preview:-1\" \/>\n<link rel=\"canonical\" href=\"https:\/\/abd.ong\/ca\/general-ca\/abd-presenta-les-propostes-per-construir-una-catalunya-mes-social-a-erc\/\" \/>\n<meta property=\"og:locale\" content=\"ca_ES\" \/>\n<meta property=\"og:type\" content=\"article\" \/>\n<meta property=\"og:title\" content=\"ABD presenta les propostes per construir una Catalunya m\u00e9s social a ERC - ABD\" \/>\n<meta property=\"og:description\" content=\"La presidenta i la gerent de l\u2019Associaci\u00f3 Benestar i Desenvolupament ABD, Felisa P\u00e9rez i \u00c0ngels Guiteras, tanquen la ronda de contactes amb els partits\" \/>\n<meta property=\"og:url\" content=\"https:\/\/abd.ong\/ca\/general-ca\/abd-presenta-les-propostes-per-construir-una-catalunya-mes-social-a-erc\/\" \/>\n<meta property=\"og:site_name\" content=\"ABD\" \/>\n<meta property=\"article:publisher\" content=\"https:\/\/www.facebook.com\/abd.ong\" \/>\n<meta property=\"article:published_time\" content=\"2021-02-12T10:05:00+00:00\" \/>\n<meta property=\"article:modified_time\" content=\"2021-12-14T09:11:36+00:00\" \/>\n<meta property=\"og:image\" content=\"https:\/\/abd.ong\/wp-content\/uploads\/2021\/02\/erc7.jpg\" \/>\n\t<meta property=\"og:image:width\" content=\"1440\" \/>\n\t<meta property=\"og:image:height\" content=\"726\" \/>\n\t<meta property=\"og:image:type\" content=\"image\/jpeg\" \/>\n<meta name=\"author\" content=\"Enric Guinart\" \/>\n<meta name=\"twitter:card\" content=\"summary_large_image\" \/>\n<meta name=\"twitter:creator\" content=\"@abd_ong\" \/>\n<meta name=\"twitter:site\" content=\"@abd_ong\" \/>\n<meta name=\"twitter:label1\" content=\"Escrit per\" \/>\n\t<meta name=\"twitter:data1\" content=\"Enric Guinart\" \/>\n\t<meta name=\"twitter:label2\" content=\"Temps estimat de lectura\" \/>\n\t<meta name=\"twitter:data2\" content=\"3 minuts\" \/>\n<script type=\"application\/ld+json\" class=\"yoast-schema-graph\">{\"@context\":\"https:\\\/\\\/schema.org\",\"@graph\":[{\"@type\":\"Article\",\"@id\":\"https:\\\/\\\/abd.ong\\\/ca\\\/general-ca\\\/abd-presenta-les-propostes-per-construir-una-catalunya-mes-social-a-erc\\\/#article\",\"isPartOf\":{\"@id\":\"https:\\\/\\\/abd.ong\\\/ca\\\/general-ca\\\/abd-presenta-les-propostes-per-construir-una-catalunya-mes-social-a-erc\\\/\"},\"author\":{\"name\":\"Enric Guinart\",\"@id\":\"https:\\\/\\\/abd.ong\\\/ca\\\/#\\\/schema\\\/person\\\/d0f5fe279a7ad908de6a6d1332bfd7d8\"},\"headline\":\"ABD presenta les propostes per construir una Catalunya m\u00e9s social a ERC\",\"datePublished\":\"2021-02-12T10:05:00+00:00\",\"dateModified\":\"2021-12-14T09:11:36+00:00\",\"mainEntityOfPage\":{\"@id\":\"https:\\\/\\\/abd.ong\\\/ca\\\/general-ca\\\/abd-presenta-les-propostes-per-construir-una-catalunya-mes-social-a-erc\\\/\"},\"wordCount\":394,\"publisher\":{\"@id\":\"https:\\\/\\\/abd.ong\\\/ca\\\/#organization\"},\"image\":{\"@id\":\"https:\\\/\\\/abd.ong\\\/ca\\\/general-ca\\\/abd-presenta-les-propostes-per-construir-una-catalunya-mes-social-a-erc\\\/#primaryimage\"},\"thumbnailUrl\":\"https:\\\/\\\/abd.ong\\\/wp-content\\\/uploads\\\/2021\\\/02\\\/erc7.jpg\",\"keywords\":[\"14F\",\"agenda social\",\"Agn\u00e8s Rotger\",\"\u00c0ngels Guiteras\",\"Catalunya m\u00e9s social\",\"eleccions 14F\",\"eleccions catalanes\",\"Felisa P\u00e9rez\",\"Laura Vilagr\u00e0\",\"Pere Aragon\u00e8s\",\"Reuni\u00f3 ABD i ERC\"],\"articleSection\":[\"General\"],\"inLanguage\":\"ca\"},{\"@type\":\"WebPage\",\"@id\":\"https:\\\/\\\/abd.ong\\\/ca\\\/general-ca\\\/abd-presenta-les-propostes-per-construir-una-catalunya-mes-social-a-erc\\\/\",\"url\":\"https:\\\/\\\/abd.ong\\\/ca\\\/general-ca\\\/abd-presenta-les-propostes-per-construir-una-catalunya-mes-social-a-erc\\\/\",\"name\":\"ABD presenta les propostes per construir una Catalunya m\u00e9s social a ERC - ABD\",\"isPartOf\":{\"@id\":\"https:\\\/\\\/abd.ong\\\/ca\\\/#website\"},\"primaryImageOfPage\":{\"@id\":\"https:\\\/\\\/abd.ong\\\/ca\\\/general-ca\\\/abd-presenta-les-propostes-per-construir-una-catalunya-mes-social-a-erc\\\/#primaryimage\"},\"image\":{\"@id\":\"https:\\\/\\\/abd.ong\\\/ca\\\/general-ca\\\/abd-presenta-les-propostes-per-construir-una-catalunya-mes-social-a-erc\\\/#primaryimage\"},\"thumbnailUrl\":\"https:\\\/\\\/abd.ong\\\/wp-content\\\/uploads\\\/2021\\\/02\\\/erc7.jpg\",\"datePublished\":\"2021-02-12T10:05:00+00:00\",\"dateModified\":\"2021-12-14T09:11:36+00:00\",\"description\":\"La presidenta i la gerent de l\u2019Associaci\u00f3 Benestar i Desenvolupament ABD, Felisa P\u00e9rez i \u00c0ngels Guiteras, tanquen la ronda de contactes amb els partits\",\"breadcrumb\":{\"@id\":\"https:\\\/\\\/abd.ong\\\/ca\\\/general-ca\\\/abd-presenta-les-propostes-per-construir-una-catalunya-mes-social-a-erc\\\/#breadcrumb\"},\"inLanguage\":\"ca\",\"potentialAction\":[{\"@type\":\"ReadAction\",\"target\":[\"https:\\\/\\\/abd.ong\\\/ca\\\/general-ca\\\/abd-presenta-les-propostes-per-construir-una-catalunya-mes-social-a-erc\\\/\"]}]},{\"@type\":\"ImageObject\",\"inLanguage\":\"ca\",\"@id\":\"https:\\\/\\\/abd.ong\\\/ca\\\/general-ca\\\/abd-presenta-les-propostes-per-construir-una-catalunya-mes-social-a-erc\\\/#primaryimage\",\"url\":\"https:\\\/\\\/abd.ong\\\/wp-content\\\/uploads\\\/2021\\\/02\\\/erc7.jpg\",\"contentUrl\":\"https:\\\/\\\/abd.ong\\\/wp-content\\\/uploads\\\/2021\\\/02\\\/erc7.jpg\",\"width\":1440,\"height\":726},{\"@type\":\"BreadcrumbList\",\"@id\":\"https:\\\/\\\/abd.ong\\\/ca\\\/general-ca\\\/abd-presenta-les-propostes-per-construir-una-catalunya-mes-social-a-erc\\\/#breadcrumb\",\"itemListElement\":[{\"@type\":\"ListItem\",\"position\":1,\"name\":\"Inici\",\"item\":\"https:\\\/\\\/abd.ong\\\/ca\\\/\"},{\"@type\":\"ListItem\",\"position\":2,\"name\":\"ABD presenta les propostes per construir una Catalunya m\u00e9s social a ERC\"}]},{\"@type\":\"WebSite\",\"@id\":\"https:\\\/\\\/abd.ong\\\/ca\\\/#website\",\"url\":\"https:\\\/\\\/abd.ong\\\/ca\\\/\",\"name\":\"ABD\",\"description\":\"Asociaci\u00f3n Bienestar y Desarrollo\",\"publisher\":{\"@id\":\"https:\\\/\\\/abd.ong\\\/ca\\\/#organization\"},\"potentialAction\":[{\"@type\":\"SearchAction\",\"target\":{\"@type\":\"EntryPoint\",\"urlTemplate\":\"https:\\\/\\\/abd.ong\\\/ca\\\/?s={search_term_string}\"},\"query-input\":{\"@type\":\"PropertyValueSpecification\",\"valueRequired\":true,\"valueName\":\"search_term_string\"}}],\"inLanguage\":\"ca\"},{\"@type\":\"Organization\",\"@id\":\"https:\\\/\\\/abd.ong\\\/ca\\\/#organization\",\"name\":\"Associaci\u00f3 Benestar i Desenvolupament\",\"alternateName\":\"ABD\",\"url\":\"https:\\\/\\\/abd.ong\\\/ca\\\/\",\"logo\":{\"@type\":\"ImageObject\",\"inLanguage\":\"ca\",\"@id\":\"https:\\\/\\\/abd.ong\\\/ca\\\/#\\\/schema\\\/logo\\\/image\\\/\",\"url\":\"https:\\\/\\\/abd.ong\\\/wp-content\\\/uploads\\\/2023\\\/01\\\/Icona.png\",\"contentUrl\":\"https:\\\/\\\/abd.ong\\\/wp-content\\\/uploads\\\/2023\\\/01\\\/Icona.png\",\"width\":190,\"height\":187,\"caption\":\"Associaci\u00f3 Benestar i Desenvolupament\"},\"image\":{\"@id\":\"https:\\\/\\\/abd.ong\\\/ca\\\/#\\\/schema\\\/logo\\\/image\\\/\"},\"sameAs\":[\"https:\\\/\\\/www.facebook.com\\\/abd.ong\",\"https:\\\/\\\/x.com\\\/abd_ong\",\"https:\\\/\\\/www.instagram.com\\\/abd_ong\\\/\",\"https:\\\/\\\/www.linkedin.com\\\/company\\\/abdong\",\"https:\\\/\\\/www.youtube.com\\\/user\\\/CANALABD\"]},{\"@type\":\"Person\",\"@id\":\"https:\\\/\\\/abd.ong\\\/ca\\\/#\\\/schema\\\/person\\\/d0f5fe279a7ad908de6a6d1332bfd7d8\",\"name\":\"Enric Guinart\"}]}<\/script>\n<!-- \/ Yoast SEO plugin. -->","yoast_head_json":{"title":"ABD presenta les propostes per construir una Catalunya m\u00e9s social a ERC - ABD","description":"La presidenta i la gerent de l\u2019Associaci\u00f3 Benestar i Desenvolupament ABD, Felisa P\u00e9rez i \u00c0ngels Guiteras, tanquen la ronda de contactes amb els partits","robots":{"index":"index","follow":"follow","max-snippet":"max-snippet:-1","max-image-preview":"max-image-preview:large","max-video-preview":"max-video-preview:-1"},"canonical":"https:\/\/abd.ong\/ca\/general-ca\/abd-presenta-les-propostes-per-construir-una-catalunya-mes-social-a-erc\/","og_locale":"ca_ES","og_type":"article","og_title":"ABD presenta les propostes per construir una Catalunya m\u00e9s social a ERC - ABD","og_description":"La presidenta i la gerent de l\u2019Associaci\u00f3 Benestar i Desenvolupament ABD, Felisa P\u00e9rez i \u00c0ngels Guiteras, tanquen la ronda de contactes amb els partits","og_url":"https:\/\/abd.ong\/ca\/general-ca\/abd-presenta-les-propostes-per-construir-una-catalunya-mes-social-a-erc\/","og_site_name":"ABD","article_publisher":"https:\/\/www.facebook.com\/abd.ong","article_published_time":"2021-02-12T10:05:00+00:00","article_modified_time":"2021-12-14T09:11:36+00:00","og_image":[{"width":1440,"height":726,"url":"https:\/\/abd.ong\/wp-content\/uploads\/2021\/02\/erc7.jpg","type":"image\/jpeg"}],"author":"Enric Guinart","twitter_card":"summary_large_image","twitter_creator":"@abd_ong","twitter_site":"@abd_ong","twitter_misc":{"Escrit per":"Enric Guinart","Temps estimat de lectura":"3 minuts"},"schema":{"@context":"https:\/\/schema.org","@graph":[{"@type":"Article","@id":"https:\/\/abd.ong\/ca\/general-ca\/abd-presenta-les-propostes-per-construir-una-catalunya-mes-social-a-erc\/#article","isPartOf":{"@id":"https:\/\/abd.ong\/ca\/general-ca\/abd-presenta-les-propostes-per-construir-una-catalunya-mes-social-a-erc\/"},"author":{"name":"Enric Guinart","@id":"https:\/\/abd.ong\/ca\/#\/schema\/person\/d0f5fe279a7ad908de6a6d1332bfd7d8"},"headline":"ABD presenta les propostes per construir una Catalunya m\u00e9s social a ERC","datePublished":"2021-02-12T10:05:00+00:00","dateModified":"2021-12-14T09:11:36+00:00","mainEntityOfPage":{"@id":"https:\/\/abd.ong\/ca\/general-ca\/abd-presenta-les-propostes-per-construir-una-catalunya-mes-social-a-erc\/"},"wordCount":394,"publisher":{"@id":"https:\/\/abd.ong\/ca\/#organization"},"image":{"@id":"https:\/\/abd.ong\/ca\/general-ca\/abd-presenta-les-propostes-per-construir-una-catalunya-mes-social-a-erc\/#primaryimage"},"thumbnailUrl":"https:\/\/abd.ong\/wp-content\/uploads\/2021\/02\/erc7.jpg","keywords":["14F","agenda social","Agn\u00e8s Rotger","\u00c0ngels Guiteras","Catalunya m\u00e9s social","eleccions 14F","eleccions catalanes","Felisa P\u00e9rez","Laura Vilagr\u00e0","Pere Aragon\u00e8s","Reuni\u00f3 ABD i ERC"],"articleSection":["General"],"inLanguage":"ca"},{"@type":"WebPage","@id":"https:\/\/abd.ong\/ca\/general-ca\/abd-presenta-les-propostes-per-construir-una-catalunya-mes-social-a-erc\/","url":"https:\/\/abd.ong\/ca\/general-ca\/abd-presenta-les-propostes-per-construir-una-catalunya-mes-social-a-erc\/","name":"ABD presenta les propostes per construir una Catalunya m\u00e9s social a ERC - ABD","isPartOf":{"@id":"https:\/\/abd.ong\/ca\/#website"},"primaryImageOfPage":{"@id":"https:\/\/abd.ong\/ca\/general-ca\/abd-presenta-les-propostes-per-construir-una-catalunya-mes-social-a-erc\/#primaryimage"},"image":{"@id":"https:\/\/abd.ong\/ca\/general-ca\/abd-presenta-les-propostes-per-construir-una-catalunya-mes-social-a-erc\/#primaryimage"},"thumbnailUrl":"https:\/\/abd.ong\/wp-content\/uploads\/2021\/02\/erc7.jpg","datePublished":"2021-02-12T10:05:00+00:00","dateModified":"2021-12-14T09:11:36+00:00","description":"La presidenta i la gerent de l\u2019Associaci\u00f3 Benestar i Desenvolupament ABD, Felisa P\u00e9rez i \u00c0ngels Guiteras, tanquen la ronda de contactes amb els partits","breadcrumb":{"@id":"https:\/\/abd.ong\/ca\/general-ca\/abd-presenta-les-propostes-per-construir-una-catalunya-mes-social-a-erc\/#breadcrumb"},"inLanguage":"ca","potentialAction":[{"@type":"ReadAction","target":["https:\/\/abd.ong\/ca\/general-ca\/abd-presenta-les-propostes-per-construir-una-catalunya-mes-social-a-erc\/"]}]},{"@type":"ImageObject","inLanguage":"ca","@id":"https:\/\/abd.ong\/ca\/general-ca\/abd-presenta-les-propostes-per-construir-una-catalunya-mes-social-a-erc\/#primaryimage","url":"https:\/\/abd.ong\/wp-content\/uploads\/2021\/02\/erc7.jpg","contentUrl":"https:\/\/abd.ong\/wp-content\/uploads\/2021\/02\/erc7.jpg","width":1440,"height":726},{"@type":"BreadcrumbList","@id":"https:\/\/abd.ong\/ca\/general-ca\/abd-presenta-les-propostes-per-construir-una-catalunya-mes-social-a-erc\/#breadcrumb","itemListElement":[{"@type":"ListItem","position":1,"name":"Inici","item":"https:\/\/abd.ong\/ca\/"},{"@type":"ListItem","position":2,"name":"ABD presenta les propostes per construir una Catalunya m\u00e9s social a ERC"}]},{"@type":"WebSite","@id":"https:\/\/abd.ong\/ca\/#website","url":"https:\/\/abd.ong\/ca\/","name":"ABD","description":"Asociaci\u00f3n Bienestar y Desarrollo","publisher":{"@id":"https:\/\/abd.ong\/ca\/#organization"},"potentialAction":[{"@type":"SearchAction","target":{"@type":"EntryPoint","urlTemplate":"https:\/\/abd.ong\/ca\/?s={search_term_string}"},"query-input":{"@type":"PropertyValueSpecification","valueRequired":true,"valueName":"search_term_string"}}],"inLanguage":"ca"},{"@type":"Organization","@id":"https:\/\/abd.ong\/ca\/#organization","name":"Associaci\u00f3 Benestar i Desenvolupament","alternateName":"ABD","url":"https:\/\/abd.ong\/ca\/","logo":{"@type":"ImageObject","inLanguage":"ca","@id":"https:\/\/abd.ong\/ca\/#\/schema\/logo\/image\/","url":"https:\/\/abd.ong\/wp-content\/uploads\/2023\/01\/Icona.png","contentUrl":"https:\/\/abd.ong\/wp-content\/uploads\/2023\/01\/Icona.png","width":190,"height":187,"caption":"Associaci\u00f3 Benestar i Desenvolupament"},"image":{"@id":"https:\/\/abd.ong\/ca\/#\/schema\/logo\/image\/"},"sameAs":["https:\/\/www.facebook.com\/abd.ong","https:\/\/x.com\/abd_ong","https:\/\/www.instagram.com\/abd_ong\/","https:\/\/www.linkedin.com\/company\/abdong","https:\/\/www.youtube.com\/user\/CANALABD"]},{"@type":"Person","@id":"https:\/\/abd.ong\/ca\/#\/schema\/person\/d0f5fe279a7ad908de6a6d1332bfd7d8","name":"Enric Guinart"}]}},"_links":{"self":[{"href":"https:\/\/abd.ong\/ca\/wp-json\/wp\/v2\/posts\/19546","targetHints":{"allow":["GET"]}}],"collection":[{"href":"https:\/\/abd.ong\/ca\/wp-json\/wp\/v2\/posts"}],"about":[{"href":"https:\/\/abd.ong\/ca\/wp-json\/wp\/v2\/types\/post"}],"author":[{"embeddable":true,"href":"https:\/\/abd.ong\/ca\/wp-json\/wp\/v2\/users\/2"}],"replies":[{"embeddable":true,"href":"https:\/\/abd.ong\/ca\/wp-json\/wp\/v2\/comments?post=19546"}],"version-history":[{"count":3,"href":"https:\/\/abd.ong\/ca\/wp-json\/wp\/v2\/posts\/19546\/revisions"}],"predecessor-version":[{"id":19577,"href":"https:\/\/abd.ong\/ca\/wp-json\/wp\/v2\/posts\/19546\/revisions\/19577"}],"wp:featuredmedia":[{"embeddable":true,"href":"https:\/\/abd.ong\/ca\/wp-json\/wp\/v2\/media\/19578"}],"wp:attachment":[{"href":"https:\/\/abd.ong\/ca\/wp-json\/wp\/v2\/media?parent=19546"}],"wp:term":[{"taxonomy":"category","embeddable":true,"href":"https:\/\/abd.ong\/ca\/wp-json\/wp\/v2\/categories?post=19546"},{"taxonomy":"post_tag","embeddable":true,"href":"https:\/\/abd.ong\/ca\/wp-json\/wp\/v2\/tags?post=19546"}],"curies":[{"name":"wp","href":"https:\/\/api.w.org\/{rel}","templated":true}]}}