{"id":19237,"date":"2021-02-03T18:39:15","date_gmt":"2021-02-03T17:39:15","guid":{"rendered":"https:\/\/abd.ong\/?p=19237"},"modified":"2022-11-08T09:46:11","modified_gmt":"2022-11-08T08:46:11","slug":"comenca-el-projecte-cut-all-ties-per-i-reduir-la-violencia-de-genere-entre-la-joventut","status":"publish","type":"post","link":"https:\/\/abd.ong\/ca\/igualtat-de-genere\/comenca-el-projecte-cut-all-ties-per-i-reduir-la-violencia-de-genere-entre-la-joventut\/","title":{"rendered":"Comen\u00e7a el projecte &#8216;Cut All Ties&#8217; per prevenir i reduir la viol\u00e8ncia de g\u00e8nere entre la joventut"},"content":{"rendered":"\n<p>L&#8217;<a rel=\"noreferrer noopener\" href=\"https:\/\/abd.ong\/ca\/\" target=\"_blank\">Associaci\u00f3 Benestar i Desenvolupament ABD <\/a>coordina el projecte <strong><em>Cut All Ties. Innovation to foster critical thinking tackling gender-based violence on youth affective sexual relationships<\/em><\/strong>, cofinan\u00e7at pel <a rel=\"noreferrer noopener\" href=\"https:\/\/ec.europa.eu\/info\/funding-tenders\/opportunities\/portal\/screen\/programmes\/rec\" target=\"_blank\">REC Program<\/a> de la Comissi\u00f3 Europea i en col\u00b7laboraci\u00f3 amb <a rel=\"noreferrer noopener\" href=\"https:\/\/www.acra.it\/it\/\" target=\"_blank\">Fondazione Acra<\/a> i <a rel=\"noreferrer noopener\" href=\"https:\/\/citibeats.com\/\" target=\"_blank\">Citibeats<\/a>, amb l&#8217;objectiu de prevenir i reduir la viol\u00e8ncia de g\u00e8nere entre la joventut.<\/p>\n\n\n\n<p>Els dies 28 i 29 de gener de 2021, les tres entitats s\u00f2cies del projecte han celebrat les reunions de llan\u00e7ament <em>online <\/em>per inaugurar el projecte i comen\u00e7ar a treballar de manera coordinada sobre les principals accions i resultats.<\/p>\n\n\n\n<p>El projecte <em>Cut All Ties<\/em> es dur\u00e0 a terme fins al <strong>gener del 2023<\/strong> i vol combatre la viol\u00e8ncia de g\u00e8nere mitjan\u00e7ant el disseny, implementaci\u00f3 i validaci\u00f3 d\u2019una metodologia pilot de gamificaci\u00f3 TIC efica\u00e7 i innovadora, per tal de difondre missatges de sensibilitzaci\u00f3, prevenci\u00f3 i reduir la viol\u00e8ncia de g\u00e8nere entre joves de 15 a 17 anys en 6 instituts de Barcelona, \u200b\u200bMadrid i Mil\u00e0.<\/p>\n\n\n\n<figure class=\"wp-block-image size-large\"><img fetchpriority=\"high\" decoding=\"async\" width=\"833\" height=\"481\" src=\"\/wp-content\/uploads\/2021\/02\/2nd-day-kick-off-meeting.jpg\" alt=\"\" class=\"wp-image-19230\" srcset=\"https:\/\/abd.ong\/wp-content\/uploads\/2021\/02\/2nd-day-kick-off-meeting.jpg 833w, https:\/\/abd.ong\/wp-content\/uploads\/2021\/02\/2nd-day-kick-off-meeting-300x173.jpg 300w, https:\/\/abd.ong\/wp-content\/uploads\/2021\/02\/2nd-day-kick-off-meeting-768x443.jpg 768w\" sizes=\"(max-width: 833px) 100vw, 833px\" \/><\/figure>\n\n\n\n<div style=\"height:36px\" aria-hidden=\"true\" class=\"wp-block-spacer\"><\/div>\n\n\n\n<h4 class=\"wp-block-heading\"><strong>Avaluaci\u00f3 de les necessitats<\/strong><\/h4>\n\n\n\n<p>La primera macroenquesta de la UE sobre Viol\u00e8ncia de G\u00e8nere realitzada per l&#8217;Ag\u00e8ncia FRA de la UE el 2014 va observar que 13 milions de dones van patir viol\u00e8ncia f\u00edsica, 3,7 milions van patir viol\u00e8ncia sexual i 9 milions van ser v\u00edctimes d&#8217;assetjament sexual. Dit d\u2019una altra manera, 1 de cada 3 dones va patir viol\u00e8ncia de g\u00e8nere abans dels 15 anys, independentment del seu origen socioecon\u00f2mic o del seu pa\u00eds. Les proves van observar que la viol\u00e8ncia en l\u2019\u00e0mbit de la parella entre adults comen\u00e7a a l&#8217;adolesc\u00e8ncia i, a m\u00e9s, segons l&#8217;enquesta FRA del 2014, el 67% de les nenes\/dones no van informar dels incidents greus relacionats amb aquest fenomen.<\/p>\n\n\n\n<p>Tenint en compte aquesta situaci\u00f3, <em>Cut All Ties<\/em> se centra en la viol\u00e8ncia de g\u00e8nere en l\u2019\u00e0mbit de la parella, per prevenir-la i eradicar-la des de la joventut.<\/p>\n\n\n\n<div style=\"height:36px\" aria-hidden=\"true\" class=\"wp-block-spacer\"><\/div>\n\n\n\n<h4 class=\"wp-block-heading\">Activitats<\/h4>\n\n\n\n<p>Les <strong>principals activitats<\/strong> del projecte Cut All Ties s\u00f3n:<\/p>\n\n\n\n<ul class=\"wp-block-list\"><li>Investigaci\u00f3 entre els pa\u00efsos participants (Espanya i It\u00e0lia) per identificar les millors pr\u00e0ctiques de la UE.<\/li><li>Recollida de 200.000 dades mitjan\u00e7ant la creaci\u00f3 d\u2019una Plataforma transnacional d\u2019an\u00e0lisi de text d\u2019Intel\u00b7lig\u00e8ncia Artificial per identificar problemes socials urgents i an\u00f2nims de joves i ciutadans de Barcelona, \u200b\u200bMadrid i Mil\u00e0 relacionats amb problemes de viol\u00e8ncia de g\u00e8nere.<\/li><li>Disseny participatiu d\u2019un&nbsp; <strong>Capacity-Building Training (CBT) <\/strong>(Programa de Capacitaci\u00f3 i Formaci\u00f3) per ajudar a prevenir i identificar la viol\u00e8ncia de g\u00e8nere en les primeres relacions afectiu-sexuals dels joves, amb la participaci\u00f3 de 120 fam\u00edlies d\u2019estudiants de 6 escoles de secund\u00e0ria.<\/li><li>Prova i validaci\u00f3 del programa CBT als diferents instituts, formant 120 joves i 120 professors.<\/li><li>240 accions de sensibilitzaci\u00f3 desenvolupades per joves per prevenir la viol\u00e8ncia de g\u00e8nere en les relacions sexuals-afectives dels joves mitjan\u00e7ant la metodologia <a href=\"https:\/\/www.citibeats.com\/\">The Social Coin<\/a>, una cadena d\u2019accions volunt\u00e0ries amb impacte social.<\/li><li>Avaluaci\u00f3 de l&#8217;impacte pr\u00e0ctic de l&#8217;efic\u00e0cia del pilot en el canvi de normes \/ comportaments socials per tal de desenvolupar recomanacions pol\u00edtiques.<\/li><li>Campanyes de difusi\u00f3 nacionals i europees (presencials i en l\u00ednia) per tal de desenvolupar els resultats del projecte.<\/li><\/ul>\n\n\n\n<div style=\"height:36px\" aria-hidden=\"true\" class=\"wp-block-spacer\"><\/div>\n\n\n\n<h4 class=\"wp-block-heading\">Impacte esperat<\/h4>\n\n\n\n<p>Els <strong>principals resultats i impactes<\/strong> esperats del projecte s\u00f3n:<\/p>\n\n\n\n<ul class=\"wp-block-list\"><li>Reducci\u00f3 del 10% en actituds i comportaments que debiliten la igualtat de g\u00e8nere en les relacions afectiu-sexuals dels joves.<\/li><li>Increment del 20% del coneixement per identificar l\u2019escalada de la viol\u00e8ncia de g\u00e8nere contra les noies.<\/li><li>Increment del coneixement sobre recursos que donen suport a les v\u00edctimes de viol\u00e8ncia de g\u00e8nere.<\/li><li>120 estudiants es beneficien de la formaci\u00f3 per al desenvolupament de capacitats, prenen consci\u00e8ncia en q\u00fcestions relacionades amb la viol\u00e8ncia de g\u00e8nere i es converteixen en agents de canvi.<\/li><li>120 professors augmenten les seves eines educatives per prevenir i identificar problemes de viol\u00e8ncia de g\u00e8nere entre els estudiants.<\/li><li>30 <em>stakeholders <\/em>(entitats interessades)<em> <\/em>coincideixen en capitalitzar i ampliar els resultats del projecte.<\/li><\/ul>\n","protected":false},"excerpt":{"rendered":"<p>L&#8217;Associaci\u00f3 Benestar i Desenvolupament ABD coordina el projecte Cut All Ties. Innovation to foster critical thinking tackling gender-based violence on youth affective sexual relationships, cofinan\u00e7at pel REC Program de la&hellip;<\/p>\n","protected":false},"author":9,"featured_media":19215,"comment_status":"closed","ping_status":"closed","sticky":false,"template":"","format":"standard","meta":{"_acf_changed":false,"footnotes":""},"categories":[1302],"tags":[2181,2177,2178,1665,2173,2180,2179,1667],"class_list":["post-19237","post","type-post","status-publish","format-standard","has-post-thumbnail","hentry","category-igualtat-de-genere","tag-campanya","tag-cut-all-ties","tag-internacional-2","tag-joves-ca","tag-juventud","tag-sensibilitzacio","tag-violencia-de-genere","tag-violencies-ca"],"acf":[],"yoast_head":"<!-- This site is optimized with the Yoast SEO plugin v27.4 - https:\/\/yoast.com\/product\/yoast-seo-wordpress\/ -->\n<title>Comen\u00e7a el projecte &#039;Cut All Ties&#039; per prevenir i reduir la viol\u00e8ncia de g\u00e8nere entre la joventut - ABD<\/title>\n<meta name=\"description\" content=\"L&#039;Associaci\u00f3 Benestar i Desenvolupament ABD coordina el projecte Cut All Ties. Innovation to foster critical thinking tackling gender-based violence on\" \/>\n<meta name=\"robots\" content=\"index, follow, max-snippet:-1, max-image-preview:large, max-video-preview:-1\" \/>\n<link rel=\"canonical\" href=\"https:\/\/abd.ong\/ca\/igualtat-de-genere\/comenca-el-projecte-cut-all-ties-per-i-reduir-la-violencia-de-genere-entre-la-joventut\/\" \/>\n<meta property=\"og:locale\" content=\"ca_ES\" \/>\n<meta property=\"og:type\" content=\"article\" \/>\n<meta property=\"og:title\" content=\"Comen\u00e7a el projecte &#039;Cut All Ties&#039; per prevenir i reduir la viol\u00e8ncia de g\u00e8nere entre la joventut - ABD\" \/>\n<meta property=\"og:description\" content=\"L&#039;Associaci\u00f3 Benestar i Desenvolupament ABD coordina el projecte Cut All Ties. Innovation to foster critical thinking tackling gender-based violence on\" \/>\n<meta property=\"og:url\" content=\"https:\/\/abd.ong\/ca\/igualtat-de-genere\/comenca-el-projecte-cut-all-ties-per-i-reduir-la-violencia-de-genere-entre-la-joventut\/\" \/>\n<meta property=\"og:site_name\" content=\"ABD\" \/>\n<meta property=\"article:publisher\" content=\"https:\/\/www.facebook.com\/abd.ong\" \/>\n<meta property=\"article:published_time\" content=\"2021-02-03T17:39:15+00:00\" \/>\n<meta property=\"article:modified_time\" content=\"2022-11-08T08:46:11+00:00\" \/>\n<meta property=\"og:image\" content=\"https:\/\/abd.ong\/wp-content\/uploads\/2021\/02\/Cut-All-Ties-Portada.png\" \/>\n\t<meta property=\"og:image:width\" content=\"1199\" \/>\n\t<meta property=\"og:image:height\" content=\"673\" \/>\n\t<meta property=\"og:image:type\" content=\"image\/png\" \/>\n<meta name=\"author\" content=\"Maria Creixell\" \/>\n<meta name=\"twitter:card\" content=\"summary_large_image\" \/>\n<meta name=\"twitter:creator\" content=\"@abd_ong\" \/>\n<meta name=\"twitter:site\" content=\"@abd_ong\" \/>\n<meta name=\"twitter:label1\" content=\"Escrit per\" \/>\n\t<meta name=\"twitter:data1\" content=\"Maria Creixell\" \/>\n\t<meta name=\"twitter:label2\" content=\"Temps estimat de lectura\" \/>\n\t<meta name=\"twitter:data2\" content=\"3 minuts\" \/>\n<script type=\"application\/ld+json\" class=\"yoast-schema-graph\">{\"@context\":\"https:\\\/\\\/schema.org\",\"@graph\":[{\"@type\":\"Article\",\"@id\":\"https:\\\/\\\/abd.ong\\\/ca\\\/igualtat-de-genere\\\/comenca-el-projecte-cut-all-ties-per-i-reduir-la-violencia-de-genere-entre-la-joventut\\\/#article\",\"isPartOf\":{\"@id\":\"https:\\\/\\\/abd.ong\\\/ca\\\/igualtat-de-genere\\\/comenca-el-projecte-cut-all-ties-per-i-reduir-la-violencia-de-genere-entre-la-joventut\\\/\"},\"author\":{\"name\":\"Maria Creixell\",\"@id\":\"https:\\\/\\\/abd.ong\\\/ca\\\/#\\\/schema\\\/person\\\/d2e158b4173f683b3898e286f5b35a10\"},\"headline\":\"Comen\u00e7a el projecte &#8216;Cut All Ties&#8217; per prevenir i reduir la viol\u00e8ncia de g\u00e8nere entre la joventut\",\"datePublished\":\"2021-02-03T17:39:15+00:00\",\"dateModified\":\"2022-11-08T08:46:11+00:00\",\"mainEntityOfPage\":{\"@id\":\"https:\\\/\\\/abd.ong\\\/ca\\\/igualtat-de-genere\\\/comenca-el-projecte-cut-all-ties-per-i-reduir-la-violencia-de-genere-entre-la-joventut\\\/\"},\"wordCount\":691,\"publisher\":{\"@id\":\"https:\\\/\\\/abd.ong\\\/ca\\\/#organization\"},\"image\":{\"@id\":\"https:\\\/\\\/abd.ong\\\/ca\\\/igualtat-de-genere\\\/comenca-el-projecte-cut-all-ties-per-i-reduir-la-violencia-de-genere-entre-la-joventut\\\/#primaryimage\"},\"thumbnailUrl\":\"https:\\\/\\\/abd.ong\\\/wp-content\\\/uploads\\\/2021\\\/02\\\/Cut-All-Ties-Portada.png\",\"keywords\":[\"campanya\",\"Cut all ties\",\"internacional\",\"joves\",\"juventud\",\"sensibilitzaci\u00f3\",\"viol\u00e8ncia de g\u00e8nere\",\"viol\u00e8ncies\"],\"articleSection\":[\"Igualtat de g\u00e8nere\"],\"inLanguage\":\"ca\"},{\"@type\":\"WebPage\",\"@id\":\"https:\\\/\\\/abd.ong\\\/ca\\\/igualtat-de-genere\\\/comenca-el-projecte-cut-all-ties-per-i-reduir-la-violencia-de-genere-entre-la-joventut\\\/\",\"url\":\"https:\\\/\\\/abd.ong\\\/ca\\\/igualtat-de-genere\\\/comenca-el-projecte-cut-all-ties-per-i-reduir-la-violencia-de-genere-entre-la-joventut\\\/\",\"name\":\"Comen\u00e7a el projecte 'Cut All Ties' per prevenir i reduir la viol\u00e8ncia de g\u00e8nere entre la joventut - ABD\",\"isPartOf\":{\"@id\":\"https:\\\/\\\/abd.ong\\\/ca\\\/#website\"},\"primaryImageOfPage\":{\"@id\":\"https:\\\/\\\/abd.ong\\\/ca\\\/igualtat-de-genere\\\/comenca-el-projecte-cut-all-ties-per-i-reduir-la-violencia-de-genere-entre-la-joventut\\\/#primaryimage\"},\"image\":{\"@id\":\"https:\\\/\\\/abd.ong\\\/ca\\\/igualtat-de-genere\\\/comenca-el-projecte-cut-all-ties-per-i-reduir-la-violencia-de-genere-entre-la-joventut\\\/#primaryimage\"},\"thumbnailUrl\":\"https:\\\/\\\/abd.ong\\\/wp-content\\\/uploads\\\/2021\\\/02\\\/Cut-All-Ties-Portada.png\",\"datePublished\":\"2021-02-03T17:39:15+00:00\",\"dateModified\":\"2022-11-08T08:46:11+00:00\",\"description\":\"L'Associaci\u00f3 Benestar i Desenvolupament ABD coordina el projecte Cut All Ties. Innovation to foster critical thinking tackling gender-based violence on\",\"breadcrumb\":{\"@id\":\"https:\\\/\\\/abd.ong\\\/ca\\\/igualtat-de-genere\\\/comenca-el-projecte-cut-all-ties-per-i-reduir-la-violencia-de-genere-entre-la-joventut\\\/#breadcrumb\"},\"inLanguage\":\"ca\",\"potentialAction\":[{\"@type\":\"ReadAction\",\"target\":[\"https:\\\/\\\/abd.ong\\\/ca\\\/igualtat-de-genere\\\/comenca-el-projecte-cut-all-ties-per-i-reduir-la-violencia-de-genere-entre-la-joventut\\\/\"]}]},{\"@type\":\"ImageObject\",\"inLanguage\":\"ca\",\"@id\":\"https:\\\/\\\/abd.ong\\\/ca\\\/igualtat-de-genere\\\/comenca-el-projecte-cut-all-ties-per-i-reduir-la-violencia-de-genere-entre-la-joventut\\\/#primaryimage\",\"url\":\"https:\\\/\\\/abd.ong\\\/wp-content\\\/uploads\\\/2021\\\/02\\\/Cut-All-Ties-Portada.png\",\"contentUrl\":\"https:\\\/\\\/abd.ong\\\/wp-content\\\/uploads\\\/2021\\\/02\\\/Cut-All-Ties-Portada.png\",\"width\":1199,\"height\":673},{\"@type\":\"BreadcrumbList\",\"@id\":\"https:\\\/\\\/abd.ong\\\/ca\\\/igualtat-de-genere\\\/comenca-el-projecte-cut-all-ties-per-i-reduir-la-violencia-de-genere-entre-la-joventut\\\/#breadcrumb\",\"itemListElement\":[{\"@type\":\"ListItem\",\"position\":1,\"name\":\"Inici\",\"item\":\"https:\\\/\\\/abd.ong\\\/ca\\\/\"},{\"@type\":\"ListItem\",\"position\":2,\"name\":\"Comen\u00e7a el projecte &#8216;Cut All Ties&#8217; per prevenir i reduir la viol\u00e8ncia de g\u00e8nere entre la joventut\"}]},{\"@type\":\"WebSite\",\"@id\":\"https:\\\/\\\/abd.ong\\\/ca\\\/#website\",\"url\":\"https:\\\/\\\/abd.ong\\\/ca\\\/\",\"name\":\"ABD\",\"description\":\"Asociaci\u00f3n Bienestar y Desarrollo\",\"publisher\":{\"@id\":\"https:\\\/\\\/abd.ong\\\/ca\\\/#organization\"},\"potentialAction\":[{\"@type\":\"SearchAction\",\"target\":{\"@type\":\"EntryPoint\",\"urlTemplate\":\"https:\\\/\\\/abd.ong\\\/ca\\\/?s={search_term_string}\"},\"query-input\":{\"@type\":\"PropertyValueSpecification\",\"valueRequired\":true,\"valueName\":\"search_term_string\"}}],\"inLanguage\":\"ca\"},{\"@type\":\"Organization\",\"@id\":\"https:\\\/\\\/abd.ong\\\/ca\\\/#organization\",\"name\":\"Associaci\u00f3 Benestar i Desenvolupament\",\"alternateName\":\"ABD\",\"url\":\"https:\\\/\\\/abd.ong\\\/ca\\\/\",\"logo\":{\"@type\":\"ImageObject\",\"inLanguage\":\"ca\",\"@id\":\"https:\\\/\\\/abd.ong\\\/ca\\\/#\\\/schema\\\/logo\\\/image\\\/\",\"url\":\"https:\\\/\\\/abd.ong\\\/wp-content\\\/uploads\\\/2023\\\/01\\\/Icona.png\",\"contentUrl\":\"https:\\\/\\\/abd.ong\\\/wp-content\\\/uploads\\\/2023\\\/01\\\/Icona.png\",\"width\":190,\"height\":187,\"caption\":\"Associaci\u00f3 Benestar i Desenvolupament\"},\"image\":{\"@id\":\"https:\\\/\\\/abd.ong\\\/ca\\\/#\\\/schema\\\/logo\\\/image\\\/\"},\"sameAs\":[\"https:\\\/\\\/www.facebook.com\\\/abd.ong\",\"https:\\\/\\\/x.com\\\/abd_ong\",\"https:\\\/\\\/www.instagram.com\\\/abd_ong\\\/\",\"https:\\\/\\\/www.linkedin.com\\\/company\\\/abdong\",\"https:\\\/\\\/www.youtube.com\\\/user\\\/CANALABD\"]},{\"@type\":\"Person\",\"@id\":\"https:\\\/\\\/abd.ong\\\/ca\\\/#\\\/schema\\\/person\\\/d2e158b4173f683b3898e286f5b35a10\",\"name\":\"Maria Creixell\"}]}<\/script>\n<!-- \/ Yoast SEO plugin. -->","yoast_head_json":{"title":"Comen\u00e7a el projecte 'Cut All Ties' per prevenir i reduir la viol\u00e8ncia de g\u00e8nere entre la joventut - ABD","description":"L'Associaci\u00f3 Benestar i Desenvolupament ABD coordina el projecte Cut All Ties. Innovation to foster critical thinking tackling gender-based violence on","robots":{"index":"index","follow":"follow","max-snippet":"max-snippet:-1","max-image-preview":"max-image-preview:large","max-video-preview":"max-video-preview:-1"},"canonical":"https:\/\/abd.ong\/ca\/igualtat-de-genere\/comenca-el-projecte-cut-all-ties-per-i-reduir-la-violencia-de-genere-entre-la-joventut\/","og_locale":"ca_ES","og_type":"article","og_title":"Comen\u00e7a el projecte 'Cut All Ties' per prevenir i reduir la viol\u00e8ncia de g\u00e8nere entre la joventut - ABD","og_description":"L'Associaci\u00f3 Benestar i Desenvolupament ABD coordina el projecte Cut All Ties. Innovation to foster critical thinking tackling gender-based violence on","og_url":"https:\/\/abd.ong\/ca\/igualtat-de-genere\/comenca-el-projecte-cut-all-ties-per-i-reduir-la-violencia-de-genere-entre-la-joventut\/","og_site_name":"ABD","article_publisher":"https:\/\/www.facebook.com\/abd.ong","article_published_time":"2021-02-03T17:39:15+00:00","article_modified_time":"2022-11-08T08:46:11+00:00","og_image":[{"width":1199,"height":673,"url":"https:\/\/abd.ong\/wp-content\/uploads\/2021\/02\/Cut-All-Ties-Portada.png","type":"image\/png"}],"author":"Maria Creixell","twitter_card":"summary_large_image","twitter_creator":"@abd_ong","twitter_site":"@abd_ong","twitter_misc":{"Escrit per":"Maria Creixell","Temps estimat de lectura":"3 minuts"},"schema":{"@context":"https:\/\/schema.org","@graph":[{"@type":"Article","@id":"https:\/\/abd.ong\/ca\/igualtat-de-genere\/comenca-el-projecte-cut-all-ties-per-i-reduir-la-violencia-de-genere-entre-la-joventut\/#article","isPartOf":{"@id":"https:\/\/abd.ong\/ca\/igualtat-de-genere\/comenca-el-projecte-cut-all-ties-per-i-reduir-la-violencia-de-genere-entre-la-joventut\/"},"author":{"name":"Maria Creixell","@id":"https:\/\/abd.ong\/ca\/#\/schema\/person\/d2e158b4173f683b3898e286f5b35a10"},"headline":"Comen\u00e7a el projecte &#8216;Cut All Ties&#8217; per prevenir i reduir la viol\u00e8ncia de g\u00e8nere entre la joventut","datePublished":"2021-02-03T17:39:15+00:00","dateModified":"2022-11-08T08:46:11+00:00","mainEntityOfPage":{"@id":"https:\/\/abd.ong\/ca\/igualtat-de-genere\/comenca-el-projecte-cut-all-ties-per-i-reduir-la-violencia-de-genere-entre-la-joventut\/"},"wordCount":691,"publisher":{"@id":"https:\/\/abd.ong\/ca\/#organization"},"image":{"@id":"https:\/\/abd.ong\/ca\/igualtat-de-genere\/comenca-el-projecte-cut-all-ties-per-i-reduir-la-violencia-de-genere-entre-la-joventut\/#primaryimage"},"thumbnailUrl":"https:\/\/abd.ong\/wp-content\/uploads\/2021\/02\/Cut-All-Ties-Portada.png","keywords":["campanya","Cut all ties","internacional","joves","juventud","sensibilitzaci\u00f3","viol\u00e8ncia de g\u00e8nere","viol\u00e8ncies"],"articleSection":["Igualtat de g\u00e8nere"],"inLanguage":"ca"},{"@type":"WebPage","@id":"https:\/\/abd.ong\/ca\/igualtat-de-genere\/comenca-el-projecte-cut-all-ties-per-i-reduir-la-violencia-de-genere-entre-la-joventut\/","url":"https:\/\/abd.ong\/ca\/igualtat-de-genere\/comenca-el-projecte-cut-all-ties-per-i-reduir-la-violencia-de-genere-entre-la-joventut\/","name":"Comen\u00e7a el projecte 'Cut All Ties' per prevenir i reduir la viol\u00e8ncia de g\u00e8nere entre la joventut - ABD","isPartOf":{"@id":"https:\/\/abd.ong\/ca\/#website"},"primaryImageOfPage":{"@id":"https:\/\/abd.ong\/ca\/igualtat-de-genere\/comenca-el-projecte-cut-all-ties-per-i-reduir-la-violencia-de-genere-entre-la-joventut\/#primaryimage"},"image":{"@id":"https:\/\/abd.ong\/ca\/igualtat-de-genere\/comenca-el-projecte-cut-all-ties-per-i-reduir-la-violencia-de-genere-entre-la-joventut\/#primaryimage"},"thumbnailUrl":"https:\/\/abd.ong\/wp-content\/uploads\/2021\/02\/Cut-All-Ties-Portada.png","datePublished":"2021-02-03T17:39:15+00:00","dateModified":"2022-11-08T08:46:11+00:00","description":"L'Associaci\u00f3 Benestar i Desenvolupament ABD coordina el projecte Cut All Ties. Innovation to foster critical thinking tackling gender-based violence on","breadcrumb":{"@id":"https:\/\/abd.ong\/ca\/igualtat-de-genere\/comenca-el-projecte-cut-all-ties-per-i-reduir-la-violencia-de-genere-entre-la-joventut\/#breadcrumb"},"inLanguage":"ca","potentialAction":[{"@type":"ReadAction","target":["https:\/\/abd.ong\/ca\/igualtat-de-genere\/comenca-el-projecte-cut-all-ties-per-i-reduir-la-violencia-de-genere-entre-la-joventut\/"]}]},{"@type":"ImageObject","inLanguage":"ca","@id":"https:\/\/abd.ong\/ca\/igualtat-de-genere\/comenca-el-projecte-cut-all-ties-per-i-reduir-la-violencia-de-genere-entre-la-joventut\/#primaryimage","url":"https:\/\/abd.ong\/wp-content\/uploads\/2021\/02\/Cut-All-Ties-Portada.png","contentUrl":"https:\/\/abd.ong\/wp-content\/uploads\/2021\/02\/Cut-All-Ties-Portada.png","width":1199,"height":673},{"@type":"BreadcrumbList","@id":"https:\/\/abd.ong\/ca\/igualtat-de-genere\/comenca-el-projecte-cut-all-ties-per-i-reduir-la-violencia-de-genere-entre-la-joventut\/#breadcrumb","itemListElement":[{"@type":"ListItem","position":1,"name":"Inici","item":"https:\/\/abd.ong\/ca\/"},{"@type":"ListItem","position":2,"name":"Comen\u00e7a el projecte &#8216;Cut All Ties&#8217; per prevenir i reduir la viol\u00e8ncia de g\u00e8nere entre la joventut"}]},{"@type":"WebSite","@id":"https:\/\/abd.ong\/ca\/#website","url":"https:\/\/abd.ong\/ca\/","name":"ABD","description":"Asociaci\u00f3n Bienestar y Desarrollo","publisher":{"@id":"https:\/\/abd.ong\/ca\/#organization"},"potentialAction":[{"@type":"SearchAction","target":{"@type":"EntryPoint","urlTemplate":"https:\/\/abd.ong\/ca\/?s={search_term_string}"},"query-input":{"@type":"PropertyValueSpecification","valueRequired":true,"valueName":"search_term_string"}}],"inLanguage":"ca"},{"@type":"Organization","@id":"https:\/\/abd.ong\/ca\/#organization","name":"Associaci\u00f3 Benestar i Desenvolupament","alternateName":"ABD","url":"https:\/\/abd.ong\/ca\/","logo":{"@type":"ImageObject","inLanguage":"ca","@id":"https:\/\/abd.ong\/ca\/#\/schema\/logo\/image\/","url":"https:\/\/abd.ong\/wp-content\/uploads\/2023\/01\/Icona.png","contentUrl":"https:\/\/abd.ong\/wp-content\/uploads\/2023\/01\/Icona.png","width":190,"height":187,"caption":"Associaci\u00f3 Benestar i Desenvolupament"},"image":{"@id":"https:\/\/abd.ong\/ca\/#\/schema\/logo\/image\/"},"sameAs":["https:\/\/www.facebook.com\/abd.ong","https:\/\/x.com\/abd_ong","https:\/\/www.instagram.com\/abd_ong\/","https:\/\/www.linkedin.com\/company\/abdong","https:\/\/www.youtube.com\/user\/CANALABD"]},{"@type":"Person","@id":"https:\/\/abd.ong\/ca\/#\/schema\/person\/d2e158b4173f683b3898e286f5b35a10","name":"Maria Creixell"}]}},"_links":{"self":[{"href":"https:\/\/abd.ong\/ca\/wp-json\/wp\/v2\/posts\/19237","targetHints":{"allow":["GET"]}}],"collection":[{"href":"https:\/\/abd.ong\/ca\/wp-json\/wp\/v2\/posts"}],"about":[{"href":"https:\/\/abd.ong\/ca\/wp-json\/wp\/v2\/types\/post"}],"author":[{"embeddable":true,"href":"https:\/\/abd.ong\/ca\/wp-json\/wp\/v2\/users\/9"}],"replies":[{"embeddable":true,"href":"https:\/\/abd.ong\/ca\/wp-json\/wp\/v2\/comments?post=19237"}],"version-history":[{"count":3,"href":"https:\/\/abd.ong\/ca\/wp-json\/wp\/v2\/posts\/19237\/revisions"}],"predecessor-version":[{"id":38811,"href":"https:\/\/abd.ong\/ca\/wp-json\/wp\/v2\/posts\/19237\/revisions\/38811"}],"wp:featuredmedia":[{"embeddable":true,"href":"https:\/\/abd.ong\/ca\/wp-json\/wp\/v2\/media\/19215"}],"wp:attachment":[{"href":"https:\/\/abd.ong\/ca\/wp-json\/wp\/v2\/media?parent=19237"}],"wp:term":[{"taxonomy":"category","embeddable":true,"href":"https:\/\/abd.ong\/ca\/wp-json\/wp\/v2\/categories?post=19237"},{"taxonomy":"post_tag","embeddable":true,"href":"https:\/\/abd.ong\/ca\/wp-json\/wp\/v2\/tags?post=19237"}],"curies":[{"name":"wp","href":"https:\/\/api.w.org\/{rel}","templated":true}]}}