{"id":19087,"date":"2021-02-03T08:49:26","date_gmt":"2021-02-03T07:49:26","guid":{"rendered":"https:\/\/abd.ong\/?p=19087"},"modified":"2021-02-22T13:24:10","modified_gmt":"2021-02-22T12:24:10","slug":"abd-rebra-el-distintiu-actius-de-lacord-dins-lagora-ciutadana","status":"publish","type":"post","link":"https:\/\/abd.ong\/ca\/general-ca\/abd-rebra-el-distintiu-actius-de-lacord-dins-lagora-ciutadana\/","title":{"rendered":"ABD rebr\u00e0 el distintiu Actius de l\u2019Acord dins l\u2019\u00c0gora Ciutadana"},"content":{"rendered":"\n<h3 class=\"wp-block-heading\"><em>\u00c9s un guard\u00f3 per visualitzar i recon\u00e8ixer l\u2019esfor\u00e7 d\u2019aquelles entitats, organitzacions o projectes, que estan treballant m\u00e9s activament per promoure el comprom\u00eds social ciutad\u00e0<\/em><\/h3>\n\n\n\n<div style=\"height:25px\" aria-hidden=\"true\" class=\"wp-block-spacer\"><\/div>\n\n\n\n<h3 class=\"wp-block-heading\"><em>L\u2019acte ser\u00e0 presidit per l\u2019Alcaldessa, <strong>Ada Colau<\/strong> <strong>Ballano<\/strong>, i la Tinenta d\u2019Alcaldia de Drets Socials, Just\u00edcia Global, Feminismes i LGTBI, <strong>Laura P\u00e9rez Casta\u00f1o<\/strong><\/em><\/h3>\n\n\n\n<div style=\"height:25px\" aria-hidden=\"true\" class=\"wp-block-spacer\"><\/div>\n\n\n\n<p>L\u2019<a rel=\"noreferrer noopener\" href=\"https:\/\/abd.ong\/ca\/\" target=\"_blank\">Associaci\u00f3 Benestar i Desenvolupament ABD<\/a> rebr\u00e0 oficialment el distintiu <a rel=\"noreferrer noopener\" href=\"https:\/\/www.bcn.cat\/barcelonainclusiva\/ca\/actiusacord.html\" target=\"_blank\">Actius de l\u2019Acord<\/a> dins l\u2019\u00c0gora Ciutadana que se celebrar\u00e0 el proper 24 de febrer de forma virtual.<\/p>\n\n\n\n<p>L\u2019<a rel=\"noreferrer noopener\" href=\"https:\/\/www.bcn.cat\/barcelonainclusiva\/ca\/agoraciutadana.html\" target=\"_blank\">\u00c0gora Ciutadana<\/a> \u00e9s un <strong>espai de trobada de la ciutadania compromesa socialment amb la ciutat de Barcelona<\/strong>.&nbsp; La Xarxa per una Ciutadania Activa i Compromesa de l\u2019Acord Ciutad\u00e0 \u00e9s l\u2019encarregada d\u2019organitzar l\u2019acte, que en aquesta edici\u00f3 se centra en <em>El valor del comprom\u00eds social de la ciutadania de Barcelona<\/em>. L\u2019acte ser\u00e0 presidit per l\u2019Alcaldessa, <strong>Ada Colau<\/strong> <strong>Ballano<\/strong>, i la Tinenta d\u2019Alcaldia de Drets Socials, Just\u00edcia Global, Feminismes i LGTBI, <strong>Laura P\u00e9rez Casta\u00f1o<\/strong>.<\/p>\n\n\n\n<p>Per part d&#8217;ABD, a l&#8217;acte hi assistiran la presidenta de l&#8217;entitat, <strong>Felisa P\u00e9rez<\/strong>, la gerent, <strong>\u00c0ngels Guiteras<\/strong>, i la responsable de Participaci\u00f3 i Voluntariat, <strong>Elisa Guti\u00e9rrez<\/strong>.<\/p>\n\n\n\n<div style=\"height:25px\" aria-hidden=\"true\" class=\"wp-block-spacer\"><\/div>\n\n\n\n<h3 class=\"wp-block-heading\">Qu\u00e8 \u00e9s l\u2019Actius de l\u2019Acord?<\/h3>\n\n\n\n<div style=\"height:25px\" aria-hidden=\"true\" class=\"wp-block-spacer\"><\/div>\n\n\n\n<p>La Xarxa per una Ciutadania Activa i compromesa impulsa l&#8217;Actius de l\u2019Acord, <strong>un distintiu per visualitzar i recon\u00e8ixer l\u2019esfor\u00e7 d\u2019aquelles entitats, organitzacions o projectes, que estan treballant m\u00e9s activament per promoure el comprom\u00eds social ciutad\u00e0<\/strong>.<\/p>\n\n\n\n<p>El distintiu, que \u00e9s propietat de l\u2019Acord, proporcionar\u00e0 visibilitat i difusi\u00f3 de les bones pr\u00e0ctiques impulsades per les entitats socials, organitzacions i projectes membres de l\u2019Acord Ciutad\u00e0 i vol ser un reconeixement a la tasca realitzada pel conjunt de la ciutat per promoure una ciutadania m\u00e9s compromesa. Alhora, promour\u00e0 m\u00e9s influ\u00e8ncia i incid\u00e8ncia ciutadana, i un augment de la confian\u00e7a en els projectes que s&#8217;impulsen a la ciutat.<\/p>\n\n\n\n<div style=\"height:25px\" aria-hidden=\"true\" class=\"wp-block-spacer\"><\/div>\n\n\n\n<h3 class=\"wp-block-heading\">Sobre l\u2019Acord Ciutad\u00e0<\/h3>\n\n\n\n<div style=\"height:25px\" aria-hidden=\"true\" class=\"wp-block-spacer\"><\/div>\n\n\n\n<p>En el marc de l&#8217;<a rel=\"noreferrer noopener\" href=\"https:\/\/www.bcn.cat\/barcelonainclusiva\/ca\/que_es.html\" target=\"_blank\">Acord Ciutad\u00e0 <\/a>per una Barcelona Inclusiva -l\u2019espai de participaci\u00f3, de cooperaci\u00f3 p\u00fablico-privada i d\u2019acci\u00f3 conjunta entre institucions i organitzacions de la ciutat que treballen per construir una Barcelona m\u00e9s inclusiva i amb una qualitat de vida millor per a tothom-, la Xarxa per una Ciutadania Activa i Compromesa treballa per promoure una ciutadania m\u00e9s implicada, comunicant i apropant al conjunt de la ciutadania els diferents projectes vinculats a la inclusi\u00f3 social que es desenvolupen a la ciutat de Barcelona.<\/p>\n\n\n\n<div style=\"height:25px\" aria-hidden=\"true\" class=\"wp-block-spacer\"><\/div>\n\n\n\n<h3 class=\"wp-block-heading\">Segueix l&#8217;acte en directe<\/h3>\n\n\n\n<div style=\"height:25px\" aria-hidden=\"true\" class=\"wp-block-spacer\"><\/div>\n\n\n\n<p>L&#8217;acte d&#8217;entrega del distintiu <a rel=\"noreferrer noopener\" href=\"https:\/\/www.bcn.cat\/barcelonainclusiva\/ca\/actiusacord.html\" target=\"_blank\">Actius de l\u2019Acord<\/a> que se celebra en el marc de l&#8217;<strong>\u00c0gora Ciutadana 2021<\/strong> el <a href=\"https:\/\/www.youtube.com\/watch?v=vwSatAx21x4&amp;feature=youtu.be\" target=\"_blank\" rel=\"noreferrer noopener\">podeu seguir en directe a trav\u00e9s d&#8217;aquest enlla\u00e7<\/a>.<\/p>\n\n\n\n<div style=\"height:25px\" aria-hidden=\"true\" class=\"wp-block-spacer\"><\/div>\n","protected":false},"excerpt":{"rendered":"<p>\u00c9s un guard\u00f3 per visualitzar i recon\u00e8ixer l\u2019esfor\u00e7 d\u2019aquelles entitats, organitzacions o projectes, que estan treballant m\u00e9s activament per promoure el comprom\u00eds social ciutad\u00e0 L\u2019acte ser\u00e0 presidit per l\u2019Alcaldessa, Ada&hellip;<\/p>\n","protected":false},"author":2,"featured_media":19088,"comment_status":"closed","ping_status":"closed","sticky":false,"template":"","format":"standard","meta":{"_acf_changed":false,"footnotes":""},"categories":[66,83],"tags":[257,2171,2172],"class_list":["post-19087","post","type-post","status-publish","format-standard","has-post-thumbnail","hentry","category-general-ca","category-voluntariat","tag-acord-ciutada","tag-agora-ciutadana","tag-xarxa-per-una-ciutadania-activa"],"acf":[],"yoast_head":"<!-- This site is optimized with the Yoast SEO plugin v27.4 - https:\/\/yoast.com\/product\/yoast-seo-wordpress\/ -->\n<title>ABD rebr\u00e0 el distintiu Actius de l\u2019Acord dins l\u2019\u00c0gora Ciutadana - ABD<\/title>\n<meta name=\"description\" content=\"\u00c9s un guard\u00f3 per visualitzar i recon\u00e8ixer l\u2019esfor\u00e7 d\u2019aquelles entitats, organitzacions o projectes, que estan treballant m\u00e9s activament per promoure el\" \/>\n<meta name=\"robots\" content=\"index, follow, max-snippet:-1, max-image-preview:large, max-video-preview:-1\" \/>\n<link rel=\"canonical\" href=\"https:\/\/abd.ong\/ca\/general-ca\/abd-rebra-el-distintiu-actius-de-lacord-dins-lagora-ciutadana\/\" \/>\n<meta property=\"og:locale\" content=\"ca_ES\" \/>\n<meta property=\"og:type\" content=\"article\" \/>\n<meta property=\"og:title\" content=\"ABD rebr\u00e0 el distintiu Actius de l\u2019Acord dins l\u2019\u00c0gora Ciutadana - ABD\" \/>\n<meta property=\"og:description\" content=\"\u00c9s un guard\u00f3 per visualitzar i recon\u00e8ixer l\u2019esfor\u00e7 d\u2019aquelles entitats, organitzacions o projectes, que estan treballant m\u00e9s activament per promoure el\" \/>\n<meta property=\"og:url\" content=\"https:\/\/abd.ong\/ca\/general-ca\/abd-rebra-el-distintiu-actius-de-lacord-dins-lagora-ciutadana\/\" \/>\n<meta property=\"og:site_name\" content=\"ABD\" \/>\n<meta property=\"article:publisher\" content=\"https:\/\/www.facebook.com\/abd.ong\" \/>\n<meta property=\"article:published_time\" content=\"2021-02-03T07:49:26+00:00\" \/>\n<meta property=\"article:modified_time\" content=\"2021-02-22T12:24:10+00:00\" \/>\n<meta property=\"og:image\" content=\"https:\/\/abd.ong\/wp-content\/uploads\/2021\/02\/BANERactius_1920x1080_01.png\" \/>\n\t<meta property=\"og:image:width\" content=\"1920\" \/>\n\t<meta property=\"og:image:height\" content=\"1080\" \/>\n\t<meta property=\"og:image:type\" content=\"image\/png\" \/>\n<meta name=\"author\" content=\"Enric Guinart\" \/>\n<meta name=\"twitter:card\" content=\"summary_large_image\" \/>\n<meta name=\"twitter:creator\" content=\"@abd_ong\" \/>\n<meta name=\"twitter:site\" content=\"@abd_ong\" \/>\n<meta name=\"twitter:label1\" content=\"Escrit per\" \/>\n\t<meta name=\"twitter:data1\" content=\"Enric Guinart\" \/>\n\t<meta name=\"twitter:label2\" content=\"Temps estimat de lectura\" \/>\n\t<meta name=\"twitter:data2\" content=\"2 minuts\" \/>\n<script type=\"application\/ld+json\" class=\"yoast-schema-graph\">{\"@context\":\"https:\\\/\\\/schema.org\",\"@graph\":[{\"@type\":\"Article\",\"@id\":\"https:\\\/\\\/abd.ong\\\/ca\\\/general-ca\\\/abd-rebra-el-distintiu-actius-de-lacord-dins-lagora-ciutadana\\\/#article\",\"isPartOf\":{\"@id\":\"https:\\\/\\\/abd.ong\\\/ca\\\/general-ca\\\/abd-rebra-el-distintiu-actius-de-lacord-dins-lagora-ciutadana\\\/\"},\"author\":{\"name\":\"Enric Guinart\",\"@id\":\"https:\\\/\\\/abd.ong\\\/ca\\\/#\\\/schema\\\/person\\\/d0f5fe279a7ad908de6a6d1332bfd7d8\"},\"headline\":\"ABD rebr\u00e0 el distintiu Actius de l\u2019Acord dins l\u2019\u00c0gora Ciutadana\",\"datePublished\":\"2021-02-03T07:49:26+00:00\",\"dateModified\":\"2021-02-22T12:24:10+00:00\",\"mainEntityOfPage\":{\"@id\":\"https:\\\/\\\/abd.ong\\\/ca\\\/general-ca\\\/abd-rebra-el-distintiu-actius-de-lacord-dins-lagora-ciutadana\\\/\"},\"wordCount\":469,\"publisher\":{\"@id\":\"https:\\\/\\\/abd.ong\\\/ca\\\/#organization\"},\"image\":{\"@id\":\"https:\\\/\\\/abd.ong\\\/ca\\\/general-ca\\\/abd-rebra-el-distintiu-actius-de-lacord-dins-lagora-ciutadana\\\/#primaryimage\"},\"thumbnailUrl\":\"https:\\\/\\\/abd.ong\\\/wp-content\\\/uploads\\\/2021\\\/02\\\/BANERactius_1920x1080_01.png\",\"keywords\":[\"Acord Ciutad\u00e0\",\"\u00c0gora Ciutadana\",\"Xarxa per una Ciutadania Activa\"],\"articleSection\":[\"General\",\"Voluntariat\"],\"inLanguage\":\"ca\"},{\"@type\":\"WebPage\",\"@id\":\"https:\\\/\\\/abd.ong\\\/ca\\\/general-ca\\\/abd-rebra-el-distintiu-actius-de-lacord-dins-lagora-ciutadana\\\/\",\"url\":\"https:\\\/\\\/abd.ong\\\/ca\\\/general-ca\\\/abd-rebra-el-distintiu-actius-de-lacord-dins-lagora-ciutadana\\\/\",\"name\":\"ABD rebr\u00e0 el distintiu Actius de l\u2019Acord dins l\u2019\u00c0gora Ciutadana - ABD\",\"isPartOf\":{\"@id\":\"https:\\\/\\\/abd.ong\\\/ca\\\/#website\"},\"primaryImageOfPage\":{\"@id\":\"https:\\\/\\\/abd.ong\\\/ca\\\/general-ca\\\/abd-rebra-el-distintiu-actius-de-lacord-dins-lagora-ciutadana\\\/#primaryimage\"},\"image\":{\"@id\":\"https:\\\/\\\/abd.ong\\\/ca\\\/general-ca\\\/abd-rebra-el-distintiu-actius-de-lacord-dins-lagora-ciutadana\\\/#primaryimage\"},\"thumbnailUrl\":\"https:\\\/\\\/abd.ong\\\/wp-content\\\/uploads\\\/2021\\\/02\\\/BANERactius_1920x1080_01.png\",\"datePublished\":\"2021-02-03T07:49:26+00:00\",\"dateModified\":\"2021-02-22T12:24:10+00:00\",\"description\":\"\u00c9s un guard\u00f3 per visualitzar i recon\u00e8ixer l\u2019esfor\u00e7 d\u2019aquelles entitats, organitzacions o projectes, que estan treballant m\u00e9s activament per promoure el\",\"breadcrumb\":{\"@id\":\"https:\\\/\\\/abd.ong\\\/ca\\\/general-ca\\\/abd-rebra-el-distintiu-actius-de-lacord-dins-lagora-ciutadana\\\/#breadcrumb\"},\"inLanguage\":\"ca\",\"potentialAction\":[{\"@type\":\"ReadAction\",\"target\":[\"https:\\\/\\\/abd.ong\\\/ca\\\/general-ca\\\/abd-rebra-el-distintiu-actius-de-lacord-dins-lagora-ciutadana\\\/\"]}]},{\"@type\":\"ImageObject\",\"inLanguage\":\"ca\",\"@id\":\"https:\\\/\\\/abd.ong\\\/ca\\\/general-ca\\\/abd-rebra-el-distintiu-actius-de-lacord-dins-lagora-ciutadana\\\/#primaryimage\",\"url\":\"https:\\\/\\\/abd.ong\\\/wp-content\\\/uploads\\\/2021\\\/02\\\/BANERactius_1920x1080_01.png\",\"contentUrl\":\"https:\\\/\\\/abd.ong\\\/wp-content\\\/uploads\\\/2021\\\/02\\\/BANERactius_1920x1080_01.png\",\"width\":1920,\"height\":1080},{\"@type\":\"BreadcrumbList\",\"@id\":\"https:\\\/\\\/abd.ong\\\/ca\\\/general-ca\\\/abd-rebra-el-distintiu-actius-de-lacord-dins-lagora-ciutadana\\\/#breadcrumb\",\"itemListElement\":[{\"@type\":\"ListItem\",\"position\":1,\"name\":\"Inici\",\"item\":\"https:\\\/\\\/abd.ong\\\/ca\\\/\"},{\"@type\":\"ListItem\",\"position\":2,\"name\":\"ABD rebr\u00e0 el distintiu Actius de l\u2019Acord dins l\u2019\u00c0gora Ciutadana\"}]},{\"@type\":\"WebSite\",\"@id\":\"https:\\\/\\\/abd.ong\\\/ca\\\/#website\",\"url\":\"https:\\\/\\\/abd.ong\\\/ca\\\/\",\"name\":\"ABD\",\"description\":\"Asociaci\u00f3n Bienestar y Desarrollo\",\"publisher\":{\"@id\":\"https:\\\/\\\/abd.ong\\\/ca\\\/#organization\"},\"potentialAction\":[{\"@type\":\"SearchAction\",\"target\":{\"@type\":\"EntryPoint\",\"urlTemplate\":\"https:\\\/\\\/abd.ong\\\/ca\\\/?s={search_term_string}\"},\"query-input\":{\"@type\":\"PropertyValueSpecification\",\"valueRequired\":true,\"valueName\":\"search_term_string\"}}],\"inLanguage\":\"ca\"},{\"@type\":\"Organization\",\"@id\":\"https:\\\/\\\/abd.ong\\\/ca\\\/#organization\",\"name\":\"Associaci\u00f3 Benestar i Desenvolupament\",\"alternateName\":\"ABD\",\"url\":\"https:\\\/\\\/abd.ong\\\/ca\\\/\",\"logo\":{\"@type\":\"ImageObject\",\"inLanguage\":\"ca\",\"@id\":\"https:\\\/\\\/abd.ong\\\/ca\\\/#\\\/schema\\\/logo\\\/image\\\/\",\"url\":\"https:\\\/\\\/abd.ong\\\/wp-content\\\/uploads\\\/2023\\\/01\\\/Icona.png\",\"contentUrl\":\"https:\\\/\\\/abd.ong\\\/wp-content\\\/uploads\\\/2023\\\/01\\\/Icona.png\",\"width\":190,\"height\":187,\"caption\":\"Associaci\u00f3 Benestar i Desenvolupament\"},\"image\":{\"@id\":\"https:\\\/\\\/abd.ong\\\/ca\\\/#\\\/schema\\\/logo\\\/image\\\/\"},\"sameAs\":[\"https:\\\/\\\/www.facebook.com\\\/abd.ong\",\"https:\\\/\\\/x.com\\\/abd_ong\",\"https:\\\/\\\/www.instagram.com\\\/abd_ong\\\/\",\"https:\\\/\\\/www.linkedin.com\\\/company\\\/abdong\",\"https:\\\/\\\/www.youtube.com\\\/user\\\/CANALABD\"]},{\"@type\":\"Person\",\"@id\":\"https:\\\/\\\/abd.ong\\\/ca\\\/#\\\/schema\\\/person\\\/d0f5fe279a7ad908de6a6d1332bfd7d8\",\"name\":\"Enric Guinart\"}]}<\/script>\n<!-- \/ Yoast SEO plugin. -->","yoast_head_json":{"title":"ABD rebr\u00e0 el distintiu Actius de l\u2019Acord dins l\u2019\u00c0gora Ciutadana - ABD","description":"\u00c9s un guard\u00f3 per visualitzar i recon\u00e8ixer l\u2019esfor\u00e7 d\u2019aquelles entitats, organitzacions o projectes, que estan treballant m\u00e9s activament per promoure el","robots":{"index":"index","follow":"follow","max-snippet":"max-snippet:-1","max-image-preview":"max-image-preview:large","max-video-preview":"max-video-preview:-1"},"canonical":"https:\/\/abd.ong\/ca\/general-ca\/abd-rebra-el-distintiu-actius-de-lacord-dins-lagora-ciutadana\/","og_locale":"ca_ES","og_type":"article","og_title":"ABD rebr\u00e0 el distintiu Actius de l\u2019Acord dins l\u2019\u00c0gora Ciutadana - ABD","og_description":"\u00c9s un guard\u00f3 per visualitzar i recon\u00e8ixer l\u2019esfor\u00e7 d\u2019aquelles entitats, organitzacions o projectes, que estan treballant m\u00e9s activament per promoure el","og_url":"https:\/\/abd.ong\/ca\/general-ca\/abd-rebra-el-distintiu-actius-de-lacord-dins-lagora-ciutadana\/","og_site_name":"ABD","article_publisher":"https:\/\/www.facebook.com\/abd.ong","article_published_time":"2021-02-03T07:49:26+00:00","article_modified_time":"2021-02-22T12:24:10+00:00","og_image":[{"width":1920,"height":1080,"url":"https:\/\/abd.ong\/wp-content\/uploads\/2021\/02\/BANERactius_1920x1080_01.png","type":"image\/png"}],"author":"Enric Guinart","twitter_card":"summary_large_image","twitter_creator":"@abd_ong","twitter_site":"@abd_ong","twitter_misc":{"Escrit per":"Enric Guinart","Temps estimat de lectura":"2 minuts"},"schema":{"@context":"https:\/\/schema.org","@graph":[{"@type":"Article","@id":"https:\/\/abd.ong\/ca\/general-ca\/abd-rebra-el-distintiu-actius-de-lacord-dins-lagora-ciutadana\/#article","isPartOf":{"@id":"https:\/\/abd.ong\/ca\/general-ca\/abd-rebra-el-distintiu-actius-de-lacord-dins-lagora-ciutadana\/"},"author":{"name":"Enric Guinart","@id":"https:\/\/abd.ong\/ca\/#\/schema\/person\/d0f5fe279a7ad908de6a6d1332bfd7d8"},"headline":"ABD rebr\u00e0 el distintiu Actius de l\u2019Acord dins l\u2019\u00c0gora Ciutadana","datePublished":"2021-02-03T07:49:26+00:00","dateModified":"2021-02-22T12:24:10+00:00","mainEntityOfPage":{"@id":"https:\/\/abd.ong\/ca\/general-ca\/abd-rebra-el-distintiu-actius-de-lacord-dins-lagora-ciutadana\/"},"wordCount":469,"publisher":{"@id":"https:\/\/abd.ong\/ca\/#organization"},"image":{"@id":"https:\/\/abd.ong\/ca\/general-ca\/abd-rebra-el-distintiu-actius-de-lacord-dins-lagora-ciutadana\/#primaryimage"},"thumbnailUrl":"https:\/\/abd.ong\/wp-content\/uploads\/2021\/02\/BANERactius_1920x1080_01.png","keywords":["Acord Ciutad\u00e0","\u00c0gora Ciutadana","Xarxa per una Ciutadania Activa"],"articleSection":["General","Voluntariat"],"inLanguage":"ca"},{"@type":"WebPage","@id":"https:\/\/abd.ong\/ca\/general-ca\/abd-rebra-el-distintiu-actius-de-lacord-dins-lagora-ciutadana\/","url":"https:\/\/abd.ong\/ca\/general-ca\/abd-rebra-el-distintiu-actius-de-lacord-dins-lagora-ciutadana\/","name":"ABD rebr\u00e0 el distintiu Actius de l\u2019Acord dins l\u2019\u00c0gora Ciutadana - ABD","isPartOf":{"@id":"https:\/\/abd.ong\/ca\/#website"},"primaryImageOfPage":{"@id":"https:\/\/abd.ong\/ca\/general-ca\/abd-rebra-el-distintiu-actius-de-lacord-dins-lagora-ciutadana\/#primaryimage"},"image":{"@id":"https:\/\/abd.ong\/ca\/general-ca\/abd-rebra-el-distintiu-actius-de-lacord-dins-lagora-ciutadana\/#primaryimage"},"thumbnailUrl":"https:\/\/abd.ong\/wp-content\/uploads\/2021\/02\/BANERactius_1920x1080_01.png","datePublished":"2021-02-03T07:49:26+00:00","dateModified":"2021-02-22T12:24:10+00:00","description":"\u00c9s un guard\u00f3 per visualitzar i recon\u00e8ixer l\u2019esfor\u00e7 d\u2019aquelles entitats, organitzacions o projectes, que estan treballant m\u00e9s activament per promoure el","breadcrumb":{"@id":"https:\/\/abd.ong\/ca\/general-ca\/abd-rebra-el-distintiu-actius-de-lacord-dins-lagora-ciutadana\/#breadcrumb"},"inLanguage":"ca","potentialAction":[{"@type":"ReadAction","target":["https:\/\/abd.ong\/ca\/general-ca\/abd-rebra-el-distintiu-actius-de-lacord-dins-lagora-ciutadana\/"]}]},{"@type":"ImageObject","inLanguage":"ca","@id":"https:\/\/abd.ong\/ca\/general-ca\/abd-rebra-el-distintiu-actius-de-lacord-dins-lagora-ciutadana\/#primaryimage","url":"https:\/\/abd.ong\/wp-content\/uploads\/2021\/02\/BANERactius_1920x1080_01.png","contentUrl":"https:\/\/abd.ong\/wp-content\/uploads\/2021\/02\/BANERactius_1920x1080_01.png","width":1920,"height":1080},{"@type":"BreadcrumbList","@id":"https:\/\/abd.ong\/ca\/general-ca\/abd-rebra-el-distintiu-actius-de-lacord-dins-lagora-ciutadana\/#breadcrumb","itemListElement":[{"@type":"ListItem","position":1,"name":"Inici","item":"https:\/\/abd.ong\/ca\/"},{"@type":"ListItem","position":2,"name":"ABD rebr\u00e0 el distintiu Actius de l\u2019Acord dins l\u2019\u00c0gora Ciutadana"}]},{"@type":"WebSite","@id":"https:\/\/abd.ong\/ca\/#website","url":"https:\/\/abd.ong\/ca\/","name":"ABD","description":"Asociaci\u00f3n Bienestar y Desarrollo","publisher":{"@id":"https:\/\/abd.ong\/ca\/#organization"},"potentialAction":[{"@type":"SearchAction","target":{"@type":"EntryPoint","urlTemplate":"https:\/\/abd.ong\/ca\/?s={search_term_string}"},"query-input":{"@type":"PropertyValueSpecification","valueRequired":true,"valueName":"search_term_string"}}],"inLanguage":"ca"},{"@type":"Organization","@id":"https:\/\/abd.ong\/ca\/#organization","name":"Associaci\u00f3 Benestar i Desenvolupament","alternateName":"ABD","url":"https:\/\/abd.ong\/ca\/","logo":{"@type":"ImageObject","inLanguage":"ca","@id":"https:\/\/abd.ong\/ca\/#\/schema\/logo\/image\/","url":"https:\/\/abd.ong\/wp-content\/uploads\/2023\/01\/Icona.png","contentUrl":"https:\/\/abd.ong\/wp-content\/uploads\/2023\/01\/Icona.png","width":190,"height":187,"caption":"Associaci\u00f3 Benestar i Desenvolupament"},"image":{"@id":"https:\/\/abd.ong\/ca\/#\/schema\/logo\/image\/"},"sameAs":["https:\/\/www.facebook.com\/abd.ong","https:\/\/x.com\/abd_ong","https:\/\/www.instagram.com\/abd_ong\/","https:\/\/www.linkedin.com\/company\/abdong","https:\/\/www.youtube.com\/user\/CANALABD"]},{"@type":"Person","@id":"https:\/\/abd.ong\/ca\/#\/schema\/person\/d0f5fe279a7ad908de6a6d1332bfd7d8","name":"Enric Guinart"}]}},"_links":{"self":[{"href":"https:\/\/abd.ong\/ca\/wp-json\/wp\/v2\/posts\/19087","targetHints":{"allow":["GET"]}}],"collection":[{"href":"https:\/\/abd.ong\/ca\/wp-json\/wp\/v2\/posts"}],"about":[{"href":"https:\/\/abd.ong\/ca\/wp-json\/wp\/v2\/types\/post"}],"author":[{"embeddable":true,"href":"https:\/\/abd.ong\/ca\/wp-json\/wp\/v2\/users\/2"}],"replies":[{"embeddable":true,"href":"https:\/\/abd.ong\/ca\/wp-json\/wp\/v2\/comments?post=19087"}],"version-history":[{"count":3,"href":"https:\/\/abd.ong\/ca\/wp-json\/wp\/v2\/posts\/19087\/revisions"}],"predecessor-version":[{"id":20834,"href":"https:\/\/abd.ong\/ca\/wp-json\/wp\/v2\/posts\/19087\/revisions\/20834"}],"wp:featuredmedia":[{"embeddable":true,"href":"https:\/\/abd.ong\/ca\/wp-json\/wp\/v2\/media\/19088"}],"wp:attachment":[{"href":"https:\/\/abd.ong\/ca\/wp-json\/wp\/v2\/media?parent=19087"}],"wp:term":[{"taxonomy":"category","embeddable":true,"href":"https:\/\/abd.ong\/ca\/wp-json\/wp\/v2\/categories?post=19087"},{"taxonomy":"post_tag","embeddable":true,"href":"https:\/\/abd.ong\/ca\/wp-json\/wp\/v2\/tags?post=19087"}],"curies":[{"name":"wp","href":"https:\/\/api.w.org\/{rel}","templated":true}]}}