{"id":18997,"date":"2021-01-28T13:49:33","date_gmt":"2021-01-28T12:49:33","guid":{"rendered":"https:\/\/abd.ong\/?p=18997"},"modified":"2021-02-17T18:35:20","modified_gmt":"2021-02-17T17:35:20","slug":"abd-als-mitjans-de-comunicacio-al-gener-2","status":"publish","type":"post","link":"https:\/\/abd.ong\/ca\/general-ca\/abd-als-mitjans-de-comunicacio-al-gener-2\/","title":{"rendered":"ABD als mitjans de comunicaci\u00f3 al gener"},"content":{"rendered":"\n<p>L\u2019<strong><a href=\"https:\/\/abd.ong\">Associaci\u00f3 Benestar i Desenvolupament<\/a>\u00a0(ABD)<\/strong>\u00a0ha estat present als mitjans de comunicaci\u00f3 durant aquest mes de gener. A continuaci\u00f3, el resum de premsa de les diverses not\u00edcies, articles i reportatges en els qual hem participat com a entitat.<\/p>\n\n\n\n<p><strong>08\/01\/2021 &#8211; Ecoticias<\/strong><\/p>\n\n\n\n<p><em>La probabilitat de patir bronquitis cr\u00f2nica, depressi\u00f3 i ansietat \u00e9s entre tres i cinc vegades superior en les persones que pateixen pobresa energ\u00e8tica que en aquelles sense problemes amb el subministrament el\u00e8ctric, segons un estudi realitzat a Barcelona.<\/em><\/p>\n\n\n\n<p><strong><a rel=\"noreferrer noopener\" href=\"https:\/\/www.ecoticias.com\/vida-saludable\/207080\/Confirmado-pobreza-energetica-empeora-salud\" target=\"_blank\">Confirmado: \u2018la pobreza energ\u00e9tica empeora la salud<\/a><\/strong><\/p>\n\n\n\n<p><strong>10\/01\/2021 &#8211; Burgos Noticias<\/strong><\/p>\n\n\n\n<p><em>Els habitants de la ciutat de Barcelona que pateixen pobresa energ\u00e8tica presenten una pitjor salut que aquells que poden garantir els subministraments dom\u00e8stics d&#8217;energia.<\/em><\/p>\n\n\n\n<p><a rel=\"noreferrer noopener\" href=\"https:\/\/www.burgosnoticias.com\/actualidad\/032751\/la-pobreza-energetica-empeora-la-salud\" target=\"_blank\"><strong>La pobreza energ\u00e9tica empeora la salud<\/strong><\/a><\/p>\n\n\n\n<p><strong>12\/01\/2021 &#8211; Catalunya Press<\/strong><\/p>\n\n\n\n<p><em>Els ciutadans que pateixen pobresa energ\u00e8tica\u00a0presenten una pitjor salut que aquells que poden garantir els subministraments dom\u00e8stics d&#8217;energia,\u00a0segons un estudi realitzat per investigadors del\u00a0CIBERESP, l&#8217;Institut de Recerca Biom\u00e8dica Sant Pau, l&#8217;Associaci\u00f3 Benestar i Desenvolupament, l&#8217;Ag\u00e8ncia de Salut P\u00fablica de Barcelona i altres institucions.<\/em><\/p>\n\n\n\n<p><strong><a rel=\"noreferrer noopener\" href=\"https:\/\/www.catalunyapress.cat\/texto-diario\/mostrar\/2258542\/salut-dels-ciutadans-pateixen-pobresa-energtica-mes-vulnerable\" target=\"_blank\">La salut dels ciutadans que pateixen pobresa energ\u00e8tica \u00e9s m\u00e9s vulnerable<\/a><\/strong><\/p>\n\n\n\n<p><strong>13\/01\/2021 &#8211; El Confidencial<\/strong><\/p>\n\n\n\n<p><em>&#8220;Ara mateix, el 90% de les persones que atenem a l&#8217;Hospitalet no tenen calefacci\u00f3 o no la fan servir i ho estan passant molt malament&#8221;, comenta Fernando Alegria, coordinador d&#8217;Energia Justa, un programa impulsat per l&#8217;Associaci\u00f3 Benestar i Desenvolupament ABD i Ecoserveis<\/em>.<\/p>\n\n\n\n<p><strong><a rel=\"noreferrer noopener\" href=\"https:\/\/www.elconfidencial.com\/tecnologia\/ciencia\/2021-01-13\/ola-frio-nevada-filomena-mortalidad-isciii_2904304\/\" target=\"_blank\">La tragedia de la ola de fr\u00edo: as\u00ed disparan la mortalidad las temperaturas extremas<\/a><\/strong><\/p>\n\n\n\n<p><strong>15\/01\/2021 &#8211; DSalamanca<\/strong><\/p>\n\n\n\n<p><em>El Departament de Serveis Socials del Districte de Salamanca va iniciar fa un any el Projecte Senes (gestionat per ABD), un servei d&#8217;intervenci\u00f3 per a la millora de la qualitat de vida de les persones grans mitjan\u00e7ant l&#8217;acci\u00f3 comunit\u00e0ria i la intervenci\u00f3 psicol\u00f2gica especialitzada.<\/em><\/p>\n\n\n\n<p><strong><a href=\"https:\/\/www.dsalamanca.es\/barrio\/proyecto-senes-soledad-no-deseada-distrito-salamanca\" target=\"_blank\" rel=\"noreferrer noopener\">El Proyecto Senes y la soledad no deseada en Distrito Salamanca<\/a><\/strong><\/p>\n\n\n\n<p><strong>25\/01\/2021 &#8211; El Peri\u00f3dico<\/strong><\/p>\n\n\n\n<p><em>&#8220;Durant el confinament el consum de drogues es va reduir d&#8217;una forma brutal, tot i que l&#8217;alcohol va pujar. A partir de la desescalada de l&#8217;estiu, i tot i el toc de queda, el consum s&#8217;ha reorganitzat en espais grupals i privats&#8221;, exposa Josep Rovira, director de l&#8217;\u00c0rea de Drogues d&#8217;ABD.<\/em><\/p>\n\n\n\n<p><strong><a rel=\"noreferrer noopener\" href=\"https:\/\/www.elperiodico.com\/es\/sociedad\/20210125\/ocio-clandestino-esconde-violencia-machista-agresiones-sexuales-drogas-machismo-11472033\" target=\"_blank\">Entidades alertan de que el ocio clandestino esconde agresiones machistas y sobredosis<\/a><\/strong><\/p>\n\n\n\n<p><strong>26\/01\/2021 &#8211; CCMA<\/strong><\/p>\n\n\n\n<p><em>El Servei d&#8217;Intervenci\u00f3 Especialitzada (SIE) de Sant Feliu de Llobregat, gestionat per ABD, va atendre 524 dones en situaci\u00f3 de viol\u00e8ncia masclista i 66 menors durant l&#8217;any 2020 i va fer un total de 2.581 atencions<\/em><\/p>\n\n\n\n<p><strong><a rel=\"noreferrer noopener\" href=\"https:\/\/www.ccma.cat\/324\/el-sie-de-sant-feliu-de-llobregat-va-atendre-523-dones-en-situacio-de-violencia-masclista-el-2020\/noticia\/3073861\/\" target=\"_blank\">El SIE de Sant Feliu de Llobregat va atendre 523 dones en situaci\u00f3 de viol\u00e8ncia masclista el 2020<\/a><\/strong><\/p>\n\n\n\n<p><strong>26\/01\/2021 &#8211; La Vanguardia<\/strong><\/p>\n\n\n\n<p><em>En una visita al SIE de Sant Feliu de Llobregat (Barcelona), el conseller ha recordat que en un any i mig han passat de 8 a 16 SIE i que en comarques amb molta poblaci\u00f3 com el Baix Llobregat i el Vall\u00e8s Occidental han obert un segon SIE per garantir l&#8217;equitat territorial<\/em><\/p>\n\n\n\n<p><strong><a href=\"https:\/\/www.lavanguardia.com\/vida\/20210126\/6200656\/homrani-reivindica-equidad-territorial-servicios-atencion-mujer.html\" target=\"_blank\" rel=\"noreferrer noopener\">El Homrani reivindica la equidad territorial de servicios de atenci\u00f3n a mujer<\/a><\/strong><\/p>\n","protected":false},"excerpt":{"rendered":"<p>L\u2019Associaci\u00f3 Benestar i Desenvolupament\u00a0(ABD)\u00a0ha estat present als mitjans de comunicaci\u00f3 durant aquest mes de gener. A continuaci\u00f3, el resum de premsa de les diverses not\u00edcies, articles i reportatges en els&hellip;<\/p>\n","protected":false},"author":2,"featured_media":14666,"comment_status":"closed","ping_status":"closed","sticky":false,"template":"","format":"standard","meta":{"_acf_changed":false,"footnotes":""},"categories":[66],"tags":[2078,435],"class_list":["post-18997","post","type-post","status-publish","format-standard","has-post-thumbnail","hentry","category-general-ca","tag-abd-als-mitjans","tag-mitjans-de-comunicacio"],"acf":[],"yoast_head":"<!-- This site is optimized with the Yoast SEO plugin v27.4 - https:\/\/yoast.com\/product\/yoast-seo-wordpress\/ -->\n<title>ABD als mitjans de comunicaci\u00f3 al gener - ABD<\/title>\n<meta name=\"description\" content=\"L\u2019Associaci\u00f3 Benestar i Desenvolupament\u00a0(ABD)\u00a0ha estat present als mitjans de comunicaci\u00f3 durant aquest mes de gener. A continuaci\u00f3, el resum de premsa de\" \/>\n<meta name=\"robots\" content=\"index, follow, max-snippet:-1, max-image-preview:large, max-video-preview:-1\" \/>\n<link rel=\"canonical\" href=\"https:\/\/abd.ong\/ca\/general-ca\/abd-als-mitjans-de-comunicacio-al-gener-2\/\" \/>\n<meta property=\"og:locale\" content=\"ca_ES\" \/>\n<meta property=\"og:type\" content=\"article\" \/>\n<meta property=\"og:title\" content=\"ABD als mitjans de comunicaci\u00f3 al gener - ABD\" \/>\n<meta property=\"og:description\" content=\"L\u2019Associaci\u00f3 Benestar i Desenvolupament\u00a0(ABD)\u00a0ha estat present als mitjans de comunicaci\u00f3 durant aquest mes de gener. A continuaci\u00f3, el resum de premsa de\" \/>\n<meta property=\"og:url\" content=\"https:\/\/abd.ong\/ca\/general-ca\/abd-als-mitjans-de-comunicacio-al-gener-2\/\" \/>\n<meta property=\"og:site_name\" content=\"ABD\" \/>\n<meta property=\"article:publisher\" content=\"https:\/\/www.facebook.com\/abd.ong\" \/>\n<meta property=\"article:published_time\" content=\"2021-01-28T12:49:33+00:00\" \/>\n<meta property=\"article:modified_time\" content=\"2021-02-17T17:35:20+00:00\" \/>\n<meta property=\"og:image\" content=\"https:\/\/abd.ong\/wp-content\/uploads\/2020\/05\/old-tv-1149416_1920.jpg\" \/>\n\t<meta property=\"og:image:width\" content=\"1919\" \/>\n\t<meta property=\"og:image:height\" content=\"977\" \/>\n\t<meta property=\"og:image:type\" content=\"image\/jpeg\" \/>\n<meta name=\"author\" content=\"Enric Guinart\" \/>\n<meta name=\"twitter:card\" content=\"summary_large_image\" \/>\n<meta name=\"twitter:creator\" content=\"@abd_ong\" \/>\n<meta name=\"twitter:site\" content=\"@abd_ong\" \/>\n<meta name=\"twitter:label1\" content=\"Escrit per\" \/>\n\t<meta name=\"twitter:data1\" content=\"Enric Guinart\" \/>\n\t<meta name=\"twitter:label2\" content=\"Temps estimat de lectura\" \/>\n\t<meta name=\"twitter:data2\" content=\"3 minuts\" \/>\n<script type=\"application\/ld+json\" class=\"yoast-schema-graph\">{\"@context\":\"https:\\\/\\\/schema.org\",\"@graph\":[{\"@type\":\"Article\",\"@id\":\"https:\\\/\\\/abd.ong\\\/ca\\\/general-ca\\\/abd-als-mitjans-de-comunicacio-al-gener-2\\\/#article\",\"isPartOf\":{\"@id\":\"https:\\\/\\\/abd.ong\\\/ca\\\/general-ca\\\/abd-als-mitjans-de-comunicacio-al-gener-2\\\/\"},\"author\":{\"name\":\"Enric Guinart\",\"@id\":\"https:\\\/\\\/abd.ong\\\/ca\\\/#\\\/schema\\\/person\\\/d0f5fe279a7ad908de6a6d1332bfd7d8\"},\"headline\":\"ABD als mitjans de comunicaci\u00f3 al gener\",\"datePublished\":\"2021-01-28T12:49:33+00:00\",\"dateModified\":\"2021-02-17T17:35:20+00:00\",\"mainEntityOfPage\":{\"@id\":\"https:\\\/\\\/abd.ong\\\/ca\\\/general-ca\\\/abd-als-mitjans-de-comunicacio-al-gener-2\\\/\"},\"wordCount\":525,\"publisher\":{\"@id\":\"https:\\\/\\\/abd.ong\\\/ca\\\/#organization\"},\"image\":{\"@id\":\"https:\\\/\\\/abd.ong\\\/ca\\\/general-ca\\\/abd-als-mitjans-de-comunicacio-al-gener-2\\\/#primaryimage\"},\"thumbnailUrl\":\"https:\\\/\\\/abd.ong\\\/wp-content\\\/uploads\\\/2020\\\/05\\\/old-tv-1149416_1920.jpg\",\"keywords\":[\"abd als mitjans\",\"mitjans de comunicaci\u00f3\"],\"articleSection\":[\"General\"],\"inLanguage\":\"ca\"},{\"@type\":\"WebPage\",\"@id\":\"https:\\\/\\\/abd.ong\\\/ca\\\/general-ca\\\/abd-als-mitjans-de-comunicacio-al-gener-2\\\/\",\"url\":\"https:\\\/\\\/abd.ong\\\/ca\\\/general-ca\\\/abd-als-mitjans-de-comunicacio-al-gener-2\\\/\",\"name\":\"ABD als mitjans de comunicaci\u00f3 al gener - ABD\",\"isPartOf\":{\"@id\":\"https:\\\/\\\/abd.ong\\\/ca\\\/#website\"},\"primaryImageOfPage\":{\"@id\":\"https:\\\/\\\/abd.ong\\\/ca\\\/general-ca\\\/abd-als-mitjans-de-comunicacio-al-gener-2\\\/#primaryimage\"},\"image\":{\"@id\":\"https:\\\/\\\/abd.ong\\\/ca\\\/general-ca\\\/abd-als-mitjans-de-comunicacio-al-gener-2\\\/#primaryimage\"},\"thumbnailUrl\":\"https:\\\/\\\/abd.ong\\\/wp-content\\\/uploads\\\/2020\\\/05\\\/old-tv-1149416_1920.jpg\",\"datePublished\":\"2021-01-28T12:49:33+00:00\",\"dateModified\":\"2021-02-17T17:35:20+00:00\",\"description\":\"L\u2019Associaci\u00f3 Benestar i Desenvolupament\u00a0(ABD)\u00a0ha estat present als mitjans de comunicaci\u00f3 durant aquest mes de gener. A continuaci\u00f3, el resum de premsa de\",\"breadcrumb\":{\"@id\":\"https:\\\/\\\/abd.ong\\\/ca\\\/general-ca\\\/abd-als-mitjans-de-comunicacio-al-gener-2\\\/#breadcrumb\"},\"inLanguage\":\"ca\",\"potentialAction\":[{\"@type\":\"ReadAction\",\"target\":[\"https:\\\/\\\/abd.ong\\\/ca\\\/general-ca\\\/abd-als-mitjans-de-comunicacio-al-gener-2\\\/\"]}]},{\"@type\":\"ImageObject\",\"inLanguage\":\"ca\",\"@id\":\"https:\\\/\\\/abd.ong\\\/ca\\\/general-ca\\\/abd-als-mitjans-de-comunicacio-al-gener-2\\\/#primaryimage\",\"url\":\"https:\\\/\\\/abd.ong\\\/wp-content\\\/uploads\\\/2020\\\/05\\\/old-tv-1149416_1920.jpg\",\"contentUrl\":\"https:\\\/\\\/abd.ong\\\/wp-content\\\/uploads\\\/2020\\\/05\\\/old-tv-1149416_1920.jpg\",\"width\":1919,\"height\":977,\"caption\":\"medios de comunicaci\u00f3n\"},{\"@type\":\"BreadcrumbList\",\"@id\":\"https:\\\/\\\/abd.ong\\\/ca\\\/general-ca\\\/abd-als-mitjans-de-comunicacio-al-gener-2\\\/#breadcrumb\",\"itemListElement\":[{\"@type\":\"ListItem\",\"position\":1,\"name\":\"Inici\",\"item\":\"https:\\\/\\\/abd.ong\\\/ca\\\/\"},{\"@type\":\"ListItem\",\"position\":2,\"name\":\"ABD als mitjans de comunicaci\u00f3 al gener\"}]},{\"@type\":\"WebSite\",\"@id\":\"https:\\\/\\\/abd.ong\\\/ca\\\/#website\",\"url\":\"https:\\\/\\\/abd.ong\\\/ca\\\/\",\"name\":\"ABD\",\"description\":\"Asociaci\u00f3n Bienestar y Desarrollo\",\"publisher\":{\"@id\":\"https:\\\/\\\/abd.ong\\\/ca\\\/#organization\"},\"potentialAction\":[{\"@type\":\"SearchAction\",\"target\":{\"@type\":\"EntryPoint\",\"urlTemplate\":\"https:\\\/\\\/abd.ong\\\/ca\\\/?s={search_term_string}\"},\"query-input\":{\"@type\":\"PropertyValueSpecification\",\"valueRequired\":true,\"valueName\":\"search_term_string\"}}],\"inLanguage\":\"ca\"},{\"@type\":\"Organization\",\"@id\":\"https:\\\/\\\/abd.ong\\\/ca\\\/#organization\",\"name\":\"Associaci\u00f3 Benestar i Desenvolupament\",\"alternateName\":\"ABD\",\"url\":\"https:\\\/\\\/abd.ong\\\/ca\\\/\",\"logo\":{\"@type\":\"ImageObject\",\"inLanguage\":\"ca\",\"@id\":\"https:\\\/\\\/abd.ong\\\/ca\\\/#\\\/schema\\\/logo\\\/image\\\/\",\"url\":\"https:\\\/\\\/abd.ong\\\/wp-content\\\/uploads\\\/2023\\\/01\\\/Icona.png\",\"contentUrl\":\"https:\\\/\\\/abd.ong\\\/wp-content\\\/uploads\\\/2023\\\/01\\\/Icona.png\",\"width\":190,\"height\":187,\"caption\":\"Associaci\u00f3 Benestar i Desenvolupament\"},\"image\":{\"@id\":\"https:\\\/\\\/abd.ong\\\/ca\\\/#\\\/schema\\\/logo\\\/image\\\/\"},\"sameAs\":[\"https:\\\/\\\/www.facebook.com\\\/abd.ong\",\"https:\\\/\\\/x.com\\\/abd_ong\",\"https:\\\/\\\/www.instagram.com\\\/abd_ong\\\/\",\"https:\\\/\\\/www.linkedin.com\\\/company\\\/abdong\",\"https:\\\/\\\/www.youtube.com\\\/user\\\/CANALABD\"]},{\"@type\":\"Person\",\"@id\":\"https:\\\/\\\/abd.ong\\\/ca\\\/#\\\/schema\\\/person\\\/d0f5fe279a7ad908de6a6d1332bfd7d8\",\"name\":\"Enric Guinart\"}]}<\/script>\n<!-- \/ Yoast SEO plugin. -->","yoast_head_json":{"title":"ABD als mitjans de comunicaci\u00f3 al gener - ABD","description":"L\u2019Associaci\u00f3 Benestar i Desenvolupament\u00a0(ABD)\u00a0ha estat present als mitjans de comunicaci\u00f3 durant aquest mes de gener. A continuaci\u00f3, el resum de premsa de","robots":{"index":"index","follow":"follow","max-snippet":"max-snippet:-1","max-image-preview":"max-image-preview:large","max-video-preview":"max-video-preview:-1"},"canonical":"https:\/\/abd.ong\/ca\/general-ca\/abd-als-mitjans-de-comunicacio-al-gener-2\/","og_locale":"ca_ES","og_type":"article","og_title":"ABD als mitjans de comunicaci\u00f3 al gener - ABD","og_description":"L\u2019Associaci\u00f3 Benestar i Desenvolupament\u00a0(ABD)\u00a0ha estat present als mitjans de comunicaci\u00f3 durant aquest mes de gener. A continuaci\u00f3, el resum de premsa de","og_url":"https:\/\/abd.ong\/ca\/general-ca\/abd-als-mitjans-de-comunicacio-al-gener-2\/","og_site_name":"ABD","article_publisher":"https:\/\/www.facebook.com\/abd.ong","article_published_time":"2021-01-28T12:49:33+00:00","article_modified_time":"2021-02-17T17:35:20+00:00","og_image":[{"width":1919,"height":977,"url":"https:\/\/abd.ong\/wp-content\/uploads\/2020\/05\/old-tv-1149416_1920.jpg","type":"image\/jpeg"}],"author":"Enric Guinart","twitter_card":"summary_large_image","twitter_creator":"@abd_ong","twitter_site":"@abd_ong","twitter_misc":{"Escrit per":"Enric Guinart","Temps estimat de lectura":"3 minuts"},"schema":{"@context":"https:\/\/schema.org","@graph":[{"@type":"Article","@id":"https:\/\/abd.ong\/ca\/general-ca\/abd-als-mitjans-de-comunicacio-al-gener-2\/#article","isPartOf":{"@id":"https:\/\/abd.ong\/ca\/general-ca\/abd-als-mitjans-de-comunicacio-al-gener-2\/"},"author":{"name":"Enric Guinart","@id":"https:\/\/abd.ong\/ca\/#\/schema\/person\/d0f5fe279a7ad908de6a6d1332bfd7d8"},"headline":"ABD als mitjans de comunicaci\u00f3 al gener","datePublished":"2021-01-28T12:49:33+00:00","dateModified":"2021-02-17T17:35:20+00:00","mainEntityOfPage":{"@id":"https:\/\/abd.ong\/ca\/general-ca\/abd-als-mitjans-de-comunicacio-al-gener-2\/"},"wordCount":525,"publisher":{"@id":"https:\/\/abd.ong\/ca\/#organization"},"image":{"@id":"https:\/\/abd.ong\/ca\/general-ca\/abd-als-mitjans-de-comunicacio-al-gener-2\/#primaryimage"},"thumbnailUrl":"https:\/\/abd.ong\/wp-content\/uploads\/2020\/05\/old-tv-1149416_1920.jpg","keywords":["abd als mitjans","mitjans de comunicaci\u00f3"],"articleSection":["General"],"inLanguage":"ca"},{"@type":"WebPage","@id":"https:\/\/abd.ong\/ca\/general-ca\/abd-als-mitjans-de-comunicacio-al-gener-2\/","url":"https:\/\/abd.ong\/ca\/general-ca\/abd-als-mitjans-de-comunicacio-al-gener-2\/","name":"ABD als mitjans de comunicaci\u00f3 al gener - ABD","isPartOf":{"@id":"https:\/\/abd.ong\/ca\/#website"},"primaryImageOfPage":{"@id":"https:\/\/abd.ong\/ca\/general-ca\/abd-als-mitjans-de-comunicacio-al-gener-2\/#primaryimage"},"image":{"@id":"https:\/\/abd.ong\/ca\/general-ca\/abd-als-mitjans-de-comunicacio-al-gener-2\/#primaryimage"},"thumbnailUrl":"https:\/\/abd.ong\/wp-content\/uploads\/2020\/05\/old-tv-1149416_1920.jpg","datePublished":"2021-01-28T12:49:33+00:00","dateModified":"2021-02-17T17:35:20+00:00","description":"L\u2019Associaci\u00f3 Benestar i Desenvolupament\u00a0(ABD)\u00a0ha estat present als mitjans de comunicaci\u00f3 durant aquest mes de gener. A continuaci\u00f3, el resum de premsa de","breadcrumb":{"@id":"https:\/\/abd.ong\/ca\/general-ca\/abd-als-mitjans-de-comunicacio-al-gener-2\/#breadcrumb"},"inLanguage":"ca","potentialAction":[{"@type":"ReadAction","target":["https:\/\/abd.ong\/ca\/general-ca\/abd-als-mitjans-de-comunicacio-al-gener-2\/"]}]},{"@type":"ImageObject","inLanguage":"ca","@id":"https:\/\/abd.ong\/ca\/general-ca\/abd-als-mitjans-de-comunicacio-al-gener-2\/#primaryimage","url":"https:\/\/abd.ong\/wp-content\/uploads\/2020\/05\/old-tv-1149416_1920.jpg","contentUrl":"https:\/\/abd.ong\/wp-content\/uploads\/2020\/05\/old-tv-1149416_1920.jpg","width":1919,"height":977,"caption":"medios de comunicaci\u00f3n"},{"@type":"BreadcrumbList","@id":"https:\/\/abd.ong\/ca\/general-ca\/abd-als-mitjans-de-comunicacio-al-gener-2\/#breadcrumb","itemListElement":[{"@type":"ListItem","position":1,"name":"Inici","item":"https:\/\/abd.ong\/ca\/"},{"@type":"ListItem","position":2,"name":"ABD als mitjans de comunicaci\u00f3 al gener"}]},{"@type":"WebSite","@id":"https:\/\/abd.ong\/ca\/#website","url":"https:\/\/abd.ong\/ca\/","name":"ABD","description":"Asociaci\u00f3n Bienestar y Desarrollo","publisher":{"@id":"https:\/\/abd.ong\/ca\/#organization"},"potentialAction":[{"@type":"SearchAction","target":{"@type":"EntryPoint","urlTemplate":"https:\/\/abd.ong\/ca\/?s={search_term_string}"},"query-input":{"@type":"PropertyValueSpecification","valueRequired":true,"valueName":"search_term_string"}}],"inLanguage":"ca"},{"@type":"Organization","@id":"https:\/\/abd.ong\/ca\/#organization","name":"Associaci\u00f3 Benestar i Desenvolupament","alternateName":"ABD","url":"https:\/\/abd.ong\/ca\/","logo":{"@type":"ImageObject","inLanguage":"ca","@id":"https:\/\/abd.ong\/ca\/#\/schema\/logo\/image\/","url":"https:\/\/abd.ong\/wp-content\/uploads\/2023\/01\/Icona.png","contentUrl":"https:\/\/abd.ong\/wp-content\/uploads\/2023\/01\/Icona.png","width":190,"height":187,"caption":"Associaci\u00f3 Benestar i Desenvolupament"},"image":{"@id":"https:\/\/abd.ong\/ca\/#\/schema\/logo\/image\/"},"sameAs":["https:\/\/www.facebook.com\/abd.ong","https:\/\/x.com\/abd_ong","https:\/\/www.instagram.com\/abd_ong\/","https:\/\/www.linkedin.com\/company\/abdong","https:\/\/www.youtube.com\/user\/CANALABD"]},{"@type":"Person","@id":"https:\/\/abd.ong\/ca\/#\/schema\/person\/d0f5fe279a7ad908de6a6d1332bfd7d8","name":"Enric Guinart"}]}},"_links":{"self":[{"href":"https:\/\/abd.ong\/ca\/wp-json\/wp\/v2\/posts\/18997","targetHints":{"allow":["GET"]}}],"collection":[{"href":"https:\/\/abd.ong\/ca\/wp-json\/wp\/v2\/posts"}],"about":[{"href":"https:\/\/abd.ong\/ca\/wp-json\/wp\/v2\/types\/post"}],"author":[{"embeddable":true,"href":"https:\/\/abd.ong\/ca\/wp-json\/wp\/v2\/users\/2"}],"replies":[{"embeddable":true,"href":"https:\/\/abd.ong\/ca\/wp-json\/wp\/v2\/comments?post=18997"}],"version-history":[{"count":3,"href":"https:\/\/abd.ong\/ca\/wp-json\/wp\/v2\/posts\/18997\/revisions"}],"predecessor-version":[{"id":20156,"href":"https:\/\/abd.ong\/ca\/wp-json\/wp\/v2\/posts\/18997\/revisions\/20156"}],"wp:featuredmedia":[{"embeddable":true,"href":"https:\/\/abd.ong\/ca\/wp-json\/wp\/v2\/media\/14666"}],"wp:attachment":[{"href":"https:\/\/abd.ong\/ca\/wp-json\/wp\/v2\/media?parent=18997"}],"wp:term":[{"taxonomy":"category","embeddable":true,"href":"https:\/\/abd.ong\/ca\/wp-json\/wp\/v2\/categories?post=18997"},{"taxonomy":"post_tag","embeddable":true,"href":"https:\/\/abd.ong\/ca\/wp-json\/wp\/v2\/tags?post=18997"}],"curies":[{"name":"wp","href":"https:\/\/api.w.org\/{rel}","templated":true}]}}