{"id":18874,"date":"2021-01-25T12:23:38","date_gmt":"2021-01-25T11:23:38","guid":{"rendered":"https:\/\/abd.ong\/?p=18874"},"modified":"2021-01-25T12:23:40","modified_gmt":"2021-01-25T11:23:40","slug":"la-sexualitat-es-un-tema-tabu-a-les-escoles-i-en-diferents-ambits-de-les-nostres-vides","status":"publish","type":"post","link":"https:\/\/abd.ong\/ca\/joves\/la-sexualitat-es-un-tema-tabu-a-les-escoles-i-en-diferents-ambits-de-les-nostres-vides\/","title":{"rendered":"\u00abLa sexualitat \u00e9s un tema tab\u00fa a les escoles i en diferents \u00e0mbits de les nostres vides\u00bb"},"content":{"rendered":"\n<h3 class=\"wp-block-heading\">Parlem amb l&#8217;equip de SEXus, un programa desenvolupat per l&#8217;Associaci\u00f3 Benestar i Desenvolupament que est\u00e0 centrat en l&#8217;\u00e0mbit de l&#8217;educaci\u00f3 i salut sexual en qu\u00e8 abordem les sexualitats d&#8217;una forma integral i positiva<\/h3>\n\n\n\n<div style=\"height:25px\" aria-hidden=\"true\" class=\"wp-block-spacer\"><\/div>\n\n\n\n<p><a href=\"https:\/\/sexus.org\/\" target=\"_blank\" rel=\"noreferrer noopener\">SEXus<\/a> \u00e9s un programa d&#8217;educaci\u00f3 sexual impulsat per l&#8217;<a href=\"https:\/\/abd.ong\/\" target=\"_blank\" rel=\"noreferrer noopener\">Associaci\u00f3 Benestar i Desenvolupament<\/a>. A continuaci\u00f3 entrevistem a l&#8217;equip que gestiona el projecte.<\/p>\n\n\n\n<div style=\"height:25px\" aria-hidden=\"true\" class=\"wp-block-spacer\"><\/div>\n\n\n\n<p><strong>Qu\u00e8 \u00e9s SEXus?<\/strong><\/p>\n\n\n\n<p><a href=\"https:\/\/sexus.org\/\" target=\"_blank\" rel=\"noreferrer noopener\">SEXus<\/a> \u00e9s un programa centrat en l&#8217;\u00e0mbit de l&#8217;educaci\u00f3 i salut sexual en qu\u00e8 abordem les sexualitats d&#8217;una forma integral i positiva. Tenim un enfocament feminista que t\u00e9 en compte les diverses opcions, prefer\u00e8ncies sexuals, identitats i expressions de g\u00e8nere, i que posa en evid\u00e8ncia les desigualtats i viol\u00e8ncies masclistes. En definitiva, que t\u00e9 en compte les diferents sexualitats, plaers i desitjos que formen part de la realitat de cada persona. Som un equip jove de persones que venim de diferents disciplines com l&#8217;antropologia, psicologia, assist\u00e8ncia sanit\u00e0ria, educaci\u00f3 social i els activismes. Ens nodrim unes a les altres per treballar de forma rica i completa tot el ventall que abasten les sexualitats.<\/p>\n\n\n\n<div style=\"height:25px\" aria-hidden=\"true\" class=\"wp-block-spacer\"><\/div>\n\n\n\n<blockquote class=\"wp-block-quote is-style-large is-layout-flow wp-block-quote-is-layout-flow\"><p>\u00abTenim un enfocament feminista que t\u00e9 en compte les diverses opcions, prefer\u00e8ncies sexuals, identitats i expressions de g\u00e8nere, i que posa en evid\u00e8ncia les desigualtats i viol\u00e8ncies masclistes\u00bb<\/p><\/blockquote>\n\n\n\n<div style=\"height:25px\" aria-hidden=\"true\" class=\"wp-block-spacer\"><\/div>\n\n\n\n<p><strong>El vostre \u00e0mbit d&#8217;actuaci\u00f3 abasta tres \u00e0mbits: les accions educatives, l&#8217;oci nocturn i la informaci\u00f3 i sensibilitzaci\u00f3. Ens podeu concretar qu\u00e8 feu en cadascuna d&#8217;ells?<\/strong><\/p>\n\n\n\n<p>Com b\u00e9 dius de el projecte es desenvolupa en tres eixos principals:<\/p>\n\n\n\n<p>D&#8217;una banda tenim les <strong>accions educatives<\/strong> que consisteixen en la realitzaci\u00f3 de tallers, xerrades i formacions adre\u00e7ades a adolescents, joves, professionals i fam\u00edlies. Les activitats es desenvolupen dins de l&#8217;\u00e0mbit educatiu formal (instituts, escoles, etc&#8230;) i no formal (entitats comunit\u00e0ries, casals de joves, espais autogestionats, etc&#8230;). En els tallers s&#8217;utilitza una metodologia participativa per tal de crear un espai d&#8217;aprenentatge i intercanvi col\u00b7lectiu mitjan\u00e7ant el suport audiovisual i gr\u00e0fic. La nostra proposta pedag\u00f2gica est\u00e0 centrada en recon\u00e8ixer els sabers i inquietuds que circulen en els grups per reflexionar i generar coneixement compartit.<\/p>\n\n\n\n<p>Tamb\u00e9 realitzem <strong>intervencions de proximitat<\/strong> en espais d&#8217;oci nocturn relacionats amb la m\u00fasica i el ball que consisteixen en la instal\u00b7laci\u00f3 d&#8217;estands informatius, d&#8217;assessorament i sensibilitzaci\u00f3 sobre sexualitats. Actualment i donada la situaci\u00f3 de la Covid-19, l&#8217;hem ampliat a l&#8217;oci en general i a intervencions en espais p\u00fablics de socialitzaci\u00f3 i trobada de joves.<\/p>\n\n\n\n<p>Finalment, vam crear diferents materials i <strong>campanyes de sensibilitzaci\u00f3 i visibilitzaci\u00f3<\/strong> que resultin \u00fatils per a la intervenci\u00f3 educativa i possibilitin la sensibilitzaci\u00f3 sobre la viv\u00e8ncia de sexualitats lliures, positives i saludables.<\/p>\n\n\n\n<p>En tots els casos, ens plantegem una metodologia de treball participativa i col\u00b7laborativa entre equip t\u00e8cnic, voluntariat i artistes a trav\u00e9s de la creaci\u00f3 col\u00b7lectiva, grups focals i testeig de materials. El nostre objectiu \u00e9s que els materials siguin d&#8217;\u00fas p\u00fablic i es trobin disponibles.<\/p>\n\n\n\n<div style=\"height:25px\" aria-hidden=\"true\" class=\"wp-block-spacer\"><\/div>\n\n\n\n<p><strong>Quina import\u00e0ncia tenen el component comunitari en les accions educatives que desenvolupeu?<\/strong><\/p>\n\n\n\n<p>Considerem de vital import\u00e0ncia la xarxa comunit\u00e0ria, tant en la planificaci\u00f3, com en la creaci\u00f3 de materials i intervencions que realitzem. Per promoure sexualitats m\u00e9s lliures i saludables, i que les intervencions arribin a la poblaci\u00f3 jove cal observar, escoltar i comprendre les necessitats i els significats que manegen, intervenir des dels seus propis codis i interessos. Treballem en xarxa i en col\u00b7laboraci\u00f3 amb diverses entitats comunit\u00e0ries, col\u00b7lectius, artistes i grups, \u00e9s enriquidor i a m\u00e9s creiem en aquesta manera de fer per aconseguir la transformaci\u00f3 social<\/p>\n\n\n\n<div style=\"height:25px\" aria-hidden=\"true\" class=\"wp-block-spacer\"><\/div>\n\n\n\n<blockquote class=\"wp-block-quote is-style-large is-layout-flow wp-block-quote-is-layout-flow\"><p>\u00abPer promoure sexualitats m\u00e9s lliures i saludables, i que les intervencions arribin a la poblaci\u00f3 jove cal observar, escoltar i comprendre les necessitats i els significats que manegen, intervenir des dels seus propis codis i interessos\u00bb<\/p><\/blockquote>\n\n\n\n<div style=\"height:25px\" aria-hidden=\"true\" class=\"wp-block-spacer\"><\/div>\n\n\n\n<p><strong>Quines afectacions est\u00e0 tenint la pand\u00e8mia de la Covid-19 en el desenvolupament de la sexualitat entre les joves?<\/strong><\/p>\n\n\n\n<p>La pand\u00e8mia ha travessat les nostres vides i concretament a la poblaci\u00f3 adolescent i jove afecta d&#8217;una manera espec\u00edfica:<\/p>\n\n\n\n<ul class=\"wp-block-list\"><li>Pocs espais de socialitzaci\u00f3<\/li><li>Disminuci\u00f3 de les possibilitats de contacte f\u00edsic<\/li><li>Reducci\u00f3 d&#8217;espais de trobada<\/li><li>Es complica la situaci\u00f3 per accedir a material preventiu gratu\u00eft<\/li><li>Es complica trobar moments d&#8217;intimitat per viure les sexualitats soles o acompanyades<\/li><li>Canvi en les formes de con\u00e8ixer gent nova, de relacionar-nos, en comptes de fer-ho en un bar, casal o al carrer s&#8217;utilitzen m\u00e9s les aplicacions<\/li><li>Augment de les situacions de vulnerabilitat<\/li><\/ul>\n\n\n\n<p>Sorgeix la necessitat de no oblidar la prevenci\u00f3, que la vida social estigui restringida no vol dir que no hi hagi necessitats. L&#8217;oci i la forma de relacionar-nos est\u00e0 canviant, \u00e9s important prestar atenci\u00f3 a aquests canvis i adaptar les nostres intervencions a la realitat canviant, acostar-nos als espais de trobada d&#8217;adolescents i joves, implicar-los en les nostres estrat\u00e8gies preventives &#8230;.<\/p>\n\n\n\n<div style=\"height:25px\" aria-hidden=\"true\" class=\"wp-block-spacer\"><\/div>\n\n\n\n<figure class=\"wp-block-image size-large\"><img fetchpriority=\"high\" decoding=\"async\" width=\"960\" height=\"719\" src=\"\/wp-content\/uploads\/2021\/01\/sexus-fiesta.jpg\" alt=\"\" class=\"wp-image-18846\" srcset=\"https:\/\/abd.ong\/wp-content\/uploads\/2021\/01\/sexus-fiesta.jpg 960w, https:\/\/abd.ong\/wp-content\/uploads\/2021\/01\/sexus-fiesta-300x225.jpg 300w, https:\/\/abd.ong\/wp-content\/uploads\/2021\/01\/sexus-fiesta-768x575.jpg 768w\" sizes=\"(max-width: 960px) 100vw, 960px\" \/><figcaption><em>Membres de l&#8217;equip de SEXus en un estand informatiu.<\/em><\/figcaption><\/figure>\n\n\n\n<div style=\"height:25px\" aria-hidden=\"true\" class=\"wp-block-spacer\"><\/div>\n\n\n\n<p><strong>Com hem esmentat anteriorment, part de la vostra activitat se centra en la realitzaci\u00f3 d&#8217;intervencions de proximitat en espais d&#8217;oci nocturn relacionats amb la m\u00fasica i el ball que consisteixen en la instal\u00b7laci\u00f3 d&#8217;estands informatius, d&#8217;assessorament i sensibilitzaci\u00f3 sobre sexualitats. Ara que han desaparegut els espais d&#8217;oci de sempre, com esteu adaptant la vostra intervenci\u00f3 en l&#8217;oci nocturn?; Com s&#8217;estan adaptant les joves a aquesta nova realitat?<\/strong><\/p>\n\n\n\n<p>Amb la situaci\u00f3 actual, no estem realitzant intervencions nocturnes ja que \u00e9s un \u00e0mbit que ha quedat condicionat per les restriccions de la pand\u00e8mia, hem adaptat les intervencions a les necessitats i possibilitats que tenim. Estem posant els punts d&#8217;informaci\u00f3 i assessorament en diferents espais on es reuneixen les joves (oci, formaci\u00f3 i socialitzaci\u00f3), tamb\u00e9 estem fent seguiment dels nous espais de socialitzaci\u00f3 i escoltant qu\u00e8 ens diuen, com viuen aquesta realitat. Si b\u00e9 moltes de les nostres activitats han estat adaptades a format virtual tamb\u00e9 ens comenten que els resulta molt tedi\u00f3s que tot es faci mitjan\u00e7ant pantalles, per aix\u00f2 apostem per intervencions en petit format i per facilitar l&#8217;acc\u00e9s de joves que es troben en situacions socials complexes.<\/p>\n\n\n\n<div style=\"height:25px\" aria-hidden=\"true\" class=\"wp-block-spacer\"><\/div>\n\n\n\n<figure class=\"wp-block-image size-large\"><img decoding=\"async\" width=\"480\" height=\"529\" src=\"\/wp-content\/uploads\/2021\/01\/sexus-taller.jpg\" alt=\"\" class=\"wp-image-18843\" srcset=\"https:\/\/abd.ong\/wp-content\/uploads\/2021\/01\/sexus-taller.jpg 480w, https:\/\/abd.ong\/wp-content\/uploads\/2021\/01\/sexus-taller-272x300.jpg 272w\" sizes=\"(max-width: 480px) 100vw, 480px\" \/><figcaption><em>Un taller de SEXus a una escola.<\/em><\/figcaption><\/figure>\n\n\n\n<div style=\"height:25px\" aria-hidden=\"true\" class=\"wp-block-spacer\"><\/div>\n\n\n\n<p><strong>\u00bfEl sexe encara \u00e9s un tema tab\u00fa a les escoles?<\/strong><\/p>\n\n\n\n<p>La sexualitat \u00e9s un tema tab\u00fa a les escoles i en diferents \u00e0mbits de les nostres vides. Des de SEXus pretenem abordar el tema des de la naturalitat i utilitzar qualsevol espai educatiu per tractar temes relacionats amb les sexualitats, l&#8217;afectivitat i les relacions, les emocions, la gesti\u00f3 de riscos i plaers, les diversitats, la cura el cos.<\/p>\n\n\n\n<p>Clarament, necessitem una Educaci\u00f3 Sexual Integral (ESI) i de qualitat perqu\u00e8 \u00e9s un dret, i cal que estigui garantida en els diferents cicles formatius. \u00c9s important que els continguts estiguin adaptats a cada etapa vital i que formi part dels diferents processos d&#8217;aprenentatge.<\/p>\n\n\n\n<div style=\"height:25px\" aria-hidden=\"true\" class=\"wp-block-spacer\"><\/div>\n\n\n\n<blockquote class=\"wp-block-quote is-style-large is-layout-flow wp-block-quote-is-layout-flow\"><p>\u00abNecessitem una Educaci\u00f3 Sexual Integral (ESI) i de qualitat perqu\u00e8 \u00e9s un dret\u00bb<\/p><\/blockquote>\n\n\n\n<div style=\"height:25px\" aria-hidden=\"true\" class=\"wp-block-spacer\"><\/div>\n\n\n\n<p><strong>Qu\u00e8 podem fer com a individus i com a societat per millorar l&#8217;educaci\u00f3 sexual de les criatures?<\/strong><\/p>\n\n\n\n<p>En primer lloc, assumir que \u00e9s un dret i comprendre que si parlem o no del tema sempre estem educant sexualment. Si no parlo de les sexualitats amb les criatures, en el meu entorn m\u00e9s proper, amb la meva fam\u00edlia, \u00e9s clar que estem transmetent un missatge: sobre aix\u00f2 no es parla, reprodu\u00efm el tab\u00fa i silenciem un \u00e0mbit de les nostres vides.<\/p>\n\n\n\n<p>Tamb\u00e9 podem traslladar el tema a l&#8217;espai p\u00fablic encara que estigui molt relacionat amb la intimitat, a posar el plaer en el centre i allunyar-nos de missatges culpabilitzadors, alarmants i estigmatitzants, a tractar-lo amb naturalitat, treient-li import\u00e0ncia.<\/p>\n\n\n\n<div style=\"height:25px\" aria-hidden=\"true\" class=\"wp-block-spacer\"><\/div>\n\n\n\n<blockquote class=\"wp-block-quote is-style-large is-layout-flow wp-block-quote-is-layout-flow\"><p>\u00abSi no parlo de les sexualitats amb les criatures, en el meu entorn m\u00e9s proper, amb la meva fam\u00edlia, \u00e9s clar que estem transmetent un missatge: sobre aix\u00f2 no es parla, reprodu\u00efm el tab\u00fa i silenciem un \u00e0mbit de les nostres vides\u00bb<\/p><\/blockquote>\n\n\n\n<div style=\"height:25px\" aria-hidden=\"true\" class=\"wp-block-spacer\"><\/div>\n\n\n\n<p>Com a persones adultes hem de responsabilitzar-nos, evitar estigmatitzar la joventut i assumir que saben moltes coses, que es volen cuidar, volen utilitzar materials preventius en les seves pr\u00e0ctiques sexuals i que moltes vegades no troben respostes, hem de facilitar l&#8217;acc\u00e9s a la informaci\u00f3 i els recursos.<\/p>\n\n\n\n<p>Si b\u00e9 hem aconseguit moltes coses en les \u00faltimes d\u00e8cades, \u00e9s clar que ens queda molt cam\u00ed per rec\u00f3rrer.<\/p>\n\n\n\n<p>Per a m\u00e9s informaci\u00f3 sobre SEXus pots consultar la seva <a href=\"https:\/\/sexus.org\/\" target=\"_blank\" rel=\"noreferrer noopener\">web<\/a> o les seves xarxes socials: <a href=\"https:\/\/twitter.com\/Sexus_org\" target=\"_blank\" rel=\"noreferrer noopener\">Twitter<\/a>, <a href=\"https:\/\/www.instagram.com\/sexus_org\/\" target=\"_blank\" rel=\"noreferrer noopener\">Instagram<\/a>, <a href=\"https:\/\/www.facebook.com\/sexus.abd.1\" target=\"_blank\" rel=\"noreferrer noopener\">Facebook<\/a>, <a href=\"https:\/\/www.youtube.com\/channel\/UC1XUbP2lh6kK5qIjVZcF5CQ\" target=\"_blank\" rel=\"noreferrer noopener\">Youtube<\/a> i <a href=\"https:\/\/open.spotify.com\/user\/7nhc8c9e7u85mfa8llwe5magi\" target=\"_blank\" rel=\"noreferrer noopener\">Spotify<\/a>.<\/p>\n","protected":false},"excerpt":{"rendered":"<p>Parlem amb l&#8217;equip de SEXus, un programa desenvolupat per l&#8217;Associaci\u00f3 Benestar i Desenvolupament que est\u00e0 centrat en l&#8217;\u00e0mbit de l&#8217;educaci\u00f3 i salut sexual en qu\u00e8 abordem les sexualitats d&#8217;una forma&hellip;<\/p>\n","protected":false},"author":2,"featured_media":18836,"comment_status":"closed","ping_status":"closed","sticky":false,"template":"","format":"standard","meta":{"_acf_changed":false,"footnotes":""},"categories":[2084],"tags":[338,127,474,337],"class_list":["post-18874","post","type-post","status-publish","format-standard","has-post-thumbnail","hentry","category-joves","tag-educacio-i-salut-sexual","tag-sexe","tag-sexualitat","tag-sexus"],"acf":[],"yoast_head":"<!-- This site is optimized with the Yoast SEO plugin v27.4 - https:\/\/yoast.com\/product\/yoast-seo-wordpress\/ -->\n<title>\u00abLa sexualitat \u00e9s un tema tab\u00fa a les escoles i en diferents \u00e0mbits de les nostres vides\u00bb - ABD<\/title>\n<meta name=\"description\" content=\"Parlem amb l&#039;equip de SEXus, un programa desenvolupat per l&#039;Associaci\u00f3 Benestar i Desenvolupament que est\u00e0 centrat en l&#039;\u00e0mbit de l&#039;educaci\u00f3 i salut sexual\" \/>\n<meta name=\"robots\" content=\"index, follow, max-snippet:-1, max-image-preview:large, max-video-preview:-1\" \/>\n<link rel=\"canonical\" href=\"https:\/\/abd.ong\/ca\/joves\/la-sexualitat-es-un-tema-tabu-a-les-escoles-i-en-diferents-ambits-de-les-nostres-vides\/\" \/>\n<meta property=\"og:locale\" content=\"ca_ES\" \/>\n<meta property=\"og:type\" content=\"article\" \/>\n<meta property=\"og:title\" content=\"\u00abLa sexualitat \u00e9s un tema tab\u00fa a les escoles i en diferents \u00e0mbits de les nostres vides\u00bb - ABD\" \/>\n<meta property=\"og:description\" content=\"Parlem amb l&#039;equip de SEXus, un programa desenvolupat per l&#039;Associaci\u00f3 Benestar i Desenvolupament que est\u00e0 centrat en l&#039;\u00e0mbit de l&#039;educaci\u00f3 i salut sexual\" \/>\n<meta property=\"og:url\" content=\"https:\/\/abd.ong\/ca\/joves\/la-sexualitat-es-un-tema-tabu-a-les-escoles-i-en-diferents-ambits-de-les-nostres-vides\/\" \/>\n<meta property=\"og:site_name\" content=\"ABD\" \/>\n<meta property=\"article:publisher\" content=\"https:\/\/www.facebook.com\/abd.ong\" \/>\n<meta property=\"article:published_time\" content=\"2021-01-25T11:23:38+00:00\" \/>\n<meta property=\"article:modified_time\" content=\"2021-01-25T11:23:40+00:00\" \/>\n<meta property=\"og:image\" content=\"https:\/\/abd.ong\/wp-content\/uploads\/2021\/01\/EQUIPO-SEXUS-2.jpg\" \/>\n\t<meta property=\"og:image:width\" content=\"1804\" \/>\n\t<meta property=\"og:image:height\" content=\"971\" \/>\n\t<meta property=\"og:image:type\" content=\"image\/jpeg\" \/>\n<meta name=\"author\" content=\"Enric Guinart\" \/>\n<meta name=\"twitter:card\" content=\"summary_large_image\" \/>\n<meta name=\"twitter:creator\" content=\"@abd_ong\" \/>\n<meta name=\"twitter:site\" content=\"@abd_ong\" \/>\n<meta name=\"twitter:label1\" content=\"Escrit per\" \/>\n\t<meta name=\"twitter:data1\" content=\"Enric Guinart\" \/>\n\t<meta name=\"twitter:label2\" content=\"Temps estimat de lectura\" \/>\n\t<meta name=\"twitter:data2\" content=\"7 minuts\" \/>\n<script type=\"application\/ld+json\" class=\"yoast-schema-graph\">{\"@context\":\"https:\\\/\\\/schema.org\",\"@graph\":[{\"@type\":\"Article\",\"@id\":\"https:\\\/\\\/abd.ong\\\/ca\\\/joves\\\/la-sexualitat-es-un-tema-tabu-a-les-escoles-i-en-diferents-ambits-de-les-nostres-vides\\\/#article\",\"isPartOf\":{\"@id\":\"https:\\\/\\\/abd.ong\\\/ca\\\/joves\\\/la-sexualitat-es-un-tema-tabu-a-les-escoles-i-en-diferents-ambits-de-les-nostres-vides\\\/\"},\"author\":{\"name\":\"Enric Guinart\",\"@id\":\"https:\\\/\\\/abd.ong\\\/ca\\\/#\\\/schema\\\/person\\\/d0f5fe279a7ad908de6a6d1332bfd7d8\"},\"headline\":\"\u00abLa sexualitat \u00e9s un tema tab\u00fa a les escoles i en diferents \u00e0mbits de les nostres vides\u00bb\",\"datePublished\":\"2021-01-25T11:23:38+00:00\",\"dateModified\":\"2021-01-25T11:23:40+00:00\",\"mainEntityOfPage\":{\"@id\":\"https:\\\/\\\/abd.ong\\\/ca\\\/joves\\\/la-sexualitat-es-un-tema-tabu-a-les-escoles-i-en-diferents-ambits-de-les-nostres-vides\\\/\"},\"wordCount\":1457,\"publisher\":{\"@id\":\"https:\\\/\\\/abd.ong\\\/ca\\\/#organization\"},\"image\":{\"@id\":\"https:\\\/\\\/abd.ong\\\/ca\\\/joves\\\/la-sexualitat-es-un-tema-tabu-a-les-escoles-i-en-diferents-ambits-de-les-nostres-vides\\\/#primaryimage\"},\"thumbnailUrl\":\"https:\\\/\\\/abd.ong\\\/wp-content\\\/uploads\\\/2021\\\/01\\\/EQUIPO-SEXUS-2.jpg\",\"keywords\":[\"Educaci\u00f3 i salut sexual\",\"sexe\",\"sexualitat\",\"Sexus\"],\"articleSection\":[\"Joves\"],\"inLanguage\":\"ca\"},{\"@type\":\"WebPage\",\"@id\":\"https:\\\/\\\/abd.ong\\\/ca\\\/joves\\\/la-sexualitat-es-un-tema-tabu-a-les-escoles-i-en-diferents-ambits-de-les-nostres-vides\\\/\",\"url\":\"https:\\\/\\\/abd.ong\\\/ca\\\/joves\\\/la-sexualitat-es-un-tema-tabu-a-les-escoles-i-en-diferents-ambits-de-les-nostres-vides\\\/\",\"name\":\"\u00abLa sexualitat \u00e9s un tema tab\u00fa a les escoles i en diferents \u00e0mbits de les nostres vides\u00bb - ABD\",\"isPartOf\":{\"@id\":\"https:\\\/\\\/abd.ong\\\/ca\\\/#website\"},\"primaryImageOfPage\":{\"@id\":\"https:\\\/\\\/abd.ong\\\/ca\\\/joves\\\/la-sexualitat-es-un-tema-tabu-a-les-escoles-i-en-diferents-ambits-de-les-nostres-vides\\\/#primaryimage\"},\"image\":{\"@id\":\"https:\\\/\\\/abd.ong\\\/ca\\\/joves\\\/la-sexualitat-es-un-tema-tabu-a-les-escoles-i-en-diferents-ambits-de-les-nostres-vides\\\/#primaryimage\"},\"thumbnailUrl\":\"https:\\\/\\\/abd.ong\\\/wp-content\\\/uploads\\\/2021\\\/01\\\/EQUIPO-SEXUS-2.jpg\",\"datePublished\":\"2021-01-25T11:23:38+00:00\",\"dateModified\":\"2021-01-25T11:23:40+00:00\",\"description\":\"Parlem amb l'equip de SEXus, un programa desenvolupat per l'Associaci\u00f3 Benestar i Desenvolupament que est\u00e0 centrat en l'\u00e0mbit de l'educaci\u00f3 i salut sexual\",\"breadcrumb\":{\"@id\":\"https:\\\/\\\/abd.ong\\\/ca\\\/joves\\\/la-sexualitat-es-un-tema-tabu-a-les-escoles-i-en-diferents-ambits-de-les-nostres-vides\\\/#breadcrumb\"},\"inLanguage\":\"ca\",\"potentialAction\":[{\"@type\":\"ReadAction\",\"target\":[\"https:\\\/\\\/abd.ong\\\/ca\\\/joves\\\/la-sexualitat-es-un-tema-tabu-a-les-escoles-i-en-diferents-ambits-de-les-nostres-vides\\\/\"]}]},{\"@type\":\"ImageObject\",\"inLanguage\":\"ca\",\"@id\":\"https:\\\/\\\/abd.ong\\\/ca\\\/joves\\\/la-sexualitat-es-un-tema-tabu-a-les-escoles-i-en-diferents-ambits-de-les-nostres-vides\\\/#primaryimage\",\"url\":\"https:\\\/\\\/abd.ong\\\/wp-content\\\/uploads\\\/2021\\\/01\\\/EQUIPO-SEXUS-2.jpg\",\"contentUrl\":\"https:\\\/\\\/abd.ong\\\/wp-content\\\/uploads\\\/2021\\\/01\\\/EQUIPO-SEXUS-2.jpg\",\"width\":1804,\"height\":971},{\"@type\":\"BreadcrumbList\",\"@id\":\"https:\\\/\\\/abd.ong\\\/ca\\\/joves\\\/la-sexualitat-es-un-tema-tabu-a-les-escoles-i-en-diferents-ambits-de-les-nostres-vides\\\/#breadcrumb\",\"itemListElement\":[{\"@type\":\"ListItem\",\"position\":1,\"name\":\"Inici\",\"item\":\"https:\\\/\\\/abd.ong\\\/ca\\\/\"},{\"@type\":\"ListItem\",\"position\":2,\"name\":\"\u00abLa sexualitat \u00e9s un tema tab\u00fa a les escoles i en diferents \u00e0mbits de les nostres vides\u00bb\"}]},{\"@type\":\"WebSite\",\"@id\":\"https:\\\/\\\/abd.ong\\\/ca\\\/#website\",\"url\":\"https:\\\/\\\/abd.ong\\\/ca\\\/\",\"name\":\"ABD\",\"description\":\"Asociaci\u00f3n Bienestar y Desarrollo\",\"publisher\":{\"@id\":\"https:\\\/\\\/abd.ong\\\/ca\\\/#organization\"},\"potentialAction\":[{\"@type\":\"SearchAction\",\"target\":{\"@type\":\"EntryPoint\",\"urlTemplate\":\"https:\\\/\\\/abd.ong\\\/ca\\\/?s={search_term_string}\"},\"query-input\":{\"@type\":\"PropertyValueSpecification\",\"valueRequired\":true,\"valueName\":\"search_term_string\"}}],\"inLanguage\":\"ca\"},{\"@type\":\"Organization\",\"@id\":\"https:\\\/\\\/abd.ong\\\/ca\\\/#organization\",\"name\":\"Associaci\u00f3 Benestar i Desenvolupament\",\"alternateName\":\"ABD\",\"url\":\"https:\\\/\\\/abd.ong\\\/ca\\\/\",\"logo\":{\"@type\":\"ImageObject\",\"inLanguage\":\"ca\",\"@id\":\"https:\\\/\\\/abd.ong\\\/ca\\\/#\\\/schema\\\/logo\\\/image\\\/\",\"url\":\"https:\\\/\\\/abd.ong\\\/wp-content\\\/uploads\\\/2023\\\/01\\\/Icona.png\",\"contentUrl\":\"https:\\\/\\\/abd.ong\\\/wp-content\\\/uploads\\\/2023\\\/01\\\/Icona.png\",\"width\":190,\"height\":187,\"caption\":\"Associaci\u00f3 Benestar i Desenvolupament\"},\"image\":{\"@id\":\"https:\\\/\\\/abd.ong\\\/ca\\\/#\\\/schema\\\/logo\\\/image\\\/\"},\"sameAs\":[\"https:\\\/\\\/www.facebook.com\\\/abd.ong\",\"https:\\\/\\\/x.com\\\/abd_ong\",\"https:\\\/\\\/www.instagram.com\\\/abd_ong\\\/\",\"https:\\\/\\\/www.linkedin.com\\\/company\\\/abdong\",\"https:\\\/\\\/www.youtube.com\\\/user\\\/CANALABD\"]},{\"@type\":\"Person\",\"@id\":\"https:\\\/\\\/abd.ong\\\/ca\\\/#\\\/schema\\\/person\\\/d0f5fe279a7ad908de6a6d1332bfd7d8\",\"name\":\"Enric Guinart\"}]}<\/script>\n<!-- \/ Yoast SEO plugin. -->","yoast_head_json":{"title":"\u00abLa sexualitat \u00e9s un tema tab\u00fa a les escoles i en diferents \u00e0mbits de les nostres vides\u00bb - ABD","description":"Parlem amb l'equip de SEXus, un programa desenvolupat per l'Associaci\u00f3 Benestar i Desenvolupament que est\u00e0 centrat en l'\u00e0mbit de l'educaci\u00f3 i salut sexual","robots":{"index":"index","follow":"follow","max-snippet":"max-snippet:-1","max-image-preview":"max-image-preview:large","max-video-preview":"max-video-preview:-1"},"canonical":"https:\/\/abd.ong\/ca\/joves\/la-sexualitat-es-un-tema-tabu-a-les-escoles-i-en-diferents-ambits-de-les-nostres-vides\/","og_locale":"ca_ES","og_type":"article","og_title":"\u00abLa sexualitat \u00e9s un tema tab\u00fa a les escoles i en diferents \u00e0mbits de les nostres vides\u00bb - ABD","og_description":"Parlem amb l'equip de SEXus, un programa desenvolupat per l'Associaci\u00f3 Benestar i Desenvolupament que est\u00e0 centrat en l'\u00e0mbit de l'educaci\u00f3 i salut sexual","og_url":"https:\/\/abd.ong\/ca\/joves\/la-sexualitat-es-un-tema-tabu-a-les-escoles-i-en-diferents-ambits-de-les-nostres-vides\/","og_site_name":"ABD","article_publisher":"https:\/\/www.facebook.com\/abd.ong","article_published_time":"2021-01-25T11:23:38+00:00","article_modified_time":"2021-01-25T11:23:40+00:00","og_image":[{"width":1804,"height":971,"url":"https:\/\/abd.ong\/wp-content\/uploads\/2021\/01\/EQUIPO-SEXUS-2.jpg","type":"image\/jpeg"}],"author":"Enric Guinart","twitter_card":"summary_large_image","twitter_creator":"@abd_ong","twitter_site":"@abd_ong","twitter_misc":{"Escrit per":"Enric Guinart","Temps estimat de lectura":"7 minuts"},"schema":{"@context":"https:\/\/schema.org","@graph":[{"@type":"Article","@id":"https:\/\/abd.ong\/ca\/joves\/la-sexualitat-es-un-tema-tabu-a-les-escoles-i-en-diferents-ambits-de-les-nostres-vides\/#article","isPartOf":{"@id":"https:\/\/abd.ong\/ca\/joves\/la-sexualitat-es-un-tema-tabu-a-les-escoles-i-en-diferents-ambits-de-les-nostres-vides\/"},"author":{"name":"Enric Guinart","@id":"https:\/\/abd.ong\/ca\/#\/schema\/person\/d0f5fe279a7ad908de6a6d1332bfd7d8"},"headline":"\u00abLa sexualitat \u00e9s un tema tab\u00fa a les escoles i en diferents \u00e0mbits de les nostres vides\u00bb","datePublished":"2021-01-25T11:23:38+00:00","dateModified":"2021-01-25T11:23:40+00:00","mainEntityOfPage":{"@id":"https:\/\/abd.ong\/ca\/joves\/la-sexualitat-es-un-tema-tabu-a-les-escoles-i-en-diferents-ambits-de-les-nostres-vides\/"},"wordCount":1457,"publisher":{"@id":"https:\/\/abd.ong\/ca\/#organization"},"image":{"@id":"https:\/\/abd.ong\/ca\/joves\/la-sexualitat-es-un-tema-tabu-a-les-escoles-i-en-diferents-ambits-de-les-nostres-vides\/#primaryimage"},"thumbnailUrl":"https:\/\/abd.ong\/wp-content\/uploads\/2021\/01\/EQUIPO-SEXUS-2.jpg","keywords":["Educaci\u00f3 i salut sexual","sexe","sexualitat","Sexus"],"articleSection":["Joves"],"inLanguage":"ca"},{"@type":"WebPage","@id":"https:\/\/abd.ong\/ca\/joves\/la-sexualitat-es-un-tema-tabu-a-les-escoles-i-en-diferents-ambits-de-les-nostres-vides\/","url":"https:\/\/abd.ong\/ca\/joves\/la-sexualitat-es-un-tema-tabu-a-les-escoles-i-en-diferents-ambits-de-les-nostres-vides\/","name":"\u00abLa sexualitat \u00e9s un tema tab\u00fa a les escoles i en diferents \u00e0mbits de les nostres vides\u00bb - ABD","isPartOf":{"@id":"https:\/\/abd.ong\/ca\/#website"},"primaryImageOfPage":{"@id":"https:\/\/abd.ong\/ca\/joves\/la-sexualitat-es-un-tema-tabu-a-les-escoles-i-en-diferents-ambits-de-les-nostres-vides\/#primaryimage"},"image":{"@id":"https:\/\/abd.ong\/ca\/joves\/la-sexualitat-es-un-tema-tabu-a-les-escoles-i-en-diferents-ambits-de-les-nostres-vides\/#primaryimage"},"thumbnailUrl":"https:\/\/abd.ong\/wp-content\/uploads\/2021\/01\/EQUIPO-SEXUS-2.jpg","datePublished":"2021-01-25T11:23:38+00:00","dateModified":"2021-01-25T11:23:40+00:00","description":"Parlem amb l'equip de SEXus, un programa desenvolupat per l'Associaci\u00f3 Benestar i Desenvolupament que est\u00e0 centrat en l'\u00e0mbit de l'educaci\u00f3 i salut sexual","breadcrumb":{"@id":"https:\/\/abd.ong\/ca\/joves\/la-sexualitat-es-un-tema-tabu-a-les-escoles-i-en-diferents-ambits-de-les-nostres-vides\/#breadcrumb"},"inLanguage":"ca","potentialAction":[{"@type":"ReadAction","target":["https:\/\/abd.ong\/ca\/joves\/la-sexualitat-es-un-tema-tabu-a-les-escoles-i-en-diferents-ambits-de-les-nostres-vides\/"]}]},{"@type":"ImageObject","inLanguage":"ca","@id":"https:\/\/abd.ong\/ca\/joves\/la-sexualitat-es-un-tema-tabu-a-les-escoles-i-en-diferents-ambits-de-les-nostres-vides\/#primaryimage","url":"https:\/\/abd.ong\/wp-content\/uploads\/2021\/01\/EQUIPO-SEXUS-2.jpg","contentUrl":"https:\/\/abd.ong\/wp-content\/uploads\/2021\/01\/EQUIPO-SEXUS-2.jpg","width":1804,"height":971},{"@type":"BreadcrumbList","@id":"https:\/\/abd.ong\/ca\/joves\/la-sexualitat-es-un-tema-tabu-a-les-escoles-i-en-diferents-ambits-de-les-nostres-vides\/#breadcrumb","itemListElement":[{"@type":"ListItem","position":1,"name":"Inici","item":"https:\/\/abd.ong\/ca\/"},{"@type":"ListItem","position":2,"name":"\u00abLa sexualitat \u00e9s un tema tab\u00fa a les escoles i en diferents \u00e0mbits de les nostres vides\u00bb"}]},{"@type":"WebSite","@id":"https:\/\/abd.ong\/ca\/#website","url":"https:\/\/abd.ong\/ca\/","name":"ABD","description":"Asociaci\u00f3n Bienestar y Desarrollo","publisher":{"@id":"https:\/\/abd.ong\/ca\/#organization"},"potentialAction":[{"@type":"SearchAction","target":{"@type":"EntryPoint","urlTemplate":"https:\/\/abd.ong\/ca\/?s={search_term_string}"},"query-input":{"@type":"PropertyValueSpecification","valueRequired":true,"valueName":"search_term_string"}}],"inLanguage":"ca"},{"@type":"Organization","@id":"https:\/\/abd.ong\/ca\/#organization","name":"Associaci\u00f3 Benestar i Desenvolupament","alternateName":"ABD","url":"https:\/\/abd.ong\/ca\/","logo":{"@type":"ImageObject","inLanguage":"ca","@id":"https:\/\/abd.ong\/ca\/#\/schema\/logo\/image\/","url":"https:\/\/abd.ong\/wp-content\/uploads\/2023\/01\/Icona.png","contentUrl":"https:\/\/abd.ong\/wp-content\/uploads\/2023\/01\/Icona.png","width":190,"height":187,"caption":"Associaci\u00f3 Benestar i Desenvolupament"},"image":{"@id":"https:\/\/abd.ong\/ca\/#\/schema\/logo\/image\/"},"sameAs":["https:\/\/www.facebook.com\/abd.ong","https:\/\/x.com\/abd_ong","https:\/\/www.instagram.com\/abd_ong\/","https:\/\/www.linkedin.com\/company\/abdong","https:\/\/www.youtube.com\/user\/CANALABD"]},{"@type":"Person","@id":"https:\/\/abd.ong\/ca\/#\/schema\/person\/d0f5fe279a7ad908de6a6d1332bfd7d8","name":"Enric Guinart"}]}},"_links":{"self":[{"href":"https:\/\/abd.ong\/ca\/wp-json\/wp\/v2\/posts\/18874","targetHints":{"allow":["GET"]}}],"collection":[{"href":"https:\/\/abd.ong\/ca\/wp-json\/wp\/v2\/posts"}],"about":[{"href":"https:\/\/abd.ong\/ca\/wp-json\/wp\/v2\/types\/post"}],"author":[{"embeddable":true,"href":"https:\/\/abd.ong\/ca\/wp-json\/wp\/v2\/users\/2"}],"replies":[{"embeddable":true,"href":"https:\/\/abd.ong\/ca\/wp-json\/wp\/v2\/comments?post=18874"}],"version-history":[{"count":3,"href":"https:\/\/abd.ong\/ca\/wp-json\/wp\/v2\/posts\/18874\/revisions"}],"predecessor-version":[{"id":18880,"href":"https:\/\/abd.ong\/ca\/wp-json\/wp\/v2\/posts\/18874\/revisions\/18880"}],"wp:featuredmedia":[{"embeddable":true,"href":"https:\/\/abd.ong\/ca\/wp-json\/wp\/v2\/media\/18836"}],"wp:attachment":[{"href":"https:\/\/abd.ong\/ca\/wp-json\/wp\/v2\/media?parent=18874"}],"wp:term":[{"taxonomy":"category","embeddable":true,"href":"https:\/\/abd.ong\/ca\/wp-json\/wp\/v2\/categories?post=18874"},{"taxonomy":"post_tag","embeddable":true,"href":"https:\/\/abd.ong\/ca\/wp-json\/wp\/v2\/tags?post=18874"}],"curies":[{"name":"wp","href":"https:\/\/api.w.org\/{rel}","templated":true}]}}