{"id":18667,"date":"2021-01-14T13:36:45","date_gmt":"2021-01-14T12:36:45","guid":{"rendered":"https:\/\/abd.ong\/?p=18667"},"modified":"2021-01-14T14:00:16","modified_gmt":"2021-01-14T13:00:16","slug":"abd-trasllada-a-la-candidata-del-pdecat-diferents-propostes-per-construir-una-catalunya-mes-social","status":"publish","type":"post","link":"https:\/\/abd.ong\/ca\/general-ca\/abd-trasllada-a-la-candidata-del-pdecat-diferents-propostes-per-construir-una-catalunya-mes-social\/","title":{"rendered":"ABD trasllada a la candidata del PDeCAT diferents propostes per construir una Catalunya m\u00e9s social"},"content":{"rendered":"\n<p>La presidenta i la gerent de l\u2019Associaci\u00f3 Benestar i Desenvolupament ABD, Felisa P\u00e9rez i \u00c0ngels Guiteras, han comen\u00e7at avui una ronda de contactes amb els partits pol\u00edtics que es presenten a les eleccions catalanes previstes pel 14 de febrer per traslladar-los les propostes que haurien de marcar l\u2019<strong>agenda social<\/strong> de Catalunya durant la propera legislatura.<\/p>\n\n\n\n<p>En concret, la direcci\u00f3 d\u2019ABD s\u2019ha reunit amb la candidata del PDeCAT, \u00c0ngels Chac\u00f3n, la qual ha estat acompanyada per una \u00e0mplia delegaci\u00f3 del partit. Aix\u00ed, entre d\u2019altres, a la trobada tamb\u00e9 hi ha pres part Joana Ortega, ex vicepresidenta del Govern catal\u00e0 i n\u00famero 2 de la llista del PDeCAT en aquests comicis.<\/p>\n\n\n\n<figure class=\"wp-block-image size-large\"><img fetchpriority=\"high\" decoding=\"async\" width=\"1024\" height=\"461\" src=\"\/wp-content\/uploads\/2021\/01\/image00001-1-1024x461.jpeg\" alt=\"\" class=\"wp-image-18672\" srcset=\"https:\/\/abd.ong\/wp-content\/uploads\/2021\/01\/image00001-1-1024x461.jpeg 1024w, https:\/\/abd.ong\/wp-content\/uploads\/2021\/01\/image00001-1-300x135.jpeg 300w, https:\/\/abd.ong\/wp-content\/uploads\/2021\/01\/image00001-1-768x346.jpeg 768w, https:\/\/abd.ong\/wp-content\/uploads\/2021\/01\/image00001-1-1536x691.jpeg 1536w, https:\/\/abd.ong\/wp-content\/uploads\/2021\/01\/image00001-1-2048x922.jpeg 2048w\" sizes=\"(max-width: 1024px) 100vw, 1024px\" \/><\/figure>\n\n\n\n<p>Durant la reuni\u00f3, la representaci\u00f3 d\u2019ABD ha presentat l\u2019entitat destacant-ne el seu car\u00e0cter singular amb gaireb\u00e9 quaranta anys de <strong>comprom\u00eds social<\/strong>: <\/p>\n\n\n\n<blockquote class=\"wp-block-quote is-style-default is-layout-flow wp-block-quote-is-layout-flow\"><p><em>\u201cL\u2019acci\u00f3 social d\u2019ABD \u00e9s transversal, perqu\u00e8 som al costat de persones i comunitats que viuen situacions tan diverses com ara la discapacitat intel\u00b7lectual, els problemes de salut i de salut mental, la manca de b\u00e9ns b\u00e0sics \u2014com ara la feina, l\u2019habitatge o l\u2019energia\u2014, la viol\u00e8ncia masclista o el maltractament infantil, el simple fet de fer-se gran o de migrar a un altre pa\u00eds, el consum de drogues, la discriminaci\u00f3 per g\u00e8nere, \u00e8tnia o origen, o la manca d\u2019acc\u00e9s a serveis, entre d\u2019altres\u201d.<\/em><\/p><\/blockquote>\n\n\n\n<p>Posteriorment, P\u00e9rez i Guiteras han traslladat a Chac\u00f3n un conjunt de propostes clau que haurien d\u2019estar incloses en l\u2019agenda social de Catalunya dels propers anys. La llista de mesures inclou, per exemple, que es tingui en compte el paper del <strong>tercer sector com un aliat clau de l\u2019Administraci\u00f3 P\u00fablica en la gesti\u00f3 de les pol\u00edtiques socials<\/strong> per aconseguir una capacitat de <strong>resposta m\u00e9s \u00e0gil, flexible i transparent<\/strong>.<\/p>\n\n\n\n<p>D\u2019altra banda, s\u2019ha defensat que cal impulsar la <strong>innovaci\u00f3 en el model d\u2019atenci\u00f3 a les persones grans<\/strong> (resid\u00e8ncies, atenci\u00f3 domicili\u00e0ria) i la posada en marxa de recursos espec\u00edfics per garantir el drets de les persones que viuen en una situaci\u00f3 de vulnerabilitat.&nbsp;<\/p>\n\n\n\n<p>Per un altre costat, tamb\u00e9 han plantejat la necessitat d\u2019implementar un <strong>parc d&#8217;habitatge social<\/strong> que doni resposta al patiment de les fam\u00edlies per la manca d&#8217;acc\u00e9s a l&#8217;habitatge amb pol\u00edtiques d\u2019acompanyament. Aix\u00f2 ha d&#8217;impactar en la millora de l&#8217;Ag\u00e8ncia de l&#8217;Habitatge de Catalunya.<\/p>\n\n\n\n<p>Finalment, una de les altres demandes \u00e9s l\u2019impuls de <strong>pol\u00edtiques actives d&#8217;ocupaci\u00f3<\/strong> a trav\u00e9s d&#8217;\u00f2rgans \u00e0gils i programes modernitzats que puguin donar resposta a les necessitats de la poblaci\u00f3 que t\u00e9 m\u00e9s dificultat d&#8217;acc\u00e9s al treball.&nbsp;<\/p>\n\n\n\n<p>M\u00e9s enll\u00e0 de les propostes concretes, des d\u2019ABD tamb\u00e9 s\u2019ha remarcat que la pand\u00e8mia de la Covid-19 ha accentuat unes desigualtats&nbsp; sist\u00e8miques: <\/p>\n\n\n\n<blockquote class=\"wp-block-quote is-layout-flow wp-block-quote-is-layout-flow\"><p><em>\u201cPlou sobre mullat. Les incerteses globals del 2020 i dels propers anys que venen requereixen de respostes properes, acollidores, compartides i solid\u00e0ries que garanteixin drets, que disminueixin desigualtats i que ens condueixin al m\u00f3n que volem\u201d.<\/em><\/p><\/blockquote>\n","protected":false},"excerpt":{"rendered":"<p>La presidenta i la gerent de l\u2019Associaci\u00f3 Benestar i Desenvolupament ABD, Felisa P\u00e9rez i \u00c0ngels Guiteras, han comen\u00e7at avui una ronda de contactes amb els partits pol\u00edtics que es presenten&hellip;<\/p>\n","protected":false},"author":9,"featured_media":18668,"comment_status":"closed","ping_status":"closed","sticky":false,"template":"","format":"standard","meta":{"_acf_changed":false,"footnotes":""},"categories":[1299,66],"tags":[2157,2155,1117,2160,2156,1115],"class_list":["post-18667","post","type-post","status-publish","format-standard","has-post-thumbnail","hentry","category-desigualtat","category-general-ca","tag-14f","tag-agenda-social","tag-angels-guiteras-ca-2","tag-compromis-social","tag-eleccions-autonomiques","tag-felisa-perez-ca-2"],"acf":[],"yoast_head":"<!-- This site is optimized with the Yoast SEO plugin v27.4 - https:\/\/yoast.com\/product\/yoast-seo-wordpress\/ -->\n<title>ABD trasllada a la candidata del PDeCAT diferents propostes per construir una Catalunya m\u00e9s social - ABD<\/title>\n<meta name=\"description\" content=\"La presidenta i la gerent de l\u2019Associaci\u00f3 Benestar i Desenvolupament ABD, Felisa P\u00e9rez i \u00c0ngels Guiteras, han comen\u00e7at avui una ronda de contactes amb els\" \/>\n<meta name=\"robots\" content=\"index, follow, max-snippet:-1, max-image-preview:large, max-video-preview:-1\" \/>\n<link rel=\"canonical\" href=\"https:\/\/abd.ong\/ca\/general-ca\/abd-trasllada-a-la-candidata-del-pdecat-diferents-propostes-per-construir-una-catalunya-mes-social\/\" \/>\n<meta property=\"og:locale\" content=\"ca_ES\" \/>\n<meta property=\"og:type\" content=\"article\" \/>\n<meta property=\"og:title\" content=\"ABD trasllada a la candidata del PDeCAT diferents propostes per construir una Catalunya m\u00e9s social - ABD\" \/>\n<meta property=\"og:description\" content=\"La presidenta i la gerent de l\u2019Associaci\u00f3 Benestar i Desenvolupament ABD, Felisa P\u00e9rez i \u00c0ngels Guiteras, han comen\u00e7at avui una ronda de contactes amb els\" \/>\n<meta property=\"og:url\" content=\"https:\/\/abd.ong\/ca\/general-ca\/abd-trasllada-a-la-candidata-del-pdecat-diferents-propostes-per-construir-una-catalunya-mes-social\/\" \/>\n<meta property=\"og:site_name\" content=\"ABD\" \/>\n<meta property=\"article:publisher\" content=\"https:\/\/www.facebook.com\/abd.ong\" \/>\n<meta property=\"article:published_time\" content=\"2021-01-14T12:36:45+00:00\" \/>\n<meta property=\"article:modified_time\" content=\"2021-01-14T13:00:16+00:00\" \/>\n<meta property=\"og:image\" content=\"https:\/\/abd.ong\/wp-content\/uploads\/2021\/01\/image00007-scaled.jpeg\" \/>\n\t<meta property=\"og:image:width\" content=\"4020\" \/>\n\t<meta property=\"og:image:height\" content=\"2547\" \/>\n\t<meta property=\"og:image:type\" content=\"image\/jpeg\" \/>\n<meta name=\"author\" content=\"Maria Creixell\" \/>\n<meta name=\"twitter:card\" content=\"summary_large_image\" \/>\n<meta name=\"twitter:creator\" content=\"@abd_ong\" \/>\n<meta name=\"twitter:site\" content=\"@abd_ong\" \/>\n<meta name=\"twitter:label1\" content=\"Escrit per\" \/>\n\t<meta name=\"twitter:data1\" content=\"Maria Creixell\" \/>\n\t<meta name=\"twitter:label2\" content=\"Temps estimat de lectura\" \/>\n\t<meta name=\"twitter:data2\" content=\"3 minuts\" \/>\n<script type=\"application\/ld+json\" class=\"yoast-schema-graph\">{\"@context\":\"https:\\\/\\\/schema.org\",\"@graph\":[{\"@type\":\"Article\",\"@id\":\"https:\\\/\\\/abd.ong\\\/ca\\\/general-ca\\\/abd-trasllada-a-la-candidata-del-pdecat-diferents-propostes-per-construir-una-catalunya-mes-social\\\/#article\",\"isPartOf\":{\"@id\":\"https:\\\/\\\/abd.ong\\\/ca\\\/general-ca\\\/abd-trasllada-a-la-candidata-del-pdecat-diferents-propostes-per-construir-una-catalunya-mes-social\\\/\"},\"author\":{\"name\":\"Maria Creixell\",\"@id\":\"https:\\\/\\\/abd.ong\\\/ca\\\/#\\\/schema\\\/person\\\/d2e158b4173f683b3898e286f5b35a10\"},\"headline\":\"ABD trasllada a la candidata del PDeCAT diferents propostes per construir una Catalunya m\u00e9s social\",\"datePublished\":\"2021-01-14T12:36:45+00:00\",\"dateModified\":\"2021-01-14T13:00:16+00:00\",\"mainEntityOfPage\":{\"@id\":\"https:\\\/\\\/abd.ong\\\/ca\\\/general-ca\\\/abd-trasllada-a-la-candidata-del-pdecat-diferents-propostes-per-construir-una-catalunya-mes-social\\\/\"},\"wordCount\":542,\"publisher\":{\"@id\":\"https:\\\/\\\/abd.ong\\\/ca\\\/#organization\"},\"image\":{\"@id\":\"https:\\\/\\\/abd.ong\\\/ca\\\/general-ca\\\/abd-trasllada-a-la-candidata-del-pdecat-diferents-propostes-per-construir-una-catalunya-mes-social\\\/#primaryimage\"},\"thumbnailUrl\":\"https:\\\/\\\/abd.ong\\\/wp-content\\\/uploads\\\/2021\\\/01\\\/image00007-scaled.jpeg\",\"keywords\":[\"14F\",\"agenda social\",\"\u00c0ngels Guiteras\",\"comprom\u00eds social\",\"eleccions auton\u00f2miques\",\"Felisa P\u00e9rez\"],\"articleSection\":[\"Desigualtat\",\"General\"],\"inLanguage\":\"ca\"},{\"@type\":\"WebPage\",\"@id\":\"https:\\\/\\\/abd.ong\\\/ca\\\/general-ca\\\/abd-trasllada-a-la-candidata-del-pdecat-diferents-propostes-per-construir-una-catalunya-mes-social\\\/\",\"url\":\"https:\\\/\\\/abd.ong\\\/ca\\\/general-ca\\\/abd-trasllada-a-la-candidata-del-pdecat-diferents-propostes-per-construir-una-catalunya-mes-social\\\/\",\"name\":\"ABD trasllada a la candidata del PDeCAT diferents propostes per construir una Catalunya m\u00e9s social - ABD\",\"isPartOf\":{\"@id\":\"https:\\\/\\\/abd.ong\\\/ca\\\/#website\"},\"primaryImageOfPage\":{\"@id\":\"https:\\\/\\\/abd.ong\\\/ca\\\/general-ca\\\/abd-trasllada-a-la-candidata-del-pdecat-diferents-propostes-per-construir-una-catalunya-mes-social\\\/#primaryimage\"},\"image\":{\"@id\":\"https:\\\/\\\/abd.ong\\\/ca\\\/general-ca\\\/abd-trasllada-a-la-candidata-del-pdecat-diferents-propostes-per-construir-una-catalunya-mes-social\\\/#primaryimage\"},\"thumbnailUrl\":\"https:\\\/\\\/abd.ong\\\/wp-content\\\/uploads\\\/2021\\\/01\\\/image00007-scaled.jpeg\",\"datePublished\":\"2021-01-14T12:36:45+00:00\",\"dateModified\":\"2021-01-14T13:00:16+00:00\",\"description\":\"La presidenta i la gerent de l\u2019Associaci\u00f3 Benestar i Desenvolupament ABD, Felisa P\u00e9rez i \u00c0ngels Guiteras, han comen\u00e7at avui una ronda de contactes amb els\",\"breadcrumb\":{\"@id\":\"https:\\\/\\\/abd.ong\\\/ca\\\/general-ca\\\/abd-trasllada-a-la-candidata-del-pdecat-diferents-propostes-per-construir-una-catalunya-mes-social\\\/#breadcrumb\"},\"inLanguage\":\"ca\",\"potentialAction\":[{\"@type\":\"ReadAction\",\"target\":[\"https:\\\/\\\/abd.ong\\\/ca\\\/general-ca\\\/abd-trasllada-a-la-candidata-del-pdecat-diferents-propostes-per-construir-una-catalunya-mes-social\\\/\"]}]},{\"@type\":\"ImageObject\",\"inLanguage\":\"ca\",\"@id\":\"https:\\\/\\\/abd.ong\\\/ca\\\/general-ca\\\/abd-trasllada-a-la-candidata-del-pdecat-diferents-propostes-per-construir-una-catalunya-mes-social\\\/#primaryimage\",\"url\":\"https:\\\/\\\/abd.ong\\\/wp-content\\\/uploads\\\/2021\\\/01\\\/image00007-scaled.jpeg\",\"contentUrl\":\"https:\\\/\\\/abd.ong\\\/wp-content\\\/uploads\\\/2021\\\/01\\\/image00007-scaled.jpeg\",\"width\":4020,\"height\":2547},{\"@type\":\"BreadcrumbList\",\"@id\":\"https:\\\/\\\/abd.ong\\\/ca\\\/general-ca\\\/abd-trasllada-a-la-candidata-del-pdecat-diferents-propostes-per-construir-una-catalunya-mes-social\\\/#breadcrumb\",\"itemListElement\":[{\"@type\":\"ListItem\",\"position\":1,\"name\":\"Inici\",\"item\":\"https:\\\/\\\/abd.ong\\\/ca\\\/\"},{\"@type\":\"ListItem\",\"position\":2,\"name\":\"ABD trasllada a la candidata del PDeCAT diferents propostes per construir una Catalunya m\u00e9s social\"}]},{\"@type\":\"WebSite\",\"@id\":\"https:\\\/\\\/abd.ong\\\/ca\\\/#website\",\"url\":\"https:\\\/\\\/abd.ong\\\/ca\\\/\",\"name\":\"ABD\",\"description\":\"Asociaci\u00f3n Bienestar y Desarrollo\",\"publisher\":{\"@id\":\"https:\\\/\\\/abd.ong\\\/ca\\\/#organization\"},\"potentialAction\":[{\"@type\":\"SearchAction\",\"target\":{\"@type\":\"EntryPoint\",\"urlTemplate\":\"https:\\\/\\\/abd.ong\\\/ca\\\/?s={search_term_string}\"},\"query-input\":{\"@type\":\"PropertyValueSpecification\",\"valueRequired\":true,\"valueName\":\"search_term_string\"}}],\"inLanguage\":\"ca\"},{\"@type\":\"Organization\",\"@id\":\"https:\\\/\\\/abd.ong\\\/ca\\\/#organization\",\"name\":\"Associaci\u00f3 Benestar i Desenvolupament\",\"alternateName\":\"ABD\",\"url\":\"https:\\\/\\\/abd.ong\\\/ca\\\/\",\"logo\":{\"@type\":\"ImageObject\",\"inLanguage\":\"ca\",\"@id\":\"https:\\\/\\\/abd.ong\\\/ca\\\/#\\\/schema\\\/logo\\\/image\\\/\",\"url\":\"https:\\\/\\\/abd.ong\\\/wp-content\\\/uploads\\\/2023\\\/01\\\/Icona.png\",\"contentUrl\":\"https:\\\/\\\/abd.ong\\\/wp-content\\\/uploads\\\/2023\\\/01\\\/Icona.png\",\"width\":190,\"height\":187,\"caption\":\"Associaci\u00f3 Benestar i Desenvolupament\"},\"image\":{\"@id\":\"https:\\\/\\\/abd.ong\\\/ca\\\/#\\\/schema\\\/logo\\\/image\\\/\"},\"sameAs\":[\"https:\\\/\\\/www.facebook.com\\\/abd.ong\",\"https:\\\/\\\/x.com\\\/abd_ong\",\"https:\\\/\\\/www.instagram.com\\\/abd_ong\\\/\",\"https:\\\/\\\/www.linkedin.com\\\/company\\\/abdong\",\"https:\\\/\\\/www.youtube.com\\\/user\\\/CANALABD\"]},{\"@type\":\"Person\",\"@id\":\"https:\\\/\\\/abd.ong\\\/ca\\\/#\\\/schema\\\/person\\\/d2e158b4173f683b3898e286f5b35a10\",\"name\":\"Maria Creixell\"}]}<\/script>\n<!-- \/ Yoast SEO plugin. -->","yoast_head_json":{"title":"ABD trasllada a la candidata del PDeCAT diferents propostes per construir una Catalunya m\u00e9s social - ABD","description":"La presidenta i la gerent de l\u2019Associaci\u00f3 Benestar i Desenvolupament ABD, Felisa P\u00e9rez i \u00c0ngels Guiteras, han comen\u00e7at avui una ronda de contactes amb els","robots":{"index":"index","follow":"follow","max-snippet":"max-snippet:-1","max-image-preview":"max-image-preview:large","max-video-preview":"max-video-preview:-1"},"canonical":"https:\/\/abd.ong\/ca\/general-ca\/abd-trasllada-a-la-candidata-del-pdecat-diferents-propostes-per-construir-una-catalunya-mes-social\/","og_locale":"ca_ES","og_type":"article","og_title":"ABD trasllada a la candidata del PDeCAT diferents propostes per construir una Catalunya m\u00e9s social - ABD","og_description":"La presidenta i la gerent de l\u2019Associaci\u00f3 Benestar i Desenvolupament ABD, Felisa P\u00e9rez i \u00c0ngels Guiteras, han comen\u00e7at avui una ronda de contactes amb els","og_url":"https:\/\/abd.ong\/ca\/general-ca\/abd-trasllada-a-la-candidata-del-pdecat-diferents-propostes-per-construir-una-catalunya-mes-social\/","og_site_name":"ABD","article_publisher":"https:\/\/www.facebook.com\/abd.ong","article_published_time":"2021-01-14T12:36:45+00:00","article_modified_time":"2021-01-14T13:00:16+00:00","og_image":[{"width":4020,"height":2547,"url":"https:\/\/abd.ong\/wp-content\/uploads\/2021\/01\/image00007-scaled.jpeg","type":"image\/jpeg"}],"author":"Maria Creixell","twitter_card":"summary_large_image","twitter_creator":"@abd_ong","twitter_site":"@abd_ong","twitter_misc":{"Escrit per":"Maria Creixell","Temps estimat de lectura":"3 minuts"},"schema":{"@context":"https:\/\/schema.org","@graph":[{"@type":"Article","@id":"https:\/\/abd.ong\/ca\/general-ca\/abd-trasllada-a-la-candidata-del-pdecat-diferents-propostes-per-construir-una-catalunya-mes-social\/#article","isPartOf":{"@id":"https:\/\/abd.ong\/ca\/general-ca\/abd-trasllada-a-la-candidata-del-pdecat-diferents-propostes-per-construir-una-catalunya-mes-social\/"},"author":{"name":"Maria Creixell","@id":"https:\/\/abd.ong\/ca\/#\/schema\/person\/d2e158b4173f683b3898e286f5b35a10"},"headline":"ABD trasllada a la candidata del PDeCAT diferents propostes per construir una Catalunya m\u00e9s social","datePublished":"2021-01-14T12:36:45+00:00","dateModified":"2021-01-14T13:00:16+00:00","mainEntityOfPage":{"@id":"https:\/\/abd.ong\/ca\/general-ca\/abd-trasllada-a-la-candidata-del-pdecat-diferents-propostes-per-construir-una-catalunya-mes-social\/"},"wordCount":542,"publisher":{"@id":"https:\/\/abd.ong\/ca\/#organization"},"image":{"@id":"https:\/\/abd.ong\/ca\/general-ca\/abd-trasllada-a-la-candidata-del-pdecat-diferents-propostes-per-construir-una-catalunya-mes-social\/#primaryimage"},"thumbnailUrl":"https:\/\/abd.ong\/wp-content\/uploads\/2021\/01\/image00007-scaled.jpeg","keywords":["14F","agenda social","\u00c0ngels Guiteras","comprom\u00eds social","eleccions auton\u00f2miques","Felisa P\u00e9rez"],"articleSection":["Desigualtat","General"],"inLanguage":"ca"},{"@type":"WebPage","@id":"https:\/\/abd.ong\/ca\/general-ca\/abd-trasllada-a-la-candidata-del-pdecat-diferents-propostes-per-construir-una-catalunya-mes-social\/","url":"https:\/\/abd.ong\/ca\/general-ca\/abd-trasllada-a-la-candidata-del-pdecat-diferents-propostes-per-construir-una-catalunya-mes-social\/","name":"ABD trasllada a la candidata del PDeCAT diferents propostes per construir una Catalunya m\u00e9s social - ABD","isPartOf":{"@id":"https:\/\/abd.ong\/ca\/#website"},"primaryImageOfPage":{"@id":"https:\/\/abd.ong\/ca\/general-ca\/abd-trasllada-a-la-candidata-del-pdecat-diferents-propostes-per-construir-una-catalunya-mes-social\/#primaryimage"},"image":{"@id":"https:\/\/abd.ong\/ca\/general-ca\/abd-trasllada-a-la-candidata-del-pdecat-diferents-propostes-per-construir-una-catalunya-mes-social\/#primaryimage"},"thumbnailUrl":"https:\/\/abd.ong\/wp-content\/uploads\/2021\/01\/image00007-scaled.jpeg","datePublished":"2021-01-14T12:36:45+00:00","dateModified":"2021-01-14T13:00:16+00:00","description":"La presidenta i la gerent de l\u2019Associaci\u00f3 Benestar i Desenvolupament ABD, Felisa P\u00e9rez i \u00c0ngels Guiteras, han comen\u00e7at avui una ronda de contactes amb els","breadcrumb":{"@id":"https:\/\/abd.ong\/ca\/general-ca\/abd-trasllada-a-la-candidata-del-pdecat-diferents-propostes-per-construir-una-catalunya-mes-social\/#breadcrumb"},"inLanguage":"ca","potentialAction":[{"@type":"ReadAction","target":["https:\/\/abd.ong\/ca\/general-ca\/abd-trasllada-a-la-candidata-del-pdecat-diferents-propostes-per-construir-una-catalunya-mes-social\/"]}]},{"@type":"ImageObject","inLanguage":"ca","@id":"https:\/\/abd.ong\/ca\/general-ca\/abd-trasllada-a-la-candidata-del-pdecat-diferents-propostes-per-construir-una-catalunya-mes-social\/#primaryimage","url":"https:\/\/abd.ong\/wp-content\/uploads\/2021\/01\/image00007-scaled.jpeg","contentUrl":"https:\/\/abd.ong\/wp-content\/uploads\/2021\/01\/image00007-scaled.jpeg","width":4020,"height":2547},{"@type":"BreadcrumbList","@id":"https:\/\/abd.ong\/ca\/general-ca\/abd-trasllada-a-la-candidata-del-pdecat-diferents-propostes-per-construir-una-catalunya-mes-social\/#breadcrumb","itemListElement":[{"@type":"ListItem","position":1,"name":"Inici","item":"https:\/\/abd.ong\/ca\/"},{"@type":"ListItem","position":2,"name":"ABD trasllada a la candidata del PDeCAT diferents propostes per construir una Catalunya m\u00e9s social"}]},{"@type":"WebSite","@id":"https:\/\/abd.ong\/ca\/#website","url":"https:\/\/abd.ong\/ca\/","name":"ABD","description":"Asociaci\u00f3n Bienestar y Desarrollo","publisher":{"@id":"https:\/\/abd.ong\/ca\/#organization"},"potentialAction":[{"@type":"SearchAction","target":{"@type":"EntryPoint","urlTemplate":"https:\/\/abd.ong\/ca\/?s={search_term_string}"},"query-input":{"@type":"PropertyValueSpecification","valueRequired":true,"valueName":"search_term_string"}}],"inLanguage":"ca"},{"@type":"Organization","@id":"https:\/\/abd.ong\/ca\/#organization","name":"Associaci\u00f3 Benestar i Desenvolupament","alternateName":"ABD","url":"https:\/\/abd.ong\/ca\/","logo":{"@type":"ImageObject","inLanguage":"ca","@id":"https:\/\/abd.ong\/ca\/#\/schema\/logo\/image\/","url":"https:\/\/abd.ong\/wp-content\/uploads\/2023\/01\/Icona.png","contentUrl":"https:\/\/abd.ong\/wp-content\/uploads\/2023\/01\/Icona.png","width":190,"height":187,"caption":"Associaci\u00f3 Benestar i Desenvolupament"},"image":{"@id":"https:\/\/abd.ong\/ca\/#\/schema\/logo\/image\/"},"sameAs":["https:\/\/www.facebook.com\/abd.ong","https:\/\/x.com\/abd_ong","https:\/\/www.instagram.com\/abd_ong\/","https:\/\/www.linkedin.com\/company\/abdong","https:\/\/www.youtube.com\/user\/CANALABD"]},{"@type":"Person","@id":"https:\/\/abd.ong\/ca\/#\/schema\/person\/d2e158b4173f683b3898e286f5b35a10","name":"Maria Creixell"}]}},"_links":{"self":[{"href":"https:\/\/abd.ong\/ca\/wp-json\/wp\/v2\/posts\/18667","targetHints":{"allow":["GET"]}}],"collection":[{"href":"https:\/\/abd.ong\/ca\/wp-json\/wp\/v2\/posts"}],"about":[{"href":"https:\/\/abd.ong\/ca\/wp-json\/wp\/v2\/types\/post"}],"author":[{"embeddable":true,"href":"https:\/\/abd.ong\/ca\/wp-json\/wp\/v2\/users\/9"}],"replies":[{"embeddable":true,"href":"https:\/\/abd.ong\/ca\/wp-json\/wp\/v2\/comments?post=18667"}],"version-history":[{"count":3,"href":"https:\/\/abd.ong\/ca\/wp-json\/wp\/v2\/posts\/18667\/revisions"}],"predecessor-version":[{"id":18677,"href":"https:\/\/abd.ong\/ca\/wp-json\/wp\/v2\/posts\/18667\/revisions\/18677"}],"wp:featuredmedia":[{"embeddable":true,"href":"https:\/\/abd.ong\/ca\/wp-json\/wp\/v2\/media\/18668"}],"wp:attachment":[{"href":"https:\/\/abd.ong\/ca\/wp-json\/wp\/v2\/media?parent=18667"}],"wp:term":[{"taxonomy":"category","embeddable":true,"href":"https:\/\/abd.ong\/ca\/wp-json\/wp\/v2\/categories?post=18667"},{"taxonomy":"post_tag","embeddable":true,"href":"https:\/\/abd.ong\/ca\/wp-json\/wp\/v2\/tags?post=18667"}],"curies":[{"name":"wp","href":"https:\/\/api.w.org\/{rel}","templated":true}]}}