{"id":18663,"date":"2021-01-14T11:36:31","date_gmt":"2021-01-14T10:36:31","guid":{"rendered":"https:\/\/abd.ong\/?p=18663"},"modified":"2022-01-10T12:22:41","modified_gmt":"2022-01-10T11:22:41","slug":"filomena-i-la-desinformacio-sobre-les-tarifes-electriques","status":"publish","type":"post","link":"https:\/\/abd.ong\/ca\/desigualtat\/filomena-i-la-desinformacio-sobre-les-tarifes-electriques\/","title":{"rendered":"Filomena i la desinformaci\u00f3 sobre les tarifes el\u00e8ctriques"},"content":{"rendered":"\n<h3 class=\"wp-block-heading\">Des d&#8217;Energia Justa<strong> volem evitar que s&#8217;utilitzi el context actual per induir a la contractaci\u00f3 de tarifes del mercat lliure<\/strong><\/h3>\n\n\n\n<div style=\"height:41px\" aria-hidden=\"true\" class=\"wp-block-spacer\"><\/div>\n\n\n\n<p>La borrasca Filomena ha sumit en el caos a la pen\u00ednsula ib\u00e8rica amb pluja, neu i fred polar. Tot aix\u00f2 t\u00e9 un impacte important a les llars i des d&#8217;<a href=\"https:\/\/energiajusta.org\/ca\/\" target=\"_blank\" rel=\"noreferrer noopener\">Energia Justa<\/a>&#8211; programa impulsat per <a href=\"https:\/\/abd.ong\/ca\/\" target=\"_blank\" rel=\"noreferrer noopener\">l&#8217;Associaci\u00f3 Benestar i Desenvolupament ABD<\/a> i <a href=\"https:\/\/www.ecoserveis.net\/\" target=\"_blank\" rel=\"noreferrer noopener\">Ecoserveis<\/a>&#8211; veiem amb preocupaci\u00f3 els<strong> intents d&#8217;aprofitar aquesta situaci\u00f3 per promoure la contractaci\u00f3 de tarifes el\u00e8ctriques de mercat<\/strong>lliure.&nbsp;<\/p>\n\n\n\n<p>Per aix\u00f2 creiem necessari aclarir alguns punts importants.<\/p>\n\n\n\n<p>Sense voler entrar en el detall del funcionament del sistema el\u00e8ctric espanyol, nom\u00e9s cal dir que han conflu\u00eft una s\u00e8rie de factors, com la poca aportaci\u00f3 de les renovables durant aquests dies, la major demanda energ\u00e8tica a causa del fred o l&#8217;elevat preu del gas que importem, entre d&#8217;altres; de tal manera que s&#8217;ha assolit fa uns dies un &#8220;pic hist\u00f2ric&#8221; en el preu de l&#8217;electricitat i diversos moments de preus elevats.&nbsp;(veure gr\u00e0fic)<\/p>\n\n\n\n<figure class=\"wp-block-image size-large is-resized\"><img fetchpriority=\"high\" decoding=\"async\" src=\"\/wp-content\/uploads\/2021\/01\/Screenshot-2021-01-14-at-10.47.44.png\" alt=\"\" class=\"wp-image-18636\" width=\"567\" height=\"419\" srcset=\"https:\/\/abd.ong\/wp-content\/uploads\/2021\/01\/Screenshot-2021-01-14-at-10.47.44.png 645w, https:\/\/abd.ong\/wp-content\/uploads\/2021\/01\/Screenshot-2021-01-14-at-10.47.44-300x222.png 300w\" sizes=\"(max-width: 567px) 100vw, 567px\" \/><\/figure>\n\n\n\n<p>No obstant aix\u00f2, m\u00e9s enll\u00e0 de l&#8217;impacte del clima en el preu de l&#8217;electricitat, es parla poc de les difer\u00e8ncies entre les <strong>tarifes del mercat lliure<\/strong> i les de <strong>mercat<\/strong> regulat, i el que suposa cadascuna d&#8217;elles.<\/p>\n\n\n\n<p>La pujada puntual del cost de la llum afecta immediatament a les persones que tenen contractada l&#8217;electricitat amb la tarifa regulada, \u00e9s a dir la PVPC (preu voluntari a l&#8217;petit consumidor). No obstant aix\u00f2, les tarifes lliures tamb\u00e9 es poden modificar segons les condicions de cadasc\u00fan dels contractes, en base als &#8220;algoritmes de c\u00e0lcul&#8221; explicitats en les diferents tarifes. D&#8217;altra banda, el preu del kWh no \u00e9s l&#8217;\u00fanic condicionant de la factura el\u00e8ctrica, ja que n&#8217;hi ha molts m\u00e9s, com la pot\u00e8ncia contractada, els impostos, els peatges, etc. De fet, es critica que la factura el\u00e8ctrica espanyola tingui una part fixa molt elevada.<\/p>\n\n\n\n<p>\u00c9s important destacar tamb\u00e9 que la mitjana anual de la tarifa PVPC en l&#8217;any 2020 va ser de 0,094 euros\/ kWh abans d&#8217;impostos i que \u00e9s molt dif\u00edcil trobar tarifes de mercat lliure que hagin estat per sota dels 0,10 euros \/ kWh l&#8217;any 2020.&nbsp;<\/p>\n\n\n\n<p>Finalment, la <a href=\"https:\/\/www.cnmc.es\/\" target=\"_blank\" rel=\"noreferrer noopener\">Comissi\u00f3 Nacional de Mercats i Compet\u00e8ncia (CNMC)<\/a> apunta que durant el segon trimestre del 2020 un consumidor en mercat lliure hauria estalviat el 28% en la factura el\u00e8ctrica si s&#8217;hagu\u00e9s canviat d&#8217;una tarifa lliure a una regulada (PVPC ). La mateixa font apunta que gaireb\u00e9 el 27% dels consumidors en mercat lliure tenien contractat algun servei addicional. Per tant, cal veure tots els components de la factura per con\u00e8ixer l&#8217;import total del que paguem.<\/p>\n\n\n\n<figure class=\"wp-block-image size-large is-resized\"><img decoding=\"async\" src=\"\/wp-content\/uploads\/2021\/01\/Screenshot-2021-01-14-at-10.48.53.png\" alt=\"\" class=\"wp-image-18639\" width=\"555\" height=\"296\" srcset=\"https:\/\/abd.ong\/wp-content\/uploads\/2021\/01\/Screenshot-2021-01-14-at-10.48.53.png 741w, https:\/\/abd.ong\/wp-content\/uploads\/2021\/01\/Screenshot-2021-01-14-at-10.48.53-300x160.png 300w\" sizes=\"(max-width: 555px) 100vw, 555px\" \/><\/figure>\n\n\n\n<p>Des d&#8217;Energia Justa<strong> volem evitar que s&#8217;utilitzi el context actual de Filomena i el seu impacte en els preus el\u00e8ctrics, per induir a les persones a contractar tarifes de mercat lliure<\/strong>. Creiem que aix\u00f2 aniria en la direcci\u00f3 contr\u00e0ria al que necessiten les llars avui en dia, sobretot en una situaci\u00f3 com la que estem vivint, agreujada per la pand\u00e8mia de la COVID-19: falta d&#8217;ingressos, precarietat laboral, precarietat habitacional, majors consums energ\u00e8tics en la llar, etc.&nbsp;<\/p>\n\n\n\n<p>Per tant, des d&#8217;Energia Justa fem algunes recomanacions:<\/p>\n\n\n\n<div style=\"height:25px\" aria-hidden=\"true\" class=\"wp-block-spacer\"><\/div>\n\n\n\n<ol class=\"wp-block-list\"><li><strong>1) <strong>Quina tarifa tenim contractada?<\/strong> <\/strong>Si al revisar una factura el\u00e8ctrica, la tarifa contractada \u00e9s PVPC (Preu Voluntari a l&#8217;Petit Consumidor), estem en mercat regulat. Recomanem NO canviar-la, tot i que les ofertes comercials poguessin semblar molt atractives. Si no es troba la tarifa en la factura, \u00e9s molt probable que estiguem en mercat lliure.<br><\/li><li><strong><strong>Estem en mercat lliure, qu\u00e8 fem?<\/strong> <\/strong>Si la nostra tarifa t\u00e9 qualsevol altre nom diferent al del punt anterior, llavors estem en mercat lliure. Suggerim canviar a <strong>mercat regulat<\/strong>, contactant amb alguna de les comercialitzadores de refer\u00e8ncia que es poden consultar en aquest <a rel=\"noreferrer noopener\" href=\"https:\/\/sede.cnmc.gob.es\/listado\/censo\/10\" target=\"_blank\">cens<\/a>.<br>A m\u00e9s de ser una tarifa m\u00e9s econ\u00f2mica en el llarg termini, la tarifa regulada proporciona una major protecci\u00f3 davant impagaments o avisos de tall.<br><\/li><li><strong><strong>Em puc acollir el bo social? <\/strong><\/strong>El bo social vol ajudar les persones en situaci\u00f3 de vulnerabilitat i podria significar un descompte sobre la factura el\u00e8ctrica del 25% o m\u00e9s. Hi ha diversos els criteris per accedir al bo social, com ara rendes baixes, fam\u00edlia nombrosa, pensions m\u00ednimes, entre d&#8217;altres. A causa de la situaci\u00f3 actual, el bo social s&#8217;ha est\u00e8s a altres col\u00b7lectius que tamb\u00e9 estan patint els efectes de la pand\u00e8mia, com aut\u00f2noms que hagin vist redu\u00efts els seus ingressos, persones en atur o en ERTO, entre d&#8217;altres. En cas de complir els requisits per sol\u00b7licitar el bo social, es pot tramitar amb les comercialitzadores esmentades anteriorment. Per a m\u00e9s informaci\u00f3 visita la p\u00e0gina:  <a rel=\"noreferrer noopener\" href=\"https:\/\/www.bonosocial.gob.es\" target=\"_blank\">https:\/\/www.bonosocial.gob.es<\/a><\/li><\/ol>\n\n\n\n<p><br>Des d&#8217;Energia Justa fem una crida a les persones consumidores per tal que revisin els les seves condicions de contractaci\u00f3 d&#8217;electricitat i els descomptes als quals poden acollir-se abans de fer canvis. <\/p>\n\n\n\n<p>El projecte <a href=\"https:\/\/energiajusta.org\/ca\/\" target=\"_blank\" rel=\"noreferrer noopener\">Energia Justa<\/a> a Catalunya est\u00e0 finan\u00e7at per la <a href=\"http:\/\/web.gencat.cat\/ca\/inici\" target=\"_blank\" rel=\"noreferrer noopener\">Generalitat de Catalunya<\/a>, la <a href=\"https:\/\/www.diba.cat\/es\/inici\" target=\"_blank\" rel=\"noreferrer noopener\">Diputaci\u00f3<\/a> i l&#8217;<a href=\"https:\/\/ajuntament.barcelona.cat\/ca\/\" target=\"_blank\" rel=\"noreferrer noopener\">Ajuntament de Barcelona<\/a>, i ha rebut premis o ajudes puntuals d&#8217;altres entitats com <a href=\"https:\/\/www.somenergia.coop\/\" target=\"_blank\" rel=\"noreferrer noopener\">Som Energia<\/a>, la <a href=\"https:\/\/barcelonaencomu.cat\/ca\/node\/3100\" target=\"_blank\" rel=\"noreferrer noopener\">Filadora <\/a>y el <a href=\"https:\/\/clusterenergia.cat\/\" target=\"_blank\" rel=\"noreferrer noopener\">Cluster de l\u2019Energia Eficient de Catalunya (Ceec)<\/a>. A la <a href=\"https:\/\/www.comunidad.madrid\/\" target=\"_blank\" rel=\"noreferrer noopener\">Comunitat de Madrid <\/a>el programa est\u00e0 finan\u00e7at per <a href=\"https:\/\/www.fundacionmontemadrid.es\/\" target=\"_blank\" rel=\"noreferrer noopener\">Fundaci\u00f3 Montemadrid<\/a> i <a href=\"https:\/\/www.caixabank.es\/\" target=\"_blank\" rel=\"noreferrer noopener\">Bankia<\/a>.<\/p>\n\n\n\n<p>Podeu contactar amb <a rel=\"noreferrer noopener\" href=\"https:\/\/energiajusta.org\/ca\/filomena-y-la-desinformacion-sobre-las-tarifas-electricas\/\" target=\"_blank\">Energia Justa<\/a> escrivint a <a href=\"mailto:energiajusta@abd-ong.org\">energiajusta@abd-ong.org<\/a> o a trav\u00e9s de twitter @Energia_Justa.<\/p>\n","protected":false},"excerpt":{"rendered":"<p>Des d&#8217;Energia Justa volem evitar que s&#8217;utilitzi el context actual per induir a la contractaci\u00f3 de tarifes del mercat lliure La borrasca Filomena ha sumit en el caos a la&hellip;<\/p>\n","protected":false},"author":9,"featured_media":18660,"comment_status":"closed","ping_status":"closed","sticky":false,"template":"","format":"standard","meta":{"_acf_changed":false,"footnotes":""},"categories":[1299,2332],"tags":[2005,1913,2524,268,2421,2154,2151,2153,2152],"class_list":["post-18663","post","type-post","status-publish","format-standard","has-post-thumbnail","hentry","category-desigualtat","category-sostenibilitat-ca","tag-bo-social","tag-electricitat","tag-electricitat-ca","tag-energia-justa","tag-energia-justa-ca","tag-filomena-2","tag-fred","tag-mercat-lliure","tag-mercat-regulat"],"acf":[],"yoast_head":"<!-- This site is optimized with the Yoast SEO plugin v27.4 - https:\/\/yoast.com\/product\/yoast-seo-wordpress\/ -->\n<title>Filomena i la desinformaci\u00f3 sobre les tarifes el\u00e8ctriques - ABD<\/title>\n<meta name=\"description\" content=\"Des d&#039;Energia Justa volem evitar que s&#039;utilitzi el context actual per induir a la contractaci\u00f3 de tarifes del mercat lliure La borrasca Filomena ha sumit\" \/>\n<meta name=\"robots\" content=\"index, follow, max-snippet:-1, max-image-preview:large, max-video-preview:-1\" \/>\n<link rel=\"canonical\" href=\"https:\/\/abd.ong\/ca\/desigualtat\/filomena-i-la-desinformacio-sobre-les-tarifes-electriques\/\" \/>\n<meta property=\"og:locale\" content=\"ca_ES\" \/>\n<meta property=\"og:type\" content=\"article\" \/>\n<meta property=\"og:title\" content=\"Filomena i la desinformaci\u00f3 sobre les tarifes el\u00e8ctriques - ABD\" \/>\n<meta property=\"og:description\" content=\"Des d&#039;Energia Justa volem evitar que s&#039;utilitzi el context actual per induir a la contractaci\u00f3 de tarifes del mercat lliure La borrasca Filomena ha sumit\" \/>\n<meta property=\"og:url\" content=\"https:\/\/abd.ong\/ca\/desigualtat\/filomena-i-la-desinformacio-sobre-les-tarifes-electriques\/\" \/>\n<meta property=\"og:site_name\" content=\"ABD\" \/>\n<meta property=\"article:publisher\" content=\"https:\/\/www.facebook.com\/abd.ong\" \/>\n<meta property=\"article:published_time\" content=\"2021-01-14T10:36:31+00:00\" \/>\n<meta property=\"article:modified_time\" content=\"2022-01-10T11:22:41+00:00\" \/>\n<meta property=\"og:image\" content=\"https:\/\/abd.ong\/wp-content\/uploads\/2021\/01\/Factura.jpg\" \/>\n\t<meta property=\"og:image:width\" content=\"1610\" \/>\n\t<meta property=\"og:image:height\" content=\"1024\" \/>\n\t<meta property=\"og:image:type\" content=\"image\/jpeg\" \/>\n<meta name=\"author\" content=\"Maria Creixell\" \/>\n<meta name=\"twitter:card\" content=\"summary_large_image\" \/>\n<meta name=\"twitter:creator\" content=\"@abd_ong\" \/>\n<meta name=\"twitter:site\" content=\"@abd_ong\" \/>\n<meta name=\"twitter:label1\" content=\"Escrit per\" \/>\n\t<meta name=\"twitter:data1\" content=\"Maria Creixell\" \/>\n\t<meta name=\"twitter:label2\" content=\"Temps estimat de lectura\" \/>\n\t<meta name=\"twitter:data2\" content=\"4 minuts\" \/>\n<script type=\"application\/ld+json\" class=\"yoast-schema-graph\">{\"@context\":\"https:\\\/\\\/schema.org\",\"@graph\":[{\"@type\":\"Article\",\"@id\":\"https:\\\/\\\/abd.ong\\\/ca\\\/desigualtat\\\/filomena-i-la-desinformacio-sobre-les-tarifes-electriques\\\/#article\",\"isPartOf\":{\"@id\":\"https:\\\/\\\/abd.ong\\\/ca\\\/desigualtat\\\/filomena-i-la-desinformacio-sobre-les-tarifes-electriques\\\/\"},\"author\":{\"name\":\"Maria Creixell\",\"@id\":\"https:\\\/\\\/abd.ong\\\/ca\\\/#\\\/schema\\\/person\\\/d2e158b4173f683b3898e286f5b35a10\"},\"headline\":\"Filomena i la desinformaci\u00f3 sobre les tarifes el\u00e8ctriques\",\"datePublished\":\"2021-01-14T10:36:31+00:00\",\"dateModified\":\"2022-01-10T11:22:41+00:00\",\"mainEntityOfPage\":{\"@id\":\"https:\\\/\\\/abd.ong\\\/ca\\\/desigualtat\\\/filomena-i-la-desinformacio-sobre-les-tarifes-electriques\\\/\"},\"wordCount\":940,\"publisher\":{\"@id\":\"https:\\\/\\\/abd.ong\\\/ca\\\/#organization\"},\"image\":{\"@id\":\"https:\\\/\\\/abd.ong\\\/ca\\\/desigualtat\\\/filomena-i-la-desinformacio-sobre-les-tarifes-electriques\\\/#primaryimage\"},\"thumbnailUrl\":\"https:\\\/\\\/abd.ong\\\/wp-content\\\/uploads\\\/2021\\\/01\\\/Factura.jpg\",\"keywords\":[\"bo social\",\"electricitat\",\"electricitat\",\"Energia Justa\",\"energia justa\",\"filomena\",\"fred\",\"mercat lliure\",\"mercat regulat\"],\"articleSection\":[\"Desigualtat\",\"Sostenibilitat\"],\"inLanguage\":\"ca\"},{\"@type\":\"WebPage\",\"@id\":\"https:\\\/\\\/abd.ong\\\/ca\\\/desigualtat\\\/filomena-i-la-desinformacio-sobre-les-tarifes-electriques\\\/\",\"url\":\"https:\\\/\\\/abd.ong\\\/ca\\\/desigualtat\\\/filomena-i-la-desinformacio-sobre-les-tarifes-electriques\\\/\",\"name\":\"Filomena i la desinformaci\u00f3 sobre les tarifes el\u00e8ctriques - ABD\",\"isPartOf\":{\"@id\":\"https:\\\/\\\/abd.ong\\\/ca\\\/#website\"},\"primaryImageOfPage\":{\"@id\":\"https:\\\/\\\/abd.ong\\\/ca\\\/desigualtat\\\/filomena-i-la-desinformacio-sobre-les-tarifes-electriques\\\/#primaryimage\"},\"image\":{\"@id\":\"https:\\\/\\\/abd.ong\\\/ca\\\/desigualtat\\\/filomena-i-la-desinformacio-sobre-les-tarifes-electriques\\\/#primaryimage\"},\"thumbnailUrl\":\"https:\\\/\\\/abd.ong\\\/wp-content\\\/uploads\\\/2021\\\/01\\\/Factura.jpg\",\"datePublished\":\"2021-01-14T10:36:31+00:00\",\"dateModified\":\"2022-01-10T11:22:41+00:00\",\"description\":\"Des d'Energia Justa volem evitar que s'utilitzi el context actual per induir a la contractaci\u00f3 de tarifes del mercat lliure La borrasca Filomena ha sumit\",\"breadcrumb\":{\"@id\":\"https:\\\/\\\/abd.ong\\\/ca\\\/desigualtat\\\/filomena-i-la-desinformacio-sobre-les-tarifes-electriques\\\/#breadcrumb\"},\"inLanguage\":\"ca\",\"potentialAction\":[{\"@type\":\"ReadAction\",\"target\":[\"https:\\\/\\\/abd.ong\\\/ca\\\/desigualtat\\\/filomena-i-la-desinformacio-sobre-les-tarifes-electriques\\\/\"]}]},{\"@type\":\"ImageObject\",\"inLanguage\":\"ca\",\"@id\":\"https:\\\/\\\/abd.ong\\\/ca\\\/desigualtat\\\/filomena-i-la-desinformacio-sobre-les-tarifes-electriques\\\/#primaryimage\",\"url\":\"https:\\\/\\\/abd.ong\\\/wp-content\\\/uploads\\\/2021\\\/01\\\/Factura.jpg\",\"contentUrl\":\"https:\\\/\\\/abd.ong\\\/wp-content\\\/uploads\\\/2021\\\/01\\\/Factura.jpg\",\"width\":1610,\"height\":1024},{\"@type\":\"BreadcrumbList\",\"@id\":\"https:\\\/\\\/abd.ong\\\/ca\\\/desigualtat\\\/filomena-i-la-desinformacio-sobre-les-tarifes-electriques\\\/#breadcrumb\",\"itemListElement\":[{\"@type\":\"ListItem\",\"position\":1,\"name\":\"Inici\",\"item\":\"https:\\\/\\\/abd.ong\\\/ca\\\/\"},{\"@type\":\"ListItem\",\"position\":2,\"name\":\"Filomena i la desinformaci\u00f3 sobre les tarifes el\u00e8ctriques\"}]},{\"@type\":\"WebSite\",\"@id\":\"https:\\\/\\\/abd.ong\\\/ca\\\/#website\",\"url\":\"https:\\\/\\\/abd.ong\\\/ca\\\/\",\"name\":\"ABD\",\"description\":\"Asociaci\u00f3n Bienestar y Desarrollo\",\"publisher\":{\"@id\":\"https:\\\/\\\/abd.ong\\\/ca\\\/#organization\"},\"potentialAction\":[{\"@type\":\"SearchAction\",\"target\":{\"@type\":\"EntryPoint\",\"urlTemplate\":\"https:\\\/\\\/abd.ong\\\/ca\\\/?s={search_term_string}\"},\"query-input\":{\"@type\":\"PropertyValueSpecification\",\"valueRequired\":true,\"valueName\":\"search_term_string\"}}],\"inLanguage\":\"ca\"},{\"@type\":\"Organization\",\"@id\":\"https:\\\/\\\/abd.ong\\\/ca\\\/#organization\",\"name\":\"Associaci\u00f3 Benestar i Desenvolupament\",\"alternateName\":\"ABD\",\"url\":\"https:\\\/\\\/abd.ong\\\/ca\\\/\",\"logo\":{\"@type\":\"ImageObject\",\"inLanguage\":\"ca\",\"@id\":\"https:\\\/\\\/abd.ong\\\/ca\\\/#\\\/schema\\\/logo\\\/image\\\/\",\"url\":\"https:\\\/\\\/abd.ong\\\/wp-content\\\/uploads\\\/2023\\\/01\\\/Icona.png\",\"contentUrl\":\"https:\\\/\\\/abd.ong\\\/wp-content\\\/uploads\\\/2023\\\/01\\\/Icona.png\",\"width\":190,\"height\":187,\"caption\":\"Associaci\u00f3 Benestar i Desenvolupament\"},\"image\":{\"@id\":\"https:\\\/\\\/abd.ong\\\/ca\\\/#\\\/schema\\\/logo\\\/image\\\/\"},\"sameAs\":[\"https:\\\/\\\/www.facebook.com\\\/abd.ong\",\"https:\\\/\\\/x.com\\\/abd_ong\",\"https:\\\/\\\/www.instagram.com\\\/abd_ong\\\/\",\"https:\\\/\\\/www.linkedin.com\\\/company\\\/abdong\",\"https:\\\/\\\/www.youtube.com\\\/user\\\/CANALABD\"]},{\"@type\":\"Person\",\"@id\":\"https:\\\/\\\/abd.ong\\\/ca\\\/#\\\/schema\\\/person\\\/d2e158b4173f683b3898e286f5b35a10\",\"name\":\"Maria Creixell\"}]}<\/script>\n<!-- \/ Yoast SEO plugin. -->","yoast_head_json":{"title":"Filomena i la desinformaci\u00f3 sobre les tarifes el\u00e8ctriques - ABD","description":"Des d'Energia Justa volem evitar que s'utilitzi el context actual per induir a la contractaci\u00f3 de tarifes del mercat lliure La borrasca Filomena ha sumit","robots":{"index":"index","follow":"follow","max-snippet":"max-snippet:-1","max-image-preview":"max-image-preview:large","max-video-preview":"max-video-preview:-1"},"canonical":"https:\/\/abd.ong\/ca\/desigualtat\/filomena-i-la-desinformacio-sobre-les-tarifes-electriques\/","og_locale":"ca_ES","og_type":"article","og_title":"Filomena i la desinformaci\u00f3 sobre les tarifes el\u00e8ctriques - ABD","og_description":"Des d'Energia Justa volem evitar que s'utilitzi el context actual per induir a la contractaci\u00f3 de tarifes del mercat lliure La borrasca Filomena ha sumit","og_url":"https:\/\/abd.ong\/ca\/desigualtat\/filomena-i-la-desinformacio-sobre-les-tarifes-electriques\/","og_site_name":"ABD","article_publisher":"https:\/\/www.facebook.com\/abd.ong","article_published_time":"2021-01-14T10:36:31+00:00","article_modified_time":"2022-01-10T11:22:41+00:00","og_image":[{"width":1610,"height":1024,"url":"https:\/\/abd.ong\/wp-content\/uploads\/2021\/01\/Factura.jpg","type":"image\/jpeg"}],"author":"Maria Creixell","twitter_card":"summary_large_image","twitter_creator":"@abd_ong","twitter_site":"@abd_ong","twitter_misc":{"Escrit per":"Maria Creixell","Temps estimat de lectura":"4 minuts"},"schema":{"@context":"https:\/\/schema.org","@graph":[{"@type":"Article","@id":"https:\/\/abd.ong\/ca\/desigualtat\/filomena-i-la-desinformacio-sobre-les-tarifes-electriques\/#article","isPartOf":{"@id":"https:\/\/abd.ong\/ca\/desigualtat\/filomena-i-la-desinformacio-sobre-les-tarifes-electriques\/"},"author":{"name":"Maria Creixell","@id":"https:\/\/abd.ong\/ca\/#\/schema\/person\/d2e158b4173f683b3898e286f5b35a10"},"headline":"Filomena i la desinformaci\u00f3 sobre les tarifes el\u00e8ctriques","datePublished":"2021-01-14T10:36:31+00:00","dateModified":"2022-01-10T11:22:41+00:00","mainEntityOfPage":{"@id":"https:\/\/abd.ong\/ca\/desigualtat\/filomena-i-la-desinformacio-sobre-les-tarifes-electriques\/"},"wordCount":940,"publisher":{"@id":"https:\/\/abd.ong\/ca\/#organization"},"image":{"@id":"https:\/\/abd.ong\/ca\/desigualtat\/filomena-i-la-desinformacio-sobre-les-tarifes-electriques\/#primaryimage"},"thumbnailUrl":"https:\/\/abd.ong\/wp-content\/uploads\/2021\/01\/Factura.jpg","keywords":["bo social","electricitat","electricitat","Energia Justa","energia justa","filomena","fred","mercat lliure","mercat regulat"],"articleSection":["Desigualtat","Sostenibilitat"],"inLanguage":"ca"},{"@type":"WebPage","@id":"https:\/\/abd.ong\/ca\/desigualtat\/filomena-i-la-desinformacio-sobre-les-tarifes-electriques\/","url":"https:\/\/abd.ong\/ca\/desigualtat\/filomena-i-la-desinformacio-sobre-les-tarifes-electriques\/","name":"Filomena i la desinformaci\u00f3 sobre les tarifes el\u00e8ctriques - ABD","isPartOf":{"@id":"https:\/\/abd.ong\/ca\/#website"},"primaryImageOfPage":{"@id":"https:\/\/abd.ong\/ca\/desigualtat\/filomena-i-la-desinformacio-sobre-les-tarifes-electriques\/#primaryimage"},"image":{"@id":"https:\/\/abd.ong\/ca\/desigualtat\/filomena-i-la-desinformacio-sobre-les-tarifes-electriques\/#primaryimage"},"thumbnailUrl":"https:\/\/abd.ong\/wp-content\/uploads\/2021\/01\/Factura.jpg","datePublished":"2021-01-14T10:36:31+00:00","dateModified":"2022-01-10T11:22:41+00:00","description":"Des d'Energia Justa volem evitar que s'utilitzi el context actual per induir a la contractaci\u00f3 de tarifes del mercat lliure La borrasca Filomena ha sumit","breadcrumb":{"@id":"https:\/\/abd.ong\/ca\/desigualtat\/filomena-i-la-desinformacio-sobre-les-tarifes-electriques\/#breadcrumb"},"inLanguage":"ca","potentialAction":[{"@type":"ReadAction","target":["https:\/\/abd.ong\/ca\/desigualtat\/filomena-i-la-desinformacio-sobre-les-tarifes-electriques\/"]}]},{"@type":"ImageObject","inLanguage":"ca","@id":"https:\/\/abd.ong\/ca\/desigualtat\/filomena-i-la-desinformacio-sobre-les-tarifes-electriques\/#primaryimage","url":"https:\/\/abd.ong\/wp-content\/uploads\/2021\/01\/Factura.jpg","contentUrl":"https:\/\/abd.ong\/wp-content\/uploads\/2021\/01\/Factura.jpg","width":1610,"height":1024},{"@type":"BreadcrumbList","@id":"https:\/\/abd.ong\/ca\/desigualtat\/filomena-i-la-desinformacio-sobre-les-tarifes-electriques\/#breadcrumb","itemListElement":[{"@type":"ListItem","position":1,"name":"Inici","item":"https:\/\/abd.ong\/ca\/"},{"@type":"ListItem","position":2,"name":"Filomena i la desinformaci\u00f3 sobre les tarifes el\u00e8ctriques"}]},{"@type":"WebSite","@id":"https:\/\/abd.ong\/ca\/#website","url":"https:\/\/abd.ong\/ca\/","name":"ABD","description":"Asociaci\u00f3n Bienestar y Desarrollo","publisher":{"@id":"https:\/\/abd.ong\/ca\/#organization"},"potentialAction":[{"@type":"SearchAction","target":{"@type":"EntryPoint","urlTemplate":"https:\/\/abd.ong\/ca\/?s={search_term_string}"},"query-input":{"@type":"PropertyValueSpecification","valueRequired":true,"valueName":"search_term_string"}}],"inLanguage":"ca"},{"@type":"Organization","@id":"https:\/\/abd.ong\/ca\/#organization","name":"Associaci\u00f3 Benestar i Desenvolupament","alternateName":"ABD","url":"https:\/\/abd.ong\/ca\/","logo":{"@type":"ImageObject","inLanguage":"ca","@id":"https:\/\/abd.ong\/ca\/#\/schema\/logo\/image\/","url":"https:\/\/abd.ong\/wp-content\/uploads\/2023\/01\/Icona.png","contentUrl":"https:\/\/abd.ong\/wp-content\/uploads\/2023\/01\/Icona.png","width":190,"height":187,"caption":"Associaci\u00f3 Benestar i Desenvolupament"},"image":{"@id":"https:\/\/abd.ong\/ca\/#\/schema\/logo\/image\/"},"sameAs":["https:\/\/www.facebook.com\/abd.ong","https:\/\/x.com\/abd_ong","https:\/\/www.instagram.com\/abd_ong\/","https:\/\/www.linkedin.com\/company\/abdong","https:\/\/www.youtube.com\/user\/CANALABD"]},{"@type":"Person","@id":"https:\/\/abd.ong\/ca\/#\/schema\/person\/d2e158b4173f683b3898e286f5b35a10","name":"Maria Creixell"}]}},"_links":{"self":[{"href":"https:\/\/abd.ong\/ca\/wp-json\/wp\/v2\/posts\/18663","targetHints":{"allow":["GET"]}}],"collection":[{"href":"https:\/\/abd.ong\/ca\/wp-json\/wp\/v2\/posts"}],"about":[{"href":"https:\/\/abd.ong\/ca\/wp-json\/wp\/v2\/types\/post"}],"author":[{"embeddable":true,"href":"https:\/\/abd.ong\/ca\/wp-json\/wp\/v2\/users\/9"}],"replies":[{"embeddable":true,"href":"https:\/\/abd.ong\/ca\/wp-json\/wp\/v2\/comments?post=18663"}],"version-history":[{"count":3,"href":"https:\/\/abd.ong\/ca\/wp-json\/wp\/v2\/posts\/18663\/revisions"}],"predecessor-version":[{"id":28954,"href":"https:\/\/abd.ong\/ca\/wp-json\/wp\/v2\/posts\/18663\/revisions\/28954"}],"wp:featuredmedia":[{"embeddable":true,"href":"https:\/\/abd.ong\/ca\/wp-json\/wp\/v2\/media\/18660"}],"wp:attachment":[{"href":"https:\/\/abd.ong\/ca\/wp-json\/wp\/v2\/media?parent=18663"}],"wp:term":[{"taxonomy":"category","embeddable":true,"href":"https:\/\/abd.ong\/ca\/wp-json\/wp\/v2\/categories?post=18663"},{"taxonomy":"post_tag","embeddable":true,"href":"https:\/\/abd.ong\/ca\/wp-json\/wp\/v2\/tags?post=18663"}],"curies":[{"name":"wp","href":"https:\/\/api.w.org\/{rel}","templated":true}]}}