{"id":18598,"date":"2021-01-13T13:04:19","date_gmt":"2021-01-13T12:04:19","guid":{"rendered":"https:\/\/abd.ong\/?p=18598"},"modified":"2021-02-17T19:07:37","modified_gmt":"2021-02-17T18:07:37","slug":"coneixes-lespai-de-cures-collectives-dabd","status":"publish","type":"post","link":"https:\/\/abd.ong\/ca\/infancia-i-familia\/coneixes-lespai-de-cures-collectives-dabd\/","title":{"rendered":"Coneixes l&#8217;espai de cures col\u00b7lectives d&#8217;ABD?"},"content":{"rendered":"\n<h4 class=\"wp-block-heading\"><strong><em>Un grup de trobada, obert i gratu\u00eft, on poder compartir com ens sentim i con\u00e8ixer altres experi\u00e8ncies i formes de fer<\/em><\/strong><\/h4>\n\n\n\n<div style=\"height:28px\" aria-hidden=\"true\" class=\"wp-block-spacer\"><\/div>\n\n\n\n<h4 class=\"wp-block-heading\"><strong><em>Aquesta iniciativa t\u00e9 un impacte molt positiu en la salut i en el benestar de les persones participants<\/em><\/strong><\/h4>\n\n\n\n<div style=\"height:32px\" aria-hidden=\"true\" class=\"wp-block-spacer\"><\/div>\n\n\n\n<p>A conseq\u00fc\u00e8ncia de la Covid-19, des de l&#8217;<a rel=\"noreferrer noopener\" href=\"https:\/\/abd.ong\/ca\/\" target=\"_blank\">Associaci\u00f3 Benestar i Desenvolupament ABD<\/a>, i en col\u00b7laboraci\u00f3 amb el <a rel=\"noreferrer noopener\" href=\"https:\/\/www.cti-udac.com\/\" target=\"_blank\">Centre de Ter\u00e0pia Interfamiliar CTI<\/a>, impulsem un <strong>espai de trobada<\/strong> i relaci\u00f3 en format ONLINE.&nbsp;<\/p>\n\n\n\n<p>Des del mar\u00e7 del 2020 hem pogut comprovar l&#8217;impacte positiu que est\u00e0 tenint en els i les participants. Poder compartir situacions com la p\u00e8rdua de persones estimades, conflictes familiars, situacions d&#8217;atur, tancament d&#8217;empreses, consum de f\u00e0rmacs i drogues, separacions, divorcis, intents de su\u00efcidi\u2026 i comprovar que la mateixa angoixa, la por, l&#8217;estr\u00e8s o l&#8217;ansietat, aquesta tristesa o aquesta rabia \u00e9s viscuda tamb\u00e9 per altres persones, que es posen al lloc de l&#8217;altre, que entenen i escolten i fa que les persones se sentin millor, menys soles i m\u00e9s acompanyades.<\/p>\n\n\n\n<h4 class=\"wp-block-heading\"><strong>Qui pot participar?<\/strong><\/h4>\n\n\n\n<p>Qualsevol persona o fam\u00edlia que estigui travessant alguna situaci\u00f3 de dificultat o malestar. \u00c9s un grup obert per persones de totes les edats, caracter\u00edstiques socioculturals, inquietuds, professions\u2026&nbsp;<\/p>\n\n\n\n<h4 class=\"wp-block-heading\">Quan es realitza i com funciona?<\/h4>\n\n\n\n<p>El grup es troba tots els <strong>DIMECRES <\/strong>a les <strong>20:00 HORES<\/strong>.<\/p>\n\n\n\n<p>Es realitza a trav\u00e9s de ZOOM (una eina online per fer reunions i videotrucades en grup) i es pot participar a trav\u00e9s del m\u00f2bil, la tauleta o l&#8217;ordinador.<\/p>\n\n\n\n<p>Per inscriure&#8217;s \u00e9s necess\u00e0ri enviar un email a <strong><a href=\"mailto:grupomultifamiliar@abd-ong.org\">grupomultifamiliar@abd-ong.org<\/a><\/strong><\/p>\n\n\n\n<h4 class=\"wp-block-heading\">Hi ha requisits?<\/h4>\n\n\n\n<p>L&#8217;\u00fanic requisit \u00e9s la confidencialitat. \u00c9s important assegurar la intimitat de tots\/es.<\/p>\n\n\n\n<p>Per a m\u00e9s informaci\u00f3 contacta per tel\u00e8fon al <strong>674033026\/ 932890530<\/strong> o per email a <a href=\"mailto:grupomultifamiliar@abd-ong.org\"><strong>grupomultifamiliar@abd-ong.org<\/strong><\/a><\/p>\n","protected":false},"excerpt":{"rendered":"<p>Un grup de trobada, obert i gratu\u00eft, on poder compartir com ens sentim i con\u00e8ixer altres experi\u00e8ncies i formes de fer Aquesta iniciativa t\u00e9 un impacte molt positiu en la&hellip;<\/p>\n","protected":false},"author":9,"featured_media":18611,"comment_status":"closed","ping_status":"closed","sticky":false,"template":"","format":"standard","meta":{"_acf_changed":false,"footnotes":""},"categories":[1303],"tags":[2012,2145,2142,2144,2143],"class_list":["post-18598","post","type-post","status-publish","format-standard","has-post-thumbnail","hentry","category-infancia-i-familia","tag-emocions","tag-espai-de-trobada","tag-grup-multifamiliar","tag-malestar-2","tag-suport-mutu"],"acf":[],"yoast_head":"<!-- This site is optimized with the Yoast SEO plugin v27.4 - https:\/\/yoast.com\/product\/yoast-seo-wordpress\/ -->\n<title>Coneixes l&#039;espai de cures col\u00b7lectives d&#039;ABD? - ABD<\/title>\n<meta name=\"description\" content=\"Un grup de trobada, obert i gratu\u00eft, on poder compartir com ens sentim i con\u00e8ixer altres experi\u00e8ncies i formes de fer Aquesta iniciativa t\u00e9 un impacte\" \/>\n<meta name=\"robots\" content=\"index, follow, max-snippet:-1, max-image-preview:large, max-video-preview:-1\" \/>\n<link rel=\"canonical\" href=\"https:\/\/abd.ong\/ca\/infancia-i-familia\/coneixes-lespai-de-cures-collectives-dabd\/\" \/>\n<meta property=\"og:locale\" content=\"ca_ES\" \/>\n<meta property=\"og:type\" content=\"article\" \/>\n<meta property=\"og:title\" content=\"Coneixes l&#039;espai de cures col\u00b7lectives d&#039;ABD? - ABD\" \/>\n<meta property=\"og:description\" content=\"Un grup de trobada, obert i gratu\u00eft, on poder compartir com ens sentim i con\u00e8ixer altres experi\u00e8ncies i formes de fer Aquesta iniciativa t\u00e9 un impacte\" \/>\n<meta property=\"og:url\" content=\"https:\/\/abd.ong\/ca\/infancia-i-familia\/coneixes-lespai-de-cures-collectives-dabd\/\" \/>\n<meta property=\"og:site_name\" content=\"ABD\" \/>\n<meta property=\"article:publisher\" content=\"https:\/\/www.facebook.com\/abd.ong\" \/>\n<meta property=\"article:published_time\" content=\"2021-01-13T12:04:19+00:00\" \/>\n<meta property=\"article:modified_time\" content=\"2021-02-17T18:07:37+00:00\" \/>\n<meta property=\"og:image\" content=\"https:\/\/abd.ong\/wp-content\/uploads\/2021\/01\/Copia-de-Grupos-multifamiliares-1.png\" \/>\n\t<meta property=\"og:image:width\" content=\"1640\" \/>\n\t<meta property=\"og:image:height\" content=\"924\" \/>\n\t<meta property=\"og:image:type\" content=\"image\/png\" \/>\n<meta name=\"author\" content=\"Maria Creixell\" \/>\n<meta name=\"twitter:card\" content=\"summary_large_image\" \/>\n<meta name=\"twitter:creator\" content=\"@abd_ong\" \/>\n<meta name=\"twitter:site\" content=\"@abd_ong\" \/>\n<meta name=\"twitter:label1\" content=\"Escrit per\" \/>\n\t<meta name=\"twitter:data1\" content=\"Maria Creixell\" \/>\n\t<meta name=\"twitter:label2\" content=\"Temps estimat de lectura\" \/>\n\t<meta name=\"twitter:data2\" content=\"1 minut\" \/>\n<script type=\"application\/ld+json\" class=\"yoast-schema-graph\">{\"@context\":\"https:\\\/\\\/schema.org\",\"@graph\":[{\"@type\":\"Article\",\"@id\":\"https:\\\/\\\/abd.ong\\\/ca\\\/infancia-i-familia\\\/coneixes-lespai-de-cures-collectives-dabd\\\/#article\",\"isPartOf\":{\"@id\":\"https:\\\/\\\/abd.ong\\\/ca\\\/infancia-i-familia\\\/coneixes-lespai-de-cures-collectives-dabd\\\/\"},\"author\":{\"name\":\"Maria Creixell\",\"@id\":\"https:\\\/\\\/abd.ong\\\/ca\\\/#\\\/schema\\\/person\\\/d2e158b4173f683b3898e286f5b35a10\"},\"headline\":\"Coneixes l&#8217;espai de cures col\u00b7lectives d&#8217;ABD?\",\"datePublished\":\"2021-01-13T12:04:19+00:00\",\"dateModified\":\"2021-02-17T18:07:37+00:00\",\"mainEntityOfPage\":{\"@id\":\"https:\\\/\\\/abd.ong\\\/ca\\\/infancia-i-familia\\\/coneixes-lespai-de-cures-collectives-dabd\\\/\"},\"wordCount\":315,\"publisher\":{\"@id\":\"https:\\\/\\\/abd.ong\\\/ca\\\/#organization\"},\"image\":{\"@id\":\"https:\\\/\\\/abd.ong\\\/ca\\\/infancia-i-familia\\\/coneixes-lespai-de-cures-collectives-dabd\\\/#primaryimage\"},\"thumbnailUrl\":\"https:\\\/\\\/abd.ong\\\/wp-content\\\/uploads\\\/2021\\\/01\\\/Copia-de-Grupos-multifamiliares-1.png\",\"keywords\":[\"emocions\",\"espai de trobada\",\"grup multifamiliar\",\"malestar\",\"suport mutu\"],\"articleSection\":[\"Inf\u00e0ncia i fam\u00edlia\"],\"inLanguage\":\"ca\"},{\"@type\":\"WebPage\",\"@id\":\"https:\\\/\\\/abd.ong\\\/ca\\\/infancia-i-familia\\\/coneixes-lespai-de-cures-collectives-dabd\\\/\",\"url\":\"https:\\\/\\\/abd.ong\\\/ca\\\/infancia-i-familia\\\/coneixes-lespai-de-cures-collectives-dabd\\\/\",\"name\":\"Coneixes l'espai de cures col\u00b7lectives d'ABD? - ABD\",\"isPartOf\":{\"@id\":\"https:\\\/\\\/abd.ong\\\/ca\\\/#website\"},\"primaryImageOfPage\":{\"@id\":\"https:\\\/\\\/abd.ong\\\/ca\\\/infancia-i-familia\\\/coneixes-lespai-de-cures-collectives-dabd\\\/#primaryimage\"},\"image\":{\"@id\":\"https:\\\/\\\/abd.ong\\\/ca\\\/infancia-i-familia\\\/coneixes-lespai-de-cures-collectives-dabd\\\/#primaryimage\"},\"thumbnailUrl\":\"https:\\\/\\\/abd.ong\\\/wp-content\\\/uploads\\\/2021\\\/01\\\/Copia-de-Grupos-multifamiliares-1.png\",\"datePublished\":\"2021-01-13T12:04:19+00:00\",\"dateModified\":\"2021-02-17T18:07:37+00:00\",\"description\":\"Un grup de trobada, obert i gratu\u00eft, on poder compartir com ens sentim i con\u00e8ixer altres experi\u00e8ncies i formes de fer Aquesta iniciativa t\u00e9 un impacte\",\"breadcrumb\":{\"@id\":\"https:\\\/\\\/abd.ong\\\/ca\\\/infancia-i-familia\\\/coneixes-lespai-de-cures-collectives-dabd\\\/#breadcrumb\"},\"inLanguage\":\"ca\",\"potentialAction\":[{\"@type\":\"ReadAction\",\"target\":[\"https:\\\/\\\/abd.ong\\\/ca\\\/infancia-i-familia\\\/coneixes-lespai-de-cures-collectives-dabd\\\/\"]}]},{\"@type\":\"ImageObject\",\"inLanguage\":\"ca\",\"@id\":\"https:\\\/\\\/abd.ong\\\/ca\\\/infancia-i-familia\\\/coneixes-lespai-de-cures-collectives-dabd\\\/#primaryimage\",\"url\":\"https:\\\/\\\/abd.ong\\\/wp-content\\\/uploads\\\/2021\\\/01\\\/Copia-de-Grupos-multifamiliares-1.png\",\"contentUrl\":\"https:\\\/\\\/abd.ong\\\/wp-content\\\/uploads\\\/2021\\\/01\\\/Copia-de-Grupos-multifamiliares-1.png\",\"width\":1640,\"height\":924},{\"@type\":\"BreadcrumbList\",\"@id\":\"https:\\\/\\\/abd.ong\\\/ca\\\/infancia-i-familia\\\/coneixes-lespai-de-cures-collectives-dabd\\\/#breadcrumb\",\"itemListElement\":[{\"@type\":\"ListItem\",\"position\":1,\"name\":\"Inici\",\"item\":\"https:\\\/\\\/abd.ong\\\/ca\\\/\"},{\"@type\":\"ListItem\",\"position\":2,\"name\":\"Coneixes l&#8217;espai de cures col\u00b7lectives d&#8217;ABD?\"}]},{\"@type\":\"WebSite\",\"@id\":\"https:\\\/\\\/abd.ong\\\/ca\\\/#website\",\"url\":\"https:\\\/\\\/abd.ong\\\/ca\\\/\",\"name\":\"ABD\",\"description\":\"Asociaci\u00f3n Bienestar y Desarrollo\",\"publisher\":{\"@id\":\"https:\\\/\\\/abd.ong\\\/ca\\\/#organization\"},\"potentialAction\":[{\"@type\":\"SearchAction\",\"target\":{\"@type\":\"EntryPoint\",\"urlTemplate\":\"https:\\\/\\\/abd.ong\\\/ca\\\/?s={search_term_string}\"},\"query-input\":{\"@type\":\"PropertyValueSpecification\",\"valueRequired\":true,\"valueName\":\"search_term_string\"}}],\"inLanguage\":\"ca\"},{\"@type\":\"Organization\",\"@id\":\"https:\\\/\\\/abd.ong\\\/ca\\\/#organization\",\"name\":\"Associaci\u00f3 Benestar i Desenvolupament\",\"alternateName\":\"ABD\",\"url\":\"https:\\\/\\\/abd.ong\\\/ca\\\/\",\"logo\":{\"@type\":\"ImageObject\",\"inLanguage\":\"ca\",\"@id\":\"https:\\\/\\\/abd.ong\\\/ca\\\/#\\\/schema\\\/logo\\\/image\\\/\",\"url\":\"https:\\\/\\\/abd.ong\\\/wp-content\\\/uploads\\\/2023\\\/01\\\/Icona.png\",\"contentUrl\":\"https:\\\/\\\/abd.ong\\\/wp-content\\\/uploads\\\/2023\\\/01\\\/Icona.png\",\"width\":190,\"height\":187,\"caption\":\"Associaci\u00f3 Benestar i Desenvolupament\"},\"image\":{\"@id\":\"https:\\\/\\\/abd.ong\\\/ca\\\/#\\\/schema\\\/logo\\\/image\\\/\"},\"sameAs\":[\"https:\\\/\\\/www.facebook.com\\\/abd.ong\",\"https:\\\/\\\/x.com\\\/abd_ong\",\"https:\\\/\\\/www.instagram.com\\\/abd_ong\\\/\",\"https:\\\/\\\/www.linkedin.com\\\/company\\\/abdong\",\"https:\\\/\\\/www.youtube.com\\\/user\\\/CANALABD\"]},{\"@type\":\"Person\",\"@id\":\"https:\\\/\\\/abd.ong\\\/ca\\\/#\\\/schema\\\/person\\\/d2e158b4173f683b3898e286f5b35a10\",\"name\":\"Maria Creixell\"}]}<\/script>\n<!-- \/ Yoast SEO plugin. -->","yoast_head_json":{"title":"Coneixes l'espai de cures col\u00b7lectives d'ABD? - ABD","description":"Un grup de trobada, obert i gratu\u00eft, on poder compartir com ens sentim i con\u00e8ixer altres experi\u00e8ncies i formes de fer Aquesta iniciativa t\u00e9 un impacte","robots":{"index":"index","follow":"follow","max-snippet":"max-snippet:-1","max-image-preview":"max-image-preview:large","max-video-preview":"max-video-preview:-1"},"canonical":"https:\/\/abd.ong\/ca\/infancia-i-familia\/coneixes-lespai-de-cures-collectives-dabd\/","og_locale":"ca_ES","og_type":"article","og_title":"Coneixes l'espai de cures col\u00b7lectives d'ABD? - ABD","og_description":"Un grup de trobada, obert i gratu\u00eft, on poder compartir com ens sentim i con\u00e8ixer altres experi\u00e8ncies i formes de fer Aquesta iniciativa t\u00e9 un impacte","og_url":"https:\/\/abd.ong\/ca\/infancia-i-familia\/coneixes-lespai-de-cures-collectives-dabd\/","og_site_name":"ABD","article_publisher":"https:\/\/www.facebook.com\/abd.ong","article_published_time":"2021-01-13T12:04:19+00:00","article_modified_time":"2021-02-17T18:07:37+00:00","og_image":[{"width":1640,"height":924,"url":"https:\/\/abd.ong\/wp-content\/uploads\/2021\/01\/Copia-de-Grupos-multifamiliares-1.png","type":"image\/png"}],"author":"Maria Creixell","twitter_card":"summary_large_image","twitter_creator":"@abd_ong","twitter_site":"@abd_ong","twitter_misc":{"Escrit per":"Maria Creixell","Temps estimat de lectura":"1 minut"},"schema":{"@context":"https:\/\/schema.org","@graph":[{"@type":"Article","@id":"https:\/\/abd.ong\/ca\/infancia-i-familia\/coneixes-lespai-de-cures-collectives-dabd\/#article","isPartOf":{"@id":"https:\/\/abd.ong\/ca\/infancia-i-familia\/coneixes-lespai-de-cures-collectives-dabd\/"},"author":{"name":"Maria Creixell","@id":"https:\/\/abd.ong\/ca\/#\/schema\/person\/d2e158b4173f683b3898e286f5b35a10"},"headline":"Coneixes l&#8217;espai de cures col\u00b7lectives d&#8217;ABD?","datePublished":"2021-01-13T12:04:19+00:00","dateModified":"2021-02-17T18:07:37+00:00","mainEntityOfPage":{"@id":"https:\/\/abd.ong\/ca\/infancia-i-familia\/coneixes-lespai-de-cures-collectives-dabd\/"},"wordCount":315,"publisher":{"@id":"https:\/\/abd.ong\/ca\/#organization"},"image":{"@id":"https:\/\/abd.ong\/ca\/infancia-i-familia\/coneixes-lespai-de-cures-collectives-dabd\/#primaryimage"},"thumbnailUrl":"https:\/\/abd.ong\/wp-content\/uploads\/2021\/01\/Copia-de-Grupos-multifamiliares-1.png","keywords":["emocions","espai de trobada","grup multifamiliar","malestar","suport mutu"],"articleSection":["Inf\u00e0ncia i fam\u00edlia"],"inLanguage":"ca"},{"@type":"WebPage","@id":"https:\/\/abd.ong\/ca\/infancia-i-familia\/coneixes-lespai-de-cures-collectives-dabd\/","url":"https:\/\/abd.ong\/ca\/infancia-i-familia\/coneixes-lespai-de-cures-collectives-dabd\/","name":"Coneixes l'espai de cures col\u00b7lectives d'ABD? - ABD","isPartOf":{"@id":"https:\/\/abd.ong\/ca\/#website"},"primaryImageOfPage":{"@id":"https:\/\/abd.ong\/ca\/infancia-i-familia\/coneixes-lespai-de-cures-collectives-dabd\/#primaryimage"},"image":{"@id":"https:\/\/abd.ong\/ca\/infancia-i-familia\/coneixes-lespai-de-cures-collectives-dabd\/#primaryimage"},"thumbnailUrl":"https:\/\/abd.ong\/wp-content\/uploads\/2021\/01\/Copia-de-Grupos-multifamiliares-1.png","datePublished":"2021-01-13T12:04:19+00:00","dateModified":"2021-02-17T18:07:37+00:00","description":"Un grup de trobada, obert i gratu\u00eft, on poder compartir com ens sentim i con\u00e8ixer altres experi\u00e8ncies i formes de fer Aquesta iniciativa t\u00e9 un impacte","breadcrumb":{"@id":"https:\/\/abd.ong\/ca\/infancia-i-familia\/coneixes-lespai-de-cures-collectives-dabd\/#breadcrumb"},"inLanguage":"ca","potentialAction":[{"@type":"ReadAction","target":["https:\/\/abd.ong\/ca\/infancia-i-familia\/coneixes-lespai-de-cures-collectives-dabd\/"]}]},{"@type":"ImageObject","inLanguage":"ca","@id":"https:\/\/abd.ong\/ca\/infancia-i-familia\/coneixes-lespai-de-cures-collectives-dabd\/#primaryimage","url":"https:\/\/abd.ong\/wp-content\/uploads\/2021\/01\/Copia-de-Grupos-multifamiliares-1.png","contentUrl":"https:\/\/abd.ong\/wp-content\/uploads\/2021\/01\/Copia-de-Grupos-multifamiliares-1.png","width":1640,"height":924},{"@type":"BreadcrumbList","@id":"https:\/\/abd.ong\/ca\/infancia-i-familia\/coneixes-lespai-de-cures-collectives-dabd\/#breadcrumb","itemListElement":[{"@type":"ListItem","position":1,"name":"Inici","item":"https:\/\/abd.ong\/ca\/"},{"@type":"ListItem","position":2,"name":"Coneixes l&#8217;espai de cures col\u00b7lectives d&#8217;ABD?"}]},{"@type":"WebSite","@id":"https:\/\/abd.ong\/ca\/#website","url":"https:\/\/abd.ong\/ca\/","name":"ABD","description":"Asociaci\u00f3n Bienestar y Desarrollo","publisher":{"@id":"https:\/\/abd.ong\/ca\/#organization"},"potentialAction":[{"@type":"SearchAction","target":{"@type":"EntryPoint","urlTemplate":"https:\/\/abd.ong\/ca\/?s={search_term_string}"},"query-input":{"@type":"PropertyValueSpecification","valueRequired":true,"valueName":"search_term_string"}}],"inLanguage":"ca"},{"@type":"Organization","@id":"https:\/\/abd.ong\/ca\/#organization","name":"Associaci\u00f3 Benestar i Desenvolupament","alternateName":"ABD","url":"https:\/\/abd.ong\/ca\/","logo":{"@type":"ImageObject","inLanguage":"ca","@id":"https:\/\/abd.ong\/ca\/#\/schema\/logo\/image\/","url":"https:\/\/abd.ong\/wp-content\/uploads\/2023\/01\/Icona.png","contentUrl":"https:\/\/abd.ong\/wp-content\/uploads\/2023\/01\/Icona.png","width":190,"height":187,"caption":"Associaci\u00f3 Benestar i Desenvolupament"},"image":{"@id":"https:\/\/abd.ong\/ca\/#\/schema\/logo\/image\/"},"sameAs":["https:\/\/www.facebook.com\/abd.ong","https:\/\/x.com\/abd_ong","https:\/\/www.instagram.com\/abd_ong\/","https:\/\/www.linkedin.com\/company\/abdong","https:\/\/www.youtube.com\/user\/CANALABD"]},{"@type":"Person","@id":"https:\/\/abd.ong\/ca\/#\/schema\/person\/d2e158b4173f683b3898e286f5b35a10","name":"Maria Creixell"}]}},"_links":{"self":[{"href":"https:\/\/abd.ong\/ca\/wp-json\/wp\/v2\/posts\/18598","targetHints":{"allow":["GET"]}}],"collection":[{"href":"https:\/\/abd.ong\/ca\/wp-json\/wp\/v2\/posts"}],"about":[{"href":"https:\/\/abd.ong\/ca\/wp-json\/wp\/v2\/types\/post"}],"author":[{"embeddable":true,"href":"https:\/\/abd.ong\/ca\/wp-json\/wp\/v2\/users\/9"}],"replies":[{"embeddable":true,"href":"https:\/\/abd.ong\/ca\/wp-json\/wp\/v2\/comments?post=18598"}],"version-history":[{"count":3,"href":"https:\/\/abd.ong\/ca\/wp-json\/wp\/v2\/posts\/18598\/revisions"}],"predecessor-version":[{"id":20364,"href":"https:\/\/abd.ong\/ca\/wp-json\/wp\/v2\/posts\/18598\/revisions\/20364"}],"wp:featuredmedia":[{"embeddable":true,"href":"https:\/\/abd.ong\/ca\/wp-json\/wp\/v2\/media\/18611"}],"wp:attachment":[{"href":"https:\/\/abd.ong\/ca\/wp-json\/wp\/v2\/media?parent=18598"}],"wp:term":[{"taxonomy":"category","embeddable":true,"href":"https:\/\/abd.ong\/ca\/wp-json\/wp\/v2\/categories?post=18598"},{"taxonomy":"post_tag","embeddable":true,"href":"https:\/\/abd.ong\/ca\/wp-json\/wp\/v2\/tags?post=18598"}],"curies":[{"name":"wp","href":"https:\/\/api.w.org\/{rel}","templated":true}]}}